{"id":43952,"date":"2014-01-24T11:06:00","date_gmt":"2014-01-24T16:06:00","guid":{"rendered":"http:\/\/www.fiscalia.gov.co\/colombia\/?p=43952"},"modified":"2014-02-01T21:20:23","modified_gmt":"2014-02-02T02:20:23","slug":"cargos-a-miembros-de-la-administracion-municipal-de-santa-lucia-atlantico-por-apropiacion-de-recursos-destinados-a-mitigar-ola-invernal","status":"publish","type":"post","link":"https:\/\/www.fiscalia.gov.co\/colombia\/noticias\/cargos-a-miembros-de-la-administracion-municipal-de-santa-lucia-atlantico-por-apropiacion-de-recursos-destinados-a-mitigar-ola-invernal\/","title":{"rendered":"Cargos a miembros de la Administraci\u00f3n Municipal de Santa Luc\u00eda (Atl\u00e1ntico) por apropiaci\u00f3n de recursos destinados a mitigar ola invernal"},"content":{"rendered":"<p>Por la presunta apropiaci\u00f3n de m\u00e1s de 300 millones de pesos que estaban destinados a mitigar la ola invernal en el municipio de Santa Luc\u00eda (Atl\u00e1ntico), un fiscal de la Unidad Nacional Anticorrupci\u00f3n imput\u00f3 cargos en contra del alcalde de esa poblaci\u00f3n, Teodomiro Ariza Medina.<\/p>\n<p>El mandatario local deber\u00e1 responder por los delitos de falsedad ideol\u00f3gica en documento p\u00fablico, prevaricato por acci\u00f3n y peculado por apropiaci\u00f3n; conductas que tambi\u00e9n fueron imputadas al actual secretario de planeaci\u00f3n de la Alcald\u00eda, Alexander Cort\u00e9s Polo; al auxiliar administrativo Alvis de Jes\u00fas Cano Rivera y al exalcalde Osvaldo Enrique Santana Gonz\u00e1lez.<\/p>\n<p>De acuerdo con la investigaci\u00f3n, el Gobierno Nacional destin\u00f3 $304 000 000 para los damnificados de la segunda ola invernal del a\u00f1o 2011, acaecida el 1 de septiembre y el 10 de diciembre. Los recursos estaban dirigidos a 253 beneficiarios del subsidio, sin embargo fueron cobrados por 204 personas que no resid\u00edan en el municipio, sino en Barranquilla, Sabanalarga y Malambo (Atl\u00e1ntico), e inclusive en Venezuela; que no resultaron afectados.<\/p>\n<p>La Fiscal\u00eda tambi\u00e9n determin\u00f3 las presuntas irregularidades que se presentaron, pues en las planillas de entrega de asistencia econ\u00f3mica enviadas por la Unidad Nacional para la Gesti\u00f3n del Riesgo de Desastres, en las cuales se estableci\u00f3 quienes eran los damnificados directos del municipio, se registr\u00f3 informaci\u00f3n falsa porque al parecer \u201cse entreg\u00f3 ese dinero de los auxilios, a amigos, familiares y a partidarios pol\u00edticos de la Administraci\u00f3n Municipal y otras personas que no reun\u00edan las calidades de ser damnificados de la ola invernal\u201d, se\u00f1al\u00f3 el jefe de la Unidad Anticorrupci\u00f3n, Mario Montes.<\/p>\n<p>Estas personas, que no eran damnificadas, recibieron como subsidio cada uno $1 500 000. El funcionario dijo que \u201ccomo contraprestaci\u00f3n, estos particulares deb\u00edan reintegrar la suma de $500 000 con destino, al parecer a las arcas del partido pol\u00edtico del alcalde\u201d.<\/p>\n<p>La Fiscal\u00eda solicit\u00f3 la medida de aseguramiento en centro de reclusi\u00f3n para los procesados, la cual se encuentra pendiente la decisi\u00f3n por parte del Juez Promiscuo Municipal de Santa Luc\u00eda, con funci\u00f3n de control de garant\u00edas, cuya sede est\u00e1 en el municipio de Sabanalarga.<\/p>\n<p>Por estos hechos, el pasado 16 de enero se llev\u00f3 a cabo la imputaci\u00f3n en contra del particular Rainer Vicente Ravelo Brochero, como presunto determinador de los mismos delitos, toda vez que ser\u00eda el encargado de reclutar a las personas que fungieron como damnificados. El hombre permanece con medida de aseguramiento con detenci\u00f3n domiciliaria.<\/p>\n<p>El proceso se desarrolla en el marco de los criterios de priorizaci\u00f3n y contextualizaci\u00f3n del Fiscal General de la Naci\u00f3n, por eso en la Unidad Nacional Anticorrupci\u00f3n se conform\u00f3 un grupo de fiscales y de polic\u00eda judicial para investigar lo relacionado\u00a0 con el desv\u00edo y apropiaci\u00f3n de recursos destinados a mitigar el impacto de la ola invernal.<\/p>\n\n<div class=\"twitter-share\"><a href=\"https:\/\/twitter.com\/intent\/tweet?via=fiscaliacol\" class=\"twitter-share-button\">Tweet<\/a><\/div>\n","protected":false},"excerpt":{"rendered":"<p>Por la presunta apropiaci\u00f3n de m\u00e1s de 300 millones de pesos que estaban destinados a mitigar la ola invernal en el municipio de Santa Luc\u00eda (Atl\u00e1ntico), un fiscal de la Unidad Nacional Anticorrupci\u00f3n imput\u00f3 cargos en contra del alcalde de esa poblaci\u00f3n, Teodomiro Ariza Medina. El mandatario local deber\u00e1 responder por los delitos de falsedad [&hellip;]<\/p>\n","protected":false},"author":143,"featured_media":0,"comment_status":"closed","ping_status":"open","sticky":false,"template":"","format":"standard","meta":{"_price":"","_stock":"","_tribe_ticket_header":"","_tribe_default_ticket_provider":"","_tribe_ticket_capacity":"0","_ticket_start_date":"","_ticket_end_date":"","_tribe_ticket_show_description":"","_tribe_ticket_show_not_going":false,"_tribe_ticket_use_global_stock":"","_tribe_ticket_global_stock_level":"","_global_stock_mode":"","_global_stock_cap":"","_tribe_rsvp_for_event":"","_tribe_ticket_going_count":"","_tribe_ticket_not_going_count":"","_tribe_tickets_list":"[]","_tribe_ticket_has_attendee_info_fields":false,"tdm_status":"","tdm_grid_status":"","footnotes":""},"categories":[1],"tags":[38],"class_list":{"0":"post-43952","1":"post","2":"type-post","3":"status-publish","4":"format-standard","6":"category-noticias","7":"tag-anticorrupcion"},"yoast_head":"<!-- This site is optimized with the Yoast SEO plugin v24.3 - https:\/\/yoast.com\/wordpress\/plugins\/seo\/ -->\n<title>Fiscal\u00eda General de la Naci\u00f3n<\/title>\n<meta name=\"description\" content=\"P\u00e1gina oficial de la Fiscal\u00eda General de la Naci\u00f3n \u2013 Colombia. Garantizamos el acceso efectivo a la justicia, la verdad y la reparaci\u00f3n de las v\u00edctimas de los delitos.\" \/>\n<meta name=\"robots\" content=\"noindex, follow\" \/>\n<meta property=\"og:locale\" content=\"es_ES\" \/>\n<meta property=\"og:type\" content=\"article\" \/>\n<meta property=\"og:title\" content=\"Fiscal\u00eda General de la Naci\u00f3n\" \/>\n<meta property=\"og:description\" content=\"P\u00e1gina oficial de la Fiscal\u00eda General de la Naci\u00f3n \u2013 Colombia. Garantizamos el acceso efectivo a la justicia, la verdad y la reparaci\u00f3n de las v\u00edctimas de los delitos.\" \/>\n<meta property=\"og:url\" content=\"https:\/\/www.fiscalia.gov.co\/colombia\/noticias\/cargos-a-miembros-de-la-administracion-municipal-de-santa-lucia-atlantico-por-apropiacion-de-recursos-destinados-a-mitigar-ola-invernal\/\" \/>\n<meta property=\"og:site_name\" content=\"Fiscal\u00eda General de la Naci\u00f3n\" \/>\n<meta property=\"article:publisher\" content=\"https:\/\/www.facebook.com\/FiscaliaCol\" \/>\n<meta property=\"article:published_time\" content=\"2014-01-24T16:06:00+00:00\" \/>\n<meta property=\"article:modified_time\" content=\"2014-02-02T02:20:23+00:00\" \/>\n<meta name=\"author\" content=\"dfgordillo\" \/>\n<meta name=\"twitter:card\" content=\"summary_large_image\" \/>\n<meta name=\"twitter:creator\" content=\"@FiscaliaCol\" \/>\n<meta name=\"twitter:site\" content=\"@FiscaliaCol\" \/>\n<meta name=\"twitter:label1\" content=\"Escrito por\" \/>\n\t<meta name=\"twitter:data1\" content=\"dfgordillo\" \/>\n\t<meta name=\"twitter:label2\" content=\"Tiempo de lectura\" \/>\n\t<meta name=\"twitter:data2\" content=\"2 minutos\" \/>\n<script type=\"application\/ld+json\" class=\"yoast-schema-graph\">{\"@context\":\"https:\/\/schema.org\",\"@graph\":[{\"@type\":\"Article\",\"@id\":\"https:\/\/www.fiscalia.gov.co\/colombia\/noticias\/cargos-a-miembros-de-la-administracion-municipal-de-santa-lucia-atlantico-por-apropiacion-de-recursos-destinados-a-mitigar-ola-invernal\/#article\",\"isPartOf\":{\"@id\":\"https:\/\/www.fiscalia.gov.co\/colombia\/noticias\/cargos-a-miembros-de-la-administracion-municipal-de-santa-lucia-atlantico-por-apropiacion-de-recursos-destinados-a-mitigar-ola-invernal\/\"},\"author\":{\"name\":\"dfgordillo\",\"@id\":\"https:\/\/www.fiscalia.gov.co\/colombia\/#\/schema\/person\/3903856a3ce2d54b094c69eb29247895\"},\"headline\":\"Cargos a miembros de la Administraci\u00f3n Municipal de Santa Luc\u00eda (Atl\u00e1ntico) por apropiaci\u00f3n de recursos destinados a mitigar ola invernal\",\"datePublished\":\"2014-01-24T16:06:00+00:00\",\"dateModified\":\"2014-02-02T02:20:23+00:00\",\"mainEntityOfPage\":{\"@id\":\"https:\/\/www.fiscalia.gov.co\/colombia\/noticias\/cargos-a-miembros-de-la-administracion-municipal-de-santa-lucia-atlantico-por-apropiacion-de-recursos-destinados-a-mitigar-ola-invernal\/\"},\"wordCount\":513,\"publisher\":{\"@id\":\"https:\/\/www.fiscalia.gov.co\/colombia\/#organization\"},\"keywords\":[\"Anticorrupci\u00f3n\"],\"articleSection\":[\"Noticias\"],\"inLanguage\":\"es-CO\"},{\"@type\":\"WebPage\",\"@id\":\"https:\/\/www.fiscalia.gov.co\/colombia\/noticias\/cargos-a-miembros-de-la-administracion-municipal-de-santa-lucia-atlantico-por-apropiacion-de-recursos-destinados-a-mitigar-ola-invernal\/\",\"url\":\"https:\/\/www.fiscalia.gov.co\/colombia\/noticias\/cargos-a-miembros-de-la-administracion-municipal-de-santa-lucia-atlantico-por-apropiacion-de-recursos-destinados-a-mitigar-ola-invernal\/\",\"name\":\"Fiscal\u00eda General de la Naci\u00f3n\",\"isPartOf\":{\"@id\":\"https:\/\/www.fiscalia.gov.co\/colombia\/#website\"},\"datePublished\":\"2014-01-24T16:06:00+00:00\",\"dateModified\":\"2014-02-02T02:20:23+00:00\",\"description\":\"P\u00e1gina oficial de la Fiscal\u00eda General de la Naci\u00f3n \u2013 Colombia. Garantizamos el acceso efectivo a la justicia, la verdad y la reparaci\u00f3n de las v\u00edctimas de los delitos.\",\"breadcrumb\":{\"@id\":\"https:\/\/www.fiscalia.gov.co\/colombia\/noticias\/cargos-a-miembros-de-la-administracion-municipal-de-santa-lucia-atlantico-por-apropiacion-de-recursos-destinados-a-mitigar-ola-invernal\/#breadcrumb\"},\"inLanguage\":\"es-CO\",\"potentialAction\":[{\"@type\":\"ReadAction\",\"target\":[\"https:\/\/www.fiscalia.gov.co\/colombia\/noticias\/cargos-a-miembros-de-la-administracion-municipal-de-santa-lucia-atlantico-por-apropiacion-de-recursos-destinados-a-mitigar-ola-invernal\/\"]}]},{\"@type\":\"BreadcrumbList\",\"@id\":\"https:\/\/www.fiscalia.gov.co\/colombia\/noticias\/cargos-a-miembros-de-la-administracion-municipal-de-santa-lucia-atlantico-por-apropiacion-de-recursos-destinados-a-mitigar-ola-invernal\/#breadcrumb\",\"itemListElement\":[{\"@type\":\"ListItem\",\"position\":1,\"name\":\"Home\",\"item\":\"https:\/\/www.fiscalia.gov.co\/colombia\/\"},{\"@type\":\"ListItem\",\"position\":2,\"name\":\"Cargos a miembros de la Administraci\u00f3n Municipal de Santa Luc\u00eda (Atl\u00e1ntico) por apropiaci\u00f3n de recursos destinados a mitigar ola invernal\"}]},{\"@type\":\"WebSite\",\"@id\":\"https:\/\/www.fiscalia.gov.co\/colombia\/#website\",\"url\":\"https:\/\/www.fiscalia.gov.co\/colombia\/\",\"name\":\"Fiscal\u00eda General de la Naci\u00f3n\",\"description\":\"P\u00e1gina oficial de la Fiscal\u00eda General de la Naci\u00f3n \u2013 Colombia. Garantizamos el acceso efectivo a la justicia, la verdad y la reparaci\u00f3n de las v\u00edctimas de los delitos.\",\"publisher\":{\"@id\":\"https:\/\/www.fiscalia.gov.co\/colombia\/#organization\"},\"potentialAction\":[{\"@type\":\"SearchAction\",\"target\":{\"@type\":\"EntryPoint\",\"urlTemplate\":\"https:\/\/www.fiscalia.gov.co\/colombia\/?s={search_term_string}\"},\"query-input\":{\"@type\":\"PropertyValueSpecification\",\"valueRequired\":true,\"valueName\":\"search_term_string\"}}],\"inLanguage\":\"es-CO\"},{\"@type\":\"Organization\",\"@id\":\"https:\/\/www.fiscalia.gov.co\/colombia\/#organization\",\"name\":\"Fiscal\u00eda General de la Naci\u00f3n\",\"url\":\"https:\/\/www.fiscalia.gov.co\/colombia\/\",\"logo\":{\"@type\":\"ImageObject\",\"inLanguage\":\"es-CO\",\"@id\":\"https:\/\/www.fiscalia.gov.co\/colombia\/#\/schema\/logo\/image\/\",\"url\":\"https:\/\/www.fiscalia.gov.co\/colombia\/wp-content\/uploads\/LogoHorizontal_1.jpg\",\"contentUrl\":\"https:\/\/www.fiscalia.gov.co\/colombia\/wp-content\/uploads\/LogoHorizontal_1.jpg\",\"width\":300,\"height\":90,\"caption\":\"Fiscal\u00eda General de la Naci\u00f3n\"},\"image\":{\"@id\":\"https:\/\/www.fiscalia.gov.co\/colombia\/#\/schema\/logo\/image\/\"},\"sameAs\":[\"https:\/\/www.facebook.com\/FiscaliaCol\",\"https:\/\/x.com\/FiscaliaCol\",\"https:\/\/www.instagram.com\/fiscaliacol\",\"https:\/\/www.linkedin.com\/company\/fiscalia-general-de-la-naci-n\/\",\"https:\/\/youtube.com\/@fiscaliageneraldelanacion-4668?si=6nN79nyQICPU5iTh\"]},{\"@type\":\"Person\",\"@id\":\"https:\/\/www.fiscalia.gov.co\/colombia\/#\/schema\/person\/3903856a3ce2d54b094c69eb29247895\",\"name\":\"dfgordillo\",\"image\":{\"@type\":\"ImageObject\",\"inLanguage\":\"es-CO\",\"@id\":\"https:\/\/www.fiscalia.gov.co\/colombia\/#\/schema\/person\/image\/\",\"url\":\"https:\/\/secure.gravatar.com\/avatar\/b6356e21c5657c60757fe6fb9493e947?s=96&d=mm&r=g\",\"contentUrl\":\"https:\/\/secure.gravatar.com\/avatar\/b6356e21c5657c60757fe6fb9493e947?s=96&d=mm&r=g\",\"caption\":\"dfgordillo\"},\"sameAs\":[\"dfgordillo\"],\"url\":\"https:\/\/www.fiscalia.gov.co\/colombia\/author\/dfgordillo\/\"}]}<\/script>\n<!-- \/ Yoast SEO plugin. -->","yoast_head_json":{"title":"Fiscal\u00eda General de la Naci\u00f3n","description":"P\u00e1gina oficial de la Fiscal\u00eda General de la Naci\u00f3n \u2013 Colombia. Garantizamos el acceso efectivo a la justicia, la verdad y la reparaci\u00f3n de las v\u00edctimas de los delitos.","robots":{"index":"noindex","follow":"follow"},"og_locale":"es_ES","og_type":"article","og_title":"Fiscal\u00eda General de la Naci\u00f3n","og_description":"P\u00e1gina oficial de la Fiscal\u00eda General de la Naci\u00f3n \u2013 Colombia. Garantizamos el acceso efectivo a la justicia, la verdad y la reparaci\u00f3n de las v\u00edctimas de los delitos.","og_url":"https:\/\/www.fiscalia.gov.co\/colombia\/noticias\/cargos-a-miembros-de-la-administracion-municipal-de-santa-lucia-atlantico-por-apropiacion-de-recursos-destinados-a-mitigar-ola-invernal\/","og_site_name":"Fiscal\u00eda General de la Naci\u00f3n","article_publisher":"https:\/\/www.facebook.com\/FiscaliaCol","article_published_time":"2014-01-24T16:06:00+00:00","article_modified_time":"2014-02-02T02:20:23+00:00","author":"dfgordillo","twitter_card":"summary_large_image","twitter_creator":"@FiscaliaCol","twitter_site":"@FiscaliaCol","twitter_misc":{"Escrito por":"dfgordillo","Tiempo de lectura":"2 minutos"},"schema":{"@context":"https:\/\/schema.org","@graph":[{"@type":"Article","@id":"https:\/\/www.fiscalia.gov.co\/colombia\/noticias\/cargos-a-miembros-de-la-administracion-municipal-de-santa-lucia-atlantico-por-apropiacion-de-recursos-destinados-a-mitigar-ola-invernal\/#article","isPartOf":{"@id":"https:\/\/www.fiscalia.gov.co\/colombia\/noticias\/cargos-a-miembros-de-la-administracion-municipal-de-santa-lucia-atlantico-por-apropiacion-de-recursos-destinados-a-mitigar-ola-invernal\/"},"author":{"name":"dfgordillo","@id":"https:\/\/www.fiscalia.gov.co\/colombia\/#\/schema\/person\/3903856a3ce2d54b094c69eb29247895"},"headline":"Cargos a miembros de la Administraci\u00f3n Municipal de Santa Luc\u00eda (Atl\u00e1ntico) por apropiaci\u00f3n de recursos destinados a mitigar ola invernal","datePublished":"2014-01-24T16:06:00+00:00","dateModified":"2014-02-02T02:20:23+00:00","mainEntityOfPage":{"@id":"https:\/\/www.fiscalia.gov.co\/colombia\/noticias\/cargos-a-miembros-de-la-administracion-municipal-de-santa-lucia-atlantico-por-apropiacion-de-recursos-destinados-a-mitigar-ola-invernal\/"},"wordCount":513,"publisher":{"@id":"https:\/\/www.fiscalia.gov.co\/colombia\/#organization"},"keywords":["Anticorrupci\u00f3n"],"articleSection":["Noticias"],"inLanguage":"es-CO"},{"@type":"WebPage","@id":"https:\/\/www.fiscalia.gov.co\/colombia\/noticias\/cargos-a-miembros-de-la-administracion-municipal-de-santa-lucia-atlantico-por-apropiacion-de-recursos-destinados-a-mitigar-ola-invernal\/","url":"https:\/\/www.fiscalia.gov.co\/colombia\/noticias\/cargos-a-miembros-de-la-administracion-municipal-de-santa-lucia-atlantico-por-apropiacion-de-recursos-destinados-a-mitigar-ola-invernal\/","name":"Fiscal\u00eda General de la Naci\u00f3n","isPartOf":{"@id":"https:\/\/www.fiscalia.gov.co\/colombia\/#website"},"datePublished":"2014-01-24T16:06:00+00:00","dateModified":"2014-02-02T02:20:23+00:00","description":"P\u00e1gina oficial de la Fiscal\u00eda General de la Naci\u00f3n \u2013 Colombia. Garantizamos el acceso efectivo a la justicia, la verdad y la reparaci\u00f3n de las v\u00edctimas de los delitos.","breadcrumb":{"@id":"https:\/\/www.fiscalia.gov.co\/colombia\/noticias\/cargos-a-miembros-de-la-administracion-municipal-de-santa-lucia-atlantico-por-apropiacion-de-recursos-destinados-a-mitigar-ola-invernal\/#breadcrumb"},"inLanguage":"es-CO","potentialAction":[{"@type":"ReadAction","target":["https:\/\/www.fiscalia.gov.co\/colombia\/noticias\/cargos-a-miembros-de-la-administracion-municipal-de-santa-lucia-atlantico-por-apropiacion-de-recursos-destinados-a-mitigar-ola-invernal\/"]}]},{"@type":"BreadcrumbList","@id":"https:\/\/www.fiscalia.gov.co\/colombia\/noticias\/cargos-a-miembros-de-la-administracion-municipal-de-santa-lucia-atlantico-por-apropiacion-de-recursos-destinados-a-mitigar-ola-invernal\/#breadcrumb","itemListElement":[{"@type":"ListItem","position":1,"name":"Home","item":"https:\/\/www.fiscalia.gov.co\/colombia\/"},{"@type":"ListItem","position":2,"name":"Cargos a miembros de la Administraci\u00f3n Municipal de Santa Luc\u00eda (Atl\u00e1ntico) por apropiaci\u00f3n de recursos destinados a mitigar ola invernal"}]},{"@type":"WebSite","@id":"https:\/\/www.fiscalia.gov.co\/colombia\/#website","url":"https:\/\/www.fiscalia.gov.co\/colombia\/","name":"Fiscal\u00eda General de la Naci\u00f3n","description":"P\u00e1gina oficial de la Fiscal\u00eda General de la Naci\u00f3n \u2013 Colombia. Garantizamos el acceso efectivo a la justicia, la verdad y la reparaci\u00f3n de las v\u00edctimas de los delitos.","publisher":{"@id":"https:\/\/www.fiscalia.gov.co\/colombia\/#organization"},"potentialAction":[{"@type":"SearchAction","target":{"@type":"EntryPoint","urlTemplate":"https:\/\/www.fiscalia.gov.co\/colombia\/?s={search_term_string}"},"query-input":{"@type":"PropertyValueSpecification","valueRequired":true,"valueName":"search_term_string"}}],"inLanguage":"es-CO"},{"@type":"Organization","@id":"https:\/\/www.fiscalia.gov.co\/colombia\/#organization","name":"Fiscal\u00eda General de la Naci\u00f3n","url":"https:\/\/www.fiscalia.gov.co\/colombia\/","logo":{"@type":"ImageObject","inLanguage":"es-CO","@id":"https:\/\/www.fiscalia.gov.co\/colombia\/#\/schema\/logo\/image\/","url":"https:\/\/www.fiscalia.gov.co\/colombia\/wp-content\/uploads\/LogoHorizontal_1.jpg","contentUrl":"https:\/\/www.fiscalia.gov.co\/colombia\/wp-content\/uploads\/LogoHorizontal_1.jpg","width":300,"height":90,"caption":"Fiscal\u00eda General de la Naci\u00f3n"},"image":{"@id":"https:\/\/www.fiscalia.gov.co\/colombia\/#\/schema\/logo\/image\/"},"sameAs":["https:\/\/www.facebook.com\/FiscaliaCol","https:\/\/x.com\/FiscaliaCol","https:\/\/www.instagram.com\/fiscaliacol","https:\/\/www.linkedin.com\/company\/fiscalia-general-de-la-naci-n\/","https:\/\/youtube.com\/@fiscaliageneraldelanacion-4668?si=6nN79nyQICPU5iTh"]},{"@type":"Person","@id":"https:\/\/www.fiscalia.gov.co\/colombia\/#\/schema\/person\/3903856a3ce2d54b094c69eb29247895","name":"dfgordillo","image":{"@type":"ImageObject","inLanguage":"es-CO","@id":"https:\/\/www.fiscalia.gov.co\/colombia\/#\/schema\/person\/image\/","url":"https:\/\/secure.gravatar.com\/avatar\/b6356e21c5657c60757fe6fb9493e947?s=96&d=mm&r=g","contentUrl":"https:\/\/secure.gravatar.com\/avatar\/b6356e21c5657c60757fe6fb9493e947?s=96&d=mm&r=g","caption":"dfgordillo"},"sameAs":["dfgordillo"],"url":"https:\/\/www.fiscalia.gov.co\/colombia\/author\/dfgordillo\/"}]}},"_links":{"self":[{"href":"https:\/\/www.fiscalia.gov.co\/colombia\/wp-json\/wp\/v2\/posts\/43952","targetHints":{"allow":["GET"]}}],"collection":[{"href":"https:\/\/www.fiscalia.gov.co\/colombia\/wp-json\/wp\/v2\/posts"}],"about":[{"href":"https:\/\/www.fiscalia.gov.co\/colombia\/wp-json\/wp\/v2\/types\/post"}],"author":[{"embeddable":true,"href":"https:\/\/www.fiscalia.gov.co\/colombia\/wp-json\/wp\/v2\/users\/143"}],"replies":[{"embeddable":true,"href":"https:\/\/www.fiscalia.gov.co\/colombia\/wp-json\/wp\/v2\/comments?post=43952"}],"version-history":[{"count":4,"href":"https:\/\/www.fiscalia.gov.co\/colombia\/wp-json\/wp\/v2\/posts\/43952\/revisions"}],"predecessor-version":[{"id":44399,"href":"https:\/\/www.fiscalia.gov.co\/colombia\/wp-json\/wp\/v2\/posts\/43952\/revisions\/44399"}],"wp:attachment":[{"href":"https:\/\/www.fiscalia.gov.co\/colombia\/wp-json\/wp\/v2\/media?parent=43952"}],"wp:term":[{"taxonomy":"category","embeddable":true,"href":"https:\/\/www.fiscalia.gov.co\/colombia\/wp-json\/wp\/v2\/categories?post=43952"},{"taxonomy":"post_tag","embeddable":true,"href":"https:\/\/www.fiscalia.gov.co\/colombia\/wp-json\/wp\/v2\/tags?post=43952"}],"curies":[{"name":"wp","href":"https:\/\/api.w.org\/{rel}","templated":true}]}}