{"id":43928,"date":"2014-01-23T17:39:34","date_gmt":"2014-01-23T22:39:34","guid":{"rendered":"http:\/\/www.fiscalia.gov.co\/colombia\/?p=43928"},"modified":"2014-02-01T21:16:38","modified_gmt":"2014-02-02T02:16:38","slug":"fiscalia-apela-libertad-otorgada-a-exconcejal-jose-juan-rodriguez","status":"publish","type":"post","link":"https:\/\/www.fiscalia.gov.co\/colombia\/noticias\/fiscalia-apela-libertad-otorgada-a-exconcejal-jose-juan-rodriguez\/","title":{"rendered":"Fiscal\u00eda apela libertad otorgada a exconcejal Jos\u00e9 Juan Rodr\u00edguez"},"content":{"rendered":"<p>La Fiscal\u00eda apel\u00f3 la decisi\u00f3n de un juzgado de conceder la libertad al exconcejal Jos\u00e9 Juan Rodr\u00edguez, vinculado a las investigaciones que se adelantan por el llamado Carrusel de la Contrataci\u00f3n.<\/p>\n<p>La Fiscal\u00eda interpuso el recurso contra la decisi\u00f3n de un juez de control de garant\u00edas por considerar que en ning\u00fan momento se tuvo en cuenta la realidad procesal del caso y su actuaci\u00f3n podr\u00eda generar inestabilidad en el sistema jur\u00eddico, ya que se bas\u00f3 en normas que no est\u00e1n vigentes.<\/p>\n<p>Camilo Burbano, asesor del despacho del Vicefiscal, critic\u00f3 fuertemente la decisi\u00f3n del juzgado 33 y explic\u00f3 que \u201cla Fiscal\u00eda present\u00f3 su escrito de acusacion el 24 de junio del 2013; sin embargo, por varias dilaciones que se presentaron en el proceso, ninguna atribuible a la la Fiscal\u00eda, la audiencia de acusaci\u00f3n no se ha realizado\u201d.<\/p>\n<p>Se respeta la decisi\u00f3n del juez, pero se considera equivocada porque contraviene todas las decisiones y toda la l\u00ednea jurisprudencial sobre libertad que ha emitido la Corte Suprema de Justicia. Por eso la apelamos\u201d, explic\u00f3 Burbano.<\/p>\n<p>Para la Fiscal\u00eda es claro que los t\u00e9rminos no se han vencido y \u201cla audiencia de acusaci\u00f3n no se ha terminado por razones no atribuibles a la Fiscal\u00eda\u201d, enfatiz\u00f3 Burbano.<\/p>\n<p>Rodr\u00edguez es investigado en la actualidad por su presunta participaci\u00f3n en la adjudicaci\u00f3n irregular de obras en la fase tres del transmilenio, raz\u00f3n por la cual la Fiscal\u00eda le imput\u00f3 los delitos de \u00a0inter\u00e9s indebido\u00a0\u00a0en la celebraci\u00f3n de contratos\u00a0\u00a0agravado en concurso homog\u00e9neo y sucesivo como coautor interviniente, delitos que no acept\u00f3.<\/p>\n<p>El concejal, de 38 a\u00f1os, utiliz\u00f3 su investidura y dignidad para apoyar la elecci\u00f3n de la exdirectora del IDU Liliana Pardo y su equipo de trabajo, para\u00a0\u00a0su beneficio y el de terceros.<\/p>\n<p>Entre los a\u00f1os 2007 y 2010,\u00a0\u00a0Rodr\u00edguez Rico hizo presencia en por lo menos 150 reuniones, en las cuales participaron Pardo y otras personas vinculadas al IDU con el prop\u00f3sito de adecuar pliegos de condiciones a la medida\u00a0\u00a0de los amigos del procesado.<\/p>\n<p>\u201cEn esas reuniones se abusaba con cl\u00e1usulas de adendos y otras\u00a0\u00a0maniobras que bloqueaban la participaci\u00f3n de otros aspirantes en la contrataci\u00f3n de la capital\u201d, asegur\u00f3 el fiscal.<\/p>\n<p>Desde el 23 de mayo\u00a0\u00a0de 2013, el exconcejal Rodr\u00edguez se encuentra en\u00a0un patio especial de la C\u00e1rcel La Picota, al sur de Bogot\u00e1.<\/p>\n<p>_________________________________________________<\/p>\n<p><strong>Rueda de prensa Camilo Burbano, Asesor Despacho del Vicefiscal General de la Naci\u00f3n<\/strong><\/p>\n[audio:http:\/\/www.fiscalia.gov.co\/colombia\/wp-content\/uploads\/20140123.mp3|titles=Declaraciones]\n<p><strong><a title=\"Descargar audio \" href=\"http:\/\/www.fiscalia.gov.co\/colombia\/wp-content\/uploads\/20140123.mp3\" target=\"_blank\">Descargar<\/a><\/strong><\/p>\n<p>Tema: Fiscal\u00eda apela libertad otorgada a Jos\u00e9 Juan Rodr\u00edguez<br \/>\nFecha: 23 de enero de 2014<br \/>\nLugar: Nivel Central Fiscal\u00eda General de la Naci\u00f3n, Bogot\u00e1<\/p>\n\n<div class=\"twitter-share\"><a href=\"https:\/\/twitter.com\/intent\/tweet?via=fiscaliacol\" class=\"twitter-share-button\">Tweet<\/a><\/div>\n","protected":false},"excerpt":{"rendered":"<p>La Fiscal\u00eda apel\u00f3 la decisi\u00f3n de un juzgado de conceder la libertad al exconcejal Jos\u00e9 Juan Rodr\u00edguez, vinculado a las investigaciones que se adelantan por el llamado Carrusel de la Contrataci\u00f3n. La Fiscal\u00eda interpuso el recurso contra la decisi\u00f3n de un juez de control de garant\u00edas por considerar que en ning\u00fan momento se tuvo en [&hellip;]<\/p>\n","protected":false},"author":143,"featured_media":0,"comment_status":"closed","ping_status":"open","sticky":false,"template":"","format":"standard","meta":{"_price":"","_stock":"","_tribe_ticket_header":"","_tribe_default_ticket_provider":"","_tribe_ticket_capacity":"0","_ticket_start_date":"","_ticket_end_date":"","_tribe_ticket_show_description":"","_tribe_ticket_show_not_going":false,"_tribe_ticket_use_global_stock":"","_tribe_ticket_global_stock_level":"","_global_stock_mode":"","_global_stock_cap":"","_tribe_rsvp_for_event":"","_tribe_ticket_going_count":"","_tribe_ticket_not_going_count":"","_tribe_tickets_list":"[]","_tribe_ticket_has_attendee_info_fields":false,"tdm_status":"","tdm_grid_status":"","footnotes":""},"categories":[1],"tags":[92,3834],"class_list":{"0":"post-43928","1":"post","2":"type-post","3":"status-publish","4":"format-standard","6":"category-noticias","7":"tag-carrusel-de-la-contratacion","8":"tag-jose-juan-rodriguez"},"yoast_head":"<!-- This site is optimized with the Yoast SEO plugin v24.3 - https:\/\/yoast.com\/wordpress\/plugins\/seo\/ -->\n<title>Fiscal\u00eda General de la Naci\u00f3n<\/title>\n<meta name=\"description\" content=\"P\u00e1gina oficial de la Fiscal\u00eda General de la Naci\u00f3n \u2013 Colombia. Garantizamos el acceso efectivo a la justicia, la verdad y la reparaci\u00f3n de las v\u00edctimas de los delitos.\" \/>\n<meta name=\"robots\" content=\"noindex, follow\" \/>\n<meta property=\"og:locale\" content=\"es_ES\" \/>\n<meta property=\"og:type\" content=\"article\" \/>\n<meta property=\"og:title\" content=\"Fiscal\u00eda General de la Naci\u00f3n\" \/>\n<meta property=\"og:description\" content=\"P\u00e1gina oficial de la Fiscal\u00eda General de la Naci\u00f3n \u2013 Colombia. Garantizamos el acceso efectivo a la justicia, la verdad y la reparaci\u00f3n de las v\u00edctimas de los delitos.\" \/>\n<meta property=\"og:url\" content=\"https:\/\/www.fiscalia.gov.co\/colombia\/noticias\/fiscalia-apela-libertad-otorgada-a-exconcejal-jose-juan-rodriguez\/\" \/>\n<meta property=\"og:site_name\" content=\"Fiscal\u00eda General de la Naci\u00f3n\" \/>\n<meta property=\"article:publisher\" content=\"https:\/\/www.facebook.com\/FiscaliaCol\" \/>\n<meta property=\"article:published_time\" content=\"2014-01-23T22:39:34+00:00\" \/>\n<meta property=\"article:modified_time\" content=\"2014-02-02T02:16:38+00:00\" \/>\n<meta name=\"author\" content=\"dfgordillo\" \/>\n<meta name=\"twitter:card\" content=\"summary_large_image\" \/>\n<meta name=\"twitter:creator\" content=\"@FiscaliaCol\" \/>\n<meta name=\"twitter:site\" content=\"@FiscaliaCol\" \/>\n<meta name=\"twitter:label1\" content=\"Escrito por\" \/>\n\t<meta name=\"twitter:data1\" content=\"dfgordillo\" \/>\n\t<meta name=\"twitter:label2\" content=\"Tiempo de lectura\" \/>\n\t<meta name=\"twitter:data2\" content=\"2 minutos\" \/>\n<script type=\"application\/ld+json\" class=\"yoast-schema-graph\">{\"@context\":\"https:\/\/schema.org\",\"@graph\":[{\"@type\":\"Article\",\"@id\":\"https:\/\/www.fiscalia.gov.co\/colombia\/noticias\/fiscalia-apela-libertad-otorgada-a-exconcejal-jose-juan-rodriguez\/#article\",\"isPartOf\":{\"@id\":\"https:\/\/www.fiscalia.gov.co\/colombia\/noticias\/fiscalia-apela-libertad-otorgada-a-exconcejal-jose-juan-rodriguez\/\"},\"author\":{\"name\":\"dfgordillo\",\"@id\":\"https:\/\/www.fiscalia.gov.co\/colombia\/#\/schema\/person\/3903856a3ce2d54b094c69eb29247895\"},\"headline\":\"Fiscal\u00eda apela libertad otorgada a exconcejal Jos\u00e9 Juan Rodr\u00edguez\",\"datePublished\":\"2014-01-23T22:39:34+00:00\",\"dateModified\":\"2014-02-02T02:16:38+00:00\",\"mainEntityOfPage\":{\"@id\":\"https:\/\/www.fiscalia.gov.co\/colombia\/noticias\/fiscalia-apela-libertad-otorgada-a-exconcejal-jose-juan-rodriguez\/\"},\"wordCount\":479,\"publisher\":{\"@id\":\"https:\/\/www.fiscalia.gov.co\/colombia\/#organization\"},\"keywords\":[\"Carrusel de la contrataci\u00f3n\",\"Jos\u00e9 Juan Rodr\u00edguez\"],\"articleSection\":[\"Noticias\"],\"inLanguage\":\"es-CO\"},{\"@type\":\"WebPage\",\"@id\":\"https:\/\/www.fiscalia.gov.co\/colombia\/noticias\/fiscalia-apela-libertad-otorgada-a-exconcejal-jose-juan-rodriguez\/\",\"url\":\"https:\/\/www.fiscalia.gov.co\/colombia\/noticias\/fiscalia-apela-libertad-otorgada-a-exconcejal-jose-juan-rodriguez\/\",\"name\":\"Fiscal\u00eda General de la Naci\u00f3n\",\"isPartOf\":{\"@id\":\"https:\/\/www.fiscalia.gov.co\/colombia\/#website\"},\"datePublished\":\"2014-01-23T22:39:34+00:00\",\"dateModified\":\"2014-02-02T02:16:38+00:00\",\"description\":\"P\u00e1gina oficial de la Fiscal\u00eda General de la Naci\u00f3n \u2013 Colombia. Garantizamos el acceso efectivo a la justicia, la verdad y la reparaci\u00f3n de las v\u00edctimas de los delitos.\",\"breadcrumb\":{\"@id\":\"https:\/\/www.fiscalia.gov.co\/colombia\/noticias\/fiscalia-apela-libertad-otorgada-a-exconcejal-jose-juan-rodriguez\/#breadcrumb\"},\"inLanguage\":\"es-CO\",\"potentialAction\":[{\"@type\":\"ReadAction\",\"target\":[\"https:\/\/www.fiscalia.gov.co\/colombia\/noticias\/fiscalia-apela-libertad-otorgada-a-exconcejal-jose-juan-rodriguez\/\"]}]},{\"@type\":\"BreadcrumbList\",\"@id\":\"https:\/\/www.fiscalia.gov.co\/colombia\/noticias\/fiscalia-apela-libertad-otorgada-a-exconcejal-jose-juan-rodriguez\/#breadcrumb\",\"itemListElement\":[{\"@type\":\"ListItem\",\"position\":1,\"name\":\"Home\",\"item\":\"https:\/\/www.fiscalia.gov.co\/colombia\/\"},{\"@type\":\"ListItem\",\"position\":2,\"name\":\"Fiscal\u00eda apela libertad otorgada a exconcejal Jos\u00e9 Juan Rodr\u00edguez\"}]},{\"@type\":\"WebSite\",\"@id\":\"https:\/\/www.fiscalia.gov.co\/colombia\/#website\",\"url\":\"https:\/\/www.fiscalia.gov.co\/colombia\/\",\"name\":\"Fiscal\u00eda General de la Naci\u00f3n\",\"description\":\"P\u00e1gina oficial de la Fiscal\u00eda General de la Naci\u00f3n \u2013 Colombia. Garantizamos el acceso efectivo a la justicia, la verdad y la reparaci\u00f3n de las v\u00edctimas de los delitos.\",\"publisher\":{\"@id\":\"https:\/\/www.fiscalia.gov.co\/colombia\/#organization\"},\"potentialAction\":[{\"@type\":\"SearchAction\",\"target\":{\"@type\":\"EntryPoint\",\"urlTemplate\":\"https:\/\/www.fiscalia.gov.co\/colombia\/?s={search_term_string}\"},\"query-input\":{\"@type\":\"PropertyValueSpecification\",\"valueRequired\":true,\"valueName\":\"search_term_string\"}}],\"inLanguage\":\"es-CO\"},{\"@type\":\"Organization\",\"@id\":\"https:\/\/www.fiscalia.gov.co\/colombia\/#organization\",\"name\":\"Fiscal\u00eda General de la Naci\u00f3n\",\"url\":\"https:\/\/www.fiscalia.gov.co\/colombia\/\",\"logo\":{\"@type\":\"ImageObject\",\"inLanguage\":\"es-CO\",\"@id\":\"https:\/\/www.fiscalia.gov.co\/colombia\/#\/schema\/logo\/image\/\",\"url\":\"https:\/\/www.fiscalia.gov.co\/colombia\/wp-content\/uploads\/LogoHorizontal_1.jpg\",\"contentUrl\":\"https:\/\/www.fiscalia.gov.co\/colombia\/wp-content\/uploads\/LogoHorizontal_1.jpg\",\"width\":300,\"height\":90,\"caption\":\"Fiscal\u00eda General de la Naci\u00f3n\"},\"image\":{\"@id\":\"https:\/\/www.fiscalia.gov.co\/colombia\/#\/schema\/logo\/image\/\"},\"sameAs\":[\"https:\/\/www.facebook.com\/FiscaliaCol\",\"https:\/\/x.com\/FiscaliaCol\",\"https:\/\/www.instagram.com\/fiscaliacol\",\"https:\/\/www.linkedin.com\/company\/fiscalia-general-de-la-naci-n\/\",\"https:\/\/youtube.com\/@fiscaliageneraldelanacion-4668?si=6nN79nyQICPU5iTh\"]},{\"@type\":\"Person\",\"@id\":\"https:\/\/www.fiscalia.gov.co\/colombia\/#\/schema\/person\/3903856a3ce2d54b094c69eb29247895\",\"name\":\"dfgordillo\",\"image\":{\"@type\":\"ImageObject\",\"inLanguage\":\"es-CO\",\"@id\":\"https:\/\/www.fiscalia.gov.co\/colombia\/#\/schema\/person\/image\/\",\"url\":\"https:\/\/secure.gravatar.com\/avatar\/b6356e21c5657c60757fe6fb9493e947?s=96&d=mm&r=g\",\"contentUrl\":\"https:\/\/secure.gravatar.com\/avatar\/b6356e21c5657c60757fe6fb9493e947?s=96&d=mm&r=g\",\"caption\":\"dfgordillo\"},\"sameAs\":[\"dfgordillo\"],\"url\":\"https:\/\/www.fiscalia.gov.co\/colombia\/author\/dfgordillo\/\"}]}<\/script>\n<!-- \/ Yoast SEO plugin. -->","yoast_head_json":{"title":"Fiscal\u00eda General de la Naci\u00f3n","description":"P\u00e1gina oficial de la Fiscal\u00eda General de la Naci\u00f3n \u2013 Colombia. Garantizamos el acceso efectivo a la justicia, la verdad y la reparaci\u00f3n de las v\u00edctimas de los delitos.","robots":{"index":"noindex","follow":"follow"},"og_locale":"es_ES","og_type":"article","og_title":"Fiscal\u00eda General de la Naci\u00f3n","og_description":"P\u00e1gina oficial de la Fiscal\u00eda General de la Naci\u00f3n \u2013 Colombia. Garantizamos el acceso efectivo a la justicia, la verdad y la reparaci\u00f3n de las v\u00edctimas de los delitos.","og_url":"https:\/\/www.fiscalia.gov.co\/colombia\/noticias\/fiscalia-apela-libertad-otorgada-a-exconcejal-jose-juan-rodriguez\/","og_site_name":"Fiscal\u00eda General de la Naci\u00f3n","article_publisher":"https:\/\/www.facebook.com\/FiscaliaCol","article_published_time":"2014-01-23T22:39:34+00:00","article_modified_time":"2014-02-02T02:16:38+00:00","author":"dfgordillo","twitter_card":"summary_large_image","twitter_creator":"@FiscaliaCol","twitter_site":"@FiscaliaCol","twitter_misc":{"Escrito por":"dfgordillo","Tiempo de lectura":"2 minutos"},"schema":{"@context":"https:\/\/schema.org","@graph":[{"@type":"Article","@id":"https:\/\/www.fiscalia.gov.co\/colombia\/noticias\/fiscalia-apela-libertad-otorgada-a-exconcejal-jose-juan-rodriguez\/#article","isPartOf":{"@id":"https:\/\/www.fiscalia.gov.co\/colombia\/noticias\/fiscalia-apela-libertad-otorgada-a-exconcejal-jose-juan-rodriguez\/"},"author":{"name":"dfgordillo","@id":"https:\/\/www.fiscalia.gov.co\/colombia\/#\/schema\/person\/3903856a3ce2d54b094c69eb29247895"},"headline":"Fiscal\u00eda apela libertad otorgada a exconcejal Jos\u00e9 Juan Rodr\u00edguez","datePublished":"2014-01-23T22:39:34+00:00","dateModified":"2014-02-02T02:16:38+00:00","mainEntityOfPage":{"@id":"https:\/\/www.fiscalia.gov.co\/colombia\/noticias\/fiscalia-apela-libertad-otorgada-a-exconcejal-jose-juan-rodriguez\/"},"wordCount":479,"publisher":{"@id":"https:\/\/www.fiscalia.gov.co\/colombia\/#organization"},"keywords":["Carrusel de la contrataci\u00f3n","Jos\u00e9 Juan Rodr\u00edguez"],"articleSection":["Noticias"],"inLanguage":"es-CO"},{"@type":"WebPage","@id":"https:\/\/www.fiscalia.gov.co\/colombia\/noticias\/fiscalia-apela-libertad-otorgada-a-exconcejal-jose-juan-rodriguez\/","url":"https:\/\/www.fiscalia.gov.co\/colombia\/noticias\/fiscalia-apela-libertad-otorgada-a-exconcejal-jose-juan-rodriguez\/","name":"Fiscal\u00eda General de la Naci\u00f3n","isPartOf":{"@id":"https:\/\/www.fiscalia.gov.co\/colombia\/#website"},"datePublished":"2014-01-23T22:39:34+00:00","dateModified":"2014-02-02T02:16:38+00:00","description":"P\u00e1gina oficial de la Fiscal\u00eda General de la Naci\u00f3n \u2013 Colombia. Garantizamos el acceso efectivo a la justicia, la verdad y la reparaci\u00f3n de las v\u00edctimas de los delitos.","breadcrumb":{"@id":"https:\/\/www.fiscalia.gov.co\/colombia\/noticias\/fiscalia-apela-libertad-otorgada-a-exconcejal-jose-juan-rodriguez\/#breadcrumb"},"inLanguage":"es-CO","potentialAction":[{"@type":"ReadAction","target":["https:\/\/www.fiscalia.gov.co\/colombia\/noticias\/fiscalia-apela-libertad-otorgada-a-exconcejal-jose-juan-rodriguez\/"]}]},{"@type":"BreadcrumbList","@id":"https:\/\/www.fiscalia.gov.co\/colombia\/noticias\/fiscalia-apela-libertad-otorgada-a-exconcejal-jose-juan-rodriguez\/#breadcrumb","itemListElement":[{"@type":"ListItem","position":1,"name":"Home","item":"https:\/\/www.fiscalia.gov.co\/colombia\/"},{"@type":"ListItem","position":2,"name":"Fiscal\u00eda apela libertad otorgada a exconcejal Jos\u00e9 Juan Rodr\u00edguez"}]},{"@type":"WebSite","@id":"https:\/\/www.fiscalia.gov.co\/colombia\/#website","url":"https:\/\/www.fiscalia.gov.co\/colombia\/","name":"Fiscal\u00eda General de la Naci\u00f3n","description":"P\u00e1gina oficial de la Fiscal\u00eda General de la Naci\u00f3n \u2013 Colombia. Garantizamos el acceso efectivo a la justicia, la verdad y la reparaci\u00f3n de las v\u00edctimas de los delitos.","publisher":{"@id":"https:\/\/www.fiscalia.gov.co\/colombia\/#organization"},"potentialAction":[{"@type":"SearchAction","target":{"@type":"EntryPoint","urlTemplate":"https:\/\/www.fiscalia.gov.co\/colombia\/?s={search_term_string}"},"query-input":{"@type":"PropertyValueSpecification","valueRequired":true,"valueName":"search_term_string"}}],"inLanguage":"es-CO"},{"@type":"Organization","@id":"https:\/\/www.fiscalia.gov.co\/colombia\/#organization","name":"Fiscal\u00eda General de la Naci\u00f3n","url":"https:\/\/www.fiscalia.gov.co\/colombia\/","logo":{"@type":"ImageObject","inLanguage":"es-CO","@id":"https:\/\/www.fiscalia.gov.co\/colombia\/#\/schema\/logo\/image\/","url":"https:\/\/www.fiscalia.gov.co\/colombia\/wp-content\/uploads\/LogoHorizontal_1.jpg","contentUrl":"https:\/\/www.fiscalia.gov.co\/colombia\/wp-content\/uploads\/LogoHorizontal_1.jpg","width":300,"height":90,"caption":"Fiscal\u00eda General de la Naci\u00f3n"},"image":{"@id":"https:\/\/www.fiscalia.gov.co\/colombia\/#\/schema\/logo\/image\/"},"sameAs":["https:\/\/www.facebook.com\/FiscaliaCol","https:\/\/x.com\/FiscaliaCol","https:\/\/www.instagram.com\/fiscaliacol","https:\/\/www.linkedin.com\/company\/fiscalia-general-de-la-naci-n\/","https:\/\/youtube.com\/@fiscaliageneraldelanacion-4668?si=6nN79nyQICPU5iTh"]},{"@type":"Person","@id":"https:\/\/www.fiscalia.gov.co\/colombia\/#\/schema\/person\/3903856a3ce2d54b094c69eb29247895","name":"dfgordillo","image":{"@type":"ImageObject","inLanguage":"es-CO","@id":"https:\/\/www.fiscalia.gov.co\/colombia\/#\/schema\/person\/image\/","url":"https:\/\/secure.gravatar.com\/avatar\/b6356e21c5657c60757fe6fb9493e947?s=96&d=mm&r=g","contentUrl":"https:\/\/secure.gravatar.com\/avatar\/b6356e21c5657c60757fe6fb9493e947?s=96&d=mm&r=g","caption":"dfgordillo"},"sameAs":["dfgordillo"],"url":"https:\/\/www.fiscalia.gov.co\/colombia\/author\/dfgordillo\/"}]}},"_links":{"self":[{"href":"https:\/\/www.fiscalia.gov.co\/colombia\/wp-json\/wp\/v2\/posts\/43928","targetHints":{"allow":["GET"]}}],"collection":[{"href":"https:\/\/www.fiscalia.gov.co\/colombia\/wp-json\/wp\/v2\/posts"}],"about":[{"href":"https:\/\/www.fiscalia.gov.co\/colombia\/wp-json\/wp\/v2\/types\/post"}],"author":[{"embeddable":true,"href":"https:\/\/www.fiscalia.gov.co\/colombia\/wp-json\/wp\/v2\/users\/143"}],"replies":[{"embeddable":true,"href":"https:\/\/www.fiscalia.gov.co\/colombia\/wp-json\/wp\/v2\/comments?post=43928"}],"version-history":[{"count":6,"href":"https:\/\/www.fiscalia.gov.co\/colombia\/wp-json\/wp\/v2\/posts\/43928\/revisions"}],"predecessor-version":[{"id":43937,"href":"https:\/\/www.fiscalia.gov.co\/colombia\/wp-json\/wp\/v2\/posts\/43928\/revisions\/43937"}],"wp:attachment":[{"href":"https:\/\/www.fiscalia.gov.co\/colombia\/wp-json\/wp\/v2\/media?parent=43928"}],"wp:term":[{"taxonomy":"category","embeddable":true,"href":"https:\/\/www.fiscalia.gov.co\/colombia\/wp-json\/wp\/v2\/categories?post=43928"},{"taxonomy":"post_tag","embeddable":true,"href":"https:\/\/www.fiscalia.gov.co\/colombia\/wp-json\/wp\/v2\/tags?post=43928"}],"curies":[{"name":"wp","href":"https:\/\/api.w.org\/{rel}","templated":true}]}}