{"id":43705,"date":"2014-01-20T10:56:25","date_gmt":"2014-01-20T15:56:25","guid":{"rendered":"http:\/\/www.fiscalia.gov.co\/colombia\/?p=43705"},"modified":"2014-02-11T17:39:36","modified_gmt":"2014-02-11T22:39:36","slug":"inicia-curso-de-entrenamiento-en-investigacion-de-casos-de-violencia-sexual-basada-en-genero","status":"publish","type":"post","link":"https:\/\/www.fiscalia.gov.co\/colombia\/noticias\/inicia-curso-de-entrenamiento-en-investigacion-de-casos-de-violencia-sexual-basada-en-genero\/","title":{"rendered":"Inicia Curso de Entrenamiento en Investigaci\u00f3n de Casos de Violencia Sexual basada en G\u00e9nero"},"content":{"rendered":"<p>El Vicefiscal General de la Naci\u00f3n, Jorge Fernando Perdomo Torres, junto con el Vicepresidente de la Rep\u00fablica, Angelino Garz\u00f3n; el Defensor del Pueblo, Jorge Armando Ot\u00e1lora; la Representante de la Organizaci\u00f3n de Naciones Unidas ONU-Mujeres,\u00a0 Bel\u00e9n Sanz Luque;\u00a0 el Director Ejecutivo de Justice Rapid Response, Andras Vamos-Godman y el Director del Institute for the International Criminal Investigation, John Ralstonel; participaron en la inauguraci\u00f3n del Curso de Entrenamiento en Investigaci\u00f3n de Casos de Violencia Sexual basada en G\u00e9nero como Crimen Internacional.<\/p>\n<p>El evento fue organizado por la Fiscal\u00eda General de la Naci\u00f3n, la Organizaci\u00f3n Justice Rapid Response, el Institute por International Criminal Investigation y la ONU-Mujeres; cuya representante afirm\u00f3 que este es el primer curso desarrollado para Latinoam\u00e9rica, en el cual expertos del mundo son designados a diferentes pa\u00edses para realizar la investigaci\u00f3n de este tipo de cr\u00edmenes. Adem\u00e1s, asegur\u00f3 que el trabajo que se viene desarrollando con la Fiscal\u00eda General de la Naci\u00f3n se basa en los procesos que tienen que ver con la garant\u00eda de la verdad, la justicia y la reparaci\u00f3n de las v\u00edctimas.<\/p>\n<p>Por otra parte, el Defensor del Pueblo, Jorge Armando Ot\u00e1lora, destac\u00f3 la iniciativa de la Fiscal\u00eda General de la Naci\u00f3n de formar nuevos expertos en los delitos sexuales y de g\u00e9nero, a nivel internacional.<\/p>\n<p>El Vicefiscal General de la Naci\u00f3n, Jorge Fernando Perdomo Torres, se refiri\u00f3 a que en el 2012 se realizaron 21.506 ex\u00e1menes sexol\u00f3gicos forenses, lo que indica que se presentaron 46 casos por cada cien mil habitantes, de los cuales el 84% fue contra mujeres y el 16% contra hombres. Adem\u00e1s, indic\u00f3 que los menores de edad son la poblaci\u00f3n m\u00e1s vulnerable, de las cifras de hombres violentados sexualmente, el 94% son ni\u00f1os y adolescentes;\u00a0 en el caso de las mujeres, el 85% son casos pertenecientes a ni\u00f1as y adolescentes. Por otra parte, confirm\u00f3 que el 32% de los principales agresores son familiares.<\/p>\n<p>El Vicefiscal asegur\u00f3 que en Colombia las denuncias han aumentado, mientras que en otros pa\u00edses, se ha reducido, aunque se desconocen las causas; se cree que es porque los programas de prevenci\u00f3n han dado resultados. Adem\u00e1s, el Vicefiscal asegur\u00f3 que el abuso sexual masculino es com\u00fan, sin embargo no se informa ni se reporta por el pensamiento machista que tiene el pa\u00eds.<\/p>\n<p>Los delitos de violencia sexual se presentan en todos los grados de escolaridad; adem\u00e1s, es m\u00e1s com\u00fan en hogares con contextos de violencia intrafamiliar. Estar dentro de los 8 y los 12 a\u00f1os se ha convertido en un factor de riesgo para ser v\u00edctima de este delito. El Vicefiscal, tambi\u00e9n, asegur\u00f3 que el aumento progresivo del n\u00famero de denuncias se ha convertido en un reto para la Fiscalia General de la Naci\u00f3n, que busca luchar por la protecci\u00f3n de los derechos de las v\u00edctimas.<\/p>\n<p>Por esta raz\u00f3n, a trav\u00e9s de la Directiva 001 de 2012, se ha indicado que la condici\u00f3n especial de la v\u00edctima es un criterio de priorizaci\u00f3n de la investigaci\u00f3n. Desde la Unidad Nacional de An\u00e1lisis y Contextos (Unac) se est\u00e1 investigando la violencia sexual presente en el conflicto armado. Adem\u00e1s, con la restructuraci\u00f3n de la Fiscal\u00eda General de la Naci\u00f3n, se est\u00e1n generando grupos de trabajo para avanzar en estos resultados, de la misma manera como se ha trabajado con la Unac.<\/p>\n<p>El Vicepresidente de la Rep\u00fablica, Angelino Garz\u00f3n, relat\u00f3 que el delito de violencia sexual es una violaci\u00f3n a los derechos humanos y al Derecho Internacional Humanitario. A\u00f1o tras a\u00f1o, la violencia contra las mujeres, ni\u00f1as y ni\u00f1os es m\u00e1s creciente. Asimismo, afirm\u00f3 que el pa\u00eds tambi\u00e9n est\u00e1 atacando el delito de reclutamiento forzado de mujeres y menores a las actividades de los grupos criminales.<\/p>\n<p>De otro lado, el Vicepresidente reafirm\u00f3 que ya se est\u00e1 trabajando en una pol\u00edtica de reparaci\u00f3n de las v\u00edctimas de la violencia, teniendo en cuenta que los grupos armados ilegales han violentado a las mujeres. Asegur\u00f3 que \u201clo m\u00e1s revolucionario que podr\u00eda hacer la guerrilla es firmar la paz\u201d.<\/p>\n\n<div class=\"twitter-share\"><a href=\"https:\/\/twitter.com\/intent\/tweet?via=fiscaliacol\" class=\"twitter-share-button\">Tweet<\/a><\/div>\n","protected":false},"excerpt":{"rendered":"<p>El Vicefiscal General de la Naci\u00f3n, Jorge Fernando Perdomo, el Vicepresidente de la Rep\u00fablica, Angelino Garz\u00f3n y el Director Ejecutivo de Justice Rapid Response, Andras Vamos-Godman; participaron en la inauguraci\u00f3n del Curso.<\/p>\n","protected":false},"author":143,"featured_media":0,"comment_status":"closed","ping_status":"open","sticky":false,"template":"","format":"standard","meta":{"tdm_status":"","tdm_grid_status":"","footnotes":""},"categories":[1],"tags":[23912,2299],"class_list":["post-43705","post","type-post","status-publish","format-standard","category-noticias","tag-vicefiscal-general-de-la-nacion","tag-violencia-sexual"],"yoast_head":"<!-- This site is optimized with the Yoast SEO plugin v24.3 - https:\/\/yoast.com\/wordpress\/plugins\/seo\/ -->\n<title>Fiscal\u00eda General de la Naci\u00f3n<\/title>\n<meta name=\"description\" content=\"P\u00e1gina oficial de la Fiscal\u00eda General de la Naci\u00f3n \u2013 Colombia. Garantizamos el acceso efectivo a la justicia, la verdad y la reparaci\u00f3n de las v\u00edctimas de los delitos.\" \/>\n<meta name=\"robots\" content=\"noindex, follow\" \/>\n<meta property=\"og:locale\" content=\"es_ES\" \/>\n<meta property=\"og:type\" content=\"article\" \/>\n<meta property=\"og:title\" content=\"Fiscal\u00eda General de la Naci\u00f3n\" \/>\n<meta property=\"og:description\" content=\"P\u00e1gina oficial de la Fiscal\u00eda General de la Naci\u00f3n \u2013 Colombia. Garantizamos el acceso efectivo a la justicia, la verdad y la reparaci\u00f3n de las v\u00edctimas de los delitos.\" \/>\n<meta property=\"og:url\" content=\"https:\/\/www.fiscalia.gov.co\/colombia\/noticias\/inicia-curso-de-entrenamiento-en-investigacion-de-casos-de-violencia-sexual-basada-en-genero\/\" \/>\n<meta property=\"og:site_name\" content=\"Fiscal\u00eda General de la Naci\u00f3n\" \/>\n<meta property=\"article:publisher\" content=\"https:\/\/www.facebook.com\/FiscaliaCol\" \/>\n<meta property=\"article:published_time\" content=\"2014-01-20T15:56:25+00:00\" \/>\n<meta property=\"article:modified_time\" content=\"2014-02-11T22:39:36+00:00\" \/>\n<meta name=\"author\" content=\"dfgordillo\" \/>\n<meta name=\"twitter:card\" content=\"summary_large_image\" \/>\n<meta name=\"twitter:creator\" content=\"@FiscaliaCol\" \/>\n<meta name=\"twitter:site\" content=\"@FiscaliaCol\" \/>\n<meta name=\"twitter:label1\" content=\"Escrito por\" \/>\n\t<meta name=\"twitter:data1\" content=\"dfgordillo\" \/>\n\t<meta name=\"twitter:label2\" content=\"Tiempo de lectura\" \/>\n\t<meta name=\"twitter:data2\" content=\"4 minutos\" \/>\n<script type=\"application\/ld+json\" class=\"yoast-schema-graph\">{\"@context\":\"https:\/\/schema.org\",\"@graph\":[{\"@type\":\"Article\",\"@id\":\"https:\/\/www.fiscalia.gov.co\/colombia\/noticias\/inicia-curso-de-entrenamiento-en-investigacion-de-casos-de-violencia-sexual-basada-en-genero\/#article\",\"isPartOf\":{\"@id\":\"https:\/\/www.fiscalia.gov.co\/colombia\/noticias\/inicia-curso-de-entrenamiento-en-investigacion-de-casos-de-violencia-sexual-basada-en-genero\/\"},\"author\":{\"name\":\"dfgordillo\",\"@id\":\"https:\/\/www.fiscalia.gov.co\/colombia\/#\/schema\/person\/3903856a3ce2d54b094c69eb29247895\"},\"headline\":\"Inicia Curso de Entrenamiento en Investigaci\u00f3n de Casos de Violencia Sexual basada en G\u00e9nero\",\"datePublished\":\"2014-01-20T15:56:25+00:00\",\"dateModified\":\"2014-02-11T22:39:36+00:00\",\"mainEntityOfPage\":{\"@id\":\"https:\/\/www.fiscalia.gov.co\/colombia\/noticias\/inicia-curso-de-entrenamiento-en-investigacion-de-casos-de-violencia-sexual-basada-en-genero\/\"},\"wordCount\":733,\"publisher\":{\"@id\":\"https:\/\/www.fiscalia.gov.co\/colombia\/#organization\"},\"keywords\":[\"Vicefiscal General de la Naci\u00f3n\",\"Violencia sexual\"],\"articleSection\":[\"Noticias\"],\"inLanguage\":\"es-CO\"},{\"@type\":\"WebPage\",\"@id\":\"https:\/\/www.fiscalia.gov.co\/colombia\/noticias\/inicia-curso-de-entrenamiento-en-investigacion-de-casos-de-violencia-sexual-basada-en-genero\/\",\"url\":\"https:\/\/www.fiscalia.gov.co\/colombia\/noticias\/inicia-curso-de-entrenamiento-en-investigacion-de-casos-de-violencia-sexual-basada-en-genero\/\",\"name\":\"Fiscal\u00eda General de la Naci\u00f3n\",\"isPartOf\":{\"@id\":\"https:\/\/www.fiscalia.gov.co\/colombia\/#website\"},\"datePublished\":\"2014-01-20T15:56:25+00:00\",\"dateModified\":\"2014-02-11T22:39:36+00:00\",\"description\":\"P\u00e1gina oficial de la Fiscal\u00eda General de la Naci\u00f3n \u2013 Colombia. Garantizamos el acceso efectivo a la justicia, la verdad y la reparaci\u00f3n de las v\u00edctimas de los delitos.\",\"breadcrumb\":{\"@id\":\"https:\/\/www.fiscalia.gov.co\/colombia\/noticias\/inicia-curso-de-entrenamiento-en-investigacion-de-casos-de-violencia-sexual-basada-en-genero\/#breadcrumb\"},\"inLanguage\":\"es-CO\",\"potentialAction\":[{\"@type\":\"ReadAction\",\"target\":[\"https:\/\/www.fiscalia.gov.co\/colombia\/noticias\/inicia-curso-de-entrenamiento-en-investigacion-de-casos-de-violencia-sexual-basada-en-genero\/\"]}]},{\"@type\":\"BreadcrumbList\",\"@id\":\"https:\/\/www.fiscalia.gov.co\/colombia\/noticias\/inicia-curso-de-entrenamiento-en-investigacion-de-casos-de-violencia-sexual-basada-en-genero\/#breadcrumb\",\"itemListElement\":[{\"@type\":\"ListItem\",\"position\":1,\"name\":\"Home\",\"item\":\"https:\/\/www.fiscalia.gov.co\/colombia\/\"},{\"@type\":\"ListItem\",\"position\":2,\"name\":\"Inicia Curso de Entrenamiento en Investigaci\u00f3n de Casos de Violencia Sexual basada en G\u00e9nero\"}]},{\"@type\":\"WebSite\",\"@id\":\"https:\/\/www.fiscalia.gov.co\/colombia\/#website\",\"url\":\"https:\/\/www.fiscalia.gov.co\/colombia\/\",\"name\":\"Fiscal\u00eda General de la Naci\u00f3n\",\"description\":\"P\u00e1gina oficial de la Fiscal\u00eda General de la Naci\u00f3n \u2013 Colombia. Garantizamos el acceso efectivo a la justicia, la verdad y la reparaci\u00f3n de las v\u00edctimas de los delitos.\",\"publisher\":{\"@id\":\"https:\/\/www.fiscalia.gov.co\/colombia\/#organization\"},\"potentialAction\":[{\"@type\":\"SearchAction\",\"target\":{\"@type\":\"EntryPoint\",\"urlTemplate\":\"https:\/\/www.fiscalia.gov.co\/colombia\/?s={search_term_string}\"},\"query-input\":{\"@type\":\"PropertyValueSpecification\",\"valueRequired\":true,\"valueName\":\"search_term_string\"}}],\"inLanguage\":\"es-CO\"},{\"@type\":\"Organization\",\"@id\":\"https:\/\/www.fiscalia.gov.co\/colombia\/#organization\",\"name\":\"Fiscal\u00eda General de la Naci\u00f3n\",\"url\":\"https:\/\/www.fiscalia.gov.co\/colombia\/\",\"logo\":{\"@type\":\"ImageObject\",\"inLanguage\":\"es-CO\",\"@id\":\"https:\/\/www.fiscalia.gov.co\/colombia\/#\/schema\/logo\/image\/\",\"url\":\"https:\/\/www.fiscalia.gov.co\/colombia\/wp-content\/uploads\/LogoHorizontal_1.jpg\",\"contentUrl\":\"https:\/\/www.fiscalia.gov.co\/colombia\/wp-content\/uploads\/LogoHorizontal_1.jpg\",\"width\":300,\"height\":90,\"caption\":\"Fiscal\u00eda General de la Naci\u00f3n\"},\"image\":{\"@id\":\"https:\/\/www.fiscalia.gov.co\/colombia\/#\/schema\/logo\/image\/\"},\"sameAs\":[\"https:\/\/www.facebook.com\/FiscaliaCol\",\"https:\/\/x.com\/FiscaliaCol\",\"https:\/\/www.instagram.com\/fiscaliacol\",\"https:\/\/www.linkedin.com\/company\/fiscalia-general-de-la-naci-n\/\",\"https:\/\/youtube.com\/@fiscaliageneraldelanacion-4668?si=6nN79nyQICPU5iTh\"]},{\"@type\":\"Person\",\"@id\":\"https:\/\/www.fiscalia.gov.co\/colombia\/#\/schema\/person\/3903856a3ce2d54b094c69eb29247895\",\"name\":\"dfgordillo\",\"image\":{\"@type\":\"ImageObject\",\"inLanguage\":\"es-CO\",\"@id\":\"https:\/\/www.fiscalia.gov.co\/colombia\/#\/schema\/person\/image\/\",\"url\":\"https:\/\/secure.gravatar.com\/avatar\/b6356e21c5657c60757fe6fb9493e947?s=96&d=mm&r=g\",\"contentUrl\":\"https:\/\/secure.gravatar.com\/avatar\/b6356e21c5657c60757fe6fb9493e947?s=96&d=mm&r=g\",\"caption\":\"dfgordillo\"},\"sameAs\":[\"dfgordillo\"],\"url\":\"https:\/\/www.fiscalia.gov.co\/colombia\/author\/dfgordillo\/\"}]}<\/script>\n<!-- \/ Yoast SEO plugin. -->","yoast_head_json":{"title":"Fiscal\u00eda General de la Naci\u00f3n","description":"P\u00e1gina oficial de la Fiscal\u00eda General de la Naci\u00f3n \u2013 Colombia. Garantizamos el acceso efectivo a la justicia, la verdad y la reparaci\u00f3n de las v\u00edctimas de los delitos.","robots":{"index":"noindex","follow":"follow"},"og_locale":"es_ES","og_type":"article","og_title":"Fiscal\u00eda General de la Naci\u00f3n","og_description":"P\u00e1gina oficial de la Fiscal\u00eda General de la Naci\u00f3n \u2013 Colombia. Garantizamos el acceso efectivo a la justicia, la verdad y la reparaci\u00f3n de las v\u00edctimas de los delitos.","og_url":"https:\/\/www.fiscalia.gov.co\/colombia\/noticias\/inicia-curso-de-entrenamiento-en-investigacion-de-casos-de-violencia-sexual-basada-en-genero\/","og_site_name":"Fiscal\u00eda General de la Naci\u00f3n","article_publisher":"https:\/\/www.facebook.com\/FiscaliaCol","article_published_time":"2014-01-20T15:56:25+00:00","article_modified_time":"2014-02-11T22:39:36+00:00","author":"dfgordillo","twitter_card":"summary_large_image","twitter_creator":"@FiscaliaCol","twitter_site":"@FiscaliaCol","twitter_misc":{"Escrito por":"dfgordillo","Tiempo de lectura":"4 minutos"},"schema":{"@context":"https:\/\/schema.org","@graph":[{"@type":"Article","@id":"https:\/\/www.fiscalia.gov.co\/colombia\/noticias\/inicia-curso-de-entrenamiento-en-investigacion-de-casos-de-violencia-sexual-basada-en-genero\/#article","isPartOf":{"@id":"https:\/\/www.fiscalia.gov.co\/colombia\/noticias\/inicia-curso-de-entrenamiento-en-investigacion-de-casos-de-violencia-sexual-basada-en-genero\/"},"author":{"name":"dfgordillo","@id":"https:\/\/www.fiscalia.gov.co\/colombia\/#\/schema\/person\/3903856a3ce2d54b094c69eb29247895"},"headline":"Inicia Curso de Entrenamiento en Investigaci\u00f3n de Casos de Violencia Sexual basada en G\u00e9nero","datePublished":"2014-01-20T15:56:25+00:00","dateModified":"2014-02-11T22:39:36+00:00","mainEntityOfPage":{"@id":"https:\/\/www.fiscalia.gov.co\/colombia\/noticias\/inicia-curso-de-entrenamiento-en-investigacion-de-casos-de-violencia-sexual-basada-en-genero\/"},"wordCount":733,"publisher":{"@id":"https:\/\/www.fiscalia.gov.co\/colombia\/#organization"},"keywords":["Vicefiscal General de la Naci\u00f3n","Violencia sexual"],"articleSection":["Noticias"],"inLanguage":"es-CO"},{"@type":"WebPage","@id":"https:\/\/www.fiscalia.gov.co\/colombia\/noticias\/inicia-curso-de-entrenamiento-en-investigacion-de-casos-de-violencia-sexual-basada-en-genero\/","url":"https:\/\/www.fiscalia.gov.co\/colombia\/noticias\/inicia-curso-de-entrenamiento-en-investigacion-de-casos-de-violencia-sexual-basada-en-genero\/","name":"Fiscal\u00eda General de la Naci\u00f3n","isPartOf":{"@id":"https:\/\/www.fiscalia.gov.co\/colombia\/#website"},"datePublished":"2014-01-20T15:56:25+00:00","dateModified":"2014-02-11T22:39:36+00:00","description":"P\u00e1gina oficial de la Fiscal\u00eda General de la Naci\u00f3n \u2013 Colombia. Garantizamos el acceso efectivo a la justicia, la verdad y la reparaci\u00f3n de las v\u00edctimas de los delitos.","breadcrumb":{"@id":"https:\/\/www.fiscalia.gov.co\/colombia\/noticias\/inicia-curso-de-entrenamiento-en-investigacion-de-casos-de-violencia-sexual-basada-en-genero\/#breadcrumb"},"inLanguage":"es-CO","potentialAction":[{"@type":"ReadAction","target":["https:\/\/www.fiscalia.gov.co\/colombia\/noticias\/inicia-curso-de-entrenamiento-en-investigacion-de-casos-de-violencia-sexual-basada-en-genero\/"]}]},{"@type":"BreadcrumbList","@id":"https:\/\/www.fiscalia.gov.co\/colombia\/noticias\/inicia-curso-de-entrenamiento-en-investigacion-de-casos-de-violencia-sexual-basada-en-genero\/#breadcrumb","itemListElement":[{"@type":"ListItem","position":1,"name":"Home","item":"https:\/\/www.fiscalia.gov.co\/colombia\/"},{"@type":"ListItem","position":2,"name":"Inicia Curso de Entrenamiento en Investigaci\u00f3n de Casos de Violencia Sexual basada en G\u00e9nero"}]},{"@type":"WebSite","@id":"https:\/\/www.fiscalia.gov.co\/colombia\/#website","url":"https:\/\/www.fiscalia.gov.co\/colombia\/","name":"Fiscal\u00eda General de la Naci\u00f3n","description":"P\u00e1gina oficial de la Fiscal\u00eda General de la Naci\u00f3n \u2013 Colombia. Garantizamos el acceso efectivo a la justicia, la verdad y la reparaci\u00f3n de las v\u00edctimas de los delitos.","publisher":{"@id":"https:\/\/www.fiscalia.gov.co\/colombia\/#organization"},"potentialAction":[{"@type":"SearchAction","target":{"@type":"EntryPoint","urlTemplate":"https:\/\/www.fiscalia.gov.co\/colombia\/?s={search_term_string}"},"query-input":{"@type":"PropertyValueSpecification","valueRequired":true,"valueName":"search_term_string"}}],"inLanguage":"es-CO"},{"@type":"Organization","@id":"https:\/\/www.fiscalia.gov.co\/colombia\/#organization","name":"Fiscal\u00eda General de la Naci\u00f3n","url":"https:\/\/www.fiscalia.gov.co\/colombia\/","logo":{"@type":"ImageObject","inLanguage":"es-CO","@id":"https:\/\/www.fiscalia.gov.co\/colombia\/#\/schema\/logo\/image\/","url":"https:\/\/www.fiscalia.gov.co\/colombia\/wp-content\/uploads\/LogoHorizontal_1.jpg","contentUrl":"https:\/\/www.fiscalia.gov.co\/colombia\/wp-content\/uploads\/LogoHorizontal_1.jpg","width":300,"height":90,"caption":"Fiscal\u00eda General de la Naci\u00f3n"},"image":{"@id":"https:\/\/www.fiscalia.gov.co\/colombia\/#\/schema\/logo\/image\/"},"sameAs":["https:\/\/www.facebook.com\/FiscaliaCol","https:\/\/x.com\/FiscaliaCol","https:\/\/www.instagram.com\/fiscaliacol","https:\/\/www.linkedin.com\/company\/fiscalia-general-de-la-naci-n\/","https:\/\/youtube.com\/@fiscaliageneraldelanacion-4668?si=6nN79nyQICPU5iTh"]},{"@type":"Person","@id":"https:\/\/www.fiscalia.gov.co\/colombia\/#\/schema\/person\/3903856a3ce2d54b094c69eb29247895","name":"dfgordillo","image":{"@type":"ImageObject","inLanguage":"es-CO","@id":"https:\/\/www.fiscalia.gov.co\/colombia\/#\/schema\/person\/image\/","url":"https:\/\/secure.gravatar.com\/avatar\/b6356e21c5657c60757fe6fb9493e947?s=96&d=mm&r=g","contentUrl":"https:\/\/secure.gravatar.com\/avatar\/b6356e21c5657c60757fe6fb9493e947?s=96&d=mm&r=g","caption":"dfgordillo"},"sameAs":["dfgordillo"],"url":"https:\/\/www.fiscalia.gov.co\/colombia\/author\/dfgordillo\/"}]}},"_links":{"self":[{"href":"https:\/\/www.fiscalia.gov.co\/colombia\/wp-json\/wp\/v2\/posts\/43705","targetHints":{"allow":["GET"]}}],"collection":[{"href":"https:\/\/www.fiscalia.gov.co\/colombia\/wp-json\/wp\/v2\/posts"}],"about":[{"href":"https:\/\/www.fiscalia.gov.co\/colombia\/wp-json\/wp\/v2\/types\/post"}],"author":[{"embeddable":true,"href":"https:\/\/www.fiscalia.gov.co\/colombia\/wp-json\/wp\/v2\/users\/143"}],"replies":[{"embeddable":true,"href":"https:\/\/www.fiscalia.gov.co\/colombia\/wp-json\/wp\/v2\/comments?post=43705"}],"version-history":[{"count":9,"href":"https:\/\/www.fiscalia.gov.co\/colombia\/wp-json\/wp\/v2\/posts\/43705\/revisions"}],"predecessor-version":[{"id":43709,"href":"https:\/\/www.fiscalia.gov.co\/colombia\/wp-json\/wp\/v2\/posts\/43705\/revisions\/43709"}],"wp:attachment":[{"href":"https:\/\/www.fiscalia.gov.co\/colombia\/wp-json\/wp\/v2\/media?parent=43705"}],"wp:term":[{"taxonomy":"category","embeddable":true,"href":"https:\/\/www.fiscalia.gov.co\/colombia\/wp-json\/wp\/v2\/categories?post=43705"},{"taxonomy":"post_tag","embeddable":true,"href":"https:\/\/www.fiscalia.gov.co\/colombia\/wp-json\/wp\/v2\/tags?post=43705"}],"curies":[{"name":"wp","href":"https:\/\/api.w.org\/{rel}","templated":true}]}}