{"id":43605,"date":"2014-01-17T08:58:41","date_gmt":"2014-01-17T13:58:41","guid":{"rendered":"http:\/\/www.fiscalia.gov.co\/colombia\/?p=43605"},"modified":"2014-01-17T08:58:41","modified_gmt":"2014-01-17T13:58:41","slug":"es-un-hecho-la-creacion-de-la-institucion-universitaria-de-la-fiscalia","status":"publish","type":"post","link":"https:\/\/www.fiscalia.gov.co\/colombia\/noticias\/es-un-hecho-la-creacion-de-la-institucion-universitaria-de-la-fiscalia\/","title":{"rendered":"Es un hecho la creaci\u00f3n de la Instituci\u00f3n Universitaria de la Fiscal\u00eda"},"content":{"rendered":"<p>En desarrollo de la presentaci\u00f3n de la reforma de la Fiscal\u00eda, el Director de la Escuela de Estudios e Investigaciones Criminal\u00edsticas y Ciencias Forenses, V\u00edctor Alberto Quinche dio a conocer los alcances de la creaci\u00f3n de la Instituci\u00f3n Universitaria y c\u00f3mo se pondr\u00e1 en marcha en el transcurso de este a\u00f1o.<\/p>\n<p>El Director de la Escuela dijo que \u201cla funci\u00f3n es la creaci\u00f3n, desarrollo, circulaci\u00f3n, mantenimiento y modernizaci\u00f3n de los procesos que permiten articular los saberes. La Fiscal\u00eda General de la Naci\u00f3n promovi\u00f3 la creaci\u00f3n de la Instituci\u00f3n Universitaria para ser coherentes con la modificaci\u00f3n del proceso investigativo\u201d.<\/p>\n<p>Recalc\u00f3 el funcionario que la creaci\u00f3n es el resultado necesario de las enormes exigencias tanto institucionales como sociales, de las transformaciones organizacionales y del estado mismo del desarrollo de los saberes. Agreg\u00f3 \u201clas instituciones educativas p\u00fablicas y privadas del pa\u00eds tienen\u00a0 un l\u00edmite en sus posibilidades para ofrecer profesionalizaci\u00f3n\u00a0 a los funcionarios de la Fiscal\u00eda, puesto que el manejo interno de la labor de la Fiscal\u00eda solo la conoce la instituci\u00f3n y las dem\u00e1s no tienen acceso a la forma c\u00f3mo se genera, se produce y circula el saber\u201d.<\/p>\n<p>La Instituci\u00f3n Universitaria se cre\u00f3 gracias a un proceso arduo. En la primera etapa, durante ocho meses, grupos internos de la Escuela trabajaron en el estudio de factibilidad socioecon\u00f3mica que fue aprobado por el Ministerio de Educaci\u00f3n Nacional y que permiti\u00f3 dicha creaci\u00f3n. Se habla entonces de dos procesos, el que condujo a la reforma de la Fiscal\u00eda y por otra parte, el de las exigencias institucionales externas de los \u00f3rganos de control y de acreditaci\u00f3n de la calidad que requer\u00edan la elaboraci\u00f3n de documentos donde estuviera incluido el modelo pedag\u00f3gico, el proyecto y las caracter\u00edsticas que va tener esta Instituci\u00f3n.<\/p>\n<p>\u201cLa transformaci\u00f3n de la Escuela es para la profesionalizaci\u00f3n y capacitaci\u00f3n de todos los funcionarios de la entidad, por lo tanto el esfuerzo de crear la Instituci\u00f3n Universitaria es una caracter\u00edstica que acompa\u00f1a el cambio organizacional\u201d, concret\u00f3 Quinche.<\/p>\n<p>El modelo pedag\u00f3gico de la Instituci\u00f3n Universitaria es espec\u00edfico, creado especialmente para cumplir el objetivo de capacitar a los funcionarios, el cual combina los elementos de la educaci\u00f3n para mayores, con los elementos tecnol\u00f3gicos en la educaci\u00f3n que permitir\u00e1 llegar a la mayor cantidad de funcionarios que requieren desarrollar el aprendizaje.<\/p>\n<p>El funcionario indic\u00f3 que \u201cla estructura b\u00e1sica de la instituci\u00f3n es la misma de una instituci\u00f3n universitaria, esto quiere decir que contar\u00e1 con un Consejo Directivo que interpretar\u00e1 las necesidades en la capacitaci\u00f3n, formaci\u00f3n y profesionalizaci\u00f3n de los funcionarios de la Fiscal\u00eda, y como indica la Ley, de aquellos saberes que tengan directa relaci\u00f3n con el desarrollo de los procesos penales y con el fomento del Estado social de derecho\u201d.<\/p>\n<p>En principio se har\u00e1 en Bogot\u00e1, pero el decreto de creaci\u00f3n cubre la posible ampliaci\u00f3n a otras regionales en el pa\u00eds, con medios virtuales que ya est\u00e1n asegurados en virtud de la cooperaci\u00f3n internacional del pa\u00eds. Se atender\u00e1n las necesidades de todos los funcionarios de la FGN, tanto en Bogot\u00e1 como en el resto de las ciudades de manera gradual.<\/p>\n<p>Los programas que ofrecer\u00e1, son los que est\u00e1n permitidos seg\u00fan la Ley 30, esto son titulaciones de pregrado en todos los niveles que ofrece la educaci\u00f3n superior en Colombia y, titulaciones de postgrado, al menos en los niveles de especializaci\u00f3n y maestr\u00eda. Posteriormente, y de acuerdo con el plan de desarrollo estrat\u00e9gico, se har\u00e1n vinculaciones con universidades espec\u00edficas para poder llegar a ofrecer formaci\u00f3n en el nivel doctoral.<\/p>\n<p>En 2014, en virtud de los decretos del Ministerio de Educaci\u00f3n, la Instituci\u00f3n debe generar los documentos maestros que le permitan registrar y acreditar sus programas educativos con los est\u00e1ndares del Consejo Nacional de Acreditaci\u00f3n y con los est\u00e1ndares de acreditaci\u00f3n de las ligas universitarias internacionales. Por ello en el primer semestre, \u201cesperamos registrar un pregrado tecnol\u00f3gico en investigaci\u00f3n criminal con un componente presencial concentrado y con un componente de formaci\u00f3n a distancia, que les permita a los funcionarios del CTI en Bogot\u00e1 y de otras ciudades adelantar estos cursos de pregrado\u201d, manifest\u00f3 el Director de la Escuela.<\/p>\n<p>Concluy\u00f3 el funcionario \u201cEn el segundo semestre empezaremos con dos programas de especializaci\u00f3n, una en habilidades de investigaci\u00f3n y acusaci\u00f3n, que es un programa espec\u00edfico para los fiscales que actualmente prestan los servicios en la entidad; y una especializaci\u00f3n en habilidades de argumentaci\u00f3n, pensamiento cr\u00edtico y hermen\u00e9utica jur\u00eddica. La proyecci\u00f3n de este programa se fij\u00f3 en la visi\u00f3n institucional, porque nosotros en 15 a\u00f1os esperamos ser el punto de referencia como instituci\u00f3n acreditada nacional e internacionalmente, en lo que tiene que ver con la creaci\u00f3n y desarrollo de los saberes que est\u00e1n vinculados con el proceso penal\u201d.<\/p>\n\n<div class=\"twitter-share\"><a href=\"https:\/\/twitter.com\/intent\/tweet?via=fiscaliacol\" class=\"twitter-share-button\">Tweet<\/a><\/div>\n","protected":false},"excerpt":{"rendered":"<p>En desarrollo de la presentaci\u00f3n de la reforma de la Fiscal\u00eda, el Director de la Escuela de Estudios e Investigaciones Criminal\u00edsticas y Ciencias Forenses, V\u00edctor Alberto Quinche dio a conocer los alcances de la creaci\u00f3n de la Instituci\u00f3n Universitaria y c\u00f3mo se pondr\u00e1 en marcha en el transcurso de este a\u00f1o. El Director de la [&hellip;]<\/p>\n","protected":false},"author":143,"featured_media":0,"comment_status":"closed","ping_status":"open","sticky":false,"template":"","format":"standard","meta":{"_price":"","_stock":"","_tribe_ticket_header":"","_tribe_default_ticket_provider":"","_tribe_ticket_capacity":"0","_ticket_start_date":"","_ticket_end_date":"","_tribe_ticket_show_description":"","_tribe_ticket_show_not_going":false,"_tribe_ticket_use_global_stock":"","_tribe_ticket_global_stock_level":"","_global_stock_mode":"","_global_stock_cap":"","_tribe_rsvp_for_event":"","_tribe_ticket_going_count":"","_tribe_ticket_not_going_count":"","_tribe_tickets_list":"[]","_tribe_ticket_has_attendee_info_fields":false,"tdm_status":"","tdm_grid_status":"","footnotes":""},"categories":[1],"tags":[6155],"class_list":{"0":"post-43605","1":"post","2":"type-post","3":"status-publish","4":"format-standard","6":"category-noticias","7":"tag-victor-alberto-quinche"},"yoast_head":"<!-- This site is optimized with the Yoast SEO plugin v24.3 - https:\/\/yoast.com\/wordpress\/plugins\/seo\/ -->\n<title>Fiscal\u00eda General de la Naci\u00f3n<\/title>\n<meta name=\"description\" content=\"P\u00e1gina oficial de la Fiscal\u00eda General de la Naci\u00f3n \u2013 Colombia. Garantizamos el acceso efectivo a la justicia, la verdad y la reparaci\u00f3n de las v\u00edctimas de los delitos.\" \/>\n<meta name=\"robots\" content=\"noindex, follow\" \/>\n<meta property=\"og:locale\" content=\"es_ES\" \/>\n<meta property=\"og:type\" content=\"article\" \/>\n<meta property=\"og:title\" content=\"Fiscal\u00eda General de la Naci\u00f3n\" \/>\n<meta property=\"og:description\" content=\"P\u00e1gina oficial de la Fiscal\u00eda General de la Naci\u00f3n \u2013 Colombia. Garantizamos el acceso efectivo a la justicia, la verdad y la reparaci\u00f3n de las v\u00edctimas de los delitos.\" \/>\n<meta property=\"og:url\" content=\"https:\/\/www.fiscalia.gov.co\/colombia\/noticias\/es-un-hecho-la-creacion-de-la-institucion-universitaria-de-la-fiscalia\/\" \/>\n<meta property=\"og:site_name\" content=\"Fiscal\u00eda General de la Naci\u00f3n\" \/>\n<meta property=\"article:publisher\" content=\"https:\/\/www.facebook.com\/FiscaliaCol\" \/>\n<meta property=\"article:published_time\" content=\"2014-01-17T13:58:41+00:00\" \/>\n<meta name=\"author\" content=\"dfgordillo\" \/>\n<meta name=\"twitter:card\" content=\"summary_large_image\" \/>\n<meta name=\"twitter:creator\" content=\"@FiscaliaCol\" \/>\n<meta name=\"twitter:site\" content=\"@FiscaliaCol\" \/>\n<meta name=\"twitter:label1\" content=\"Escrito por\" \/>\n\t<meta name=\"twitter:data1\" content=\"dfgordillo\" \/>\n\t<meta name=\"twitter:label2\" content=\"Tiempo de lectura\" \/>\n\t<meta name=\"twitter:data2\" content=\"4 minutos\" \/>\n<script type=\"application\/ld+json\" class=\"yoast-schema-graph\">{\"@context\":\"https:\/\/schema.org\",\"@graph\":[{\"@type\":\"Article\",\"@id\":\"https:\/\/www.fiscalia.gov.co\/colombia\/noticias\/es-un-hecho-la-creacion-de-la-institucion-universitaria-de-la-fiscalia\/#article\",\"isPartOf\":{\"@id\":\"https:\/\/www.fiscalia.gov.co\/colombia\/noticias\/es-un-hecho-la-creacion-de-la-institucion-universitaria-de-la-fiscalia\/\"},\"author\":{\"name\":\"dfgordillo\",\"@id\":\"https:\/\/www.fiscalia.gov.co\/colombia\/#\/schema\/person\/3903856a3ce2d54b094c69eb29247895\"},\"headline\":\"Es un hecho la creaci\u00f3n de la Instituci\u00f3n Universitaria de la Fiscal\u00eda\",\"datePublished\":\"2014-01-17T13:58:41+00:00\",\"dateModified\":\"2014-01-17T13:58:41+00:00\",\"mainEntityOfPage\":{\"@id\":\"https:\/\/www.fiscalia.gov.co\/colombia\/noticias\/es-un-hecho-la-creacion-de-la-institucion-universitaria-de-la-fiscalia\/\"},\"wordCount\":880,\"publisher\":{\"@id\":\"https:\/\/www.fiscalia.gov.co\/colombia\/#organization\"},\"keywords\":[\"V\u00edctor Alberto Quinche\"],\"articleSection\":[\"Noticias\"],\"inLanguage\":\"es-CO\"},{\"@type\":\"WebPage\",\"@id\":\"https:\/\/www.fiscalia.gov.co\/colombia\/noticias\/es-un-hecho-la-creacion-de-la-institucion-universitaria-de-la-fiscalia\/\",\"url\":\"https:\/\/www.fiscalia.gov.co\/colombia\/noticias\/es-un-hecho-la-creacion-de-la-institucion-universitaria-de-la-fiscalia\/\",\"name\":\"Fiscal\u00eda General de la Naci\u00f3n\",\"isPartOf\":{\"@id\":\"https:\/\/www.fiscalia.gov.co\/colombia\/#website\"},\"datePublished\":\"2014-01-17T13:58:41+00:00\",\"dateModified\":\"2014-01-17T13:58:41+00:00\",\"description\":\"P\u00e1gina oficial de la Fiscal\u00eda General de la Naci\u00f3n \u2013 Colombia. Garantizamos el acceso efectivo a la justicia, la verdad y la reparaci\u00f3n de las v\u00edctimas de los delitos.\",\"breadcrumb\":{\"@id\":\"https:\/\/www.fiscalia.gov.co\/colombia\/noticias\/es-un-hecho-la-creacion-de-la-institucion-universitaria-de-la-fiscalia\/#breadcrumb\"},\"inLanguage\":\"es-CO\",\"potentialAction\":[{\"@type\":\"ReadAction\",\"target\":[\"https:\/\/www.fiscalia.gov.co\/colombia\/noticias\/es-un-hecho-la-creacion-de-la-institucion-universitaria-de-la-fiscalia\/\"]}]},{\"@type\":\"BreadcrumbList\",\"@id\":\"https:\/\/www.fiscalia.gov.co\/colombia\/noticias\/es-un-hecho-la-creacion-de-la-institucion-universitaria-de-la-fiscalia\/#breadcrumb\",\"itemListElement\":[{\"@type\":\"ListItem\",\"position\":1,\"name\":\"Home\",\"item\":\"https:\/\/www.fiscalia.gov.co\/colombia\/\"},{\"@type\":\"ListItem\",\"position\":2,\"name\":\"Es un hecho la creaci\u00f3n de la Instituci\u00f3n Universitaria de la Fiscal\u00eda\"}]},{\"@type\":\"WebSite\",\"@id\":\"https:\/\/www.fiscalia.gov.co\/colombia\/#website\",\"url\":\"https:\/\/www.fiscalia.gov.co\/colombia\/\",\"name\":\"Fiscal\u00eda General de la Naci\u00f3n\",\"description\":\"P\u00e1gina oficial de la Fiscal\u00eda General de la Naci\u00f3n \u2013 Colombia. Garantizamos el acceso efectivo a la justicia, la verdad y la reparaci\u00f3n de las v\u00edctimas de los delitos.\",\"publisher\":{\"@id\":\"https:\/\/www.fiscalia.gov.co\/colombia\/#organization\"},\"potentialAction\":[{\"@type\":\"SearchAction\",\"target\":{\"@type\":\"EntryPoint\",\"urlTemplate\":\"https:\/\/www.fiscalia.gov.co\/colombia\/?s={search_term_string}\"},\"query-input\":{\"@type\":\"PropertyValueSpecification\",\"valueRequired\":true,\"valueName\":\"search_term_string\"}}],\"inLanguage\":\"es-CO\"},{\"@type\":\"Organization\",\"@id\":\"https:\/\/www.fiscalia.gov.co\/colombia\/#organization\",\"name\":\"Fiscal\u00eda General de la Naci\u00f3n\",\"url\":\"https:\/\/www.fiscalia.gov.co\/colombia\/\",\"logo\":{\"@type\":\"ImageObject\",\"inLanguage\":\"es-CO\",\"@id\":\"https:\/\/www.fiscalia.gov.co\/colombia\/#\/schema\/logo\/image\/\",\"url\":\"https:\/\/www.fiscalia.gov.co\/colombia\/wp-content\/uploads\/LogoHorizontal_1.jpg\",\"contentUrl\":\"https:\/\/www.fiscalia.gov.co\/colombia\/wp-content\/uploads\/LogoHorizontal_1.jpg\",\"width\":300,\"height\":90,\"caption\":\"Fiscal\u00eda General de la Naci\u00f3n\"},\"image\":{\"@id\":\"https:\/\/www.fiscalia.gov.co\/colombia\/#\/schema\/logo\/image\/\"},\"sameAs\":[\"https:\/\/www.facebook.com\/FiscaliaCol\",\"https:\/\/x.com\/FiscaliaCol\",\"https:\/\/www.instagram.com\/fiscaliacol\",\"https:\/\/www.linkedin.com\/company\/fiscalia-general-de-la-naci-n\/\",\"https:\/\/youtube.com\/@fiscaliageneraldelanacion-4668?si=6nN79nyQICPU5iTh\"]},{\"@type\":\"Person\",\"@id\":\"https:\/\/www.fiscalia.gov.co\/colombia\/#\/schema\/person\/3903856a3ce2d54b094c69eb29247895\",\"name\":\"dfgordillo\",\"image\":{\"@type\":\"ImageObject\",\"inLanguage\":\"es-CO\",\"@id\":\"https:\/\/www.fiscalia.gov.co\/colombia\/#\/schema\/person\/image\/\",\"url\":\"https:\/\/secure.gravatar.com\/avatar\/b6356e21c5657c60757fe6fb9493e947?s=96&d=mm&r=g\",\"contentUrl\":\"https:\/\/secure.gravatar.com\/avatar\/b6356e21c5657c60757fe6fb9493e947?s=96&d=mm&r=g\",\"caption\":\"dfgordillo\"},\"sameAs\":[\"dfgordillo\"],\"url\":\"https:\/\/www.fiscalia.gov.co\/colombia\/author\/dfgordillo\/\"}]}<\/script>\n<!-- \/ Yoast SEO plugin. -->","yoast_head_json":{"title":"Fiscal\u00eda General de la Naci\u00f3n","description":"P\u00e1gina oficial de la Fiscal\u00eda General de la Naci\u00f3n \u2013 Colombia. Garantizamos el acceso efectivo a la justicia, la verdad y la reparaci\u00f3n de las v\u00edctimas de los delitos.","robots":{"index":"noindex","follow":"follow"},"og_locale":"es_ES","og_type":"article","og_title":"Fiscal\u00eda General de la Naci\u00f3n","og_description":"P\u00e1gina oficial de la Fiscal\u00eda General de la Naci\u00f3n \u2013 Colombia. Garantizamos el acceso efectivo a la justicia, la verdad y la reparaci\u00f3n de las v\u00edctimas de los delitos.","og_url":"https:\/\/www.fiscalia.gov.co\/colombia\/noticias\/es-un-hecho-la-creacion-de-la-institucion-universitaria-de-la-fiscalia\/","og_site_name":"Fiscal\u00eda General de la Naci\u00f3n","article_publisher":"https:\/\/www.facebook.com\/FiscaliaCol","article_published_time":"2014-01-17T13:58:41+00:00","author":"dfgordillo","twitter_card":"summary_large_image","twitter_creator":"@FiscaliaCol","twitter_site":"@FiscaliaCol","twitter_misc":{"Escrito por":"dfgordillo","Tiempo de lectura":"4 minutos"},"schema":{"@context":"https:\/\/schema.org","@graph":[{"@type":"Article","@id":"https:\/\/www.fiscalia.gov.co\/colombia\/noticias\/es-un-hecho-la-creacion-de-la-institucion-universitaria-de-la-fiscalia\/#article","isPartOf":{"@id":"https:\/\/www.fiscalia.gov.co\/colombia\/noticias\/es-un-hecho-la-creacion-de-la-institucion-universitaria-de-la-fiscalia\/"},"author":{"name":"dfgordillo","@id":"https:\/\/www.fiscalia.gov.co\/colombia\/#\/schema\/person\/3903856a3ce2d54b094c69eb29247895"},"headline":"Es un hecho la creaci\u00f3n de la Instituci\u00f3n Universitaria de la Fiscal\u00eda","datePublished":"2014-01-17T13:58:41+00:00","dateModified":"2014-01-17T13:58:41+00:00","mainEntityOfPage":{"@id":"https:\/\/www.fiscalia.gov.co\/colombia\/noticias\/es-un-hecho-la-creacion-de-la-institucion-universitaria-de-la-fiscalia\/"},"wordCount":880,"publisher":{"@id":"https:\/\/www.fiscalia.gov.co\/colombia\/#organization"},"keywords":["V\u00edctor Alberto Quinche"],"articleSection":["Noticias"],"inLanguage":"es-CO"},{"@type":"WebPage","@id":"https:\/\/www.fiscalia.gov.co\/colombia\/noticias\/es-un-hecho-la-creacion-de-la-institucion-universitaria-de-la-fiscalia\/","url":"https:\/\/www.fiscalia.gov.co\/colombia\/noticias\/es-un-hecho-la-creacion-de-la-institucion-universitaria-de-la-fiscalia\/","name":"Fiscal\u00eda General de la Naci\u00f3n","isPartOf":{"@id":"https:\/\/www.fiscalia.gov.co\/colombia\/#website"},"datePublished":"2014-01-17T13:58:41+00:00","dateModified":"2014-01-17T13:58:41+00:00","description":"P\u00e1gina oficial de la Fiscal\u00eda General de la Naci\u00f3n \u2013 Colombia. Garantizamos el acceso efectivo a la justicia, la verdad y la reparaci\u00f3n de las v\u00edctimas de los delitos.","breadcrumb":{"@id":"https:\/\/www.fiscalia.gov.co\/colombia\/noticias\/es-un-hecho-la-creacion-de-la-institucion-universitaria-de-la-fiscalia\/#breadcrumb"},"inLanguage":"es-CO","potentialAction":[{"@type":"ReadAction","target":["https:\/\/www.fiscalia.gov.co\/colombia\/noticias\/es-un-hecho-la-creacion-de-la-institucion-universitaria-de-la-fiscalia\/"]}]},{"@type":"BreadcrumbList","@id":"https:\/\/www.fiscalia.gov.co\/colombia\/noticias\/es-un-hecho-la-creacion-de-la-institucion-universitaria-de-la-fiscalia\/#breadcrumb","itemListElement":[{"@type":"ListItem","position":1,"name":"Home","item":"https:\/\/www.fiscalia.gov.co\/colombia\/"},{"@type":"ListItem","position":2,"name":"Es un hecho la creaci\u00f3n de la Instituci\u00f3n Universitaria de la Fiscal\u00eda"}]},{"@type":"WebSite","@id":"https:\/\/www.fiscalia.gov.co\/colombia\/#website","url":"https:\/\/www.fiscalia.gov.co\/colombia\/","name":"Fiscal\u00eda General de la Naci\u00f3n","description":"P\u00e1gina oficial de la Fiscal\u00eda General de la Naci\u00f3n \u2013 Colombia. Garantizamos el acceso efectivo a la justicia, la verdad y la reparaci\u00f3n de las v\u00edctimas de los delitos.","publisher":{"@id":"https:\/\/www.fiscalia.gov.co\/colombia\/#organization"},"potentialAction":[{"@type":"SearchAction","target":{"@type":"EntryPoint","urlTemplate":"https:\/\/www.fiscalia.gov.co\/colombia\/?s={search_term_string}"},"query-input":{"@type":"PropertyValueSpecification","valueRequired":true,"valueName":"search_term_string"}}],"inLanguage":"es-CO"},{"@type":"Organization","@id":"https:\/\/www.fiscalia.gov.co\/colombia\/#organization","name":"Fiscal\u00eda General de la Naci\u00f3n","url":"https:\/\/www.fiscalia.gov.co\/colombia\/","logo":{"@type":"ImageObject","inLanguage":"es-CO","@id":"https:\/\/www.fiscalia.gov.co\/colombia\/#\/schema\/logo\/image\/","url":"https:\/\/www.fiscalia.gov.co\/colombia\/wp-content\/uploads\/LogoHorizontal_1.jpg","contentUrl":"https:\/\/www.fiscalia.gov.co\/colombia\/wp-content\/uploads\/LogoHorizontal_1.jpg","width":300,"height":90,"caption":"Fiscal\u00eda General de la Naci\u00f3n"},"image":{"@id":"https:\/\/www.fiscalia.gov.co\/colombia\/#\/schema\/logo\/image\/"},"sameAs":["https:\/\/www.facebook.com\/FiscaliaCol","https:\/\/x.com\/FiscaliaCol","https:\/\/www.instagram.com\/fiscaliacol","https:\/\/www.linkedin.com\/company\/fiscalia-general-de-la-naci-n\/","https:\/\/youtube.com\/@fiscaliageneraldelanacion-4668?si=6nN79nyQICPU5iTh"]},{"@type":"Person","@id":"https:\/\/www.fiscalia.gov.co\/colombia\/#\/schema\/person\/3903856a3ce2d54b094c69eb29247895","name":"dfgordillo","image":{"@type":"ImageObject","inLanguage":"es-CO","@id":"https:\/\/www.fiscalia.gov.co\/colombia\/#\/schema\/person\/image\/","url":"https:\/\/secure.gravatar.com\/avatar\/b6356e21c5657c60757fe6fb9493e947?s=96&d=mm&r=g","contentUrl":"https:\/\/secure.gravatar.com\/avatar\/b6356e21c5657c60757fe6fb9493e947?s=96&d=mm&r=g","caption":"dfgordillo"},"sameAs":["dfgordillo"],"url":"https:\/\/www.fiscalia.gov.co\/colombia\/author\/dfgordillo\/"}]}},"_links":{"self":[{"href":"https:\/\/www.fiscalia.gov.co\/colombia\/wp-json\/wp\/v2\/posts\/43605","targetHints":{"allow":["GET"]}}],"collection":[{"href":"https:\/\/www.fiscalia.gov.co\/colombia\/wp-json\/wp\/v2\/posts"}],"about":[{"href":"https:\/\/www.fiscalia.gov.co\/colombia\/wp-json\/wp\/v2\/types\/post"}],"author":[{"embeddable":true,"href":"https:\/\/www.fiscalia.gov.co\/colombia\/wp-json\/wp\/v2\/users\/143"}],"replies":[{"embeddable":true,"href":"https:\/\/www.fiscalia.gov.co\/colombia\/wp-json\/wp\/v2\/comments?post=43605"}],"version-history":[{"count":1,"href":"https:\/\/www.fiscalia.gov.co\/colombia\/wp-json\/wp\/v2\/posts\/43605\/revisions"}],"predecessor-version":[{"id":43606,"href":"https:\/\/www.fiscalia.gov.co\/colombia\/wp-json\/wp\/v2\/posts\/43605\/revisions\/43606"}],"wp:attachment":[{"href":"https:\/\/www.fiscalia.gov.co\/colombia\/wp-json\/wp\/v2\/media?parent=43605"}],"wp:term":[{"taxonomy":"category","embeddable":true,"href":"https:\/\/www.fiscalia.gov.co\/colombia\/wp-json\/wp\/v2\/categories?post=43605"},{"taxonomy":"post_tag","embeddable":true,"href":"https:\/\/www.fiscalia.gov.co\/colombia\/wp-json\/wp\/v2\/tags?post=43605"}],"curies":[{"name":"wp","href":"https:\/\/api.w.org\/{rel}","templated":true}]}}