{"id":43603,"date":"2014-01-17T08:48:19","date_gmt":"2014-01-17T13:48:19","guid":{"rendered":"http:\/\/www.fiscalia.gov.co\/colombia\/?p=43603"},"modified":"2014-01-17T08:48:19","modified_gmt":"2014-01-17T13:48:19","slug":"dos-estrategias-se-fortalecen-con-la-reforma-a-la-fiscalia","status":"publish","type":"post","link":"https:\/\/www.fiscalia.gov.co\/colombia\/noticias\/dos-estrategias-se-fortalecen-con-la-reforma-a-la-fiscalia\/","title":{"rendered":"Dos estrategias se fortalecen con la reforma a la Fiscal\u00eda"},"content":{"rendered":"<p>Tras los estudios t\u00e9cnicos previos para la reforma de la Fiscal\u00eda, se determin\u00f3 que con esta reestructuraci\u00f3n se fortalecen dos estrategias, una en investigaci\u00f3n penal y la otra en talento humano.<\/p>\n<p>La asesora del Despacho del Fiscal General, Gloria Ortiz, precis\u00f3 varios puntos de estas estrategias. Dijo que \u201cesta reforma se hizo preguntando la percepci\u00f3n que ten\u00eda la Fiscal\u00eda afuera y tambi\u00e9n un estudio espejo que reflej\u00f3 desde adentro las necesidades que ten\u00eda la Fiscal\u00eda. Se recibieron en un a\u00f1o de trabajo\u00a0 5.318 correos de funcionarios de la entidad que propon\u00edan formas de mejoramiento de la misma; se hicieron 1.800 entrevistas directas para hacer estudio de cargas laborales (\u2026) se intervinieron siete seccionales, Nivel Central y Bogot\u00e1, solo en esta \u00faltima se intervinieron 107 \u00e1reas funcionales y se generaron 5.454 registros de percepciones de funcionarios de la entidad\u201d.<\/p>\n<p>La reforma de los decretos con fuerza de Ley expedidos por el Presidente de la Rep\u00fablica solo implican un cambio administrativo m\u00e1s no modifica no altera las normas sustanciales del proceso penal. Sin embargo, el objetivo de la primera estrategia es producir mayores resultados, mejores investigaciones, m\u00e1s eficientes y m\u00e1s r\u00e1pidas. Para ello tambi\u00e9n se requiere contar con estrategias de administraci\u00f3n del talento humano.<\/p>\n<p>Sobre este \u00faltimo tema se estableci\u00f3 la necesidad de fortalecer la investigaci\u00f3n en las seccionales, no solo con el aumento de personal, sino con la gerencia de la administraci\u00f3n de los casos en las seccionales. La doctora Ortiz se\u00f1al\u00f3 que el 24 por ciento de la planta general corresponde al Nivel Central, mientras el 76 por ciento restante es de las seccionales. De estos datos, se indic\u00f3 el 2.863 cargos de nivel profesional son del Nivel Central y 6.146 son de las seccionales; entre estos cargos est\u00e1n no solo los de los fiscales sino los de los nuevos investigadores profesionales.<\/p>\n<p>Por otra parte, del nivel t\u00e9cnico, entre los que se encuentran los asistentes de fiscal e investigadores criminal\u00edsticos, y que se aspira lleguen a la profesionalizaci\u00f3n; hay 3.500 en Nivel Central y 13.654 en las seccionales. Este fortalecimiento en n\u00famero est\u00e1 de la mano con el fortalecimiento en la gerencia de los procesos, la cual se manejar\u00e1 con un Director que\u00a0 se apoya en \u00e1reas, donde se incluye un \u00e1rea de atenci\u00f3n a las v\u00edctimas y a los usuarios.<\/p>\n<p>\u201cPor primera vez se va tener un sistema de canalizaci\u00f3n de informaci\u00f3n a los usuarios, quienes no tienen un sitio actualmente de atenci\u00f3n espec\u00edfico para ellos (\u2026). Este a\u00f1o entrar\u00e1n a funcionar las subdirecciones de v\u00edctimas en muchas de las seccionales de mayor conflictividad del pa\u00eds (\u2026) la atenci\u00f3n de v\u00edctimas es una prioridad para este nuevo modelo de investigaci\u00f3n en la Fiscal\u00eda\u201d destac\u00f3 la asesora.<\/p>\n<p>La otra estrategia se relaciona con los mecanismos para profesionalizar la entidad, dada la complejidad de las investigaciones y exigencias del sistema acusatorio. En principio se ten\u00edan solo 62 investigadores profesionales, pero con la reforma, en tres a\u00f1os, se tendr\u00e1n 998 investigadores criminal\u00edsticos. Igualmente se aumentar\u00e1 a 1.950 el n\u00famero de profesionales que se encargar\u00e1n del trabajo de an\u00e1lisis criminal y apoyo profesional, y a 5.496 el n\u00famero de fiscales. La funcionaria manifest\u00f3 sobre este tema que \u201cpara esta estrategia se debieron suprimir cargos de nivel asistencial, donde la Fiscal\u00eda ten\u00eda personal de alt\u00edsimo nivel profesional y que estaba subvalorada, y sin motivaci\u00f3n, por eso dio prioridad cambiando la nomenclatura y con el dinero que dio el Gobierno Nacional, el 60 por ciento de los recursos se invertir\u00e1 en este primer a\u00f1o en el ajuste de dicha nomenclatura; esto no implica nuevas vinculaciones sino la eliminaci\u00f3n de estas\u00a0 disfuncionalidades, en las que servidores que realizaban el mismo trabajo ten\u00edan diferencia salarial\u201d.<\/p>\n<p>La asesora recalc\u00f3 que los nuevos cargos implican de manera m\u00e1s fuerte la nueva estructura de la Fiscal\u00eda y por ello en 2015 y 2016 se ejecutar\u00e1n\u00a0 la otra parte de los recursos destinados a las nuevas vinculaciones, esto representa el 30 por ciento, los gastos de funcionamiento representan el 4 por ciento y la Instituci\u00f3n Universitaria el 6 por ciento.<\/p>\n<p>Otro punto que destac\u00f3 fue la regulaci\u00f3n de la carrera administrativa para garantizar la igualdad de acceso a los cargos de la Fiscal\u00eda, bien para nuevos ingresos o para permanecer y ascender en la entidad. La carrera se convocar\u00e1 por grupos funcionales, que se van a trabajar sobre procesos distintos. El 30 por ciento de las convocatorias de carrera administrativa estar\u00e1 destinado para los concursos de ascenso. En cuanto a la calificaci\u00f3n de desempe\u00f1\u00f3 Ortiz anunci\u00f3 que se implementan nuevos m\u00e9todos para calificar la gesti\u00f3n, acorde con la tareas y que los funcionarios nombrados en provisionalidad y los de libre nombramiento y remoci\u00f3n tambi\u00e9n ser\u00e1n tendr\u00e1n calificaci\u00f3n de desempe\u00f1o.<\/p>\n<p>Por \u00faltimo, la asesora enfatiz\u00f3 en que \u201cla Fiscal\u00eda no va hacer despidos y los cargos suprimidos no tendr\u00e1n afectaci\u00f3n del empleo\u201d.<\/p>\n\n<div class=\"twitter-share\"><a href=\"https:\/\/twitter.com\/intent\/tweet?via=fiscaliacol\" class=\"twitter-share-button\">Tweet<\/a><\/div>\n","protected":false},"excerpt":{"rendered":"<p>Tras los estudios t\u00e9cnicos previos para la reforma de la Fiscal\u00eda, se determin\u00f3 que con esta reestructuraci\u00f3n se fortalecen dos estrategias, una en investigaci\u00f3n penal y la otra en talento humano. La asesora del Despacho del Fiscal General, Gloria Ortiz, precis\u00f3 varios puntos de estas estrategias. Dijo que \u201cesta reforma se hizo preguntando la percepci\u00f3n [&hellip;]<\/p>\n","protected":false},"author":143,"featured_media":0,"comment_status":"closed","ping_status":"open","sticky":false,"template":"","format":"standard","meta":{"_price":"","_stock":"","_tribe_ticket_header":"","_tribe_default_ticket_provider":"","_tribe_ticket_capacity":"0","_ticket_start_date":"","_ticket_end_date":"","_tribe_ticket_show_description":"","_tribe_ticket_show_not_going":false,"_tribe_ticket_use_global_stock":"","_tribe_ticket_global_stock_level":"","_global_stock_mode":"","_global_stock_cap":"","_tribe_rsvp_for_event":"","_tribe_ticket_going_count":"","_tribe_ticket_not_going_count":"","_tribe_tickets_list":"[]","_tribe_ticket_has_attendee_info_fields":false,"tdm_status":"","tdm_grid_status":"","footnotes":""},"categories":[1],"tags":[6153,6059],"class_list":{"0":"post-43603","1":"post","2":"type-post","3":"status-publish","4":"format-standard","6":"category-noticias","7":"tag-gloria-ortiz","8":"tag-reforma"},"yoast_head":"<!-- This site is optimized with the Yoast SEO plugin v24.3 - https:\/\/yoast.com\/wordpress\/plugins\/seo\/ -->\n<title>Fiscal\u00eda General de la Naci\u00f3n<\/title>\n<meta name=\"description\" content=\"P\u00e1gina oficial de la Fiscal\u00eda General de la Naci\u00f3n \u2013 Colombia. Garantizamos el acceso efectivo a la justicia, la verdad y la reparaci\u00f3n de las v\u00edctimas de los delitos.\" \/>\n<meta name=\"robots\" content=\"noindex, follow\" \/>\n<meta property=\"og:locale\" content=\"es_ES\" \/>\n<meta property=\"og:type\" content=\"article\" \/>\n<meta property=\"og:title\" content=\"Fiscal\u00eda General de la Naci\u00f3n\" \/>\n<meta property=\"og:description\" content=\"P\u00e1gina oficial de la Fiscal\u00eda General de la Naci\u00f3n \u2013 Colombia. Garantizamos el acceso efectivo a la justicia, la verdad y la reparaci\u00f3n de las v\u00edctimas de los delitos.\" \/>\n<meta property=\"og:url\" content=\"https:\/\/www.fiscalia.gov.co\/colombia\/noticias\/dos-estrategias-se-fortalecen-con-la-reforma-a-la-fiscalia\/\" \/>\n<meta property=\"og:site_name\" content=\"Fiscal\u00eda General de la Naci\u00f3n\" \/>\n<meta property=\"article:publisher\" content=\"https:\/\/www.facebook.com\/FiscaliaCol\" \/>\n<meta property=\"article:published_time\" content=\"2014-01-17T13:48:19+00:00\" \/>\n<meta name=\"author\" content=\"dfgordillo\" \/>\n<meta name=\"twitter:card\" content=\"summary_large_image\" \/>\n<meta name=\"twitter:creator\" content=\"@FiscaliaCol\" \/>\n<meta name=\"twitter:site\" content=\"@FiscaliaCol\" \/>\n<meta name=\"twitter:label1\" content=\"Escrito por\" \/>\n\t<meta name=\"twitter:data1\" content=\"dfgordillo\" \/>\n\t<meta name=\"twitter:label2\" content=\"Tiempo de lectura\" \/>\n\t<meta name=\"twitter:data2\" content=\"4 minutos\" \/>\n<script type=\"application\/ld+json\" class=\"yoast-schema-graph\">{\"@context\":\"https:\/\/schema.org\",\"@graph\":[{\"@type\":\"Article\",\"@id\":\"https:\/\/www.fiscalia.gov.co\/colombia\/noticias\/dos-estrategias-se-fortalecen-con-la-reforma-a-la-fiscalia\/#article\",\"isPartOf\":{\"@id\":\"https:\/\/www.fiscalia.gov.co\/colombia\/noticias\/dos-estrategias-se-fortalecen-con-la-reforma-a-la-fiscalia\/\"},\"author\":{\"name\":\"dfgordillo\",\"@id\":\"https:\/\/www.fiscalia.gov.co\/colombia\/#\/schema\/person\/3903856a3ce2d54b094c69eb29247895\"},\"headline\":\"Dos estrategias se fortalecen con la reforma a la Fiscal\u00eda\",\"datePublished\":\"2014-01-17T13:48:19+00:00\",\"dateModified\":\"2014-01-17T13:48:19+00:00\",\"mainEntityOfPage\":{\"@id\":\"https:\/\/www.fiscalia.gov.co\/colombia\/noticias\/dos-estrategias-se-fortalecen-con-la-reforma-a-la-fiscalia\/\"},\"wordCount\":861,\"publisher\":{\"@id\":\"https:\/\/www.fiscalia.gov.co\/colombia\/#organization\"},\"keywords\":[\"Gloria Ortiz\",\"Reforma\"],\"articleSection\":[\"Noticias\"],\"inLanguage\":\"es-CO\"},{\"@type\":\"WebPage\",\"@id\":\"https:\/\/www.fiscalia.gov.co\/colombia\/noticias\/dos-estrategias-se-fortalecen-con-la-reforma-a-la-fiscalia\/\",\"url\":\"https:\/\/www.fiscalia.gov.co\/colombia\/noticias\/dos-estrategias-se-fortalecen-con-la-reforma-a-la-fiscalia\/\",\"name\":\"Fiscal\u00eda General de la Naci\u00f3n\",\"isPartOf\":{\"@id\":\"https:\/\/www.fiscalia.gov.co\/colombia\/#website\"},\"datePublished\":\"2014-01-17T13:48:19+00:00\",\"dateModified\":\"2014-01-17T13:48:19+00:00\",\"description\":\"P\u00e1gina oficial de la Fiscal\u00eda General de la Naci\u00f3n \u2013 Colombia. Garantizamos el acceso efectivo a la justicia, la verdad y la reparaci\u00f3n de las v\u00edctimas de los delitos.\",\"breadcrumb\":{\"@id\":\"https:\/\/www.fiscalia.gov.co\/colombia\/noticias\/dos-estrategias-se-fortalecen-con-la-reforma-a-la-fiscalia\/#breadcrumb\"},\"inLanguage\":\"es-CO\",\"potentialAction\":[{\"@type\":\"ReadAction\",\"target\":[\"https:\/\/www.fiscalia.gov.co\/colombia\/noticias\/dos-estrategias-se-fortalecen-con-la-reforma-a-la-fiscalia\/\"]}]},{\"@type\":\"BreadcrumbList\",\"@id\":\"https:\/\/www.fiscalia.gov.co\/colombia\/noticias\/dos-estrategias-se-fortalecen-con-la-reforma-a-la-fiscalia\/#breadcrumb\",\"itemListElement\":[{\"@type\":\"ListItem\",\"position\":1,\"name\":\"Home\",\"item\":\"https:\/\/www.fiscalia.gov.co\/colombia\/\"},{\"@type\":\"ListItem\",\"position\":2,\"name\":\"Dos estrategias se fortalecen con la reforma a la Fiscal\u00eda\"}]},{\"@type\":\"WebSite\",\"@id\":\"https:\/\/www.fiscalia.gov.co\/colombia\/#website\",\"url\":\"https:\/\/www.fiscalia.gov.co\/colombia\/\",\"name\":\"Fiscal\u00eda General de la Naci\u00f3n\",\"description\":\"P\u00e1gina oficial de la Fiscal\u00eda General de la Naci\u00f3n \u2013 Colombia. Garantizamos el acceso efectivo a la justicia, la verdad y la reparaci\u00f3n de las v\u00edctimas de los delitos.\",\"publisher\":{\"@id\":\"https:\/\/www.fiscalia.gov.co\/colombia\/#organization\"},\"potentialAction\":[{\"@type\":\"SearchAction\",\"target\":{\"@type\":\"EntryPoint\",\"urlTemplate\":\"https:\/\/www.fiscalia.gov.co\/colombia\/?s={search_term_string}\"},\"query-input\":{\"@type\":\"PropertyValueSpecification\",\"valueRequired\":true,\"valueName\":\"search_term_string\"}}],\"inLanguage\":\"es-CO\"},{\"@type\":\"Organization\",\"@id\":\"https:\/\/www.fiscalia.gov.co\/colombia\/#organization\",\"name\":\"Fiscal\u00eda General de la Naci\u00f3n\",\"url\":\"https:\/\/www.fiscalia.gov.co\/colombia\/\",\"logo\":{\"@type\":\"ImageObject\",\"inLanguage\":\"es-CO\",\"@id\":\"https:\/\/www.fiscalia.gov.co\/colombia\/#\/schema\/logo\/image\/\",\"url\":\"https:\/\/www.fiscalia.gov.co\/colombia\/wp-content\/uploads\/LogoHorizontal_1.jpg\",\"contentUrl\":\"https:\/\/www.fiscalia.gov.co\/colombia\/wp-content\/uploads\/LogoHorizontal_1.jpg\",\"width\":300,\"height\":90,\"caption\":\"Fiscal\u00eda General de la Naci\u00f3n\"},\"image\":{\"@id\":\"https:\/\/www.fiscalia.gov.co\/colombia\/#\/schema\/logo\/image\/\"},\"sameAs\":[\"https:\/\/www.facebook.com\/FiscaliaCol\",\"https:\/\/x.com\/FiscaliaCol\",\"https:\/\/www.instagram.com\/fiscaliacol\",\"https:\/\/www.linkedin.com\/company\/fiscalia-general-de-la-naci-n\/\",\"https:\/\/youtube.com\/@fiscaliageneraldelanacion-4668?si=6nN79nyQICPU5iTh\"]},{\"@type\":\"Person\",\"@id\":\"https:\/\/www.fiscalia.gov.co\/colombia\/#\/schema\/person\/3903856a3ce2d54b094c69eb29247895\",\"name\":\"dfgordillo\",\"image\":{\"@type\":\"ImageObject\",\"inLanguage\":\"es-CO\",\"@id\":\"https:\/\/www.fiscalia.gov.co\/colombia\/#\/schema\/person\/image\/\",\"url\":\"https:\/\/secure.gravatar.com\/avatar\/b6356e21c5657c60757fe6fb9493e947?s=96&d=mm&r=g\",\"contentUrl\":\"https:\/\/secure.gravatar.com\/avatar\/b6356e21c5657c60757fe6fb9493e947?s=96&d=mm&r=g\",\"caption\":\"dfgordillo\"},\"sameAs\":[\"dfgordillo\"],\"url\":\"https:\/\/www.fiscalia.gov.co\/colombia\/author\/dfgordillo\/\"}]}<\/script>\n<!-- \/ Yoast SEO plugin. -->","yoast_head_json":{"title":"Fiscal\u00eda General de la Naci\u00f3n","description":"P\u00e1gina oficial de la Fiscal\u00eda General de la Naci\u00f3n \u2013 Colombia. Garantizamos el acceso efectivo a la justicia, la verdad y la reparaci\u00f3n de las v\u00edctimas de los delitos.","robots":{"index":"noindex","follow":"follow"},"og_locale":"es_ES","og_type":"article","og_title":"Fiscal\u00eda General de la Naci\u00f3n","og_description":"P\u00e1gina oficial de la Fiscal\u00eda General de la Naci\u00f3n \u2013 Colombia. Garantizamos el acceso efectivo a la justicia, la verdad y la reparaci\u00f3n de las v\u00edctimas de los delitos.","og_url":"https:\/\/www.fiscalia.gov.co\/colombia\/noticias\/dos-estrategias-se-fortalecen-con-la-reforma-a-la-fiscalia\/","og_site_name":"Fiscal\u00eda General de la Naci\u00f3n","article_publisher":"https:\/\/www.facebook.com\/FiscaliaCol","article_published_time":"2014-01-17T13:48:19+00:00","author":"dfgordillo","twitter_card":"summary_large_image","twitter_creator":"@FiscaliaCol","twitter_site":"@FiscaliaCol","twitter_misc":{"Escrito por":"dfgordillo","Tiempo de lectura":"4 minutos"},"schema":{"@context":"https:\/\/schema.org","@graph":[{"@type":"Article","@id":"https:\/\/www.fiscalia.gov.co\/colombia\/noticias\/dos-estrategias-se-fortalecen-con-la-reforma-a-la-fiscalia\/#article","isPartOf":{"@id":"https:\/\/www.fiscalia.gov.co\/colombia\/noticias\/dos-estrategias-se-fortalecen-con-la-reforma-a-la-fiscalia\/"},"author":{"name":"dfgordillo","@id":"https:\/\/www.fiscalia.gov.co\/colombia\/#\/schema\/person\/3903856a3ce2d54b094c69eb29247895"},"headline":"Dos estrategias se fortalecen con la reforma a la Fiscal\u00eda","datePublished":"2014-01-17T13:48:19+00:00","dateModified":"2014-01-17T13:48:19+00:00","mainEntityOfPage":{"@id":"https:\/\/www.fiscalia.gov.co\/colombia\/noticias\/dos-estrategias-se-fortalecen-con-la-reforma-a-la-fiscalia\/"},"wordCount":861,"publisher":{"@id":"https:\/\/www.fiscalia.gov.co\/colombia\/#organization"},"keywords":["Gloria Ortiz","Reforma"],"articleSection":["Noticias"],"inLanguage":"es-CO"},{"@type":"WebPage","@id":"https:\/\/www.fiscalia.gov.co\/colombia\/noticias\/dos-estrategias-se-fortalecen-con-la-reforma-a-la-fiscalia\/","url":"https:\/\/www.fiscalia.gov.co\/colombia\/noticias\/dos-estrategias-se-fortalecen-con-la-reforma-a-la-fiscalia\/","name":"Fiscal\u00eda General de la Naci\u00f3n","isPartOf":{"@id":"https:\/\/www.fiscalia.gov.co\/colombia\/#website"},"datePublished":"2014-01-17T13:48:19+00:00","dateModified":"2014-01-17T13:48:19+00:00","description":"P\u00e1gina oficial de la Fiscal\u00eda General de la Naci\u00f3n \u2013 Colombia. Garantizamos el acceso efectivo a la justicia, la verdad y la reparaci\u00f3n de las v\u00edctimas de los delitos.","breadcrumb":{"@id":"https:\/\/www.fiscalia.gov.co\/colombia\/noticias\/dos-estrategias-se-fortalecen-con-la-reforma-a-la-fiscalia\/#breadcrumb"},"inLanguage":"es-CO","potentialAction":[{"@type":"ReadAction","target":["https:\/\/www.fiscalia.gov.co\/colombia\/noticias\/dos-estrategias-se-fortalecen-con-la-reforma-a-la-fiscalia\/"]}]},{"@type":"BreadcrumbList","@id":"https:\/\/www.fiscalia.gov.co\/colombia\/noticias\/dos-estrategias-se-fortalecen-con-la-reforma-a-la-fiscalia\/#breadcrumb","itemListElement":[{"@type":"ListItem","position":1,"name":"Home","item":"https:\/\/www.fiscalia.gov.co\/colombia\/"},{"@type":"ListItem","position":2,"name":"Dos estrategias se fortalecen con la reforma a la Fiscal\u00eda"}]},{"@type":"WebSite","@id":"https:\/\/www.fiscalia.gov.co\/colombia\/#website","url":"https:\/\/www.fiscalia.gov.co\/colombia\/","name":"Fiscal\u00eda General de la Naci\u00f3n","description":"P\u00e1gina oficial de la Fiscal\u00eda General de la Naci\u00f3n \u2013 Colombia. Garantizamos el acceso efectivo a la justicia, la verdad y la reparaci\u00f3n de las v\u00edctimas de los delitos.","publisher":{"@id":"https:\/\/www.fiscalia.gov.co\/colombia\/#organization"},"potentialAction":[{"@type":"SearchAction","target":{"@type":"EntryPoint","urlTemplate":"https:\/\/www.fiscalia.gov.co\/colombia\/?s={search_term_string}"},"query-input":{"@type":"PropertyValueSpecification","valueRequired":true,"valueName":"search_term_string"}}],"inLanguage":"es-CO"},{"@type":"Organization","@id":"https:\/\/www.fiscalia.gov.co\/colombia\/#organization","name":"Fiscal\u00eda General de la Naci\u00f3n","url":"https:\/\/www.fiscalia.gov.co\/colombia\/","logo":{"@type":"ImageObject","inLanguage":"es-CO","@id":"https:\/\/www.fiscalia.gov.co\/colombia\/#\/schema\/logo\/image\/","url":"https:\/\/www.fiscalia.gov.co\/colombia\/wp-content\/uploads\/LogoHorizontal_1.jpg","contentUrl":"https:\/\/www.fiscalia.gov.co\/colombia\/wp-content\/uploads\/LogoHorizontal_1.jpg","width":300,"height":90,"caption":"Fiscal\u00eda General de la Naci\u00f3n"},"image":{"@id":"https:\/\/www.fiscalia.gov.co\/colombia\/#\/schema\/logo\/image\/"},"sameAs":["https:\/\/www.facebook.com\/FiscaliaCol","https:\/\/x.com\/FiscaliaCol","https:\/\/www.instagram.com\/fiscaliacol","https:\/\/www.linkedin.com\/company\/fiscalia-general-de-la-naci-n\/","https:\/\/youtube.com\/@fiscaliageneraldelanacion-4668?si=6nN79nyQICPU5iTh"]},{"@type":"Person","@id":"https:\/\/www.fiscalia.gov.co\/colombia\/#\/schema\/person\/3903856a3ce2d54b094c69eb29247895","name":"dfgordillo","image":{"@type":"ImageObject","inLanguage":"es-CO","@id":"https:\/\/www.fiscalia.gov.co\/colombia\/#\/schema\/person\/image\/","url":"https:\/\/secure.gravatar.com\/avatar\/b6356e21c5657c60757fe6fb9493e947?s=96&d=mm&r=g","contentUrl":"https:\/\/secure.gravatar.com\/avatar\/b6356e21c5657c60757fe6fb9493e947?s=96&d=mm&r=g","caption":"dfgordillo"},"sameAs":["dfgordillo"],"url":"https:\/\/www.fiscalia.gov.co\/colombia\/author\/dfgordillo\/"}]}},"_links":{"self":[{"href":"https:\/\/www.fiscalia.gov.co\/colombia\/wp-json\/wp\/v2\/posts\/43603","targetHints":{"allow":["GET"]}}],"collection":[{"href":"https:\/\/www.fiscalia.gov.co\/colombia\/wp-json\/wp\/v2\/posts"}],"about":[{"href":"https:\/\/www.fiscalia.gov.co\/colombia\/wp-json\/wp\/v2\/types\/post"}],"author":[{"embeddable":true,"href":"https:\/\/www.fiscalia.gov.co\/colombia\/wp-json\/wp\/v2\/users\/143"}],"replies":[{"embeddable":true,"href":"https:\/\/www.fiscalia.gov.co\/colombia\/wp-json\/wp\/v2\/comments?post=43603"}],"version-history":[{"count":1,"href":"https:\/\/www.fiscalia.gov.co\/colombia\/wp-json\/wp\/v2\/posts\/43603\/revisions"}],"predecessor-version":[{"id":43604,"href":"https:\/\/www.fiscalia.gov.co\/colombia\/wp-json\/wp\/v2\/posts\/43603\/revisions\/43604"}],"wp:attachment":[{"href":"https:\/\/www.fiscalia.gov.co\/colombia\/wp-json\/wp\/v2\/media?parent=43603"}],"wp:term":[{"taxonomy":"category","embeddable":true,"href":"https:\/\/www.fiscalia.gov.co\/colombia\/wp-json\/wp\/v2\/categories?post=43603"},{"taxonomy":"post_tag","embeddable":true,"href":"https:\/\/www.fiscalia.gov.co\/colombia\/wp-json\/wp\/v2\/tags?post=43603"}],"curies":[{"name":"wp","href":"https:\/\/api.w.org\/{rel}","templated":true}]}}