{"id":43593,"date":"2014-01-16T16:49:30","date_gmt":"2014-01-16T21:49:30","guid":{"rendered":"http:\/\/www.fiscalia.gov.co\/colombia\/?p=43593"},"modified":"2014-01-16T16:50:28","modified_gmt":"2014-01-16T21:50:28","slug":"reforma-en-la-fiscalia-implica-priorizacion-y-depuracion-en-las-unidades-nacionales","status":"publish","type":"post","link":"https:\/\/www.fiscalia.gov.co\/colombia\/noticias\/reforma-en-la-fiscalia-implica-priorizacion-y-depuracion-en-las-unidades-nacionales\/","title":{"rendered":"Reforma en la Fiscal\u00eda implica priorizaci\u00f3n y depuraci\u00f3n en las Unidades Nacionales"},"content":{"rendered":"<p>La Directora Nacional de Fiscal\u00edas, Elka Venegas Ahumada, fue la encargada de presentar el funcionamiento de la Direcci\u00f3n de Fiscal\u00edas Nacionales, as\u00ed como de la Direcci\u00f3n de Articulaci\u00f3n de Fiscal\u00edas Especializadas, la priorizaci\u00f3n de segundo nivel y la depuraci\u00f3n que debe hacerse con la reforma, en las Unidades Nacionales.<\/p>\n<p>La funcionaria se\u00f1al\u00f3 que \u201cla Fiscal\u00eda est\u00e1 basada en un nuevo modelo de investigaci\u00f3n implementado por el Fiscal General de la Naci\u00f3n en la Directiva 001 de 2012, que se fij\u00f3 un nuevo Direccionamiento Estrat\u00e9gico y se adoptaron los planes operativos anuales. Se conform\u00f3 el comit\u00e9 de priorizaci\u00f3n con el que durante un a\u00f1o, tanto en las Unidades Nacionales como en las Seccionales, se revisaron los procesos y se realizaron los planes de acci\u00f3n, determinando as\u00ed en cu\u00e1l Direcci\u00f3n de Fiscal\u00edas Especializadas quedar\u00edan\u201d.<\/p>\n<p>Sobre las fiscal\u00edas especializadas explic\u00f3 la creaci\u00f3n de la Direcci\u00f3n Nacional contra el Crimen Organizado, de la cual har\u00e1n parte las fiscal\u00edas contra las bandas emergentes, antisecuestro y extorsi\u00f3n. Mencion\u00f3 asimismo la conformaci\u00f3n de la Direcci\u00f3n Nacional contra el Terrorismo y la de Corrupci\u00f3n, la de Justicia Transicional, que estar\u00e1 conformada por las fiscal\u00edas de justicia y paz y las de desmovilizados; tambi\u00e9n la fusi\u00f3n de la Unidad Antinarc\u00f3ticos con la de Lavado de Activos y por \u00faltimo, la creaci\u00f3n de la Direcci\u00f3n Nacional de Fiscal\u00eda Especializada de Extinci\u00f3n de Dominio.<\/p>\n<p>Con el fin de evitar el traslado masivo de procesos que se podr\u00eda prever por estas fusiones, la Fiscal\u00eda plante\u00f3 la reubicaci\u00f3n de los mismos de manera paulatina, que significa que las Unidades tendr\u00e1n identificados los fen\u00f3menos criminales y casos que deber\u00e1n investigarse en contexto, y los procesos que no correspondan a ellos ser\u00e1n manejados por un grupo de fiscales de depuraci\u00f3n, bajo la coordinaci\u00f3n de la Direcci\u00f3n de Fiscal\u00edas Nacionales.<\/p>\n<p>La directora Elka Vengas indic\u00f3 que actualmente en las Unidades Nacionales, excluyendo los procesos de la Unidad de Justicia y paz y la de Desmovilizados, tiene 55.979 procesos, que se dividir\u00e1n inicialmente en las dos Direcciones, la de Fiscal\u00edas Nacionales y la de Articulaci\u00f3n de Fiscal\u00edas Especializadas, donde se estudiaran cu\u00e1les son los viables o que requieren decisiones especiales, para que luego los fiscales que har\u00e1n la depuraci\u00f3n reciban todo de forma organizada.<\/p>\n\n<div class=\"twitter-share\"><a href=\"https:\/\/twitter.com\/intent\/tweet?via=fiscaliacol\" class=\"twitter-share-button\">Tweet<\/a><\/div>\n","protected":false},"excerpt":{"rendered":"<p>La Directora Nacional de Fiscal\u00edas, Elka Venegas Ahumada, fue la encargada de presentar el funcionamiento de la Direcci\u00f3n de Fiscal\u00edas Nacionales, as\u00ed como de la Direcci\u00f3n de Articulaci\u00f3n de Fiscal\u00edas Especializadas, la priorizaci\u00f3n de segundo nivel y la depuraci\u00f3n que debe hacerse con la reforma, en las Unidades Nacionales. La funcionaria se\u00f1al\u00f3 que \u201cla Fiscal\u00eda [&hellip;]<\/p>\n","protected":false},"author":143,"featured_media":0,"comment_status":"closed","ping_status":"open","sticky":false,"template":"","format":"standard","meta":{"_price":"","_stock":"","_tribe_ticket_header":"","_tribe_default_ticket_provider":"","_tribe_ticket_capacity":"0","_ticket_start_date":"","_ticket_end_date":"","_tribe_ticket_show_description":"","_tribe_ticket_show_not_going":false,"_tribe_ticket_use_global_stock":"","_tribe_ticket_global_stock_level":"","_global_stock_mode":"","_global_stock_cap":"","_tribe_rsvp_for_event":"","_tribe_ticket_going_count":"","_tribe_ticket_not_going_count":"","_tribe_tickets_list":"[]","_tribe_ticket_has_attendee_info_fields":false,"tdm_status":"","tdm_grid_status":"","footnotes":""},"categories":[1],"tags":[6147,6146,1395,6059],"class_list":{"0":"post-43593","1":"post","2":"type-post","3":"status-publish","4":"format-standard","6":"category-noticias","7":"tag-directora-nacional-de-fiscalias","8":"tag-elka-venegas","9":"tag-priorizacion","10":"tag-reforma"},"yoast_head":"<!-- This site is optimized with the Yoast SEO plugin v24.3 - https:\/\/yoast.com\/wordpress\/plugins\/seo\/ -->\n<title>Fiscal\u00eda General de la Naci\u00f3n<\/title>\n<meta name=\"description\" content=\"P\u00e1gina oficial de la Fiscal\u00eda General de la Naci\u00f3n \u2013 Colombia. Garantizamos el acceso efectivo a la justicia, la verdad y la reparaci\u00f3n de las v\u00edctimas de los delitos.\" \/>\n<meta name=\"robots\" content=\"noindex, follow\" \/>\n<meta property=\"og:locale\" content=\"es_ES\" \/>\n<meta property=\"og:type\" content=\"article\" \/>\n<meta property=\"og:title\" content=\"Fiscal\u00eda General de la Naci\u00f3n\" \/>\n<meta property=\"og:description\" content=\"P\u00e1gina oficial de la Fiscal\u00eda General de la Naci\u00f3n \u2013 Colombia. Garantizamos el acceso efectivo a la justicia, la verdad y la reparaci\u00f3n de las v\u00edctimas de los delitos.\" \/>\n<meta property=\"og:url\" content=\"https:\/\/www.fiscalia.gov.co\/colombia\/noticias\/reforma-en-la-fiscalia-implica-priorizacion-y-depuracion-en-las-unidades-nacionales\/\" \/>\n<meta property=\"og:site_name\" content=\"Fiscal\u00eda General de la Naci\u00f3n\" \/>\n<meta property=\"article:publisher\" content=\"https:\/\/www.facebook.com\/FiscaliaCol\" \/>\n<meta property=\"article:published_time\" content=\"2014-01-16T21:49:30+00:00\" \/>\n<meta property=\"article:modified_time\" content=\"2014-01-16T21:50:28+00:00\" \/>\n<meta name=\"author\" content=\"dfgordillo\" \/>\n<meta name=\"twitter:card\" content=\"summary_large_image\" \/>\n<meta name=\"twitter:creator\" content=\"@FiscaliaCol\" \/>\n<meta name=\"twitter:site\" content=\"@FiscaliaCol\" \/>\n<meta name=\"twitter:label1\" content=\"Escrito por\" \/>\n\t<meta name=\"twitter:data1\" content=\"dfgordillo\" \/>\n\t<meta name=\"twitter:label2\" content=\"Tiempo de lectura\" \/>\n\t<meta name=\"twitter:data2\" content=\"2 minutos\" \/>\n<script type=\"application\/ld+json\" class=\"yoast-schema-graph\">{\"@context\":\"https:\/\/schema.org\",\"@graph\":[{\"@type\":\"Article\",\"@id\":\"https:\/\/www.fiscalia.gov.co\/colombia\/noticias\/reforma-en-la-fiscalia-implica-priorizacion-y-depuracion-en-las-unidades-nacionales\/#article\",\"isPartOf\":{\"@id\":\"https:\/\/www.fiscalia.gov.co\/colombia\/noticias\/reforma-en-la-fiscalia-implica-priorizacion-y-depuracion-en-las-unidades-nacionales\/\"},\"author\":{\"name\":\"dfgordillo\",\"@id\":\"https:\/\/www.fiscalia.gov.co\/colombia\/#\/schema\/person\/3903856a3ce2d54b094c69eb29247895\"},\"headline\":\"Reforma en la Fiscal\u00eda implica priorizaci\u00f3n y depuraci\u00f3n en las Unidades Nacionales\",\"datePublished\":\"2014-01-16T21:49:30+00:00\",\"dateModified\":\"2014-01-16T21:50:28+00:00\",\"mainEntityOfPage\":{\"@id\":\"https:\/\/www.fiscalia.gov.co\/colombia\/noticias\/reforma-en-la-fiscalia-implica-priorizacion-y-depuracion-en-las-unidades-nacionales\/\"},\"wordCount\":434,\"publisher\":{\"@id\":\"https:\/\/www.fiscalia.gov.co\/colombia\/#organization\"},\"keywords\":[\"Directora Nacional de Fiscal\u00edas\",\"Elka Venegas\",\"Priorizaci\u00f3n\",\"Reforma\"],\"articleSection\":[\"Noticias\"],\"inLanguage\":\"es-CO\"},{\"@type\":\"WebPage\",\"@id\":\"https:\/\/www.fiscalia.gov.co\/colombia\/noticias\/reforma-en-la-fiscalia-implica-priorizacion-y-depuracion-en-las-unidades-nacionales\/\",\"url\":\"https:\/\/www.fiscalia.gov.co\/colombia\/noticias\/reforma-en-la-fiscalia-implica-priorizacion-y-depuracion-en-las-unidades-nacionales\/\",\"name\":\"Fiscal\u00eda General de la Naci\u00f3n\",\"isPartOf\":{\"@id\":\"https:\/\/www.fiscalia.gov.co\/colombia\/#website\"},\"datePublished\":\"2014-01-16T21:49:30+00:00\",\"dateModified\":\"2014-01-16T21:50:28+00:00\",\"description\":\"P\u00e1gina oficial de la Fiscal\u00eda General de la Naci\u00f3n \u2013 Colombia. Garantizamos el acceso efectivo a la justicia, la verdad y la reparaci\u00f3n de las v\u00edctimas de los delitos.\",\"breadcrumb\":{\"@id\":\"https:\/\/www.fiscalia.gov.co\/colombia\/noticias\/reforma-en-la-fiscalia-implica-priorizacion-y-depuracion-en-las-unidades-nacionales\/#breadcrumb\"},\"inLanguage\":\"es-CO\",\"potentialAction\":[{\"@type\":\"ReadAction\",\"target\":[\"https:\/\/www.fiscalia.gov.co\/colombia\/noticias\/reforma-en-la-fiscalia-implica-priorizacion-y-depuracion-en-las-unidades-nacionales\/\"]}]},{\"@type\":\"BreadcrumbList\",\"@id\":\"https:\/\/www.fiscalia.gov.co\/colombia\/noticias\/reforma-en-la-fiscalia-implica-priorizacion-y-depuracion-en-las-unidades-nacionales\/#breadcrumb\",\"itemListElement\":[{\"@type\":\"ListItem\",\"position\":1,\"name\":\"Home\",\"item\":\"https:\/\/www.fiscalia.gov.co\/colombia\/\"},{\"@type\":\"ListItem\",\"position\":2,\"name\":\"Reforma en la Fiscal\u00eda implica priorizaci\u00f3n y depuraci\u00f3n en las Unidades Nacionales\"}]},{\"@type\":\"WebSite\",\"@id\":\"https:\/\/www.fiscalia.gov.co\/colombia\/#website\",\"url\":\"https:\/\/www.fiscalia.gov.co\/colombia\/\",\"name\":\"Fiscal\u00eda General de la Naci\u00f3n\",\"description\":\"P\u00e1gina oficial de la Fiscal\u00eda General de la Naci\u00f3n \u2013 Colombia. Garantizamos el acceso efectivo a la justicia, la verdad y la reparaci\u00f3n de las v\u00edctimas de los delitos.\",\"publisher\":{\"@id\":\"https:\/\/www.fiscalia.gov.co\/colombia\/#organization\"},\"potentialAction\":[{\"@type\":\"SearchAction\",\"target\":{\"@type\":\"EntryPoint\",\"urlTemplate\":\"https:\/\/www.fiscalia.gov.co\/colombia\/?s={search_term_string}\"},\"query-input\":{\"@type\":\"PropertyValueSpecification\",\"valueRequired\":true,\"valueName\":\"search_term_string\"}}],\"inLanguage\":\"es-CO\"},{\"@type\":\"Organization\",\"@id\":\"https:\/\/www.fiscalia.gov.co\/colombia\/#organization\",\"name\":\"Fiscal\u00eda General de la Naci\u00f3n\",\"url\":\"https:\/\/www.fiscalia.gov.co\/colombia\/\",\"logo\":{\"@type\":\"ImageObject\",\"inLanguage\":\"es-CO\",\"@id\":\"https:\/\/www.fiscalia.gov.co\/colombia\/#\/schema\/logo\/image\/\",\"url\":\"https:\/\/www.fiscalia.gov.co\/colombia\/wp-content\/uploads\/LogoHorizontal_1.jpg\",\"contentUrl\":\"https:\/\/www.fiscalia.gov.co\/colombia\/wp-content\/uploads\/LogoHorizontal_1.jpg\",\"width\":300,\"height\":90,\"caption\":\"Fiscal\u00eda General de la Naci\u00f3n\"},\"image\":{\"@id\":\"https:\/\/www.fiscalia.gov.co\/colombia\/#\/schema\/logo\/image\/\"},\"sameAs\":[\"https:\/\/www.facebook.com\/FiscaliaCol\",\"https:\/\/x.com\/FiscaliaCol\",\"https:\/\/www.instagram.com\/fiscaliacol\",\"https:\/\/www.linkedin.com\/company\/fiscalia-general-de-la-naci-n\/\",\"https:\/\/youtube.com\/@fiscaliageneraldelanacion-4668?si=6nN79nyQICPU5iTh\"]},{\"@type\":\"Person\",\"@id\":\"https:\/\/www.fiscalia.gov.co\/colombia\/#\/schema\/person\/3903856a3ce2d54b094c69eb29247895\",\"name\":\"dfgordillo\",\"image\":{\"@type\":\"ImageObject\",\"inLanguage\":\"es-CO\",\"@id\":\"https:\/\/www.fiscalia.gov.co\/colombia\/#\/schema\/person\/image\/\",\"url\":\"https:\/\/secure.gravatar.com\/avatar\/b6356e21c5657c60757fe6fb9493e947?s=96&d=mm&r=g\",\"contentUrl\":\"https:\/\/secure.gravatar.com\/avatar\/b6356e21c5657c60757fe6fb9493e947?s=96&d=mm&r=g\",\"caption\":\"dfgordillo\"},\"sameAs\":[\"dfgordillo\"],\"url\":\"https:\/\/www.fiscalia.gov.co\/colombia\/author\/dfgordillo\/\"}]}<\/script>\n<!-- \/ Yoast SEO plugin. -->","yoast_head_json":{"title":"Fiscal\u00eda General de la Naci\u00f3n","description":"P\u00e1gina oficial de la Fiscal\u00eda General de la Naci\u00f3n \u2013 Colombia. Garantizamos el acceso efectivo a la justicia, la verdad y la reparaci\u00f3n de las v\u00edctimas de los delitos.","robots":{"index":"noindex","follow":"follow"},"og_locale":"es_ES","og_type":"article","og_title":"Fiscal\u00eda General de la Naci\u00f3n","og_description":"P\u00e1gina oficial de la Fiscal\u00eda General de la Naci\u00f3n \u2013 Colombia. Garantizamos el acceso efectivo a la justicia, la verdad y la reparaci\u00f3n de las v\u00edctimas de los delitos.","og_url":"https:\/\/www.fiscalia.gov.co\/colombia\/noticias\/reforma-en-la-fiscalia-implica-priorizacion-y-depuracion-en-las-unidades-nacionales\/","og_site_name":"Fiscal\u00eda General de la Naci\u00f3n","article_publisher":"https:\/\/www.facebook.com\/FiscaliaCol","article_published_time":"2014-01-16T21:49:30+00:00","article_modified_time":"2014-01-16T21:50:28+00:00","author":"dfgordillo","twitter_card":"summary_large_image","twitter_creator":"@FiscaliaCol","twitter_site":"@FiscaliaCol","twitter_misc":{"Escrito por":"dfgordillo","Tiempo de lectura":"2 minutos"},"schema":{"@context":"https:\/\/schema.org","@graph":[{"@type":"Article","@id":"https:\/\/www.fiscalia.gov.co\/colombia\/noticias\/reforma-en-la-fiscalia-implica-priorizacion-y-depuracion-en-las-unidades-nacionales\/#article","isPartOf":{"@id":"https:\/\/www.fiscalia.gov.co\/colombia\/noticias\/reforma-en-la-fiscalia-implica-priorizacion-y-depuracion-en-las-unidades-nacionales\/"},"author":{"name":"dfgordillo","@id":"https:\/\/www.fiscalia.gov.co\/colombia\/#\/schema\/person\/3903856a3ce2d54b094c69eb29247895"},"headline":"Reforma en la Fiscal\u00eda implica priorizaci\u00f3n y depuraci\u00f3n en las Unidades Nacionales","datePublished":"2014-01-16T21:49:30+00:00","dateModified":"2014-01-16T21:50:28+00:00","mainEntityOfPage":{"@id":"https:\/\/www.fiscalia.gov.co\/colombia\/noticias\/reforma-en-la-fiscalia-implica-priorizacion-y-depuracion-en-las-unidades-nacionales\/"},"wordCount":434,"publisher":{"@id":"https:\/\/www.fiscalia.gov.co\/colombia\/#organization"},"keywords":["Directora Nacional de Fiscal\u00edas","Elka Venegas","Priorizaci\u00f3n","Reforma"],"articleSection":["Noticias"],"inLanguage":"es-CO"},{"@type":"WebPage","@id":"https:\/\/www.fiscalia.gov.co\/colombia\/noticias\/reforma-en-la-fiscalia-implica-priorizacion-y-depuracion-en-las-unidades-nacionales\/","url":"https:\/\/www.fiscalia.gov.co\/colombia\/noticias\/reforma-en-la-fiscalia-implica-priorizacion-y-depuracion-en-las-unidades-nacionales\/","name":"Fiscal\u00eda General de la Naci\u00f3n","isPartOf":{"@id":"https:\/\/www.fiscalia.gov.co\/colombia\/#website"},"datePublished":"2014-01-16T21:49:30+00:00","dateModified":"2014-01-16T21:50:28+00:00","description":"P\u00e1gina oficial de la Fiscal\u00eda General de la Naci\u00f3n \u2013 Colombia. Garantizamos el acceso efectivo a la justicia, la verdad y la reparaci\u00f3n de las v\u00edctimas de los delitos.","breadcrumb":{"@id":"https:\/\/www.fiscalia.gov.co\/colombia\/noticias\/reforma-en-la-fiscalia-implica-priorizacion-y-depuracion-en-las-unidades-nacionales\/#breadcrumb"},"inLanguage":"es-CO","potentialAction":[{"@type":"ReadAction","target":["https:\/\/www.fiscalia.gov.co\/colombia\/noticias\/reforma-en-la-fiscalia-implica-priorizacion-y-depuracion-en-las-unidades-nacionales\/"]}]},{"@type":"BreadcrumbList","@id":"https:\/\/www.fiscalia.gov.co\/colombia\/noticias\/reforma-en-la-fiscalia-implica-priorizacion-y-depuracion-en-las-unidades-nacionales\/#breadcrumb","itemListElement":[{"@type":"ListItem","position":1,"name":"Home","item":"https:\/\/www.fiscalia.gov.co\/colombia\/"},{"@type":"ListItem","position":2,"name":"Reforma en la Fiscal\u00eda implica priorizaci\u00f3n y depuraci\u00f3n en las Unidades Nacionales"}]},{"@type":"WebSite","@id":"https:\/\/www.fiscalia.gov.co\/colombia\/#website","url":"https:\/\/www.fiscalia.gov.co\/colombia\/","name":"Fiscal\u00eda General de la Naci\u00f3n","description":"P\u00e1gina oficial de la Fiscal\u00eda General de la Naci\u00f3n \u2013 Colombia. Garantizamos el acceso efectivo a la justicia, la verdad y la reparaci\u00f3n de las v\u00edctimas de los delitos.","publisher":{"@id":"https:\/\/www.fiscalia.gov.co\/colombia\/#organization"},"potentialAction":[{"@type":"SearchAction","target":{"@type":"EntryPoint","urlTemplate":"https:\/\/www.fiscalia.gov.co\/colombia\/?s={search_term_string}"},"query-input":{"@type":"PropertyValueSpecification","valueRequired":true,"valueName":"search_term_string"}}],"inLanguage":"es-CO"},{"@type":"Organization","@id":"https:\/\/www.fiscalia.gov.co\/colombia\/#organization","name":"Fiscal\u00eda General de la Naci\u00f3n","url":"https:\/\/www.fiscalia.gov.co\/colombia\/","logo":{"@type":"ImageObject","inLanguage":"es-CO","@id":"https:\/\/www.fiscalia.gov.co\/colombia\/#\/schema\/logo\/image\/","url":"https:\/\/www.fiscalia.gov.co\/colombia\/wp-content\/uploads\/LogoHorizontal_1.jpg","contentUrl":"https:\/\/www.fiscalia.gov.co\/colombia\/wp-content\/uploads\/LogoHorizontal_1.jpg","width":300,"height":90,"caption":"Fiscal\u00eda General de la Naci\u00f3n"},"image":{"@id":"https:\/\/www.fiscalia.gov.co\/colombia\/#\/schema\/logo\/image\/"},"sameAs":["https:\/\/www.facebook.com\/FiscaliaCol","https:\/\/x.com\/FiscaliaCol","https:\/\/www.instagram.com\/fiscaliacol","https:\/\/www.linkedin.com\/company\/fiscalia-general-de-la-naci-n\/","https:\/\/youtube.com\/@fiscaliageneraldelanacion-4668?si=6nN79nyQICPU5iTh"]},{"@type":"Person","@id":"https:\/\/www.fiscalia.gov.co\/colombia\/#\/schema\/person\/3903856a3ce2d54b094c69eb29247895","name":"dfgordillo","image":{"@type":"ImageObject","inLanguage":"es-CO","@id":"https:\/\/www.fiscalia.gov.co\/colombia\/#\/schema\/person\/image\/","url":"https:\/\/secure.gravatar.com\/avatar\/b6356e21c5657c60757fe6fb9493e947?s=96&d=mm&r=g","contentUrl":"https:\/\/secure.gravatar.com\/avatar\/b6356e21c5657c60757fe6fb9493e947?s=96&d=mm&r=g","caption":"dfgordillo"},"sameAs":["dfgordillo"],"url":"https:\/\/www.fiscalia.gov.co\/colombia\/author\/dfgordillo\/"}]}},"_links":{"self":[{"href":"https:\/\/www.fiscalia.gov.co\/colombia\/wp-json\/wp\/v2\/posts\/43593","targetHints":{"allow":["GET"]}}],"collection":[{"href":"https:\/\/www.fiscalia.gov.co\/colombia\/wp-json\/wp\/v2\/posts"}],"about":[{"href":"https:\/\/www.fiscalia.gov.co\/colombia\/wp-json\/wp\/v2\/types\/post"}],"author":[{"embeddable":true,"href":"https:\/\/www.fiscalia.gov.co\/colombia\/wp-json\/wp\/v2\/users\/143"}],"replies":[{"embeddable":true,"href":"https:\/\/www.fiscalia.gov.co\/colombia\/wp-json\/wp\/v2\/comments?post=43593"}],"version-history":[{"count":2,"href":"https:\/\/www.fiscalia.gov.co\/colombia\/wp-json\/wp\/v2\/posts\/43593\/revisions"}],"predecessor-version":[{"id":43595,"href":"https:\/\/www.fiscalia.gov.co\/colombia\/wp-json\/wp\/v2\/posts\/43593\/revisions\/43595"}],"wp:attachment":[{"href":"https:\/\/www.fiscalia.gov.co\/colombia\/wp-json\/wp\/v2\/media?parent=43593"}],"wp:term":[{"taxonomy":"category","embeddable":true,"href":"https:\/\/www.fiscalia.gov.co\/colombia\/wp-json\/wp\/v2\/categories?post=43593"},{"taxonomy":"post_tag","embeddable":true,"href":"https:\/\/www.fiscalia.gov.co\/colombia\/wp-json\/wp\/v2\/tags?post=43593"}],"curies":[{"name":"wp","href":"https:\/\/api.w.org\/{rel}","templated":true}]}}