{"id":43577,"date":"2014-01-16T13:42:44","date_gmt":"2014-01-16T18:42:44","guid":{"rendered":"http:\/\/www.fiscalia.gov.co\/colombia\/?p=43577"},"modified":"2014-02-11T17:39:16","modified_gmt":"2014-02-11T22:39:16","slug":"lo-que-queremos-es-convertir-a-la-fiscalia-en-un-espejo-de-los-postulados-de-la-constitucion-de-1991-fiscal-general","status":"publish","type":"post","link":"https:\/\/www.fiscalia.gov.co\/colombia\/noticias\/lo-que-queremos-es-convertir-a-la-fiscalia-en-un-espejo-de-los-postulados-de-la-constitucion-de-1991-fiscal-general\/","title":{"rendered":"Lo que queremos es convertir a la Fiscal\u00eda en un espejo de los postulados de la Constituci\u00f3n de 1991: Fiscal General"},"content":{"rendered":"<p>El Fiscal General de la Naci\u00f3n, Eduardo Montealegre Lynett, durante su intervenci\u00f3n en la presentaci\u00f3n a la reforma administrativa de la entidad expres\u00f3 que \u201cuno de los grandes m\u00e9ritos de la reforma es que por primera vez en 20 a\u00f1os se pone en vigencia un modelo de entidad que desarrolla los postulados de la Constituci\u00f3n de 1991\u201d.<\/p>\n<p>Al respecto indic\u00f3 que \u201clo que queremos es convertir a la Fiscal\u00eda en un espejo de los postulados de la Constituci\u00f3n de 1991, por eso encontrar\u00e1n figuras novedosas y estructuras de administraci\u00f3n novedosas frente al viejo modelo de Fiscal\u00eda que se desarroll\u00f3 inicialmente cuando se expide la Constituci\u00f3n del 91\u201d.<\/p>\n<p>El alto funcionario destac\u00f3 la creaci\u00f3n de una Direcci\u00f3n de alto nivel para el derecho constitucional y el derecho internacional, cuyo objetivo en materia constitucional es proyectar sobre el proceso penal una de las tendencias m\u00e1s importantes del derecho constitucional europeo como es la teor\u00eda de la irradiaci\u00f3n. La aplicaci\u00f3n de todo el modelo acusatorio debe estar permeada por la teor\u00eda de los derechos fundamentales.<\/p>\n<p>\u201cLas investigaciones en Colombia tienen que estar irradiadas por la teor\u00eda de los derechos fundamentales que no es una ret\u00f3rica de la Constituci\u00f3n de 1991, es la carta de batalla de este pa\u00eds en defensa de las minor\u00edas y en defensa de la democracia, y como Fiscal\u00eda tenemos el deber de proteger los derechos fundamentales de todos los colombianos, tenemos el deber de perseguir el delito y combatir la delincuencia\u201d, enfatiz\u00f3 el jefe del ente acusador.<\/p>\n<p>Igualmente dijo que \u201cel fin no justifica los medios y por eso vamos a instituir unas herramientas muy poderosas para combatir la criminalidad, pero siempre en el marco de la democracia, en el marco de la teor\u00eda de los derechos fundamentales. En la Fiscal\u00eda s\u00ed vamos a apostarle a la defensa de las minor\u00edas, de la democracia y de los derechos fundamentales\u201d.<\/p>\n<p>\u201cImpulsaremos una cultura jur\u00eddica restaurativa [\u2026] en la estructura de la Fiscal\u00eda estar\u00e1 el discurso internacional de los Derechos Humanos\u201d, expres\u00f3 el Fiscal y se refiri\u00f3 a la creaci\u00f3n de la Direcci\u00f3n de An\u00e1lisis y Contextos que tiende a introducir los est\u00e1ndares internacionales de los derechos humanos.<\/p>\n<p>El Fiscal Montealegre reiter\u00f3 \u201cno vamos\u00a0 a ir en contrav\u00eda de la historia, no vamos a ir en contrav\u00eda de la consolidaci\u00f3n de la democracia, vamos a ayudar a consolidar el Estado social de Derecho en Colombia [\u2026] vamos a dar un paso gigante en la incorporaci\u00f3n de esos est\u00e1ndares internacionales para que realicemos un modelo diferente de investigaci\u00f3n abandonando el modelo tradicional en Colombia [\u2026] para que exista una convergencia en materia de derechos humanos entre los modelos de investigaci\u00f3n de la Corte Penal Internacional, de los tribunales Ad hoc,\u00a0 y los del Sistema Interamericano de Derechos Humanos\u201d.<\/p>\n<p>De igual manera se refiri\u00f3 al avance que se dar\u00e1 con la reforma con relaci\u00f3n al crimen organizado \u201cdaremos un paso enorme en la lucha contra el crimen organizado, creando una Direcci\u00f3n de alto nivel sobre este tema as\u00ed como una polic\u00eda judicial especializada\u201d<\/p>\n<p>\u201cNo vamos a convertir a Fiscal\u00eda General de la Naci\u00f3n en un instrumento que arrase con los derechos fundamentales con la finalidad de conseguir resultados, as\u00ed nos demoremos en conseguir la verdad, primero tenemos que respetar las garant\u00edas y la teor\u00eda de los derechos fundamentales. Esa no va ser la \u00e9tica de la Fiscal\u00eda\u201d dijo el Fiscal Montealegre.<\/p>\n<p>Entre otros puntos el funcionario anunci\u00f3 que \u201dtendremos un fortalecimiento en investigaci\u00f3n y la justicia en las regiones de Colombia y por eso se cre\u00f3 una estructura administrativa y de investigaci\u00f3n muy fuerte para las regiones que garantizar\u00e1 la presencia de la Fiscal\u00eda en todo el territorio nacional.<\/p>\n<p>Finalmente, la apuesta de esta reforma es la profesionalizaci\u00f3n de la polic\u00eda judicial por medio de la creaci\u00f3n del establecimiento p\u00fablico de educaci\u00f3n, esto es la Instituci\u00f3n Universitaria de alto nivel que reemplazar\u00e1 a la Escuela de Estudios e Investigaciones Criminal\u00edsticas y Ciencias Forenses.<\/p>\n\n<div class=\"twitter-share\"><a href=\"https:\/\/twitter.com\/intent\/tweet?via=fiscaliacol\" class=\"twitter-share-button\">Tweet<\/a><\/div>\n","protected":false},"excerpt":{"rendered":"<p>El Fiscal General de la Naci\u00f3n, Eduardo Montealegre Lynett, durante su intervenci\u00f3n en la presentaci\u00f3n a la reforma administrativa de la entidad<\/p>\n","protected":false},"author":143,"featured_media":0,"comment_status":"closed","ping_status":"open","sticky":false,"template":"","format":"standard","meta":{"_price":"","_stock":"","_tribe_ticket_header":"","_tribe_default_ticket_provider":"","_tribe_ticket_capacity":"0","_ticket_start_date":"","_ticket_end_date":"","_tribe_ticket_show_description":"","_tribe_ticket_show_not_going":false,"_tribe_ticket_use_global_stock":"","_tribe_ticket_global_stock_level":"","_global_stock_mode":"","_global_stock_cap":"","_tribe_rsvp_for_event":"","_tribe_ticket_going_count":"","_tribe_ticket_not_going_count":"","_tribe_tickets_list":"[]","_tribe_ticket_has_attendee_info_fields":false,"tdm_status":"","tdm_grid_status":"","footnotes":""},"categories":[1],"tags":[400,78],"class_list":{"0":"post-43577","1":"post","2":"type-post","3":"status-publish","4":"format-standard","6":"category-noticias","7":"tag-eduardo-montealegre-lynett","8":"tag-fiscal-general-de-la-nacion"},"yoast_head":"<!-- This site is optimized with the Yoast SEO plugin v24.3 - https:\/\/yoast.com\/wordpress\/plugins\/seo\/ -->\n<title>Fiscal\u00eda General de la Naci\u00f3n<\/title>\n<meta name=\"description\" content=\"P\u00e1gina oficial de la Fiscal\u00eda General de la Naci\u00f3n \u2013 Colombia. Garantizamos el acceso efectivo a la justicia, la verdad y la reparaci\u00f3n de las v\u00edctimas de los delitos.\" \/>\n<meta name=\"robots\" content=\"noindex, follow\" \/>\n<meta property=\"og:locale\" content=\"es_ES\" \/>\n<meta property=\"og:type\" content=\"article\" \/>\n<meta property=\"og:title\" content=\"Fiscal\u00eda General de la Naci\u00f3n\" \/>\n<meta property=\"og:description\" content=\"P\u00e1gina oficial de la Fiscal\u00eda General de la Naci\u00f3n \u2013 Colombia. Garantizamos el acceso efectivo a la justicia, la verdad y la reparaci\u00f3n de las v\u00edctimas de los delitos.\" \/>\n<meta property=\"og:url\" content=\"https:\/\/www.fiscalia.gov.co\/colombia\/noticias\/lo-que-queremos-es-convertir-a-la-fiscalia-en-un-espejo-de-los-postulados-de-la-constitucion-de-1991-fiscal-general\/\" \/>\n<meta property=\"og:site_name\" content=\"Fiscal\u00eda General de la Naci\u00f3n\" \/>\n<meta property=\"article:publisher\" content=\"https:\/\/www.facebook.com\/FiscaliaCol\" \/>\n<meta property=\"article:published_time\" content=\"2014-01-16T18:42:44+00:00\" \/>\n<meta property=\"article:modified_time\" content=\"2014-02-11T22:39:16+00:00\" \/>\n<meta name=\"author\" content=\"dfgordillo\" \/>\n<meta name=\"twitter:card\" content=\"summary_large_image\" \/>\n<meta name=\"twitter:creator\" content=\"@FiscaliaCol\" \/>\n<meta name=\"twitter:site\" content=\"@FiscaliaCol\" \/>\n<meta name=\"twitter:label1\" content=\"Escrito por\" \/>\n\t<meta name=\"twitter:data1\" content=\"dfgordillo\" \/>\n\t<meta name=\"twitter:label2\" content=\"Tiempo de lectura\" \/>\n\t<meta name=\"twitter:data2\" content=\"4 minutos\" \/>\n<script type=\"application\/ld+json\" class=\"yoast-schema-graph\">{\"@context\":\"https:\/\/schema.org\",\"@graph\":[{\"@type\":\"Article\",\"@id\":\"https:\/\/www.fiscalia.gov.co\/colombia\/noticias\/lo-que-queremos-es-convertir-a-la-fiscalia-en-un-espejo-de-los-postulados-de-la-constitucion-de-1991-fiscal-general\/#article\",\"isPartOf\":{\"@id\":\"https:\/\/www.fiscalia.gov.co\/colombia\/noticias\/lo-que-queremos-es-convertir-a-la-fiscalia-en-un-espejo-de-los-postulados-de-la-constitucion-de-1991-fiscal-general\/\"},\"author\":{\"name\":\"dfgordillo\",\"@id\":\"https:\/\/www.fiscalia.gov.co\/colombia\/#\/schema\/person\/3903856a3ce2d54b094c69eb29247895\"},\"headline\":\"Lo que queremos es convertir a la Fiscal\u00eda en un espejo de los postulados de la Constituci\u00f3n de 1991: Fiscal General\",\"datePublished\":\"2014-01-16T18:42:44+00:00\",\"dateModified\":\"2014-02-11T22:39:16+00:00\",\"mainEntityOfPage\":{\"@id\":\"https:\/\/www.fiscalia.gov.co\/colombia\/noticias\/lo-que-queremos-es-convertir-a-la-fiscalia-en-un-espejo-de-los-postulados-de-la-constitucion-de-1991-fiscal-general\/\"},\"wordCount\":723,\"publisher\":{\"@id\":\"https:\/\/www.fiscalia.gov.co\/colombia\/#organization\"},\"keywords\":[\"Eduardo Montealegre Lynett\",\"Fiscal General de la Naci\u00f3n\"],\"articleSection\":[\"Noticias\"],\"inLanguage\":\"es-CO\"},{\"@type\":\"WebPage\",\"@id\":\"https:\/\/www.fiscalia.gov.co\/colombia\/noticias\/lo-que-queremos-es-convertir-a-la-fiscalia-en-un-espejo-de-los-postulados-de-la-constitucion-de-1991-fiscal-general\/\",\"url\":\"https:\/\/www.fiscalia.gov.co\/colombia\/noticias\/lo-que-queremos-es-convertir-a-la-fiscalia-en-un-espejo-de-los-postulados-de-la-constitucion-de-1991-fiscal-general\/\",\"name\":\"Fiscal\u00eda General de la Naci\u00f3n\",\"isPartOf\":{\"@id\":\"https:\/\/www.fiscalia.gov.co\/colombia\/#website\"},\"datePublished\":\"2014-01-16T18:42:44+00:00\",\"dateModified\":\"2014-02-11T22:39:16+00:00\",\"description\":\"P\u00e1gina oficial de la Fiscal\u00eda General de la Naci\u00f3n \u2013 Colombia. Garantizamos el acceso efectivo a la justicia, la verdad y la reparaci\u00f3n de las v\u00edctimas de los delitos.\",\"breadcrumb\":{\"@id\":\"https:\/\/www.fiscalia.gov.co\/colombia\/noticias\/lo-que-queremos-es-convertir-a-la-fiscalia-en-un-espejo-de-los-postulados-de-la-constitucion-de-1991-fiscal-general\/#breadcrumb\"},\"inLanguage\":\"es-CO\",\"potentialAction\":[{\"@type\":\"ReadAction\",\"target\":[\"https:\/\/www.fiscalia.gov.co\/colombia\/noticias\/lo-que-queremos-es-convertir-a-la-fiscalia-en-un-espejo-de-los-postulados-de-la-constitucion-de-1991-fiscal-general\/\"]}]},{\"@type\":\"BreadcrumbList\",\"@id\":\"https:\/\/www.fiscalia.gov.co\/colombia\/noticias\/lo-que-queremos-es-convertir-a-la-fiscalia-en-un-espejo-de-los-postulados-de-la-constitucion-de-1991-fiscal-general\/#breadcrumb\",\"itemListElement\":[{\"@type\":\"ListItem\",\"position\":1,\"name\":\"Home\",\"item\":\"https:\/\/www.fiscalia.gov.co\/colombia\/\"},{\"@type\":\"ListItem\",\"position\":2,\"name\":\"Lo que queremos es convertir a la Fiscal\u00eda en un espejo de los postulados de la Constituci\u00f3n de 1991: Fiscal General\"}]},{\"@type\":\"WebSite\",\"@id\":\"https:\/\/www.fiscalia.gov.co\/colombia\/#website\",\"url\":\"https:\/\/www.fiscalia.gov.co\/colombia\/\",\"name\":\"Fiscal\u00eda General de la Naci\u00f3n\",\"description\":\"P\u00e1gina oficial de la Fiscal\u00eda General de la Naci\u00f3n \u2013 Colombia. Garantizamos el acceso efectivo a la justicia, la verdad y la reparaci\u00f3n de las v\u00edctimas de los delitos.\",\"publisher\":{\"@id\":\"https:\/\/www.fiscalia.gov.co\/colombia\/#organization\"},\"potentialAction\":[{\"@type\":\"SearchAction\",\"target\":{\"@type\":\"EntryPoint\",\"urlTemplate\":\"https:\/\/www.fiscalia.gov.co\/colombia\/?s={search_term_string}\"},\"query-input\":{\"@type\":\"PropertyValueSpecification\",\"valueRequired\":true,\"valueName\":\"search_term_string\"}}],\"inLanguage\":\"es-CO\"},{\"@type\":\"Organization\",\"@id\":\"https:\/\/www.fiscalia.gov.co\/colombia\/#organization\",\"name\":\"Fiscal\u00eda General de la Naci\u00f3n\",\"url\":\"https:\/\/www.fiscalia.gov.co\/colombia\/\",\"logo\":{\"@type\":\"ImageObject\",\"inLanguage\":\"es-CO\",\"@id\":\"https:\/\/www.fiscalia.gov.co\/colombia\/#\/schema\/logo\/image\/\",\"url\":\"https:\/\/www.fiscalia.gov.co\/colombia\/wp-content\/uploads\/LogoHorizontal_1.jpg\",\"contentUrl\":\"https:\/\/www.fiscalia.gov.co\/colombia\/wp-content\/uploads\/LogoHorizontal_1.jpg\",\"width\":300,\"height\":90,\"caption\":\"Fiscal\u00eda General de la Naci\u00f3n\"},\"image\":{\"@id\":\"https:\/\/www.fiscalia.gov.co\/colombia\/#\/schema\/logo\/image\/\"},\"sameAs\":[\"https:\/\/www.facebook.com\/FiscaliaCol\",\"https:\/\/x.com\/FiscaliaCol\",\"https:\/\/www.instagram.com\/fiscaliacol\",\"https:\/\/www.linkedin.com\/company\/fiscalia-general-de-la-naci-n\/\",\"https:\/\/youtube.com\/@fiscaliageneraldelanacion-4668?si=6nN79nyQICPU5iTh\"]},{\"@type\":\"Person\",\"@id\":\"https:\/\/www.fiscalia.gov.co\/colombia\/#\/schema\/person\/3903856a3ce2d54b094c69eb29247895\",\"name\":\"dfgordillo\",\"image\":{\"@type\":\"ImageObject\",\"inLanguage\":\"es-CO\",\"@id\":\"https:\/\/www.fiscalia.gov.co\/colombia\/#\/schema\/person\/image\/\",\"url\":\"https:\/\/secure.gravatar.com\/avatar\/b6356e21c5657c60757fe6fb9493e947?s=96&d=mm&r=g\",\"contentUrl\":\"https:\/\/secure.gravatar.com\/avatar\/b6356e21c5657c60757fe6fb9493e947?s=96&d=mm&r=g\",\"caption\":\"dfgordillo\"},\"sameAs\":[\"dfgordillo\"],\"url\":\"https:\/\/www.fiscalia.gov.co\/colombia\/author\/dfgordillo\/\"}]}<\/script>\n<!-- \/ Yoast SEO plugin. -->","yoast_head_json":{"title":"Fiscal\u00eda General de la Naci\u00f3n","description":"P\u00e1gina oficial de la Fiscal\u00eda General de la Naci\u00f3n \u2013 Colombia. Garantizamos el acceso efectivo a la justicia, la verdad y la reparaci\u00f3n de las v\u00edctimas de los delitos.","robots":{"index":"noindex","follow":"follow"},"og_locale":"es_ES","og_type":"article","og_title":"Fiscal\u00eda General de la Naci\u00f3n","og_description":"P\u00e1gina oficial de la Fiscal\u00eda General de la Naci\u00f3n \u2013 Colombia. Garantizamos el acceso efectivo a la justicia, la verdad y la reparaci\u00f3n de las v\u00edctimas de los delitos.","og_url":"https:\/\/www.fiscalia.gov.co\/colombia\/noticias\/lo-que-queremos-es-convertir-a-la-fiscalia-en-un-espejo-de-los-postulados-de-la-constitucion-de-1991-fiscal-general\/","og_site_name":"Fiscal\u00eda General de la Naci\u00f3n","article_publisher":"https:\/\/www.facebook.com\/FiscaliaCol","article_published_time":"2014-01-16T18:42:44+00:00","article_modified_time":"2014-02-11T22:39:16+00:00","author":"dfgordillo","twitter_card":"summary_large_image","twitter_creator":"@FiscaliaCol","twitter_site":"@FiscaliaCol","twitter_misc":{"Escrito por":"dfgordillo","Tiempo de lectura":"4 minutos"},"schema":{"@context":"https:\/\/schema.org","@graph":[{"@type":"Article","@id":"https:\/\/www.fiscalia.gov.co\/colombia\/noticias\/lo-que-queremos-es-convertir-a-la-fiscalia-en-un-espejo-de-los-postulados-de-la-constitucion-de-1991-fiscal-general\/#article","isPartOf":{"@id":"https:\/\/www.fiscalia.gov.co\/colombia\/noticias\/lo-que-queremos-es-convertir-a-la-fiscalia-en-un-espejo-de-los-postulados-de-la-constitucion-de-1991-fiscal-general\/"},"author":{"name":"dfgordillo","@id":"https:\/\/www.fiscalia.gov.co\/colombia\/#\/schema\/person\/3903856a3ce2d54b094c69eb29247895"},"headline":"Lo que queremos es convertir a la Fiscal\u00eda en un espejo de los postulados de la Constituci\u00f3n de 1991: Fiscal General","datePublished":"2014-01-16T18:42:44+00:00","dateModified":"2014-02-11T22:39:16+00:00","mainEntityOfPage":{"@id":"https:\/\/www.fiscalia.gov.co\/colombia\/noticias\/lo-que-queremos-es-convertir-a-la-fiscalia-en-un-espejo-de-los-postulados-de-la-constitucion-de-1991-fiscal-general\/"},"wordCount":723,"publisher":{"@id":"https:\/\/www.fiscalia.gov.co\/colombia\/#organization"},"keywords":["Eduardo Montealegre Lynett","Fiscal General de la Naci\u00f3n"],"articleSection":["Noticias"],"inLanguage":"es-CO"},{"@type":"WebPage","@id":"https:\/\/www.fiscalia.gov.co\/colombia\/noticias\/lo-que-queremos-es-convertir-a-la-fiscalia-en-un-espejo-de-los-postulados-de-la-constitucion-de-1991-fiscal-general\/","url":"https:\/\/www.fiscalia.gov.co\/colombia\/noticias\/lo-que-queremos-es-convertir-a-la-fiscalia-en-un-espejo-de-los-postulados-de-la-constitucion-de-1991-fiscal-general\/","name":"Fiscal\u00eda General de la Naci\u00f3n","isPartOf":{"@id":"https:\/\/www.fiscalia.gov.co\/colombia\/#website"},"datePublished":"2014-01-16T18:42:44+00:00","dateModified":"2014-02-11T22:39:16+00:00","description":"P\u00e1gina oficial de la Fiscal\u00eda General de la Naci\u00f3n \u2013 Colombia. Garantizamos el acceso efectivo a la justicia, la verdad y la reparaci\u00f3n de las v\u00edctimas de los delitos.","breadcrumb":{"@id":"https:\/\/www.fiscalia.gov.co\/colombia\/noticias\/lo-que-queremos-es-convertir-a-la-fiscalia-en-un-espejo-de-los-postulados-de-la-constitucion-de-1991-fiscal-general\/#breadcrumb"},"inLanguage":"es-CO","potentialAction":[{"@type":"ReadAction","target":["https:\/\/www.fiscalia.gov.co\/colombia\/noticias\/lo-que-queremos-es-convertir-a-la-fiscalia-en-un-espejo-de-los-postulados-de-la-constitucion-de-1991-fiscal-general\/"]}]},{"@type":"BreadcrumbList","@id":"https:\/\/www.fiscalia.gov.co\/colombia\/noticias\/lo-que-queremos-es-convertir-a-la-fiscalia-en-un-espejo-de-los-postulados-de-la-constitucion-de-1991-fiscal-general\/#breadcrumb","itemListElement":[{"@type":"ListItem","position":1,"name":"Home","item":"https:\/\/www.fiscalia.gov.co\/colombia\/"},{"@type":"ListItem","position":2,"name":"Lo que queremos es convertir a la Fiscal\u00eda en un espejo de los postulados de la Constituci\u00f3n de 1991: Fiscal General"}]},{"@type":"WebSite","@id":"https:\/\/www.fiscalia.gov.co\/colombia\/#website","url":"https:\/\/www.fiscalia.gov.co\/colombia\/","name":"Fiscal\u00eda General de la Naci\u00f3n","description":"P\u00e1gina oficial de la Fiscal\u00eda General de la Naci\u00f3n \u2013 Colombia. Garantizamos el acceso efectivo a la justicia, la verdad y la reparaci\u00f3n de las v\u00edctimas de los delitos.","publisher":{"@id":"https:\/\/www.fiscalia.gov.co\/colombia\/#organization"},"potentialAction":[{"@type":"SearchAction","target":{"@type":"EntryPoint","urlTemplate":"https:\/\/www.fiscalia.gov.co\/colombia\/?s={search_term_string}"},"query-input":{"@type":"PropertyValueSpecification","valueRequired":true,"valueName":"search_term_string"}}],"inLanguage":"es-CO"},{"@type":"Organization","@id":"https:\/\/www.fiscalia.gov.co\/colombia\/#organization","name":"Fiscal\u00eda General de la Naci\u00f3n","url":"https:\/\/www.fiscalia.gov.co\/colombia\/","logo":{"@type":"ImageObject","inLanguage":"es-CO","@id":"https:\/\/www.fiscalia.gov.co\/colombia\/#\/schema\/logo\/image\/","url":"https:\/\/www.fiscalia.gov.co\/colombia\/wp-content\/uploads\/LogoHorizontal_1.jpg","contentUrl":"https:\/\/www.fiscalia.gov.co\/colombia\/wp-content\/uploads\/LogoHorizontal_1.jpg","width":300,"height":90,"caption":"Fiscal\u00eda General de la Naci\u00f3n"},"image":{"@id":"https:\/\/www.fiscalia.gov.co\/colombia\/#\/schema\/logo\/image\/"},"sameAs":["https:\/\/www.facebook.com\/FiscaliaCol","https:\/\/x.com\/FiscaliaCol","https:\/\/www.instagram.com\/fiscaliacol","https:\/\/www.linkedin.com\/company\/fiscalia-general-de-la-naci-n\/","https:\/\/youtube.com\/@fiscaliageneraldelanacion-4668?si=6nN79nyQICPU5iTh"]},{"@type":"Person","@id":"https:\/\/www.fiscalia.gov.co\/colombia\/#\/schema\/person\/3903856a3ce2d54b094c69eb29247895","name":"dfgordillo","image":{"@type":"ImageObject","inLanguage":"es-CO","@id":"https:\/\/www.fiscalia.gov.co\/colombia\/#\/schema\/person\/image\/","url":"https:\/\/secure.gravatar.com\/avatar\/b6356e21c5657c60757fe6fb9493e947?s=96&d=mm&r=g","contentUrl":"https:\/\/secure.gravatar.com\/avatar\/b6356e21c5657c60757fe6fb9493e947?s=96&d=mm&r=g","caption":"dfgordillo"},"sameAs":["dfgordillo"],"url":"https:\/\/www.fiscalia.gov.co\/colombia\/author\/dfgordillo\/"}]}},"_links":{"self":[{"href":"https:\/\/www.fiscalia.gov.co\/colombia\/wp-json\/wp\/v2\/posts\/43577","targetHints":{"allow":["GET"]}}],"collection":[{"href":"https:\/\/www.fiscalia.gov.co\/colombia\/wp-json\/wp\/v2\/posts"}],"about":[{"href":"https:\/\/www.fiscalia.gov.co\/colombia\/wp-json\/wp\/v2\/types\/post"}],"author":[{"embeddable":true,"href":"https:\/\/www.fiscalia.gov.co\/colombia\/wp-json\/wp\/v2\/users\/143"}],"replies":[{"embeddable":true,"href":"https:\/\/www.fiscalia.gov.co\/colombia\/wp-json\/wp\/v2\/comments?post=43577"}],"version-history":[{"count":7,"href":"https:\/\/www.fiscalia.gov.co\/colombia\/wp-json\/wp\/v2\/posts\/43577\/revisions"}],"predecessor-version":[{"id":43583,"href":"https:\/\/www.fiscalia.gov.co\/colombia\/wp-json\/wp\/v2\/posts\/43577\/revisions\/43583"}],"wp:attachment":[{"href":"https:\/\/www.fiscalia.gov.co\/colombia\/wp-json\/wp\/v2\/media?parent=43577"}],"wp:term":[{"taxonomy":"category","embeddable":true,"href":"https:\/\/www.fiscalia.gov.co\/colombia\/wp-json\/wp\/v2\/categories?post=43577"},{"taxonomy":"post_tag","embeddable":true,"href":"https:\/\/www.fiscalia.gov.co\/colombia\/wp-json\/wp\/v2\/tags?post=43577"}],"curies":[{"name":"wp","href":"https:\/\/api.w.org\/{rel}","templated":true}]}}