{"id":43361,"date":"2014-01-10T16:30:53","date_gmt":"2014-01-10T21:30:53","guid":{"rendered":"http:\/\/www.fiscalia.gov.co\/colombia\/?p=43361"},"modified":"2014-01-12T11:09:52","modified_gmt":"2014-01-12T16:09:52","slug":"esta-reforma-administrativa-es-la-mas-importante-que-se-ha-producido-en-colombia-al-interior-de-la-fiscalia-general-de-la-nacion-eduardo-montealegre","status":"publish","type":"post","link":"https:\/\/www.fiscalia.gov.co\/colombia\/noticias\/esta-reforma-administrativa-es-la-mas-importante-que-se-ha-producido-en-colombia-al-interior-de-la-fiscalia-general-de-la-nacion-eduardo-montealegre\/","title":{"rendered":"Esta reforma administrativa es la m\u00e1s importante que se ha producido en Colombia al interior de la Fiscal\u00eda General de la Naci\u00f3n: Eduardo Montealegre"},"content":{"rendered":"<p>Tras la firma de los decretos para impulsar la reforma estructural de la Fiscal\u00eda por parte del Presidente de la Rep\u00fablica, Juan Manuel Santos, el d\u00eda de hoy, el Fiscal General de la Naci\u00f3n, Eduardo Montealegre Lynett, dio a conocer algunos de los aspectos m\u00e1s importantes de esta reestructuraci\u00f3n.<\/p>\n<p>En primer lugar indic\u00f3 el jefe del ente acusador que esta es \u201cla reforma administrativa m\u00e1s importante que se ha producido en Colombia al interior de la Fiscal\u00eda General de la Naci\u00f3n despu\u00e9s de la expedici\u00f3n de la Carta Pol\u00edtica en 1991. Si bien es cierto que la Constituci\u00f3n del 91 implic\u00f3 unos cambios fundamentales al crear la FGN, que ha sido una estructura\u00a0 administrativa muy importante en la lucha contra el crimen organizado, hay que destacar que despu\u00e9s de 20 a\u00f1os de vigencia de la Constituci\u00f3n, es la primera gran transformaci\u00f3n administrativa de la entidad\u201d.<\/p>\n<p>\u201cPodemos decir al pa\u00eds que con los decretos que hoy se expiden, se est\u00e1 preparando a la Fiscal\u00eda General de la Naci\u00f3n para ser una Fiscal\u00eda del siglo XXI, una Fiscal\u00eda moderna, una Fiscal\u00eda que con estos nuevos instrumentos va a poder responder a los desaf\u00edos de la criminalidad en el mundo moderno\u201d, agreg\u00f3 el alto funcionario.<\/p>\n<p>Al dirigirse al Presidente de la Rep\u00fablica y a la ciudadan\u00eda el Fiscal Montealegre dijo: \u201cDebemos reconocer que la Naci\u00f3n, su Gobierno, en esta restructuraci\u00f3n ha invertido en justicia\u00a0 un bill\u00f3n 85 mil millones de pesos. La reestructuraci\u00f3n que se pone en funcionamiento el d\u00eda de hoy implica dicha suma, que ser\u00e1n ejecutados progresivamente durante tres a\u00f1os entre el 2014 y el 2016. Implica tambi\u00e9n, que se van a crear m\u00e1s de 3.500 nuevos cargos en la Fiscal\u00eda, que estar\u00e1n representados en m\u00e1s fiscales en toda la Naci\u00f3n,\u00a0 en m\u00e1s miembros de polic\u00eda judicial, en m\u00e1s presencia de fiscales especializados en la lucha contra el terrorismo, en materia de combate contra el crimen organizado\u201d.<\/p>\n<p>Recalc\u00f3 adem\u00e1s que \u201cla implementaci\u00f3n de los m\u00e1s de 3.500 cargos, de nuevos funcionarios en todas las regiones del pa\u00eds, indiscutiblemente va a representar un gran fortalecimiento de la justicia penal\u201d.<\/p>\n<p>Por otra parte, esta reestructuraci\u00f3n implica la institucionalizaci\u00f3n de un nuevo modelo de investigaci\u00f3n en materia penal en la Fiscal\u00eda General de la Naci\u00f3n. Al respecto el Fiscal Montealegre manifest\u00f3 que \u201cuna de las grandes deficiencias durante estos 20 a\u00f1os de funcionamiento de la FGN era que las investigaciones se llevaban individualmente y de forma fraccionada, y no se estaba adelantando una verdadera pol\u00edtica de lucha contra el crimen organizado. De esta manera las investigaciones estar\u00e1n m\u00e1s centradas no tanto en el caso particular, sino en desbaratar y desarticular las organizaciones criminales\u201d.<\/p>\n<p>Otro de los logros de la reforma es la creaci\u00f3n de cinco nuevas polic\u00edas judiciales en el pa\u00eds. Adem\u00e1s del CTI que permanece como instituci\u00f3n base de la investigaci\u00f3n criminal en la FGN, se crean estas polic\u00edas judiciales que estar\u00e1n encargadas de luchar contra el crimen organizado, el crimen de cuello blanco, el crimen financiero.<\/p>\n<p>Es importante destacar la creaci\u00f3n de una polic\u00eda judicial denominada PEF, Polic\u00eda Econ\u00f3mica Financiera, que se va a encargar de los estudios del sector financiero y los movimientos del mismo, de la toma de medidas oportunas en colaboraci\u00f3n con las autoridades de intervenci\u00f3n econ\u00f3mica para evitar grandes fraudes al interior del Estado Colombiano.<\/p>\n<p>Asimismo, sobresale la creaci\u00f3n de la polic\u00eda judicial de extinci\u00f3n del derecho de dominio que va a permitir\u00a0 continuar la lucha contra los bienes il\u00edcitos \u00a0para rescatar y recuperar para el Estado dichos bienes. Esta polic\u00eda judicial que va a ser la herramienta m\u00e1s importante que tendr\u00e1 el estado para la recuperaci\u00f3n de bienes de procedencia il\u00edcita.<\/p>\n<p>Las otras tres polic\u00edas judiciales estar\u00e1n enfocadas en derechos humanos y derecho internacional humanitario, crimen organizado y aforados constitucionales.<\/p>\n<p>\u201cAdem\u00e1s de la creaci\u00f3n de estas polic\u00edas judiciales, debemos destacar que otro de los grandes logros de esta reforma es el que la Fiscal\u00eda General de la Naci\u00f3n a trav\u00e9s de subdirecciones, tendr\u00e1 presencia en todas las regiones del pa\u00eds. Por eso podemos dar la noticia a los colombianos que los departamentos donde hasta este momento no ha exist\u00eda presencia institucional de la FGN, contar\u00e1 con un director en cada uno\u201d, se\u00f1al\u00f3 Montealegre Lynett.<\/p>\n<p>Un punto m\u00e1s para resaltar es la conformaci\u00f3n de una nueva Direcci\u00f3n al interior de la Fiscal\u00eda para la administraci\u00f3n y buena gerencia del Sistema Acusatorio. Despu\u00e9s de casi 10 a\u00f1os de implementaci\u00f3n del Sistema Acusatorio en Colombia, que es otras de las grandes reformas que se ha producido, es importante darle nuevos avances y giros en materia administrativa, por eso entrar\u00e1 a funcionar la Direcci\u00f3n Nacional del Sistema Penal Acusatorio de la Articulaci\u00f3n Institucional en materia Penal.<\/p>\n<p>Otro de los grandes logros es la profesionalizaci\u00f3n de la polic\u00eda judicial. La reforma implica crear los mecanismos necesarios para la profesionalizaci\u00f3n para todos los miembros de la polic\u00eda judicial que dependen de la FGN. El jefe del ente acusador dijo que \u201cpara esta profesionalizaci\u00f3n se va a crear, a trav\u00e9s de un decreto que\u00a0 pr\u00f3ximamente va a expedir la Presidencia de la Rep\u00fablica, una nueva instituci\u00f3n universitaria, que va a ser un establecimiento p\u00fablico, adscrito a la FGN, con patrimonio aut\u00f3nomo, personer\u00eda jur\u00eddica aut\u00f3noma, que fundamentalmente va a ser una instituci\u00f3n tecnol\u00f3gica orientada a la profesionalizaci\u00f3n de los funcionarios de polic\u00eda judicial especialmente de la entidad\u201d.<\/p>\n<p>Tambi\u00e9n se crea una Direcci\u00f3n que va\u00a0 a estar encargada de la atenci\u00f3n de v\u00edctimas y usuarios en el pa\u00eds, como parte de la pol\u00edtica de protecci\u00f3n y fortalecimiento de las v\u00edctimas del conflicto armado colombiano. Igualmente se conforma una Direcci\u00f3n que va a contribuir con el dise\u00f1o de pol\u00edticas p\u00fablicas en materia criminal en el pa\u00eds, para dar un paso muy importante para lograr coherencia en la pol\u00edtica criminal.<\/p>\n<p>Finalmente, entre otros puntos que se pueden consultar en los decretos, el Fiscal General anunci\u00f3 la creaci\u00f3n de una Direcci\u00f3n de alto nivel encargada de las investigaciones en materia de derechos humanos y justicia transicional. As\u00ed se crean nuevos instrumentos jur\u00eddicos en derechos humanos para incorporar las herramientas de los Tribunales Penales Internacionales en la protecci\u00f3n frente a las violaciones a los derechos humanos.<\/p>\n<p>Los Decretos de la reforma expedidos por el Presidente de la Rep\u00fablica, de acuerdo con las facultades extraordinarias conferidas por el Congreso, pueden ser consultados <a title=\"Ir\" href=\"http:\/\/www.fiscalia.gov.co\/colombia\/noticias\/destacada\/con-la-reforma-la-fiscalia-podra-ir-tras-la-caceria-de-las-organizaciones-delincuenciales-presidente-santos\/\" target=\"_blank\">aqu\u00ed<\/a>.<\/p>\n<p>____________________________________________________<\/p>\n<p><strong>Intervenci\u00f3n del Presidente de la Rep\u00fablica; el Fiscal General de la Naci\u00f3n, y el Defensor del Pueblo\u00a0<\/strong><\/p>\n<h4><span style=\"font-weight: normal;\">[audio:http:\/\/www.fiscalia.gov.co\/colombia\/wp-content\/uploads\/20140110f.mp3|titles=Declaraciones]<\/span><\/h4>\n<p><strong><a title=\"Descargar audio \" href=\"http:\/\/www.fiscalia.gov.co\/colombia\/wp-content\/uploads\/20140110f.mp3\" target=\"_blank\">Descargar<\/a><\/strong><\/p>\n<p>Tema: Reforma a la Fiscal\u00eda General de la Naci\u00f3n<br \/>\nFecha: 10 de enero de 2014<br \/>\nLugar: Casa de Nari\u00f1o, Bogot\u00e1.<\/p>\n\n<div class=\"twitter-share\"><a href=\"https:\/\/twitter.com\/intent\/tweet?via=fiscaliacol\" class=\"twitter-share-button\">Tweet<\/a><\/div>\n","protected":false},"excerpt":{"rendered":"<p>Tras la firma de los decretos para impulsar la reforma estructural de la Fiscal\u00eda por parte del Presidente de la Rep\u00fablica, Juan Manuel Santos, el d\u00eda de hoy, el Fiscal General de la Naci\u00f3n, Eduardo Montealegre Lynett, dio a conocer algunos de los aspectos m\u00e1s importantes de esta reestructuraci\u00f3n. En primer lugar indic\u00f3 el jefe [&hellip;]<\/p>\n","protected":false},"author":143,"featured_media":0,"comment_status":"closed","ping_status":"open","sticky":false,"template":"","format":"standard","meta":{"_price":"","_stock":"","_tribe_ticket_header":"","_tribe_default_ticket_provider":"","_tribe_ticket_capacity":"0","_ticket_start_date":"","_ticket_end_date":"","_tribe_ticket_show_description":"","_tribe_ticket_show_not_going":false,"_tribe_ticket_use_global_stock":"","_tribe_ticket_global_stock_level":"","_global_stock_mode":"","_global_stock_cap":"","_tribe_rsvp_for_event":"","_tribe_ticket_going_count":"","_tribe_ticket_not_going_count":"","_tribe_tickets_list":"[]","_tribe_ticket_has_attendee_info_fields":false,"tdm_status":"","tdm_grid_status":"","footnotes":""},"categories":[1],"tags":[400,78],"class_list":{"0":"post-43361","1":"post","2":"type-post","3":"status-publish","4":"format-standard","6":"category-noticias","7":"tag-eduardo-montealegre-lynett","8":"tag-fiscal-general-de-la-nacion"},"yoast_head":"<!-- This site is optimized with the Yoast SEO plugin v24.3 - https:\/\/yoast.com\/wordpress\/plugins\/seo\/ -->\n<title>Fiscal\u00eda General de la Naci\u00f3n<\/title>\n<meta name=\"description\" content=\"P\u00e1gina oficial de la Fiscal\u00eda General de la Naci\u00f3n \u2013 Colombia. Garantizamos el acceso efectivo a la justicia, la verdad y la reparaci\u00f3n de las v\u00edctimas de los delitos.\" \/>\n<meta name=\"robots\" content=\"noindex, follow\" \/>\n<meta property=\"og:locale\" content=\"es_ES\" \/>\n<meta property=\"og:type\" content=\"article\" \/>\n<meta property=\"og:title\" content=\"Fiscal\u00eda General de la Naci\u00f3n\" \/>\n<meta property=\"og:description\" content=\"P\u00e1gina oficial de la Fiscal\u00eda General de la Naci\u00f3n \u2013 Colombia. Garantizamos el acceso efectivo a la justicia, la verdad y la reparaci\u00f3n de las v\u00edctimas de los delitos.\" \/>\n<meta property=\"og:url\" content=\"https:\/\/www.fiscalia.gov.co\/colombia\/noticias\/esta-reforma-administrativa-es-la-mas-importante-que-se-ha-producido-en-colombia-al-interior-de-la-fiscalia-general-de-la-nacion-eduardo-montealegre\/\" \/>\n<meta property=\"og:site_name\" content=\"Fiscal\u00eda General de la Naci\u00f3n\" \/>\n<meta property=\"article:publisher\" content=\"https:\/\/www.facebook.com\/FiscaliaCol\" \/>\n<meta property=\"article:published_time\" content=\"2014-01-10T21:30:53+00:00\" \/>\n<meta property=\"article:modified_time\" content=\"2014-01-12T16:09:52+00:00\" \/>\n<meta name=\"author\" content=\"dfgordillo\" \/>\n<meta name=\"twitter:card\" content=\"summary_large_image\" \/>\n<meta name=\"twitter:creator\" content=\"@FiscaliaCol\" \/>\n<meta name=\"twitter:site\" content=\"@FiscaliaCol\" \/>\n<meta name=\"twitter:label1\" content=\"Escrito por\" \/>\n\t<meta name=\"twitter:data1\" content=\"dfgordillo\" \/>\n\t<meta name=\"twitter:label2\" content=\"Tiempo de lectura\" \/>\n\t<meta name=\"twitter:data2\" content=\"6 minutos\" \/>\n<script type=\"application\/ld+json\" class=\"yoast-schema-graph\">{\"@context\":\"https:\/\/schema.org\",\"@graph\":[{\"@type\":\"Article\",\"@id\":\"https:\/\/www.fiscalia.gov.co\/colombia\/noticias\/esta-reforma-administrativa-es-la-mas-importante-que-se-ha-producido-en-colombia-al-interior-de-la-fiscalia-general-de-la-nacion-eduardo-montealegre\/#article\",\"isPartOf\":{\"@id\":\"https:\/\/www.fiscalia.gov.co\/colombia\/noticias\/esta-reforma-administrativa-es-la-mas-importante-que-se-ha-producido-en-colombia-al-interior-de-la-fiscalia-general-de-la-nacion-eduardo-montealegre\/\"},\"author\":{\"name\":\"dfgordillo\",\"@id\":\"https:\/\/www.fiscalia.gov.co\/colombia\/#\/schema\/person\/3903856a3ce2d54b094c69eb29247895\"},\"headline\":\"Esta reforma administrativa es la m\u00e1s importante que se ha producido en Colombia al interior de la Fiscal\u00eda General de la Naci\u00f3n: Eduardo Montealegre\",\"datePublished\":\"2014-01-10T21:30:53+00:00\",\"dateModified\":\"2014-01-12T16:09:52+00:00\",\"mainEntityOfPage\":{\"@id\":\"https:\/\/www.fiscalia.gov.co\/colombia\/noticias\/esta-reforma-administrativa-es-la-mas-importante-que-se-ha-producido-en-colombia-al-interior-de-la-fiscalia-general-de-la-nacion-eduardo-montealegre\/\"},\"wordCount\":1250,\"publisher\":{\"@id\":\"https:\/\/www.fiscalia.gov.co\/colombia\/#organization\"},\"keywords\":[\"Eduardo Montealegre Lynett\",\"Fiscal General de la Naci\u00f3n\"],\"articleSection\":[\"Noticias\"],\"inLanguage\":\"es-CO\"},{\"@type\":\"WebPage\",\"@id\":\"https:\/\/www.fiscalia.gov.co\/colombia\/noticias\/esta-reforma-administrativa-es-la-mas-importante-que-se-ha-producido-en-colombia-al-interior-de-la-fiscalia-general-de-la-nacion-eduardo-montealegre\/\",\"url\":\"https:\/\/www.fiscalia.gov.co\/colombia\/noticias\/esta-reforma-administrativa-es-la-mas-importante-que-se-ha-producido-en-colombia-al-interior-de-la-fiscalia-general-de-la-nacion-eduardo-montealegre\/\",\"name\":\"Fiscal\u00eda General de la Naci\u00f3n\",\"isPartOf\":{\"@id\":\"https:\/\/www.fiscalia.gov.co\/colombia\/#website\"},\"datePublished\":\"2014-01-10T21:30:53+00:00\",\"dateModified\":\"2014-01-12T16:09:52+00:00\",\"description\":\"P\u00e1gina oficial de la Fiscal\u00eda General de la Naci\u00f3n \u2013 Colombia. Garantizamos el acceso efectivo a la justicia, la verdad y la reparaci\u00f3n de las v\u00edctimas de los delitos.\",\"breadcrumb\":{\"@id\":\"https:\/\/www.fiscalia.gov.co\/colombia\/noticias\/esta-reforma-administrativa-es-la-mas-importante-que-se-ha-producido-en-colombia-al-interior-de-la-fiscalia-general-de-la-nacion-eduardo-montealegre\/#breadcrumb\"},\"inLanguage\":\"es-CO\",\"potentialAction\":[{\"@type\":\"ReadAction\",\"target\":[\"https:\/\/www.fiscalia.gov.co\/colombia\/noticias\/esta-reforma-administrativa-es-la-mas-importante-que-se-ha-producido-en-colombia-al-interior-de-la-fiscalia-general-de-la-nacion-eduardo-montealegre\/\"]}]},{\"@type\":\"BreadcrumbList\",\"@id\":\"https:\/\/www.fiscalia.gov.co\/colombia\/noticias\/esta-reforma-administrativa-es-la-mas-importante-que-se-ha-producido-en-colombia-al-interior-de-la-fiscalia-general-de-la-nacion-eduardo-montealegre\/#breadcrumb\",\"itemListElement\":[{\"@type\":\"ListItem\",\"position\":1,\"name\":\"Home\",\"item\":\"https:\/\/www.fiscalia.gov.co\/colombia\/\"},{\"@type\":\"ListItem\",\"position\":2,\"name\":\"Esta reforma administrativa es la m\u00e1s importante que se ha producido en Colombia al interior de la Fiscal\u00eda General de la Naci\u00f3n: Eduardo Montealegre\"}]},{\"@type\":\"WebSite\",\"@id\":\"https:\/\/www.fiscalia.gov.co\/colombia\/#website\",\"url\":\"https:\/\/www.fiscalia.gov.co\/colombia\/\",\"name\":\"Fiscal\u00eda General de la Naci\u00f3n\",\"description\":\"P\u00e1gina oficial de la Fiscal\u00eda General de la Naci\u00f3n \u2013 Colombia. Garantizamos el acceso efectivo a la justicia, la verdad y la reparaci\u00f3n de las v\u00edctimas de los delitos.\",\"publisher\":{\"@id\":\"https:\/\/www.fiscalia.gov.co\/colombia\/#organization\"},\"potentialAction\":[{\"@type\":\"SearchAction\",\"target\":{\"@type\":\"EntryPoint\",\"urlTemplate\":\"https:\/\/www.fiscalia.gov.co\/colombia\/?s={search_term_string}\"},\"query-input\":{\"@type\":\"PropertyValueSpecification\",\"valueRequired\":true,\"valueName\":\"search_term_string\"}}],\"inLanguage\":\"es-CO\"},{\"@type\":\"Organization\",\"@id\":\"https:\/\/www.fiscalia.gov.co\/colombia\/#organization\",\"name\":\"Fiscal\u00eda General de la Naci\u00f3n\",\"url\":\"https:\/\/www.fiscalia.gov.co\/colombia\/\",\"logo\":{\"@type\":\"ImageObject\",\"inLanguage\":\"es-CO\",\"@id\":\"https:\/\/www.fiscalia.gov.co\/colombia\/#\/schema\/logo\/image\/\",\"url\":\"https:\/\/www.fiscalia.gov.co\/colombia\/wp-content\/uploads\/LogoHorizontal_1.jpg\",\"contentUrl\":\"https:\/\/www.fiscalia.gov.co\/colombia\/wp-content\/uploads\/LogoHorizontal_1.jpg\",\"width\":300,\"height\":90,\"caption\":\"Fiscal\u00eda General de la Naci\u00f3n\"},\"image\":{\"@id\":\"https:\/\/www.fiscalia.gov.co\/colombia\/#\/schema\/logo\/image\/\"},\"sameAs\":[\"https:\/\/www.facebook.com\/FiscaliaCol\",\"https:\/\/x.com\/FiscaliaCol\",\"https:\/\/www.instagram.com\/fiscaliacol\",\"https:\/\/www.linkedin.com\/company\/fiscalia-general-de-la-naci-n\/\",\"https:\/\/youtube.com\/@fiscaliageneraldelanacion-4668?si=6nN79nyQICPU5iTh\"]},{\"@type\":\"Person\",\"@id\":\"https:\/\/www.fiscalia.gov.co\/colombia\/#\/schema\/person\/3903856a3ce2d54b094c69eb29247895\",\"name\":\"dfgordillo\",\"image\":{\"@type\":\"ImageObject\",\"inLanguage\":\"es-CO\",\"@id\":\"https:\/\/www.fiscalia.gov.co\/colombia\/#\/schema\/person\/image\/\",\"url\":\"https:\/\/secure.gravatar.com\/avatar\/b6356e21c5657c60757fe6fb9493e947?s=96&d=mm&r=g\",\"contentUrl\":\"https:\/\/secure.gravatar.com\/avatar\/b6356e21c5657c60757fe6fb9493e947?s=96&d=mm&r=g\",\"caption\":\"dfgordillo\"},\"sameAs\":[\"dfgordillo\"],\"url\":\"https:\/\/www.fiscalia.gov.co\/colombia\/author\/dfgordillo\/\"}]}<\/script>\n<!-- \/ Yoast SEO plugin. -->","yoast_head_json":{"title":"Fiscal\u00eda General de la Naci\u00f3n","description":"P\u00e1gina oficial de la Fiscal\u00eda General de la Naci\u00f3n \u2013 Colombia. Garantizamos el acceso efectivo a la justicia, la verdad y la reparaci\u00f3n de las v\u00edctimas de los delitos.","robots":{"index":"noindex","follow":"follow"},"og_locale":"es_ES","og_type":"article","og_title":"Fiscal\u00eda General de la Naci\u00f3n","og_description":"P\u00e1gina oficial de la Fiscal\u00eda General de la Naci\u00f3n \u2013 Colombia. Garantizamos el acceso efectivo a la justicia, la verdad y la reparaci\u00f3n de las v\u00edctimas de los delitos.","og_url":"https:\/\/www.fiscalia.gov.co\/colombia\/noticias\/esta-reforma-administrativa-es-la-mas-importante-que-se-ha-producido-en-colombia-al-interior-de-la-fiscalia-general-de-la-nacion-eduardo-montealegre\/","og_site_name":"Fiscal\u00eda General de la Naci\u00f3n","article_publisher":"https:\/\/www.facebook.com\/FiscaliaCol","article_published_time":"2014-01-10T21:30:53+00:00","article_modified_time":"2014-01-12T16:09:52+00:00","author":"dfgordillo","twitter_card":"summary_large_image","twitter_creator":"@FiscaliaCol","twitter_site":"@FiscaliaCol","twitter_misc":{"Escrito por":"dfgordillo","Tiempo de lectura":"6 minutos"},"schema":{"@context":"https:\/\/schema.org","@graph":[{"@type":"Article","@id":"https:\/\/www.fiscalia.gov.co\/colombia\/noticias\/esta-reforma-administrativa-es-la-mas-importante-que-se-ha-producido-en-colombia-al-interior-de-la-fiscalia-general-de-la-nacion-eduardo-montealegre\/#article","isPartOf":{"@id":"https:\/\/www.fiscalia.gov.co\/colombia\/noticias\/esta-reforma-administrativa-es-la-mas-importante-que-se-ha-producido-en-colombia-al-interior-de-la-fiscalia-general-de-la-nacion-eduardo-montealegre\/"},"author":{"name":"dfgordillo","@id":"https:\/\/www.fiscalia.gov.co\/colombia\/#\/schema\/person\/3903856a3ce2d54b094c69eb29247895"},"headline":"Esta reforma administrativa es la m\u00e1s importante que se ha producido en Colombia al interior de la Fiscal\u00eda General de la Naci\u00f3n: Eduardo Montealegre","datePublished":"2014-01-10T21:30:53+00:00","dateModified":"2014-01-12T16:09:52+00:00","mainEntityOfPage":{"@id":"https:\/\/www.fiscalia.gov.co\/colombia\/noticias\/esta-reforma-administrativa-es-la-mas-importante-que-se-ha-producido-en-colombia-al-interior-de-la-fiscalia-general-de-la-nacion-eduardo-montealegre\/"},"wordCount":1250,"publisher":{"@id":"https:\/\/www.fiscalia.gov.co\/colombia\/#organization"},"keywords":["Eduardo Montealegre Lynett","Fiscal General de la Naci\u00f3n"],"articleSection":["Noticias"],"inLanguage":"es-CO"},{"@type":"WebPage","@id":"https:\/\/www.fiscalia.gov.co\/colombia\/noticias\/esta-reforma-administrativa-es-la-mas-importante-que-se-ha-producido-en-colombia-al-interior-de-la-fiscalia-general-de-la-nacion-eduardo-montealegre\/","url":"https:\/\/www.fiscalia.gov.co\/colombia\/noticias\/esta-reforma-administrativa-es-la-mas-importante-que-se-ha-producido-en-colombia-al-interior-de-la-fiscalia-general-de-la-nacion-eduardo-montealegre\/","name":"Fiscal\u00eda General de la Naci\u00f3n","isPartOf":{"@id":"https:\/\/www.fiscalia.gov.co\/colombia\/#website"},"datePublished":"2014-01-10T21:30:53+00:00","dateModified":"2014-01-12T16:09:52+00:00","description":"P\u00e1gina oficial de la Fiscal\u00eda General de la Naci\u00f3n \u2013 Colombia. Garantizamos el acceso efectivo a la justicia, la verdad y la reparaci\u00f3n de las v\u00edctimas de los delitos.","breadcrumb":{"@id":"https:\/\/www.fiscalia.gov.co\/colombia\/noticias\/esta-reforma-administrativa-es-la-mas-importante-que-se-ha-producido-en-colombia-al-interior-de-la-fiscalia-general-de-la-nacion-eduardo-montealegre\/#breadcrumb"},"inLanguage":"es-CO","potentialAction":[{"@type":"ReadAction","target":["https:\/\/www.fiscalia.gov.co\/colombia\/noticias\/esta-reforma-administrativa-es-la-mas-importante-que-se-ha-producido-en-colombia-al-interior-de-la-fiscalia-general-de-la-nacion-eduardo-montealegre\/"]}]},{"@type":"BreadcrumbList","@id":"https:\/\/www.fiscalia.gov.co\/colombia\/noticias\/esta-reforma-administrativa-es-la-mas-importante-que-se-ha-producido-en-colombia-al-interior-de-la-fiscalia-general-de-la-nacion-eduardo-montealegre\/#breadcrumb","itemListElement":[{"@type":"ListItem","position":1,"name":"Home","item":"https:\/\/www.fiscalia.gov.co\/colombia\/"},{"@type":"ListItem","position":2,"name":"Esta reforma administrativa es la m\u00e1s importante que se ha producido en Colombia al interior de la Fiscal\u00eda General de la Naci\u00f3n: Eduardo Montealegre"}]},{"@type":"WebSite","@id":"https:\/\/www.fiscalia.gov.co\/colombia\/#website","url":"https:\/\/www.fiscalia.gov.co\/colombia\/","name":"Fiscal\u00eda General de la Naci\u00f3n","description":"P\u00e1gina oficial de la Fiscal\u00eda General de la Naci\u00f3n \u2013 Colombia. Garantizamos el acceso efectivo a la justicia, la verdad y la reparaci\u00f3n de las v\u00edctimas de los delitos.","publisher":{"@id":"https:\/\/www.fiscalia.gov.co\/colombia\/#organization"},"potentialAction":[{"@type":"SearchAction","target":{"@type":"EntryPoint","urlTemplate":"https:\/\/www.fiscalia.gov.co\/colombia\/?s={search_term_string}"},"query-input":{"@type":"PropertyValueSpecification","valueRequired":true,"valueName":"search_term_string"}}],"inLanguage":"es-CO"},{"@type":"Organization","@id":"https:\/\/www.fiscalia.gov.co\/colombia\/#organization","name":"Fiscal\u00eda General de la Naci\u00f3n","url":"https:\/\/www.fiscalia.gov.co\/colombia\/","logo":{"@type":"ImageObject","inLanguage":"es-CO","@id":"https:\/\/www.fiscalia.gov.co\/colombia\/#\/schema\/logo\/image\/","url":"https:\/\/www.fiscalia.gov.co\/colombia\/wp-content\/uploads\/LogoHorizontal_1.jpg","contentUrl":"https:\/\/www.fiscalia.gov.co\/colombia\/wp-content\/uploads\/LogoHorizontal_1.jpg","width":300,"height":90,"caption":"Fiscal\u00eda General de la Naci\u00f3n"},"image":{"@id":"https:\/\/www.fiscalia.gov.co\/colombia\/#\/schema\/logo\/image\/"},"sameAs":["https:\/\/www.facebook.com\/FiscaliaCol","https:\/\/x.com\/FiscaliaCol","https:\/\/www.instagram.com\/fiscaliacol","https:\/\/www.linkedin.com\/company\/fiscalia-general-de-la-naci-n\/","https:\/\/youtube.com\/@fiscaliageneraldelanacion-4668?si=6nN79nyQICPU5iTh"]},{"@type":"Person","@id":"https:\/\/www.fiscalia.gov.co\/colombia\/#\/schema\/person\/3903856a3ce2d54b094c69eb29247895","name":"dfgordillo","image":{"@type":"ImageObject","inLanguage":"es-CO","@id":"https:\/\/www.fiscalia.gov.co\/colombia\/#\/schema\/person\/image\/","url":"https:\/\/secure.gravatar.com\/avatar\/b6356e21c5657c60757fe6fb9493e947?s=96&d=mm&r=g","contentUrl":"https:\/\/secure.gravatar.com\/avatar\/b6356e21c5657c60757fe6fb9493e947?s=96&d=mm&r=g","caption":"dfgordillo"},"sameAs":["dfgordillo"],"url":"https:\/\/www.fiscalia.gov.co\/colombia\/author\/dfgordillo\/"}]}},"_links":{"self":[{"href":"https:\/\/www.fiscalia.gov.co\/colombia\/wp-json\/wp\/v2\/posts\/43361","targetHints":{"allow":["GET"]}}],"collection":[{"href":"https:\/\/www.fiscalia.gov.co\/colombia\/wp-json\/wp\/v2\/posts"}],"about":[{"href":"https:\/\/www.fiscalia.gov.co\/colombia\/wp-json\/wp\/v2\/types\/post"}],"author":[{"embeddable":true,"href":"https:\/\/www.fiscalia.gov.co\/colombia\/wp-json\/wp\/v2\/users\/143"}],"replies":[{"embeddable":true,"href":"https:\/\/www.fiscalia.gov.co\/colombia\/wp-json\/wp\/v2\/comments?post=43361"}],"version-history":[{"count":4,"href":"https:\/\/www.fiscalia.gov.co\/colombia\/wp-json\/wp\/v2\/posts\/43361\/revisions"}],"predecessor-version":[{"id":43363,"href":"https:\/\/www.fiscalia.gov.co\/colombia\/wp-json\/wp\/v2\/posts\/43361\/revisions\/43363"}],"wp:attachment":[{"href":"https:\/\/www.fiscalia.gov.co\/colombia\/wp-json\/wp\/v2\/media?parent=43361"}],"wp:term":[{"taxonomy":"category","embeddable":true,"href":"https:\/\/www.fiscalia.gov.co\/colombia\/wp-json\/wp\/v2\/categories?post=43361"},{"taxonomy":"post_tag","embeddable":true,"href":"https:\/\/www.fiscalia.gov.co\/colombia\/wp-json\/wp\/v2\/tags?post=43361"}],"curies":[{"name":"wp","href":"https:\/\/api.w.org\/{rel}","templated":true}]}}