{"id":42896,"date":"2013-12-23T09:21:54","date_gmt":"2013-12-23T14:21:54","guid":{"rendered":"http:\/\/www.fiscalia.gov.co\/colombia\/?p=42896"},"modified":"2013-12-23T09:21:57","modified_gmt":"2013-12-23T14:21:57","slug":"asegurados-27-integrantes-de-la-banda-los-cachacos-por-hurto-de-hidrocarburos","status":"publish","type":"post","link":"https:\/\/www.fiscalia.gov.co\/colombia\/noticias\/asegurados-27-integrantes-de-la-banda-los-cachacos-por-hurto-de-hidrocarburos\/","title":{"rendered":"Asegurados 27 integrantes de la banda Los Cachacos por hurto de hidrocarburos"},"content":{"rendered":"<p>Un juez de control de garant\u00edas de Cartagena acogi\u00f3 los argumentos de la Fiscal\u00eda Tercera Especializada de la ciudad y dict\u00f3 medida de aseguramiento en contra de 27 personas por el delito de apoderamiento de hidrocarburos y concierto para delinquir, perpetrados en la zona norte del Poliducto de Ecopetrol. A seis de los procesados se les imput\u00f3 adem\u00e1s el punible de contaminaci\u00f3n ambiental.<\/p>\n<p>Las investigaciones adelantadas por la Unidad de Investigaci\u00f3n Criminal del Grupo de Operaciones Especiales de Hidrocarburos (GOES) de la Polic\u00eda Nacional en conjunto con el Cuerpo T\u00e9cnico de Investigaci\u00f3n (CTI) de Cartagena (Bol\u00edvar), permitieron adelantar la operaci\u00f3n Machine X, en los departamentos de Magdalena, Atl\u00e1ntico, Bol\u00edvar, Cesar, Tolima, Cundinamarca, Meta, Santander y Valle del Cauca; donde se logr\u00f3 la aprehensi\u00f3n de estas personas, como supuestas integrantes de la organizaci\u00f3n delincuencial denominada Los Cachachos, dedicada al apoderamiento de hidrocarburos de la citada empresa petrolera.<\/p>\n<p>Se conoci\u00f3 que el grupo llevaba aproximadamente tres a\u00f1os delinquiendo en las l\u00edneas de transporte Cartagena \u2013 Baranoa y Pozos Colorados \u2013 Ayacucho, provocando p\u00e9rdidas superiores a los $4.000.000.000, equivalentes a \u00a025.330, 2 barriles de petr\u00f3leo.<\/p>\n<p>Durante la investigaci\u00f3n que dur\u00f3 cerca de un a\u00f1o, fueron incautados m\u00e1s de 36 mil galones de ACPM, inmovilizados siete veh\u00edculos y halladas 17 v\u00e1lvulas il\u00edcitas en el poliducto de Ecopetrol.<\/p>\n<p>Los asegurados, quienes permanecen recluidos en la c\u00e1rcel san Sebasti\u00e1n de La Ternera, en Cartagena, son: Calixto Manuel Blanco Aguilar, Rafael Enrique N\u00fa\u00f1ez Guerra, Luis Fredy Afanador Pinz\u00f3n, Jeorgin Orlando Fl\u00f3rez Romero, Jorge Eli\u00e9cer Mu\u00f1oz S\u00e1nchez, James Garc\u00eda Gonz\u00e1lez, \u00d3scar Fernando Bautista Pe\u00f1a, \u00c1lvaro Enrique G\u00f3mez Niebles, Joaqu\u00edn Emilio Bonilla Cardona, Germ\u00e1n Luis Julio Cerpa y Ram\u00f3n Gaona Botello.<\/p>\n<p>Igualmente, fueron afectados: Eduard Villegas Le\u00f3n, Jes\u00fas Alfonso Ojeda, Leonardo Cantillo Ariza Golman, Jos\u00e9 Parejo Pedroza, Edinson Alfonso Castro, William Alfonso Mercado Pe\u00f1a, Anderson Bonilla Pereira, Abraham Alonso Miranda, Daniel Jos\u00e9 Barrios, Narv\u00e1ez, Jos\u00e9 Luis Brujes Trillos, Javiernan Toro Valencia, Jorge Armando G\u00f3mez Amado \u00a0y Ubaldo Arturo Charris Aar\u00f3n.<\/p>\n<p>Por otra parte, los procesados a quienes el juez les otorg\u00f3 la detenci\u00f3n domiciliaria, son: Brizter Antonio Rodr\u00edguez Arrieta, V\u00edctor Hugo Vence Ariza y H\u00e9ctor Fernando Jim\u00e9nez S\u00e1nchez.<\/p>\n<p>Ninguno acept\u00f3 los cargos imputados por la Fiscal\u00eda, sin embargo la mayor\u00eda ya ha manifestado su intenci\u00f3n de preacordar con el ente acusador.<\/p>\n\n<div class=\"twitter-share\"><a href=\"https:\/\/twitter.com\/intent\/tweet?via=fiscaliacol\" class=\"twitter-share-button\">Tweet<\/a><\/div>\n","protected":false},"excerpt":{"rendered":"<p>Un juez de control de garant\u00edas de Cartagena acogi\u00f3 los argumentos de la Fiscal\u00eda Tercera Especializada de la ciudad y dict\u00f3 medida de aseguramiento en contra de 27 personas por el delito de apoderamiento de hidrocarburos y concierto para delinquir, perpetrados en la zona norte del Poliducto de Ecopetrol. A seis de los procesados se [&hellip;]<\/p>\n","protected":false},"author":143,"featured_media":0,"comment_status":"closed","ping_status":"open","sticky":false,"template":"","format":"standard","meta":{"tdm_status":"","tdm_grid_status":"","footnotes":""},"categories":[1],"tags":[1951,5959],"class_list":{"0":"post-42896","1":"post","2":"type-post","3":"status-publish","4":"format-standard","6":"category-noticias","7":"tag-hidrocarburos","8":"tag-los-cachacos"},"yoast_head":"<!-- This site is optimized with the Yoast SEO plugin v24.3 - https:\/\/yoast.com\/wordpress\/plugins\/seo\/ -->\n<title>Fiscal\u00eda General de la Naci\u00f3n<\/title>\n<meta name=\"description\" content=\"P\u00e1gina oficial de la Fiscal\u00eda General de la Naci\u00f3n \u2013 Colombia. Garantizamos el acceso efectivo a la justicia, la verdad y la reparaci\u00f3n de las v\u00edctimas de los delitos.\" \/>\n<meta name=\"robots\" content=\"noindex, follow\" \/>\n<meta property=\"og:locale\" content=\"es_ES\" \/>\n<meta property=\"og:type\" content=\"article\" \/>\n<meta property=\"og:title\" content=\"Fiscal\u00eda General de la Naci\u00f3n\" \/>\n<meta property=\"og:description\" content=\"P\u00e1gina oficial de la Fiscal\u00eda General de la Naci\u00f3n \u2013 Colombia. Garantizamos el acceso efectivo a la justicia, la verdad y la reparaci\u00f3n de las v\u00edctimas de los delitos.\" \/>\n<meta property=\"og:url\" content=\"https:\/\/www.fiscalia.gov.co\/colombia\/noticias\/asegurados-27-integrantes-de-la-banda-los-cachacos-por-hurto-de-hidrocarburos\/\" \/>\n<meta property=\"og:site_name\" content=\"Fiscal\u00eda General de la Naci\u00f3n\" \/>\n<meta property=\"article:publisher\" content=\"https:\/\/www.facebook.com\/FiscaliaCol\" \/>\n<meta property=\"article:published_time\" content=\"2013-12-23T14:21:54+00:00\" \/>\n<meta property=\"article:modified_time\" content=\"2013-12-23T14:21:57+00:00\" \/>\n<meta name=\"author\" content=\"dfgordillo\" \/>\n<meta name=\"twitter:card\" content=\"summary_large_image\" \/>\n<meta name=\"twitter:creator\" content=\"@FiscaliaCol\" \/>\n<meta name=\"twitter:site\" content=\"@FiscaliaCol\" \/>\n<meta name=\"twitter:label1\" content=\"Escrito por\" \/>\n\t<meta name=\"twitter:data1\" content=\"dfgordillo\" \/>\n\t<meta name=\"twitter:label2\" content=\"Tiempo de lectura\" \/>\n\t<meta name=\"twitter:data2\" content=\"2 minutos\" \/>\n<script type=\"application\/ld+json\" class=\"yoast-schema-graph\">{\"@context\":\"https:\/\/schema.org\",\"@graph\":[{\"@type\":\"Article\",\"@id\":\"https:\/\/www.fiscalia.gov.co\/colombia\/noticias\/asegurados-27-integrantes-de-la-banda-los-cachacos-por-hurto-de-hidrocarburos\/#article\",\"isPartOf\":{\"@id\":\"https:\/\/www.fiscalia.gov.co\/colombia\/noticias\/asegurados-27-integrantes-de-la-banda-los-cachacos-por-hurto-de-hidrocarburos\/\"},\"author\":{\"name\":\"dfgordillo\",\"@id\":\"https:\/\/www.fiscalia.gov.co\/colombia\/#\/schema\/person\/3903856a3ce2d54b094c69eb29247895\"},\"headline\":\"Asegurados 27 integrantes de la banda Los Cachacos por hurto de hidrocarburos\",\"datePublished\":\"2013-12-23T14:21:54+00:00\",\"dateModified\":\"2013-12-23T14:21:57+00:00\",\"mainEntityOfPage\":{\"@id\":\"https:\/\/www.fiscalia.gov.co\/colombia\/noticias\/asegurados-27-integrantes-de-la-banda-los-cachacos-por-hurto-de-hidrocarburos\/\"},\"wordCount\":429,\"publisher\":{\"@id\":\"https:\/\/www.fiscalia.gov.co\/colombia\/#organization\"},\"keywords\":[\"Hidrocarburos\",\"Los Cachacos\"],\"articleSection\":[\"Noticias\"],\"inLanguage\":\"es-CO\"},{\"@type\":\"WebPage\",\"@id\":\"https:\/\/www.fiscalia.gov.co\/colombia\/noticias\/asegurados-27-integrantes-de-la-banda-los-cachacos-por-hurto-de-hidrocarburos\/\",\"url\":\"https:\/\/www.fiscalia.gov.co\/colombia\/noticias\/asegurados-27-integrantes-de-la-banda-los-cachacos-por-hurto-de-hidrocarburos\/\",\"name\":\"Fiscal\u00eda General de la Naci\u00f3n\",\"isPartOf\":{\"@id\":\"https:\/\/www.fiscalia.gov.co\/colombia\/#website\"},\"datePublished\":\"2013-12-23T14:21:54+00:00\",\"dateModified\":\"2013-12-23T14:21:57+00:00\",\"description\":\"P\u00e1gina oficial de la Fiscal\u00eda General de la Naci\u00f3n \u2013 Colombia. Garantizamos el acceso efectivo a la justicia, la verdad y la reparaci\u00f3n de las v\u00edctimas de los delitos.\",\"breadcrumb\":{\"@id\":\"https:\/\/www.fiscalia.gov.co\/colombia\/noticias\/asegurados-27-integrantes-de-la-banda-los-cachacos-por-hurto-de-hidrocarburos\/#breadcrumb\"},\"inLanguage\":\"es-CO\",\"potentialAction\":[{\"@type\":\"ReadAction\",\"target\":[\"https:\/\/www.fiscalia.gov.co\/colombia\/noticias\/asegurados-27-integrantes-de-la-banda-los-cachacos-por-hurto-de-hidrocarburos\/\"]}]},{\"@type\":\"BreadcrumbList\",\"@id\":\"https:\/\/www.fiscalia.gov.co\/colombia\/noticias\/asegurados-27-integrantes-de-la-banda-los-cachacos-por-hurto-de-hidrocarburos\/#breadcrumb\",\"itemListElement\":[{\"@type\":\"ListItem\",\"position\":1,\"name\":\"Home\",\"item\":\"https:\/\/www.fiscalia.gov.co\/colombia\/\"},{\"@type\":\"ListItem\",\"position\":2,\"name\":\"Asegurados 27 integrantes de la banda Los Cachacos por hurto de hidrocarburos\"}]},{\"@type\":\"WebSite\",\"@id\":\"https:\/\/www.fiscalia.gov.co\/colombia\/#website\",\"url\":\"https:\/\/www.fiscalia.gov.co\/colombia\/\",\"name\":\"Fiscal\u00eda General de la Naci\u00f3n\",\"description\":\"P\u00e1gina oficial de la Fiscal\u00eda General de la Naci\u00f3n \u2013 Colombia. Garantizamos el acceso efectivo a la justicia, la verdad y la reparaci\u00f3n de las v\u00edctimas de los delitos.\",\"publisher\":{\"@id\":\"https:\/\/www.fiscalia.gov.co\/colombia\/#organization\"},\"potentialAction\":[{\"@type\":\"SearchAction\",\"target\":{\"@type\":\"EntryPoint\",\"urlTemplate\":\"https:\/\/www.fiscalia.gov.co\/colombia\/?s={search_term_string}\"},\"query-input\":{\"@type\":\"PropertyValueSpecification\",\"valueRequired\":true,\"valueName\":\"search_term_string\"}}],\"inLanguage\":\"es-CO\"},{\"@type\":\"Organization\",\"@id\":\"https:\/\/www.fiscalia.gov.co\/colombia\/#organization\",\"name\":\"Fiscal\u00eda General de la Naci\u00f3n\",\"url\":\"https:\/\/www.fiscalia.gov.co\/colombia\/\",\"logo\":{\"@type\":\"ImageObject\",\"inLanguage\":\"es-CO\",\"@id\":\"https:\/\/www.fiscalia.gov.co\/colombia\/#\/schema\/logo\/image\/\",\"url\":\"https:\/\/www.fiscalia.gov.co\/colombia\/wp-content\/uploads\/LogoHorizontal_1.jpg\",\"contentUrl\":\"https:\/\/www.fiscalia.gov.co\/colombia\/wp-content\/uploads\/LogoHorizontal_1.jpg\",\"width\":300,\"height\":90,\"caption\":\"Fiscal\u00eda General de la Naci\u00f3n\"},\"image\":{\"@id\":\"https:\/\/www.fiscalia.gov.co\/colombia\/#\/schema\/logo\/image\/\"},\"sameAs\":[\"https:\/\/www.facebook.com\/FiscaliaCol\",\"https:\/\/x.com\/FiscaliaCol\",\"https:\/\/www.instagram.com\/fiscaliacol\",\"https:\/\/www.linkedin.com\/company\/fiscalia-general-de-la-naci-n\/\",\"https:\/\/youtube.com\/@fiscaliageneraldelanacion-4668?si=6nN79nyQICPU5iTh\"]},{\"@type\":\"Person\",\"@id\":\"https:\/\/www.fiscalia.gov.co\/colombia\/#\/schema\/person\/3903856a3ce2d54b094c69eb29247895\",\"name\":\"dfgordillo\",\"image\":{\"@type\":\"ImageObject\",\"inLanguage\":\"es-CO\",\"@id\":\"https:\/\/www.fiscalia.gov.co\/colombia\/#\/schema\/person\/image\/\",\"url\":\"https:\/\/secure.gravatar.com\/avatar\/b6356e21c5657c60757fe6fb9493e947?s=96&d=mm&r=g\",\"contentUrl\":\"https:\/\/secure.gravatar.com\/avatar\/b6356e21c5657c60757fe6fb9493e947?s=96&d=mm&r=g\",\"caption\":\"dfgordillo\"},\"sameAs\":[\"dfgordillo\"],\"url\":\"https:\/\/www.fiscalia.gov.co\/colombia\/author\/dfgordillo\/\"}]}<\/script>\n<!-- \/ Yoast SEO plugin. -->","yoast_head_json":{"title":"Fiscal\u00eda General de la Naci\u00f3n","description":"P\u00e1gina oficial de la Fiscal\u00eda General de la Naci\u00f3n \u2013 Colombia. Garantizamos el acceso efectivo a la justicia, la verdad y la reparaci\u00f3n de las v\u00edctimas de los delitos.","robots":{"index":"noindex","follow":"follow"},"og_locale":"es_ES","og_type":"article","og_title":"Fiscal\u00eda General de la Naci\u00f3n","og_description":"P\u00e1gina oficial de la Fiscal\u00eda General de la Naci\u00f3n \u2013 Colombia. Garantizamos el acceso efectivo a la justicia, la verdad y la reparaci\u00f3n de las v\u00edctimas de los delitos.","og_url":"https:\/\/www.fiscalia.gov.co\/colombia\/noticias\/asegurados-27-integrantes-de-la-banda-los-cachacos-por-hurto-de-hidrocarburos\/","og_site_name":"Fiscal\u00eda General de la Naci\u00f3n","article_publisher":"https:\/\/www.facebook.com\/FiscaliaCol","article_published_time":"2013-12-23T14:21:54+00:00","article_modified_time":"2013-12-23T14:21:57+00:00","author":"dfgordillo","twitter_card":"summary_large_image","twitter_creator":"@FiscaliaCol","twitter_site":"@FiscaliaCol","twitter_misc":{"Escrito por":"dfgordillo","Tiempo de lectura":"2 minutos"},"schema":{"@context":"https:\/\/schema.org","@graph":[{"@type":"Article","@id":"https:\/\/www.fiscalia.gov.co\/colombia\/noticias\/asegurados-27-integrantes-de-la-banda-los-cachacos-por-hurto-de-hidrocarburos\/#article","isPartOf":{"@id":"https:\/\/www.fiscalia.gov.co\/colombia\/noticias\/asegurados-27-integrantes-de-la-banda-los-cachacos-por-hurto-de-hidrocarburos\/"},"author":{"name":"dfgordillo","@id":"https:\/\/www.fiscalia.gov.co\/colombia\/#\/schema\/person\/3903856a3ce2d54b094c69eb29247895"},"headline":"Asegurados 27 integrantes de la banda Los Cachacos por hurto de hidrocarburos","datePublished":"2013-12-23T14:21:54+00:00","dateModified":"2013-12-23T14:21:57+00:00","mainEntityOfPage":{"@id":"https:\/\/www.fiscalia.gov.co\/colombia\/noticias\/asegurados-27-integrantes-de-la-banda-los-cachacos-por-hurto-de-hidrocarburos\/"},"wordCount":429,"publisher":{"@id":"https:\/\/www.fiscalia.gov.co\/colombia\/#organization"},"keywords":["Hidrocarburos","Los Cachacos"],"articleSection":["Noticias"],"inLanguage":"es-CO"},{"@type":"WebPage","@id":"https:\/\/www.fiscalia.gov.co\/colombia\/noticias\/asegurados-27-integrantes-de-la-banda-los-cachacos-por-hurto-de-hidrocarburos\/","url":"https:\/\/www.fiscalia.gov.co\/colombia\/noticias\/asegurados-27-integrantes-de-la-banda-los-cachacos-por-hurto-de-hidrocarburos\/","name":"Fiscal\u00eda General de la Naci\u00f3n","isPartOf":{"@id":"https:\/\/www.fiscalia.gov.co\/colombia\/#website"},"datePublished":"2013-12-23T14:21:54+00:00","dateModified":"2013-12-23T14:21:57+00:00","description":"P\u00e1gina oficial de la Fiscal\u00eda General de la Naci\u00f3n \u2013 Colombia. Garantizamos el acceso efectivo a la justicia, la verdad y la reparaci\u00f3n de las v\u00edctimas de los delitos.","breadcrumb":{"@id":"https:\/\/www.fiscalia.gov.co\/colombia\/noticias\/asegurados-27-integrantes-de-la-banda-los-cachacos-por-hurto-de-hidrocarburos\/#breadcrumb"},"inLanguage":"es-CO","potentialAction":[{"@type":"ReadAction","target":["https:\/\/www.fiscalia.gov.co\/colombia\/noticias\/asegurados-27-integrantes-de-la-banda-los-cachacos-por-hurto-de-hidrocarburos\/"]}]},{"@type":"BreadcrumbList","@id":"https:\/\/www.fiscalia.gov.co\/colombia\/noticias\/asegurados-27-integrantes-de-la-banda-los-cachacos-por-hurto-de-hidrocarburos\/#breadcrumb","itemListElement":[{"@type":"ListItem","position":1,"name":"Home","item":"https:\/\/www.fiscalia.gov.co\/colombia\/"},{"@type":"ListItem","position":2,"name":"Asegurados 27 integrantes de la banda Los Cachacos por hurto de hidrocarburos"}]},{"@type":"WebSite","@id":"https:\/\/www.fiscalia.gov.co\/colombia\/#website","url":"https:\/\/www.fiscalia.gov.co\/colombia\/","name":"Fiscal\u00eda General de la Naci\u00f3n","description":"P\u00e1gina oficial de la Fiscal\u00eda General de la Naci\u00f3n \u2013 Colombia. Garantizamos el acceso efectivo a la justicia, la verdad y la reparaci\u00f3n de las v\u00edctimas de los delitos.","publisher":{"@id":"https:\/\/www.fiscalia.gov.co\/colombia\/#organization"},"potentialAction":[{"@type":"SearchAction","target":{"@type":"EntryPoint","urlTemplate":"https:\/\/www.fiscalia.gov.co\/colombia\/?s={search_term_string}"},"query-input":{"@type":"PropertyValueSpecification","valueRequired":true,"valueName":"search_term_string"}}],"inLanguage":"es-CO"},{"@type":"Organization","@id":"https:\/\/www.fiscalia.gov.co\/colombia\/#organization","name":"Fiscal\u00eda General de la Naci\u00f3n","url":"https:\/\/www.fiscalia.gov.co\/colombia\/","logo":{"@type":"ImageObject","inLanguage":"es-CO","@id":"https:\/\/www.fiscalia.gov.co\/colombia\/#\/schema\/logo\/image\/","url":"https:\/\/www.fiscalia.gov.co\/colombia\/wp-content\/uploads\/LogoHorizontal_1.jpg","contentUrl":"https:\/\/www.fiscalia.gov.co\/colombia\/wp-content\/uploads\/LogoHorizontal_1.jpg","width":300,"height":90,"caption":"Fiscal\u00eda General de la Naci\u00f3n"},"image":{"@id":"https:\/\/www.fiscalia.gov.co\/colombia\/#\/schema\/logo\/image\/"},"sameAs":["https:\/\/www.facebook.com\/FiscaliaCol","https:\/\/x.com\/FiscaliaCol","https:\/\/www.instagram.com\/fiscaliacol","https:\/\/www.linkedin.com\/company\/fiscalia-general-de-la-naci-n\/","https:\/\/youtube.com\/@fiscaliageneraldelanacion-4668?si=6nN79nyQICPU5iTh"]},{"@type":"Person","@id":"https:\/\/www.fiscalia.gov.co\/colombia\/#\/schema\/person\/3903856a3ce2d54b094c69eb29247895","name":"dfgordillo","image":{"@type":"ImageObject","inLanguage":"es-CO","@id":"https:\/\/www.fiscalia.gov.co\/colombia\/#\/schema\/person\/image\/","url":"https:\/\/secure.gravatar.com\/avatar\/b6356e21c5657c60757fe6fb9493e947?s=96&d=mm&r=g","contentUrl":"https:\/\/secure.gravatar.com\/avatar\/b6356e21c5657c60757fe6fb9493e947?s=96&d=mm&r=g","caption":"dfgordillo"},"sameAs":["dfgordillo"],"url":"https:\/\/www.fiscalia.gov.co\/colombia\/author\/dfgordillo\/"}]}},"_links":{"self":[{"href":"https:\/\/www.fiscalia.gov.co\/colombia\/wp-json\/wp\/v2\/posts\/42896","targetHints":{"allow":["GET"]}}],"collection":[{"href":"https:\/\/www.fiscalia.gov.co\/colombia\/wp-json\/wp\/v2\/posts"}],"about":[{"href":"https:\/\/www.fiscalia.gov.co\/colombia\/wp-json\/wp\/v2\/types\/post"}],"author":[{"embeddable":true,"href":"https:\/\/www.fiscalia.gov.co\/colombia\/wp-json\/wp\/v2\/users\/143"}],"replies":[{"embeddable":true,"href":"https:\/\/www.fiscalia.gov.co\/colombia\/wp-json\/wp\/v2\/comments?post=42896"}],"version-history":[{"count":3,"href":"https:\/\/www.fiscalia.gov.co\/colombia\/wp-json\/wp\/v2\/posts\/42896\/revisions"}],"predecessor-version":[{"id":42899,"href":"https:\/\/www.fiscalia.gov.co\/colombia\/wp-json\/wp\/v2\/posts\/42896\/revisions\/42899"}],"wp:attachment":[{"href":"https:\/\/www.fiscalia.gov.co\/colombia\/wp-json\/wp\/v2\/media?parent=42896"}],"wp:term":[{"taxonomy":"category","embeddable":true,"href":"https:\/\/www.fiscalia.gov.co\/colombia\/wp-json\/wp\/v2\/categories?post=42896"},{"taxonomy":"post_tag","embeddable":true,"href":"https:\/\/www.fiscalia.gov.co\/colombia\/wp-json\/wp\/v2\/tags?post=42896"}],"curies":[{"name":"wp","href":"https:\/\/api.w.org\/{rel}","templated":true}]}}