{"id":42893,"date":"2013-12-23T08:15:46","date_gmt":"2013-12-23T13:15:46","guid":{"rendered":"http:\/\/www.fiscalia.gov.co\/colombia\/?p=42893"},"modified":"2013-12-23T08:38:24","modified_gmt":"2013-12-23T13:38:24","slug":"acusados-integrantes-de-la-banda-de-los-canarios-por-paseos-millonarios","status":"publish","type":"post","link":"https:\/\/www.fiscalia.gov.co\/colombia\/noticias\/acusados-integrantes-de-la-banda-de-los-canarios-por-paseos-millonarios\/","title":{"rendered":"Acusados integrantes de la banda de Los Canarios por paseos millonarios"},"content":{"rendered":"<p>La Fiscal\u00eda acus\u00f3 a nueve integrantes de la denominada banda Los Canarios, quienes deber\u00e1n responder en juicio por varios casos de secuestro extorsivo en modalidad de paseo millonario.<\/p>\n<p>Los procesados son Diego Alexander Barbosa, alias diego o gordo; Rafael Eduardo Alvarado Mu\u00f1oz, alias Rat\u00f3n; Carlos Eduardo Castro Mora, alias Charlie; \u00d3scar Javier Silva Rubiano, alias Bimbo; John Alexander Torres Linares, alias Torres; Edison Ferney Torres Figueredo, alias Ferney; Omar Oswaldo R\u00edos Forero, alias Cabra; Wilson Alexander Buitrago \u00c1vila, alias Alex, y Tatiana Patricia Mart\u00ednez Rinc\u00f3n.<\/p>\n<p>Seg\u00fan el escrito de acusaci\u00f3n los siguientes son los delitos y roles endilgados por el ente acusador:<\/p>\n<p>Diego Alexander Barbosa, en calidad de coautor en t\u00edtulo de dolo de las conductas punibles de secuestro extorsivo agravado, concierto para delinquir, hurto calificado;\u00a0 por haber presuntamente participado en los casos denominados Gran Estaci\u00f3n, DEA, Bimbo y Pacific Rubiales, en los que habr\u00eda sido el conductor del taxi donde se efectuaron los hechos.<\/p>\n<p>Alias Diego tambi\u00e9n ser\u00eda el l\u00edder de esta organizaci\u00f3n delictiva, dedicada al secuestro extorsivo de mi\u00e9rcoles a s\u00e1bado desde hace tres a\u00f1os aproximadamente.<\/p>\n<p>Rafael Eduardo Alvarado Mu\u00f1oz, fue acusado por secuestro extorsivo agravado, concierto para delinquir, hurto calificado por haber participado en los casos denominados Gran Estaci\u00f3n como tarjetero y la DEA.<\/p>\n<p>Carlos Eduardo Castro Mora, coautor en t\u00edtulo de dolo de las conductas punibles de secuestro extorsivo agravado, concierto para delinquir, hurto calificado, fabricaci\u00f3n y porte de armas por su participaci\u00f3n con el rol de cogedor en los caso de Gran Estaci\u00f3n, DEA.<\/p>\n<p>\u00d3scar Javier Silva Rubiano deber\u00e1 responder por secuestro extorsivo agravado, concierto para delinquir, hurto calificado, fabricaci\u00f3n, tr\u00e1fico y porte de armas; por su presunta participaci\u00f3n en el caso residencias y Bimbo en el rol de cogedor.<\/p>\n<p>John Alexander Torres Linares, ser\u00eda uno de los l\u00edderes de esta estructura delincuencial y tendr\u00eda como tarea entrenar a los otros miembros de la banda. Asimismo habr\u00eda ideado el sistema de pico y placa para cometer estos delitos y deber\u00e1 responder como coautor en t\u00edtulo de dolo de las conductas punibles de secuestro extorsivo agravado, concierto para delinquir, hurto calificado por su participaci\u00f3n en los casos denominados residencias, donde hurtaron 81 millones de pesos y en el caso Bimbo.<\/p>\n<p>Edison Ferney Torres Figueredo, alias Ferney, en calidad de coautor en t\u00edtulo de dolo de las conductas punibles de secuestro extorsivo agravado, concierto para delinquir, hurto calificado y porte de armas<\/p>\n<p>Omar Oswaldo R\u00edos Forero, alias Cabra; tambi\u00e9n fue acusado por secuestro extorsivo agravado, concierto para delinquir, hurto calificado, fabricaci\u00f3n y porte de armas por su presunta participaci\u00f3n como conductor del carro en los casos Gran Estaci\u00f3n y la DEA.<\/p>\n<p>Wilson Alexander Buitrago \u00c1vila, responder\u00e1 por secuestro extorsivo agravado, concierto para delinquir, hurto calificado,\u00a0 fabricaci\u00f3n y porte de armas, por su presunta participaci\u00f3n en el caso Bimbo con el rol de tarjetero y en el caso DEA como carro de avanzada.<\/p>\n<p>Finalmente, Tatiana Patricia Mart\u00ednez Rinc\u00f3n fue acusada por secuestro extorsivo agravado, concierto para delinquir, hurto calificado, fabricaci\u00f3n y porte de armas. Su rol dentro de la organizaci\u00f3n ser\u00eda el de comunicar a todos los miembros de la estructura criminal y entregar los mensajes a su esposo y l\u00edder de la misma, Diego Barbosa.<\/p>\n<p>Los hechos relacionados con este caso se desprenden de una denuncia presentada en 2012, que da cuenta que los sujetos se re\u00fanen en la Avenida Villavicencio de Bogot\u00e1 y operan en los centros comerciales de occidente de la capital para realizar los paseos millonarios.<\/p>\n\n<div class=\"twitter-share\"><a href=\"https:\/\/twitter.com\/intent\/tweet?via=fiscaliacol\" class=\"twitter-share-button\">Tweet<\/a><\/div>\n","protected":false},"excerpt":{"rendered":"<p>La Fiscal\u00eda acus\u00f3 a nueve integrantes de la denominada banda Los Canarios, quienes deber\u00e1n responder en juicio por varios casos de secuestro extorsivo en modalidad de paseo millonario. Los procesados son Diego Alexander Barbosa, alias diego o gordo; Rafael Eduardo Alvarado Mu\u00f1oz, alias Rat\u00f3n; Carlos Eduardo Castro Mora, alias Charlie; \u00d3scar Javier Silva Rubiano, alias [&hellip;]<\/p>\n","protected":false},"author":143,"featured_media":0,"comment_status":"closed","ping_status":"open","sticky":false,"template":"","format":"standard","meta":{"tdm_status":"","tdm_grid_status":"","footnotes":""},"categories":[1],"tags":[4689,5957],"class_list":{"0":"post-42893","1":"post","2":"type-post","3":"status-publish","4":"format-standard","6":"category-noticias","7":"tag-los-canarios","8":"tag-paseo-milonario"},"yoast_head":"<!-- This site is optimized with the Yoast SEO plugin v24.3 - https:\/\/yoast.com\/wordpress\/plugins\/seo\/ -->\n<title>Fiscal\u00eda General de la Naci\u00f3n<\/title>\n<meta name=\"description\" content=\"P\u00e1gina oficial de la Fiscal\u00eda General de la Naci\u00f3n \u2013 Colombia. Garantizamos el acceso efectivo a la justicia, la verdad y la reparaci\u00f3n de las v\u00edctimas de los delitos.\" \/>\n<meta name=\"robots\" content=\"noindex, follow\" \/>\n<meta property=\"og:locale\" content=\"es_ES\" \/>\n<meta property=\"og:type\" content=\"article\" \/>\n<meta property=\"og:title\" content=\"Fiscal\u00eda General de la Naci\u00f3n\" \/>\n<meta property=\"og:description\" content=\"P\u00e1gina oficial de la Fiscal\u00eda General de la Naci\u00f3n \u2013 Colombia. Garantizamos el acceso efectivo a la justicia, la verdad y la reparaci\u00f3n de las v\u00edctimas de los delitos.\" \/>\n<meta property=\"og:url\" content=\"https:\/\/www.fiscalia.gov.co\/colombia\/noticias\/acusados-integrantes-de-la-banda-de-los-canarios-por-paseos-millonarios\/\" \/>\n<meta property=\"og:site_name\" content=\"Fiscal\u00eda General de la Naci\u00f3n\" \/>\n<meta property=\"article:publisher\" content=\"https:\/\/www.facebook.com\/FiscaliaCol\" \/>\n<meta property=\"article:published_time\" content=\"2013-12-23T13:15:46+00:00\" \/>\n<meta property=\"article:modified_time\" content=\"2013-12-23T13:38:24+00:00\" \/>\n<meta name=\"author\" content=\"dfgordillo\" \/>\n<meta name=\"twitter:card\" content=\"summary_large_image\" \/>\n<meta name=\"twitter:creator\" content=\"@FiscaliaCol\" \/>\n<meta name=\"twitter:site\" content=\"@FiscaliaCol\" \/>\n<meta name=\"twitter:label1\" content=\"Escrito por\" \/>\n\t<meta name=\"twitter:data1\" content=\"dfgordillo\" \/>\n\t<meta name=\"twitter:label2\" content=\"Tiempo de lectura\" \/>\n\t<meta name=\"twitter:data2\" content=\"3 minutos\" \/>\n<script type=\"application\/ld+json\" class=\"yoast-schema-graph\">{\"@context\":\"https:\/\/schema.org\",\"@graph\":[{\"@type\":\"Article\",\"@id\":\"https:\/\/www.fiscalia.gov.co\/colombia\/noticias\/acusados-integrantes-de-la-banda-de-los-canarios-por-paseos-millonarios\/#article\",\"isPartOf\":{\"@id\":\"https:\/\/www.fiscalia.gov.co\/colombia\/noticias\/acusados-integrantes-de-la-banda-de-los-canarios-por-paseos-millonarios\/\"},\"author\":{\"name\":\"dfgordillo\",\"@id\":\"https:\/\/www.fiscalia.gov.co\/colombia\/#\/schema\/person\/3903856a3ce2d54b094c69eb29247895\"},\"headline\":\"Acusados integrantes de la banda de Los Canarios por paseos millonarios\",\"datePublished\":\"2013-12-23T13:15:46+00:00\",\"dateModified\":\"2013-12-23T13:38:24+00:00\",\"mainEntityOfPage\":{\"@id\":\"https:\/\/www.fiscalia.gov.co\/colombia\/noticias\/acusados-integrantes-de-la-banda-de-los-canarios-por-paseos-millonarios\/\"},\"wordCount\":630,\"publisher\":{\"@id\":\"https:\/\/www.fiscalia.gov.co\/colombia\/#organization\"},\"keywords\":[\"Los Canarios\",\"Paseo milonario\"],\"articleSection\":[\"Noticias\"],\"inLanguage\":\"es-CO\"},{\"@type\":\"WebPage\",\"@id\":\"https:\/\/www.fiscalia.gov.co\/colombia\/noticias\/acusados-integrantes-de-la-banda-de-los-canarios-por-paseos-millonarios\/\",\"url\":\"https:\/\/www.fiscalia.gov.co\/colombia\/noticias\/acusados-integrantes-de-la-banda-de-los-canarios-por-paseos-millonarios\/\",\"name\":\"Fiscal\u00eda General de la Naci\u00f3n\",\"isPartOf\":{\"@id\":\"https:\/\/www.fiscalia.gov.co\/colombia\/#website\"},\"datePublished\":\"2013-12-23T13:15:46+00:00\",\"dateModified\":\"2013-12-23T13:38:24+00:00\",\"description\":\"P\u00e1gina oficial de la Fiscal\u00eda General de la Naci\u00f3n \u2013 Colombia. Garantizamos el acceso efectivo a la justicia, la verdad y la reparaci\u00f3n de las v\u00edctimas de los delitos.\",\"breadcrumb\":{\"@id\":\"https:\/\/www.fiscalia.gov.co\/colombia\/noticias\/acusados-integrantes-de-la-banda-de-los-canarios-por-paseos-millonarios\/#breadcrumb\"},\"inLanguage\":\"es-CO\",\"potentialAction\":[{\"@type\":\"ReadAction\",\"target\":[\"https:\/\/www.fiscalia.gov.co\/colombia\/noticias\/acusados-integrantes-de-la-banda-de-los-canarios-por-paseos-millonarios\/\"]}]},{\"@type\":\"BreadcrumbList\",\"@id\":\"https:\/\/www.fiscalia.gov.co\/colombia\/noticias\/acusados-integrantes-de-la-banda-de-los-canarios-por-paseos-millonarios\/#breadcrumb\",\"itemListElement\":[{\"@type\":\"ListItem\",\"position\":1,\"name\":\"Home\",\"item\":\"https:\/\/www.fiscalia.gov.co\/colombia\/\"},{\"@type\":\"ListItem\",\"position\":2,\"name\":\"Acusados integrantes de la banda de Los Canarios por paseos millonarios\"}]},{\"@type\":\"WebSite\",\"@id\":\"https:\/\/www.fiscalia.gov.co\/colombia\/#website\",\"url\":\"https:\/\/www.fiscalia.gov.co\/colombia\/\",\"name\":\"Fiscal\u00eda General de la Naci\u00f3n\",\"description\":\"P\u00e1gina oficial de la Fiscal\u00eda General de la Naci\u00f3n \u2013 Colombia. Garantizamos el acceso efectivo a la justicia, la verdad y la reparaci\u00f3n de las v\u00edctimas de los delitos.\",\"publisher\":{\"@id\":\"https:\/\/www.fiscalia.gov.co\/colombia\/#organization\"},\"potentialAction\":[{\"@type\":\"SearchAction\",\"target\":{\"@type\":\"EntryPoint\",\"urlTemplate\":\"https:\/\/www.fiscalia.gov.co\/colombia\/?s={search_term_string}\"},\"query-input\":{\"@type\":\"PropertyValueSpecification\",\"valueRequired\":true,\"valueName\":\"search_term_string\"}}],\"inLanguage\":\"es-CO\"},{\"@type\":\"Organization\",\"@id\":\"https:\/\/www.fiscalia.gov.co\/colombia\/#organization\",\"name\":\"Fiscal\u00eda General de la Naci\u00f3n\",\"url\":\"https:\/\/www.fiscalia.gov.co\/colombia\/\",\"logo\":{\"@type\":\"ImageObject\",\"inLanguage\":\"es-CO\",\"@id\":\"https:\/\/www.fiscalia.gov.co\/colombia\/#\/schema\/logo\/image\/\",\"url\":\"https:\/\/www.fiscalia.gov.co\/colombia\/wp-content\/uploads\/LogoHorizontal_1.jpg\",\"contentUrl\":\"https:\/\/www.fiscalia.gov.co\/colombia\/wp-content\/uploads\/LogoHorizontal_1.jpg\",\"width\":300,\"height\":90,\"caption\":\"Fiscal\u00eda General de la Naci\u00f3n\"},\"image\":{\"@id\":\"https:\/\/www.fiscalia.gov.co\/colombia\/#\/schema\/logo\/image\/\"},\"sameAs\":[\"https:\/\/www.facebook.com\/FiscaliaCol\",\"https:\/\/x.com\/FiscaliaCol\",\"https:\/\/www.instagram.com\/fiscaliacol\",\"https:\/\/www.linkedin.com\/company\/fiscalia-general-de-la-naci-n\/\",\"https:\/\/youtube.com\/@fiscaliageneraldelanacion-4668?si=6nN79nyQICPU5iTh\"]},{\"@type\":\"Person\",\"@id\":\"https:\/\/www.fiscalia.gov.co\/colombia\/#\/schema\/person\/3903856a3ce2d54b094c69eb29247895\",\"name\":\"dfgordillo\",\"image\":{\"@type\":\"ImageObject\",\"inLanguage\":\"es-CO\",\"@id\":\"https:\/\/www.fiscalia.gov.co\/colombia\/#\/schema\/person\/image\/\",\"url\":\"https:\/\/secure.gravatar.com\/avatar\/b6356e21c5657c60757fe6fb9493e947?s=96&d=mm&r=g\",\"contentUrl\":\"https:\/\/secure.gravatar.com\/avatar\/b6356e21c5657c60757fe6fb9493e947?s=96&d=mm&r=g\",\"caption\":\"dfgordillo\"},\"sameAs\":[\"dfgordillo\"],\"url\":\"https:\/\/www.fiscalia.gov.co\/colombia\/author\/dfgordillo\/\"}]}<\/script>\n<!-- \/ Yoast SEO plugin. -->","yoast_head_json":{"title":"Fiscal\u00eda General de la Naci\u00f3n","description":"P\u00e1gina oficial de la Fiscal\u00eda General de la Naci\u00f3n \u2013 Colombia. Garantizamos el acceso efectivo a la justicia, la verdad y la reparaci\u00f3n de las v\u00edctimas de los delitos.","robots":{"index":"noindex","follow":"follow"},"og_locale":"es_ES","og_type":"article","og_title":"Fiscal\u00eda General de la Naci\u00f3n","og_description":"P\u00e1gina oficial de la Fiscal\u00eda General de la Naci\u00f3n \u2013 Colombia. Garantizamos el acceso efectivo a la justicia, la verdad y la reparaci\u00f3n de las v\u00edctimas de los delitos.","og_url":"https:\/\/www.fiscalia.gov.co\/colombia\/noticias\/acusados-integrantes-de-la-banda-de-los-canarios-por-paseos-millonarios\/","og_site_name":"Fiscal\u00eda General de la Naci\u00f3n","article_publisher":"https:\/\/www.facebook.com\/FiscaliaCol","article_published_time":"2013-12-23T13:15:46+00:00","article_modified_time":"2013-12-23T13:38:24+00:00","author":"dfgordillo","twitter_card":"summary_large_image","twitter_creator":"@FiscaliaCol","twitter_site":"@FiscaliaCol","twitter_misc":{"Escrito por":"dfgordillo","Tiempo de lectura":"3 minutos"},"schema":{"@context":"https:\/\/schema.org","@graph":[{"@type":"Article","@id":"https:\/\/www.fiscalia.gov.co\/colombia\/noticias\/acusados-integrantes-de-la-banda-de-los-canarios-por-paseos-millonarios\/#article","isPartOf":{"@id":"https:\/\/www.fiscalia.gov.co\/colombia\/noticias\/acusados-integrantes-de-la-banda-de-los-canarios-por-paseos-millonarios\/"},"author":{"name":"dfgordillo","@id":"https:\/\/www.fiscalia.gov.co\/colombia\/#\/schema\/person\/3903856a3ce2d54b094c69eb29247895"},"headline":"Acusados integrantes de la banda de Los Canarios por paseos millonarios","datePublished":"2013-12-23T13:15:46+00:00","dateModified":"2013-12-23T13:38:24+00:00","mainEntityOfPage":{"@id":"https:\/\/www.fiscalia.gov.co\/colombia\/noticias\/acusados-integrantes-de-la-banda-de-los-canarios-por-paseos-millonarios\/"},"wordCount":630,"publisher":{"@id":"https:\/\/www.fiscalia.gov.co\/colombia\/#organization"},"keywords":["Los Canarios","Paseo milonario"],"articleSection":["Noticias"],"inLanguage":"es-CO"},{"@type":"WebPage","@id":"https:\/\/www.fiscalia.gov.co\/colombia\/noticias\/acusados-integrantes-de-la-banda-de-los-canarios-por-paseos-millonarios\/","url":"https:\/\/www.fiscalia.gov.co\/colombia\/noticias\/acusados-integrantes-de-la-banda-de-los-canarios-por-paseos-millonarios\/","name":"Fiscal\u00eda General de la Naci\u00f3n","isPartOf":{"@id":"https:\/\/www.fiscalia.gov.co\/colombia\/#website"},"datePublished":"2013-12-23T13:15:46+00:00","dateModified":"2013-12-23T13:38:24+00:00","description":"P\u00e1gina oficial de la Fiscal\u00eda General de la Naci\u00f3n \u2013 Colombia. Garantizamos el acceso efectivo a la justicia, la verdad y la reparaci\u00f3n de las v\u00edctimas de los delitos.","breadcrumb":{"@id":"https:\/\/www.fiscalia.gov.co\/colombia\/noticias\/acusados-integrantes-de-la-banda-de-los-canarios-por-paseos-millonarios\/#breadcrumb"},"inLanguage":"es-CO","potentialAction":[{"@type":"ReadAction","target":["https:\/\/www.fiscalia.gov.co\/colombia\/noticias\/acusados-integrantes-de-la-banda-de-los-canarios-por-paseos-millonarios\/"]}]},{"@type":"BreadcrumbList","@id":"https:\/\/www.fiscalia.gov.co\/colombia\/noticias\/acusados-integrantes-de-la-banda-de-los-canarios-por-paseos-millonarios\/#breadcrumb","itemListElement":[{"@type":"ListItem","position":1,"name":"Home","item":"https:\/\/www.fiscalia.gov.co\/colombia\/"},{"@type":"ListItem","position":2,"name":"Acusados integrantes de la banda de Los Canarios por paseos millonarios"}]},{"@type":"WebSite","@id":"https:\/\/www.fiscalia.gov.co\/colombia\/#website","url":"https:\/\/www.fiscalia.gov.co\/colombia\/","name":"Fiscal\u00eda General de la Naci\u00f3n","description":"P\u00e1gina oficial de la Fiscal\u00eda General de la Naci\u00f3n \u2013 Colombia. Garantizamos el acceso efectivo a la justicia, la verdad y la reparaci\u00f3n de las v\u00edctimas de los delitos.","publisher":{"@id":"https:\/\/www.fiscalia.gov.co\/colombia\/#organization"},"potentialAction":[{"@type":"SearchAction","target":{"@type":"EntryPoint","urlTemplate":"https:\/\/www.fiscalia.gov.co\/colombia\/?s={search_term_string}"},"query-input":{"@type":"PropertyValueSpecification","valueRequired":true,"valueName":"search_term_string"}}],"inLanguage":"es-CO"},{"@type":"Organization","@id":"https:\/\/www.fiscalia.gov.co\/colombia\/#organization","name":"Fiscal\u00eda General de la Naci\u00f3n","url":"https:\/\/www.fiscalia.gov.co\/colombia\/","logo":{"@type":"ImageObject","inLanguage":"es-CO","@id":"https:\/\/www.fiscalia.gov.co\/colombia\/#\/schema\/logo\/image\/","url":"https:\/\/www.fiscalia.gov.co\/colombia\/wp-content\/uploads\/LogoHorizontal_1.jpg","contentUrl":"https:\/\/www.fiscalia.gov.co\/colombia\/wp-content\/uploads\/LogoHorizontal_1.jpg","width":300,"height":90,"caption":"Fiscal\u00eda General de la Naci\u00f3n"},"image":{"@id":"https:\/\/www.fiscalia.gov.co\/colombia\/#\/schema\/logo\/image\/"},"sameAs":["https:\/\/www.facebook.com\/FiscaliaCol","https:\/\/x.com\/FiscaliaCol","https:\/\/www.instagram.com\/fiscaliacol","https:\/\/www.linkedin.com\/company\/fiscalia-general-de-la-naci-n\/","https:\/\/youtube.com\/@fiscaliageneraldelanacion-4668?si=6nN79nyQICPU5iTh"]},{"@type":"Person","@id":"https:\/\/www.fiscalia.gov.co\/colombia\/#\/schema\/person\/3903856a3ce2d54b094c69eb29247895","name":"dfgordillo","image":{"@type":"ImageObject","inLanguage":"es-CO","@id":"https:\/\/www.fiscalia.gov.co\/colombia\/#\/schema\/person\/image\/","url":"https:\/\/secure.gravatar.com\/avatar\/b6356e21c5657c60757fe6fb9493e947?s=96&d=mm&r=g","contentUrl":"https:\/\/secure.gravatar.com\/avatar\/b6356e21c5657c60757fe6fb9493e947?s=96&d=mm&r=g","caption":"dfgordillo"},"sameAs":["dfgordillo"],"url":"https:\/\/www.fiscalia.gov.co\/colombia\/author\/dfgordillo\/"}]}},"_links":{"self":[{"href":"https:\/\/www.fiscalia.gov.co\/colombia\/wp-json\/wp\/v2\/posts\/42893","targetHints":{"allow":["GET"]}}],"collection":[{"href":"https:\/\/www.fiscalia.gov.co\/colombia\/wp-json\/wp\/v2\/posts"}],"about":[{"href":"https:\/\/www.fiscalia.gov.co\/colombia\/wp-json\/wp\/v2\/types\/post"}],"author":[{"embeddable":true,"href":"https:\/\/www.fiscalia.gov.co\/colombia\/wp-json\/wp\/v2\/users\/143"}],"replies":[{"embeddable":true,"href":"https:\/\/www.fiscalia.gov.co\/colombia\/wp-json\/wp\/v2\/comments?post=42893"}],"version-history":[{"count":2,"href":"https:\/\/www.fiscalia.gov.co\/colombia\/wp-json\/wp\/v2\/posts\/42893\/revisions"}],"predecessor-version":[{"id":42895,"href":"https:\/\/www.fiscalia.gov.co\/colombia\/wp-json\/wp\/v2\/posts\/42893\/revisions\/42895"}],"wp:attachment":[{"href":"https:\/\/www.fiscalia.gov.co\/colombia\/wp-json\/wp\/v2\/media?parent=42893"}],"wp:term":[{"taxonomy":"category","embeddable":true,"href":"https:\/\/www.fiscalia.gov.co\/colombia\/wp-json\/wp\/v2\/categories?post=42893"},{"taxonomy":"post_tag","embeddable":true,"href":"https:\/\/www.fiscalia.gov.co\/colombia\/wp-json\/wp\/v2\/tags?post=42893"}],"curies":[{"name":"wp","href":"https:\/\/api.w.org\/{rel}","templated":true}]}}