{"id":42861,"date":"2013-12-20T11:40:32","date_gmt":"2013-12-20T16:40:32","guid":{"rendered":"http:\/\/www.fiscalia.gov.co\/colombia\/?p=42861"},"modified":"2013-12-20T11:40:32","modified_gmt":"2013-12-20T16:40:32","slug":"condenados-integrantes-de-bandas-criminales-del-bronx","status":"publish","type":"post","link":"https:\/\/www.fiscalia.gov.co\/colombia\/noticias\/condenados-integrantes-de-bandas-criminales-del-bronx\/","title":{"rendered":"Condenados integrantes de bandas criminales del Bronx"},"content":{"rendered":"<p>Cinco integrantes de las bacrim que delinqu\u00edan en la zona del Bronx en Bogot\u00e1 fueron condenados a penas entre cuatro y nueve a\u00f1os de prisi\u00f3n, luego que el Juzgado S\u00e9ptimo Especializado de Bogot\u00e1 avalara el preacuerdo establecido entre la defensa y la Fiscal\u00eda.<\/p>\n<p>Los afectados con la decisi\u00f3n son: Luis Alfonso Moreno Ram\u00edrez, alias Otanche; Miguel Antonio Moreno Ram\u00edrez, alias El Gordo; \u00d3scar Dar\u00edo Ca\u00f1\u00f3n L\u00f3pez, alias El Taxista; Germ\u00e1n S\u00e1nchez Quiroga y Jorge Alberto Ruiz Erazo alias el Chulo.<\/p>\n<p>En el fallo, el juzgado estableci\u00f3 que Miguel Antonio Moreno deber\u00e1 responder por los delitos de concierto para delinquir agravado y tr\u00e1fico, fabricaci\u00f3n o porte de estupefacientes; por lo que fue condenado a cuatro a\u00f1os de prisi\u00f3n y multa de 2.017 salarios m\u00ednimos legales mensuales vigentes.<\/p>\n<p>Luis Alfonso Moreno Ram\u00edrez cumplir\u00e1 la misma pena de prisi\u00f3n por el delito de concierto para delinquir agravado, sin embargo su sanci\u00f3n econ\u00f3mica es de 1.350 salarios.<\/p>\n<p>Por su parte, Germ\u00e1n S\u00e1nchez Quiroga fabricaci\u00f3n, quien con el\u00a0 preacuerdo acept\u00f3 haber cometido los delitos de\u00a0 tr\u00e1fico y porte de armas, municiones de uso privativo de las fuerzas armadas o explosivos; fabricaci\u00f3n, tr\u00e1fico, porte o tenencia de armas de fuego, accesorios, partes o municiones, agravado; concierto para delinquir agravado y tr\u00e1fico, fabricaci\u00f3n o porte de estupefacientes permanecer\u00e1 privado de la libertad por nueve a\u00f1os y deber\u00e1 pagar una multa de 2.219 salarios.<\/p>\n<p>Entre tanto, Jorge Alberto Ru\u00edz Erazo y \u00d3scar Dar\u00edo Ca\u00f1\u00f3n L\u00f3pez, quienes aceptaron las conductas antes mencionadas, tambi\u00e9n admitieron el delito de uso de menores de edad para la comisi\u00f3n de delitos, y fueron condenados a nueve a\u00f1os, diez meses de prisi\u00f3n y multa de 2.219 salarios m\u00ednimos legales mensuales vigentes.<\/p>\n<p>De acuerdo con la abundante recolecci\u00f3n de material probatorio en las investigaciones adelantadas por la Fiscal\u00eda 30 de la Unidad contra las Bandas Emergentes, se estableci\u00f3 que en la Localidad 14 de la capital del pa\u00eds, en el sector conocido como el Bronx, se concentraban cuatro micro estructuras criminales llamadas gancho escalera, el gancho mosco, el gancho homero y el gancho am\u00e9rica diagramados; y que contaban\u00a0 con el poder de recibir mensualmente, aproximadamente 300 millones de pesos en venta neta de estupefacientes.<\/p>\n<p>Asimismo se estableci\u00f3 que no era un micro tr\u00e1fico, sino que se hab\u00eda convertido en macro criminalidad porque no solamente se dedicaban a la venta del estupefaciente sino que tambi\u00e9n al alquiler de armas de fuego y al uso de menores de edad para cometer il\u00edcitos.<\/p>\n<p>Una vez identificados e individualizados y, tras determinar que su centro de operaci\u00f3n estaba entre Bogot\u00e1 y Pereira, se inici\u00f3 la primera fase para desarticular\u00a0 estas estructuras criminales. En este sentido se logr\u00f3 la captura de 23 personas incluyendo los m\u00e1ximos cabecillas de la banda, los jefes militares, sayayines o encargados de la seguridad, contadores y distribuidores; roles cumplidos por los cinco condenados.<\/p>\n<p>Alias Otanche ten\u00eda el rol de ser el principal proveedor del Bronx, especialmente del gancho Homero. Le correspond\u00eda hacer las negociaciones con alias El Chulo. En Bogot\u00e1 se incautaron varios cargamentos que eran de su propiedad.<\/p>\n<p>De alias El Gordo, se determin\u00f3 que era el encargado de hacer los pedidos, almacenar y comercializar las sustancias estupefacientes.<\/p>\n<p>En cuanto a Germ\u00e1n S\u00e1nchez Quiroga, la Fiscal\u00eda estableci\u00f3 que se encargaba de la seguridad en el sector, la parte militar y el almacenamiento de las armas de fuego y el tr\u00e1fico de sustancias estupefacientes; adem\u00e1s de asociarse o reunirse con otros integrantes de estas bacrim y que ya est\u00e1n capturados como\u00a0 alias Jairo o Jairin, alias Arnulfo, alias Angie, entre otros.<\/p>\n<p>De otro lado, \u00d3scar Dar\u00edo Ca\u00f1\u00f3n L\u00f3pez, alias el taxista, era quien adoctrinaba a las personas que trabajaban para \u00e9l acerca de la forma de evadir los controles de las autoridades, y de ser necesario ofrec\u00eda dinero a las autoridades para evitar las capturas. Igualmente ten\u00eda entre sus funciones la de transportar los estupefacientes de un lugar a otro.<\/p>\n<p>Por \u00faltimo Jorge Alberto Ruiz Erazo, alias el Chulo, ten\u00eda el encargo de coordinar y proveer la sustancia estupefaciente a los expendios, as\u00ed como la seguridad y la provisi\u00f3n de las armas de fuego; organizar la n\u00f3mina de los taquilleros, reclutar mujeres menores\u00a0 de edad para realizar la venta y el transporte de los alucin\u00f3genos.<\/p>\n<p>En esta primera fase Jairo S\u00e1nchez Quiroga, alias Jairo; Wilson Gu\u00edo Ceballos, alias Guio, y Wilson Ovalle Osorio, miembros de la estructura criminal gancho Homero, deber\u00e1n responder en juicio en calidad de coautores por los delitos de concierto para delinquir agravado, fabricaci\u00f3n, tr\u00e1fico y porte de armas de fuego y municiones de uso privativo de las Fuerzas Militares, y\u00a0 fabricaci\u00f3n, tr\u00e1fico o porte de estupefacientes.<\/p>\n\n<div class=\"twitter-share\"><a href=\"https:\/\/twitter.com\/intent\/tweet?via=fiscaliacol\" class=\"twitter-share-button\">Tweet<\/a><\/div>\n","protected":false},"excerpt":{"rendered":"<p>Cinco integrantes de las bacrim que delinqu\u00edan en la zona del Bronx en Bogot\u00e1 fueron condenados a penas entre cuatro y nueve a\u00f1os de prisi\u00f3n, luego que el Juzgado S\u00e9ptimo Especializado de Bogot\u00e1 avalara el preacuerdo establecido entre la defensa y la Fiscal\u00eda. Los afectados con la decisi\u00f3n son: Luis Alfonso Moreno Ram\u00edrez, alias Otanche; [&hellip;]<\/p>\n","protected":false},"author":143,"featured_media":0,"comment_status":"closed","ping_status":"open","sticky":false,"template":"","format":"standard","meta":{"tdm_status":"","tdm_grid_status":"","footnotes":""},"categories":[1],"tags":[812,5950],"class_list":{"0":"post-42861","1":"post","2":"type-post","3":"status-publish","4":"format-standard","6":"category-noticias","7":"tag-banda-criminal","8":"tag-bronx"},"yoast_head":"<!-- This site is optimized with the Yoast SEO plugin v24.3 - https:\/\/yoast.com\/wordpress\/plugins\/seo\/ -->\n<title>Fiscal\u00eda General de la Naci\u00f3n<\/title>\n<meta name=\"description\" content=\"P\u00e1gina oficial de la Fiscal\u00eda General de la Naci\u00f3n \u2013 Colombia. Garantizamos el acceso efectivo a la justicia, la verdad y la reparaci\u00f3n de las v\u00edctimas de los delitos.\" \/>\n<meta name=\"robots\" content=\"noindex, follow\" \/>\n<meta property=\"og:locale\" content=\"es_ES\" \/>\n<meta property=\"og:type\" content=\"article\" \/>\n<meta property=\"og:title\" content=\"Fiscal\u00eda General de la Naci\u00f3n\" \/>\n<meta property=\"og:description\" content=\"P\u00e1gina oficial de la Fiscal\u00eda General de la Naci\u00f3n \u2013 Colombia. Garantizamos el acceso efectivo a la justicia, la verdad y la reparaci\u00f3n de las v\u00edctimas de los delitos.\" \/>\n<meta property=\"og:url\" content=\"https:\/\/www.fiscalia.gov.co\/colombia\/noticias\/condenados-integrantes-de-bandas-criminales-del-bronx\/\" \/>\n<meta property=\"og:site_name\" content=\"Fiscal\u00eda General de la Naci\u00f3n\" \/>\n<meta property=\"article:publisher\" content=\"https:\/\/www.facebook.com\/FiscaliaCol\" \/>\n<meta property=\"article:published_time\" content=\"2013-12-20T16:40:32+00:00\" \/>\n<meta name=\"author\" content=\"dfgordillo\" \/>\n<meta name=\"twitter:card\" content=\"summary_large_image\" \/>\n<meta name=\"twitter:creator\" content=\"@FiscaliaCol\" \/>\n<meta name=\"twitter:site\" content=\"@FiscaliaCol\" \/>\n<meta name=\"twitter:label1\" content=\"Escrito por\" \/>\n\t<meta name=\"twitter:data1\" content=\"dfgordillo\" \/>\n\t<meta name=\"twitter:label2\" content=\"Tiempo de lectura\" \/>\n\t<meta name=\"twitter:data2\" content=\"4 minutos\" \/>\n<script type=\"application\/ld+json\" class=\"yoast-schema-graph\">{\"@context\":\"https:\/\/schema.org\",\"@graph\":[{\"@type\":\"Article\",\"@id\":\"https:\/\/www.fiscalia.gov.co\/colombia\/noticias\/condenados-integrantes-de-bandas-criminales-del-bronx\/#article\",\"isPartOf\":{\"@id\":\"https:\/\/www.fiscalia.gov.co\/colombia\/noticias\/condenados-integrantes-de-bandas-criminales-del-bronx\/\"},\"author\":{\"name\":\"dfgordillo\",\"@id\":\"https:\/\/www.fiscalia.gov.co\/colombia\/#\/schema\/person\/3903856a3ce2d54b094c69eb29247895\"},\"headline\":\"Condenados integrantes de bandas criminales del Bronx\",\"datePublished\":\"2013-12-20T16:40:32+00:00\",\"dateModified\":\"2013-12-20T16:40:32+00:00\",\"mainEntityOfPage\":{\"@id\":\"https:\/\/www.fiscalia.gov.co\/colombia\/noticias\/condenados-integrantes-de-bandas-criminales-del-bronx\/\"},\"wordCount\":838,\"publisher\":{\"@id\":\"https:\/\/www.fiscalia.gov.co\/colombia\/#organization\"},\"keywords\":[\"Banda criminal\",\"Bronx\"],\"articleSection\":[\"Noticias\"],\"inLanguage\":\"es-CO\"},{\"@type\":\"WebPage\",\"@id\":\"https:\/\/www.fiscalia.gov.co\/colombia\/noticias\/condenados-integrantes-de-bandas-criminales-del-bronx\/\",\"url\":\"https:\/\/www.fiscalia.gov.co\/colombia\/noticias\/condenados-integrantes-de-bandas-criminales-del-bronx\/\",\"name\":\"Fiscal\u00eda General de la Naci\u00f3n\",\"isPartOf\":{\"@id\":\"https:\/\/www.fiscalia.gov.co\/colombia\/#website\"},\"datePublished\":\"2013-12-20T16:40:32+00:00\",\"dateModified\":\"2013-12-20T16:40:32+00:00\",\"description\":\"P\u00e1gina oficial de la Fiscal\u00eda General de la Naci\u00f3n \u2013 Colombia. Garantizamos el acceso efectivo a la justicia, la verdad y la reparaci\u00f3n de las v\u00edctimas de los delitos.\",\"breadcrumb\":{\"@id\":\"https:\/\/www.fiscalia.gov.co\/colombia\/noticias\/condenados-integrantes-de-bandas-criminales-del-bronx\/#breadcrumb\"},\"inLanguage\":\"es-CO\",\"potentialAction\":[{\"@type\":\"ReadAction\",\"target\":[\"https:\/\/www.fiscalia.gov.co\/colombia\/noticias\/condenados-integrantes-de-bandas-criminales-del-bronx\/\"]}]},{\"@type\":\"BreadcrumbList\",\"@id\":\"https:\/\/www.fiscalia.gov.co\/colombia\/noticias\/condenados-integrantes-de-bandas-criminales-del-bronx\/#breadcrumb\",\"itemListElement\":[{\"@type\":\"ListItem\",\"position\":1,\"name\":\"Home\",\"item\":\"https:\/\/www.fiscalia.gov.co\/colombia\/\"},{\"@type\":\"ListItem\",\"position\":2,\"name\":\"Condenados integrantes de bandas criminales del Bronx\"}]},{\"@type\":\"WebSite\",\"@id\":\"https:\/\/www.fiscalia.gov.co\/colombia\/#website\",\"url\":\"https:\/\/www.fiscalia.gov.co\/colombia\/\",\"name\":\"Fiscal\u00eda General de la Naci\u00f3n\",\"description\":\"P\u00e1gina oficial de la Fiscal\u00eda General de la Naci\u00f3n \u2013 Colombia. Garantizamos el acceso efectivo a la justicia, la verdad y la reparaci\u00f3n de las v\u00edctimas de los delitos.\",\"publisher\":{\"@id\":\"https:\/\/www.fiscalia.gov.co\/colombia\/#organization\"},\"potentialAction\":[{\"@type\":\"SearchAction\",\"target\":{\"@type\":\"EntryPoint\",\"urlTemplate\":\"https:\/\/www.fiscalia.gov.co\/colombia\/?s={search_term_string}\"},\"query-input\":{\"@type\":\"PropertyValueSpecification\",\"valueRequired\":true,\"valueName\":\"search_term_string\"}}],\"inLanguage\":\"es-CO\"},{\"@type\":\"Organization\",\"@id\":\"https:\/\/www.fiscalia.gov.co\/colombia\/#organization\",\"name\":\"Fiscal\u00eda General de la Naci\u00f3n\",\"url\":\"https:\/\/www.fiscalia.gov.co\/colombia\/\",\"logo\":{\"@type\":\"ImageObject\",\"inLanguage\":\"es-CO\",\"@id\":\"https:\/\/www.fiscalia.gov.co\/colombia\/#\/schema\/logo\/image\/\",\"url\":\"https:\/\/www.fiscalia.gov.co\/colombia\/wp-content\/uploads\/LogoHorizontal_1.jpg\",\"contentUrl\":\"https:\/\/www.fiscalia.gov.co\/colombia\/wp-content\/uploads\/LogoHorizontal_1.jpg\",\"width\":300,\"height\":90,\"caption\":\"Fiscal\u00eda General de la Naci\u00f3n\"},\"image\":{\"@id\":\"https:\/\/www.fiscalia.gov.co\/colombia\/#\/schema\/logo\/image\/\"},\"sameAs\":[\"https:\/\/www.facebook.com\/FiscaliaCol\",\"https:\/\/x.com\/FiscaliaCol\",\"https:\/\/www.instagram.com\/fiscaliacol\",\"https:\/\/www.linkedin.com\/company\/fiscalia-general-de-la-naci-n\/\",\"https:\/\/youtube.com\/@fiscaliageneraldelanacion-4668?si=6nN79nyQICPU5iTh\"]},{\"@type\":\"Person\",\"@id\":\"https:\/\/www.fiscalia.gov.co\/colombia\/#\/schema\/person\/3903856a3ce2d54b094c69eb29247895\",\"name\":\"dfgordillo\",\"image\":{\"@type\":\"ImageObject\",\"inLanguage\":\"es-CO\",\"@id\":\"https:\/\/www.fiscalia.gov.co\/colombia\/#\/schema\/person\/image\/\",\"url\":\"https:\/\/secure.gravatar.com\/avatar\/b6356e21c5657c60757fe6fb9493e947?s=96&d=mm&r=g\",\"contentUrl\":\"https:\/\/secure.gravatar.com\/avatar\/b6356e21c5657c60757fe6fb9493e947?s=96&d=mm&r=g\",\"caption\":\"dfgordillo\"},\"sameAs\":[\"dfgordillo\"],\"url\":\"https:\/\/www.fiscalia.gov.co\/colombia\/author\/dfgordillo\/\"}]}<\/script>\n<!-- \/ Yoast SEO plugin. -->","yoast_head_json":{"title":"Fiscal\u00eda General de la Naci\u00f3n","description":"P\u00e1gina oficial de la Fiscal\u00eda General de la Naci\u00f3n \u2013 Colombia. Garantizamos el acceso efectivo a la justicia, la verdad y la reparaci\u00f3n de las v\u00edctimas de los delitos.","robots":{"index":"noindex","follow":"follow"},"og_locale":"es_ES","og_type":"article","og_title":"Fiscal\u00eda General de la Naci\u00f3n","og_description":"P\u00e1gina oficial de la Fiscal\u00eda General de la Naci\u00f3n \u2013 Colombia. Garantizamos el acceso efectivo a la justicia, la verdad y la reparaci\u00f3n de las v\u00edctimas de los delitos.","og_url":"https:\/\/www.fiscalia.gov.co\/colombia\/noticias\/condenados-integrantes-de-bandas-criminales-del-bronx\/","og_site_name":"Fiscal\u00eda General de la Naci\u00f3n","article_publisher":"https:\/\/www.facebook.com\/FiscaliaCol","article_published_time":"2013-12-20T16:40:32+00:00","author":"dfgordillo","twitter_card":"summary_large_image","twitter_creator":"@FiscaliaCol","twitter_site":"@FiscaliaCol","twitter_misc":{"Escrito por":"dfgordillo","Tiempo de lectura":"4 minutos"},"schema":{"@context":"https:\/\/schema.org","@graph":[{"@type":"Article","@id":"https:\/\/www.fiscalia.gov.co\/colombia\/noticias\/condenados-integrantes-de-bandas-criminales-del-bronx\/#article","isPartOf":{"@id":"https:\/\/www.fiscalia.gov.co\/colombia\/noticias\/condenados-integrantes-de-bandas-criminales-del-bronx\/"},"author":{"name":"dfgordillo","@id":"https:\/\/www.fiscalia.gov.co\/colombia\/#\/schema\/person\/3903856a3ce2d54b094c69eb29247895"},"headline":"Condenados integrantes de bandas criminales del Bronx","datePublished":"2013-12-20T16:40:32+00:00","dateModified":"2013-12-20T16:40:32+00:00","mainEntityOfPage":{"@id":"https:\/\/www.fiscalia.gov.co\/colombia\/noticias\/condenados-integrantes-de-bandas-criminales-del-bronx\/"},"wordCount":838,"publisher":{"@id":"https:\/\/www.fiscalia.gov.co\/colombia\/#organization"},"keywords":["Banda criminal","Bronx"],"articleSection":["Noticias"],"inLanguage":"es-CO"},{"@type":"WebPage","@id":"https:\/\/www.fiscalia.gov.co\/colombia\/noticias\/condenados-integrantes-de-bandas-criminales-del-bronx\/","url":"https:\/\/www.fiscalia.gov.co\/colombia\/noticias\/condenados-integrantes-de-bandas-criminales-del-bronx\/","name":"Fiscal\u00eda General de la Naci\u00f3n","isPartOf":{"@id":"https:\/\/www.fiscalia.gov.co\/colombia\/#website"},"datePublished":"2013-12-20T16:40:32+00:00","dateModified":"2013-12-20T16:40:32+00:00","description":"P\u00e1gina oficial de la Fiscal\u00eda General de la Naci\u00f3n \u2013 Colombia. Garantizamos el acceso efectivo a la justicia, la verdad y la reparaci\u00f3n de las v\u00edctimas de los delitos.","breadcrumb":{"@id":"https:\/\/www.fiscalia.gov.co\/colombia\/noticias\/condenados-integrantes-de-bandas-criminales-del-bronx\/#breadcrumb"},"inLanguage":"es-CO","potentialAction":[{"@type":"ReadAction","target":["https:\/\/www.fiscalia.gov.co\/colombia\/noticias\/condenados-integrantes-de-bandas-criminales-del-bronx\/"]}]},{"@type":"BreadcrumbList","@id":"https:\/\/www.fiscalia.gov.co\/colombia\/noticias\/condenados-integrantes-de-bandas-criminales-del-bronx\/#breadcrumb","itemListElement":[{"@type":"ListItem","position":1,"name":"Home","item":"https:\/\/www.fiscalia.gov.co\/colombia\/"},{"@type":"ListItem","position":2,"name":"Condenados integrantes de bandas criminales del Bronx"}]},{"@type":"WebSite","@id":"https:\/\/www.fiscalia.gov.co\/colombia\/#website","url":"https:\/\/www.fiscalia.gov.co\/colombia\/","name":"Fiscal\u00eda General de la Naci\u00f3n","description":"P\u00e1gina oficial de la Fiscal\u00eda General de la Naci\u00f3n \u2013 Colombia. Garantizamos el acceso efectivo a la justicia, la verdad y la reparaci\u00f3n de las v\u00edctimas de los delitos.","publisher":{"@id":"https:\/\/www.fiscalia.gov.co\/colombia\/#organization"},"potentialAction":[{"@type":"SearchAction","target":{"@type":"EntryPoint","urlTemplate":"https:\/\/www.fiscalia.gov.co\/colombia\/?s={search_term_string}"},"query-input":{"@type":"PropertyValueSpecification","valueRequired":true,"valueName":"search_term_string"}}],"inLanguage":"es-CO"},{"@type":"Organization","@id":"https:\/\/www.fiscalia.gov.co\/colombia\/#organization","name":"Fiscal\u00eda General de la Naci\u00f3n","url":"https:\/\/www.fiscalia.gov.co\/colombia\/","logo":{"@type":"ImageObject","inLanguage":"es-CO","@id":"https:\/\/www.fiscalia.gov.co\/colombia\/#\/schema\/logo\/image\/","url":"https:\/\/www.fiscalia.gov.co\/colombia\/wp-content\/uploads\/LogoHorizontal_1.jpg","contentUrl":"https:\/\/www.fiscalia.gov.co\/colombia\/wp-content\/uploads\/LogoHorizontal_1.jpg","width":300,"height":90,"caption":"Fiscal\u00eda General de la Naci\u00f3n"},"image":{"@id":"https:\/\/www.fiscalia.gov.co\/colombia\/#\/schema\/logo\/image\/"},"sameAs":["https:\/\/www.facebook.com\/FiscaliaCol","https:\/\/x.com\/FiscaliaCol","https:\/\/www.instagram.com\/fiscaliacol","https:\/\/www.linkedin.com\/company\/fiscalia-general-de-la-naci-n\/","https:\/\/youtube.com\/@fiscaliageneraldelanacion-4668?si=6nN79nyQICPU5iTh"]},{"@type":"Person","@id":"https:\/\/www.fiscalia.gov.co\/colombia\/#\/schema\/person\/3903856a3ce2d54b094c69eb29247895","name":"dfgordillo","image":{"@type":"ImageObject","inLanguage":"es-CO","@id":"https:\/\/www.fiscalia.gov.co\/colombia\/#\/schema\/person\/image\/","url":"https:\/\/secure.gravatar.com\/avatar\/b6356e21c5657c60757fe6fb9493e947?s=96&d=mm&r=g","contentUrl":"https:\/\/secure.gravatar.com\/avatar\/b6356e21c5657c60757fe6fb9493e947?s=96&d=mm&r=g","caption":"dfgordillo"},"sameAs":["dfgordillo"],"url":"https:\/\/www.fiscalia.gov.co\/colombia\/author\/dfgordillo\/"}]}},"_links":{"self":[{"href":"https:\/\/www.fiscalia.gov.co\/colombia\/wp-json\/wp\/v2\/posts\/42861","targetHints":{"allow":["GET"]}}],"collection":[{"href":"https:\/\/www.fiscalia.gov.co\/colombia\/wp-json\/wp\/v2\/posts"}],"about":[{"href":"https:\/\/www.fiscalia.gov.co\/colombia\/wp-json\/wp\/v2\/types\/post"}],"author":[{"embeddable":true,"href":"https:\/\/www.fiscalia.gov.co\/colombia\/wp-json\/wp\/v2\/users\/143"}],"replies":[{"embeddable":true,"href":"https:\/\/www.fiscalia.gov.co\/colombia\/wp-json\/wp\/v2\/comments?post=42861"}],"version-history":[{"count":2,"href":"https:\/\/www.fiscalia.gov.co\/colombia\/wp-json\/wp\/v2\/posts\/42861\/revisions"}],"predecessor-version":[{"id":42863,"href":"https:\/\/www.fiscalia.gov.co\/colombia\/wp-json\/wp\/v2\/posts\/42861\/revisions\/42863"}],"wp:attachment":[{"href":"https:\/\/www.fiscalia.gov.co\/colombia\/wp-json\/wp\/v2\/media?parent=42861"}],"wp:term":[{"taxonomy":"category","embeddable":true,"href":"https:\/\/www.fiscalia.gov.co\/colombia\/wp-json\/wp\/v2\/categories?post=42861"},{"taxonomy":"post_tag","embeddable":true,"href":"https:\/\/www.fiscalia.gov.co\/colombia\/wp-json\/wp\/v2\/tags?post=42861"}],"curies":[{"name":"wp","href":"https:\/\/api.w.org\/{rel}","templated":true}]}}