{"id":42336,"date":"2013-12-05T12:40:12","date_gmt":"2013-12-05T17:40:12","guid":{"rendered":"http:\/\/www.fiscalia.gov.co\/colombia\/?p=42336"},"modified":"2013-12-05T12:58:04","modified_gmt":"2013-12-05T17:58:04","slug":"se-deben-mejorar-preacuerdos-y-fortalecer-el-manejo-de-prueba-tecnica-eduardo-montealegre","status":"publish","type":"post","link":"https:\/\/www.fiscalia.gov.co\/colombia\/noticias\/se-deben-mejorar-preacuerdos-y-fortalecer-el-manejo-de-prueba-tecnica-eduardo-montealegre\/","title":{"rendered":"Se deben mejorar preacuerdos y fortalecer el manejo de prueba t\u00e9cnica: Eduardo Montealegre"},"content":{"rendered":"<p>Recuperar el manejo de la prueba t\u00e9cnica como fundamento central de las investigaciones penales, fortalecer el sistema de preacuerdos y principio de oportunidad\u00a0 y cambiar la cultura jur\u00eddica de jueces y abogados como mecanismo para corregir el sistema penal acusatorio, son algunas de las bases de la propuesta que se llevar\u00e1 al Congreso el pr\u00f3ximo a\u00f1o.<\/p>\n<p>El Fiscal General de la Naci\u00f3n, Eduardo Montealegre Lynett, dijo que uno de los temas centrales de la reforma es darle coherencia a la pol\u00edtica criminal del Estado en lo referente a los preacuerdos y la aplicaci\u00f3n del principio de oportunidad. La afirmaci\u00f3n la hizo durante el Segundo Foro de An\u00e1lisis del Sistema Penal Oral Acusatorio, que organiz\u00f3 la Fiscal\u00eda en Paipa (Boyac\u00e1).<\/p>\n<p>Para tal fin, se busca que todo est\u00e9 fundamentado en un buen sistema de acuerdos, pues la aplicaci\u00f3n de las normas actuales est\u00e1 entrabando estas estructuras procesales, afirm\u00f3 Montealegre. \u201cAdem\u00e1s, hay un clamor generalizado sobre la existencia de una dilaci\u00f3n injustificada de audiencias de imputaci\u00f3n y de algunas trabas formales en la forma de realizaci\u00f3n del juicio oral\u201d, explic\u00f3 el funcionario.<\/p>\n<p>Con este prop\u00f3sito, el pr\u00f3ximo a\u00f1o ser\u00e1 presentado en el Congreso el proyecto de ley. \u201cLo que queremos es darle m\u00e1s coherencia a la pol\u00edtica criminal del estado. Quitar las trabas y formalismos que obstaculizan al proceso penal. Creo que la propuesta que se presentar\u00e1 el pr\u00f3ximo a\u00f1o al Congreso de la Rep\u00fablica por parte de la Corte Suprema y la Fiscal\u00eda. Esperamos contar con el apoyo del gobierno para destrabar el proceso\u201d.<\/p>\n<p>Para Montealegre, si bien es cierto que existen estos problemas, no se puede hablar de crisis del sistema penal acusatorio. Despu\u00e9s de diez a\u00f1os, hay cierto tipo de fallas. Durante varios a\u00f1os se ha venido desnaturalizando el sistema acusatorio a ra\u00edz de prohibiciones surgidas en el Congreso en lo referente a preacuerdos. Hay que volver a la naturaleza de un sistema acusatorio.<\/p>\n<p>Asimismo, dijo el Fiscal, \u201clo que queremos con esta reforma y la reforma a la Fiscal\u00eda es volver al manejo de la prueba t\u00e9cnica. Queremos volver al manejo de la prueba t\u00e9cnica. El sistema tiene\u00a0 unas debilidades y una de ellas es que pr\u00e1cticamente se est\u00e1 basando en la prueba testimonial, que es muy fr\u00e1gil, y en el manejo de los preacuerdos.<\/p>\n<p>\u201cLo ideal es un sistema que se fundamente en la prueba t\u00e9cnica, en la implementaci\u00f3n de modernas tecnolog\u00edas para fortalecer la polic\u00eda judicial y manejo de prueba t\u00e9cnica\u201d, enfatiz\u00f3 Montealegre.<\/p>\n<p><strong>Rueda de prensa Fiscal General de la Naci\u00f3n, Eduardo Montealegre Lynett<\/strong><\/p>\n[audio:http:\/\/www.fiscalia.gov.co\/colombia\/wp-content\/uploads\/20131205b.mp3|titles=Declaraciones]\n<p><strong><a title=\"Descargar audio \" href=\"http:\/\/www.fiscalia.gov.co\/colombia\/wp-content\/uploads\/20131205b.mp3\" target=\"_blank\">Descargar<\/a><\/strong><\/p>\n<p>Temas: Reforma al Sistema Penal Oral Acusatorio (Segundo\u00a0foro de an\u00e1lisis del Sistema Penal Oral Acusatorio)<br \/>\nFecha: 5 de diciembre de 2013<br \/>\nLugar: \u00a0Paipa (Boyac\u00e1)<\/p>\n\n<div class=\"twitter-share\"><a href=\"https:\/\/twitter.com\/intent\/tweet?via=fiscaliacol\" class=\"twitter-share-button\">Tweet<\/a><\/div>\n","protected":false},"excerpt":{"rendered":"<p>Recuperar el manejo de la prueba t\u00e9cnica como fundamento central de las investigaciones penales, fortalecer el sistema de preacuerdos y principio de oportunidad\u00a0 y cambiar la cultura jur\u00eddica de jueces [&hellip;]<\/p>\n","protected":false},"author":143,"featured_media":0,"comment_status":"closed","ping_status":"open","sticky":false,"template":"","format":"standard","meta":{"tdm_status":"","tdm_grid_status":"","footnotes":""},"categories":[1],"tags":[400,78],"class_list":["post-42336","post","type-post","status-publish","format-standard","category-noticias","tag-eduardo-montealegre-lynett","tag-fiscal-general-de-la-nacion"],"yoast_head":"<!-- This site is optimized with the Yoast SEO plugin v24.3 - https:\/\/yoast.com\/wordpress\/plugins\/seo\/ -->\n<title>Fiscal\u00eda General de la Naci\u00f3n<\/title>\n<meta name=\"description\" content=\"P\u00e1gina oficial de la Fiscal\u00eda General de la Naci\u00f3n \u2013 Colombia. Garantizamos el acceso efectivo a la justicia, la verdad y la reparaci\u00f3n de las v\u00edctimas de los delitos.\" \/>\n<meta name=\"robots\" content=\"noindex, follow\" \/>\n<meta property=\"og:locale\" content=\"es_ES\" \/>\n<meta property=\"og:type\" content=\"article\" \/>\n<meta property=\"og:title\" content=\"Fiscal\u00eda General de la Naci\u00f3n\" \/>\n<meta property=\"og:description\" content=\"P\u00e1gina oficial de la Fiscal\u00eda General de la Naci\u00f3n \u2013 Colombia. Garantizamos el acceso efectivo a la justicia, la verdad y la reparaci\u00f3n de las v\u00edctimas de los delitos.\" \/>\n<meta property=\"og:url\" content=\"https:\/\/www.fiscalia.gov.co\/colombia\/noticias\/se-deben-mejorar-preacuerdos-y-fortalecer-el-manejo-de-prueba-tecnica-eduardo-montealegre\/\" \/>\n<meta property=\"og:site_name\" content=\"Fiscal\u00eda General de la Naci\u00f3n\" \/>\n<meta property=\"article:publisher\" content=\"https:\/\/www.facebook.com\/FiscaliaCol\" \/>\n<meta property=\"article:published_time\" content=\"2013-12-05T17:40:12+00:00\" \/>\n<meta property=\"article:modified_time\" content=\"2013-12-05T17:58:04+00:00\" \/>\n<meta name=\"author\" content=\"dfgordillo\" \/>\n<meta name=\"twitter:card\" content=\"summary_large_image\" \/>\n<meta name=\"twitter:creator\" content=\"@FiscaliaCol\" \/>\n<meta name=\"twitter:site\" content=\"@FiscaliaCol\" \/>\n<meta name=\"twitter:label1\" content=\"Escrito por\" \/>\n\t<meta name=\"twitter:data1\" content=\"dfgordillo\" \/>\n\t<meta name=\"twitter:label2\" content=\"Tiempo de lectura\" \/>\n\t<meta name=\"twitter:data2\" content=\"2 minutos\" \/>\n<script type=\"application\/ld+json\" class=\"yoast-schema-graph\">{\"@context\":\"https:\/\/schema.org\",\"@graph\":[{\"@type\":\"Article\",\"@id\":\"https:\/\/www.fiscalia.gov.co\/colombia\/noticias\/se-deben-mejorar-preacuerdos-y-fortalecer-el-manejo-de-prueba-tecnica-eduardo-montealegre\/#article\",\"isPartOf\":{\"@id\":\"https:\/\/www.fiscalia.gov.co\/colombia\/noticias\/se-deben-mejorar-preacuerdos-y-fortalecer-el-manejo-de-prueba-tecnica-eduardo-montealegre\/\"},\"author\":{\"name\":\"dfgordillo\",\"@id\":\"https:\/\/www.fiscalia.gov.co\/colombia\/#\/schema\/person\/3903856a3ce2d54b094c69eb29247895\"},\"headline\":\"Se deben mejorar preacuerdos y fortalecer el manejo de prueba t\u00e9cnica: Eduardo Montealegre\",\"datePublished\":\"2013-12-05T17:40:12+00:00\",\"dateModified\":\"2013-12-05T17:58:04+00:00\",\"mainEntityOfPage\":{\"@id\":\"https:\/\/www.fiscalia.gov.co\/colombia\/noticias\/se-deben-mejorar-preacuerdos-y-fortalecer-el-manejo-de-prueba-tecnica-eduardo-montealegre\/\"},\"wordCount\":509,\"publisher\":{\"@id\":\"https:\/\/www.fiscalia.gov.co\/colombia\/#organization\"},\"keywords\":[\"Eduardo Montealegre Lynett\",\"Fiscal General de la Naci\u00f3n\"],\"articleSection\":[\"Noticias\"],\"inLanguage\":\"es-CO\"},{\"@type\":\"WebPage\",\"@id\":\"https:\/\/www.fiscalia.gov.co\/colombia\/noticias\/se-deben-mejorar-preacuerdos-y-fortalecer-el-manejo-de-prueba-tecnica-eduardo-montealegre\/\",\"url\":\"https:\/\/www.fiscalia.gov.co\/colombia\/noticias\/se-deben-mejorar-preacuerdos-y-fortalecer-el-manejo-de-prueba-tecnica-eduardo-montealegre\/\",\"name\":\"Fiscal\u00eda General de la Naci\u00f3n\",\"isPartOf\":{\"@id\":\"https:\/\/www.fiscalia.gov.co\/colombia\/#website\"},\"datePublished\":\"2013-12-05T17:40:12+00:00\",\"dateModified\":\"2013-12-05T17:58:04+00:00\",\"description\":\"P\u00e1gina oficial de la Fiscal\u00eda General de la Naci\u00f3n \u2013 Colombia. Garantizamos el acceso efectivo a la justicia, la verdad y la reparaci\u00f3n de las v\u00edctimas de los delitos.\",\"breadcrumb\":{\"@id\":\"https:\/\/www.fiscalia.gov.co\/colombia\/noticias\/se-deben-mejorar-preacuerdos-y-fortalecer-el-manejo-de-prueba-tecnica-eduardo-montealegre\/#breadcrumb\"},\"inLanguage\":\"es-CO\",\"potentialAction\":[{\"@type\":\"ReadAction\",\"target\":[\"https:\/\/www.fiscalia.gov.co\/colombia\/noticias\/se-deben-mejorar-preacuerdos-y-fortalecer-el-manejo-de-prueba-tecnica-eduardo-montealegre\/\"]}]},{\"@type\":\"BreadcrumbList\",\"@id\":\"https:\/\/www.fiscalia.gov.co\/colombia\/noticias\/se-deben-mejorar-preacuerdos-y-fortalecer-el-manejo-de-prueba-tecnica-eduardo-montealegre\/#breadcrumb\",\"itemListElement\":[{\"@type\":\"ListItem\",\"position\":1,\"name\":\"Home\",\"item\":\"https:\/\/www.fiscalia.gov.co\/colombia\/\"},{\"@type\":\"ListItem\",\"position\":2,\"name\":\"Se deben mejorar preacuerdos y fortalecer el manejo de prueba t\u00e9cnica: Eduardo Montealegre\"}]},{\"@type\":\"WebSite\",\"@id\":\"https:\/\/www.fiscalia.gov.co\/colombia\/#website\",\"url\":\"https:\/\/www.fiscalia.gov.co\/colombia\/\",\"name\":\"Fiscal\u00eda General de la Naci\u00f3n\",\"description\":\"P\u00e1gina oficial de la Fiscal\u00eda General de la Naci\u00f3n \u2013 Colombia. Garantizamos el acceso efectivo a la justicia, la verdad y la reparaci\u00f3n de las v\u00edctimas de los delitos.\",\"publisher\":{\"@id\":\"https:\/\/www.fiscalia.gov.co\/colombia\/#organization\"},\"potentialAction\":[{\"@type\":\"SearchAction\",\"target\":{\"@type\":\"EntryPoint\",\"urlTemplate\":\"https:\/\/www.fiscalia.gov.co\/colombia\/?s={search_term_string}\"},\"query-input\":{\"@type\":\"PropertyValueSpecification\",\"valueRequired\":true,\"valueName\":\"search_term_string\"}}],\"inLanguage\":\"es-CO\"},{\"@type\":\"Organization\",\"@id\":\"https:\/\/www.fiscalia.gov.co\/colombia\/#organization\",\"name\":\"Fiscal\u00eda General de la Naci\u00f3n\",\"url\":\"https:\/\/www.fiscalia.gov.co\/colombia\/\",\"logo\":{\"@type\":\"ImageObject\",\"inLanguage\":\"es-CO\",\"@id\":\"https:\/\/www.fiscalia.gov.co\/colombia\/#\/schema\/logo\/image\/\",\"url\":\"https:\/\/www.fiscalia.gov.co\/colombia\/wp-content\/uploads\/LogoHorizontal_1.jpg\",\"contentUrl\":\"https:\/\/www.fiscalia.gov.co\/colombia\/wp-content\/uploads\/LogoHorizontal_1.jpg\",\"width\":300,\"height\":90,\"caption\":\"Fiscal\u00eda General de la Naci\u00f3n\"},\"image\":{\"@id\":\"https:\/\/www.fiscalia.gov.co\/colombia\/#\/schema\/logo\/image\/\"},\"sameAs\":[\"https:\/\/www.facebook.com\/FiscaliaCol\",\"https:\/\/x.com\/FiscaliaCol\",\"https:\/\/www.instagram.com\/fiscaliacol\",\"https:\/\/www.linkedin.com\/company\/fiscalia-general-de-la-naci-n\/\",\"https:\/\/youtube.com\/@fiscaliageneraldelanacion-4668?si=6nN79nyQICPU5iTh\"]},{\"@type\":\"Person\",\"@id\":\"https:\/\/www.fiscalia.gov.co\/colombia\/#\/schema\/person\/3903856a3ce2d54b094c69eb29247895\",\"name\":\"dfgordillo\",\"image\":{\"@type\":\"ImageObject\",\"inLanguage\":\"es-CO\",\"@id\":\"https:\/\/www.fiscalia.gov.co\/colombia\/#\/schema\/person\/image\/\",\"url\":\"https:\/\/secure.gravatar.com\/avatar\/b6356e21c5657c60757fe6fb9493e947?s=96&d=mm&r=g\",\"contentUrl\":\"https:\/\/secure.gravatar.com\/avatar\/b6356e21c5657c60757fe6fb9493e947?s=96&d=mm&r=g\",\"caption\":\"dfgordillo\"},\"sameAs\":[\"dfgordillo\"],\"url\":\"https:\/\/www.fiscalia.gov.co\/colombia\/author\/dfgordillo\/\"}]}<\/script>\n<!-- \/ Yoast SEO plugin. -->","yoast_head_json":{"title":"Fiscal\u00eda General de la Naci\u00f3n","description":"P\u00e1gina oficial de la Fiscal\u00eda General de la Naci\u00f3n \u2013 Colombia. Garantizamos el acceso efectivo a la justicia, la verdad y la reparaci\u00f3n de las v\u00edctimas de los delitos.","robots":{"index":"noindex","follow":"follow"},"og_locale":"es_ES","og_type":"article","og_title":"Fiscal\u00eda General de la Naci\u00f3n","og_description":"P\u00e1gina oficial de la Fiscal\u00eda General de la Naci\u00f3n \u2013 Colombia. Garantizamos el acceso efectivo a la justicia, la verdad y la reparaci\u00f3n de las v\u00edctimas de los delitos.","og_url":"https:\/\/www.fiscalia.gov.co\/colombia\/noticias\/se-deben-mejorar-preacuerdos-y-fortalecer-el-manejo-de-prueba-tecnica-eduardo-montealegre\/","og_site_name":"Fiscal\u00eda General de la Naci\u00f3n","article_publisher":"https:\/\/www.facebook.com\/FiscaliaCol","article_published_time":"2013-12-05T17:40:12+00:00","article_modified_time":"2013-12-05T17:58:04+00:00","author":"dfgordillo","twitter_card":"summary_large_image","twitter_creator":"@FiscaliaCol","twitter_site":"@FiscaliaCol","twitter_misc":{"Escrito por":"dfgordillo","Tiempo de lectura":"2 minutos"},"schema":{"@context":"https:\/\/schema.org","@graph":[{"@type":"Article","@id":"https:\/\/www.fiscalia.gov.co\/colombia\/noticias\/se-deben-mejorar-preacuerdos-y-fortalecer-el-manejo-de-prueba-tecnica-eduardo-montealegre\/#article","isPartOf":{"@id":"https:\/\/www.fiscalia.gov.co\/colombia\/noticias\/se-deben-mejorar-preacuerdos-y-fortalecer-el-manejo-de-prueba-tecnica-eduardo-montealegre\/"},"author":{"name":"dfgordillo","@id":"https:\/\/www.fiscalia.gov.co\/colombia\/#\/schema\/person\/3903856a3ce2d54b094c69eb29247895"},"headline":"Se deben mejorar preacuerdos y fortalecer el manejo de prueba t\u00e9cnica: Eduardo Montealegre","datePublished":"2013-12-05T17:40:12+00:00","dateModified":"2013-12-05T17:58:04+00:00","mainEntityOfPage":{"@id":"https:\/\/www.fiscalia.gov.co\/colombia\/noticias\/se-deben-mejorar-preacuerdos-y-fortalecer-el-manejo-de-prueba-tecnica-eduardo-montealegre\/"},"wordCount":509,"publisher":{"@id":"https:\/\/www.fiscalia.gov.co\/colombia\/#organization"},"keywords":["Eduardo Montealegre Lynett","Fiscal General de la Naci\u00f3n"],"articleSection":["Noticias"],"inLanguage":"es-CO"},{"@type":"WebPage","@id":"https:\/\/www.fiscalia.gov.co\/colombia\/noticias\/se-deben-mejorar-preacuerdos-y-fortalecer-el-manejo-de-prueba-tecnica-eduardo-montealegre\/","url":"https:\/\/www.fiscalia.gov.co\/colombia\/noticias\/se-deben-mejorar-preacuerdos-y-fortalecer-el-manejo-de-prueba-tecnica-eduardo-montealegre\/","name":"Fiscal\u00eda General de la Naci\u00f3n","isPartOf":{"@id":"https:\/\/www.fiscalia.gov.co\/colombia\/#website"},"datePublished":"2013-12-05T17:40:12+00:00","dateModified":"2013-12-05T17:58:04+00:00","description":"P\u00e1gina oficial de la Fiscal\u00eda General de la Naci\u00f3n \u2013 Colombia. Garantizamos el acceso efectivo a la justicia, la verdad y la reparaci\u00f3n de las v\u00edctimas de los delitos.","breadcrumb":{"@id":"https:\/\/www.fiscalia.gov.co\/colombia\/noticias\/se-deben-mejorar-preacuerdos-y-fortalecer-el-manejo-de-prueba-tecnica-eduardo-montealegre\/#breadcrumb"},"inLanguage":"es-CO","potentialAction":[{"@type":"ReadAction","target":["https:\/\/www.fiscalia.gov.co\/colombia\/noticias\/se-deben-mejorar-preacuerdos-y-fortalecer-el-manejo-de-prueba-tecnica-eduardo-montealegre\/"]}]},{"@type":"BreadcrumbList","@id":"https:\/\/www.fiscalia.gov.co\/colombia\/noticias\/se-deben-mejorar-preacuerdos-y-fortalecer-el-manejo-de-prueba-tecnica-eduardo-montealegre\/#breadcrumb","itemListElement":[{"@type":"ListItem","position":1,"name":"Home","item":"https:\/\/www.fiscalia.gov.co\/colombia\/"},{"@type":"ListItem","position":2,"name":"Se deben mejorar preacuerdos y fortalecer el manejo de prueba t\u00e9cnica: Eduardo Montealegre"}]},{"@type":"WebSite","@id":"https:\/\/www.fiscalia.gov.co\/colombia\/#website","url":"https:\/\/www.fiscalia.gov.co\/colombia\/","name":"Fiscal\u00eda General de la Naci\u00f3n","description":"P\u00e1gina oficial de la Fiscal\u00eda General de la Naci\u00f3n \u2013 Colombia. Garantizamos el acceso efectivo a la justicia, la verdad y la reparaci\u00f3n de las v\u00edctimas de los delitos.","publisher":{"@id":"https:\/\/www.fiscalia.gov.co\/colombia\/#organization"},"potentialAction":[{"@type":"SearchAction","target":{"@type":"EntryPoint","urlTemplate":"https:\/\/www.fiscalia.gov.co\/colombia\/?s={search_term_string}"},"query-input":{"@type":"PropertyValueSpecification","valueRequired":true,"valueName":"search_term_string"}}],"inLanguage":"es-CO"},{"@type":"Organization","@id":"https:\/\/www.fiscalia.gov.co\/colombia\/#organization","name":"Fiscal\u00eda General de la Naci\u00f3n","url":"https:\/\/www.fiscalia.gov.co\/colombia\/","logo":{"@type":"ImageObject","inLanguage":"es-CO","@id":"https:\/\/www.fiscalia.gov.co\/colombia\/#\/schema\/logo\/image\/","url":"https:\/\/www.fiscalia.gov.co\/colombia\/wp-content\/uploads\/LogoHorizontal_1.jpg","contentUrl":"https:\/\/www.fiscalia.gov.co\/colombia\/wp-content\/uploads\/LogoHorizontal_1.jpg","width":300,"height":90,"caption":"Fiscal\u00eda General de la Naci\u00f3n"},"image":{"@id":"https:\/\/www.fiscalia.gov.co\/colombia\/#\/schema\/logo\/image\/"},"sameAs":["https:\/\/www.facebook.com\/FiscaliaCol","https:\/\/x.com\/FiscaliaCol","https:\/\/www.instagram.com\/fiscaliacol","https:\/\/www.linkedin.com\/company\/fiscalia-general-de-la-naci-n\/","https:\/\/youtube.com\/@fiscaliageneraldelanacion-4668?si=6nN79nyQICPU5iTh"]},{"@type":"Person","@id":"https:\/\/www.fiscalia.gov.co\/colombia\/#\/schema\/person\/3903856a3ce2d54b094c69eb29247895","name":"dfgordillo","image":{"@type":"ImageObject","inLanguage":"es-CO","@id":"https:\/\/www.fiscalia.gov.co\/colombia\/#\/schema\/person\/image\/","url":"https:\/\/secure.gravatar.com\/avatar\/b6356e21c5657c60757fe6fb9493e947?s=96&d=mm&r=g","contentUrl":"https:\/\/secure.gravatar.com\/avatar\/b6356e21c5657c60757fe6fb9493e947?s=96&d=mm&r=g","caption":"dfgordillo"},"sameAs":["dfgordillo"],"url":"https:\/\/www.fiscalia.gov.co\/colombia\/author\/dfgordillo\/"}]}},"_links":{"self":[{"href":"https:\/\/www.fiscalia.gov.co\/colombia\/wp-json\/wp\/v2\/posts\/42336","targetHints":{"allow":["GET"]}}],"collection":[{"href":"https:\/\/www.fiscalia.gov.co\/colombia\/wp-json\/wp\/v2\/posts"}],"about":[{"href":"https:\/\/www.fiscalia.gov.co\/colombia\/wp-json\/wp\/v2\/types\/post"}],"author":[{"embeddable":true,"href":"https:\/\/www.fiscalia.gov.co\/colombia\/wp-json\/wp\/v2\/users\/143"}],"replies":[{"embeddable":true,"href":"https:\/\/www.fiscalia.gov.co\/colombia\/wp-json\/wp\/v2\/comments?post=42336"}],"version-history":[{"count":4,"href":"https:\/\/www.fiscalia.gov.co\/colombia\/wp-json\/wp\/v2\/posts\/42336\/revisions"}],"predecessor-version":[{"id":42349,"href":"https:\/\/www.fiscalia.gov.co\/colombia\/wp-json\/wp\/v2\/posts\/42336\/revisions\/42349"}],"wp:attachment":[{"href":"https:\/\/www.fiscalia.gov.co\/colombia\/wp-json\/wp\/v2\/media?parent=42336"}],"wp:term":[{"taxonomy":"category","embeddable":true,"href":"https:\/\/www.fiscalia.gov.co\/colombia\/wp-json\/wp\/v2\/categories?post=42336"},{"taxonomy":"post_tag","embeddable":true,"href":"https:\/\/www.fiscalia.gov.co\/colombia\/wp-json\/wp\/v2\/tags?post=42336"}],"curies":[{"name":"wp","href":"https:\/\/api.w.org\/{rel}","templated":true}]}}