{"id":42254,"date":"2013-12-04T20:15:58","date_gmt":"2013-12-05T01:15:58","guid":{"rendered":"http:\/\/www.fiscalia.gov.co\/colombia\/?p=42254"},"modified":"2014-01-09T08:32:04","modified_gmt":"2014-01-09T13:32:04","slug":"el-modelo-tradicional-de-investigacion-frente-a-las-investigaciones-en-contexto","status":"publish","type":"post","link":"https:\/\/www.fiscalia.gov.co\/colombia\/noticias\/el-modelo-tradicional-de-investigacion-frente-a-las-investigaciones-en-contexto\/","title":{"rendered":"El modelo tradicional de investigaci\u00f3n frente a las investigaciones en contexto"},"content":{"rendered":"<p>El sistema de investigaci\u00f3n tradicional representa para la Fiscal\u00eda General de la Naci\u00f3n y el trabajo de los fiscales en cada rinc\u00f3n del pa\u00eds, una duplicidad de esfuerzos en el que nadie sabe finalmente qu\u00e9 est\u00e1 investigando, m\u00e1s all\u00e1 del caso que tiene asignado.<\/p>\n<p>De esta manera el jefe de la Unidad Nacional de An\u00e1lisis y Contextos de la Fiscal\u00eda General de la Naci\u00f3n, Alejandro Ramelli,\u00a0present\u00f3, en el Segundo Foro de An\u00e1lisis del Sistema Penal Oral Acusatorio, que se\u00a0realiza en Paipa (Boyac\u00e1), \u00a0las bondades de lo que ya se conoce como las investigaciones en contexto que permitir\u00e1n agilizar los resultados de procesos contra organizaciones que operan en diferentes regiones del pa\u00eds.<\/p>\n<p>Por ejemplo en el caso de la Comunidad de Paz de San Jos\u00e9 de Apartad\u00f3, la Unidad Nacional de Derechos Humanos y Derecho Internacional Humanitario, en el sistema tradicional, tiene al menos 10 fiscales haciendo investigaciones sobre diferentes hechos; otros son indagados por fiscales especializados de Medell\u00edn, algunos fiscales locales y otros seccionales. Seg\u00fan\u00a0Alejandro Ramelli como cada uno conoce de un hecho en particular, entonces todos y ninguno saben en realidad qu\u00e9 fue lo que paso en la comunidad de paz a lo largo de su historia.<\/p>\n<p>Ante esta situaci\u00f3n, el modelo de investigaci\u00f3n en contexto, a partir de tres principios, se presenta como la soluci\u00f3n a la duplicidad de funciones respecto de hechos que bien pueden estar relacionados unos con otros; el primero de ellos es la asociaci\u00f3n de casos a partir de patrones criminales, es decir que las investigaciones se pueden asociar a partir de patrones criminales, para as\u00ed llegar a indagar a la organizaci\u00f3n criminal y no solamente al hecho puntual que solo busca establecer qui\u00e9n perpetr\u00f3 el delito, sino cual fue toda la organizaci\u00f3n que estuvo detr\u00e1s.<\/p>\n<p>Un segundo ingrediente es la construcci\u00f3n de contextos que permiten comprender la estructura y funcionamiento de la organizaci\u00f3n; es decir que este tipo de investigaci\u00f3n permite es identificar\u00a0directamente la m\u00e1quina productora del delito, es decir a la red criminal.<\/p>\n<p>Frente a organizaciones como las FARC, las investigaciones en contexto, en este segundo principio, permiten investigar el diagrama completo de la organizaci\u00f3n, su evoluci\u00f3n y\u00a0su pol\u00edtica. En el sistema tradicional se podr\u00eda reconstruir un frente o un bloque, pero no toda la organizaci\u00f3n criminal.<\/p>\n<p>La tercera caracter\u00edstica es que las investigaciones en contexto posibilitan la interacci\u00f3n entre\u00a0la cl\u00e1sica investigaci\u00f3n criminal\u00a0y las metodolog\u00edas de las ciencias sociales como la historia, ciencia pol\u00edtica, antropolog\u00eda y ciencias exactas. Esto quiere decir que en la investigaci\u00f3n cl\u00e1sica solo participaba el abogado el investigador y la polic\u00eda judicial, ahora con la intervenci\u00f3n de las dem\u00e1s ciencias del conocimiento, los procesos permitir\u00e1n entender el fen\u00f3meno criminal de por qu\u00e9 paso eso o por qu\u00e9 en una regi\u00f3n determinada se ha disparado la delincuencia en determinadas \u00e9pocas.<\/p>\n<p>________________________<\/p>\n<p><strong>Intervenci\u00f3n de Alejandro Ramelli, Jefe Unidad Nacional de An\u00e1lisis y Contextos<\/strong><\/p>\n[audio:http:\/\/www.fiscalia.gov.co\/colombia\/wp-content\/uploads\/20131204f.mp3|titles=Declaraciones]\n<p><strong><a title=\"Descargar audio \" href=\"http:\/\/www.fiscalia.gov.co\/colombia\/wp-content\/uploads\/20131204f.mp3\" target=\"_blank\">Descargar<\/a><\/strong><\/p>\n<p>Tema: Investigaci\u00f3n criminal en contexto (Segundo\u00a0foro de an\u00e1lisis del Sistema Penal Oral Acusatorio) Fecha: 4 de diciembre de 2013 Lugar: \u00a0Paipa (Boyac\u00e1)<\/p>\n\n<div class=\"twitter-share\"><a href=\"https:\/\/twitter.com\/intent\/tweet?via=fiscaliacol\" class=\"twitter-share-button\">Tweet<\/a><\/div>\n","protected":false},"excerpt":{"rendered":"<p>El sistema de investigaci\u00f3n tradicional representa para la Fiscal\u00eda General de la Naci\u00f3n y el trabajo de los fiscales en cada rinc\u00f3n del pa\u00eds, una duplicidad de esfuerzos <\/p>\n","protected":false},"author":143,"featured_media":0,"comment_status":"closed","ping_status":"open","sticky":false,"template":"","format":"standard","meta":{"tdm_status":"","tdm_grid_status":"","footnotes":""},"categories":[1],"tags":[5795,5796,5794],"class_list":["post-42254","post","type-post","status-publish","format-standard","category-noticias","tag-alejandro-ramelli","tag-investigacion-en-contexto","tag-segundo-foro-de-analisis-del-sistema-penal-oral-acusatorio"],"yoast_head":"<!-- This site is optimized with the Yoast SEO plugin v24.3 - https:\/\/yoast.com\/wordpress\/plugins\/seo\/ -->\n<title>Fiscal\u00eda General de la Naci\u00f3n<\/title>\n<meta name=\"description\" content=\"P\u00e1gina oficial de la Fiscal\u00eda General de la Naci\u00f3n \u2013 Colombia. Garantizamos el acceso efectivo a la justicia, la verdad y la reparaci\u00f3n de las v\u00edctimas de los delitos.\" \/>\n<meta name=\"robots\" content=\"noindex, follow\" \/>\n<meta property=\"og:locale\" content=\"es_ES\" \/>\n<meta property=\"og:type\" content=\"article\" \/>\n<meta property=\"og:title\" content=\"Fiscal\u00eda General de la Naci\u00f3n\" \/>\n<meta property=\"og:description\" content=\"P\u00e1gina oficial de la Fiscal\u00eda General de la Naci\u00f3n \u2013 Colombia. Garantizamos el acceso efectivo a la justicia, la verdad y la reparaci\u00f3n de las v\u00edctimas de los delitos.\" \/>\n<meta property=\"og:url\" content=\"https:\/\/www.fiscalia.gov.co\/colombia\/noticias\/el-modelo-tradicional-de-investigacion-frente-a-las-investigaciones-en-contexto\/\" \/>\n<meta property=\"og:site_name\" content=\"Fiscal\u00eda General de la Naci\u00f3n\" \/>\n<meta property=\"article:publisher\" content=\"https:\/\/www.facebook.com\/FiscaliaCol\" \/>\n<meta property=\"article:published_time\" content=\"2013-12-05T01:15:58+00:00\" \/>\n<meta property=\"article:modified_time\" content=\"2014-01-09T13:32:04+00:00\" \/>\n<meta name=\"author\" content=\"dfgordillo\" \/>\n<meta name=\"twitter:card\" content=\"summary_large_image\" \/>\n<meta name=\"twitter:creator\" content=\"@FiscaliaCol\" \/>\n<meta name=\"twitter:site\" content=\"@FiscaliaCol\" \/>\n<meta name=\"twitter:label1\" content=\"Escrito por\" \/>\n\t<meta name=\"twitter:data1\" content=\"dfgordillo\" \/>\n\t<meta name=\"twitter:label2\" content=\"Tiempo de lectura\" \/>\n\t<meta name=\"twitter:data2\" content=\"3 minutos\" \/>\n<script type=\"application\/ld+json\" class=\"yoast-schema-graph\">{\"@context\":\"https:\/\/schema.org\",\"@graph\":[{\"@type\":\"Article\",\"@id\":\"https:\/\/www.fiscalia.gov.co\/colombia\/noticias\/el-modelo-tradicional-de-investigacion-frente-a-las-investigaciones-en-contexto\/#article\",\"isPartOf\":{\"@id\":\"https:\/\/www.fiscalia.gov.co\/colombia\/noticias\/el-modelo-tradicional-de-investigacion-frente-a-las-investigaciones-en-contexto\/\"},\"author\":{\"name\":\"dfgordillo\",\"@id\":\"https:\/\/www.fiscalia.gov.co\/colombia\/#\/schema\/person\/3903856a3ce2d54b094c69eb29247895\"},\"headline\":\"El modelo tradicional de investigaci\u00f3n frente a las investigaciones en contexto\",\"datePublished\":\"2013-12-05T01:15:58+00:00\",\"dateModified\":\"2014-01-09T13:32:04+00:00\",\"mainEntityOfPage\":{\"@id\":\"https:\/\/www.fiscalia.gov.co\/colombia\/noticias\/el-modelo-tradicional-de-investigacion-frente-a-las-investigaciones-en-contexto\/\"},\"wordCount\":575,\"publisher\":{\"@id\":\"https:\/\/www.fiscalia.gov.co\/colombia\/#organization\"},\"keywords\":[\"Alejandro Ramelli\",\"Investigaci\u00f3n en contexto\",\"Segundo Foro de An\u00e1lisis del Sistema Penal Oral Acusatorio\"],\"articleSection\":[\"Noticias\"],\"inLanguage\":\"es-CO\"},{\"@type\":\"WebPage\",\"@id\":\"https:\/\/www.fiscalia.gov.co\/colombia\/noticias\/el-modelo-tradicional-de-investigacion-frente-a-las-investigaciones-en-contexto\/\",\"url\":\"https:\/\/www.fiscalia.gov.co\/colombia\/noticias\/el-modelo-tradicional-de-investigacion-frente-a-las-investigaciones-en-contexto\/\",\"name\":\"Fiscal\u00eda General de la Naci\u00f3n\",\"isPartOf\":{\"@id\":\"https:\/\/www.fiscalia.gov.co\/colombia\/#website\"},\"datePublished\":\"2013-12-05T01:15:58+00:00\",\"dateModified\":\"2014-01-09T13:32:04+00:00\",\"description\":\"P\u00e1gina oficial de la Fiscal\u00eda General de la Naci\u00f3n \u2013 Colombia. Garantizamos el acceso efectivo a la justicia, la verdad y la reparaci\u00f3n de las v\u00edctimas de los delitos.\",\"breadcrumb\":{\"@id\":\"https:\/\/www.fiscalia.gov.co\/colombia\/noticias\/el-modelo-tradicional-de-investigacion-frente-a-las-investigaciones-en-contexto\/#breadcrumb\"},\"inLanguage\":\"es-CO\",\"potentialAction\":[{\"@type\":\"ReadAction\",\"target\":[\"https:\/\/www.fiscalia.gov.co\/colombia\/noticias\/el-modelo-tradicional-de-investigacion-frente-a-las-investigaciones-en-contexto\/\"]}]},{\"@type\":\"BreadcrumbList\",\"@id\":\"https:\/\/www.fiscalia.gov.co\/colombia\/noticias\/el-modelo-tradicional-de-investigacion-frente-a-las-investigaciones-en-contexto\/#breadcrumb\",\"itemListElement\":[{\"@type\":\"ListItem\",\"position\":1,\"name\":\"Home\",\"item\":\"https:\/\/www.fiscalia.gov.co\/colombia\/\"},{\"@type\":\"ListItem\",\"position\":2,\"name\":\"El modelo tradicional de investigaci\u00f3n frente a las investigaciones en contexto\"}]},{\"@type\":\"WebSite\",\"@id\":\"https:\/\/www.fiscalia.gov.co\/colombia\/#website\",\"url\":\"https:\/\/www.fiscalia.gov.co\/colombia\/\",\"name\":\"Fiscal\u00eda General de la Naci\u00f3n\",\"description\":\"P\u00e1gina oficial de la Fiscal\u00eda General de la Naci\u00f3n \u2013 Colombia. Garantizamos el acceso efectivo a la justicia, la verdad y la reparaci\u00f3n de las v\u00edctimas de los delitos.\",\"publisher\":{\"@id\":\"https:\/\/www.fiscalia.gov.co\/colombia\/#organization\"},\"potentialAction\":[{\"@type\":\"SearchAction\",\"target\":{\"@type\":\"EntryPoint\",\"urlTemplate\":\"https:\/\/www.fiscalia.gov.co\/colombia\/?s={search_term_string}\"},\"query-input\":{\"@type\":\"PropertyValueSpecification\",\"valueRequired\":true,\"valueName\":\"search_term_string\"}}],\"inLanguage\":\"es-CO\"},{\"@type\":\"Organization\",\"@id\":\"https:\/\/www.fiscalia.gov.co\/colombia\/#organization\",\"name\":\"Fiscal\u00eda General de la Naci\u00f3n\",\"url\":\"https:\/\/www.fiscalia.gov.co\/colombia\/\",\"logo\":{\"@type\":\"ImageObject\",\"inLanguage\":\"es-CO\",\"@id\":\"https:\/\/www.fiscalia.gov.co\/colombia\/#\/schema\/logo\/image\/\",\"url\":\"https:\/\/www.fiscalia.gov.co\/colombia\/wp-content\/uploads\/LogoHorizontal_1.jpg\",\"contentUrl\":\"https:\/\/www.fiscalia.gov.co\/colombia\/wp-content\/uploads\/LogoHorizontal_1.jpg\",\"width\":300,\"height\":90,\"caption\":\"Fiscal\u00eda General de la Naci\u00f3n\"},\"image\":{\"@id\":\"https:\/\/www.fiscalia.gov.co\/colombia\/#\/schema\/logo\/image\/\"},\"sameAs\":[\"https:\/\/www.facebook.com\/FiscaliaCol\",\"https:\/\/x.com\/FiscaliaCol\",\"https:\/\/www.instagram.com\/fiscaliacol\",\"https:\/\/www.linkedin.com\/company\/fiscalia-general-de-la-naci-n\/\",\"https:\/\/youtube.com\/@fiscaliageneraldelanacion-4668?si=6nN79nyQICPU5iTh\"]},{\"@type\":\"Person\",\"@id\":\"https:\/\/www.fiscalia.gov.co\/colombia\/#\/schema\/person\/3903856a3ce2d54b094c69eb29247895\",\"name\":\"dfgordillo\",\"image\":{\"@type\":\"ImageObject\",\"inLanguage\":\"es-CO\",\"@id\":\"https:\/\/www.fiscalia.gov.co\/colombia\/#\/schema\/person\/image\/\",\"url\":\"https:\/\/secure.gravatar.com\/avatar\/b6356e21c5657c60757fe6fb9493e947?s=96&d=mm&r=g\",\"contentUrl\":\"https:\/\/secure.gravatar.com\/avatar\/b6356e21c5657c60757fe6fb9493e947?s=96&d=mm&r=g\",\"caption\":\"dfgordillo\"},\"sameAs\":[\"dfgordillo\"],\"url\":\"https:\/\/www.fiscalia.gov.co\/colombia\/author\/dfgordillo\/\"}]}<\/script>\n<!-- \/ Yoast SEO plugin. -->","yoast_head_json":{"title":"Fiscal\u00eda General de la Naci\u00f3n","description":"P\u00e1gina oficial de la Fiscal\u00eda General de la Naci\u00f3n \u2013 Colombia. Garantizamos el acceso efectivo a la justicia, la verdad y la reparaci\u00f3n de las v\u00edctimas de los delitos.","robots":{"index":"noindex","follow":"follow"},"og_locale":"es_ES","og_type":"article","og_title":"Fiscal\u00eda General de la Naci\u00f3n","og_description":"P\u00e1gina oficial de la Fiscal\u00eda General de la Naci\u00f3n \u2013 Colombia. Garantizamos el acceso efectivo a la justicia, la verdad y la reparaci\u00f3n de las v\u00edctimas de los delitos.","og_url":"https:\/\/www.fiscalia.gov.co\/colombia\/noticias\/el-modelo-tradicional-de-investigacion-frente-a-las-investigaciones-en-contexto\/","og_site_name":"Fiscal\u00eda General de la Naci\u00f3n","article_publisher":"https:\/\/www.facebook.com\/FiscaliaCol","article_published_time":"2013-12-05T01:15:58+00:00","article_modified_time":"2014-01-09T13:32:04+00:00","author":"dfgordillo","twitter_card":"summary_large_image","twitter_creator":"@FiscaliaCol","twitter_site":"@FiscaliaCol","twitter_misc":{"Escrito por":"dfgordillo","Tiempo de lectura":"3 minutos"},"schema":{"@context":"https:\/\/schema.org","@graph":[{"@type":"Article","@id":"https:\/\/www.fiscalia.gov.co\/colombia\/noticias\/el-modelo-tradicional-de-investigacion-frente-a-las-investigaciones-en-contexto\/#article","isPartOf":{"@id":"https:\/\/www.fiscalia.gov.co\/colombia\/noticias\/el-modelo-tradicional-de-investigacion-frente-a-las-investigaciones-en-contexto\/"},"author":{"name":"dfgordillo","@id":"https:\/\/www.fiscalia.gov.co\/colombia\/#\/schema\/person\/3903856a3ce2d54b094c69eb29247895"},"headline":"El modelo tradicional de investigaci\u00f3n frente a las investigaciones en contexto","datePublished":"2013-12-05T01:15:58+00:00","dateModified":"2014-01-09T13:32:04+00:00","mainEntityOfPage":{"@id":"https:\/\/www.fiscalia.gov.co\/colombia\/noticias\/el-modelo-tradicional-de-investigacion-frente-a-las-investigaciones-en-contexto\/"},"wordCount":575,"publisher":{"@id":"https:\/\/www.fiscalia.gov.co\/colombia\/#organization"},"keywords":["Alejandro Ramelli","Investigaci\u00f3n en contexto","Segundo Foro de An\u00e1lisis del Sistema Penal Oral Acusatorio"],"articleSection":["Noticias"],"inLanguage":"es-CO"},{"@type":"WebPage","@id":"https:\/\/www.fiscalia.gov.co\/colombia\/noticias\/el-modelo-tradicional-de-investigacion-frente-a-las-investigaciones-en-contexto\/","url":"https:\/\/www.fiscalia.gov.co\/colombia\/noticias\/el-modelo-tradicional-de-investigacion-frente-a-las-investigaciones-en-contexto\/","name":"Fiscal\u00eda General de la Naci\u00f3n","isPartOf":{"@id":"https:\/\/www.fiscalia.gov.co\/colombia\/#website"},"datePublished":"2013-12-05T01:15:58+00:00","dateModified":"2014-01-09T13:32:04+00:00","description":"P\u00e1gina oficial de la Fiscal\u00eda General de la Naci\u00f3n \u2013 Colombia. Garantizamos el acceso efectivo a la justicia, la verdad y la reparaci\u00f3n de las v\u00edctimas de los delitos.","breadcrumb":{"@id":"https:\/\/www.fiscalia.gov.co\/colombia\/noticias\/el-modelo-tradicional-de-investigacion-frente-a-las-investigaciones-en-contexto\/#breadcrumb"},"inLanguage":"es-CO","potentialAction":[{"@type":"ReadAction","target":["https:\/\/www.fiscalia.gov.co\/colombia\/noticias\/el-modelo-tradicional-de-investigacion-frente-a-las-investigaciones-en-contexto\/"]}]},{"@type":"BreadcrumbList","@id":"https:\/\/www.fiscalia.gov.co\/colombia\/noticias\/el-modelo-tradicional-de-investigacion-frente-a-las-investigaciones-en-contexto\/#breadcrumb","itemListElement":[{"@type":"ListItem","position":1,"name":"Home","item":"https:\/\/www.fiscalia.gov.co\/colombia\/"},{"@type":"ListItem","position":2,"name":"El modelo tradicional de investigaci\u00f3n frente a las investigaciones en contexto"}]},{"@type":"WebSite","@id":"https:\/\/www.fiscalia.gov.co\/colombia\/#website","url":"https:\/\/www.fiscalia.gov.co\/colombia\/","name":"Fiscal\u00eda General de la Naci\u00f3n","description":"P\u00e1gina oficial de la Fiscal\u00eda General de la Naci\u00f3n \u2013 Colombia. Garantizamos el acceso efectivo a la justicia, la verdad y la reparaci\u00f3n de las v\u00edctimas de los delitos.","publisher":{"@id":"https:\/\/www.fiscalia.gov.co\/colombia\/#organization"},"potentialAction":[{"@type":"SearchAction","target":{"@type":"EntryPoint","urlTemplate":"https:\/\/www.fiscalia.gov.co\/colombia\/?s={search_term_string}"},"query-input":{"@type":"PropertyValueSpecification","valueRequired":true,"valueName":"search_term_string"}}],"inLanguage":"es-CO"},{"@type":"Organization","@id":"https:\/\/www.fiscalia.gov.co\/colombia\/#organization","name":"Fiscal\u00eda General de la Naci\u00f3n","url":"https:\/\/www.fiscalia.gov.co\/colombia\/","logo":{"@type":"ImageObject","inLanguage":"es-CO","@id":"https:\/\/www.fiscalia.gov.co\/colombia\/#\/schema\/logo\/image\/","url":"https:\/\/www.fiscalia.gov.co\/colombia\/wp-content\/uploads\/LogoHorizontal_1.jpg","contentUrl":"https:\/\/www.fiscalia.gov.co\/colombia\/wp-content\/uploads\/LogoHorizontal_1.jpg","width":300,"height":90,"caption":"Fiscal\u00eda General de la Naci\u00f3n"},"image":{"@id":"https:\/\/www.fiscalia.gov.co\/colombia\/#\/schema\/logo\/image\/"},"sameAs":["https:\/\/www.facebook.com\/FiscaliaCol","https:\/\/x.com\/FiscaliaCol","https:\/\/www.instagram.com\/fiscaliacol","https:\/\/www.linkedin.com\/company\/fiscalia-general-de-la-naci-n\/","https:\/\/youtube.com\/@fiscaliageneraldelanacion-4668?si=6nN79nyQICPU5iTh"]},{"@type":"Person","@id":"https:\/\/www.fiscalia.gov.co\/colombia\/#\/schema\/person\/3903856a3ce2d54b094c69eb29247895","name":"dfgordillo","image":{"@type":"ImageObject","inLanguage":"es-CO","@id":"https:\/\/www.fiscalia.gov.co\/colombia\/#\/schema\/person\/image\/","url":"https:\/\/secure.gravatar.com\/avatar\/b6356e21c5657c60757fe6fb9493e947?s=96&d=mm&r=g","contentUrl":"https:\/\/secure.gravatar.com\/avatar\/b6356e21c5657c60757fe6fb9493e947?s=96&d=mm&r=g","caption":"dfgordillo"},"sameAs":["dfgordillo"],"url":"https:\/\/www.fiscalia.gov.co\/colombia\/author\/dfgordillo\/"}]}},"_links":{"self":[{"href":"https:\/\/www.fiscalia.gov.co\/colombia\/wp-json\/wp\/v2\/posts\/42254","targetHints":{"allow":["GET"]}}],"collection":[{"href":"https:\/\/www.fiscalia.gov.co\/colombia\/wp-json\/wp\/v2\/posts"}],"about":[{"href":"https:\/\/www.fiscalia.gov.co\/colombia\/wp-json\/wp\/v2\/types\/post"}],"author":[{"embeddable":true,"href":"https:\/\/www.fiscalia.gov.co\/colombia\/wp-json\/wp\/v2\/users\/143"}],"replies":[{"embeddable":true,"href":"https:\/\/www.fiscalia.gov.co\/colombia\/wp-json\/wp\/v2\/comments?post=42254"}],"version-history":[{"count":4,"href":"https:\/\/www.fiscalia.gov.co\/colombia\/wp-json\/wp\/v2\/posts\/42254\/revisions"}],"predecessor-version":[{"id":42258,"href":"https:\/\/www.fiscalia.gov.co\/colombia\/wp-json\/wp\/v2\/posts\/42254\/revisions\/42258"}],"wp:attachment":[{"href":"https:\/\/www.fiscalia.gov.co\/colombia\/wp-json\/wp\/v2\/media?parent=42254"}],"wp:term":[{"taxonomy":"category","embeddable":true,"href":"https:\/\/www.fiscalia.gov.co\/colombia\/wp-json\/wp\/v2\/categories?post=42254"},{"taxonomy":"post_tag","embeddable":true,"href":"https:\/\/www.fiscalia.gov.co\/colombia\/wp-json\/wp\/v2\/tags?post=42254"}],"curies":[{"name":"wp","href":"https:\/\/api.w.org\/{rel}","templated":true}]}}