{"id":42001,"date":"2013-12-02T15:29:07","date_gmt":"2013-12-02T20:29:07","guid":{"rendered":"http:\/\/www.fiscalia.gov.co\/colombia\/?p=42001"},"modified":"2013-12-02T15:29:07","modified_gmt":"2013-12-02T20:29:07","slug":"delitos-ambientales-generarian-responsabilidad-penal-a-su-autor-y-a-la-autoridad-que-debe-evitarlo","status":"publish","type":"post","link":"https:\/\/www.fiscalia.gov.co\/colombia\/noticias\/delitos-ambientales-generarian-responsabilidad-penal-a-su-autor-y-a-la-autoridad-que-debe-evitarlo\/","title":{"rendered":"Delitos ambientales generar\u00edan responsabilidad penal a su autor y a la autoridad que debe evitarlo"},"content":{"rendered":"<p>Las personas que cometen delitos ambientales no solamente incurren en responsabilidad penal, sino que deben resarcir los da\u00f1os que su conducta ha generado a la comunidad. Igualmente, las autoridades que no act\u00faan a pesar de que est\u00e1n obligadas a hacerlo para evitar los da\u00f1os ambientales tambi\u00e9n incurrir\u00edan en responsabilidad penal.<\/p>\n<p>La afirmaci\u00f3n la hizo el Fiscal General de la Naci\u00f3n, Eduardo Montealegre Lynett, durante la ponencia que present\u00f3 en el foro Reflexi\u00f3n sobre valoraciones de costos ambientales (Conflictos y competencias), que se realiz\u00f3 en El Carmen de Viboral (Antioquia) este dos de diciembre.<\/p>\n<p>El Fiscal General explic\u00f3 que, seg\u00fan el moderno derecho penal, cuando hay delito se tiene en cuenta no solamente la relaci\u00f3n de causalidad entre hecho y consecuencia o \u00e1mbito de causalidad sino que debe analizarse el llamado \u00e1mbito de responsabilidad.<\/p>\n<p>Es decir, en primer t\u00e9rmino hay que mirar si el individuo ha creado lo que se denomina como un riesgo jur\u00eddicamente desaprobado y si existe entre el accionar del sujeto y la conducta referida una relaci\u00f3n de riesgo.<\/p>\n<p>En el caso espec\u00edfico de los derechos ambientales, se define tambi\u00e9n qu\u00e9 persona o entidad est\u00e1 obligada a evitar o prevenir una conducta, sea la autoridad o la persona que realiza la conducta. Es ah\u00ed cuando nos referimos a la teor\u00eda del deber de garante, que trasciende la esfera de la culpa y empieza a abarcar el dolo.<\/p>\n<p>Cuando la sociedad autoriza la generaci\u00f3n de un riesgo a uno de sus miembros (f\u00e1bricas, barcazas de carb\u00f3n o petr\u00f3leo, conducci\u00f3n de veh\u00edculos, explotaci\u00f3n minera etc), surge para esa persona \u00a0una obligaci\u00f3n de evitar o morigerar la consecuencia de este acto. Tambi\u00e9n ocurre lo mismo cuando no hay autorizaci\u00f3n gubernamental\u00a0 para actuar.<\/p>\n<p>En caso de no poder evitar estos peligros, aparecen los deberes de salvamento que buscan revocar el riesgo cuando fracasan las medidas de seguridad, como en el caso de la barcaza de carb\u00f3n o petr\u00f3leo que genera un derrame o la situaci\u00f3n de Chernobyl. \u201cEl deber de salvamento es el deber de revocar el riesgo\u201d, explic\u00f3 Montealegre.<\/p>\n<p>El otro caso es el de las entidades encargadas de controlar la producci\u00f3n de estos riesgos. Se le podr\u00eda imputar el hecho delictivo no solo al tercero que crea el da\u00f1o sino a quienes ten\u00edan la competencia institucional de evitar la realizaci\u00f3n de este delito y no actuaron. \u201cNo basta la causalidad sino entender si el hecho est\u00e1 en el \u00e1mbito de competencia o en el \u00e1mbito de responsabilidad\u201d, dijo Montealegre.<\/p>\n<p>El Fiscal tambi\u00e9n aclar\u00f3 que, por lo menos en derecho penal, no es imputable una conducta cuando afecta un riesgo permitido, es decir, cuando la persona (natural o jur\u00eddica) observa todos los reglamentos que dice la ley, si ha observado la norma t\u00e9cnica de producci\u00f3n y cuando ha tenido en cuenta la <em>lex abilis <\/em>o las leyes de las normas de un arte o profesi\u00f3n.<\/p>\n\n<div class=\"twitter-share\"><a href=\"https:\/\/twitter.com\/intent\/tweet?via=fiscaliacol\" class=\"twitter-share-button\">Tweet<\/a><\/div>\n","protected":false},"excerpt":{"rendered":"<p>Las personas que cometen delitos ambientales no solamente incurren en responsabilidad penal, sino que deben resarcir los da\u00f1os que su conducta ha generado a la comunidad. Igualmente, las autoridades que [&hellip;]<\/p>\n","protected":false},"author":143,"featured_media":0,"comment_status":"closed","ping_status":"open","sticky":false,"template":"","format":"standard","meta":{"tdm_status":"","tdm_grid_status":"","footnotes":""},"categories":[1],"tags":[3059,400,78],"class_list":["post-42001","post","type-post","status-publish","format-standard","category-noticias","tag-delitos-ambientales","tag-eduardo-montealegre-lynett","tag-fiscal-general-de-la-nacion"],"yoast_head":"<!-- This site is optimized with the Yoast SEO plugin v24.3 - https:\/\/yoast.com\/wordpress\/plugins\/seo\/ -->\n<title>Fiscal\u00eda General de la Naci\u00f3n<\/title>\n<meta name=\"description\" content=\"P\u00e1gina oficial de la Fiscal\u00eda General de la Naci\u00f3n \u2013 Colombia. Garantizamos el acceso efectivo a la justicia, la verdad y la reparaci\u00f3n de las v\u00edctimas de los delitos.\" \/>\n<meta name=\"robots\" content=\"noindex, follow\" \/>\n<meta property=\"og:locale\" content=\"es_ES\" \/>\n<meta property=\"og:type\" content=\"article\" \/>\n<meta property=\"og:title\" content=\"Fiscal\u00eda General de la Naci\u00f3n\" \/>\n<meta property=\"og:description\" content=\"P\u00e1gina oficial de la Fiscal\u00eda General de la Naci\u00f3n \u2013 Colombia. Garantizamos el acceso efectivo a la justicia, la verdad y la reparaci\u00f3n de las v\u00edctimas de los delitos.\" \/>\n<meta property=\"og:url\" content=\"https:\/\/www.fiscalia.gov.co\/colombia\/noticias\/delitos-ambientales-generarian-responsabilidad-penal-a-su-autor-y-a-la-autoridad-que-debe-evitarlo\/\" \/>\n<meta property=\"og:site_name\" content=\"Fiscal\u00eda General de la Naci\u00f3n\" \/>\n<meta property=\"article:publisher\" content=\"https:\/\/www.facebook.com\/FiscaliaCol\" \/>\n<meta property=\"article:published_time\" content=\"2013-12-02T20:29:07+00:00\" \/>\n<meta name=\"author\" content=\"dfgordillo\" \/>\n<meta name=\"twitter:card\" content=\"summary_large_image\" \/>\n<meta name=\"twitter:creator\" content=\"@FiscaliaCol\" \/>\n<meta name=\"twitter:site\" content=\"@FiscaliaCol\" \/>\n<meta name=\"twitter:label1\" content=\"Escrito por\" \/>\n\t<meta name=\"twitter:data1\" content=\"dfgordillo\" \/>\n\t<meta name=\"twitter:label2\" content=\"Tiempo de lectura\" \/>\n\t<meta name=\"twitter:data2\" content=\"3 minutos\" \/>\n<script type=\"application\/ld+json\" class=\"yoast-schema-graph\">{\"@context\":\"https:\/\/schema.org\",\"@graph\":[{\"@type\":\"Article\",\"@id\":\"https:\/\/www.fiscalia.gov.co\/colombia\/noticias\/delitos-ambientales-generarian-responsabilidad-penal-a-su-autor-y-a-la-autoridad-que-debe-evitarlo\/#article\",\"isPartOf\":{\"@id\":\"https:\/\/www.fiscalia.gov.co\/colombia\/noticias\/delitos-ambientales-generarian-responsabilidad-penal-a-su-autor-y-a-la-autoridad-que-debe-evitarlo\/\"},\"author\":{\"name\":\"dfgordillo\",\"@id\":\"https:\/\/www.fiscalia.gov.co\/colombia\/#\/schema\/person\/3903856a3ce2d54b094c69eb29247895\"},\"headline\":\"Delitos ambientales generar\u00edan responsabilidad penal a su autor y a la autoridad que debe evitarlo\",\"datePublished\":\"2013-12-02T20:29:07+00:00\",\"dateModified\":\"2013-12-02T20:29:07+00:00\",\"mainEntityOfPage\":{\"@id\":\"https:\/\/www.fiscalia.gov.co\/colombia\/noticias\/delitos-ambientales-generarian-responsabilidad-penal-a-su-autor-y-a-la-autoridad-que-debe-evitarlo\/\"},\"wordCount\":530,\"publisher\":{\"@id\":\"https:\/\/www.fiscalia.gov.co\/colombia\/#organization\"},\"keywords\":[\"Delitos ambientales\",\"Eduardo Montealegre Lynett\",\"Fiscal General de la Naci\u00f3n\"],\"articleSection\":[\"Noticias\"],\"inLanguage\":\"es-CO\"},{\"@type\":\"WebPage\",\"@id\":\"https:\/\/www.fiscalia.gov.co\/colombia\/noticias\/delitos-ambientales-generarian-responsabilidad-penal-a-su-autor-y-a-la-autoridad-que-debe-evitarlo\/\",\"url\":\"https:\/\/www.fiscalia.gov.co\/colombia\/noticias\/delitos-ambientales-generarian-responsabilidad-penal-a-su-autor-y-a-la-autoridad-que-debe-evitarlo\/\",\"name\":\"Fiscal\u00eda General de la Naci\u00f3n\",\"isPartOf\":{\"@id\":\"https:\/\/www.fiscalia.gov.co\/colombia\/#website\"},\"datePublished\":\"2013-12-02T20:29:07+00:00\",\"dateModified\":\"2013-12-02T20:29:07+00:00\",\"description\":\"P\u00e1gina oficial de la Fiscal\u00eda General de la Naci\u00f3n \u2013 Colombia. Garantizamos el acceso efectivo a la justicia, la verdad y la reparaci\u00f3n de las v\u00edctimas de los delitos.\",\"breadcrumb\":{\"@id\":\"https:\/\/www.fiscalia.gov.co\/colombia\/noticias\/delitos-ambientales-generarian-responsabilidad-penal-a-su-autor-y-a-la-autoridad-que-debe-evitarlo\/#breadcrumb\"},\"inLanguage\":\"es-CO\",\"potentialAction\":[{\"@type\":\"ReadAction\",\"target\":[\"https:\/\/www.fiscalia.gov.co\/colombia\/noticias\/delitos-ambientales-generarian-responsabilidad-penal-a-su-autor-y-a-la-autoridad-que-debe-evitarlo\/\"]}]},{\"@type\":\"BreadcrumbList\",\"@id\":\"https:\/\/www.fiscalia.gov.co\/colombia\/noticias\/delitos-ambientales-generarian-responsabilidad-penal-a-su-autor-y-a-la-autoridad-que-debe-evitarlo\/#breadcrumb\",\"itemListElement\":[{\"@type\":\"ListItem\",\"position\":1,\"name\":\"Home\",\"item\":\"https:\/\/www.fiscalia.gov.co\/colombia\/\"},{\"@type\":\"ListItem\",\"position\":2,\"name\":\"Delitos ambientales generar\u00edan responsabilidad penal a su autor y a la autoridad que debe evitarlo\"}]},{\"@type\":\"WebSite\",\"@id\":\"https:\/\/www.fiscalia.gov.co\/colombia\/#website\",\"url\":\"https:\/\/www.fiscalia.gov.co\/colombia\/\",\"name\":\"Fiscal\u00eda General de la Naci\u00f3n\",\"description\":\"P\u00e1gina oficial de la Fiscal\u00eda General de la Naci\u00f3n \u2013 Colombia. Garantizamos el acceso efectivo a la justicia, la verdad y la reparaci\u00f3n de las v\u00edctimas de los delitos.\",\"publisher\":{\"@id\":\"https:\/\/www.fiscalia.gov.co\/colombia\/#organization\"},\"potentialAction\":[{\"@type\":\"SearchAction\",\"target\":{\"@type\":\"EntryPoint\",\"urlTemplate\":\"https:\/\/www.fiscalia.gov.co\/colombia\/?s={search_term_string}\"},\"query-input\":{\"@type\":\"PropertyValueSpecification\",\"valueRequired\":true,\"valueName\":\"search_term_string\"}}],\"inLanguage\":\"es-CO\"},{\"@type\":\"Organization\",\"@id\":\"https:\/\/www.fiscalia.gov.co\/colombia\/#organization\",\"name\":\"Fiscal\u00eda General de la Naci\u00f3n\",\"url\":\"https:\/\/www.fiscalia.gov.co\/colombia\/\",\"logo\":{\"@type\":\"ImageObject\",\"inLanguage\":\"es-CO\",\"@id\":\"https:\/\/www.fiscalia.gov.co\/colombia\/#\/schema\/logo\/image\/\",\"url\":\"https:\/\/www.fiscalia.gov.co\/colombia\/wp-content\/uploads\/LogoHorizontal_1.jpg\",\"contentUrl\":\"https:\/\/www.fiscalia.gov.co\/colombia\/wp-content\/uploads\/LogoHorizontal_1.jpg\",\"width\":300,\"height\":90,\"caption\":\"Fiscal\u00eda General de la Naci\u00f3n\"},\"image\":{\"@id\":\"https:\/\/www.fiscalia.gov.co\/colombia\/#\/schema\/logo\/image\/\"},\"sameAs\":[\"https:\/\/www.facebook.com\/FiscaliaCol\",\"https:\/\/x.com\/FiscaliaCol\",\"https:\/\/www.instagram.com\/fiscaliacol\",\"https:\/\/www.linkedin.com\/company\/fiscalia-general-de-la-naci-n\/\",\"https:\/\/youtube.com\/@fiscaliageneraldelanacion-4668?si=6nN79nyQICPU5iTh\"]},{\"@type\":\"Person\",\"@id\":\"https:\/\/www.fiscalia.gov.co\/colombia\/#\/schema\/person\/3903856a3ce2d54b094c69eb29247895\",\"name\":\"dfgordillo\",\"image\":{\"@type\":\"ImageObject\",\"inLanguage\":\"es-CO\",\"@id\":\"https:\/\/www.fiscalia.gov.co\/colombia\/#\/schema\/person\/image\/\",\"url\":\"https:\/\/secure.gravatar.com\/avatar\/b6356e21c5657c60757fe6fb9493e947?s=96&d=mm&r=g\",\"contentUrl\":\"https:\/\/secure.gravatar.com\/avatar\/b6356e21c5657c60757fe6fb9493e947?s=96&d=mm&r=g\",\"caption\":\"dfgordillo\"},\"sameAs\":[\"dfgordillo\"],\"url\":\"https:\/\/www.fiscalia.gov.co\/colombia\/author\/dfgordillo\/\"}]}<\/script>\n<!-- \/ Yoast SEO plugin. -->","yoast_head_json":{"title":"Fiscal\u00eda General de la Naci\u00f3n","description":"P\u00e1gina oficial de la Fiscal\u00eda General de la Naci\u00f3n \u2013 Colombia. Garantizamos el acceso efectivo a la justicia, la verdad y la reparaci\u00f3n de las v\u00edctimas de los delitos.","robots":{"index":"noindex","follow":"follow"},"og_locale":"es_ES","og_type":"article","og_title":"Fiscal\u00eda General de la Naci\u00f3n","og_description":"P\u00e1gina oficial de la Fiscal\u00eda General de la Naci\u00f3n \u2013 Colombia. Garantizamos el acceso efectivo a la justicia, la verdad y la reparaci\u00f3n de las v\u00edctimas de los delitos.","og_url":"https:\/\/www.fiscalia.gov.co\/colombia\/noticias\/delitos-ambientales-generarian-responsabilidad-penal-a-su-autor-y-a-la-autoridad-que-debe-evitarlo\/","og_site_name":"Fiscal\u00eda General de la Naci\u00f3n","article_publisher":"https:\/\/www.facebook.com\/FiscaliaCol","article_published_time":"2013-12-02T20:29:07+00:00","author":"dfgordillo","twitter_card":"summary_large_image","twitter_creator":"@FiscaliaCol","twitter_site":"@FiscaliaCol","twitter_misc":{"Escrito por":"dfgordillo","Tiempo de lectura":"3 minutos"},"schema":{"@context":"https:\/\/schema.org","@graph":[{"@type":"Article","@id":"https:\/\/www.fiscalia.gov.co\/colombia\/noticias\/delitos-ambientales-generarian-responsabilidad-penal-a-su-autor-y-a-la-autoridad-que-debe-evitarlo\/#article","isPartOf":{"@id":"https:\/\/www.fiscalia.gov.co\/colombia\/noticias\/delitos-ambientales-generarian-responsabilidad-penal-a-su-autor-y-a-la-autoridad-que-debe-evitarlo\/"},"author":{"name":"dfgordillo","@id":"https:\/\/www.fiscalia.gov.co\/colombia\/#\/schema\/person\/3903856a3ce2d54b094c69eb29247895"},"headline":"Delitos ambientales generar\u00edan responsabilidad penal a su autor y a la autoridad que debe evitarlo","datePublished":"2013-12-02T20:29:07+00:00","dateModified":"2013-12-02T20:29:07+00:00","mainEntityOfPage":{"@id":"https:\/\/www.fiscalia.gov.co\/colombia\/noticias\/delitos-ambientales-generarian-responsabilidad-penal-a-su-autor-y-a-la-autoridad-que-debe-evitarlo\/"},"wordCount":530,"publisher":{"@id":"https:\/\/www.fiscalia.gov.co\/colombia\/#organization"},"keywords":["Delitos ambientales","Eduardo Montealegre Lynett","Fiscal General de la Naci\u00f3n"],"articleSection":["Noticias"],"inLanguage":"es-CO"},{"@type":"WebPage","@id":"https:\/\/www.fiscalia.gov.co\/colombia\/noticias\/delitos-ambientales-generarian-responsabilidad-penal-a-su-autor-y-a-la-autoridad-que-debe-evitarlo\/","url":"https:\/\/www.fiscalia.gov.co\/colombia\/noticias\/delitos-ambientales-generarian-responsabilidad-penal-a-su-autor-y-a-la-autoridad-que-debe-evitarlo\/","name":"Fiscal\u00eda General de la Naci\u00f3n","isPartOf":{"@id":"https:\/\/www.fiscalia.gov.co\/colombia\/#website"},"datePublished":"2013-12-02T20:29:07+00:00","dateModified":"2013-12-02T20:29:07+00:00","description":"P\u00e1gina oficial de la Fiscal\u00eda General de la Naci\u00f3n \u2013 Colombia. Garantizamos el acceso efectivo a la justicia, la verdad y la reparaci\u00f3n de las v\u00edctimas de los delitos.","breadcrumb":{"@id":"https:\/\/www.fiscalia.gov.co\/colombia\/noticias\/delitos-ambientales-generarian-responsabilidad-penal-a-su-autor-y-a-la-autoridad-que-debe-evitarlo\/#breadcrumb"},"inLanguage":"es-CO","potentialAction":[{"@type":"ReadAction","target":["https:\/\/www.fiscalia.gov.co\/colombia\/noticias\/delitos-ambientales-generarian-responsabilidad-penal-a-su-autor-y-a-la-autoridad-que-debe-evitarlo\/"]}]},{"@type":"BreadcrumbList","@id":"https:\/\/www.fiscalia.gov.co\/colombia\/noticias\/delitos-ambientales-generarian-responsabilidad-penal-a-su-autor-y-a-la-autoridad-que-debe-evitarlo\/#breadcrumb","itemListElement":[{"@type":"ListItem","position":1,"name":"Home","item":"https:\/\/www.fiscalia.gov.co\/colombia\/"},{"@type":"ListItem","position":2,"name":"Delitos ambientales generar\u00edan responsabilidad penal a su autor y a la autoridad que debe evitarlo"}]},{"@type":"WebSite","@id":"https:\/\/www.fiscalia.gov.co\/colombia\/#website","url":"https:\/\/www.fiscalia.gov.co\/colombia\/","name":"Fiscal\u00eda General de la Naci\u00f3n","description":"P\u00e1gina oficial de la Fiscal\u00eda General de la Naci\u00f3n \u2013 Colombia. Garantizamos el acceso efectivo a la justicia, la verdad y la reparaci\u00f3n de las v\u00edctimas de los delitos.","publisher":{"@id":"https:\/\/www.fiscalia.gov.co\/colombia\/#organization"},"potentialAction":[{"@type":"SearchAction","target":{"@type":"EntryPoint","urlTemplate":"https:\/\/www.fiscalia.gov.co\/colombia\/?s={search_term_string}"},"query-input":{"@type":"PropertyValueSpecification","valueRequired":true,"valueName":"search_term_string"}}],"inLanguage":"es-CO"},{"@type":"Organization","@id":"https:\/\/www.fiscalia.gov.co\/colombia\/#organization","name":"Fiscal\u00eda General de la Naci\u00f3n","url":"https:\/\/www.fiscalia.gov.co\/colombia\/","logo":{"@type":"ImageObject","inLanguage":"es-CO","@id":"https:\/\/www.fiscalia.gov.co\/colombia\/#\/schema\/logo\/image\/","url":"https:\/\/www.fiscalia.gov.co\/colombia\/wp-content\/uploads\/LogoHorizontal_1.jpg","contentUrl":"https:\/\/www.fiscalia.gov.co\/colombia\/wp-content\/uploads\/LogoHorizontal_1.jpg","width":300,"height":90,"caption":"Fiscal\u00eda General de la Naci\u00f3n"},"image":{"@id":"https:\/\/www.fiscalia.gov.co\/colombia\/#\/schema\/logo\/image\/"},"sameAs":["https:\/\/www.facebook.com\/FiscaliaCol","https:\/\/x.com\/FiscaliaCol","https:\/\/www.instagram.com\/fiscaliacol","https:\/\/www.linkedin.com\/company\/fiscalia-general-de-la-naci-n\/","https:\/\/youtube.com\/@fiscaliageneraldelanacion-4668?si=6nN79nyQICPU5iTh"]},{"@type":"Person","@id":"https:\/\/www.fiscalia.gov.co\/colombia\/#\/schema\/person\/3903856a3ce2d54b094c69eb29247895","name":"dfgordillo","image":{"@type":"ImageObject","inLanguage":"es-CO","@id":"https:\/\/www.fiscalia.gov.co\/colombia\/#\/schema\/person\/image\/","url":"https:\/\/secure.gravatar.com\/avatar\/b6356e21c5657c60757fe6fb9493e947?s=96&d=mm&r=g","contentUrl":"https:\/\/secure.gravatar.com\/avatar\/b6356e21c5657c60757fe6fb9493e947?s=96&d=mm&r=g","caption":"dfgordillo"},"sameAs":["dfgordillo"],"url":"https:\/\/www.fiscalia.gov.co\/colombia\/author\/dfgordillo\/"}]}},"_links":{"self":[{"href":"https:\/\/www.fiscalia.gov.co\/colombia\/wp-json\/wp\/v2\/posts\/42001","targetHints":{"allow":["GET"]}}],"collection":[{"href":"https:\/\/www.fiscalia.gov.co\/colombia\/wp-json\/wp\/v2\/posts"}],"about":[{"href":"https:\/\/www.fiscalia.gov.co\/colombia\/wp-json\/wp\/v2\/types\/post"}],"author":[{"embeddable":true,"href":"https:\/\/www.fiscalia.gov.co\/colombia\/wp-json\/wp\/v2\/users\/143"}],"replies":[{"embeddable":true,"href":"https:\/\/www.fiscalia.gov.co\/colombia\/wp-json\/wp\/v2\/comments?post=42001"}],"version-history":[{"count":2,"href":"https:\/\/www.fiscalia.gov.co\/colombia\/wp-json\/wp\/v2\/posts\/42001\/revisions"}],"predecessor-version":[{"id":42004,"href":"https:\/\/www.fiscalia.gov.co\/colombia\/wp-json\/wp\/v2\/posts\/42001\/revisions\/42004"}],"wp:attachment":[{"href":"https:\/\/www.fiscalia.gov.co\/colombia\/wp-json\/wp\/v2\/media?parent=42001"}],"wp:term":[{"taxonomy":"category","embeddable":true,"href":"https:\/\/www.fiscalia.gov.co\/colombia\/wp-json\/wp\/v2\/categories?post=42001"},{"taxonomy":"post_tag","embeddable":true,"href":"https:\/\/www.fiscalia.gov.co\/colombia\/wp-json\/wp\/v2\/tags?post=42001"}],"curies":[{"name":"wp","href":"https:\/\/api.w.org\/{rel}","templated":true}]}}