{"id":41749,"date":"2013-11-26T16:15:57","date_gmt":"2013-11-26T21:15:57","guid":{"rendered":"http:\/\/www.fiscalia.gov.co\/colombia\/?p=41749"},"modified":"2013-11-26T16:16:27","modified_gmt":"2013-11-26T21:16:27","slug":"intensifican-persecucion-a-predios-de-desmovilizados-para-vincularlos-a-restitucion-de-tierra","status":"publish","type":"post","link":"https:\/\/www.fiscalia.gov.co\/colombia\/noticias\/intensifican-persecucion-a-predios-de-desmovilizados-para-vincularlos-a-restitucion-de-tierra\/","title":{"rendered":"Intensifican persecuci\u00f3n a predios de desmovilizados para vincularlos a restituci\u00f3n de tierras"},"content":{"rendered":"<p>Un fuerte incremento en el accionar judicial para perseguir y localizar los bienes y predios de los desmovilizados que hayan sido adquiridos ilegalmente para vincularlos a los procesos de restituci\u00f3n de tierras ha sido puesto en marcha por la Fiscal\u00eda General de la Naci\u00f3n.<\/p>\n<p>Desde 2011, la subunidad de bienes de la Unidad de Justicia y Paz ha decretado la extinci\u00f3n de dominio sobre 126 bienes entregados y ofrecidos por los postulados, radic\u00f3 127 solicitudes de restituci\u00f3n sobre bienes rurales y ha obtenido la restituci\u00f3n de 20 bienes, as\u00ed como la cancelaci\u00f3n de t\u00edtulos obtenidos en forma fraudulenta.<\/p>\n<p>Radic\u00f3 adem\u00e1s 14 solicitudes de medidas cautelares respecto de bienes introducidos en el proceso de justicia y paz ante la Magistratura de Control de Garant\u00edas de\u00a0Justicia y Paz de los Tribunales de\u00a0\u00a0Bucaramanga y Barranquilla, sobre casos de despojo que ser\u00e1n enviados a la Unidad de Restituci\u00f3n de Tierras\u00a0una vez se decrete la medida cautelar sobre los respectivos bienes.<\/p>\n<p>Con el plan de priorizaci\u00f3n para la persecuci\u00f3n de bienes de propiedad de desmovilizados de grupos paramilitares y subversivos postulados a la ley de Justicia y Paz, la Fiscal\u00eda General de la Naci\u00f3n pretende intensificar su tarea de identificaci\u00f3n y documentaci\u00f3n de los bienes ofrecidos por los postulados respecto de los cuales no se ha solicitado medida cautelar y garantizar que los desmovilizados\u00a0ofrezcan los bienes en su poder.<\/p>\n<p>Previo a la creaci\u00f3n de la subunidad en el 2011, se hab\u00eda realizado la restituci\u00f3n directa de\u00a0110 predios en los departamentos de C\u00f3rdoba y Norte de Santander, relacionados con despojos perpetrados por el bloque Catatumbo y Resistencia Tayrona. En la subunidad\u00a0han sido radicadas 14\u00a0 solicitudes de medidas cautelares.<\/p>\n<p>Actualmente se realizan 7 tr\u00e1mites excepcionales de restituci\u00f3n para los casos, en el departamento de Magdalena, de Chivolo (37 predios), San Carlos y la Paz (2 predios), Mendihuaca (2 predios), La Sevillana, Puerto Colombia, Guacamayas (12 predios) y Tulapas (5 predios).<\/p>\n<p>Debido al despojo jur\u00eddico que se present\u00f3 en el municipio de Chivolo, la justicia ordinaria ya ha proferido tres sentencias condenatorias contra funcionarios del entonces Incora seccional Magdalena.<\/p>\n<p>De acuerdo con este plan de acci\u00f3n, las investigaciones estar\u00edan concentradas en contra de los 16 postulados considerados los m\u00e1ximos responsables de grupos alzados en armas como\u00a0Salvatore Mancuso, Diego Fernando Murillo Bejarano, Freddy Rend\u00f3n Herrera, Ram\u00f3n Isaza Arango, Ramiro Vanoy Murillo, Edwar Cobo T\u00e9llez y Hebert Veloza, entre otros.<\/p>\n\n<div class=\"twitter-share\"><a href=\"https:\/\/twitter.com\/intent\/tweet?via=fiscaliacol\" class=\"twitter-share-button\">Tweet<\/a><\/div>\n","protected":false},"excerpt":{"rendered":"<p>Un fuerte incremento en el accionar judicial para perseguir y localizar los bienes y predios de los desmovilizados que hayan sido adquiridos ilegalmente para vincularlos a los procesos de restituci\u00f3n de tierras ha sido puesto en marcha por la Fiscal\u00eda General de la Naci\u00f3n. Desde 2011, la subunidad de bienes de la Unidad de Justicia [&hellip;]<\/p>\n","protected":false},"author":143,"featured_media":0,"comment_status":"closed","ping_status":"open","sticky":false,"template":"","format":"standard","meta":{"tdm_status":"","tdm_grid_status":"","footnotes":""},"categories":[1],"tags":[2493,8],"class_list":{"0":"post-41749","1":"post","2":"type-post","3":"status-publish","4":"format-standard","6":"category-noticias","7":"tag-desmovilizados","8":"tag-justicia-y-paz"},"yoast_head":"<!-- This site is optimized with the Yoast SEO plugin v24.3 - https:\/\/yoast.com\/wordpress\/plugins\/seo\/ -->\n<title>Fiscal\u00eda General de la Naci\u00f3n<\/title>\n<meta name=\"description\" content=\"P\u00e1gina oficial de la Fiscal\u00eda General de la Naci\u00f3n \u2013 Colombia. Garantizamos el acceso efectivo a la justicia, la verdad y la reparaci\u00f3n de las v\u00edctimas de los delitos.\" \/>\n<meta name=\"robots\" content=\"noindex, follow\" \/>\n<meta property=\"og:locale\" content=\"es_ES\" \/>\n<meta property=\"og:type\" content=\"article\" \/>\n<meta property=\"og:title\" content=\"Fiscal\u00eda General de la Naci\u00f3n\" \/>\n<meta property=\"og:description\" content=\"P\u00e1gina oficial de la Fiscal\u00eda General de la Naci\u00f3n \u2013 Colombia. Garantizamos el acceso efectivo a la justicia, la verdad y la reparaci\u00f3n de las v\u00edctimas de los delitos.\" \/>\n<meta property=\"og:url\" content=\"https:\/\/www.fiscalia.gov.co\/colombia\/noticias\/intensifican-persecucion-a-predios-de-desmovilizados-para-vincularlos-a-restitucion-de-tierra\/\" \/>\n<meta property=\"og:site_name\" content=\"Fiscal\u00eda General de la Naci\u00f3n\" \/>\n<meta property=\"article:publisher\" content=\"https:\/\/www.facebook.com\/FiscaliaCol\" \/>\n<meta property=\"article:published_time\" content=\"2013-11-26T21:15:57+00:00\" \/>\n<meta property=\"article:modified_time\" content=\"2013-11-26T21:16:27+00:00\" \/>\n<meta name=\"author\" content=\"dfgordillo\" \/>\n<meta name=\"twitter:card\" content=\"summary_large_image\" \/>\n<meta name=\"twitter:creator\" content=\"@FiscaliaCol\" \/>\n<meta name=\"twitter:site\" content=\"@FiscaliaCol\" \/>\n<meta name=\"twitter:label1\" content=\"Escrito por\" \/>\n\t<meta name=\"twitter:data1\" content=\"dfgordillo\" \/>\n\t<meta name=\"twitter:label2\" content=\"Tiempo de lectura\" \/>\n\t<meta name=\"twitter:data2\" content=\"2 minutos\" \/>\n<script type=\"application\/ld+json\" class=\"yoast-schema-graph\">{\"@context\":\"https:\/\/schema.org\",\"@graph\":[{\"@type\":\"Article\",\"@id\":\"https:\/\/www.fiscalia.gov.co\/colombia\/noticias\/intensifican-persecucion-a-predios-de-desmovilizados-para-vincularlos-a-restitucion-de-tierra\/#article\",\"isPartOf\":{\"@id\":\"https:\/\/www.fiscalia.gov.co\/colombia\/noticias\/intensifican-persecucion-a-predios-de-desmovilizados-para-vincularlos-a-restitucion-de-tierra\/\"},\"author\":{\"name\":\"dfgordillo\",\"@id\":\"https:\/\/www.fiscalia.gov.co\/colombia\/#\/schema\/person\/3903856a3ce2d54b094c69eb29247895\"},\"headline\":\"Intensifican persecuci\u00f3n a predios de desmovilizados para vincularlos a restituci\u00f3n de tierras\",\"datePublished\":\"2013-11-26T21:15:57+00:00\",\"dateModified\":\"2013-11-26T21:16:27+00:00\",\"mainEntityOfPage\":{\"@id\":\"https:\/\/www.fiscalia.gov.co\/colombia\/noticias\/intensifican-persecucion-a-predios-de-desmovilizados-para-vincularlos-a-restitucion-de-tierra\/\"},\"wordCount\":427,\"publisher\":{\"@id\":\"https:\/\/www.fiscalia.gov.co\/colombia\/#organization\"},\"keywords\":[\"Desmovilizados\",\"Justicia y Paz\"],\"articleSection\":[\"Noticias\"],\"inLanguage\":\"es-CO\"},{\"@type\":\"WebPage\",\"@id\":\"https:\/\/www.fiscalia.gov.co\/colombia\/noticias\/intensifican-persecucion-a-predios-de-desmovilizados-para-vincularlos-a-restitucion-de-tierra\/\",\"url\":\"https:\/\/www.fiscalia.gov.co\/colombia\/noticias\/intensifican-persecucion-a-predios-de-desmovilizados-para-vincularlos-a-restitucion-de-tierra\/\",\"name\":\"Fiscal\u00eda General de la Naci\u00f3n\",\"isPartOf\":{\"@id\":\"https:\/\/www.fiscalia.gov.co\/colombia\/#website\"},\"datePublished\":\"2013-11-26T21:15:57+00:00\",\"dateModified\":\"2013-11-26T21:16:27+00:00\",\"description\":\"P\u00e1gina oficial de la Fiscal\u00eda General de la Naci\u00f3n \u2013 Colombia. Garantizamos el acceso efectivo a la justicia, la verdad y la reparaci\u00f3n de las v\u00edctimas de los delitos.\",\"breadcrumb\":{\"@id\":\"https:\/\/www.fiscalia.gov.co\/colombia\/noticias\/intensifican-persecucion-a-predios-de-desmovilizados-para-vincularlos-a-restitucion-de-tierra\/#breadcrumb\"},\"inLanguage\":\"es-CO\",\"potentialAction\":[{\"@type\":\"ReadAction\",\"target\":[\"https:\/\/www.fiscalia.gov.co\/colombia\/noticias\/intensifican-persecucion-a-predios-de-desmovilizados-para-vincularlos-a-restitucion-de-tierra\/\"]}]},{\"@type\":\"BreadcrumbList\",\"@id\":\"https:\/\/www.fiscalia.gov.co\/colombia\/noticias\/intensifican-persecucion-a-predios-de-desmovilizados-para-vincularlos-a-restitucion-de-tierra\/#breadcrumb\",\"itemListElement\":[{\"@type\":\"ListItem\",\"position\":1,\"name\":\"Home\",\"item\":\"https:\/\/www.fiscalia.gov.co\/colombia\/\"},{\"@type\":\"ListItem\",\"position\":2,\"name\":\"Intensifican persecuci\u00f3n a predios de desmovilizados para vincularlos a restituci\u00f3n de tierras\"}]},{\"@type\":\"WebSite\",\"@id\":\"https:\/\/www.fiscalia.gov.co\/colombia\/#website\",\"url\":\"https:\/\/www.fiscalia.gov.co\/colombia\/\",\"name\":\"Fiscal\u00eda General de la Naci\u00f3n\",\"description\":\"P\u00e1gina oficial de la Fiscal\u00eda General de la Naci\u00f3n \u2013 Colombia. Garantizamos el acceso efectivo a la justicia, la verdad y la reparaci\u00f3n de las v\u00edctimas de los delitos.\",\"publisher\":{\"@id\":\"https:\/\/www.fiscalia.gov.co\/colombia\/#organization\"},\"potentialAction\":[{\"@type\":\"SearchAction\",\"target\":{\"@type\":\"EntryPoint\",\"urlTemplate\":\"https:\/\/www.fiscalia.gov.co\/colombia\/?s={search_term_string}\"},\"query-input\":{\"@type\":\"PropertyValueSpecification\",\"valueRequired\":true,\"valueName\":\"search_term_string\"}}],\"inLanguage\":\"es-CO\"},{\"@type\":\"Organization\",\"@id\":\"https:\/\/www.fiscalia.gov.co\/colombia\/#organization\",\"name\":\"Fiscal\u00eda General de la Naci\u00f3n\",\"url\":\"https:\/\/www.fiscalia.gov.co\/colombia\/\",\"logo\":{\"@type\":\"ImageObject\",\"inLanguage\":\"es-CO\",\"@id\":\"https:\/\/www.fiscalia.gov.co\/colombia\/#\/schema\/logo\/image\/\",\"url\":\"https:\/\/www.fiscalia.gov.co\/colombia\/wp-content\/uploads\/LogoHorizontal_1.jpg\",\"contentUrl\":\"https:\/\/www.fiscalia.gov.co\/colombia\/wp-content\/uploads\/LogoHorizontal_1.jpg\",\"width\":300,\"height\":90,\"caption\":\"Fiscal\u00eda General de la Naci\u00f3n\"},\"image\":{\"@id\":\"https:\/\/www.fiscalia.gov.co\/colombia\/#\/schema\/logo\/image\/\"},\"sameAs\":[\"https:\/\/www.facebook.com\/FiscaliaCol\",\"https:\/\/x.com\/FiscaliaCol\",\"https:\/\/www.instagram.com\/fiscaliacol\",\"https:\/\/www.linkedin.com\/company\/fiscalia-general-de-la-naci-n\/\",\"https:\/\/youtube.com\/@fiscaliageneraldelanacion-4668?si=6nN79nyQICPU5iTh\"]},{\"@type\":\"Person\",\"@id\":\"https:\/\/www.fiscalia.gov.co\/colombia\/#\/schema\/person\/3903856a3ce2d54b094c69eb29247895\",\"name\":\"dfgordillo\",\"image\":{\"@type\":\"ImageObject\",\"inLanguage\":\"es-CO\",\"@id\":\"https:\/\/www.fiscalia.gov.co\/colombia\/#\/schema\/person\/image\/\",\"url\":\"https:\/\/secure.gravatar.com\/avatar\/b6356e21c5657c60757fe6fb9493e947?s=96&d=mm&r=g\",\"contentUrl\":\"https:\/\/secure.gravatar.com\/avatar\/b6356e21c5657c60757fe6fb9493e947?s=96&d=mm&r=g\",\"caption\":\"dfgordillo\"},\"sameAs\":[\"dfgordillo\"],\"url\":\"https:\/\/www.fiscalia.gov.co\/colombia\/author\/dfgordillo\/\"}]}<\/script>\n<!-- \/ Yoast SEO plugin. -->","yoast_head_json":{"title":"Fiscal\u00eda General de la Naci\u00f3n","description":"P\u00e1gina oficial de la Fiscal\u00eda General de la Naci\u00f3n \u2013 Colombia. Garantizamos el acceso efectivo a la justicia, la verdad y la reparaci\u00f3n de las v\u00edctimas de los delitos.","robots":{"index":"noindex","follow":"follow"},"og_locale":"es_ES","og_type":"article","og_title":"Fiscal\u00eda General de la Naci\u00f3n","og_description":"P\u00e1gina oficial de la Fiscal\u00eda General de la Naci\u00f3n \u2013 Colombia. Garantizamos el acceso efectivo a la justicia, la verdad y la reparaci\u00f3n de las v\u00edctimas de los delitos.","og_url":"https:\/\/www.fiscalia.gov.co\/colombia\/noticias\/intensifican-persecucion-a-predios-de-desmovilizados-para-vincularlos-a-restitucion-de-tierra\/","og_site_name":"Fiscal\u00eda General de la Naci\u00f3n","article_publisher":"https:\/\/www.facebook.com\/FiscaliaCol","article_published_time":"2013-11-26T21:15:57+00:00","article_modified_time":"2013-11-26T21:16:27+00:00","author":"dfgordillo","twitter_card":"summary_large_image","twitter_creator":"@FiscaliaCol","twitter_site":"@FiscaliaCol","twitter_misc":{"Escrito por":"dfgordillo","Tiempo de lectura":"2 minutos"},"schema":{"@context":"https:\/\/schema.org","@graph":[{"@type":"Article","@id":"https:\/\/www.fiscalia.gov.co\/colombia\/noticias\/intensifican-persecucion-a-predios-de-desmovilizados-para-vincularlos-a-restitucion-de-tierra\/#article","isPartOf":{"@id":"https:\/\/www.fiscalia.gov.co\/colombia\/noticias\/intensifican-persecucion-a-predios-de-desmovilizados-para-vincularlos-a-restitucion-de-tierra\/"},"author":{"name":"dfgordillo","@id":"https:\/\/www.fiscalia.gov.co\/colombia\/#\/schema\/person\/3903856a3ce2d54b094c69eb29247895"},"headline":"Intensifican persecuci\u00f3n a predios de desmovilizados para vincularlos a restituci\u00f3n de tierras","datePublished":"2013-11-26T21:15:57+00:00","dateModified":"2013-11-26T21:16:27+00:00","mainEntityOfPage":{"@id":"https:\/\/www.fiscalia.gov.co\/colombia\/noticias\/intensifican-persecucion-a-predios-de-desmovilizados-para-vincularlos-a-restitucion-de-tierra\/"},"wordCount":427,"publisher":{"@id":"https:\/\/www.fiscalia.gov.co\/colombia\/#organization"},"keywords":["Desmovilizados","Justicia y Paz"],"articleSection":["Noticias"],"inLanguage":"es-CO"},{"@type":"WebPage","@id":"https:\/\/www.fiscalia.gov.co\/colombia\/noticias\/intensifican-persecucion-a-predios-de-desmovilizados-para-vincularlos-a-restitucion-de-tierra\/","url":"https:\/\/www.fiscalia.gov.co\/colombia\/noticias\/intensifican-persecucion-a-predios-de-desmovilizados-para-vincularlos-a-restitucion-de-tierra\/","name":"Fiscal\u00eda General de la Naci\u00f3n","isPartOf":{"@id":"https:\/\/www.fiscalia.gov.co\/colombia\/#website"},"datePublished":"2013-11-26T21:15:57+00:00","dateModified":"2013-11-26T21:16:27+00:00","description":"P\u00e1gina oficial de la Fiscal\u00eda General de la Naci\u00f3n \u2013 Colombia. Garantizamos el acceso efectivo a la justicia, la verdad y la reparaci\u00f3n de las v\u00edctimas de los delitos.","breadcrumb":{"@id":"https:\/\/www.fiscalia.gov.co\/colombia\/noticias\/intensifican-persecucion-a-predios-de-desmovilizados-para-vincularlos-a-restitucion-de-tierra\/#breadcrumb"},"inLanguage":"es-CO","potentialAction":[{"@type":"ReadAction","target":["https:\/\/www.fiscalia.gov.co\/colombia\/noticias\/intensifican-persecucion-a-predios-de-desmovilizados-para-vincularlos-a-restitucion-de-tierra\/"]}]},{"@type":"BreadcrumbList","@id":"https:\/\/www.fiscalia.gov.co\/colombia\/noticias\/intensifican-persecucion-a-predios-de-desmovilizados-para-vincularlos-a-restitucion-de-tierra\/#breadcrumb","itemListElement":[{"@type":"ListItem","position":1,"name":"Home","item":"https:\/\/www.fiscalia.gov.co\/colombia\/"},{"@type":"ListItem","position":2,"name":"Intensifican persecuci\u00f3n a predios de desmovilizados para vincularlos a restituci\u00f3n de tierras"}]},{"@type":"WebSite","@id":"https:\/\/www.fiscalia.gov.co\/colombia\/#website","url":"https:\/\/www.fiscalia.gov.co\/colombia\/","name":"Fiscal\u00eda General de la Naci\u00f3n","description":"P\u00e1gina oficial de la Fiscal\u00eda General de la Naci\u00f3n \u2013 Colombia. Garantizamos el acceso efectivo a la justicia, la verdad y la reparaci\u00f3n de las v\u00edctimas de los delitos.","publisher":{"@id":"https:\/\/www.fiscalia.gov.co\/colombia\/#organization"},"potentialAction":[{"@type":"SearchAction","target":{"@type":"EntryPoint","urlTemplate":"https:\/\/www.fiscalia.gov.co\/colombia\/?s={search_term_string}"},"query-input":{"@type":"PropertyValueSpecification","valueRequired":true,"valueName":"search_term_string"}}],"inLanguage":"es-CO"},{"@type":"Organization","@id":"https:\/\/www.fiscalia.gov.co\/colombia\/#organization","name":"Fiscal\u00eda General de la Naci\u00f3n","url":"https:\/\/www.fiscalia.gov.co\/colombia\/","logo":{"@type":"ImageObject","inLanguage":"es-CO","@id":"https:\/\/www.fiscalia.gov.co\/colombia\/#\/schema\/logo\/image\/","url":"https:\/\/www.fiscalia.gov.co\/colombia\/wp-content\/uploads\/LogoHorizontal_1.jpg","contentUrl":"https:\/\/www.fiscalia.gov.co\/colombia\/wp-content\/uploads\/LogoHorizontal_1.jpg","width":300,"height":90,"caption":"Fiscal\u00eda General de la Naci\u00f3n"},"image":{"@id":"https:\/\/www.fiscalia.gov.co\/colombia\/#\/schema\/logo\/image\/"},"sameAs":["https:\/\/www.facebook.com\/FiscaliaCol","https:\/\/x.com\/FiscaliaCol","https:\/\/www.instagram.com\/fiscaliacol","https:\/\/www.linkedin.com\/company\/fiscalia-general-de-la-naci-n\/","https:\/\/youtube.com\/@fiscaliageneraldelanacion-4668?si=6nN79nyQICPU5iTh"]},{"@type":"Person","@id":"https:\/\/www.fiscalia.gov.co\/colombia\/#\/schema\/person\/3903856a3ce2d54b094c69eb29247895","name":"dfgordillo","image":{"@type":"ImageObject","inLanguage":"es-CO","@id":"https:\/\/www.fiscalia.gov.co\/colombia\/#\/schema\/person\/image\/","url":"https:\/\/secure.gravatar.com\/avatar\/b6356e21c5657c60757fe6fb9493e947?s=96&d=mm&r=g","contentUrl":"https:\/\/secure.gravatar.com\/avatar\/b6356e21c5657c60757fe6fb9493e947?s=96&d=mm&r=g","caption":"dfgordillo"},"sameAs":["dfgordillo"],"url":"https:\/\/www.fiscalia.gov.co\/colombia\/author\/dfgordillo\/"}]}},"_links":{"self":[{"href":"https:\/\/www.fiscalia.gov.co\/colombia\/wp-json\/wp\/v2\/posts\/41749","targetHints":{"allow":["GET"]}}],"collection":[{"href":"https:\/\/www.fiscalia.gov.co\/colombia\/wp-json\/wp\/v2\/posts"}],"about":[{"href":"https:\/\/www.fiscalia.gov.co\/colombia\/wp-json\/wp\/v2\/types\/post"}],"author":[{"embeddable":true,"href":"https:\/\/www.fiscalia.gov.co\/colombia\/wp-json\/wp\/v2\/users\/143"}],"replies":[{"embeddable":true,"href":"https:\/\/www.fiscalia.gov.co\/colombia\/wp-json\/wp\/v2\/comments?post=41749"}],"version-history":[{"count":2,"href":"https:\/\/www.fiscalia.gov.co\/colombia\/wp-json\/wp\/v2\/posts\/41749\/revisions"}],"predecessor-version":[{"id":41751,"href":"https:\/\/www.fiscalia.gov.co\/colombia\/wp-json\/wp\/v2\/posts\/41749\/revisions\/41751"}],"wp:attachment":[{"href":"https:\/\/www.fiscalia.gov.co\/colombia\/wp-json\/wp\/v2\/media?parent=41749"}],"wp:term":[{"taxonomy":"category","embeddable":true,"href":"https:\/\/www.fiscalia.gov.co\/colombia\/wp-json\/wp\/v2\/categories?post=41749"},{"taxonomy":"post_tag","embeddable":true,"href":"https:\/\/www.fiscalia.gov.co\/colombia\/wp-json\/wp\/v2\/tags?post=41749"}],"curies":[{"name":"wp","href":"https:\/\/api.w.org\/{rel}","templated":true}]}}