{"id":41667,"date":"2013-11-25T11:34:20","date_gmt":"2013-11-25T16:34:20","guid":{"rendered":"http:\/\/www.fiscalia.gov.co\/colombia\/?p=41667"},"modified":"2013-12-02T13:26:56","modified_gmt":"2013-12-02T18:26:56","slug":"mas-congresistas-contratistas-concejales-y-exfuncionarios-en-carrusel-de-la-contratacion","status":"publish","type":"post","link":"https:\/\/www.fiscalia.gov.co\/colombia\/noticias\/mas-congresistas-contratistas-concejales-y-exfuncionarios-en-carrusel-de-la-contratacion\/","title":{"rendered":"M\u00e1s congresistas, contratistas, concejales y exfuncionarios en Carrusel de la Contrataci\u00f3n"},"content":{"rendered":"<p>La Fiscal\u00eda General de la Naci\u00f3n envi\u00f3 copias de los procesos para que la Corte Suprema de Justicia inicie investigaciones contra un senador y un\u00a0 exrepresentante a la C\u00e1mara presuntamente vinculados al Carrusel de los Contratos durante la administraci\u00f3n del exalcalde Samuel Moreno.<\/p>\n<p>La determinaci\u00f3n del ente acusador se refiere al senador Efra\u00edn Torrado por un presunto tr\u00e1fico de influencias en su relaci\u00f3n con la directora de Integraci\u00f3n Social del Distrito a trav\u00e9s del contratista Julio G\u00f3mez.<\/p>\n<p>Igualmente, se enviar\u00e1n copias a la Corte para que se investigue al exrepresentante a la C\u00e1mara Germ\u00e1n Olano por presuntamente haber recibido 600 millones de manos del contratista Julio G\u00f3mez del Hospital de Meissen.<\/p>\n<p>Asimismo, inform\u00f3 el Vicefiscal General, Jorge Fernando Perdomo, se citar\u00e1 para audiencia de formulaci\u00f3n de imputaci\u00f3n al concejal de Bogot\u00e1 Wilson Duarte Robayo por el delito de cohecho \u00a0propio porque habr\u00eda recibido dinero de parte del exsecretario de Salud de la capital H\u00e9ctor Zambrano con el fin de que no se hiciesen controles pol\u00edticos en el Concejo al contrato de las ambulancias.<\/p>\n<p>Del mismo modo, Javier Mej\u00eda Bernal, exgerente de la empresa Patria S.A., est\u00e1 citado a audiencia de imputaci\u00f3n de cargos y solicitud de medida de aseguramiento porque habr\u00eda entregado comisiones el a\u00f1o 2010 luego de ser adjudicatario de varios contratos para el mantenimiento de la malla vial de Bogot\u00e1.<\/p>\n<p>Entre los favorecidos por estas comisiones estar\u00edan Hip\u00f3lito Moreno Guti\u00e9rrez, Andr\u00e9s Camacho Casado y Orlando Parada D\u00edaz, asegur\u00f3 Perdomo. A Mej\u00eda le ser\u00e1 imputado cohecho por dar u ofrece en concurso homog\u00e9neo.<\/p>\n<p>Tambi\u00e9n se hicieron varias citaciones para interrogatorio del indiciado a once personas, entre concejales, exconcejales, contratistas y exfuncionarios del distrito.<\/p>\n<p>La lista la encabeza el exconcejal Carlos Romero Jim\u00e9nez, a quien se investiga por el presunto delito de cohecho propio porque habr\u00eda recibido dinero del contratista Julio G\u00f3mez Gonz\u00e1lez por su intervenci\u00f3n en la Secretar\u00eda de Obras P\u00fablicas de Bogot\u00e1.<\/p>\n<p>A Dar\u00edo Fernando Cepeda se le cit\u00f3 para que responda por presunto cohecho propio porque habr\u00eda recibido dinero del contratista Julio G\u00f3mez por temas del hospital San Blas, de Bogot\u00e1.<\/p>\n<p>Juan Eugenio Varela Beltr\u00e1n deber\u00e1 responder por su presunta participaci\u00f3n en las irregularidades en el contrato de ambulancias y porque habr\u00eda recibido dineros de parte del exsecretario de Salud de Bogot\u00e1 H\u00e9ctor Zambrano. Se le investiga por inter\u00e9s indebido en la celebraci\u00f3n de contratos<\/p>\n<p>Mercedes del Carmen R\u00edos, exsecretaria distrital de Integraci\u00f3n Social, responder\u00e1 interrogatorio por inter\u00e9s indebido en la celebraci\u00f3n de contratos y contratos sin el lleno debido de los requisitos, pues al parecer viol\u00f3 el principio de selecci\u00f3n objetiva al entregar contratos a diversas fundaciones.<\/p>\n<p>Por su parte, el exsecretario general de la Alcald\u00eda Yuri Chill\u00e1n Reyes, responder\u00e1 en interrogatorio por inter\u00e9s indebido en la celebraci\u00f3n de contratos en la Empresa de Acueducto y Alcantarillado de Bogot\u00e1 (EAAB).<\/p>\n<p>Adem\u00e1s, Jorge Enrique Pizano, exgerente de la EAAB, deber\u00e1 responder por continuas irregularidades en procesos de contrataci\u00f3n en esa entidad durante la alcald\u00eda de Samuel Moreno. Tambi\u00e9n se citar\u00e1 a Andr\u00e9s Cardona Laverde, contratista, para que responda por los delitos de cohecho por dar u ofrecer e inter\u00e9s indebido en la celebraci\u00f3n de contratos en la EAAB.<\/p>\n<p>A Mauricio Solano S\u00e1nchez, exdirector del Fondo de Vigilancia del Distrito Capital, se le investiga por la presunta comisi\u00f3n de los delitos contrato sin cumplimiento de requisitos legales e inter\u00e9s indebido en la celebraci\u00f3n de contratos durante la alcald\u00eda de Samuel Moreno. Tambi\u00e9n responder\u00e1 en interrogatorio.<\/p>\n<p>Fernando \u00c1lvarez Morales, secretario de Movilidad, responder\u00e1 por contrataci\u00f3n sin el cumplimiento de requisitos legales e inter\u00e9s indebido en la celebraci\u00f3n de contratos, mientras que Carlos Lizcano Ben\u00edtez, exgerente del Hospital de Meissen en Bogot\u00e1, ser\u00e1 interrogado por el presunto peculado en favor de terceros e inter\u00e9s indebido en la celebraci\u00f3n de contratos para la construcci\u00f3n del hospital.<\/p>\n<p>A M\u00edriam Margoth Mart\u00ednez, exdirectora de la Unidad Administrativa Especial de Servicios P\u00fablicos (UAESP), se le investiga por los posibles delitos de contratos sin cumplimientos de los requisitos legales e inter\u00e9s indebido en la celebraci\u00f3n de contratos.<br \/>\n_________________________________________<\/p>\n<p><strong>Declaraciones del Vicefiscal General de la Naci\u00f3n, Jorge Fernando Perdomo Torres\u00a0<\/strong><\/p>\n[audio:http:\/\/www.fiscalia.gov.co\/colombia\/wp-content\/uploads\/20131125.mp3|titles=Declaraciones]\n<p><strong><a title=\"Descargar audio \" href=\"http:\/\/www.fiscalia.gov.co\/colombia\/wp-content\/uploads\/20131125.mp3\" target=\"_blank\">Descargar<\/a><\/strong><\/p>\n<p>Tema: Carrusel de la contrataci\u00f3n en Bogot\u00e1<br \/>\nFecha: 25 de noviembre de 2013<br \/>\nLugar: Auditorio Nivel Central Fiscal\u00eda General de la Naci\u00f3n, Bogot\u00e1.<\/p>\n\n<div class=\"twitter-share\"><a href=\"https:\/\/twitter.com\/intent\/tweet?via=fiscaliacol\" class=\"twitter-share-button\">Tweet<\/a><\/div>\n","protected":false},"excerpt":{"rendered":"<p>La Fiscal\u00eda General de la Naci\u00f3n envi\u00f3 copias de los procesos para que la Corte Suprema de Justicia inicie investigaciones contra un senador y un  exrepresentante a la C\u00e1mara <\/p>\n","protected":false},"author":143,"featured_media":0,"comment_status":"closed","ping_status":"open","sticky":false,"template":"","format":"standard","meta":{"tdm_status":"","tdm_grid_status":"","footnotes":""},"categories":[1],"tags":[5640,23912],"class_list":{"0":"post-41667","1":"post","2":"type-post","3":"status-publish","4":"format-standard","6":"category-noticias","7":"tag-carrusel-de-la-caontratacion","8":"tag-vicefiscal-general-de-la-nacion"},"yoast_head":"<!-- This site is optimized with the Yoast SEO plugin v24.3 - https:\/\/yoast.com\/wordpress\/plugins\/seo\/ -->\n<title>Fiscal\u00eda General de la Naci\u00f3n<\/title>\n<meta name=\"description\" content=\"P\u00e1gina oficial de la Fiscal\u00eda General de la Naci\u00f3n \u2013 Colombia. Garantizamos el acceso efectivo a la justicia, la verdad y la reparaci\u00f3n de las v\u00edctimas de los delitos.\" \/>\n<meta name=\"robots\" content=\"noindex, follow\" \/>\n<meta property=\"og:locale\" content=\"es_ES\" \/>\n<meta property=\"og:type\" content=\"article\" \/>\n<meta property=\"og:title\" content=\"Fiscal\u00eda General de la Naci\u00f3n\" \/>\n<meta property=\"og:description\" content=\"P\u00e1gina oficial de la Fiscal\u00eda General de la Naci\u00f3n \u2013 Colombia. Garantizamos el acceso efectivo a la justicia, la verdad y la reparaci\u00f3n de las v\u00edctimas de los delitos.\" \/>\n<meta property=\"og:url\" content=\"https:\/\/www.fiscalia.gov.co\/colombia\/noticias\/mas-congresistas-contratistas-concejales-y-exfuncionarios-en-carrusel-de-la-contratacion\/\" \/>\n<meta property=\"og:site_name\" content=\"Fiscal\u00eda General de la Naci\u00f3n\" \/>\n<meta property=\"article:publisher\" content=\"https:\/\/www.facebook.com\/FiscaliaCol\" \/>\n<meta property=\"article:published_time\" content=\"2013-11-25T16:34:20+00:00\" \/>\n<meta property=\"article:modified_time\" content=\"2013-12-02T18:26:56+00:00\" \/>\n<meta name=\"author\" content=\"dfgordillo\" \/>\n<meta name=\"twitter:card\" content=\"summary_large_image\" \/>\n<meta name=\"twitter:creator\" content=\"@FiscaliaCol\" \/>\n<meta name=\"twitter:site\" content=\"@FiscaliaCol\" \/>\n<meta name=\"twitter:label1\" content=\"Escrito por\" \/>\n\t<meta name=\"twitter:data1\" content=\"dfgordillo\" \/>\n\t<meta name=\"twitter:label2\" content=\"Tiempo de lectura\" \/>\n\t<meta name=\"twitter:data2\" content=\"4 minutos\" \/>\n<script type=\"application\/ld+json\" class=\"yoast-schema-graph\">{\"@context\":\"https:\/\/schema.org\",\"@graph\":[{\"@type\":\"Article\",\"@id\":\"https:\/\/www.fiscalia.gov.co\/colombia\/noticias\/mas-congresistas-contratistas-concejales-y-exfuncionarios-en-carrusel-de-la-contratacion\/#article\",\"isPartOf\":{\"@id\":\"https:\/\/www.fiscalia.gov.co\/colombia\/noticias\/mas-congresistas-contratistas-concejales-y-exfuncionarios-en-carrusel-de-la-contratacion\/\"},\"author\":{\"name\":\"dfgordillo\",\"@id\":\"https:\/\/www.fiscalia.gov.co\/colombia\/#\/schema\/person\/3903856a3ce2d54b094c69eb29247895\"},\"headline\":\"M\u00e1s congresistas, contratistas, concejales y exfuncionarios en Carrusel de la Contrataci\u00f3n\",\"datePublished\":\"2013-11-25T16:34:20+00:00\",\"dateModified\":\"2013-12-02T18:26:56+00:00\",\"mainEntityOfPage\":{\"@id\":\"https:\/\/www.fiscalia.gov.co\/colombia\/noticias\/mas-congresistas-contratistas-concejales-y-exfuncionarios-en-carrusel-de-la-contratacion\/\"},\"wordCount\":805,\"publisher\":{\"@id\":\"https:\/\/www.fiscalia.gov.co\/colombia\/#organization\"},\"keywords\":[\"Carrusel de la caontrataci\u00f3n\",\"Vicefiscal General de la Naci\u00f3n\"],\"articleSection\":[\"Noticias\"],\"inLanguage\":\"es-CO\"},{\"@type\":\"WebPage\",\"@id\":\"https:\/\/www.fiscalia.gov.co\/colombia\/noticias\/mas-congresistas-contratistas-concejales-y-exfuncionarios-en-carrusel-de-la-contratacion\/\",\"url\":\"https:\/\/www.fiscalia.gov.co\/colombia\/noticias\/mas-congresistas-contratistas-concejales-y-exfuncionarios-en-carrusel-de-la-contratacion\/\",\"name\":\"Fiscal\u00eda General de la Naci\u00f3n\",\"isPartOf\":{\"@id\":\"https:\/\/www.fiscalia.gov.co\/colombia\/#website\"},\"datePublished\":\"2013-11-25T16:34:20+00:00\",\"dateModified\":\"2013-12-02T18:26:56+00:00\",\"description\":\"P\u00e1gina oficial de la Fiscal\u00eda General de la Naci\u00f3n \u2013 Colombia. Garantizamos el acceso efectivo a la justicia, la verdad y la reparaci\u00f3n de las v\u00edctimas de los delitos.\",\"breadcrumb\":{\"@id\":\"https:\/\/www.fiscalia.gov.co\/colombia\/noticias\/mas-congresistas-contratistas-concejales-y-exfuncionarios-en-carrusel-de-la-contratacion\/#breadcrumb\"},\"inLanguage\":\"es-CO\",\"potentialAction\":[{\"@type\":\"ReadAction\",\"target\":[\"https:\/\/www.fiscalia.gov.co\/colombia\/noticias\/mas-congresistas-contratistas-concejales-y-exfuncionarios-en-carrusel-de-la-contratacion\/\"]}]},{\"@type\":\"BreadcrumbList\",\"@id\":\"https:\/\/www.fiscalia.gov.co\/colombia\/noticias\/mas-congresistas-contratistas-concejales-y-exfuncionarios-en-carrusel-de-la-contratacion\/#breadcrumb\",\"itemListElement\":[{\"@type\":\"ListItem\",\"position\":1,\"name\":\"Home\",\"item\":\"https:\/\/www.fiscalia.gov.co\/colombia\/\"},{\"@type\":\"ListItem\",\"position\":2,\"name\":\"M\u00e1s congresistas, contratistas, concejales y exfuncionarios en Carrusel de la Contrataci\u00f3n\"}]},{\"@type\":\"WebSite\",\"@id\":\"https:\/\/www.fiscalia.gov.co\/colombia\/#website\",\"url\":\"https:\/\/www.fiscalia.gov.co\/colombia\/\",\"name\":\"Fiscal\u00eda General de la Naci\u00f3n\",\"description\":\"P\u00e1gina oficial de la Fiscal\u00eda General de la Naci\u00f3n \u2013 Colombia. Garantizamos el acceso efectivo a la justicia, la verdad y la reparaci\u00f3n de las v\u00edctimas de los delitos.\",\"publisher\":{\"@id\":\"https:\/\/www.fiscalia.gov.co\/colombia\/#organization\"},\"potentialAction\":[{\"@type\":\"SearchAction\",\"target\":{\"@type\":\"EntryPoint\",\"urlTemplate\":\"https:\/\/www.fiscalia.gov.co\/colombia\/?s={search_term_string}\"},\"query-input\":{\"@type\":\"PropertyValueSpecification\",\"valueRequired\":true,\"valueName\":\"search_term_string\"}}],\"inLanguage\":\"es-CO\"},{\"@type\":\"Organization\",\"@id\":\"https:\/\/www.fiscalia.gov.co\/colombia\/#organization\",\"name\":\"Fiscal\u00eda General de la Naci\u00f3n\",\"url\":\"https:\/\/www.fiscalia.gov.co\/colombia\/\",\"logo\":{\"@type\":\"ImageObject\",\"inLanguage\":\"es-CO\",\"@id\":\"https:\/\/www.fiscalia.gov.co\/colombia\/#\/schema\/logo\/image\/\",\"url\":\"https:\/\/www.fiscalia.gov.co\/colombia\/wp-content\/uploads\/LogoHorizontal_1.jpg\",\"contentUrl\":\"https:\/\/www.fiscalia.gov.co\/colombia\/wp-content\/uploads\/LogoHorizontal_1.jpg\",\"width\":300,\"height\":90,\"caption\":\"Fiscal\u00eda General de la Naci\u00f3n\"},\"image\":{\"@id\":\"https:\/\/www.fiscalia.gov.co\/colombia\/#\/schema\/logo\/image\/\"},\"sameAs\":[\"https:\/\/www.facebook.com\/FiscaliaCol\",\"https:\/\/x.com\/FiscaliaCol\",\"https:\/\/www.instagram.com\/fiscaliacol\",\"https:\/\/www.linkedin.com\/company\/fiscalia-general-de-la-naci-n\/\",\"https:\/\/youtube.com\/@fiscaliageneraldelanacion-4668?si=6nN79nyQICPU5iTh\"]},{\"@type\":\"Person\",\"@id\":\"https:\/\/www.fiscalia.gov.co\/colombia\/#\/schema\/person\/3903856a3ce2d54b094c69eb29247895\",\"name\":\"dfgordillo\",\"image\":{\"@type\":\"ImageObject\",\"inLanguage\":\"es-CO\",\"@id\":\"https:\/\/www.fiscalia.gov.co\/colombia\/#\/schema\/person\/image\/\",\"url\":\"https:\/\/secure.gravatar.com\/avatar\/b6356e21c5657c60757fe6fb9493e947?s=96&d=mm&r=g\",\"contentUrl\":\"https:\/\/secure.gravatar.com\/avatar\/b6356e21c5657c60757fe6fb9493e947?s=96&d=mm&r=g\",\"caption\":\"dfgordillo\"},\"sameAs\":[\"dfgordillo\"],\"url\":\"https:\/\/www.fiscalia.gov.co\/colombia\/author\/dfgordillo\/\"}]}<\/script>\n<!-- \/ Yoast SEO plugin. -->","yoast_head_json":{"title":"Fiscal\u00eda General de la Naci\u00f3n","description":"P\u00e1gina oficial de la Fiscal\u00eda General de la Naci\u00f3n \u2013 Colombia. Garantizamos el acceso efectivo a la justicia, la verdad y la reparaci\u00f3n de las v\u00edctimas de los delitos.","robots":{"index":"noindex","follow":"follow"},"og_locale":"es_ES","og_type":"article","og_title":"Fiscal\u00eda General de la Naci\u00f3n","og_description":"P\u00e1gina oficial de la Fiscal\u00eda General de la Naci\u00f3n \u2013 Colombia. Garantizamos el acceso efectivo a la justicia, la verdad y la reparaci\u00f3n de las v\u00edctimas de los delitos.","og_url":"https:\/\/www.fiscalia.gov.co\/colombia\/noticias\/mas-congresistas-contratistas-concejales-y-exfuncionarios-en-carrusel-de-la-contratacion\/","og_site_name":"Fiscal\u00eda General de la Naci\u00f3n","article_publisher":"https:\/\/www.facebook.com\/FiscaliaCol","article_published_time":"2013-11-25T16:34:20+00:00","article_modified_time":"2013-12-02T18:26:56+00:00","author":"dfgordillo","twitter_card":"summary_large_image","twitter_creator":"@FiscaliaCol","twitter_site":"@FiscaliaCol","twitter_misc":{"Escrito por":"dfgordillo","Tiempo de lectura":"4 minutos"},"schema":{"@context":"https:\/\/schema.org","@graph":[{"@type":"Article","@id":"https:\/\/www.fiscalia.gov.co\/colombia\/noticias\/mas-congresistas-contratistas-concejales-y-exfuncionarios-en-carrusel-de-la-contratacion\/#article","isPartOf":{"@id":"https:\/\/www.fiscalia.gov.co\/colombia\/noticias\/mas-congresistas-contratistas-concejales-y-exfuncionarios-en-carrusel-de-la-contratacion\/"},"author":{"name":"dfgordillo","@id":"https:\/\/www.fiscalia.gov.co\/colombia\/#\/schema\/person\/3903856a3ce2d54b094c69eb29247895"},"headline":"M\u00e1s congresistas, contratistas, concejales y exfuncionarios en Carrusel de la Contrataci\u00f3n","datePublished":"2013-11-25T16:34:20+00:00","dateModified":"2013-12-02T18:26:56+00:00","mainEntityOfPage":{"@id":"https:\/\/www.fiscalia.gov.co\/colombia\/noticias\/mas-congresistas-contratistas-concejales-y-exfuncionarios-en-carrusel-de-la-contratacion\/"},"wordCount":805,"publisher":{"@id":"https:\/\/www.fiscalia.gov.co\/colombia\/#organization"},"keywords":["Carrusel de la caontrataci\u00f3n","Vicefiscal General de la Naci\u00f3n"],"articleSection":["Noticias"],"inLanguage":"es-CO"},{"@type":"WebPage","@id":"https:\/\/www.fiscalia.gov.co\/colombia\/noticias\/mas-congresistas-contratistas-concejales-y-exfuncionarios-en-carrusel-de-la-contratacion\/","url":"https:\/\/www.fiscalia.gov.co\/colombia\/noticias\/mas-congresistas-contratistas-concejales-y-exfuncionarios-en-carrusel-de-la-contratacion\/","name":"Fiscal\u00eda General de la Naci\u00f3n","isPartOf":{"@id":"https:\/\/www.fiscalia.gov.co\/colombia\/#website"},"datePublished":"2013-11-25T16:34:20+00:00","dateModified":"2013-12-02T18:26:56+00:00","description":"P\u00e1gina oficial de la Fiscal\u00eda General de la Naci\u00f3n \u2013 Colombia. Garantizamos el acceso efectivo a la justicia, la verdad y la reparaci\u00f3n de las v\u00edctimas de los delitos.","breadcrumb":{"@id":"https:\/\/www.fiscalia.gov.co\/colombia\/noticias\/mas-congresistas-contratistas-concejales-y-exfuncionarios-en-carrusel-de-la-contratacion\/#breadcrumb"},"inLanguage":"es-CO","potentialAction":[{"@type":"ReadAction","target":["https:\/\/www.fiscalia.gov.co\/colombia\/noticias\/mas-congresistas-contratistas-concejales-y-exfuncionarios-en-carrusel-de-la-contratacion\/"]}]},{"@type":"BreadcrumbList","@id":"https:\/\/www.fiscalia.gov.co\/colombia\/noticias\/mas-congresistas-contratistas-concejales-y-exfuncionarios-en-carrusel-de-la-contratacion\/#breadcrumb","itemListElement":[{"@type":"ListItem","position":1,"name":"Home","item":"https:\/\/www.fiscalia.gov.co\/colombia\/"},{"@type":"ListItem","position":2,"name":"M\u00e1s congresistas, contratistas, concejales y exfuncionarios en Carrusel de la Contrataci\u00f3n"}]},{"@type":"WebSite","@id":"https:\/\/www.fiscalia.gov.co\/colombia\/#website","url":"https:\/\/www.fiscalia.gov.co\/colombia\/","name":"Fiscal\u00eda General de la Naci\u00f3n","description":"P\u00e1gina oficial de la Fiscal\u00eda General de la Naci\u00f3n \u2013 Colombia. Garantizamos el acceso efectivo a la justicia, la verdad y la reparaci\u00f3n de las v\u00edctimas de los delitos.","publisher":{"@id":"https:\/\/www.fiscalia.gov.co\/colombia\/#organization"},"potentialAction":[{"@type":"SearchAction","target":{"@type":"EntryPoint","urlTemplate":"https:\/\/www.fiscalia.gov.co\/colombia\/?s={search_term_string}"},"query-input":{"@type":"PropertyValueSpecification","valueRequired":true,"valueName":"search_term_string"}}],"inLanguage":"es-CO"},{"@type":"Organization","@id":"https:\/\/www.fiscalia.gov.co\/colombia\/#organization","name":"Fiscal\u00eda General de la Naci\u00f3n","url":"https:\/\/www.fiscalia.gov.co\/colombia\/","logo":{"@type":"ImageObject","inLanguage":"es-CO","@id":"https:\/\/www.fiscalia.gov.co\/colombia\/#\/schema\/logo\/image\/","url":"https:\/\/www.fiscalia.gov.co\/colombia\/wp-content\/uploads\/LogoHorizontal_1.jpg","contentUrl":"https:\/\/www.fiscalia.gov.co\/colombia\/wp-content\/uploads\/LogoHorizontal_1.jpg","width":300,"height":90,"caption":"Fiscal\u00eda General de la Naci\u00f3n"},"image":{"@id":"https:\/\/www.fiscalia.gov.co\/colombia\/#\/schema\/logo\/image\/"},"sameAs":["https:\/\/www.facebook.com\/FiscaliaCol","https:\/\/x.com\/FiscaliaCol","https:\/\/www.instagram.com\/fiscaliacol","https:\/\/www.linkedin.com\/company\/fiscalia-general-de-la-naci-n\/","https:\/\/youtube.com\/@fiscaliageneraldelanacion-4668?si=6nN79nyQICPU5iTh"]},{"@type":"Person","@id":"https:\/\/www.fiscalia.gov.co\/colombia\/#\/schema\/person\/3903856a3ce2d54b094c69eb29247895","name":"dfgordillo","image":{"@type":"ImageObject","inLanguage":"es-CO","@id":"https:\/\/www.fiscalia.gov.co\/colombia\/#\/schema\/person\/image\/","url":"https:\/\/secure.gravatar.com\/avatar\/b6356e21c5657c60757fe6fb9493e947?s=96&d=mm&r=g","contentUrl":"https:\/\/secure.gravatar.com\/avatar\/b6356e21c5657c60757fe6fb9493e947?s=96&d=mm&r=g","caption":"dfgordillo"},"sameAs":["dfgordillo"],"url":"https:\/\/www.fiscalia.gov.co\/colombia\/author\/dfgordillo\/"}]}},"_links":{"self":[{"href":"https:\/\/www.fiscalia.gov.co\/colombia\/wp-json\/wp\/v2\/posts\/41667","targetHints":{"allow":["GET"]}}],"collection":[{"href":"https:\/\/www.fiscalia.gov.co\/colombia\/wp-json\/wp\/v2\/posts"}],"about":[{"href":"https:\/\/www.fiscalia.gov.co\/colombia\/wp-json\/wp\/v2\/types\/post"}],"author":[{"embeddable":true,"href":"https:\/\/www.fiscalia.gov.co\/colombia\/wp-json\/wp\/v2\/users\/143"}],"replies":[{"embeddable":true,"href":"https:\/\/www.fiscalia.gov.co\/colombia\/wp-json\/wp\/v2\/comments?post=41667"}],"version-history":[{"count":8,"href":"https:\/\/www.fiscalia.gov.co\/colombia\/wp-json\/wp\/v2\/posts\/41667\/revisions"}],"predecessor-version":[{"id":41989,"href":"https:\/\/www.fiscalia.gov.co\/colombia\/wp-json\/wp\/v2\/posts\/41667\/revisions\/41989"}],"wp:attachment":[{"href":"https:\/\/www.fiscalia.gov.co\/colombia\/wp-json\/wp\/v2\/media?parent=41667"}],"wp:term":[{"taxonomy":"category","embeddable":true,"href":"https:\/\/www.fiscalia.gov.co\/colombia\/wp-json\/wp\/v2\/categories?post=41667"},{"taxonomy":"post_tag","embeddable":true,"href":"https:\/\/www.fiscalia.gov.co\/colombia\/wp-json\/wp\/v2\/tags?post=41667"}],"curies":[{"name":"wp","href":"https:\/\/api.w.org\/{rel}","templated":true}]}}