{"id":41533,"date":"2013-11-21T09:54:44","date_gmt":"2013-11-21T14:54:44","guid":{"rendered":"http:\/\/www.fiscalia.gov.co\/colombia\/?p=41533"},"modified":"2013-11-21T09:54:44","modified_gmt":"2013-11-21T14:54:44","slug":"70-de-colombia-esta-afectada-por-explotacion-ilegal-de-oro-v-congreso-de-fiscales-ambientales","status":"publish","type":"post","link":"https:\/\/www.fiscalia.gov.co\/colombia\/noticias\/70-de-colombia-esta-afectada-por-explotacion-ilegal-de-oro-v-congreso-de-fiscales-ambientales\/","title":{"rendered":"70% de Colombia est\u00e1 afectada por explotaci\u00f3n ilegal de oro: V Congreso de Fiscales Ambientales"},"content":{"rendered":"<p>La proliferaci\u00f3n del delito ambiental en Latinoam\u00e9rica ha llevado al continente a una crisis. Por ejemplo, en Colombia casi el 70 por ciento de los departamentos est\u00e1 afectado por la explotaci\u00f3n il\u00edcita e inadecuada de oro.<\/p>\n<p>Durante el V Congreso Latinoamericano de Fiscal\u00edas y Ministerios P\u00fablicos y el I Congreso Colombiano de Fiscales Ambientales, que se realizan en el Hotel Tequendama de Bogot\u00e1, los participantes aseguraron que la problem\u00e1tica que se vive en el subcontinente es tan alta que las legislaciones se van fortaleciendo y sin embargo esto no es suficiente para resolver la situaci\u00f3n.<\/p>\n<p>En Colombia, explic\u00f3 Gloria Elsa Arias, jefe de la Unidad Nacional de Fiscal\u00edas de Delitos contra los Recursos Naturales y el Medio Ambiente, de los 32 departamentos en que se haya dividido el pa\u00eds, 22 de ellos est\u00e1n seriamente afectados por problemas medioambientales y jur\u00eddicopenales surgidos de las explotaciones ilegales de miner\u00eda.<\/p>\n<p>Si bien es cierto que en este rubro se destacan las explotaciones ilegales de oro, existen otros materiales que, por la forma como est\u00e1n siendo desarrollados, conllevan grandes problemas ambientales y, en consecuencia, de ah\u00ed surgen conductas tipificadas por el c\u00f3digo penal.<\/p>\n<p>Actualmente en el pa\u00eds, la Fiscal\u00eda adelanta 6000 investigaciones por miner\u00eda ilegal gracias a la aplicaci\u00f3n de la priorizaci\u00f3n de casos, paradigma que se est\u00e1 empleando novedosamente en Colombia para esclarecer los delitos cometidos en el pa\u00eds. Esa situaci\u00f3n ha producido, al lado de los propios delitos ambientales, desplazamientos forzados, homicidios, trabajo infantil y otras conductas il\u00edcitas nacidas de la explotaci\u00f3n de oro.<\/p>\n<p>La raz\u00f3n, dice Arias, es que no hay normas fuertes que permitan atacar el problema, pues \u201cno hay que investigar solo la mina, porque la problem\u00e1tica es social. En ese negocio hay desplazamiento y a los que se quedan en la zona los matan. Hay trabajo infantil y hasta prostituci\u00f3n\u201d.<\/p>\n<p>Pero la problem\u00e1tica atraviesa a todo el continente. Va desde el norte hasta la zona austral de La Patagonia. Precisamente, Blas Mat\u00edas\u00a0 Michienzi, fiscal ambiental de Buenos Aires, dijo que Argentina es uno de los primeros pa\u00edses latinoamericanos con potencial para la explotaci\u00f3n minera, que se ha incrementado desde que se dieron los procesos de descentralizaci\u00f3n y privatizaci\u00f3n de los recursos naturales en los a\u00f1os 90. Esto ha provocado problemas jur\u00eddicos de manejo de los asuntos ambientales.<\/p>\n<p>Anteriormente, la explotaci\u00f3n la realizaban los diferentes estados federales. Por tal motivo y para proteger el potencial de los recursos, en el a\u00f1o 2010 se produjo una ley que busca proteger el medio ambiente argentino. Para el funcionario, de esta manera se dar\u00e1 protecci\u00f3n especial a recursos muy particulares del pa\u00eds como los glaciares.<\/p>\n<p>As\u00ed, la ley permite ahora conocer con precisi\u00f3n en qu\u00e9 estado se encuentran los recursos naturales, con \u00e9nfasis en saber cu\u00e1l es el compromiso que genera la explotaci\u00f3n de los mismos y de este modo las empresas podr\u00e1n sentir de una forma eficiente el control estatal.<\/p>\n<p>En el mismo sentido se pronunci\u00f3 el fiscal del Estado de Minas Gerais, de Brasil, Marcos Paulo de S. Miranda, quien se\u00f1al\u00f3 que en un pa\u00eds de la vastedad de recursos naturales que tiene el gigante suramericano, el \u00e9nfasis se ha dado en la recuperaci\u00f3n de las \u00e1reas que los hombres han impactado por la miner\u00eda.<\/p>\n<p>Han aparecido continuamente planes de recuperaci\u00f3n de las \u00e1reas que han sufrido el impacto de\u00a0 problemas como miner\u00eda ilegal e incluso de explotaciones autorizadas, pues se sabe que cualquier actividad realizada en este campo conlleva consecuencias que se deben evitar.<\/p>\n<p>La problem\u00e1tica de Per\u00fa se acerca mucho m\u00e1s a la de Colombia. All\u00ed, el impacto social es tan grande como el ambiental, de los 220 conflictos detectados que se relacionan en este pa\u00eds con la industria il\u00edcita del oro, 108 corresponden a miner\u00eda ilegal, una industria que en esta naci\u00f3n provee alimentos a las familias de unas cien mil personas dedicadas a ella.<\/p>\n<p>Sin embargo, las autoridades de Per\u00fa, pa\u00eds con 30 millones de habitantes, est\u00e1n facultadas por la legislaci\u00f3n para destruir las m\u00e1quinas que se emplean en la miner\u00eda ilegal. Adem\u00e1s, existe una fuerte fiscalizaci\u00f3n del transporte de los productos qu\u00edmicos que se emplean en las minas, especialmente en las explotaciones aur\u00edferas.<\/p>\n<p>En las investigaciones realizadas por las autoridades judiciales de Per\u00fa, se encontr\u00f3 que hay 145 casos en los cuales los problemas jur\u00eddicos surgidos por la simple explotaci\u00f3n ilegal de oro trascendieron la esfera medioambiental y provocaron grandes traumas sociales que tienen su evidencia en incrementos notables de los \u00edndices de desnutrici\u00f3n en las zonas afectadas, prostituci\u00f3n, intoxicaci\u00f3n de las personas y animales y el uso de mano de obra infantil para labores, no solo de miner\u00eda sino en la aplicaci\u00f3n de otros servicios.<\/p>\n<p>En conclusi\u00f3n, en este panel, se pudo conocer que el delito de la miner\u00eda ilegal es un problema global en Suram\u00e9rica, que adem\u00e1s tiene un impacto social muy grande sobre las poblaciones que habitan las zonas enriquecidas de minerales explotables.<\/p>\n\n<div class=\"twitter-share\"><a href=\"https:\/\/twitter.com\/intent\/tweet?via=fiscaliacol\" class=\"twitter-share-button\">Tweet<\/a><\/div>\n","protected":false},"excerpt":{"rendered":"<p>La proliferaci\u00f3n del delito ambiental en Latinoam\u00e9rica ha llevado al continente a una crisis. Por ejemplo, en Colombia casi el 70 por ciento de los departamentos est\u00e1 afectado por la explotaci\u00f3n il\u00edcita e inadecuada de oro. Durante el V Congreso Latinoamericano de Fiscal\u00edas y Ministerios P\u00fablicos y el I Congreso Colombiano de Fiscales Ambientales, que [&hellip;]<\/p>\n","protected":false},"author":143,"featured_media":0,"comment_status":"closed","ping_status":"open","sticky":false,"template":"","format":"standard","meta":{"_price":"","_stock":"","_tribe_ticket_header":"","_tribe_default_ticket_provider":"","_tribe_ticket_capacity":"0","_ticket_start_date":"","_ticket_end_date":"","_tribe_ticket_show_description":"","_tribe_ticket_show_not_going":false,"_tribe_ticket_use_global_stock":"","_tribe_ticket_global_stock_level":"","_global_stock_mode":"","_global_stock_cap":"","_tribe_rsvp_for_event":"","_tribe_ticket_going_count":"","_tribe_ticket_not_going_count":"","_tribe_tickets_list":"[]","_tribe_ticket_has_attendee_info_fields":false,"tdm_status":"","tdm_grid_status":"","footnotes":""},"categories":[1],"tags":[5594,4663],"class_list":{"0":"post-41533","1":"post","2":"type-post","3":"status-publish","4":"format-standard","6":"category-noticias","7":"tag-congreso-de-fiscales-ambientales","8":"tag-unidad-nacional-de-delitos-contra-el-medio-ambiente-y-los-recursos-naturales"},"yoast_head":"<!-- This site is optimized with the Yoast SEO plugin v24.3 - https:\/\/yoast.com\/wordpress\/plugins\/seo\/ -->\n<title>Fiscal\u00eda General de la Naci\u00f3n<\/title>\n<meta name=\"description\" content=\"P\u00e1gina oficial de la Fiscal\u00eda General de la Naci\u00f3n \u2013 Colombia. Garantizamos el acceso efectivo a la justicia, la verdad y la reparaci\u00f3n de las v\u00edctimas de los delitos.\" \/>\n<meta name=\"robots\" content=\"noindex, follow\" \/>\n<meta property=\"og:locale\" content=\"es_ES\" \/>\n<meta property=\"og:type\" content=\"article\" \/>\n<meta property=\"og:title\" content=\"Fiscal\u00eda General de la Naci\u00f3n\" \/>\n<meta property=\"og:description\" content=\"P\u00e1gina oficial de la Fiscal\u00eda General de la Naci\u00f3n \u2013 Colombia. Garantizamos el acceso efectivo a la justicia, la verdad y la reparaci\u00f3n de las v\u00edctimas de los delitos.\" \/>\n<meta property=\"og:url\" content=\"https:\/\/www.fiscalia.gov.co\/colombia\/noticias\/70-de-colombia-esta-afectada-por-explotacion-ilegal-de-oro-v-congreso-de-fiscales-ambientales\/\" \/>\n<meta property=\"og:site_name\" content=\"Fiscal\u00eda General de la Naci\u00f3n\" \/>\n<meta property=\"article:publisher\" content=\"https:\/\/www.facebook.com\/FiscaliaCol\" \/>\n<meta property=\"article:published_time\" content=\"2013-11-21T14:54:44+00:00\" \/>\n<meta name=\"author\" content=\"dfgordillo\" \/>\n<meta name=\"twitter:card\" content=\"summary_large_image\" \/>\n<meta name=\"twitter:creator\" content=\"@FiscaliaCol\" \/>\n<meta name=\"twitter:site\" content=\"@FiscaliaCol\" \/>\n<meta name=\"twitter:label1\" content=\"Escrito por\" \/>\n\t<meta name=\"twitter:data1\" content=\"dfgordillo\" \/>\n\t<meta name=\"twitter:label2\" content=\"Tiempo de lectura\" \/>\n\t<meta name=\"twitter:data2\" content=\"4 minutos\" \/>\n<script type=\"application\/ld+json\" class=\"yoast-schema-graph\">{\"@context\":\"https:\/\/schema.org\",\"@graph\":[{\"@type\":\"Article\",\"@id\":\"https:\/\/www.fiscalia.gov.co\/colombia\/noticias\/70-de-colombia-esta-afectada-por-explotacion-ilegal-de-oro-v-congreso-de-fiscales-ambientales\/#article\",\"isPartOf\":{\"@id\":\"https:\/\/www.fiscalia.gov.co\/colombia\/noticias\/70-de-colombia-esta-afectada-por-explotacion-ilegal-de-oro-v-congreso-de-fiscales-ambientales\/\"},\"author\":{\"name\":\"dfgordillo\",\"@id\":\"https:\/\/www.fiscalia.gov.co\/colombia\/#\/schema\/person\/3903856a3ce2d54b094c69eb29247895\"},\"headline\":\"70% de Colombia est\u00e1 afectada por explotaci\u00f3n ilegal de oro: V Congreso de Fiscales Ambientales\",\"datePublished\":\"2013-11-21T14:54:44+00:00\",\"dateModified\":\"2013-11-21T14:54:44+00:00\",\"mainEntityOfPage\":{\"@id\":\"https:\/\/www.fiscalia.gov.co\/colombia\/noticias\/70-de-colombia-esta-afectada-por-explotacion-ilegal-de-oro-v-congreso-de-fiscales-ambientales\/\"},\"wordCount\":891,\"publisher\":{\"@id\":\"https:\/\/www.fiscalia.gov.co\/colombia\/#organization\"},\"keywords\":[\"Congreso de Fiscales Ambientales\",\"Unidad Nacional de Delitos contra el Medio Ambiente y los Recursos Naturales\"],\"articleSection\":[\"Noticias\"],\"inLanguage\":\"es-CO\"},{\"@type\":\"WebPage\",\"@id\":\"https:\/\/www.fiscalia.gov.co\/colombia\/noticias\/70-de-colombia-esta-afectada-por-explotacion-ilegal-de-oro-v-congreso-de-fiscales-ambientales\/\",\"url\":\"https:\/\/www.fiscalia.gov.co\/colombia\/noticias\/70-de-colombia-esta-afectada-por-explotacion-ilegal-de-oro-v-congreso-de-fiscales-ambientales\/\",\"name\":\"Fiscal\u00eda General de la Naci\u00f3n\",\"isPartOf\":{\"@id\":\"https:\/\/www.fiscalia.gov.co\/colombia\/#website\"},\"datePublished\":\"2013-11-21T14:54:44+00:00\",\"dateModified\":\"2013-11-21T14:54:44+00:00\",\"description\":\"P\u00e1gina oficial de la Fiscal\u00eda General de la Naci\u00f3n \u2013 Colombia. Garantizamos el acceso efectivo a la justicia, la verdad y la reparaci\u00f3n de las v\u00edctimas de los delitos.\",\"breadcrumb\":{\"@id\":\"https:\/\/www.fiscalia.gov.co\/colombia\/noticias\/70-de-colombia-esta-afectada-por-explotacion-ilegal-de-oro-v-congreso-de-fiscales-ambientales\/#breadcrumb\"},\"inLanguage\":\"es-CO\",\"potentialAction\":[{\"@type\":\"ReadAction\",\"target\":[\"https:\/\/www.fiscalia.gov.co\/colombia\/noticias\/70-de-colombia-esta-afectada-por-explotacion-ilegal-de-oro-v-congreso-de-fiscales-ambientales\/\"]}]},{\"@type\":\"BreadcrumbList\",\"@id\":\"https:\/\/www.fiscalia.gov.co\/colombia\/noticias\/70-de-colombia-esta-afectada-por-explotacion-ilegal-de-oro-v-congreso-de-fiscales-ambientales\/#breadcrumb\",\"itemListElement\":[{\"@type\":\"ListItem\",\"position\":1,\"name\":\"Home\",\"item\":\"https:\/\/www.fiscalia.gov.co\/colombia\/\"},{\"@type\":\"ListItem\",\"position\":2,\"name\":\"70% de Colombia est\u00e1 afectada por explotaci\u00f3n ilegal de oro: V Congreso de Fiscales Ambientales\"}]},{\"@type\":\"WebSite\",\"@id\":\"https:\/\/www.fiscalia.gov.co\/colombia\/#website\",\"url\":\"https:\/\/www.fiscalia.gov.co\/colombia\/\",\"name\":\"Fiscal\u00eda General de la Naci\u00f3n\",\"description\":\"P\u00e1gina oficial de la Fiscal\u00eda General de la Naci\u00f3n \u2013 Colombia. Garantizamos el acceso efectivo a la justicia, la verdad y la reparaci\u00f3n de las v\u00edctimas de los delitos.\",\"publisher\":{\"@id\":\"https:\/\/www.fiscalia.gov.co\/colombia\/#organization\"},\"potentialAction\":[{\"@type\":\"SearchAction\",\"target\":{\"@type\":\"EntryPoint\",\"urlTemplate\":\"https:\/\/www.fiscalia.gov.co\/colombia\/?s={search_term_string}\"},\"query-input\":{\"@type\":\"PropertyValueSpecification\",\"valueRequired\":true,\"valueName\":\"search_term_string\"}}],\"inLanguage\":\"es-CO\"},{\"@type\":\"Organization\",\"@id\":\"https:\/\/www.fiscalia.gov.co\/colombia\/#organization\",\"name\":\"Fiscal\u00eda General de la Naci\u00f3n\",\"url\":\"https:\/\/www.fiscalia.gov.co\/colombia\/\",\"logo\":{\"@type\":\"ImageObject\",\"inLanguage\":\"es-CO\",\"@id\":\"https:\/\/www.fiscalia.gov.co\/colombia\/#\/schema\/logo\/image\/\",\"url\":\"https:\/\/www.fiscalia.gov.co\/colombia\/wp-content\/uploads\/LogoHorizontal_1.jpg\",\"contentUrl\":\"https:\/\/www.fiscalia.gov.co\/colombia\/wp-content\/uploads\/LogoHorizontal_1.jpg\",\"width\":300,\"height\":90,\"caption\":\"Fiscal\u00eda General de la Naci\u00f3n\"},\"image\":{\"@id\":\"https:\/\/www.fiscalia.gov.co\/colombia\/#\/schema\/logo\/image\/\"},\"sameAs\":[\"https:\/\/www.facebook.com\/FiscaliaCol\",\"https:\/\/x.com\/FiscaliaCol\",\"https:\/\/www.instagram.com\/fiscaliacol\",\"https:\/\/www.linkedin.com\/company\/fiscalia-general-de-la-naci-n\/\",\"https:\/\/youtube.com\/@fiscaliageneraldelanacion-4668?si=6nN79nyQICPU5iTh\"]},{\"@type\":\"Person\",\"@id\":\"https:\/\/www.fiscalia.gov.co\/colombia\/#\/schema\/person\/3903856a3ce2d54b094c69eb29247895\",\"name\":\"dfgordillo\",\"image\":{\"@type\":\"ImageObject\",\"inLanguage\":\"es-CO\",\"@id\":\"https:\/\/www.fiscalia.gov.co\/colombia\/#\/schema\/person\/image\/\",\"url\":\"https:\/\/secure.gravatar.com\/avatar\/b6356e21c5657c60757fe6fb9493e947?s=96&d=mm&r=g\",\"contentUrl\":\"https:\/\/secure.gravatar.com\/avatar\/b6356e21c5657c60757fe6fb9493e947?s=96&d=mm&r=g\",\"caption\":\"dfgordillo\"},\"sameAs\":[\"dfgordillo\"],\"url\":\"https:\/\/www.fiscalia.gov.co\/colombia\/author\/dfgordillo\/\"}]}<\/script>\n<!-- \/ Yoast SEO plugin. -->","yoast_head_json":{"title":"Fiscal\u00eda General de la Naci\u00f3n","description":"P\u00e1gina oficial de la Fiscal\u00eda General de la Naci\u00f3n \u2013 Colombia. Garantizamos el acceso efectivo a la justicia, la verdad y la reparaci\u00f3n de las v\u00edctimas de los delitos.","robots":{"index":"noindex","follow":"follow"},"og_locale":"es_ES","og_type":"article","og_title":"Fiscal\u00eda General de la Naci\u00f3n","og_description":"P\u00e1gina oficial de la Fiscal\u00eda General de la Naci\u00f3n \u2013 Colombia. Garantizamos el acceso efectivo a la justicia, la verdad y la reparaci\u00f3n de las v\u00edctimas de los delitos.","og_url":"https:\/\/www.fiscalia.gov.co\/colombia\/noticias\/70-de-colombia-esta-afectada-por-explotacion-ilegal-de-oro-v-congreso-de-fiscales-ambientales\/","og_site_name":"Fiscal\u00eda General de la Naci\u00f3n","article_publisher":"https:\/\/www.facebook.com\/FiscaliaCol","article_published_time":"2013-11-21T14:54:44+00:00","author":"dfgordillo","twitter_card":"summary_large_image","twitter_creator":"@FiscaliaCol","twitter_site":"@FiscaliaCol","twitter_misc":{"Escrito por":"dfgordillo","Tiempo de lectura":"4 minutos"},"schema":{"@context":"https:\/\/schema.org","@graph":[{"@type":"Article","@id":"https:\/\/www.fiscalia.gov.co\/colombia\/noticias\/70-de-colombia-esta-afectada-por-explotacion-ilegal-de-oro-v-congreso-de-fiscales-ambientales\/#article","isPartOf":{"@id":"https:\/\/www.fiscalia.gov.co\/colombia\/noticias\/70-de-colombia-esta-afectada-por-explotacion-ilegal-de-oro-v-congreso-de-fiscales-ambientales\/"},"author":{"name":"dfgordillo","@id":"https:\/\/www.fiscalia.gov.co\/colombia\/#\/schema\/person\/3903856a3ce2d54b094c69eb29247895"},"headline":"70% de Colombia est\u00e1 afectada por explotaci\u00f3n ilegal de oro: V Congreso de Fiscales Ambientales","datePublished":"2013-11-21T14:54:44+00:00","dateModified":"2013-11-21T14:54:44+00:00","mainEntityOfPage":{"@id":"https:\/\/www.fiscalia.gov.co\/colombia\/noticias\/70-de-colombia-esta-afectada-por-explotacion-ilegal-de-oro-v-congreso-de-fiscales-ambientales\/"},"wordCount":891,"publisher":{"@id":"https:\/\/www.fiscalia.gov.co\/colombia\/#organization"},"keywords":["Congreso de Fiscales Ambientales","Unidad Nacional de Delitos contra el Medio Ambiente y los Recursos Naturales"],"articleSection":["Noticias"],"inLanguage":"es-CO"},{"@type":"WebPage","@id":"https:\/\/www.fiscalia.gov.co\/colombia\/noticias\/70-de-colombia-esta-afectada-por-explotacion-ilegal-de-oro-v-congreso-de-fiscales-ambientales\/","url":"https:\/\/www.fiscalia.gov.co\/colombia\/noticias\/70-de-colombia-esta-afectada-por-explotacion-ilegal-de-oro-v-congreso-de-fiscales-ambientales\/","name":"Fiscal\u00eda General de la Naci\u00f3n","isPartOf":{"@id":"https:\/\/www.fiscalia.gov.co\/colombia\/#website"},"datePublished":"2013-11-21T14:54:44+00:00","dateModified":"2013-11-21T14:54:44+00:00","description":"P\u00e1gina oficial de la Fiscal\u00eda General de la Naci\u00f3n \u2013 Colombia. Garantizamos el acceso efectivo a la justicia, la verdad y la reparaci\u00f3n de las v\u00edctimas de los delitos.","breadcrumb":{"@id":"https:\/\/www.fiscalia.gov.co\/colombia\/noticias\/70-de-colombia-esta-afectada-por-explotacion-ilegal-de-oro-v-congreso-de-fiscales-ambientales\/#breadcrumb"},"inLanguage":"es-CO","potentialAction":[{"@type":"ReadAction","target":["https:\/\/www.fiscalia.gov.co\/colombia\/noticias\/70-de-colombia-esta-afectada-por-explotacion-ilegal-de-oro-v-congreso-de-fiscales-ambientales\/"]}]},{"@type":"BreadcrumbList","@id":"https:\/\/www.fiscalia.gov.co\/colombia\/noticias\/70-de-colombia-esta-afectada-por-explotacion-ilegal-de-oro-v-congreso-de-fiscales-ambientales\/#breadcrumb","itemListElement":[{"@type":"ListItem","position":1,"name":"Home","item":"https:\/\/www.fiscalia.gov.co\/colombia\/"},{"@type":"ListItem","position":2,"name":"70% de Colombia est\u00e1 afectada por explotaci\u00f3n ilegal de oro: V Congreso de Fiscales Ambientales"}]},{"@type":"WebSite","@id":"https:\/\/www.fiscalia.gov.co\/colombia\/#website","url":"https:\/\/www.fiscalia.gov.co\/colombia\/","name":"Fiscal\u00eda General de la Naci\u00f3n","description":"P\u00e1gina oficial de la Fiscal\u00eda General de la Naci\u00f3n \u2013 Colombia. Garantizamos el acceso efectivo a la justicia, la verdad y la reparaci\u00f3n de las v\u00edctimas de los delitos.","publisher":{"@id":"https:\/\/www.fiscalia.gov.co\/colombia\/#organization"},"potentialAction":[{"@type":"SearchAction","target":{"@type":"EntryPoint","urlTemplate":"https:\/\/www.fiscalia.gov.co\/colombia\/?s={search_term_string}"},"query-input":{"@type":"PropertyValueSpecification","valueRequired":true,"valueName":"search_term_string"}}],"inLanguage":"es-CO"},{"@type":"Organization","@id":"https:\/\/www.fiscalia.gov.co\/colombia\/#organization","name":"Fiscal\u00eda General de la Naci\u00f3n","url":"https:\/\/www.fiscalia.gov.co\/colombia\/","logo":{"@type":"ImageObject","inLanguage":"es-CO","@id":"https:\/\/www.fiscalia.gov.co\/colombia\/#\/schema\/logo\/image\/","url":"https:\/\/www.fiscalia.gov.co\/colombia\/wp-content\/uploads\/LogoHorizontal_1.jpg","contentUrl":"https:\/\/www.fiscalia.gov.co\/colombia\/wp-content\/uploads\/LogoHorizontal_1.jpg","width":300,"height":90,"caption":"Fiscal\u00eda General de la Naci\u00f3n"},"image":{"@id":"https:\/\/www.fiscalia.gov.co\/colombia\/#\/schema\/logo\/image\/"},"sameAs":["https:\/\/www.facebook.com\/FiscaliaCol","https:\/\/x.com\/FiscaliaCol","https:\/\/www.instagram.com\/fiscaliacol","https:\/\/www.linkedin.com\/company\/fiscalia-general-de-la-naci-n\/","https:\/\/youtube.com\/@fiscaliageneraldelanacion-4668?si=6nN79nyQICPU5iTh"]},{"@type":"Person","@id":"https:\/\/www.fiscalia.gov.co\/colombia\/#\/schema\/person\/3903856a3ce2d54b094c69eb29247895","name":"dfgordillo","image":{"@type":"ImageObject","inLanguage":"es-CO","@id":"https:\/\/www.fiscalia.gov.co\/colombia\/#\/schema\/person\/image\/","url":"https:\/\/secure.gravatar.com\/avatar\/b6356e21c5657c60757fe6fb9493e947?s=96&d=mm&r=g","contentUrl":"https:\/\/secure.gravatar.com\/avatar\/b6356e21c5657c60757fe6fb9493e947?s=96&d=mm&r=g","caption":"dfgordillo"},"sameAs":["dfgordillo"],"url":"https:\/\/www.fiscalia.gov.co\/colombia\/author\/dfgordillo\/"}]}},"_links":{"self":[{"href":"https:\/\/www.fiscalia.gov.co\/colombia\/wp-json\/wp\/v2\/posts\/41533","targetHints":{"allow":["GET"]}}],"collection":[{"href":"https:\/\/www.fiscalia.gov.co\/colombia\/wp-json\/wp\/v2\/posts"}],"about":[{"href":"https:\/\/www.fiscalia.gov.co\/colombia\/wp-json\/wp\/v2\/types\/post"}],"author":[{"embeddable":true,"href":"https:\/\/www.fiscalia.gov.co\/colombia\/wp-json\/wp\/v2\/users\/143"}],"replies":[{"embeddable":true,"href":"https:\/\/www.fiscalia.gov.co\/colombia\/wp-json\/wp\/v2\/comments?post=41533"}],"version-history":[{"count":3,"href":"https:\/\/www.fiscalia.gov.co\/colombia\/wp-json\/wp\/v2\/posts\/41533\/revisions"}],"predecessor-version":[{"id":41537,"href":"https:\/\/www.fiscalia.gov.co\/colombia\/wp-json\/wp\/v2\/posts\/41533\/revisions\/41537"}],"wp:attachment":[{"href":"https:\/\/www.fiscalia.gov.co\/colombia\/wp-json\/wp\/v2\/media?parent=41533"}],"wp:term":[{"taxonomy":"category","embeddable":true,"href":"https:\/\/www.fiscalia.gov.co\/colombia\/wp-json\/wp\/v2\/categories?post=41533"},{"taxonomy":"post_tag","embeddable":true,"href":"https:\/\/www.fiscalia.gov.co\/colombia\/wp-json\/wp\/v2\/tags?post=41533"}],"curies":[{"name":"wp","href":"https:\/\/api.w.org\/{rel}","templated":true}]}}