{"id":41498,"date":"2013-11-20T11:42:30","date_gmt":"2013-11-20T16:42:30","guid":{"rendered":"http:\/\/www.fiscalia.gov.co\/colombia\/?p=41498"},"modified":"2013-12-02T13:27:08","modified_gmt":"2013-12-02T18:27:08","slug":"congreso-latino-de-fiscales-ambientales-la-mineria-ilegal-es-prioridad-para-la-fiscalia-colombiana","status":"publish","type":"post","link":"https:\/\/www.fiscalia.gov.co\/colombia\/noticias\/congreso-latino-de-fiscales-ambientales-la-mineria-ilegal-es-prioridad-para-la-fiscalia-colombiana\/","title":{"rendered":"Congreso Latino de Fiscales Ambientales: la miner\u00eda ilegal es prioridad para la Fiscal\u00eda colombiana"},"content":{"rendered":"<p>La miner\u00eda ilegal es una prioridad de la Fiscal\u00eda General de la Naci\u00f3n, explic\u00f3 la directora nacional de Fiscal\u00edas de Colombia, Elka Venegas, durante la instalaci\u00f3n del V Congreso Latinoamericano de Fiscales y Ministerios P\u00fablicos Ambientales y el Primer Congreso Colombiano de Fiscales Ambientales.<\/p>\n<p>El evento, que se realiza en Bogot\u00e1 con la presencia de los m\u00e1s importantes fiscales y procuradores dedicados a la prevenci\u00f3n del delito ambiental en Am\u00e9rica Latina, tiene como tema central el impacto de la miner\u00eda ilegal en el medio ambiente y la sociedad.<\/p>\n<p>Durante la jornada inaugural, Venegas reiter\u00f3 la gran cantidad de compromisos asumidos por el pa\u00eds a trav\u00e9s de la Constituci\u00f3n Pol\u00edtica para as\u00ed fortalecer los recursos naturales. La Fiscalia General de la Naci\u00f3n se ha preocupado por favorecer el desarrollo sostenible del pa\u00eds y por esa raz\u00f3n, a trav\u00e9s de la resoluci\u00f3n 03438 del 2011, se cre\u00f3 la Unidad Nacional de Fiscal\u00edas de Delitos contra los Recursos Naturales y el Medio Ambiente, asegur\u00f3 la funcionaria.<\/p>\n<p>Adem\u00e1s, \u201cel tema de la miner\u00eda ilegal es prioridad institucional. Se convirti\u00f3 en un delito que entr\u00f3 a hacer parte de la pol\u00edtica de priorizaci\u00f3n de la Fiscalia General de la Naci\u00f3n\u201d, dijo Venegas.<\/p>\n<p>Por su parte, Silvia Capelli, procuradora de Justicia Criminal del Estado de Rio Grande de Sul, de Brasil, explic\u00f3 que la Red Latinoamericana de Ministerios P\u00fablicos Ambientales, conformada por 18 pa\u00edses latinoamericanos, pretende combatir los delitos contra el medio ambiente, entendiendo esas conductas como una serie de problemas comunes que trascienden las fronteras pol\u00edticas y afectan a todos.<\/p>\n<p>Capelli afirm\u00f3 que \u201clos da\u00f1os ambientales no conocen pol\u00edticas administrativas&#8221;, por esa raz\u00f3n es necesario trabajar mancomunadamente, siendo la mejor manera una uni\u00f3n entre los fiscales latinoamericanos dedicados a combatir este problema, porque \u201cel crimen organizado es internacional\u201d.<\/p>\n<p>Asimismo, Gloria Elsa Arias, jefe de la Unidad Nacional de Fiscalias de delitos contra los Recursos Naturales y el Medio Ambiente, invit\u00f3 a todos los asistentes a mirar de manera diferente el tema ambiental porque \u201ccon la protecci\u00f3n de nuestros recursos naturales se ayuda a cuidar el derecho a la vida, ya que esto ayuda al desarrollo sostenible\u201d.<\/p>\n<p>El V Congreso se realiza en Bogot\u00e1 entre el 20 y el 22 de noviembre del 2013 en el Sal\u00f3n Monserrate, del piso 17, del Hotel Crowne Plaza Tequendama.<\/p>\n\n<div class=\"twitter-share\"><a href=\"https:\/\/twitter.com\/intent\/tweet?via=fiscaliacol\" class=\"twitter-share-button\">Tweet<\/a><\/div>\n","protected":false},"excerpt":{"rendered":"<p>La miner\u00eda ilegal es una prioridad de la Fiscal\u00eda General de la Naci\u00f3n, explic\u00f3 la directora nacional de Fiscal\u00edas de Colombia, Elka Venegas<\/p>\n","protected":false},"author":143,"featured_media":0,"comment_status":"closed","ping_status":"open","sticky":false,"template":"","format":"standard","meta":{"_price":"","_stock":"","_tribe_ticket_header":"","_tribe_default_ticket_provider":"","_tribe_ticket_capacity":"0","_ticket_start_date":"","_ticket_end_date":"","_tribe_ticket_show_description":"","_tribe_ticket_show_not_going":false,"_tribe_ticket_use_global_stock":"","_tribe_ticket_global_stock_level":"","_global_stock_mode":"","_global_stock_cap":"","_tribe_rsvp_for_event":"","_tribe_ticket_going_count":"","_tribe_ticket_not_going_count":"","_tribe_tickets_list":"[]","_tribe_ticket_has_attendee_info_fields":false,"tdm_status":"","tdm_grid_status":"","footnotes":""},"categories":[1],"tags":[1147,1365],"class_list":{"0":"post-41498","1":"post","2":"type-post","3":"status-publish","4":"format-standard","6":"category-noticias","7":"tag-medio-ambiente","8":"tag-mineria-ilegal"},"yoast_head":"<!-- This site is optimized with the Yoast SEO plugin v24.3 - https:\/\/yoast.com\/wordpress\/plugins\/seo\/ -->\n<title>Fiscal\u00eda General de la Naci\u00f3n<\/title>\n<meta name=\"description\" content=\"P\u00e1gina oficial de la Fiscal\u00eda General de la Naci\u00f3n \u2013 Colombia. Garantizamos el acceso efectivo a la justicia, la verdad y la reparaci\u00f3n de las v\u00edctimas de los delitos.\" \/>\n<meta name=\"robots\" content=\"noindex, follow\" \/>\n<meta property=\"og:locale\" content=\"es_ES\" \/>\n<meta property=\"og:type\" content=\"article\" \/>\n<meta property=\"og:title\" content=\"Fiscal\u00eda General de la Naci\u00f3n\" \/>\n<meta property=\"og:description\" content=\"P\u00e1gina oficial de la Fiscal\u00eda General de la Naci\u00f3n \u2013 Colombia. Garantizamos el acceso efectivo a la justicia, la verdad y la reparaci\u00f3n de las v\u00edctimas de los delitos.\" \/>\n<meta property=\"og:url\" content=\"https:\/\/www.fiscalia.gov.co\/colombia\/noticias\/congreso-latino-de-fiscales-ambientales-la-mineria-ilegal-es-prioridad-para-la-fiscalia-colombiana\/\" \/>\n<meta property=\"og:site_name\" content=\"Fiscal\u00eda General de la Naci\u00f3n\" \/>\n<meta property=\"article:publisher\" content=\"https:\/\/www.facebook.com\/FiscaliaCol\" \/>\n<meta property=\"article:published_time\" content=\"2013-11-20T16:42:30+00:00\" \/>\n<meta property=\"article:modified_time\" content=\"2013-12-02T18:27:08+00:00\" \/>\n<meta name=\"author\" content=\"dfgordillo\" \/>\n<meta name=\"twitter:card\" content=\"summary_large_image\" \/>\n<meta name=\"twitter:creator\" content=\"@FiscaliaCol\" \/>\n<meta name=\"twitter:site\" content=\"@FiscaliaCol\" \/>\n<meta name=\"twitter:label1\" content=\"Escrito por\" \/>\n\t<meta name=\"twitter:data1\" content=\"dfgordillo\" \/>\n\t<meta name=\"twitter:label2\" content=\"Tiempo de lectura\" \/>\n\t<meta name=\"twitter:data2\" content=\"2 minutos\" \/>\n<script type=\"application\/ld+json\" class=\"yoast-schema-graph\">{\"@context\":\"https:\/\/schema.org\",\"@graph\":[{\"@type\":\"Article\",\"@id\":\"https:\/\/www.fiscalia.gov.co\/colombia\/noticias\/congreso-latino-de-fiscales-ambientales-la-mineria-ilegal-es-prioridad-para-la-fiscalia-colombiana\/#article\",\"isPartOf\":{\"@id\":\"https:\/\/www.fiscalia.gov.co\/colombia\/noticias\/congreso-latino-de-fiscales-ambientales-la-mineria-ilegal-es-prioridad-para-la-fiscalia-colombiana\/\"},\"author\":{\"name\":\"dfgordillo\",\"@id\":\"https:\/\/www.fiscalia.gov.co\/colombia\/#\/schema\/person\/3903856a3ce2d54b094c69eb29247895\"},\"headline\":\"Congreso Latino de Fiscales Ambientales: la miner\u00eda ilegal es prioridad para la Fiscal\u00eda colombiana\",\"datePublished\":\"2013-11-20T16:42:30+00:00\",\"dateModified\":\"2013-12-02T18:27:08+00:00\",\"mainEntityOfPage\":{\"@id\":\"https:\/\/www.fiscalia.gov.co\/colombia\/noticias\/congreso-latino-de-fiscales-ambientales-la-mineria-ilegal-es-prioridad-para-la-fiscalia-colombiana\/\"},\"wordCount\":423,\"publisher\":{\"@id\":\"https:\/\/www.fiscalia.gov.co\/colombia\/#organization\"},\"keywords\":[\"Medio Ambiente\",\"Miner\u00eda ilegal\"],\"articleSection\":[\"Noticias\"],\"inLanguage\":\"es-CO\"},{\"@type\":\"WebPage\",\"@id\":\"https:\/\/www.fiscalia.gov.co\/colombia\/noticias\/congreso-latino-de-fiscales-ambientales-la-mineria-ilegal-es-prioridad-para-la-fiscalia-colombiana\/\",\"url\":\"https:\/\/www.fiscalia.gov.co\/colombia\/noticias\/congreso-latino-de-fiscales-ambientales-la-mineria-ilegal-es-prioridad-para-la-fiscalia-colombiana\/\",\"name\":\"Fiscal\u00eda General de la Naci\u00f3n\",\"isPartOf\":{\"@id\":\"https:\/\/www.fiscalia.gov.co\/colombia\/#website\"},\"datePublished\":\"2013-11-20T16:42:30+00:00\",\"dateModified\":\"2013-12-02T18:27:08+00:00\",\"description\":\"P\u00e1gina oficial de la Fiscal\u00eda General de la Naci\u00f3n \u2013 Colombia. Garantizamos el acceso efectivo a la justicia, la verdad y la reparaci\u00f3n de las v\u00edctimas de los delitos.\",\"breadcrumb\":{\"@id\":\"https:\/\/www.fiscalia.gov.co\/colombia\/noticias\/congreso-latino-de-fiscales-ambientales-la-mineria-ilegal-es-prioridad-para-la-fiscalia-colombiana\/#breadcrumb\"},\"inLanguage\":\"es-CO\",\"potentialAction\":[{\"@type\":\"ReadAction\",\"target\":[\"https:\/\/www.fiscalia.gov.co\/colombia\/noticias\/congreso-latino-de-fiscales-ambientales-la-mineria-ilegal-es-prioridad-para-la-fiscalia-colombiana\/\"]}]},{\"@type\":\"BreadcrumbList\",\"@id\":\"https:\/\/www.fiscalia.gov.co\/colombia\/noticias\/congreso-latino-de-fiscales-ambientales-la-mineria-ilegal-es-prioridad-para-la-fiscalia-colombiana\/#breadcrumb\",\"itemListElement\":[{\"@type\":\"ListItem\",\"position\":1,\"name\":\"Home\",\"item\":\"https:\/\/www.fiscalia.gov.co\/colombia\/\"},{\"@type\":\"ListItem\",\"position\":2,\"name\":\"Congreso Latino de Fiscales Ambientales: la miner\u00eda ilegal es prioridad para la Fiscal\u00eda colombiana\"}]},{\"@type\":\"WebSite\",\"@id\":\"https:\/\/www.fiscalia.gov.co\/colombia\/#website\",\"url\":\"https:\/\/www.fiscalia.gov.co\/colombia\/\",\"name\":\"Fiscal\u00eda General de la Naci\u00f3n\",\"description\":\"P\u00e1gina oficial de la Fiscal\u00eda General de la Naci\u00f3n \u2013 Colombia. Garantizamos el acceso efectivo a la justicia, la verdad y la reparaci\u00f3n de las v\u00edctimas de los delitos.\",\"publisher\":{\"@id\":\"https:\/\/www.fiscalia.gov.co\/colombia\/#organization\"},\"potentialAction\":[{\"@type\":\"SearchAction\",\"target\":{\"@type\":\"EntryPoint\",\"urlTemplate\":\"https:\/\/www.fiscalia.gov.co\/colombia\/?s={search_term_string}\"},\"query-input\":{\"@type\":\"PropertyValueSpecification\",\"valueRequired\":true,\"valueName\":\"search_term_string\"}}],\"inLanguage\":\"es-CO\"},{\"@type\":\"Organization\",\"@id\":\"https:\/\/www.fiscalia.gov.co\/colombia\/#organization\",\"name\":\"Fiscal\u00eda General de la Naci\u00f3n\",\"url\":\"https:\/\/www.fiscalia.gov.co\/colombia\/\",\"logo\":{\"@type\":\"ImageObject\",\"inLanguage\":\"es-CO\",\"@id\":\"https:\/\/www.fiscalia.gov.co\/colombia\/#\/schema\/logo\/image\/\",\"url\":\"https:\/\/www.fiscalia.gov.co\/colombia\/wp-content\/uploads\/LogoHorizontal_1.jpg\",\"contentUrl\":\"https:\/\/www.fiscalia.gov.co\/colombia\/wp-content\/uploads\/LogoHorizontal_1.jpg\",\"width\":300,\"height\":90,\"caption\":\"Fiscal\u00eda General de la Naci\u00f3n\"},\"image\":{\"@id\":\"https:\/\/www.fiscalia.gov.co\/colombia\/#\/schema\/logo\/image\/\"},\"sameAs\":[\"https:\/\/www.facebook.com\/FiscaliaCol\",\"https:\/\/x.com\/FiscaliaCol\",\"https:\/\/www.instagram.com\/fiscaliacol\",\"https:\/\/www.linkedin.com\/company\/fiscalia-general-de-la-naci-n\/\",\"https:\/\/youtube.com\/@fiscaliageneraldelanacion-4668?si=6nN79nyQICPU5iTh\"]},{\"@type\":\"Person\",\"@id\":\"https:\/\/www.fiscalia.gov.co\/colombia\/#\/schema\/person\/3903856a3ce2d54b094c69eb29247895\",\"name\":\"dfgordillo\",\"image\":{\"@type\":\"ImageObject\",\"inLanguage\":\"es-CO\",\"@id\":\"https:\/\/www.fiscalia.gov.co\/colombia\/#\/schema\/person\/image\/\",\"url\":\"https:\/\/secure.gravatar.com\/avatar\/b6356e21c5657c60757fe6fb9493e947?s=96&d=mm&r=g\",\"contentUrl\":\"https:\/\/secure.gravatar.com\/avatar\/b6356e21c5657c60757fe6fb9493e947?s=96&d=mm&r=g\",\"caption\":\"dfgordillo\"},\"sameAs\":[\"dfgordillo\"],\"url\":\"https:\/\/www.fiscalia.gov.co\/colombia\/author\/dfgordillo\/\"}]}<\/script>\n<!-- \/ Yoast SEO plugin. -->","yoast_head_json":{"title":"Fiscal\u00eda General de la Naci\u00f3n","description":"P\u00e1gina oficial de la Fiscal\u00eda General de la Naci\u00f3n \u2013 Colombia. Garantizamos el acceso efectivo a la justicia, la verdad y la reparaci\u00f3n de las v\u00edctimas de los delitos.","robots":{"index":"noindex","follow":"follow"},"og_locale":"es_ES","og_type":"article","og_title":"Fiscal\u00eda General de la Naci\u00f3n","og_description":"P\u00e1gina oficial de la Fiscal\u00eda General de la Naci\u00f3n \u2013 Colombia. Garantizamos el acceso efectivo a la justicia, la verdad y la reparaci\u00f3n de las v\u00edctimas de los delitos.","og_url":"https:\/\/www.fiscalia.gov.co\/colombia\/noticias\/congreso-latino-de-fiscales-ambientales-la-mineria-ilegal-es-prioridad-para-la-fiscalia-colombiana\/","og_site_name":"Fiscal\u00eda General de la Naci\u00f3n","article_publisher":"https:\/\/www.facebook.com\/FiscaliaCol","article_published_time":"2013-11-20T16:42:30+00:00","article_modified_time":"2013-12-02T18:27:08+00:00","author":"dfgordillo","twitter_card":"summary_large_image","twitter_creator":"@FiscaliaCol","twitter_site":"@FiscaliaCol","twitter_misc":{"Escrito por":"dfgordillo","Tiempo de lectura":"2 minutos"},"schema":{"@context":"https:\/\/schema.org","@graph":[{"@type":"Article","@id":"https:\/\/www.fiscalia.gov.co\/colombia\/noticias\/congreso-latino-de-fiscales-ambientales-la-mineria-ilegal-es-prioridad-para-la-fiscalia-colombiana\/#article","isPartOf":{"@id":"https:\/\/www.fiscalia.gov.co\/colombia\/noticias\/congreso-latino-de-fiscales-ambientales-la-mineria-ilegal-es-prioridad-para-la-fiscalia-colombiana\/"},"author":{"name":"dfgordillo","@id":"https:\/\/www.fiscalia.gov.co\/colombia\/#\/schema\/person\/3903856a3ce2d54b094c69eb29247895"},"headline":"Congreso Latino de Fiscales Ambientales: la miner\u00eda ilegal es prioridad para la Fiscal\u00eda colombiana","datePublished":"2013-11-20T16:42:30+00:00","dateModified":"2013-12-02T18:27:08+00:00","mainEntityOfPage":{"@id":"https:\/\/www.fiscalia.gov.co\/colombia\/noticias\/congreso-latino-de-fiscales-ambientales-la-mineria-ilegal-es-prioridad-para-la-fiscalia-colombiana\/"},"wordCount":423,"publisher":{"@id":"https:\/\/www.fiscalia.gov.co\/colombia\/#organization"},"keywords":["Medio Ambiente","Miner\u00eda ilegal"],"articleSection":["Noticias"],"inLanguage":"es-CO"},{"@type":"WebPage","@id":"https:\/\/www.fiscalia.gov.co\/colombia\/noticias\/congreso-latino-de-fiscales-ambientales-la-mineria-ilegal-es-prioridad-para-la-fiscalia-colombiana\/","url":"https:\/\/www.fiscalia.gov.co\/colombia\/noticias\/congreso-latino-de-fiscales-ambientales-la-mineria-ilegal-es-prioridad-para-la-fiscalia-colombiana\/","name":"Fiscal\u00eda General de la Naci\u00f3n","isPartOf":{"@id":"https:\/\/www.fiscalia.gov.co\/colombia\/#website"},"datePublished":"2013-11-20T16:42:30+00:00","dateModified":"2013-12-02T18:27:08+00:00","description":"P\u00e1gina oficial de la Fiscal\u00eda General de la Naci\u00f3n \u2013 Colombia. Garantizamos el acceso efectivo a la justicia, la verdad y la reparaci\u00f3n de las v\u00edctimas de los delitos.","breadcrumb":{"@id":"https:\/\/www.fiscalia.gov.co\/colombia\/noticias\/congreso-latino-de-fiscales-ambientales-la-mineria-ilegal-es-prioridad-para-la-fiscalia-colombiana\/#breadcrumb"},"inLanguage":"es-CO","potentialAction":[{"@type":"ReadAction","target":["https:\/\/www.fiscalia.gov.co\/colombia\/noticias\/congreso-latino-de-fiscales-ambientales-la-mineria-ilegal-es-prioridad-para-la-fiscalia-colombiana\/"]}]},{"@type":"BreadcrumbList","@id":"https:\/\/www.fiscalia.gov.co\/colombia\/noticias\/congreso-latino-de-fiscales-ambientales-la-mineria-ilegal-es-prioridad-para-la-fiscalia-colombiana\/#breadcrumb","itemListElement":[{"@type":"ListItem","position":1,"name":"Home","item":"https:\/\/www.fiscalia.gov.co\/colombia\/"},{"@type":"ListItem","position":2,"name":"Congreso Latino de Fiscales Ambientales: la miner\u00eda ilegal es prioridad para la Fiscal\u00eda colombiana"}]},{"@type":"WebSite","@id":"https:\/\/www.fiscalia.gov.co\/colombia\/#website","url":"https:\/\/www.fiscalia.gov.co\/colombia\/","name":"Fiscal\u00eda General de la Naci\u00f3n","description":"P\u00e1gina oficial de la Fiscal\u00eda General de la Naci\u00f3n \u2013 Colombia. Garantizamos el acceso efectivo a la justicia, la verdad y la reparaci\u00f3n de las v\u00edctimas de los delitos.","publisher":{"@id":"https:\/\/www.fiscalia.gov.co\/colombia\/#organization"},"potentialAction":[{"@type":"SearchAction","target":{"@type":"EntryPoint","urlTemplate":"https:\/\/www.fiscalia.gov.co\/colombia\/?s={search_term_string}"},"query-input":{"@type":"PropertyValueSpecification","valueRequired":true,"valueName":"search_term_string"}}],"inLanguage":"es-CO"},{"@type":"Organization","@id":"https:\/\/www.fiscalia.gov.co\/colombia\/#organization","name":"Fiscal\u00eda General de la Naci\u00f3n","url":"https:\/\/www.fiscalia.gov.co\/colombia\/","logo":{"@type":"ImageObject","inLanguage":"es-CO","@id":"https:\/\/www.fiscalia.gov.co\/colombia\/#\/schema\/logo\/image\/","url":"https:\/\/www.fiscalia.gov.co\/colombia\/wp-content\/uploads\/LogoHorizontal_1.jpg","contentUrl":"https:\/\/www.fiscalia.gov.co\/colombia\/wp-content\/uploads\/LogoHorizontal_1.jpg","width":300,"height":90,"caption":"Fiscal\u00eda General de la Naci\u00f3n"},"image":{"@id":"https:\/\/www.fiscalia.gov.co\/colombia\/#\/schema\/logo\/image\/"},"sameAs":["https:\/\/www.facebook.com\/FiscaliaCol","https:\/\/x.com\/FiscaliaCol","https:\/\/www.instagram.com\/fiscaliacol","https:\/\/www.linkedin.com\/company\/fiscalia-general-de-la-naci-n\/","https:\/\/youtube.com\/@fiscaliageneraldelanacion-4668?si=6nN79nyQICPU5iTh"]},{"@type":"Person","@id":"https:\/\/www.fiscalia.gov.co\/colombia\/#\/schema\/person\/3903856a3ce2d54b094c69eb29247895","name":"dfgordillo","image":{"@type":"ImageObject","inLanguage":"es-CO","@id":"https:\/\/www.fiscalia.gov.co\/colombia\/#\/schema\/person\/image\/","url":"https:\/\/secure.gravatar.com\/avatar\/b6356e21c5657c60757fe6fb9493e947?s=96&d=mm&r=g","contentUrl":"https:\/\/secure.gravatar.com\/avatar\/b6356e21c5657c60757fe6fb9493e947?s=96&d=mm&r=g","caption":"dfgordillo"},"sameAs":["dfgordillo"],"url":"https:\/\/www.fiscalia.gov.co\/colombia\/author\/dfgordillo\/"}]}},"_links":{"self":[{"href":"https:\/\/www.fiscalia.gov.co\/colombia\/wp-json\/wp\/v2\/posts\/41498","targetHints":{"allow":["GET"]}}],"collection":[{"href":"https:\/\/www.fiscalia.gov.co\/colombia\/wp-json\/wp\/v2\/posts"}],"about":[{"href":"https:\/\/www.fiscalia.gov.co\/colombia\/wp-json\/wp\/v2\/types\/post"}],"author":[{"embeddable":true,"href":"https:\/\/www.fiscalia.gov.co\/colombia\/wp-json\/wp\/v2\/users\/143"}],"replies":[{"embeddable":true,"href":"https:\/\/www.fiscalia.gov.co\/colombia\/wp-json\/wp\/v2\/comments?post=41498"}],"version-history":[{"count":3,"href":"https:\/\/www.fiscalia.gov.co\/colombia\/wp-json\/wp\/v2\/posts\/41498\/revisions"}],"predecessor-version":[{"id":41991,"href":"https:\/\/www.fiscalia.gov.co\/colombia\/wp-json\/wp\/v2\/posts\/41498\/revisions\/41991"}],"wp:attachment":[{"href":"https:\/\/www.fiscalia.gov.co\/colombia\/wp-json\/wp\/v2\/media?parent=41498"}],"wp:term":[{"taxonomy":"category","embeddable":true,"href":"https:\/\/www.fiscalia.gov.co\/colombia\/wp-json\/wp\/v2\/categories?post=41498"},{"taxonomy":"post_tag","embeddable":true,"href":"https:\/\/www.fiscalia.gov.co\/colombia\/wp-json\/wp\/v2\/tags?post=41498"}],"curies":[{"name":"wp","href":"https:\/\/api.w.org\/{rel}","templated":true}]}}