{"id":41326,"date":"2013-11-18T10:01:00","date_gmt":"2013-11-18T15:01:00","guid":{"rendered":"http:\/\/www.fiscalia.gov.co\/colombia\/?p=41326"},"modified":"2013-11-18T10:01:00","modified_gmt":"2013-11-18T15:01:00","slug":"asegurado-por-torturar-a-su-victima-durante-5-anos","status":"publish","type":"post","link":"https:\/\/www.fiscalia.gov.co\/colombia\/noticias\/asegurado-por-torturar-a-su-victima-durante-5-anos\/","title":{"rendered":"Asegurado por torturar a su v\u00edctima durante 5 a\u00f1os"},"content":{"rendered":"<p>Una jueza\u00a0\u00a0penal municipal de Bogot\u00e1, con funci\u00f3n de control de garant\u00edas, cobij\u00f3 con medida de aseguramiento en establecimiento carcelario a\u00a0\u00a0Edilberto Rinc\u00f3n Garz\u00f3n, a quien la Fiscal\u00eda le imput\u00f3 los delitos de\u00a0\u00a0tortura en concurso homog\u00e9neo y sucesivo con acceso carnal\u00a0violento en concurso homog\u00e9neo y sucesivo.<\/p>\n<p>La Fiscal\u00eda, durante la audiencia\u00a0\u00a0p\u00fablica,\u00a0se\u00f1al\u00f3\u00a0\u00a0que\u00a0\u00a0Rinc\u00f3n Garz\u00f3n,\u00a0desde el a\u00f1o 2007, comenz\u00f3 la persecuci\u00f3n contra su v\u00edctima y desde entonces la ha tenido amedrentada, amenazada y\u00a0torturada, afectando su vida y su entorno familiar.<\/p>\n<p>El relato indica que\u00a0\u00a0el imputado comenz\u00f3 su accionar delictivo desde el momento en que, durante el 2008, se ofreci\u00f3\u00a0como\u00a0\u00a0mandadero en el sal\u00f3n de belleza del cual era propietaria la v\u00edctima.<\/p>\n<p>Seg\u00fan la imputaci\u00f3n y de acuerdo con el relato de la afectada, al comienzo del trabajo todo era normal, pues el agresor en ese momento realizaba las compras de las tinturas y elementos para las labores del negocio; pero luego de un tiempo\u00a0\u00a0su comportamiento cambio y comenz\u00f3 a asediar a la mujer, a quien lleg\u00f3 inclusive a exigirle que dejara de\u00a0\u00a0atender hombres en su negocio de belleza, pues le molestaba que\u00a0peluqueara\u00a0a los\u00a0varones.<\/p>\n<p>Fue tanta la presi\u00f3n y\u00a0\u00a0la amenaza constante\u00a0\u00a0que ejerc\u00eda el imputado, que\u00a0\u00a0la v\u00edctima opt\u00f3 por vender el negocio y hasta cambi\u00f3 de domicilio.<\/p>\n<p>La vida de la v\u00edctima se transform\u00f3 en un infierno. La propia hermana de la mujer dijo que el agresor se enamor\u00f3 de ella y que asegur\u00f3 que hasta no tenerla no descansar\u00eda. Los ataques llevaron a Rinc\u00f3n Garc\u00eda a golpearla en por lo menos ocho ocasiones impidi\u00e9ndole trabajar y termin\u00f3 afectando la voluntad de ella hasta que pudo accederla sexualmente.<\/p>\n<p>No contento con\u00a0\u00a0los encuentros sexuales, el imputado\u00a0\u00a0increment\u00f3\u00a0\u00a0su acoso llamando de manera insistente al celular de la mujer y al de su hija, una ni\u00f1a de 13 a\u00f1os. En esta conducta termin\u00f3 hasta amenazando de muerte al esposo de la v\u00edctima.<\/p>\n<p>Durante su encuentro con un sic\u00f3logo\u00a0\u00a0forense, la mujer se\u00f1al\u00f3 que\u00a0\u00a0entre sus amenazas, Rinc\u00f3n Garz\u00f3n\u00a0\u00a0le prometi\u00f3 que si no segu\u00eda con \u00e9l, en poco tiempo podr\u00eda\u00a0tener \u201clos ojos de su hija en una cajita de f\u00f3sforos\u201d.<\/p>\n<p>Desde cuando\u00a0la v\u00edctima hizo la primera denuncia contra su acosador, las autoridades\u00a0\u00a0le prohibieron acercarse a ella, so pena de\u00a0\u00a0llevarlo a la c\u00e1rcel; pero, ante la imposibilidad de\u00a0hacerlo, Rinc\u00f3n Garz\u00f3n increment\u00f3 las llamadas\u00a0telef\u00f3nicas, llegando inclusive a\u00a0\u00a0realizar vigilancia especial sobre\u00a0\u00a0la ni\u00f1a hija de la mujer, para lo cual llegaba peri\u00f3dicamente hasta\u00a0\u00a0el colegio donde\u00a0\u00a0estudiaba la menor.<\/p>\n<p>El\u00a0\u00a0imputado hizo caso omiso de las medidas judiciales y aument\u00f3 el acoso; pese a que ella cambi\u00f3 de casa y de sitio de trabajo en varias oportunidades. El acosador segu\u00eda a la mujer, sorpresivamente\u00a0se le atravesaba en su camino, la golpeaba y la segu\u00eda amenazando.<\/p>\n<p>Seg\u00fan la denuncia, ella no se explica c\u00f3mo\u00a0\u00a0su agresor consegu\u00eda\u00a0los n\u00fameros telef\u00f3nicos de ella, su hija y su esposo, a pesar de que peri\u00f3dicamente los cambiaban.<\/p>\n<p>Ante este acecho constante, la v\u00edctima, su esposo y hasta su hija menor de edad est\u00e1n requiriendo tratamiento sicol\u00f3gico especial. Un informe m\u00e9dico dice que el acoso ha llevado a la mujer a tener miedo, pues\u00a0\u00a0con su accionar el hombre\u00a0vulner\u00f3 la voluntad de su v\u00edctima.<\/p>\n<p>Durante\u00a0\u00a05 a\u00f1os el imputado ha sometido a toda clase de vej\u00e1menes sexuales a esta mujer, explic\u00f3 la Fiscal\u00eda durante la audiencia, pues el temor constante por una posible agresi\u00f3n a su hija y su esposo, porque cada vez que ella se alejaba, las amenazas y la intimidaci\u00f3n f\u00edsica y sicol\u00f3gica se incrementaban. El reporte del examen m\u00e9dico indica que la mujer ante\u00a0\u00a0el asedio permanente ha perdido su autoestima, ha sido humillada y\u00a0\u00a0adem\u00e1s\u00a0\u00a0se le ha infundido temor y\u00a0\u00a0miedo.<\/p>\n<p>Ante esta situaci\u00f3n y\u00a0para evitar un accionar m\u00e1s violento contra esta mujer y su familia, la Fiscal\u00eda captur\u00f3, mediante la solicitud de una orden emitida por un juez, logr\u00f3 el pasado 12 de noviembre\u00a0\u00a0a \u00a0Rincon\u00a0Garzon en flagrancia, quien\u00a0\u00a0fue sorprendido atacando\u00a0\u00a0a su v\u00edctima en\u00a0v\u00eda p\u00fablica del barrio Santa Cecilia Baja, al norte de Bogot\u00e1.<\/p>\n<p>Tras su captura, fue remitido\u00a0ante un juzgado control de garant\u00edas, que\u00a0\u00a0consider\u00f3 que\u00a0\u00a0el imputado si es un peligro para la comunidad, para\u00a0\u00a0su v\u00edctima y su entorno familiar. En audiencia p\u00fablica, a pesar de no aceptar cargos, Edilberto Rinc\u00f3n Garz\u00f3n, fue enviado a la c\u00e1rcel Nacional Modelo de Bogot\u00e1.<\/p>\n\n<div class=\"twitter-share\"><a href=\"https:\/\/twitter.com\/intent\/tweet?via=fiscaliacol\" class=\"twitter-share-button\">Tweet<\/a><\/div>\n","protected":false},"excerpt":{"rendered":"<p>Una jueza\u00a0\u00a0penal municipal de Bogot\u00e1, con funci\u00f3n de control de garant\u00edas, cobij\u00f3 con medida de aseguramiento en establecimiento carcelario a\u00a0\u00a0Edilberto Rinc\u00f3n Garz\u00f3n, a quien la Fiscal\u00eda le imput\u00f3 los delitos de\u00a0\u00a0tortura en concurso homog\u00e9neo y sucesivo con acceso carnal\u00a0violento en concurso homog\u00e9neo y sucesivo. La Fiscal\u00eda, durante la audiencia\u00a0\u00a0p\u00fablica,\u00a0se\u00f1al\u00f3\u00a0\u00a0que\u00a0\u00a0Rinc\u00f3n Garz\u00f3n,\u00a0desde el a\u00f1o 2007, comenz\u00f3 la [&hellip;]<\/p>\n","protected":false},"author":143,"featured_media":0,"comment_status":"closed","ping_status":"open","sticky":false,"template":"","format":"standard","meta":{"_price":"","_stock":"","_tribe_ticket_header":"","_tribe_default_ticket_provider":"","_tribe_ticket_capacity":"0","_ticket_start_date":"","_ticket_end_date":"","_tribe_ticket_show_description":"","_tribe_ticket_show_not_going":false,"_tribe_ticket_use_global_stock":"","_tribe_ticket_global_stock_level":"","_global_stock_mode":"","_global_stock_cap":"","_tribe_rsvp_for_event":"","_tribe_ticket_going_count":"","_tribe_ticket_not_going_count":"","_tribe_tickets_list":"[]","_tribe_ticket_has_attendee_info_fields":false,"tdm_status":"","tdm_grid_status":"","footnotes":""},"categories":[1],"tags":[23976],"class_list":{"0":"post-41326","1":"post","2":"type-post","3":"status-publish","4":"format-standard","6":"category-noticias","7":"tag-tortura"},"yoast_head":"<!-- This site is optimized with the Yoast SEO plugin v24.3 - https:\/\/yoast.com\/wordpress\/plugins\/seo\/ -->\n<title>Fiscal\u00eda General de la Naci\u00f3n<\/title>\n<meta name=\"description\" content=\"P\u00e1gina oficial de la Fiscal\u00eda General de la Naci\u00f3n \u2013 Colombia. Garantizamos el acceso efectivo a la justicia, la verdad y la reparaci\u00f3n de las v\u00edctimas de los delitos.\" \/>\n<meta name=\"robots\" content=\"noindex, follow\" \/>\n<meta property=\"og:locale\" content=\"es_ES\" \/>\n<meta property=\"og:type\" content=\"article\" \/>\n<meta property=\"og:title\" content=\"Fiscal\u00eda General de la Naci\u00f3n\" \/>\n<meta property=\"og:description\" content=\"P\u00e1gina oficial de la Fiscal\u00eda General de la Naci\u00f3n \u2013 Colombia. Garantizamos el acceso efectivo a la justicia, la verdad y la reparaci\u00f3n de las v\u00edctimas de los delitos.\" \/>\n<meta property=\"og:url\" content=\"https:\/\/www.fiscalia.gov.co\/colombia\/noticias\/asegurado-por-torturar-a-su-victima-durante-5-anos\/\" \/>\n<meta property=\"og:site_name\" content=\"Fiscal\u00eda General de la Naci\u00f3n\" \/>\n<meta property=\"article:publisher\" content=\"https:\/\/www.facebook.com\/FiscaliaCol\" \/>\n<meta property=\"article:published_time\" content=\"2013-11-18T15:01:00+00:00\" \/>\n<meta name=\"author\" content=\"dfgordillo\" \/>\n<meta name=\"twitter:card\" content=\"summary_large_image\" \/>\n<meta name=\"twitter:creator\" content=\"@FiscaliaCol\" \/>\n<meta name=\"twitter:site\" content=\"@FiscaliaCol\" \/>\n<meta name=\"twitter:label1\" content=\"Escrito por\" \/>\n\t<meta name=\"twitter:data1\" content=\"dfgordillo\" \/>\n\t<meta name=\"twitter:label2\" content=\"Tiempo de lectura\" \/>\n\t<meta name=\"twitter:data2\" content=\"4 minutos\" \/>\n<script type=\"application\/ld+json\" class=\"yoast-schema-graph\">{\"@context\":\"https:\/\/schema.org\",\"@graph\":[{\"@type\":\"Article\",\"@id\":\"https:\/\/www.fiscalia.gov.co\/colombia\/noticias\/asegurado-por-torturar-a-su-victima-durante-5-anos\/#article\",\"isPartOf\":{\"@id\":\"https:\/\/www.fiscalia.gov.co\/colombia\/noticias\/asegurado-por-torturar-a-su-victima-durante-5-anos\/\"},\"author\":{\"name\":\"dfgordillo\",\"@id\":\"https:\/\/www.fiscalia.gov.co\/colombia\/#\/schema\/person\/3903856a3ce2d54b094c69eb29247895\"},\"headline\":\"Asegurado por torturar a su v\u00edctima durante 5 a\u00f1os\",\"datePublished\":\"2013-11-18T15:01:00+00:00\",\"dateModified\":\"2013-11-18T15:01:00+00:00\",\"mainEntityOfPage\":{\"@id\":\"https:\/\/www.fiscalia.gov.co\/colombia\/noticias\/asegurado-por-torturar-a-su-victima-durante-5-anos\/\"},\"wordCount\":822,\"publisher\":{\"@id\":\"https:\/\/www.fiscalia.gov.co\/colombia\/#organization\"},\"keywords\":[\"Tortura\"],\"articleSection\":[\"Noticias\"],\"inLanguage\":\"es-CO\"},{\"@type\":\"WebPage\",\"@id\":\"https:\/\/www.fiscalia.gov.co\/colombia\/noticias\/asegurado-por-torturar-a-su-victima-durante-5-anos\/\",\"url\":\"https:\/\/www.fiscalia.gov.co\/colombia\/noticias\/asegurado-por-torturar-a-su-victima-durante-5-anos\/\",\"name\":\"Fiscal\u00eda General de la Naci\u00f3n\",\"isPartOf\":{\"@id\":\"https:\/\/www.fiscalia.gov.co\/colombia\/#website\"},\"datePublished\":\"2013-11-18T15:01:00+00:00\",\"dateModified\":\"2013-11-18T15:01:00+00:00\",\"description\":\"P\u00e1gina oficial de la Fiscal\u00eda General de la Naci\u00f3n \u2013 Colombia. Garantizamos el acceso efectivo a la justicia, la verdad y la reparaci\u00f3n de las v\u00edctimas de los delitos.\",\"breadcrumb\":{\"@id\":\"https:\/\/www.fiscalia.gov.co\/colombia\/noticias\/asegurado-por-torturar-a-su-victima-durante-5-anos\/#breadcrumb\"},\"inLanguage\":\"es-CO\",\"potentialAction\":[{\"@type\":\"ReadAction\",\"target\":[\"https:\/\/www.fiscalia.gov.co\/colombia\/noticias\/asegurado-por-torturar-a-su-victima-durante-5-anos\/\"]}]},{\"@type\":\"BreadcrumbList\",\"@id\":\"https:\/\/www.fiscalia.gov.co\/colombia\/noticias\/asegurado-por-torturar-a-su-victima-durante-5-anos\/#breadcrumb\",\"itemListElement\":[{\"@type\":\"ListItem\",\"position\":1,\"name\":\"Home\",\"item\":\"https:\/\/www.fiscalia.gov.co\/colombia\/\"},{\"@type\":\"ListItem\",\"position\":2,\"name\":\"Asegurado por torturar a su v\u00edctima durante 5 a\u00f1os\"}]},{\"@type\":\"WebSite\",\"@id\":\"https:\/\/www.fiscalia.gov.co\/colombia\/#website\",\"url\":\"https:\/\/www.fiscalia.gov.co\/colombia\/\",\"name\":\"Fiscal\u00eda General de la Naci\u00f3n\",\"description\":\"P\u00e1gina oficial de la Fiscal\u00eda General de la Naci\u00f3n \u2013 Colombia. Garantizamos el acceso efectivo a la justicia, la verdad y la reparaci\u00f3n de las v\u00edctimas de los delitos.\",\"publisher\":{\"@id\":\"https:\/\/www.fiscalia.gov.co\/colombia\/#organization\"},\"potentialAction\":[{\"@type\":\"SearchAction\",\"target\":{\"@type\":\"EntryPoint\",\"urlTemplate\":\"https:\/\/www.fiscalia.gov.co\/colombia\/?s={search_term_string}\"},\"query-input\":{\"@type\":\"PropertyValueSpecification\",\"valueRequired\":true,\"valueName\":\"search_term_string\"}}],\"inLanguage\":\"es-CO\"},{\"@type\":\"Organization\",\"@id\":\"https:\/\/www.fiscalia.gov.co\/colombia\/#organization\",\"name\":\"Fiscal\u00eda General de la Naci\u00f3n\",\"url\":\"https:\/\/www.fiscalia.gov.co\/colombia\/\",\"logo\":{\"@type\":\"ImageObject\",\"inLanguage\":\"es-CO\",\"@id\":\"https:\/\/www.fiscalia.gov.co\/colombia\/#\/schema\/logo\/image\/\",\"url\":\"https:\/\/www.fiscalia.gov.co\/colombia\/wp-content\/uploads\/LogoHorizontal_1.jpg\",\"contentUrl\":\"https:\/\/www.fiscalia.gov.co\/colombia\/wp-content\/uploads\/LogoHorizontal_1.jpg\",\"width\":300,\"height\":90,\"caption\":\"Fiscal\u00eda General de la Naci\u00f3n\"},\"image\":{\"@id\":\"https:\/\/www.fiscalia.gov.co\/colombia\/#\/schema\/logo\/image\/\"},\"sameAs\":[\"https:\/\/www.facebook.com\/FiscaliaCol\",\"https:\/\/x.com\/FiscaliaCol\",\"https:\/\/www.instagram.com\/fiscaliacol\",\"https:\/\/www.linkedin.com\/company\/fiscalia-general-de-la-naci-n\/\",\"https:\/\/youtube.com\/@fiscaliageneraldelanacion-4668?si=6nN79nyQICPU5iTh\"]},{\"@type\":\"Person\",\"@id\":\"https:\/\/www.fiscalia.gov.co\/colombia\/#\/schema\/person\/3903856a3ce2d54b094c69eb29247895\",\"name\":\"dfgordillo\",\"image\":{\"@type\":\"ImageObject\",\"inLanguage\":\"es-CO\",\"@id\":\"https:\/\/www.fiscalia.gov.co\/colombia\/#\/schema\/person\/image\/\",\"url\":\"https:\/\/secure.gravatar.com\/avatar\/b6356e21c5657c60757fe6fb9493e947?s=96&d=mm&r=g\",\"contentUrl\":\"https:\/\/secure.gravatar.com\/avatar\/b6356e21c5657c60757fe6fb9493e947?s=96&d=mm&r=g\",\"caption\":\"dfgordillo\"},\"sameAs\":[\"dfgordillo\"],\"url\":\"https:\/\/www.fiscalia.gov.co\/colombia\/author\/dfgordillo\/\"}]}<\/script>\n<!-- \/ Yoast SEO plugin. -->","yoast_head_json":{"title":"Fiscal\u00eda General de la Naci\u00f3n","description":"P\u00e1gina oficial de la Fiscal\u00eda General de la Naci\u00f3n \u2013 Colombia. Garantizamos el acceso efectivo a la justicia, la verdad y la reparaci\u00f3n de las v\u00edctimas de los delitos.","robots":{"index":"noindex","follow":"follow"},"og_locale":"es_ES","og_type":"article","og_title":"Fiscal\u00eda General de la Naci\u00f3n","og_description":"P\u00e1gina oficial de la Fiscal\u00eda General de la Naci\u00f3n \u2013 Colombia. Garantizamos el acceso efectivo a la justicia, la verdad y la reparaci\u00f3n de las v\u00edctimas de los delitos.","og_url":"https:\/\/www.fiscalia.gov.co\/colombia\/noticias\/asegurado-por-torturar-a-su-victima-durante-5-anos\/","og_site_name":"Fiscal\u00eda General de la Naci\u00f3n","article_publisher":"https:\/\/www.facebook.com\/FiscaliaCol","article_published_time":"2013-11-18T15:01:00+00:00","author":"dfgordillo","twitter_card":"summary_large_image","twitter_creator":"@FiscaliaCol","twitter_site":"@FiscaliaCol","twitter_misc":{"Escrito por":"dfgordillo","Tiempo de lectura":"4 minutos"},"schema":{"@context":"https:\/\/schema.org","@graph":[{"@type":"Article","@id":"https:\/\/www.fiscalia.gov.co\/colombia\/noticias\/asegurado-por-torturar-a-su-victima-durante-5-anos\/#article","isPartOf":{"@id":"https:\/\/www.fiscalia.gov.co\/colombia\/noticias\/asegurado-por-torturar-a-su-victima-durante-5-anos\/"},"author":{"name":"dfgordillo","@id":"https:\/\/www.fiscalia.gov.co\/colombia\/#\/schema\/person\/3903856a3ce2d54b094c69eb29247895"},"headline":"Asegurado por torturar a su v\u00edctima durante 5 a\u00f1os","datePublished":"2013-11-18T15:01:00+00:00","dateModified":"2013-11-18T15:01:00+00:00","mainEntityOfPage":{"@id":"https:\/\/www.fiscalia.gov.co\/colombia\/noticias\/asegurado-por-torturar-a-su-victima-durante-5-anos\/"},"wordCount":822,"publisher":{"@id":"https:\/\/www.fiscalia.gov.co\/colombia\/#organization"},"keywords":["Tortura"],"articleSection":["Noticias"],"inLanguage":"es-CO"},{"@type":"WebPage","@id":"https:\/\/www.fiscalia.gov.co\/colombia\/noticias\/asegurado-por-torturar-a-su-victima-durante-5-anos\/","url":"https:\/\/www.fiscalia.gov.co\/colombia\/noticias\/asegurado-por-torturar-a-su-victima-durante-5-anos\/","name":"Fiscal\u00eda General de la Naci\u00f3n","isPartOf":{"@id":"https:\/\/www.fiscalia.gov.co\/colombia\/#website"},"datePublished":"2013-11-18T15:01:00+00:00","dateModified":"2013-11-18T15:01:00+00:00","description":"P\u00e1gina oficial de la Fiscal\u00eda General de la Naci\u00f3n \u2013 Colombia. Garantizamos el acceso efectivo a la justicia, la verdad y la reparaci\u00f3n de las v\u00edctimas de los delitos.","breadcrumb":{"@id":"https:\/\/www.fiscalia.gov.co\/colombia\/noticias\/asegurado-por-torturar-a-su-victima-durante-5-anos\/#breadcrumb"},"inLanguage":"es-CO","potentialAction":[{"@type":"ReadAction","target":["https:\/\/www.fiscalia.gov.co\/colombia\/noticias\/asegurado-por-torturar-a-su-victima-durante-5-anos\/"]}]},{"@type":"BreadcrumbList","@id":"https:\/\/www.fiscalia.gov.co\/colombia\/noticias\/asegurado-por-torturar-a-su-victima-durante-5-anos\/#breadcrumb","itemListElement":[{"@type":"ListItem","position":1,"name":"Home","item":"https:\/\/www.fiscalia.gov.co\/colombia\/"},{"@type":"ListItem","position":2,"name":"Asegurado por torturar a su v\u00edctima durante 5 a\u00f1os"}]},{"@type":"WebSite","@id":"https:\/\/www.fiscalia.gov.co\/colombia\/#website","url":"https:\/\/www.fiscalia.gov.co\/colombia\/","name":"Fiscal\u00eda General de la Naci\u00f3n","description":"P\u00e1gina oficial de la Fiscal\u00eda General de la Naci\u00f3n \u2013 Colombia. Garantizamos el acceso efectivo a la justicia, la verdad y la reparaci\u00f3n de las v\u00edctimas de los delitos.","publisher":{"@id":"https:\/\/www.fiscalia.gov.co\/colombia\/#organization"},"potentialAction":[{"@type":"SearchAction","target":{"@type":"EntryPoint","urlTemplate":"https:\/\/www.fiscalia.gov.co\/colombia\/?s={search_term_string}"},"query-input":{"@type":"PropertyValueSpecification","valueRequired":true,"valueName":"search_term_string"}}],"inLanguage":"es-CO"},{"@type":"Organization","@id":"https:\/\/www.fiscalia.gov.co\/colombia\/#organization","name":"Fiscal\u00eda General de la Naci\u00f3n","url":"https:\/\/www.fiscalia.gov.co\/colombia\/","logo":{"@type":"ImageObject","inLanguage":"es-CO","@id":"https:\/\/www.fiscalia.gov.co\/colombia\/#\/schema\/logo\/image\/","url":"https:\/\/www.fiscalia.gov.co\/colombia\/wp-content\/uploads\/LogoHorizontal_1.jpg","contentUrl":"https:\/\/www.fiscalia.gov.co\/colombia\/wp-content\/uploads\/LogoHorizontal_1.jpg","width":300,"height":90,"caption":"Fiscal\u00eda General de la Naci\u00f3n"},"image":{"@id":"https:\/\/www.fiscalia.gov.co\/colombia\/#\/schema\/logo\/image\/"},"sameAs":["https:\/\/www.facebook.com\/FiscaliaCol","https:\/\/x.com\/FiscaliaCol","https:\/\/www.instagram.com\/fiscaliacol","https:\/\/www.linkedin.com\/company\/fiscalia-general-de-la-naci-n\/","https:\/\/youtube.com\/@fiscaliageneraldelanacion-4668?si=6nN79nyQICPU5iTh"]},{"@type":"Person","@id":"https:\/\/www.fiscalia.gov.co\/colombia\/#\/schema\/person\/3903856a3ce2d54b094c69eb29247895","name":"dfgordillo","image":{"@type":"ImageObject","inLanguage":"es-CO","@id":"https:\/\/www.fiscalia.gov.co\/colombia\/#\/schema\/person\/image\/","url":"https:\/\/secure.gravatar.com\/avatar\/b6356e21c5657c60757fe6fb9493e947?s=96&d=mm&r=g","contentUrl":"https:\/\/secure.gravatar.com\/avatar\/b6356e21c5657c60757fe6fb9493e947?s=96&d=mm&r=g","caption":"dfgordillo"},"sameAs":["dfgordillo"],"url":"https:\/\/www.fiscalia.gov.co\/colombia\/author\/dfgordillo\/"}]}},"_links":{"self":[{"href":"https:\/\/www.fiscalia.gov.co\/colombia\/wp-json\/wp\/v2\/posts\/41326","targetHints":{"allow":["GET"]}}],"collection":[{"href":"https:\/\/www.fiscalia.gov.co\/colombia\/wp-json\/wp\/v2\/posts"}],"about":[{"href":"https:\/\/www.fiscalia.gov.co\/colombia\/wp-json\/wp\/v2\/types\/post"}],"author":[{"embeddable":true,"href":"https:\/\/www.fiscalia.gov.co\/colombia\/wp-json\/wp\/v2\/users\/143"}],"replies":[{"embeddable":true,"href":"https:\/\/www.fiscalia.gov.co\/colombia\/wp-json\/wp\/v2\/comments?post=41326"}],"version-history":[{"count":2,"href":"https:\/\/www.fiscalia.gov.co\/colombia\/wp-json\/wp\/v2\/posts\/41326\/revisions"}],"predecessor-version":[{"id":41328,"href":"https:\/\/www.fiscalia.gov.co\/colombia\/wp-json\/wp\/v2\/posts\/41326\/revisions\/41328"}],"wp:attachment":[{"href":"https:\/\/www.fiscalia.gov.co\/colombia\/wp-json\/wp\/v2\/media?parent=41326"}],"wp:term":[{"taxonomy":"category","embeddable":true,"href":"https:\/\/www.fiscalia.gov.co\/colombia\/wp-json\/wp\/v2\/categories?post=41326"},{"taxonomy":"post_tag","embeddable":true,"href":"https:\/\/www.fiscalia.gov.co\/colombia\/wp-json\/wp\/v2\/tags?post=41326"}],"curies":[{"name":"wp","href":"https:\/\/api.w.org\/{rel}","templated":true}]}}