{"id":41227,"date":"2013-11-15T08:37:43","date_gmt":"2013-11-15T13:37:43","guid":{"rendered":"http:\/\/www.fiscalia.gov.co\/colombia\/?p=41227"},"modified":"2013-11-15T12:46:11","modified_gmt":"2013-11-15T17:46:11","slug":"nuevas-capturas-por-cartel-de-las-devoluciones-del-iva","status":"publish","type":"post","link":"https:\/\/www.fiscalia.gov.co\/colombia\/noticias\/nuevas-capturas-por-cartel-de-las-devoluciones-del-iva\/","title":{"rendered":"Nuevas capturas por Cartel de las devoluciones del IVA"},"content":{"rendered":"<h4>[media url=&#8221;http:\/\/www.fiscalia.gov.co\/colombia\/wp-content\/uploads\/declaraciones_caso_dian_20131115.mp4&#8243; width=&#8221;512&#8243; height=&#8221;340&#8243; jwplayer=&#8221;controlbar=bottom&#8221;]<\/h4>\n<p><strong><a title=\"Descargar\" href=\"http:\/\/www.fiscalia.gov.co\/colombia\/wp-content\/uploads\/declaraciones_caso_dian_20131115.mp4\" target=\"_blank\">Descargar<\/a><\/strong><\/p>\n<p>En desarrollo de la investigaci\u00f3n por el denominado Cartel de las devoluciones del IVA adelantada por la Fiscal\u00eda General de la Naci\u00f3n, en coordinaci\u00f3n con la Dijin de la Polic\u00eda Nacional, y la Unidad de Inteligencia y An\u00e1lisis Financiero (UIAF), el ente acusador solicit\u00f3 ante los jueces de garant\u00edas de la ciudad de Bogot\u00e1, la captura de 22 personas se\u00f1aladas de pertenecer a dos organizaciones delictivas que se conformaron para defraudar a la Direcci\u00f3n Nacional de Impuestos y Aduanas Nacional (Dian).<\/p>\n<p>De las 22 \u00f3rdenes 17 se hicieron efectivas este jueves, 14 de noviembre, en una operaci\u00f3n conjunta entre el CTI y la Dijin en Barranquilla (Atl\u00e1ntico). Las personas aprehendidas ser\u00e1n judicializadas, de acuerdo con el rol que desempe\u00f1aban en la organizaci\u00f3n, por los delitos de lavado de activos, enriquecimiento il\u00edcito, exportaci\u00f3n ficticia, concierto para delinquir, peculado por apropiaci\u00f3n, fraude procesal, falsedad en documento privado y estafa agravada.<\/p>\n<p>Entre los capturados se encuentra el jefe de devoluciones de IVA de la Dian de la ciudad de Barranquilla (puerto mar\u00edtimo) y un exfuncionario de la misma entidad, que \u00a0fue retirado en virtud de estas investigaciones, al verificarse que se encontraba inhabilitado para desempe\u00f1ar cargos p\u00fablicos por registrar antecedentes penales.<\/p>\n<p>Seg\u00fan lo establecido, los dos hombres presuntamente hac\u00edan parte de la organizaci\u00f3n criminal liderada por la se\u00f1ora Blaca Jazm\u00edn Becerra, a quien recientemente el Tribunal Superior de Bogot\u00e1 le confirm\u00f3 su condena como determinadora en varios delitos.<\/p>\n<p>La Fiscal\u00eda solicitar\u00e1 medida de aseguramiento en establecimiento carcelario contra los hoy indiciados, teniendo en cuenta la gravedad de los hechos investigados, el monto del dinero comprometido en el fraude, que suma un valor aproximado de doscientos mil millones de pesos, y las maniobras efectuadas por los miembros de la organizaci\u00f3n para obstruir la justicia, tales como la manipulaci\u00f3n de testigos y otros investigados.<\/p>\n<p>Por este fraude se han judicializado 42 personas, 22 de las cuales ya fueron condenadas y est\u00e1 pendiente sentencia condenatoria para otras seis que se allanaron \u00a0a los cargos en septiembre pasado. En suma, con las capturas del d\u00eda de ayer se han desmantelado cuatro organizaciones criminales distintas aunque con nexos entre s\u00ed, para un total de 59 personas judicializadas.<\/p>\n<p><strong>Modus operandi<\/strong><\/p>\n<p><strong>\u00a0<\/strong>Mediante labores investigativas se determin\u00f3 que dichas organizaciones, aprovechando el beneficio otorgado en el estatuto tributario, relacionado con la exoneraci\u00f3n del impuesto del IVA a las personas naturales o jur\u00eddicas que adquieran bienes y servicios con fines de exportaci\u00f3n, defraudaron a la Dian a trav\u00e9s de la creaci\u00f3n de empresas ficticias para aparentar hechos econ\u00f3micos (venta y compra de bienes-chatarra y textiles).<\/p>\n<p>_______________________________________________<\/p>\n<p><strong>Declaraciones del Vicefiscal General de la Naci\u00f3n, Jorge Fernando Perdomo Torres\u00a0<\/strong><\/p>\n[audio:http:\/\/www.fiscalia.gov.co\/colombia\/wp-content\/uploads\/20131115casodian.mp3|titles=Declaraciones]\n<p><strong><a title=\"Descargar audio \" href=\"http:\/\/www.fiscalia.gov.co\/colombia\/wp-content\/uploads\/20131115casodian.mp3\" target=\"_blank\">Descargar<\/a><\/strong><\/p>\n<p>Tema: Nuevas capturas por cartel de devoluciones del IVA<br \/>\nFecha: 15 de noviembre de 2013<br \/>\nLugar: Cartagena (Bol\u00edvar)<\/p>\n<p>&nbsp;<\/p>\n\n<div class=\"twitter-share\"><a href=\"https:\/\/twitter.com\/intent\/tweet?via=fiscaliacol\" class=\"twitter-share-button\">Tweet<\/a><\/div>\n","protected":false},"excerpt":{"rendered":"<p>[media url=&#8221;http:\/\/www.fiscalia.gov.co\/colombia\/wp-content\/uploads\/declaraciones_caso_dian_20131115.mp4&#8243; width=&#8221;512&#8243; height=&#8221;340&#8243; jwplayer=&#8221;controlbar=bottom&#8221;] Descargar En desarrollo de la investigaci\u00f3n por el denominado Cartel de las devoluciones del IVA adelantada por la Fiscal\u00eda General de la Naci\u00f3n, en coordinaci\u00f3n con la Dijin de la Polic\u00eda Nacional, y la Unidad de Inteligencia y An\u00e1lisis Financiero (UIAF), el ente acusador solicit\u00f3 ante los jueces de garant\u00edas [&hellip;]<\/p>\n","protected":false},"author":143,"featured_media":0,"comment_status":"closed","ping_status":"open","sticky":false,"template":"","format":"standard","meta":{"_price":"","_stock":"","_tribe_ticket_header":"","_tribe_default_ticket_provider":"","_tribe_ticket_capacity":"0","_ticket_start_date":"","_ticket_end_date":"","_tribe_ticket_show_description":"","_tribe_ticket_show_not_going":false,"_tribe_ticket_use_global_stock":"","_tribe_ticket_global_stock_level":"","_global_stock_mode":"","_global_stock_cap":"","_tribe_rsvp_for_event":"","_tribe_ticket_going_count":"","_tribe_ticket_not_going_count":"","_tribe_tickets_list":"[]","_tribe_ticket_has_attendee_info_fields":false,"tdm_status":"","tdm_grid_status":"","footnotes":""},"categories":[1],"tags":[5513,40],"class_list":{"0":"post-41227","1":"post","2":"type-post","3":"status-publish","4":"format-standard","6":"category-noticias","7":"tag-devoluciones-del-iva","8":"tag-dian"},"yoast_head":"<!-- This site is optimized with the Yoast SEO plugin v24.3 - https:\/\/yoast.com\/wordpress\/plugins\/seo\/ -->\n<title>Fiscal\u00eda General de la Naci\u00f3n<\/title>\n<meta name=\"description\" content=\"P\u00e1gina oficial de la Fiscal\u00eda General de la Naci\u00f3n \u2013 Colombia. Garantizamos el acceso efectivo a la justicia, la verdad y la reparaci\u00f3n de las v\u00edctimas de los delitos.\" \/>\n<meta name=\"robots\" content=\"noindex, follow\" \/>\n<meta property=\"og:locale\" content=\"es_ES\" \/>\n<meta property=\"og:type\" content=\"article\" \/>\n<meta property=\"og:title\" content=\"Fiscal\u00eda General de la Naci\u00f3n\" \/>\n<meta property=\"og:description\" content=\"P\u00e1gina oficial de la Fiscal\u00eda General de la Naci\u00f3n \u2013 Colombia. Garantizamos el acceso efectivo a la justicia, la verdad y la reparaci\u00f3n de las v\u00edctimas de los delitos.\" \/>\n<meta property=\"og:url\" content=\"https:\/\/www.fiscalia.gov.co\/colombia\/noticias\/nuevas-capturas-por-cartel-de-las-devoluciones-del-iva\/\" \/>\n<meta property=\"og:site_name\" content=\"Fiscal\u00eda General de la Naci\u00f3n\" \/>\n<meta property=\"article:publisher\" content=\"https:\/\/www.facebook.com\/FiscaliaCol\" \/>\n<meta property=\"article:published_time\" content=\"2013-11-15T13:37:43+00:00\" \/>\n<meta property=\"article:modified_time\" content=\"2013-11-15T17:46:11+00:00\" \/>\n<meta name=\"author\" content=\"dfgordillo\" \/>\n<meta name=\"twitter:card\" content=\"summary_large_image\" \/>\n<meta name=\"twitter:creator\" content=\"@FiscaliaCol\" \/>\n<meta name=\"twitter:site\" content=\"@FiscaliaCol\" \/>\n<meta name=\"twitter:label1\" content=\"Escrito por\" \/>\n\t<meta name=\"twitter:data1\" content=\"dfgordillo\" \/>\n\t<meta name=\"twitter:label2\" content=\"Tiempo de lectura\" \/>\n\t<meta name=\"twitter:data2\" content=\"3 minutos\" \/>\n<script type=\"application\/ld+json\" class=\"yoast-schema-graph\">{\"@context\":\"https:\/\/schema.org\",\"@graph\":[{\"@type\":\"Article\",\"@id\":\"https:\/\/www.fiscalia.gov.co\/colombia\/noticias\/nuevas-capturas-por-cartel-de-las-devoluciones-del-iva\/#article\",\"isPartOf\":{\"@id\":\"https:\/\/www.fiscalia.gov.co\/colombia\/noticias\/nuevas-capturas-por-cartel-de-las-devoluciones-del-iva\/\"},\"author\":{\"name\":\"dfgordillo\",\"@id\":\"https:\/\/www.fiscalia.gov.co\/colombia\/#\/schema\/person\/3903856a3ce2d54b094c69eb29247895\"},\"headline\":\"Nuevas capturas por Cartel de las devoluciones del IVA\",\"datePublished\":\"2013-11-15T13:37:43+00:00\",\"dateModified\":\"2013-11-15T17:46:11+00:00\",\"mainEntityOfPage\":{\"@id\":\"https:\/\/www.fiscalia.gov.co\/colombia\/noticias\/nuevas-capturas-por-cartel-de-las-devoluciones-del-iva\/\"},\"wordCount\":524,\"publisher\":{\"@id\":\"https:\/\/www.fiscalia.gov.co\/colombia\/#organization\"},\"keywords\":[\"Devoluciones del IVA\",\"Dian\"],\"articleSection\":[\"Noticias\"],\"inLanguage\":\"es-CO\"},{\"@type\":\"WebPage\",\"@id\":\"https:\/\/www.fiscalia.gov.co\/colombia\/noticias\/nuevas-capturas-por-cartel-de-las-devoluciones-del-iva\/\",\"url\":\"https:\/\/www.fiscalia.gov.co\/colombia\/noticias\/nuevas-capturas-por-cartel-de-las-devoluciones-del-iva\/\",\"name\":\"Fiscal\u00eda General de la Naci\u00f3n\",\"isPartOf\":{\"@id\":\"https:\/\/www.fiscalia.gov.co\/colombia\/#website\"},\"datePublished\":\"2013-11-15T13:37:43+00:00\",\"dateModified\":\"2013-11-15T17:46:11+00:00\",\"description\":\"P\u00e1gina oficial de la Fiscal\u00eda General de la Naci\u00f3n \u2013 Colombia. Garantizamos el acceso efectivo a la justicia, la verdad y la reparaci\u00f3n de las v\u00edctimas de los delitos.\",\"breadcrumb\":{\"@id\":\"https:\/\/www.fiscalia.gov.co\/colombia\/noticias\/nuevas-capturas-por-cartel-de-las-devoluciones-del-iva\/#breadcrumb\"},\"inLanguage\":\"es-CO\",\"potentialAction\":[{\"@type\":\"ReadAction\",\"target\":[\"https:\/\/www.fiscalia.gov.co\/colombia\/noticias\/nuevas-capturas-por-cartel-de-las-devoluciones-del-iva\/\"]}]},{\"@type\":\"BreadcrumbList\",\"@id\":\"https:\/\/www.fiscalia.gov.co\/colombia\/noticias\/nuevas-capturas-por-cartel-de-las-devoluciones-del-iva\/#breadcrumb\",\"itemListElement\":[{\"@type\":\"ListItem\",\"position\":1,\"name\":\"Home\",\"item\":\"https:\/\/www.fiscalia.gov.co\/colombia\/\"},{\"@type\":\"ListItem\",\"position\":2,\"name\":\"Nuevas capturas por Cartel de las devoluciones del IVA\"}]},{\"@type\":\"WebSite\",\"@id\":\"https:\/\/www.fiscalia.gov.co\/colombia\/#website\",\"url\":\"https:\/\/www.fiscalia.gov.co\/colombia\/\",\"name\":\"Fiscal\u00eda General de la Naci\u00f3n\",\"description\":\"P\u00e1gina oficial de la Fiscal\u00eda General de la Naci\u00f3n \u2013 Colombia. Garantizamos el acceso efectivo a la justicia, la verdad y la reparaci\u00f3n de las v\u00edctimas de los delitos.\",\"publisher\":{\"@id\":\"https:\/\/www.fiscalia.gov.co\/colombia\/#organization\"},\"potentialAction\":[{\"@type\":\"SearchAction\",\"target\":{\"@type\":\"EntryPoint\",\"urlTemplate\":\"https:\/\/www.fiscalia.gov.co\/colombia\/?s={search_term_string}\"},\"query-input\":{\"@type\":\"PropertyValueSpecification\",\"valueRequired\":true,\"valueName\":\"search_term_string\"}}],\"inLanguage\":\"es-CO\"},{\"@type\":\"Organization\",\"@id\":\"https:\/\/www.fiscalia.gov.co\/colombia\/#organization\",\"name\":\"Fiscal\u00eda General de la Naci\u00f3n\",\"url\":\"https:\/\/www.fiscalia.gov.co\/colombia\/\",\"logo\":{\"@type\":\"ImageObject\",\"inLanguage\":\"es-CO\",\"@id\":\"https:\/\/www.fiscalia.gov.co\/colombia\/#\/schema\/logo\/image\/\",\"url\":\"https:\/\/www.fiscalia.gov.co\/colombia\/wp-content\/uploads\/LogoHorizontal_1.jpg\",\"contentUrl\":\"https:\/\/www.fiscalia.gov.co\/colombia\/wp-content\/uploads\/LogoHorizontal_1.jpg\",\"width\":300,\"height\":90,\"caption\":\"Fiscal\u00eda General de la Naci\u00f3n\"},\"image\":{\"@id\":\"https:\/\/www.fiscalia.gov.co\/colombia\/#\/schema\/logo\/image\/\"},\"sameAs\":[\"https:\/\/www.facebook.com\/FiscaliaCol\",\"https:\/\/x.com\/FiscaliaCol\",\"https:\/\/www.instagram.com\/fiscaliacol\",\"https:\/\/www.linkedin.com\/company\/fiscalia-general-de-la-naci-n\/\",\"https:\/\/youtube.com\/@fiscaliageneraldelanacion-4668?si=6nN79nyQICPU5iTh\"]},{\"@type\":\"Person\",\"@id\":\"https:\/\/www.fiscalia.gov.co\/colombia\/#\/schema\/person\/3903856a3ce2d54b094c69eb29247895\",\"name\":\"dfgordillo\",\"image\":{\"@type\":\"ImageObject\",\"inLanguage\":\"es-CO\",\"@id\":\"https:\/\/www.fiscalia.gov.co\/colombia\/#\/schema\/person\/image\/\",\"url\":\"https:\/\/secure.gravatar.com\/avatar\/b6356e21c5657c60757fe6fb9493e947?s=96&d=mm&r=g\",\"contentUrl\":\"https:\/\/secure.gravatar.com\/avatar\/b6356e21c5657c60757fe6fb9493e947?s=96&d=mm&r=g\",\"caption\":\"dfgordillo\"},\"sameAs\":[\"dfgordillo\"],\"url\":\"https:\/\/www.fiscalia.gov.co\/colombia\/author\/dfgordillo\/\"}]}<\/script>\n<!-- \/ Yoast SEO plugin. -->","yoast_head_json":{"title":"Fiscal\u00eda General de la Naci\u00f3n","description":"P\u00e1gina oficial de la Fiscal\u00eda General de la Naci\u00f3n \u2013 Colombia. Garantizamos el acceso efectivo a la justicia, la verdad y la reparaci\u00f3n de las v\u00edctimas de los delitos.","robots":{"index":"noindex","follow":"follow"},"og_locale":"es_ES","og_type":"article","og_title":"Fiscal\u00eda General de la Naci\u00f3n","og_description":"P\u00e1gina oficial de la Fiscal\u00eda General de la Naci\u00f3n \u2013 Colombia. Garantizamos el acceso efectivo a la justicia, la verdad y la reparaci\u00f3n de las v\u00edctimas de los delitos.","og_url":"https:\/\/www.fiscalia.gov.co\/colombia\/noticias\/nuevas-capturas-por-cartel-de-las-devoluciones-del-iva\/","og_site_name":"Fiscal\u00eda General de la Naci\u00f3n","article_publisher":"https:\/\/www.facebook.com\/FiscaliaCol","article_published_time":"2013-11-15T13:37:43+00:00","article_modified_time":"2013-11-15T17:46:11+00:00","author":"dfgordillo","twitter_card":"summary_large_image","twitter_creator":"@FiscaliaCol","twitter_site":"@FiscaliaCol","twitter_misc":{"Escrito por":"dfgordillo","Tiempo de lectura":"3 minutos"},"schema":{"@context":"https:\/\/schema.org","@graph":[{"@type":"Article","@id":"https:\/\/www.fiscalia.gov.co\/colombia\/noticias\/nuevas-capturas-por-cartel-de-las-devoluciones-del-iva\/#article","isPartOf":{"@id":"https:\/\/www.fiscalia.gov.co\/colombia\/noticias\/nuevas-capturas-por-cartel-de-las-devoluciones-del-iva\/"},"author":{"name":"dfgordillo","@id":"https:\/\/www.fiscalia.gov.co\/colombia\/#\/schema\/person\/3903856a3ce2d54b094c69eb29247895"},"headline":"Nuevas capturas por Cartel de las devoluciones del IVA","datePublished":"2013-11-15T13:37:43+00:00","dateModified":"2013-11-15T17:46:11+00:00","mainEntityOfPage":{"@id":"https:\/\/www.fiscalia.gov.co\/colombia\/noticias\/nuevas-capturas-por-cartel-de-las-devoluciones-del-iva\/"},"wordCount":524,"publisher":{"@id":"https:\/\/www.fiscalia.gov.co\/colombia\/#organization"},"keywords":["Devoluciones del IVA","Dian"],"articleSection":["Noticias"],"inLanguage":"es-CO"},{"@type":"WebPage","@id":"https:\/\/www.fiscalia.gov.co\/colombia\/noticias\/nuevas-capturas-por-cartel-de-las-devoluciones-del-iva\/","url":"https:\/\/www.fiscalia.gov.co\/colombia\/noticias\/nuevas-capturas-por-cartel-de-las-devoluciones-del-iva\/","name":"Fiscal\u00eda General de la Naci\u00f3n","isPartOf":{"@id":"https:\/\/www.fiscalia.gov.co\/colombia\/#website"},"datePublished":"2013-11-15T13:37:43+00:00","dateModified":"2013-11-15T17:46:11+00:00","description":"P\u00e1gina oficial de la Fiscal\u00eda General de la Naci\u00f3n \u2013 Colombia. Garantizamos el acceso efectivo a la justicia, la verdad y la reparaci\u00f3n de las v\u00edctimas de los delitos.","breadcrumb":{"@id":"https:\/\/www.fiscalia.gov.co\/colombia\/noticias\/nuevas-capturas-por-cartel-de-las-devoluciones-del-iva\/#breadcrumb"},"inLanguage":"es-CO","potentialAction":[{"@type":"ReadAction","target":["https:\/\/www.fiscalia.gov.co\/colombia\/noticias\/nuevas-capturas-por-cartel-de-las-devoluciones-del-iva\/"]}]},{"@type":"BreadcrumbList","@id":"https:\/\/www.fiscalia.gov.co\/colombia\/noticias\/nuevas-capturas-por-cartel-de-las-devoluciones-del-iva\/#breadcrumb","itemListElement":[{"@type":"ListItem","position":1,"name":"Home","item":"https:\/\/www.fiscalia.gov.co\/colombia\/"},{"@type":"ListItem","position":2,"name":"Nuevas capturas por Cartel de las devoluciones del IVA"}]},{"@type":"WebSite","@id":"https:\/\/www.fiscalia.gov.co\/colombia\/#website","url":"https:\/\/www.fiscalia.gov.co\/colombia\/","name":"Fiscal\u00eda General de la Naci\u00f3n","description":"P\u00e1gina oficial de la Fiscal\u00eda General de la Naci\u00f3n \u2013 Colombia. Garantizamos el acceso efectivo a la justicia, la verdad y la reparaci\u00f3n de las v\u00edctimas de los delitos.","publisher":{"@id":"https:\/\/www.fiscalia.gov.co\/colombia\/#organization"},"potentialAction":[{"@type":"SearchAction","target":{"@type":"EntryPoint","urlTemplate":"https:\/\/www.fiscalia.gov.co\/colombia\/?s={search_term_string}"},"query-input":{"@type":"PropertyValueSpecification","valueRequired":true,"valueName":"search_term_string"}}],"inLanguage":"es-CO"},{"@type":"Organization","@id":"https:\/\/www.fiscalia.gov.co\/colombia\/#organization","name":"Fiscal\u00eda General de la Naci\u00f3n","url":"https:\/\/www.fiscalia.gov.co\/colombia\/","logo":{"@type":"ImageObject","inLanguage":"es-CO","@id":"https:\/\/www.fiscalia.gov.co\/colombia\/#\/schema\/logo\/image\/","url":"https:\/\/www.fiscalia.gov.co\/colombia\/wp-content\/uploads\/LogoHorizontal_1.jpg","contentUrl":"https:\/\/www.fiscalia.gov.co\/colombia\/wp-content\/uploads\/LogoHorizontal_1.jpg","width":300,"height":90,"caption":"Fiscal\u00eda General de la Naci\u00f3n"},"image":{"@id":"https:\/\/www.fiscalia.gov.co\/colombia\/#\/schema\/logo\/image\/"},"sameAs":["https:\/\/www.facebook.com\/FiscaliaCol","https:\/\/x.com\/FiscaliaCol","https:\/\/www.instagram.com\/fiscaliacol","https:\/\/www.linkedin.com\/company\/fiscalia-general-de-la-naci-n\/","https:\/\/youtube.com\/@fiscaliageneraldelanacion-4668?si=6nN79nyQICPU5iTh"]},{"@type":"Person","@id":"https:\/\/www.fiscalia.gov.co\/colombia\/#\/schema\/person\/3903856a3ce2d54b094c69eb29247895","name":"dfgordillo","image":{"@type":"ImageObject","inLanguage":"es-CO","@id":"https:\/\/www.fiscalia.gov.co\/colombia\/#\/schema\/person\/image\/","url":"https:\/\/secure.gravatar.com\/avatar\/b6356e21c5657c60757fe6fb9493e947?s=96&d=mm&r=g","contentUrl":"https:\/\/secure.gravatar.com\/avatar\/b6356e21c5657c60757fe6fb9493e947?s=96&d=mm&r=g","caption":"dfgordillo"},"sameAs":["dfgordillo"],"url":"https:\/\/www.fiscalia.gov.co\/colombia\/author\/dfgordillo\/"}]}},"_links":{"self":[{"href":"https:\/\/www.fiscalia.gov.co\/colombia\/wp-json\/wp\/v2\/posts\/41227","targetHints":{"allow":["GET"]}}],"collection":[{"href":"https:\/\/www.fiscalia.gov.co\/colombia\/wp-json\/wp\/v2\/posts"}],"about":[{"href":"https:\/\/www.fiscalia.gov.co\/colombia\/wp-json\/wp\/v2\/types\/post"}],"author":[{"embeddable":true,"href":"https:\/\/www.fiscalia.gov.co\/colombia\/wp-json\/wp\/v2\/users\/143"}],"replies":[{"embeddable":true,"href":"https:\/\/www.fiscalia.gov.co\/colombia\/wp-json\/wp\/v2\/comments?post=41227"}],"version-history":[{"count":9,"href":"https:\/\/www.fiscalia.gov.co\/colombia\/wp-json\/wp\/v2\/posts\/41227\/revisions"}],"predecessor-version":[{"id":41271,"href":"https:\/\/www.fiscalia.gov.co\/colombia\/wp-json\/wp\/v2\/posts\/41227\/revisions\/41271"}],"wp:attachment":[{"href":"https:\/\/www.fiscalia.gov.co\/colombia\/wp-json\/wp\/v2\/media?parent=41227"}],"wp:term":[{"taxonomy":"category","embeddable":true,"href":"https:\/\/www.fiscalia.gov.co\/colombia\/wp-json\/wp\/v2\/categories?post=41227"},{"taxonomy":"post_tag","embeddable":true,"href":"https:\/\/www.fiscalia.gov.co\/colombia\/wp-json\/wp\/v2\/tags?post=41227"}],"curies":[{"name":"wp","href":"https:\/\/api.w.org\/{rel}","templated":true}]}}