{"id":40774,"date":"2013-11-06T15:40:30","date_gmt":"2013-11-06T20:40:30","guid":{"rendered":"http:\/\/www.fiscalia.gov.co\/colombia\/?p=40774"},"modified":"2013-11-06T16:59:47","modified_gmt":"2013-11-06T21:59:47","slug":"fiscalia-abre-tres-lineas-de-investigacion-por-caso-de-retoma-al-palacio-de-justicia","status":"publish","type":"post","link":"https:\/\/www.fiscalia.gov.co\/colombia\/noticias\/fiscalia-abre-tres-lineas-de-investigacion-por-caso-de-retoma-al-palacio-de-justicia\/","title":{"rendered":"Fiscal\u00eda abre tres l\u00edneas de investigaci\u00f3n por caso de retoma al Palacio de Justicia"},"content":{"rendered":"<p>El Fiscal General de la Naci\u00f3n, Eduardo Montealegre Lynett, anunci\u00f3 la apertura de tres l\u00edneas de investigaci\u00f3n por los hechos de la retoma del Palacio de Justicia con el fin de establecer la posible responsabilidad que pueda atribu\u00edrsele a altos mando de la Polic\u00eda en el a\u00f1o 1985.<\/p>\n<p>\u201cEspec\u00edficamente vamos a determinar si existe alg\u00fan tipo de responsabilidad del general V\u00edctor Delgado Mallarino y de las personas de la Polic\u00eda Nacional que en ese momento estuvieron en contacto con la toma del Palacio de Justicia. En segundo lugar, la otra l\u00ednea de investigaci\u00f3n es para establecer eventuales responsabilidades del Director del DAS de esa \u00e9poca, el general Maza M\u00e1rquez\u201d, dijo el jefe del ente acusador.<\/p>\n<p>La tercera l\u00ednea de investigaci\u00f3n se relaciona con la presunta responsabilidad penal que se le podr\u00eda atribuir a los ministros del expresidente Belisario Betancur, con el fin de establecer cu\u00e1les fueron las medidas que adoptaron, y si se puede atribuir o no responsabilidad por la toma de decisiones en ese momento. \u201cHay que recordar que el Tribunal Superior de Bogot\u00e1 le pidi\u00f3 al Fiscal de la Corte Penal Internacional que asumiera la investigaci\u00f3n\u00a0 en el tema del Palacio de Justicia, espec\u00edficamente frente a una eventual responsabilidad del expresidente Belisario Betancur\u201d, agreg\u00f3 el Fiscal General.<\/p>\n<p>Por otra parte, manifest\u00f3 el alto funcionario que \u201cla Fiscal\u00eda comparte la orientaci\u00f3n que le est\u00e1 dando el Consejo de Estado al calificar los hechos del Palacio como delito de lesa humanidad\u201d, luego de la reciente decisi\u00f3n del magistrado Jaime Orlando Santofimio de esa corporaci\u00f3n, en la que se estableci\u00f3 que s\u00ed se constituyen como tal, puesto que las actuaciones de la Fuerza P\u00fablica y del M-19 formaron parte de una estrategia y un ataque generalizado a la poblaci\u00f3n civil.<\/p>\n<p>Al respecto, Montealegre Lynett dijo que \u201cla Fiscal\u00eda va a solicitar a la Comisi\u00f3n de Acusaciones un informe completo sobre el estado de las investigaciones del expresidente Betancur para aunarla al proceso, teniendo en cuanta la solicitud del Tribunal Superior de Bogot\u00e1 a la Corte Penal Internacional (CPI), de que si la justicia colombiana y la Comisi\u00f3n de Acusaciones no act\u00faan, va haber una intervenci\u00f3n de la CPI en este caso\u201d.<\/p>\n<p>Igualmente indic\u00f3 el Fiscal General que antes de finalizar el a\u00f1o se resolver\u00e1 la situaci\u00f3n jur\u00eddica de altos funcionarios del Ej\u00e9rcito, entre ellos los generales Rafael Hern\u00e1ndez L\u00f3pez, Jes\u00fas Armando Arias Cabrales y Carlos Alberto Fracica Naranjo,\u00a0 por la muerte del magistrado Carlos Horacio Ur\u00e1n.<\/p>\n<p>Finalmente, advirti\u00f3 sobre la creaci\u00f3n de una comisi\u00f3n especial liderada por la Fiscal Martha Luc\u00eda Zamora, quien resalt\u00f3 que esta comisi\u00f3n \u201cest\u00e1 conformada por cient\u00edficos del Instituto Nacional de Medicina Legal, de la Universidad Nacional, el Cuerpo T\u00e9cnico de Investigaci\u00f3n (CTI), cient\u00edficos internacionales de Estados Unidos y miembros de la Polic\u00eda Cient\u00edfica Espa\u00f1ola, con el fin de reiterar el trabajo realizado sobre los restos humanos encontrados en el cementerio del sur de Bogot\u00e1, para confrontar y practicar los an\u00e1lisis de ADN, e igualmente hacer una nueva b\u00fasqueda en el pol\u00edgono de la Caballer\u00eda para encontrar posiblemente otros restos humanos\u201d.<\/p>\n<p>_______________________________________________<\/p>\n<p><strong>Declaraciones de <strong>Eduardo Montealegre Lynett,<\/strong>\u00a0Fiscal General de la Naci\u00f3n<\/strong><\/p>\n[audio:http:\/\/www.fiscalia.gov.co\/colombia\/wp-content\/uploads\/20131106a.mp3|titles=Declaraciones]\n<p><strong><a title=\"Descargar \" href=\"http:\/\/www.fiscalia.gov.co\/colombia\/wp-content\/uploads\/20131106a.mp3\" target=\"_blank\">Descargar<\/a><\/strong><\/p>\n<p>Tema:\u00a0Fiscal\u00eda abre tres l\u00edneas de investigaci\u00f3n por caso de retoma al Palacio de Justicia<br \/>\nFecha: 6 de noviembre de 2013<br \/>\nLugar: Congreso de la Rep\u00fablica. \u00a0Bogot\u00e1.<\/p>\n<p>&nbsp;<\/p>\n<p><strong>Declaraciones de Martha Luc\u00eda Zamora \u00c1vila, Fiscal Jefe Unidad Delegada ante la Corte Suprema de Justicia\u00a0<\/strong><\/p>\n[audio:http:\/\/www.fiscalia.gov.co\/colombia\/wp-content\/uploads\/20131106b.mp3|titles=Declaraciones]\n<p><strong><a title=\"Descargar \" href=\"http:\/\/www.fiscalia.gov.co\/colombia\/wp-content\/uploads\/20131106b.mp3\" target=\"_blank\">Descargar<\/a><\/strong><\/p>\n<p>Tema:\u00a0Fiscal\u00eda abre tres l\u00edneas de investigaci\u00f3n por caso de retoma al Palacio de Justicia<br \/>\nFecha: 6 de noviembre de 2013<br \/>\nLugar: Congreso de la Rep\u00fablica. \u00a0Bogot\u00e1.<\/p>\n\n<div class=\"twitter-share\"><a href=\"https:\/\/twitter.com\/intent\/tweet?via=fiscaliacol\" class=\"twitter-share-button\">Tweet<\/a><\/div>\n","protected":false},"excerpt":{"rendered":"<p>El Fiscal General de la Naci\u00f3n, Eduardo Montealegre Lynett, anunci\u00f3 la apertura de tres l\u00edneas de investigaci\u00f3n por los hechos de la retoma del Palacio de Justicia con el fin de establecer la posible responsabilidad que pueda atribu\u00edrsele a altos mando de la Polic\u00eda en el a\u00f1o 1985. \u201cEspec\u00edficamente vamos a determinar si existe alg\u00fan [&hellip;]<\/p>\n","protected":false},"author":143,"featured_media":0,"comment_status":"closed","ping_status":"open","sticky":false,"template":"","format":"standard","meta":{"_price":"","_stock":"","_tribe_ticket_header":"","_tribe_default_ticket_provider":"","_tribe_ticket_capacity":"0","_ticket_start_date":"","_ticket_end_date":"","_tribe_ticket_show_description":"","_tribe_ticket_show_not_going":false,"_tribe_ticket_use_global_stock":"","_tribe_ticket_global_stock_level":"","_global_stock_mode":"","_global_stock_cap":"","_tribe_rsvp_for_event":"","_tribe_ticket_going_count":"","_tribe_ticket_not_going_count":"","_tribe_tickets_list":"[]","_tribe_ticket_has_attendee_info_fields":false,"tdm_status":"","tdm_grid_status":"","footnotes":""},"categories":[1],"tags":[400,78],"class_list":{"0":"post-40774","1":"post","2":"type-post","3":"status-publish","4":"format-standard","6":"category-noticias","7":"tag-eduardo-montealegre-lynett","8":"tag-fiscal-general-de-la-nacion"},"yoast_head":"<!-- This site is optimized with the Yoast SEO plugin v24.3 - https:\/\/yoast.com\/wordpress\/plugins\/seo\/ -->\n<title>Fiscal\u00eda General de la Naci\u00f3n<\/title>\n<meta name=\"description\" content=\"P\u00e1gina oficial de la Fiscal\u00eda General de la Naci\u00f3n \u2013 Colombia. Garantizamos el acceso efectivo a la justicia, la verdad y la reparaci\u00f3n de las v\u00edctimas de los delitos.\" \/>\n<meta name=\"robots\" content=\"noindex, follow\" \/>\n<meta property=\"og:locale\" content=\"es_ES\" \/>\n<meta property=\"og:type\" content=\"article\" \/>\n<meta property=\"og:title\" content=\"Fiscal\u00eda General de la Naci\u00f3n\" \/>\n<meta property=\"og:description\" content=\"P\u00e1gina oficial de la Fiscal\u00eda General de la Naci\u00f3n \u2013 Colombia. Garantizamos el acceso efectivo a la justicia, la verdad y la reparaci\u00f3n de las v\u00edctimas de los delitos.\" \/>\n<meta property=\"og:url\" content=\"https:\/\/www.fiscalia.gov.co\/colombia\/noticias\/fiscalia-abre-tres-lineas-de-investigacion-por-caso-de-retoma-al-palacio-de-justicia\/\" \/>\n<meta property=\"og:site_name\" content=\"Fiscal\u00eda General de la Naci\u00f3n\" \/>\n<meta property=\"article:publisher\" content=\"https:\/\/www.facebook.com\/FiscaliaCol\" \/>\n<meta property=\"article:published_time\" content=\"2013-11-06T20:40:30+00:00\" \/>\n<meta property=\"article:modified_time\" content=\"2013-11-06T21:59:47+00:00\" \/>\n<meta name=\"author\" content=\"dfgordillo\" \/>\n<meta name=\"twitter:card\" content=\"summary_large_image\" \/>\n<meta name=\"twitter:creator\" content=\"@FiscaliaCol\" \/>\n<meta name=\"twitter:site\" content=\"@FiscaliaCol\" \/>\n<meta name=\"twitter:label1\" content=\"Escrito por\" \/>\n\t<meta name=\"twitter:data1\" content=\"dfgordillo\" \/>\n\t<meta name=\"twitter:label2\" content=\"Tiempo de lectura\" \/>\n\t<meta name=\"twitter:data2\" content=\"3 minutos\" \/>\n<script type=\"application\/ld+json\" class=\"yoast-schema-graph\">{\"@context\":\"https:\/\/schema.org\",\"@graph\":[{\"@type\":\"Article\",\"@id\":\"https:\/\/www.fiscalia.gov.co\/colombia\/noticias\/fiscalia-abre-tres-lineas-de-investigacion-por-caso-de-retoma-al-palacio-de-justicia\/#article\",\"isPartOf\":{\"@id\":\"https:\/\/www.fiscalia.gov.co\/colombia\/noticias\/fiscalia-abre-tres-lineas-de-investigacion-por-caso-de-retoma-al-palacio-de-justicia\/\"},\"author\":{\"name\":\"dfgordillo\",\"@id\":\"https:\/\/www.fiscalia.gov.co\/colombia\/#\/schema\/person\/3903856a3ce2d54b094c69eb29247895\"},\"headline\":\"Fiscal\u00eda abre tres l\u00edneas de investigaci\u00f3n por caso de retoma al Palacio de Justicia\",\"datePublished\":\"2013-11-06T20:40:30+00:00\",\"dateModified\":\"2013-11-06T21:59:47+00:00\",\"mainEntityOfPage\":{\"@id\":\"https:\/\/www.fiscalia.gov.co\/colombia\/noticias\/fiscalia-abre-tres-lineas-de-investigacion-por-caso-de-retoma-al-palacio-de-justicia\/\"},\"wordCount\":688,\"publisher\":{\"@id\":\"https:\/\/www.fiscalia.gov.co\/colombia\/#organization\"},\"keywords\":[\"Eduardo Montealegre Lynett\",\"Fiscal General de la Naci\u00f3n\"],\"articleSection\":[\"Noticias\"],\"inLanguage\":\"es-CO\"},{\"@type\":\"WebPage\",\"@id\":\"https:\/\/www.fiscalia.gov.co\/colombia\/noticias\/fiscalia-abre-tres-lineas-de-investigacion-por-caso-de-retoma-al-palacio-de-justicia\/\",\"url\":\"https:\/\/www.fiscalia.gov.co\/colombia\/noticias\/fiscalia-abre-tres-lineas-de-investigacion-por-caso-de-retoma-al-palacio-de-justicia\/\",\"name\":\"Fiscal\u00eda General de la Naci\u00f3n\",\"isPartOf\":{\"@id\":\"https:\/\/www.fiscalia.gov.co\/colombia\/#website\"},\"datePublished\":\"2013-11-06T20:40:30+00:00\",\"dateModified\":\"2013-11-06T21:59:47+00:00\",\"description\":\"P\u00e1gina oficial de la Fiscal\u00eda General de la Naci\u00f3n \u2013 Colombia. Garantizamos el acceso efectivo a la justicia, la verdad y la reparaci\u00f3n de las v\u00edctimas de los delitos.\",\"breadcrumb\":{\"@id\":\"https:\/\/www.fiscalia.gov.co\/colombia\/noticias\/fiscalia-abre-tres-lineas-de-investigacion-por-caso-de-retoma-al-palacio-de-justicia\/#breadcrumb\"},\"inLanguage\":\"es-CO\",\"potentialAction\":[{\"@type\":\"ReadAction\",\"target\":[\"https:\/\/www.fiscalia.gov.co\/colombia\/noticias\/fiscalia-abre-tres-lineas-de-investigacion-por-caso-de-retoma-al-palacio-de-justicia\/\"]}]},{\"@type\":\"BreadcrumbList\",\"@id\":\"https:\/\/www.fiscalia.gov.co\/colombia\/noticias\/fiscalia-abre-tres-lineas-de-investigacion-por-caso-de-retoma-al-palacio-de-justicia\/#breadcrumb\",\"itemListElement\":[{\"@type\":\"ListItem\",\"position\":1,\"name\":\"Home\",\"item\":\"https:\/\/www.fiscalia.gov.co\/colombia\/\"},{\"@type\":\"ListItem\",\"position\":2,\"name\":\"Fiscal\u00eda abre tres l\u00edneas de investigaci\u00f3n por caso de retoma al Palacio de Justicia\"}]},{\"@type\":\"WebSite\",\"@id\":\"https:\/\/www.fiscalia.gov.co\/colombia\/#website\",\"url\":\"https:\/\/www.fiscalia.gov.co\/colombia\/\",\"name\":\"Fiscal\u00eda General de la Naci\u00f3n\",\"description\":\"P\u00e1gina oficial de la Fiscal\u00eda General de la Naci\u00f3n \u2013 Colombia. Garantizamos el acceso efectivo a la justicia, la verdad y la reparaci\u00f3n de las v\u00edctimas de los delitos.\",\"publisher\":{\"@id\":\"https:\/\/www.fiscalia.gov.co\/colombia\/#organization\"},\"potentialAction\":[{\"@type\":\"SearchAction\",\"target\":{\"@type\":\"EntryPoint\",\"urlTemplate\":\"https:\/\/www.fiscalia.gov.co\/colombia\/?s={search_term_string}\"},\"query-input\":{\"@type\":\"PropertyValueSpecification\",\"valueRequired\":true,\"valueName\":\"search_term_string\"}}],\"inLanguage\":\"es-CO\"},{\"@type\":\"Organization\",\"@id\":\"https:\/\/www.fiscalia.gov.co\/colombia\/#organization\",\"name\":\"Fiscal\u00eda General de la Naci\u00f3n\",\"url\":\"https:\/\/www.fiscalia.gov.co\/colombia\/\",\"logo\":{\"@type\":\"ImageObject\",\"inLanguage\":\"es-CO\",\"@id\":\"https:\/\/www.fiscalia.gov.co\/colombia\/#\/schema\/logo\/image\/\",\"url\":\"https:\/\/www.fiscalia.gov.co\/colombia\/wp-content\/uploads\/LogoHorizontal_1.jpg\",\"contentUrl\":\"https:\/\/www.fiscalia.gov.co\/colombia\/wp-content\/uploads\/LogoHorizontal_1.jpg\",\"width\":300,\"height\":90,\"caption\":\"Fiscal\u00eda General de la Naci\u00f3n\"},\"image\":{\"@id\":\"https:\/\/www.fiscalia.gov.co\/colombia\/#\/schema\/logo\/image\/\"},\"sameAs\":[\"https:\/\/www.facebook.com\/FiscaliaCol\",\"https:\/\/x.com\/FiscaliaCol\",\"https:\/\/www.instagram.com\/fiscaliacol\",\"https:\/\/www.linkedin.com\/company\/fiscalia-general-de-la-naci-n\/\",\"https:\/\/youtube.com\/@fiscaliageneraldelanacion-4668?si=6nN79nyQICPU5iTh\"]},{\"@type\":\"Person\",\"@id\":\"https:\/\/www.fiscalia.gov.co\/colombia\/#\/schema\/person\/3903856a3ce2d54b094c69eb29247895\",\"name\":\"dfgordillo\",\"image\":{\"@type\":\"ImageObject\",\"inLanguage\":\"es-CO\",\"@id\":\"https:\/\/www.fiscalia.gov.co\/colombia\/#\/schema\/person\/image\/\",\"url\":\"https:\/\/secure.gravatar.com\/avatar\/b6356e21c5657c60757fe6fb9493e947?s=96&d=mm&r=g\",\"contentUrl\":\"https:\/\/secure.gravatar.com\/avatar\/b6356e21c5657c60757fe6fb9493e947?s=96&d=mm&r=g\",\"caption\":\"dfgordillo\"},\"sameAs\":[\"dfgordillo\"],\"url\":\"https:\/\/www.fiscalia.gov.co\/colombia\/author\/dfgordillo\/\"}]}<\/script>\n<!-- \/ Yoast SEO plugin. -->","yoast_head_json":{"title":"Fiscal\u00eda General de la Naci\u00f3n","description":"P\u00e1gina oficial de la Fiscal\u00eda General de la Naci\u00f3n \u2013 Colombia. Garantizamos el acceso efectivo a la justicia, la verdad y la reparaci\u00f3n de las v\u00edctimas de los delitos.","robots":{"index":"noindex","follow":"follow"},"og_locale":"es_ES","og_type":"article","og_title":"Fiscal\u00eda General de la Naci\u00f3n","og_description":"P\u00e1gina oficial de la Fiscal\u00eda General de la Naci\u00f3n \u2013 Colombia. Garantizamos el acceso efectivo a la justicia, la verdad y la reparaci\u00f3n de las v\u00edctimas de los delitos.","og_url":"https:\/\/www.fiscalia.gov.co\/colombia\/noticias\/fiscalia-abre-tres-lineas-de-investigacion-por-caso-de-retoma-al-palacio-de-justicia\/","og_site_name":"Fiscal\u00eda General de la Naci\u00f3n","article_publisher":"https:\/\/www.facebook.com\/FiscaliaCol","article_published_time":"2013-11-06T20:40:30+00:00","article_modified_time":"2013-11-06T21:59:47+00:00","author":"dfgordillo","twitter_card":"summary_large_image","twitter_creator":"@FiscaliaCol","twitter_site":"@FiscaliaCol","twitter_misc":{"Escrito por":"dfgordillo","Tiempo de lectura":"3 minutos"},"schema":{"@context":"https:\/\/schema.org","@graph":[{"@type":"Article","@id":"https:\/\/www.fiscalia.gov.co\/colombia\/noticias\/fiscalia-abre-tres-lineas-de-investigacion-por-caso-de-retoma-al-palacio-de-justicia\/#article","isPartOf":{"@id":"https:\/\/www.fiscalia.gov.co\/colombia\/noticias\/fiscalia-abre-tres-lineas-de-investigacion-por-caso-de-retoma-al-palacio-de-justicia\/"},"author":{"name":"dfgordillo","@id":"https:\/\/www.fiscalia.gov.co\/colombia\/#\/schema\/person\/3903856a3ce2d54b094c69eb29247895"},"headline":"Fiscal\u00eda abre tres l\u00edneas de investigaci\u00f3n por caso de retoma al Palacio de Justicia","datePublished":"2013-11-06T20:40:30+00:00","dateModified":"2013-11-06T21:59:47+00:00","mainEntityOfPage":{"@id":"https:\/\/www.fiscalia.gov.co\/colombia\/noticias\/fiscalia-abre-tres-lineas-de-investigacion-por-caso-de-retoma-al-palacio-de-justicia\/"},"wordCount":688,"publisher":{"@id":"https:\/\/www.fiscalia.gov.co\/colombia\/#organization"},"keywords":["Eduardo Montealegre Lynett","Fiscal General de la Naci\u00f3n"],"articleSection":["Noticias"],"inLanguage":"es-CO"},{"@type":"WebPage","@id":"https:\/\/www.fiscalia.gov.co\/colombia\/noticias\/fiscalia-abre-tres-lineas-de-investigacion-por-caso-de-retoma-al-palacio-de-justicia\/","url":"https:\/\/www.fiscalia.gov.co\/colombia\/noticias\/fiscalia-abre-tres-lineas-de-investigacion-por-caso-de-retoma-al-palacio-de-justicia\/","name":"Fiscal\u00eda General de la Naci\u00f3n","isPartOf":{"@id":"https:\/\/www.fiscalia.gov.co\/colombia\/#website"},"datePublished":"2013-11-06T20:40:30+00:00","dateModified":"2013-11-06T21:59:47+00:00","description":"P\u00e1gina oficial de la Fiscal\u00eda General de la Naci\u00f3n \u2013 Colombia. Garantizamos el acceso efectivo a la justicia, la verdad y la reparaci\u00f3n de las v\u00edctimas de los delitos.","breadcrumb":{"@id":"https:\/\/www.fiscalia.gov.co\/colombia\/noticias\/fiscalia-abre-tres-lineas-de-investigacion-por-caso-de-retoma-al-palacio-de-justicia\/#breadcrumb"},"inLanguage":"es-CO","potentialAction":[{"@type":"ReadAction","target":["https:\/\/www.fiscalia.gov.co\/colombia\/noticias\/fiscalia-abre-tres-lineas-de-investigacion-por-caso-de-retoma-al-palacio-de-justicia\/"]}]},{"@type":"BreadcrumbList","@id":"https:\/\/www.fiscalia.gov.co\/colombia\/noticias\/fiscalia-abre-tres-lineas-de-investigacion-por-caso-de-retoma-al-palacio-de-justicia\/#breadcrumb","itemListElement":[{"@type":"ListItem","position":1,"name":"Home","item":"https:\/\/www.fiscalia.gov.co\/colombia\/"},{"@type":"ListItem","position":2,"name":"Fiscal\u00eda abre tres l\u00edneas de investigaci\u00f3n por caso de retoma al Palacio de Justicia"}]},{"@type":"WebSite","@id":"https:\/\/www.fiscalia.gov.co\/colombia\/#website","url":"https:\/\/www.fiscalia.gov.co\/colombia\/","name":"Fiscal\u00eda General de la Naci\u00f3n","description":"P\u00e1gina oficial de la Fiscal\u00eda General de la Naci\u00f3n \u2013 Colombia. Garantizamos el acceso efectivo a la justicia, la verdad y la reparaci\u00f3n de las v\u00edctimas de los delitos.","publisher":{"@id":"https:\/\/www.fiscalia.gov.co\/colombia\/#organization"},"potentialAction":[{"@type":"SearchAction","target":{"@type":"EntryPoint","urlTemplate":"https:\/\/www.fiscalia.gov.co\/colombia\/?s={search_term_string}"},"query-input":{"@type":"PropertyValueSpecification","valueRequired":true,"valueName":"search_term_string"}}],"inLanguage":"es-CO"},{"@type":"Organization","@id":"https:\/\/www.fiscalia.gov.co\/colombia\/#organization","name":"Fiscal\u00eda General de la Naci\u00f3n","url":"https:\/\/www.fiscalia.gov.co\/colombia\/","logo":{"@type":"ImageObject","inLanguage":"es-CO","@id":"https:\/\/www.fiscalia.gov.co\/colombia\/#\/schema\/logo\/image\/","url":"https:\/\/www.fiscalia.gov.co\/colombia\/wp-content\/uploads\/LogoHorizontal_1.jpg","contentUrl":"https:\/\/www.fiscalia.gov.co\/colombia\/wp-content\/uploads\/LogoHorizontal_1.jpg","width":300,"height":90,"caption":"Fiscal\u00eda General de la Naci\u00f3n"},"image":{"@id":"https:\/\/www.fiscalia.gov.co\/colombia\/#\/schema\/logo\/image\/"},"sameAs":["https:\/\/www.facebook.com\/FiscaliaCol","https:\/\/x.com\/FiscaliaCol","https:\/\/www.instagram.com\/fiscaliacol","https:\/\/www.linkedin.com\/company\/fiscalia-general-de-la-naci-n\/","https:\/\/youtube.com\/@fiscaliageneraldelanacion-4668?si=6nN79nyQICPU5iTh"]},{"@type":"Person","@id":"https:\/\/www.fiscalia.gov.co\/colombia\/#\/schema\/person\/3903856a3ce2d54b094c69eb29247895","name":"dfgordillo","image":{"@type":"ImageObject","inLanguage":"es-CO","@id":"https:\/\/www.fiscalia.gov.co\/colombia\/#\/schema\/person\/image\/","url":"https:\/\/secure.gravatar.com\/avatar\/b6356e21c5657c60757fe6fb9493e947?s=96&d=mm&r=g","contentUrl":"https:\/\/secure.gravatar.com\/avatar\/b6356e21c5657c60757fe6fb9493e947?s=96&d=mm&r=g","caption":"dfgordillo"},"sameAs":["dfgordillo"],"url":"https:\/\/www.fiscalia.gov.co\/colombia\/author\/dfgordillo\/"}]}},"_links":{"self":[{"href":"https:\/\/www.fiscalia.gov.co\/colombia\/wp-json\/wp\/v2\/posts\/40774","targetHints":{"allow":["GET"]}}],"collection":[{"href":"https:\/\/www.fiscalia.gov.co\/colombia\/wp-json\/wp\/v2\/posts"}],"about":[{"href":"https:\/\/www.fiscalia.gov.co\/colombia\/wp-json\/wp\/v2\/types\/post"}],"author":[{"embeddable":true,"href":"https:\/\/www.fiscalia.gov.co\/colombia\/wp-json\/wp\/v2\/users\/143"}],"replies":[{"embeddable":true,"href":"https:\/\/www.fiscalia.gov.co\/colombia\/wp-json\/wp\/v2\/comments?post=40774"}],"version-history":[{"count":5,"href":"https:\/\/www.fiscalia.gov.co\/colombia\/wp-json\/wp\/v2\/posts\/40774\/revisions"}],"predecessor-version":[{"id":40777,"href":"https:\/\/www.fiscalia.gov.co\/colombia\/wp-json\/wp\/v2\/posts\/40774\/revisions\/40777"}],"wp:attachment":[{"href":"https:\/\/www.fiscalia.gov.co\/colombia\/wp-json\/wp\/v2\/media?parent=40774"}],"wp:term":[{"taxonomy":"category","embeddable":true,"href":"https:\/\/www.fiscalia.gov.co\/colombia\/wp-json\/wp\/v2\/categories?post=40774"},{"taxonomy":"post_tag","embeddable":true,"href":"https:\/\/www.fiscalia.gov.co\/colombia\/wp-json\/wp\/v2\/tags?post=40774"}],"curies":[{"name":"wp","href":"https:\/\/api.w.org\/{rel}","templated":true}]}}