{"id":39970,"date":"2013-10-17T10:39:12","date_gmt":"2013-10-17T15:39:12","guid":{"rendered":"http:\/\/www.fiscalia.gov.co\/colombia\/?p=39970"},"modified":"2013-11-12T11:29:11","modified_gmt":"2013-11-12T16:29:11","slug":"fiscalia-crea-nuevas-estructuras-de-apoyo","status":"publish","type":"post","link":"https:\/\/www.fiscalia.gov.co\/colombia\/noticias\/fiscalia-crea-nuevas-estructuras-de-apoyo\/","title":{"rendered":"Fiscal\u00eda crea nuevas Estructuras de Apoyo"},"content":{"rendered":"<p>En el a\u00f1o 2001, la Fiscal\u00eda General de la Naci\u00f3n firm\u00f3 un convenio de cooperaci\u00f3n con la Polic\u00eda Nacional, Ecopetrol y el Fondo Rotatorio de la Polic\u00eda Nacional para crear siete estructuras de apoyo (EDA) en regiones estrat\u00e9gicas del pa\u00eds, con el prop\u00f3sito de adelantar las investigaciones por delitos como el apoderamiento de hidrocarburos y atentados terroristas contra la infraestructura petrolera y energ\u00e9tica, entre otros.<\/p>\n<p>Las Estructuras de Apoyo creadas fueron instaladas en: Arauca (Arauca), C\u00facuta (Norte de Santander), Puerto Berr\u00edo (Antioquia), Barrancabermeja (Santander),\u00a0 Orito (Putumayo), Tumaco (Nari\u00f1o) y Cali (Valle).<\/p>\n<p>Este modelo institucional le permiti\u00f3 a la Fiscal\u00eda General de la Naci\u00f3n mejorar su capacidad investigativa en la lucha contra la delincuencia organizada, as\u00ed como tambi\u00e9n generar herramientas para la formulaci\u00f3n de pol\u00edtica criminal en las regiones donde fueron instaladas esas Estructuras de Apoyo.<\/p>\n<p><strong>Ampliaci\u00f3n del convenio <\/strong><\/p>\n<p>Ahora, en una ampliaci\u00f3n del convenio de cooperaci\u00f3n suscrito entre las mismas entidades, la Fiscal\u00eda General de la Naci\u00f3n cre\u00f3 tres nuevas Estructuras de Apoyo que estar\u00e1n ubicadas en los municipios de Saravena (Arauca), Yopal (Casanare) y Villavicencio (Meta).<\/p>\n<p>Su campo de acci\u00f3n ahora es m\u00e1s amplio y es por eso que sus funcionarios tienen competencia para investigar delitos como secuestros, homicidios, extorsi\u00f3n, da\u00f1o al medio ambiente, apoderamiento de hidrocarburos, concierto para delinquir y atentados terroristas contra la infraestructura petrolera y energ\u00e9tica, entre otros, con lo cual la Fiscal\u00eda busca reducir los \u00edndices de criminalidad en las regiones petroleras.<\/p>\n<p>La Estructura de Apoyo de Saravena tendr\u00e1 jurisdicci\u00f3n en ese municipio y en los vecinos de Fortul y Tame, en Arauca, mientras que las de Yopal y Villavicencio tendr\u00e1n jurisdicci\u00f3n en los departamentos de Casanare y Meta, respectivamente.<\/p>\n<p>Adem\u00e1s de la creaci\u00f3n de estas nuevas Estructuras de Apoyo, la Fiscal\u00eda General de la Naci\u00f3n design\u00f3 nuevos equipos de fiscales y agentes de Polic\u00eda Judicial de los grupos Gaula y Bacrim para fortalecer las EDA de Arauca (Arauca), Barrancabermeja (Santander) y Orito (Putumayo), con el prop\u00f3sito de investigar delitos como secuestro y extorsi\u00f3n, as\u00ed como tambi\u00e9n judicializar a los integrantes de las llamadas bandas criminales que hacen presencia en esas regiones del pa\u00eds.<\/p>\n<p>De esta forma, la Fiscal\u00eda General de la Naci\u00f3n cuenta ahora con diez Estructuras de Apoyo distribuidas en diferentes zonas del pa\u00eds as\u00ed: Arauca y Saravena, en Arauca, Barrancabermeja (Santander), Puerto Berr\u00edo (Antioquia), C\u00facuta (Norte de Santander), Tumaco (Nari\u00f1o), Orito (Putumayo), Cali (Valle), Yopal (Casanare) y Villavicencio (Meta).<\/p>\n<p><strong>Cerca de 1500 detenidos en los \u00faltimos a\u00f1os<\/strong><\/p>\n<p>La acci\u00f3n realizada por las diferentes Estructuras de Apoyo en el pa\u00eds permiti\u00f3 la captura y judicializaci\u00f3n de 1495 personas entre el a\u00f1o 2005 y septiembre \u00faltimo, las cuales fueron vinculadas a investigaciones por delitos contra la infraestructura petrolera del pa\u00eds.<\/p>\n<p>En el mismo periodo, los fiscales adscritos a las EDA formularon 813 imputaciones, que permitieron que 934 detenidos fueran afectados con medida de aseguramiento por jueces de control de garant\u00edas.<\/p>\n<p>En cuanto a la reducci\u00f3n de los \u00edndices de criminalidad, cifras de la Fiscal\u00eda y de la Polic\u00eda Nacional indican que el hurto de hidrocarburos se redujo de 7270 barriles diarios en el a\u00f1o 2002 a 21 barriles diarios a junio de 2013 (las cifras se toman como d\u00eda calendario), lo que indica una reducci\u00f3n de este delito superior al 95%. Tambi\u00e9n, entre el a\u00f1o 2002 y el 2012 las p\u00e9rdidas por este delito se redujeron de 106 millones de d\u00f3lares al a\u00f1o a 1,1 millones de d\u00f3lares.<\/p>\n<p>De esta forma, con la ampliaci\u00f3n del convenio de cooperaci\u00f3n la Fiscal\u00eda General de la Naci\u00f3n recibe un impulso fundamental para seguir enfrentando a la delincuencia organizada en todo el territorio nacional.<\/p>\n<p>__________________________________________________________<\/p>\n<p><strong>Declaraciones del Fiscal General de la Naci\u00f3n, Eduardo Montealegre Lynett y del Director Ejecutivo de la Asociaci\u00f3n Colombiana \u00a0del Petr\u00f3leo, Alejandro Mart\u00ednez<\/strong><\/p>\n[audio:http:\/\/www.fiscalia.gov.co\/colombia\/wp-content\/uploads\/10010108.mp3|titles=Declaraciones]\n<p><strong><a title=\"Descargar audio\" href=\"http:\/\/www.fiscalia.gov.co\/colombia\/wp-content\/uploads\/10010108.mp3\" target=\"_blank\">Descargar<\/a><\/strong><\/p>\n<p>Tema: Ampliaci\u00f3n de convenio de cooperaci\u00f3n entre la Fiscal\u00eda General de la Naci\u00f3n y la\u00a0Asociaci\u00f3n Colombiana \u00a0del Petr\u00f3leo, Alejandro Mart\u00ednez<br \/>\nFecha: 17 de octubre de 2013<br \/>\nLugar: Nivel Central Fiscal\u00eda General de la Naci\u00f3n. Bogot\u00e1, D. C.<\/p>\n\n<div class=\"twitter-share\"><a href=\"https:\/\/twitter.com\/intent\/tweet?via=fiscaliacol\" class=\"twitter-share-button\">Tweet<\/a><\/div>\n","protected":false},"excerpt":{"rendered":"<p>En el a\u00f1o 2001, la Fiscal\u00eda General de la Naci\u00f3n firm\u00f3 un convenio de cooperaci\u00f3n con la Polic\u00eda Nacional, Ecopetrol y el Fondo Rotatorio de la Polic\u00eda Nacional para crear siete estructuras de apoyo (EDA) en regiones estrat\u00e9gicas del pa\u00eds<\/p>\n","protected":false},"author":143,"featured_media":0,"comment_status":"closed","ping_status":"open","sticky":false,"template":"","format":"standard","meta":{"tdm_status":"","tdm_grid_status":"","footnotes":""},"categories":[1],"tags":[400,5176,78],"class_list":{"0":"post-39970","1":"post","2":"type-post","3":"status-publish","4":"format-standard","6":"category-noticias","7":"tag-eduardo-montealegre-lynett","8":"tag-estructuras-de-apoyo","9":"tag-fiscal-general-de-la-nacion"},"yoast_head":"<!-- This site is optimized with the Yoast SEO plugin v24.3 - https:\/\/yoast.com\/wordpress\/plugins\/seo\/ -->\n<title>Fiscal\u00eda General de la Naci\u00f3n<\/title>\n<meta name=\"description\" content=\"P\u00e1gina oficial de la Fiscal\u00eda General de la Naci\u00f3n \u2013 Colombia. Garantizamos el acceso efectivo a la justicia, la verdad y la reparaci\u00f3n de las v\u00edctimas de los delitos.\" \/>\n<meta name=\"robots\" content=\"noindex, follow\" \/>\n<meta property=\"og:locale\" content=\"es_ES\" \/>\n<meta property=\"og:type\" content=\"article\" \/>\n<meta property=\"og:title\" content=\"Fiscal\u00eda General de la Naci\u00f3n\" \/>\n<meta property=\"og:description\" content=\"P\u00e1gina oficial de la Fiscal\u00eda General de la Naci\u00f3n \u2013 Colombia. Garantizamos el acceso efectivo a la justicia, la verdad y la reparaci\u00f3n de las v\u00edctimas de los delitos.\" \/>\n<meta property=\"og:url\" content=\"https:\/\/www.fiscalia.gov.co\/colombia\/noticias\/fiscalia-crea-nuevas-estructuras-de-apoyo\/\" \/>\n<meta property=\"og:site_name\" content=\"Fiscal\u00eda General de la Naci\u00f3n\" \/>\n<meta property=\"article:publisher\" content=\"https:\/\/www.facebook.com\/FiscaliaCol\" \/>\n<meta property=\"article:published_time\" content=\"2013-10-17T15:39:12+00:00\" \/>\n<meta property=\"article:modified_time\" content=\"2013-11-12T16:29:11+00:00\" \/>\n<meta name=\"author\" content=\"dfgordillo\" \/>\n<meta name=\"twitter:card\" content=\"summary_large_image\" \/>\n<meta name=\"twitter:creator\" content=\"@FiscaliaCol\" \/>\n<meta name=\"twitter:site\" content=\"@FiscaliaCol\" \/>\n<meta name=\"twitter:label1\" content=\"Escrito por\" \/>\n\t<meta name=\"twitter:data1\" content=\"dfgordillo\" \/>\n\t<meta name=\"twitter:label2\" content=\"Tiempo de lectura\" \/>\n\t<meta name=\"twitter:data2\" content=\"4 minutos\" \/>\n<script type=\"application\/ld+json\" class=\"yoast-schema-graph\">{\"@context\":\"https:\/\/schema.org\",\"@graph\":[{\"@type\":\"Article\",\"@id\":\"https:\/\/www.fiscalia.gov.co\/colombia\/noticias\/fiscalia-crea-nuevas-estructuras-de-apoyo\/#article\",\"isPartOf\":{\"@id\":\"https:\/\/www.fiscalia.gov.co\/colombia\/noticias\/fiscalia-crea-nuevas-estructuras-de-apoyo\/\"},\"author\":{\"name\":\"dfgordillo\",\"@id\":\"https:\/\/www.fiscalia.gov.co\/colombia\/#\/schema\/person\/3903856a3ce2d54b094c69eb29247895\"},\"headline\":\"Fiscal\u00eda crea nuevas Estructuras de Apoyo\",\"datePublished\":\"2013-10-17T15:39:12+00:00\",\"dateModified\":\"2013-11-12T16:29:11+00:00\",\"mainEntityOfPage\":{\"@id\":\"https:\/\/www.fiscalia.gov.co\/colombia\/noticias\/fiscalia-crea-nuevas-estructuras-de-apoyo\/\"},\"wordCount\":743,\"publisher\":{\"@id\":\"https:\/\/www.fiscalia.gov.co\/colombia\/#organization\"},\"keywords\":[\"Eduardo Montealegre Lynett\",\"Estructuras de Apoyo\",\"Fiscal General de la Naci\u00f3n\"],\"articleSection\":[\"Noticias\"],\"inLanguage\":\"es-CO\"},{\"@type\":\"WebPage\",\"@id\":\"https:\/\/www.fiscalia.gov.co\/colombia\/noticias\/fiscalia-crea-nuevas-estructuras-de-apoyo\/\",\"url\":\"https:\/\/www.fiscalia.gov.co\/colombia\/noticias\/fiscalia-crea-nuevas-estructuras-de-apoyo\/\",\"name\":\"Fiscal\u00eda General de la Naci\u00f3n\",\"isPartOf\":{\"@id\":\"https:\/\/www.fiscalia.gov.co\/colombia\/#website\"},\"datePublished\":\"2013-10-17T15:39:12+00:00\",\"dateModified\":\"2013-11-12T16:29:11+00:00\",\"description\":\"P\u00e1gina oficial de la Fiscal\u00eda General de la Naci\u00f3n \u2013 Colombia. Garantizamos el acceso efectivo a la justicia, la verdad y la reparaci\u00f3n de las v\u00edctimas de los delitos.\",\"breadcrumb\":{\"@id\":\"https:\/\/www.fiscalia.gov.co\/colombia\/noticias\/fiscalia-crea-nuevas-estructuras-de-apoyo\/#breadcrumb\"},\"inLanguage\":\"es-CO\",\"potentialAction\":[{\"@type\":\"ReadAction\",\"target\":[\"https:\/\/www.fiscalia.gov.co\/colombia\/noticias\/fiscalia-crea-nuevas-estructuras-de-apoyo\/\"]}]},{\"@type\":\"BreadcrumbList\",\"@id\":\"https:\/\/www.fiscalia.gov.co\/colombia\/noticias\/fiscalia-crea-nuevas-estructuras-de-apoyo\/#breadcrumb\",\"itemListElement\":[{\"@type\":\"ListItem\",\"position\":1,\"name\":\"Home\",\"item\":\"https:\/\/www.fiscalia.gov.co\/colombia\/\"},{\"@type\":\"ListItem\",\"position\":2,\"name\":\"Fiscal\u00eda crea nuevas Estructuras de Apoyo\"}]},{\"@type\":\"WebSite\",\"@id\":\"https:\/\/www.fiscalia.gov.co\/colombia\/#website\",\"url\":\"https:\/\/www.fiscalia.gov.co\/colombia\/\",\"name\":\"Fiscal\u00eda General de la Naci\u00f3n\",\"description\":\"P\u00e1gina oficial de la Fiscal\u00eda General de la Naci\u00f3n \u2013 Colombia. Garantizamos el acceso efectivo a la justicia, la verdad y la reparaci\u00f3n de las v\u00edctimas de los delitos.\",\"publisher\":{\"@id\":\"https:\/\/www.fiscalia.gov.co\/colombia\/#organization\"},\"potentialAction\":[{\"@type\":\"SearchAction\",\"target\":{\"@type\":\"EntryPoint\",\"urlTemplate\":\"https:\/\/www.fiscalia.gov.co\/colombia\/?s={search_term_string}\"},\"query-input\":{\"@type\":\"PropertyValueSpecification\",\"valueRequired\":true,\"valueName\":\"search_term_string\"}}],\"inLanguage\":\"es-CO\"},{\"@type\":\"Organization\",\"@id\":\"https:\/\/www.fiscalia.gov.co\/colombia\/#organization\",\"name\":\"Fiscal\u00eda General de la Naci\u00f3n\",\"url\":\"https:\/\/www.fiscalia.gov.co\/colombia\/\",\"logo\":{\"@type\":\"ImageObject\",\"inLanguage\":\"es-CO\",\"@id\":\"https:\/\/www.fiscalia.gov.co\/colombia\/#\/schema\/logo\/image\/\",\"url\":\"https:\/\/www.fiscalia.gov.co\/colombia\/wp-content\/uploads\/LogoHorizontal_1.jpg\",\"contentUrl\":\"https:\/\/www.fiscalia.gov.co\/colombia\/wp-content\/uploads\/LogoHorizontal_1.jpg\",\"width\":300,\"height\":90,\"caption\":\"Fiscal\u00eda General de la Naci\u00f3n\"},\"image\":{\"@id\":\"https:\/\/www.fiscalia.gov.co\/colombia\/#\/schema\/logo\/image\/\"},\"sameAs\":[\"https:\/\/www.facebook.com\/FiscaliaCol\",\"https:\/\/x.com\/FiscaliaCol\",\"https:\/\/www.instagram.com\/fiscaliacol\",\"https:\/\/www.linkedin.com\/company\/fiscalia-general-de-la-naci-n\/\",\"https:\/\/youtube.com\/@fiscaliageneraldelanacion-4668?si=6nN79nyQICPU5iTh\"]},{\"@type\":\"Person\",\"@id\":\"https:\/\/www.fiscalia.gov.co\/colombia\/#\/schema\/person\/3903856a3ce2d54b094c69eb29247895\",\"name\":\"dfgordillo\",\"image\":{\"@type\":\"ImageObject\",\"inLanguage\":\"es-CO\",\"@id\":\"https:\/\/www.fiscalia.gov.co\/colombia\/#\/schema\/person\/image\/\",\"url\":\"https:\/\/secure.gravatar.com\/avatar\/b6356e21c5657c60757fe6fb9493e947?s=96&d=mm&r=g\",\"contentUrl\":\"https:\/\/secure.gravatar.com\/avatar\/b6356e21c5657c60757fe6fb9493e947?s=96&d=mm&r=g\",\"caption\":\"dfgordillo\"},\"sameAs\":[\"dfgordillo\"],\"url\":\"https:\/\/www.fiscalia.gov.co\/colombia\/author\/dfgordillo\/\"}]}<\/script>\n<!-- \/ Yoast SEO plugin. -->","yoast_head_json":{"title":"Fiscal\u00eda General de la Naci\u00f3n","description":"P\u00e1gina oficial de la Fiscal\u00eda General de la Naci\u00f3n \u2013 Colombia. Garantizamos el acceso efectivo a la justicia, la verdad y la reparaci\u00f3n de las v\u00edctimas de los delitos.","robots":{"index":"noindex","follow":"follow"},"og_locale":"es_ES","og_type":"article","og_title":"Fiscal\u00eda General de la Naci\u00f3n","og_description":"P\u00e1gina oficial de la Fiscal\u00eda General de la Naci\u00f3n \u2013 Colombia. Garantizamos el acceso efectivo a la justicia, la verdad y la reparaci\u00f3n de las v\u00edctimas de los delitos.","og_url":"https:\/\/www.fiscalia.gov.co\/colombia\/noticias\/fiscalia-crea-nuevas-estructuras-de-apoyo\/","og_site_name":"Fiscal\u00eda General de la Naci\u00f3n","article_publisher":"https:\/\/www.facebook.com\/FiscaliaCol","article_published_time":"2013-10-17T15:39:12+00:00","article_modified_time":"2013-11-12T16:29:11+00:00","author":"dfgordillo","twitter_card":"summary_large_image","twitter_creator":"@FiscaliaCol","twitter_site":"@FiscaliaCol","twitter_misc":{"Escrito por":"dfgordillo","Tiempo de lectura":"4 minutos"},"schema":{"@context":"https:\/\/schema.org","@graph":[{"@type":"Article","@id":"https:\/\/www.fiscalia.gov.co\/colombia\/noticias\/fiscalia-crea-nuevas-estructuras-de-apoyo\/#article","isPartOf":{"@id":"https:\/\/www.fiscalia.gov.co\/colombia\/noticias\/fiscalia-crea-nuevas-estructuras-de-apoyo\/"},"author":{"name":"dfgordillo","@id":"https:\/\/www.fiscalia.gov.co\/colombia\/#\/schema\/person\/3903856a3ce2d54b094c69eb29247895"},"headline":"Fiscal\u00eda crea nuevas Estructuras de Apoyo","datePublished":"2013-10-17T15:39:12+00:00","dateModified":"2013-11-12T16:29:11+00:00","mainEntityOfPage":{"@id":"https:\/\/www.fiscalia.gov.co\/colombia\/noticias\/fiscalia-crea-nuevas-estructuras-de-apoyo\/"},"wordCount":743,"publisher":{"@id":"https:\/\/www.fiscalia.gov.co\/colombia\/#organization"},"keywords":["Eduardo Montealegre Lynett","Estructuras de Apoyo","Fiscal General de la Naci\u00f3n"],"articleSection":["Noticias"],"inLanguage":"es-CO"},{"@type":"WebPage","@id":"https:\/\/www.fiscalia.gov.co\/colombia\/noticias\/fiscalia-crea-nuevas-estructuras-de-apoyo\/","url":"https:\/\/www.fiscalia.gov.co\/colombia\/noticias\/fiscalia-crea-nuevas-estructuras-de-apoyo\/","name":"Fiscal\u00eda General de la Naci\u00f3n","isPartOf":{"@id":"https:\/\/www.fiscalia.gov.co\/colombia\/#website"},"datePublished":"2013-10-17T15:39:12+00:00","dateModified":"2013-11-12T16:29:11+00:00","description":"P\u00e1gina oficial de la Fiscal\u00eda General de la Naci\u00f3n \u2013 Colombia. Garantizamos el acceso efectivo a la justicia, la verdad y la reparaci\u00f3n de las v\u00edctimas de los delitos.","breadcrumb":{"@id":"https:\/\/www.fiscalia.gov.co\/colombia\/noticias\/fiscalia-crea-nuevas-estructuras-de-apoyo\/#breadcrumb"},"inLanguage":"es-CO","potentialAction":[{"@type":"ReadAction","target":["https:\/\/www.fiscalia.gov.co\/colombia\/noticias\/fiscalia-crea-nuevas-estructuras-de-apoyo\/"]}]},{"@type":"BreadcrumbList","@id":"https:\/\/www.fiscalia.gov.co\/colombia\/noticias\/fiscalia-crea-nuevas-estructuras-de-apoyo\/#breadcrumb","itemListElement":[{"@type":"ListItem","position":1,"name":"Home","item":"https:\/\/www.fiscalia.gov.co\/colombia\/"},{"@type":"ListItem","position":2,"name":"Fiscal\u00eda crea nuevas Estructuras de Apoyo"}]},{"@type":"WebSite","@id":"https:\/\/www.fiscalia.gov.co\/colombia\/#website","url":"https:\/\/www.fiscalia.gov.co\/colombia\/","name":"Fiscal\u00eda General de la Naci\u00f3n","description":"P\u00e1gina oficial de la Fiscal\u00eda General de la Naci\u00f3n \u2013 Colombia. Garantizamos el acceso efectivo a la justicia, la verdad y la reparaci\u00f3n de las v\u00edctimas de los delitos.","publisher":{"@id":"https:\/\/www.fiscalia.gov.co\/colombia\/#organization"},"potentialAction":[{"@type":"SearchAction","target":{"@type":"EntryPoint","urlTemplate":"https:\/\/www.fiscalia.gov.co\/colombia\/?s={search_term_string}"},"query-input":{"@type":"PropertyValueSpecification","valueRequired":true,"valueName":"search_term_string"}}],"inLanguage":"es-CO"},{"@type":"Organization","@id":"https:\/\/www.fiscalia.gov.co\/colombia\/#organization","name":"Fiscal\u00eda General de la Naci\u00f3n","url":"https:\/\/www.fiscalia.gov.co\/colombia\/","logo":{"@type":"ImageObject","inLanguage":"es-CO","@id":"https:\/\/www.fiscalia.gov.co\/colombia\/#\/schema\/logo\/image\/","url":"https:\/\/www.fiscalia.gov.co\/colombia\/wp-content\/uploads\/LogoHorizontal_1.jpg","contentUrl":"https:\/\/www.fiscalia.gov.co\/colombia\/wp-content\/uploads\/LogoHorizontal_1.jpg","width":300,"height":90,"caption":"Fiscal\u00eda General de la Naci\u00f3n"},"image":{"@id":"https:\/\/www.fiscalia.gov.co\/colombia\/#\/schema\/logo\/image\/"},"sameAs":["https:\/\/www.facebook.com\/FiscaliaCol","https:\/\/x.com\/FiscaliaCol","https:\/\/www.instagram.com\/fiscaliacol","https:\/\/www.linkedin.com\/company\/fiscalia-general-de-la-naci-n\/","https:\/\/youtube.com\/@fiscaliageneraldelanacion-4668?si=6nN79nyQICPU5iTh"]},{"@type":"Person","@id":"https:\/\/www.fiscalia.gov.co\/colombia\/#\/schema\/person\/3903856a3ce2d54b094c69eb29247895","name":"dfgordillo","image":{"@type":"ImageObject","inLanguage":"es-CO","@id":"https:\/\/www.fiscalia.gov.co\/colombia\/#\/schema\/person\/image\/","url":"https:\/\/secure.gravatar.com\/avatar\/b6356e21c5657c60757fe6fb9493e947?s=96&d=mm&r=g","contentUrl":"https:\/\/secure.gravatar.com\/avatar\/b6356e21c5657c60757fe6fb9493e947?s=96&d=mm&r=g","caption":"dfgordillo"},"sameAs":["dfgordillo"],"url":"https:\/\/www.fiscalia.gov.co\/colombia\/author\/dfgordillo\/"}]}},"_links":{"self":[{"href":"https:\/\/www.fiscalia.gov.co\/colombia\/wp-json\/wp\/v2\/posts\/39970","targetHints":{"allow":["GET"]}}],"collection":[{"href":"https:\/\/www.fiscalia.gov.co\/colombia\/wp-json\/wp\/v2\/posts"}],"about":[{"href":"https:\/\/www.fiscalia.gov.co\/colombia\/wp-json\/wp\/v2\/types\/post"}],"author":[{"embeddable":true,"href":"https:\/\/www.fiscalia.gov.co\/colombia\/wp-json\/wp\/v2\/users\/143"}],"replies":[{"embeddable":true,"href":"https:\/\/www.fiscalia.gov.co\/colombia\/wp-json\/wp\/v2\/comments?post=39970"}],"version-history":[{"count":9,"href":"https:\/\/www.fiscalia.gov.co\/colombia\/wp-json\/wp\/v2\/posts\/39970\/revisions"}],"predecessor-version":[{"id":39975,"href":"https:\/\/www.fiscalia.gov.co\/colombia\/wp-json\/wp\/v2\/posts\/39970\/revisions\/39975"}],"wp:attachment":[{"href":"https:\/\/www.fiscalia.gov.co\/colombia\/wp-json\/wp\/v2\/media?parent=39970"}],"wp:term":[{"taxonomy":"category","embeddable":true,"href":"https:\/\/www.fiscalia.gov.co\/colombia\/wp-json\/wp\/v2\/categories?post=39970"},{"taxonomy":"post_tag","embeddable":true,"href":"https:\/\/www.fiscalia.gov.co\/colombia\/wp-json\/wp\/v2\/tags?post=39970"}],"curies":[{"name":"wp","href":"https:\/\/api.w.org\/{rel}","templated":true}]}}