{"id":39882,"date":"2013-10-16T11:58:58","date_gmt":"2013-10-16T16:58:58","guid":{"rendered":"http:\/\/www.fiscalia.gov.co\/colombia\/?p=39882"},"modified":"2013-10-16T15:56:55","modified_gmt":"2013-10-16T20:56:55","slug":"por-primera-vez-fiscal-general-emite-concepto-ante-la-corte-suprema-en-proceso-de-extradicion","status":"publish","type":"post","link":"https:\/\/www.fiscalia.gov.co\/colombia\/noticias\/por-primera-vez-fiscal-general-emite-concepto-ante-la-corte-suprema-en-proceso-de-extradicion\/","title":{"rendered":"Fiscal General avala extradici\u00f3n de implicados en el homicidio de agente de la DEA por paseo millonario"},"content":{"rendered":"<p style=\"text-align: left;\"><em><br \/>\nPor primera vez Fiscal General emite concepto ante la Corte Suprema en proceso de extradici\u00f3n.<br \/>\n<\/em><\/p>\n<p>Amparado en las facultades que le otorga la Constituci\u00f3n Pol\u00edtica de Colombia y en atenci\u00f3n al inter\u00e9s jur\u00eddico de la Fiscal\u00eda en materia de pol\u00edtica criminal el Fiscal General de la Naci\u00f3n, Eduardo Montealegre Lynett, emiti\u00f3 concepto favorable, ante la Corte Suprema de Justicia, frente a la solicitud de extradici\u00f3n de siete\u00a0 personas implicadas en el homicidio del agente de la DEA, James Terry Watson.<\/p>\n<p>Entre los argumentos jur\u00eddicos por los cuales el Fiscal General de la Naci\u00f3n consider\u00f3 pertinente emitir \u2014por primera vez\u2014 un concepto en materia de extradici\u00f3n, se destaca que la Fiscal\u00eda es parte del procedimiento de extradici\u00f3n desde la captura de los ciudadanos requeridos hasta su entrega al Estado requirente o en caso contrario ordenar su libertad, raz\u00f3n por la cual mantiene un inter\u00e9s procesal en la decisi\u00f3n que pueda adoptar la Corte Suprema de Justicia.<\/p>\n<p>Adem\u00e1s, en atenci\u00f3n a las funciones que d\u00eda a d\u00eda desarrolla la Fiscal\u00eda General de la Naci\u00f3n en materia de pol\u00edtica criminal, as\u00ed como su constante participaci\u00f3n en el proceso penal, se\u00f1al\u00f3 lo siguiente: \u201cresulta razonable la intervenci\u00f3n de esta instituci\u00f3n en el presente proceso con el fin de: 1) armonizar las obligaciones constitucionales inherentes a la persecuci\u00f3n penal; 2) orientar por esta v\u00eda, acciones concretas de pol\u00edtica criminal; y 3) contribuir con la labor legalmente encomendada a la H. Corte Suprema de Justicia, cuando la misma lo juzgue conveniente\u201d.<\/p>\n<p>Teniendo en cuenta que en materia de extradici\u00f3n la ley solo otorga facultades al Gobierno Nacional y a la Corte Suprema de Justicia para decidir sobre el otorgamiento de la extradici\u00f3n de un ciudadano colombiano a un gobierno extranjero, la intervenci\u00f3n del Fiscal General se limit\u00f3 a brindar un\u00a0 concepto jur\u00eddico.<\/p>\n<p>La facultad que tiene la Fiscal\u00eda para intervenir en tr\u00e1mites de extradici\u00f3n a trav\u00e9s de un concepto jur\u00eddico, como es el caso en referencia, est\u00e1 precisada por la jurisprudencia constitucional al se\u00f1alar que \u201cla Fiscal\u00eda como principal ejecutor de las normas penales y de procedimiento penal tiene acceso a informaci\u00f3n privilegiada sobre las dificultades y posibilidades de aplicaci\u00f3n de ciertas instituciones penales, tiene una visi\u00f3n de conjunto sobre el fen\u00f3meno criminal [\u2026] y puede identificar prioridades inatendidas y necesidades desapercibidas del sistema penal\u201d.<\/p>\n<p>Con base en la anterior argumentaci\u00f3n\u00a0 jur\u00eddica el Fiscal General de la Naci\u00f3n, Eduardo Montealegre Lynett,\u00a0 le solicit\u00f3 a la Corte Suprema emitir concepto favorable a la extradici\u00f3n de Andr\u00e9s Alvaro Oviedo Garc\u00eda, H\u00e9ctor Leonardo L\u00f3pez, Julio Stiven Garc\u00eda Ram\u00edrez, \u00c9dgar Javier Bello Murillo, Wilson Daniel Peralt Bocachica, \u00d3mar Fabi\u00e1n Vald\u00e9s Gualtero y Edwin Gerardo Figueroa Sep\u00falveda, por los hechos ocurridos en Bogot\u00e1 el 20 de junio de 2013.<\/p>\n<p>Aunque el homicidio del agente Watson ocurri\u00f3 en Colombia y teniendo en cuenta que el art\u00edculo 3 de la Convenci\u00f3n sobre la Prevenci\u00f3n y el Castigo de Delitos contra Personas Internacionalmente Protegidas, inclusive a los Agentes Diplom\u00e1ticos, confiere jurisdicci\u00f3n al Estado de donde es natural la v\u00edctima, es, a juicio del Fiscal General, la raz\u00f3n fundamental por la que en este caso procede la extradici\u00f3n de los siete connacionales a los Estados Unidos.<\/p>\n<p>Aunque entre Colombia y Estados Unidos no existe un tratado de extradici\u00f3n, para el caso en estudio, esta Convenci\u00f3n est\u00e1 llamada a regular la presente extradici\u00f3n por las siguientes razones: 1) es un instrumento destinado a proteger a personas que por ser funcionarias o agentes estatales gozan de cierto estatus espec\u00edfico, como el caso del ciudadano estadounidense James Terry Watson, quien era un agente de la DEA; 2) el instrumento castiga delitos cometidos contra estas personas protegidas en las que se incluye el homicidio, delito del cual fue v\u00edctima el se\u00f1or Watson; y 3) la Convenci\u00f3n dispone de una cl\u00e1usula expresa de extradici\u00f3n entre la partes del tratado.<\/p>\n<p>En segundo lugar, se dice que el art\u00edculo 35 de la Constituci\u00f3n Pol\u00edtica de Colombia, el cual regula la extradici\u00f3n en Colombia, no proh\u00edbe la extradici\u00f3n de colombianos de nacimiento por delitos cometidos en territorio nacional. Aunque esta prohibici\u00f3n exist\u00eda en el texto original del art\u00edculo 35, el cual fue modificado por el acto legislativo 01 de 1997, que s\u00f3lo dej\u00f3 dos prohibiciones: (i) cuando se trata de delitos pol\u00edticos; y (ii) por hechos cometidos antes de la promulgaci\u00f3n de esa norma.<\/p>\n<p>As\u00ed las cosas, para el Fiscal General no existe prohibici\u00f3n constitucional que impida conceder la extradici\u00f3n de los colombianos que atentaron contra la vida del agente de la DEA James Terry Watson.<\/p>\n<p>____________________________________________________<\/p>\n<p><strong>Declaraciones del Fiscal General de la Naci\u00f3n, Eduardo Montealegre Lynett<\/strong><\/p>\n[media url=&#8221;http:\/\/www.fiscalia.gov.co\/colombia\/wp-content\/uploads\/20131016.mp4&#8243; width=&#8221;512&#8243; height=&#8221;340&#8243; jwplayer=&#8221;controlbar=bottom&#8221;]\n<p><a title=\"Descargar video\" href=\"http:\/\/www.fiscalia.gov.co\/colombia\/wp-content\/uploads\/20131016.mp4\" target=\"_blank\"><br \/>\n<strong>Descargar<\/strong><\/a><\/p>\n<p>Tema:\u00a0Fiscal General avala extradici\u00f3n de implicados en el homicidio de agente de la DEA por paseo millonario<br \/>\nLugar: Oficina de Protecci\u00f3n y Asistencia (Cra. 13 No. 73-50)<br \/>\nFecha: 16 de octubre de 2013<\/p>\n\n<div class=\"twitter-share\"><a href=\"https:\/\/twitter.com\/intent\/tweet?via=fiscaliacol\" class=\"twitter-share-button\">Tweet<\/a><\/div>\n","protected":false},"excerpt":{"rendered":"<p>Por primera vez Fiscal General emite concepto ante la Corte Suprema en proceso de extradici\u00f3n. Amparado en las facultades que le otorga la Constituci\u00f3n Pol\u00edtica de Colombia y en atenci\u00f3n al inter\u00e9s jur\u00eddico de la Fiscal\u00eda en materia de pol\u00edtica criminal el Fiscal General de la Naci\u00f3n, Eduardo Montealegre Lynett, emiti\u00f3 concepto favorable, ante la [&hellip;]<\/p>\n","protected":false},"author":143,"featured_media":0,"comment_status":"closed","ping_status":"open","sticky":false,"template":"","format":"standard","meta":{"_price":"","_stock":"","_tribe_ticket_header":"","_tribe_default_ticket_provider":"","_tribe_ticket_capacity":"0","_ticket_start_date":"","_ticket_end_date":"","_tribe_ticket_show_description":"","_tribe_ticket_show_not_going":false,"_tribe_ticket_use_global_stock":"","_tribe_ticket_global_stock_level":"","_global_stock_mode":"","_global_stock_cap":"","_tribe_rsvp_for_event":"","_tribe_ticket_going_count":"","_tribe_ticket_not_going_count":"","_tribe_tickets_list":"[]","_tribe_ticket_has_attendee_info_fields":false,"tdm_status":"","tdm_grid_status":"","footnotes":""},"categories":[1],"tags":[3563,2300,78,5166],"class_list":{"0":"post-39882","1":"post","2":"type-post","3":"status-publish","4":"format-standard","6":"category-noticias","7":"tag-corte-suprema-de-justicia","8":"tag-extradicion","9":"tag-fiscal-general-de-la-nacion","10":"tag-james-terry-watson"},"yoast_head":"<!-- This site is optimized with the Yoast SEO plugin v24.3 - https:\/\/yoast.com\/wordpress\/plugins\/seo\/ -->\n<title>Fiscal\u00eda General de la Naci\u00f3n<\/title>\n<meta name=\"description\" content=\"P\u00e1gina oficial de la Fiscal\u00eda General de la Naci\u00f3n \u2013 Colombia. Garantizamos el acceso efectivo a la justicia, la verdad y la reparaci\u00f3n de las v\u00edctimas de los delitos.\" \/>\n<meta name=\"robots\" content=\"noindex, follow\" \/>\n<meta property=\"og:locale\" content=\"es_ES\" \/>\n<meta property=\"og:type\" content=\"article\" \/>\n<meta property=\"og:title\" content=\"Fiscal\u00eda General de la Naci\u00f3n\" \/>\n<meta property=\"og:description\" content=\"P\u00e1gina oficial de la Fiscal\u00eda General de la Naci\u00f3n \u2013 Colombia. Garantizamos el acceso efectivo a la justicia, la verdad y la reparaci\u00f3n de las v\u00edctimas de los delitos.\" \/>\n<meta property=\"og:url\" content=\"https:\/\/www.fiscalia.gov.co\/colombia\/noticias\/por-primera-vez-fiscal-general-emite-concepto-ante-la-corte-suprema-en-proceso-de-extradicion\/\" \/>\n<meta property=\"og:site_name\" content=\"Fiscal\u00eda General de la Naci\u00f3n\" \/>\n<meta property=\"article:publisher\" content=\"https:\/\/www.facebook.com\/FiscaliaCol\" \/>\n<meta property=\"article:published_time\" content=\"2013-10-16T16:58:58+00:00\" \/>\n<meta property=\"article:modified_time\" content=\"2013-10-16T20:56:55+00:00\" \/>\n<meta name=\"author\" content=\"dfgordillo\" \/>\n<meta name=\"twitter:card\" content=\"summary_large_image\" \/>\n<meta name=\"twitter:creator\" content=\"@FiscaliaCol\" \/>\n<meta name=\"twitter:site\" content=\"@FiscaliaCol\" \/>\n<meta name=\"twitter:label1\" content=\"Escrito por\" \/>\n\t<meta name=\"twitter:data1\" content=\"dfgordillo\" \/>\n\t<meta name=\"twitter:label2\" content=\"Tiempo de lectura\" \/>\n\t<meta name=\"twitter:data2\" content=\"4 minutos\" \/>\n<script type=\"application\/ld+json\" class=\"yoast-schema-graph\">{\"@context\":\"https:\/\/schema.org\",\"@graph\":[{\"@type\":\"Article\",\"@id\":\"https:\/\/www.fiscalia.gov.co\/colombia\/noticias\/por-primera-vez-fiscal-general-emite-concepto-ante-la-corte-suprema-en-proceso-de-extradicion\/#article\",\"isPartOf\":{\"@id\":\"https:\/\/www.fiscalia.gov.co\/colombia\/noticias\/por-primera-vez-fiscal-general-emite-concepto-ante-la-corte-suprema-en-proceso-de-extradicion\/\"},\"author\":{\"name\":\"dfgordillo\",\"@id\":\"https:\/\/www.fiscalia.gov.co\/colombia\/#\/schema\/person\/3903856a3ce2d54b094c69eb29247895\"},\"headline\":\"Fiscal General avala extradici\u00f3n de implicados en el homicidio de agente de la DEA por paseo millonario\",\"datePublished\":\"2013-10-16T16:58:58+00:00\",\"dateModified\":\"2013-10-16T20:56:55+00:00\",\"mainEntityOfPage\":{\"@id\":\"https:\/\/www.fiscalia.gov.co\/colombia\/noticias\/por-primera-vez-fiscal-general-emite-concepto-ante-la-corte-suprema-en-proceso-de-extradicion\/\"},\"wordCount\":899,\"publisher\":{\"@id\":\"https:\/\/www.fiscalia.gov.co\/colombia\/#organization\"},\"keywords\":[\"Corte Suprema de Justicia\",\"Extradici\u00f3n\",\"Fiscal General de la Naci\u00f3n\",\"James Terry Watson\"],\"articleSection\":[\"Noticias\"],\"inLanguage\":\"es-CO\"},{\"@type\":\"WebPage\",\"@id\":\"https:\/\/www.fiscalia.gov.co\/colombia\/noticias\/por-primera-vez-fiscal-general-emite-concepto-ante-la-corte-suprema-en-proceso-de-extradicion\/\",\"url\":\"https:\/\/www.fiscalia.gov.co\/colombia\/noticias\/por-primera-vez-fiscal-general-emite-concepto-ante-la-corte-suprema-en-proceso-de-extradicion\/\",\"name\":\"Fiscal\u00eda General de la Naci\u00f3n\",\"isPartOf\":{\"@id\":\"https:\/\/www.fiscalia.gov.co\/colombia\/#website\"},\"datePublished\":\"2013-10-16T16:58:58+00:00\",\"dateModified\":\"2013-10-16T20:56:55+00:00\",\"description\":\"P\u00e1gina oficial de la Fiscal\u00eda General de la Naci\u00f3n \u2013 Colombia. Garantizamos el acceso efectivo a la justicia, la verdad y la reparaci\u00f3n de las v\u00edctimas de los delitos.\",\"breadcrumb\":{\"@id\":\"https:\/\/www.fiscalia.gov.co\/colombia\/noticias\/por-primera-vez-fiscal-general-emite-concepto-ante-la-corte-suprema-en-proceso-de-extradicion\/#breadcrumb\"},\"inLanguage\":\"es-CO\",\"potentialAction\":[{\"@type\":\"ReadAction\",\"target\":[\"https:\/\/www.fiscalia.gov.co\/colombia\/noticias\/por-primera-vez-fiscal-general-emite-concepto-ante-la-corte-suprema-en-proceso-de-extradicion\/\"]}]},{\"@type\":\"BreadcrumbList\",\"@id\":\"https:\/\/www.fiscalia.gov.co\/colombia\/noticias\/por-primera-vez-fiscal-general-emite-concepto-ante-la-corte-suprema-en-proceso-de-extradicion\/#breadcrumb\",\"itemListElement\":[{\"@type\":\"ListItem\",\"position\":1,\"name\":\"Home\",\"item\":\"https:\/\/www.fiscalia.gov.co\/colombia\/\"},{\"@type\":\"ListItem\",\"position\":2,\"name\":\"Fiscal General avala extradici\u00f3n de implicados en el homicidio de agente de la DEA por paseo millonario\"}]},{\"@type\":\"WebSite\",\"@id\":\"https:\/\/www.fiscalia.gov.co\/colombia\/#website\",\"url\":\"https:\/\/www.fiscalia.gov.co\/colombia\/\",\"name\":\"Fiscal\u00eda General de la Naci\u00f3n\",\"description\":\"P\u00e1gina oficial de la Fiscal\u00eda General de la Naci\u00f3n \u2013 Colombia. Garantizamos el acceso efectivo a la justicia, la verdad y la reparaci\u00f3n de las v\u00edctimas de los delitos.\",\"publisher\":{\"@id\":\"https:\/\/www.fiscalia.gov.co\/colombia\/#organization\"},\"potentialAction\":[{\"@type\":\"SearchAction\",\"target\":{\"@type\":\"EntryPoint\",\"urlTemplate\":\"https:\/\/www.fiscalia.gov.co\/colombia\/?s={search_term_string}\"},\"query-input\":{\"@type\":\"PropertyValueSpecification\",\"valueRequired\":true,\"valueName\":\"search_term_string\"}}],\"inLanguage\":\"es-CO\"},{\"@type\":\"Organization\",\"@id\":\"https:\/\/www.fiscalia.gov.co\/colombia\/#organization\",\"name\":\"Fiscal\u00eda General de la Naci\u00f3n\",\"url\":\"https:\/\/www.fiscalia.gov.co\/colombia\/\",\"logo\":{\"@type\":\"ImageObject\",\"inLanguage\":\"es-CO\",\"@id\":\"https:\/\/www.fiscalia.gov.co\/colombia\/#\/schema\/logo\/image\/\",\"url\":\"https:\/\/www.fiscalia.gov.co\/colombia\/wp-content\/uploads\/LogoHorizontal_1.jpg\",\"contentUrl\":\"https:\/\/www.fiscalia.gov.co\/colombia\/wp-content\/uploads\/LogoHorizontal_1.jpg\",\"width\":300,\"height\":90,\"caption\":\"Fiscal\u00eda General de la Naci\u00f3n\"},\"image\":{\"@id\":\"https:\/\/www.fiscalia.gov.co\/colombia\/#\/schema\/logo\/image\/\"},\"sameAs\":[\"https:\/\/www.facebook.com\/FiscaliaCol\",\"https:\/\/x.com\/FiscaliaCol\",\"https:\/\/www.instagram.com\/fiscaliacol\",\"https:\/\/www.linkedin.com\/company\/fiscalia-general-de-la-naci-n\/\",\"https:\/\/youtube.com\/@fiscaliageneraldelanacion-4668?si=6nN79nyQICPU5iTh\"]},{\"@type\":\"Person\",\"@id\":\"https:\/\/www.fiscalia.gov.co\/colombia\/#\/schema\/person\/3903856a3ce2d54b094c69eb29247895\",\"name\":\"dfgordillo\",\"image\":{\"@type\":\"ImageObject\",\"inLanguage\":\"es-CO\",\"@id\":\"https:\/\/www.fiscalia.gov.co\/colombia\/#\/schema\/person\/image\/\",\"url\":\"https:\/\/secure.gravatar.com\/avatar\/b6356e21c5657c60757fe6fb9493e947?s=96&d=mm&r=g\",\"contentUrl\":\"https:\/\/secure.gravatar.com\/avatar\/b6356e21c5657c60757fe6fb9493e947?s=96&d=mm&r=g\",\"caption\":\"dfgordillo\"},\"sameAs\":[\"dfgordillo\"],\"url\":\"https:\/\/www.fiscalia.gov.co\/colombia\/author\/dfgordillo\/\"}]}<\/script>\n<!-- \/ Yoast SEO plugin. -->","yoast_head_json":{"title":"Fiscal\u00eda General de la Naci\u00f3n","description":"P\u00e1gina oficial de la Fiscal\u00eda General de la Naci\u00f3n \u2013 Colombia. Garantizamos el acceso efectivo a la justicia, la verdad y la reparaci\u00f3n de las v\u00edctimas de los delitos.","robots":{"index":"noindex","follow":"follow"},"og_locale":"es_ES","og_type":"article","og_title":"Fiscal\u00eda General de la Naci\u00f3n","og_description":"P\u00e1gina oficial de la Fiscal\u00eda General de la Naci\u00f3n \u2013 Colombia. Garantizamos el acceso efectivo a la justicia, la verdad y la reparaci\u00f3n de las v\u00edctimas de los delitos.","og_url":"https:\/\/www.fiscalia.gov.co\/colombia\/noticias\/por-primera-vez-fiscal-general-emite-concepto-ante-la-corte-suprema-en-proceso-de-extradicion\/","og_site_name":"Fiscal\u00eda General de la Naci\u00f3n","article_publisher":"https:\/\/www.facebook.com\/FiscaliaCol","article_published_time":"2013-10-16T16:58:58+00:00","article_modified_time":"2013-10-16T20:56:55+00:00","author":"dfgordillo","twitter_card":"summary_large_image","twitter_creator":"@FiscaliaCol","twitter_site":"@FiscaliaCol","twitter_misc":{"Escrito por":"dfgordillo","Tiempo de lectura":"4 minutos"},"schema":{"@context":"https:\/\/schema.org","@graph":[{"@type":"Article","@id":"https:\/\/www.fiscalia.gov.co\/colombia\/noticias\/por-primera-vez-fiscal-general-emite-concepto-ante-la-corte-suprema-en-proceso-de-extradicion\/#article","isPartOf":{"@id":"https:\/\/www.fiscalia.gov.co\/colombia\/noticias\/por-primera-vez-fiscal-general-emite-concepto-ante-la-corte-suprema-en-proceso-de-extradicion\/"},"author":{"name":"dfgordillo","@id":"https:\/\/www.fiscalia.gov.co\/colombia\/#\/schema\/person\/3903856a3ce2d54b094c69eb29247895"},"headline":"Fiscal General avala extradici\u00f3n de implicados en el homicidio de agente de la DEA por paseo millonario","datePublished":"2013-10-16T16:58:58+00:00","dateModified":"2013-10-16T20:56:55+00:00","mainEntityOfPage":{"@id":"https:\/\/www.fiscalia.gov.co\/colombia\/noticias\/por-primera-vez-fiscal-general-emite-concepto-ante-la-corte-suprema-en-proceso-de-extradicion\/"},"wordCount":899,"publisher":{"@id":"https:\/\/www.fiscalia.gov.co\/colombia\/#organization"},"keywords":["Corte Suprema de Justicia","Extradici\u00f3n","Fiscal General de la Naci\u00f3n","James Terry Watson"],"articleSection":["Noticias"],"inLanguage":"es-CO"},{"@type":"WebPage","@id":"https:\/\/www.fiscalia.gov.co\/colombia\/noticias\/por-primera-vez-fiscal-general-emite-concepto-ante-la-corte-suprema-en-proceso-de-extradicion\/","url":"https:\/\/www.fiscalia.gov.co\/colombia\/noticias\/por-primera-vez-fiscal-general-emite-concepto-ante-la-corte-suprema-en-proceso-de-extradicion\/","name":"Fiscal\u00eda General de la Naci\u00f3n","isPartOf":{"@id":"https:\/\/www.fiscalia.gov.co\/colombia\/#website"},"datePublished":"2013-10-16T16:58:58+00:00","dateModified":"2013-10-16T20:56:55+00:00","description":"P\u00e1gina oficial de la Fiscal\u00eda General de la Naci\u00f3n \u2013 Colombia. Garantizamos el acceso efectivo a la justicia, la verdad y la reparaci\u00f3n de las v\u00edctimas de los delitos.","breadcrumb":{"@id":"https:\/\/www.fiscalia.gov.co\/colombia\/noticias\/por-primera-vez-fiscal-general-emite-concepto-ante-la-corte-suprema-en-proceso-de-extradicion\/#breadcrumb"},"inLanguage":"es-CO","potentialAction":[{"@type":"ReadAction","target":["https:\/\/www.fiscalia.gov.co\/colombia\/noticias\/por-primera-vez-fiscal-general-emite-concepto-ante-la-corte-suprema-en-proceso-de-extradicion\/"]}]},{"@type":"BreadcrumbList","@id":"https:\/\/www.fiscalia.gov.co\/colombia\/noticias\/por-primera-vez-fiscal-general-emite-concepto-ante-la-corte-suprema-en-proceso-de-extradicion\/#breadcrumb","itemListElement":[{"@type":"ListItem","position":1,"name":"Home","item":"https:\/\/www.fiscalia.gov.co\/colombia\/"},{"@type":"ListItem","position":2,"name":"Fiscal General avala extradici\u00f3n de implicados en el homicidio de agente de la DEA por paseo millonario"}]},{"@type":"WebSite","@id":"https:\/\/www.fiscalia.gov.co\/colombia\/#website","url":"https:\/\/www.fiscalia.gov.co\/colombia\/","name":"Fiscal\u00eda General de la Naci\u00f3n","description":"P\u00e1gina oficial de la Fiscal\u00eda General de la Naci\u00f3n \u2013 Colombia. Garantizamos el acceso efectivo a la justicia, la verdad y la reparaci\u00f3n de las v\u00edctimas de los delitos.","publisher":{"@id":"https:\/\/www.fiscalia.gov.co\/colombia\/#organization"},"potentialAction":[{"@type":"SearchAction","target":{"@type":"EntryPoint","urlTemplate":"https:\/\/www.fiscalia.gov.co\/colombia\/?s={search_term_string}"},"query-input":{"@type":"PropertyValueSpecification","valueRequired":true,"valueName":"search_term_string"}}],"inLanguage":"es-CO"},{"@type":"Organization","@id":"https:\/\/www.fiscalia.gov.co\/colombia\/#organization","name":"Fiscal\u00eda General de la Naci\u00f3n","url":"https:\/\/www.fiscalia.gov.co\/colombia\/","logo":{"@type":"ImageObject","inLanguage":"es-CO","@id":"https:\/\/www.fiscalia.gov.co\/colombia\/#\/schema\/logo\/image\/","url":"https:\/\/www.fiscalia.gov.co\/colombia\/wp-content\/uploads\/LogoHorizontal_1.jpg","contentUrl":"https:\/\/www.fiscalia.gov.co\/colombia\/wp-content\/uploads\/LogoHorizontal_1.jpg","width":300,"height":90,"caption":"Fiscal\u00eda General de la Naci\u00f3n"},"image":{"@id":"https:\/\/www.fiscalia.gov.co\/colombia\/#\/schema\/logo\/image\/"},"sameAs":["https:\/\/www.facebook.com\/FiscaliaCol","https:\/\/x.com\/FiscaliaCol","https:\/\/www.instagram.com\/fiscaliacol","https:\/\/www.linkedin.com\/company\/fiscalia-general-de-la-naci-n\/","https:\/\/youtube.com\/@fiscaliageneraldelanacion-4668?si=6nN79nyQICPU5iTh"]},{"@type":"Person","@id":"https:\/\/www.fiscalia.gov.co\/colombia\/#\/schema\/person\/3903856a3ce2d54b094c69eb29247895","name":"dfgordillo","image":{"@type":"ImageObject","inLanguage":"es-CO","@id":"https:\/\/www.fiscalia.gov.co\/colombia\/#\/schema\/person\/image\/","url":"https:\/\/secure.gravatar.com\/avatar\/b6356e21c5657c60757fe6fb9493e947?s=96&d=mm&r=g","contentUrl":"https:\/\/secure.gravatar.com\/avatar\/b6356e21c5657c60757fe6fb9493e947?s=96&d=mm&r=g","caption":"dfgordillo"},"sameAs":["dfgordillo"],"url":"https:\/\/www.fiscalia.gov.co\/colombia\/author\/dfgordillo\/"}]}},"_links":{"self":[{"href":"https:\/\/www.fiscalia.gov.co\/colombia\/wp-json\/wp\/v2\/posts\/39882","targetHints":{"allow":["GET"]}}],"collection":[{"href":"https:\/\/www.fiscalia.gov.co\/colombia\/wp-json\/wp\/v2\/posts"}],"about":[{"href":"https:\/\/www.fiscalia.gov.co\/colombia\/wp-json\/wp\/v2\/types\/post"}],"author":[{"embeddable":true,"href":"https:\/\/www.fiscalia.gov.co\/colombia\/wp-json\/wp\/v2\/users\/143"}],"replies":[{"embeddable":true,"href":"https:\/\/www.fiscalia.gov.co\/colombia\/wp-json\/wp\/v2\/comments?post=39882"}],"version-history":[{"count":26,"href":"https:\/\/www.fiscalia.gov.co\/colombia\/wp-json\/wp\/v2\/posts\/39882\/revisions"}],"predecessor-version":[{"id":39913,"href":"https:\/\/www.fiscalia.gov.co\/colombia\/wp-json\/wp\/v2\/posts\/39882\/revisions\/39913"}],"wp:attachment":[{"href":"https:\/\/www.fiscalia.gov.co\/colombia\/wp-json\/wp\/v2\/media?parent=39882"}],"wp:term":[{"taxonomy":"category","embeddable":true,"href":"https:\/\/www.fiscalia.gov.co\/colombia\/wp-json\/wp\/v2\/categories?post=39882"},{"taxonomy":"post_tag","embeddable":true,"href":"https:\/\/www.fiscalia.gov.co\/colombia\/wp-json\/wp\/v2\/tags?post=39882"}],"curies":[{"name":"wp","href":"https:\/\/api.w.org\/{rel}","templated":true}]}}