{"id":39749,"date":"2013-10-11T11:18:30","date_gmt":"2013-10-11T16:18:30","guid":{"rendered":"http:\/\/www.fiscalia.gov.co\/colombia\/?p=39749"},"modified":"2013-10-11T11:19:01","modified_gmt":"2013-10-11T16:19:01","slug":"305-miembros-de-bandas-emergentes-capturados-y-asegurados-en-agosto-y-septiembre","status":"publish","type":"post","link":"https:\/\/www.fiscalia.gov.co\/colombia\/noticias\/305-miembros-de-bandas-emergentes-capturados-y-asegurados-en-agosto-y-septiembre\/","title":{"rendered":"305 miembros de bandas emergentes capturados y asegurados en agosto y septiembre"},"content":{"rendered":"<p>Trescientos cinco integrantes de bandas criminales en todo el pa\u00eds fueron capturados y recibieron medida de aseguramiento por parte de la justicia en una acci\u00f3n coordinada por la Fiscal\u00eda General de la Naci\u00f3n. Se destaca la acci\u00f3n realizada contra 58 l\u00edderes de estos grupos delictivos durante agosto y septiembre.<\/p>\n<p>La Unidad Nacional contra las Bandas Emergentes de la Fiscal\u00eda General de la Naci\u00f3n present\u00f3 el informe en que da a conocer los resultados correspondientes a los \u00faltimos dos meses en contra de las organizaciones delincuenciales que tienen injerencia en el territorio nacional.<\/p>\n<p>De acuerdo con el documento, la banda criminal Los Urabe\u00f1os fue la m\u00e1s golpeada con la judicializaci\u00f3n de 32 cabecillas y 104 integrantes de cargos medios, seguida por Los Rastrojos, de la cual 43 de sus integrantes terminaron presos con medida de aseguramiento. Nueve de sus cabecillas vieron restringida su libertad.<\/p>\n<p>Seg\u00fan el informe, la semana que va del nueve al quince de septiembre fue el lapso en el cual hubo m\u00e1s resultados, pues 82 personas integrantes de estas bandas fueron capturadas por ser parte de grupos criminales como Los Ocho, Los Urabe\u00f1os, Los Chacales, Los Rastrojos, Las \u00c1guilas Negras, Los Paisas y La Cordillera. Estas bandas, de acuerdo con las investigaciones realizadas por la Polic\u00eda Judicial y coordinadas por Fiscales de la Unidad contra Bandas emergentes, realizan su accionar delictivo en los departamentos de Atl\u00e1ntico, Santander, Norte de Santander, Antioquia, Cundinamarca, Valle del Cauca y C\u00f3rdoba.<\/p>\n<p><strong>Cuadro de capturas de miembros de bandas criminales agosto-septiembre<\/strong><\/p>\n<table width=\"435\" border=\"0\" cellspacing=\"0\" cellpadding=\"0\">\n<tbody>\n<tr>\n<td width=\"205\">\n<p align=\"center\"><strong>Banda criminal<\/strong><\/p>\n<\/td>\n<td width=\"130\">\n<p align=\"center\"><strong>No. capturas<\/strong><\/p>\n<\/td>\n<td width=\"101\">\n<p align=\"center\"><strong>Cabecillas<\/strong><\/p>\n<\/td>\n<\/tr>\n<tr>\n<td width=\"205\">Los Urabe\u00f1os<\/td>\n<td width=\"130\">\n<p align=\"center\">136<\/p>\n<\/td>\n<td width=\"101\">\n<p align=\"center\">32<\/p>\n<\/td>\n<\/tr>\n<tr>\n<td width=\"205\">La Cordillera<\/td>\n<td width=\"130\">\n<p align=\"center\">17<\/p>\n<\/td>\n<td width=\"101\">\n<p align=\"center\">1<\/p>\n<\/td>\n<\/tr>\n<tr>\n<td width=\"205\">Los Rastrojos<\/td>\n<td width=\"130\">\n<p align=\"center\">43<\/p>\n<\/td>\n<td width=\"101\">\n<p align=\"center\">9<\/p>\n<\/td>\n<\/tr>\n<tr>\n<td width=\"205\">Los Paisas<\/td>\n<td width=\"130\">\n<p align=\"center\">15<\/p>\n<\/td>\n<td width=\"101\">\n<p align=\"center\">6<\/p>\n<\/td>\n<\/tr>\n<tr>\n<td width=\"205\">Los Chacales<\/td>\n<td width=\"130\">\n<p align=\"center\">11<\/p>\n<\/td>\n<td width=\"101\">\n<p align=\"center\">0<\/p>\n<\/td>\n<\/tr>\n<tr>\n<td width=\"205\">La Torre<\/td>\n<td width=\"130\">\n<p align=\"center\">11<\/p>\n<\/td>\n<td width=\"101\">\n<p align=\"center\">5<\/p>\n<\/td>\n<\/tr>\n<tr>\n<td width=\"205\">\u00c1guilas Negras<\/td>\n<td width=\"130\">\n<p align=\"center\">6<\/p>\n<\/td>\n<td width=\"101\">\n<p align=\"center\">0<\/p>\n<\/td>\n<\/tr>\n<tr>\n<td width=\"205\">Los Coste\u00f1os<\/td>\n<td width=\"130\">\n<p align=\"center\">5<\/p>\n<\/td>\n<td width=\"101\">\n<p align=\"center\">0<\/p>\n<\/td>\n<\/tr>\n<tr>\n<td width=\"205\">Bloque Meta<\/td>\n<td width=\"130\">\n<p align=\"center\">5<\/p>\n<\/td>\n<td width=\"101\">\n<p align=\"center\">0<\/p>\n<\/td>\n<\/tr>\n<tr>\n<td width=\"205\">Renacer<\/td>\n<td width=\"130\">\n<p align=\"center\">2<\/p>\n<\/td>\n<td width=\"101\">\n<p align=\"center\">0<\/p>\n<\/td>\n<\/tr>\n<tr>\n<td width=\"205\">ERPAC<\/td>\n<td width=\"130\">\n<p align=\"center\">2<\/p>\n<\/td>\n<td width=\"101\">\n<p align=\"center\">0<\/p>\n<\/td>\n<\/tr>\n<tr>\n<td width=\"205\">Libertadores del Vichada<\/td>\n<td width=\"130\">\n<p align=\"center\">7<\/p>\n<\/td>\n<td width=\"101\">\n<p align=\"center\">0<\/p>\n<\/td>\n<\/tr>\n<tr>\n<td width=\"205\">Los Ocho<\/td>\n<td width=\"130\">\n<p align=\"center\">1<\/p>\n<\/td>\n<td width=\"101\">\n<p align=\"center\">1<\/p>\n<\/td>\n<\/tr>\n<tr>\n<td width=\"205\">La Loma<\/td>\n<td width=\"130\">\n<p align=\"center\">3<\/p>\n<\/td>\n<td width=\"101\">\n<p align=\"center\">0<\/p>\n<\/td>\n<\/tr>\n<tr>\n<td width=\"205\">Los Giraldo<\/td>\n<td width=\"130\">\n<p align=\"center\">2<\/p>\n<\/td>\n<td width=\"101\">\n<p align=\"center\">0<\/p>\n<\/td>\n<\/tr>\n<tr>\n<td width=\"205\">Los Picuas<\/td>\n<td width=\"130\">\n<p align=\"center\">1<\/p>\n<\/td>\n<td width=\"101\">\n<p align=\"center\">0<\/p>\n<\/td>\n<\/tr>\n<tr>\n<td width=\"205\">Oficina de San Mateo<\/td>\n<td width=\"130\">\n<p align=\"center\">1<\/p>\n<\/td>\n<td width=\"101\">\n<p align=\"center\">0<\/p>\n<\/td>\n<\/tr>\n<tr>\n<td width=\"205\">Los Chivos<\/td>\n<td width=\"130\">\n<p align=\"center\">1<\/p>\n<\/td>\n<td width=\"101\">\n<p align=\"center\">0<\/p>\n<\/td>\n<\/tr>\n<tr>\n<td width=\"205\">La Empresa<\/td>\n<td width=\"130\">\n<p align=\"center\">1<\/p>\n<\/td>\n<td width=\"101\">\n<p align=\"center\">0<\/p>\n<\/td>\n<\/tr>\n<tr>\n<td width=\"205\">Los \u00c1cidos<\/td>\n<td width=\"130\">\n<p align=\"center\">5<\/p>\n<\/td>\n<td width=\"101\">\n<p align=\"center\">1<\/p>\n<\/td>\n<\/tr>\n<tr>\n<td width=\"205\">Oficina de Envigado<\/td>\n<td width=\"130\">\n<p align=\"center\">4<\/p>\n<\/td>\n<td width=\"101\">\n<p align=\"center\">1<\/p>\n<\/td>\n<\/tr>\n<tr>\n<td width=\"205\">Los Anticristo<\/td>\n<td width=\"130\">\n<p align=\"center\">3<\/p>\n<\/td>\n<td width=\"101\">\n<p align=\"center\">0<\/p>\n<\/td>\n<\/tr>\n<tr>\n<td width=\"205\">Pachelly<\/td>\n<td width=\"130\">\n<p align=\"center\">1<\/p>\n<\/td>\n<td width=\"101\">\n<p align=\"center\">1<\/p>\n<\/td>\n<\/tr>\n<tr>\n<td width=\"205\">Calatrava<\/td>\n<td width=\"130\">\n<p align=\"center\">1<\/p>\n<\/td>\n<td width=\"101\">\n<p align=\"center\">1<\/p>\n<\/td>\n<\/tr>\n<tr>\n<td width=\"205\">La 25<\/td>\n<td width=\"130\">\n<p align=\"center\">1<\/p>\n<\/td>\n<td width=\"101\">\n<p align=\"center\">0<\/p>\n<\/td>\n<\/tr>\n<tr>\n<td width=\"205\">Los Chiquitines<\/td>\n<td width=\"130\">\n<p align=\"center\">1<\/p>\n<\/td>\n<td width=\"101\">\n<p align=\"center\">0<\/p>\n<\/td>\n<\/tr>\n<tr>\n<td width=\"205\">Por establecer<\/td>\n<td width=\"130\">\n<p align=\"center\">19<\/p>\n<\/td>\n<td width=\"101\">\n<p align=\"center\">0<\/p>\n<\/td>\n<\/tr>\n<tr>\n<td width=\"205\">Total capturas<\/td>\n<td width=\"130\">\n<p align=\"center\">305<\/p>\n<\/td>\n<td width=\"101\">\n<p align=\"center\">58<\/p>\n<\/td>\n<\/tr>\n<\/tbody>\n<\/table>\n<p>Fuente: Unidad Nacional contra las Bandas Emergentes<\/p>\n\n<div class=\"twitter-share\"><a href=\"https:\/\/twitter.com\/intent\/tweet?via=fiscaliacol\" class=\"twitter-share-button\">Tweet<\/a><\/div>\n","protected":false},"excerpt":{"rendered":"<p>Trescientos cinco integrantes de bandas criminales en todo el pa\u00eds fueron capturados y recibieron medida de aseguramiento por parte de la justicia en una acci\u00f3n coordinada por la Fiscal\u00eda General de la Naci\u00f3n. Se destaca la acci\u00f3n realizada contra 58 l\u00edderes de estos grupos delictivos durante agosto y septiembre. La Unidad Nacional contra las Bandas [&hellip;]<\/p>\n","protected":false},"author":143,"featured_media":0,"comment_status":"closed","ping_status":"open","sticky":false,"template":"","format":"standard","meta":{"_price":"","_stock":"","_tribe_ticket_header":"","_tribe_default_ticket_provider":"","_tribe_ticket_capacity":"0","_ticket_start_date":"","_ticket_end_date":"","_tribe_ticket_show_description":"","_tribe_ticket_show_not_going":false,"_tribe_ticket_use_global_stock":"","_tribe_ticket_global_stock_level":"","_global_stock_mode":"","_global_stock_cap":"","_tribe_rsvp_for_event":"","_tribe_ticket_going_count":"","_tribe_ticket_not_going_count":"","_tribe_tickets_list":"[]","_tribe_ticket_has_attendee_info_fields":false,"tdm_status":"","tdm_grid_status":"","footnotes":""},"categories":[1],"tags":[43,168,699],"class_list":{"0":"post-39749","1":"post","2":"type-post","3":"status-publish","4":"format-standard","6":"category-noticias","7":"tag-bacrim","8":"tag-los-rastrojos","9":"tag-los-urabenos"},"yoast_head":"<!-- This site is optimized with the Yoast SEO plugin v24.3 - https:\/\/yoast.com\/wordpress\/plugins\/seo\/ -->\n<title>Fiscal\u00eda General de la Naci\u00f3n<\/title>\n<meta name=\"description\" content=\"P\u00e1gina oficial de la Fiscal\u00eda General de la Naci\u00f3n \u2013 Colombia. Garantizamos el acceso efectivo a la justicia, la verdad y la reparaci\u00f3n de las v\u00edctimas de los delitos.\" \/>\n<meta name=\"robots\" content=\"noindex, follow\" \/>\n<meta property=\"og:locale\" content=\"es_ES\" \/>\n<meta property=\"og:type\" content=\"article\" \/>\n<meta property=\"og:title\" content=\"Fiscal\u00eda General de la Naci\u00f3n\" \/>\n<meta property=\"og:description\" content=\"P\u00e1gina oficial de la Fiscal\u00eda General de la Naci\u00f3n \u2013 Colombia. Garantizamos el acceso efectivo a la justicia, la verdad y la reparaci\u00f3n de las v\u00edctimas de los delitos.\" \/>\n<meta property=\"og:url\" content=\"https:\/\/www.fiscalia.gov.co\/colombia\/noticias\/305-miembros-de-bandas-emergentes-capturados-y-asegurados-en-agosto-y-septiembre\/\" \/>\n<meta property=\"og:site_name\" content=\"Fiscal\u00eda General de la Naci\u00f3n\" \/>\n<meta property=\"article:publisher\" content=\"https:\/\/www.facebook.com\/FiscaliaCol\" \/>\n<meta property=\"article:published_time\" content=\"2013-10-11T16:18:30+00:00\" \/>\n<meta property=\"article:modified_time\" content=\"2013-10-11T16:19:01+00:00\" \/>\n<meta name=\"author\" content=\"dfgordillo\" \/>\n<meta name=\"twitter:card\" content=\"summary_large_image\" \/>\n<meta name=\"twitter:creator\" content=\"@FiscaliaCol\" \/>\n<meta name=\"twitter:site\" content=\"@FiscaliaCol\" \/>\n<meta name=\"twitter:label1\" content=\"Escrito por\" \/>\n\t<meta name=\"twitter:data1\" content=\"dfgordillo\" \/>\n\t<meta name=\"twitter:label2\" content=\"Tiempo de lectura\" \/>\n\t<meta name=\"twitter:data2\" content=\"2 minutos\" \/>\n<script type=\"application\/ld+json\" class=\"yoast-schema-graph\">{\"@context\":\"https:\/\/schema.org\",\"@graph\":[{\"@type\":\"Article\",\"@id\":\"https:\/\/www.fiscalia.gov.co\/colombia\/noticias\/305-miembros-de-bandas-emergentes-capturados-y-asegurados-en-agosto-y-septiembre\/#article\",\"isPartOf\":{\"@id\":\"https:\/\/www.fiscalia.gov.co\/colombia\/noticias\/305-miembros-de-bandas-emergentes-capturados-y-asegurados-en-agosto-y-septiembre\/\"},\"author\":{\"name\":\"dfgordillo\",\"@id\":\"https:\/\/www.fiscalia.gov.co\/colombia\/#\/schema\/person\/3903856a3ce2d54b094c69eb29247895\"},\"headline\":\"305 miembros de bandas emergentes capturados y asegurados en agosto y septiembre\",\"datePublished\":\"2013-10-11T16:18:30+00:00\",\"dateModified\":\"2013-10-11T16:19:01+00:00\",\"mainEntityOfPage\":{\"@id\":\"https:\/\/www.fiscalia.gov.co\/colombia\/noticias\/305-miembros-de-bandas-emergentes-capturados-y-asegurados-en-agosto-y-septiembre\/\"},\"wordCount\":340,\"publisher\":{\"@id\":\"https:\/\/www.fiscalia.gov.co\/colombia\/#organization\"},\"keywords\":[\"Bacrim\",\"Los Rastrojos\",\"Los Urabe\u00f1os\"],\"articleSection\":[\"Noticias\"],\"inLanguage\":\"es-CO\"},{\"@type\":\"WebPage\",\"@id\":\"https:\/\/www.fiscalia.gov.co\/colombia\/noticias\/305-miembros-de-bandas-emergentes-capturados-y-asegurados-en-agosto-y-septiembre\/\",\"url\":\"https:\/\/www.fiscalia.gov.co\/colombia\/noticias\/305-miembros-de-bandas-emergentes-capturados-y-asegurados-en-agosto-y-septiembre\/\",\"name\":\"Fiscal\u00eda General de la Naci\u00f3n\",\"isPartOf\":{\"@id\":\"https:\/\/www.fiscalia.gov.co\/colombia\/#website\"},\"datePublished\":\"2013-10-11T16:18:30+00:00\",\"dateModified\":\"2013-10-11T16:19:01+00:00\",\"description\":\"P\u00e1gina oficial de la Fiscal\u00eda General de la Naci\u00f3n \u2013 Colombia. Garantizamos el acceso efectivo a la justicia, la verdad y la reparaci\u00f3n de las v\u00edctimas de los delitos.\",\"breadcrumb\":{\"@id\":\"https:\/\/www.fiscalia.gov.co\/colombia\/noticias\/305-miembros-de-bandas-emergentes-capturados-y-asegurados-en-agosto-y-septiembre\/#breadcrumb\"},\"inLanguage\":\"es-CO\",\"potentialAction\":[{\"@type\":\"ReadAction\",\"target\":[\"https:\/\/www.fiscalia.gov.co\/colombia\/noticias\/305-miembros-de-bandas-emergentes-capturados-y-asegurados-en-agosto-y-septiembre\/\"]}]},{\"@type\":\"BreadcrumbList\",\"@id\":\"https:\/\/www.fiscalia.gov.co\/colombia\/noticias\/305-miembros-de-bandas-emergentes-capturados-y-asegurados-en-agosto-y-septiembre\/#breadcrumb\",\"itemListElement\":[{\"@type\":\"ListItem\",\"position\":1,\"name\":\"Home\",\"item\":\"https:\/\/www.fiscalia.gov.co\/colombia\/\"},{\"@type\":\"ListItem\",\"position\":2,\"name\":\"305 miembros de bandas emergentes capturados y asegurados en agosto y septiembre\"}]},{\"@type\":\"WebSite\",\"@id\":\"https:\/\/www.fiscalia.gov.co\/colombia\/#website\",\"url\":\"https:\/\/www.fiscalia.gov.co\/colombia\/\",\"name\":\"Fiscal\u00eda General de la Naci\u00f3n\",\"description\":\"P\u00e1gina oficial de la Fiscal\u00eda General de la Naci\u00f3n \u2013 Colombia. Garantizamos el acceso efectivo a la justicia, la verdad y la reparaci\u00f3n de las v\u00edctimas de los delitos.\",\"publisher\":{\"@id\":\"https:\/\/www.fiscalia.gov.co\/colombia\/#organization\"},\"potentialAction\":[{\"@type\":\"SearchAction\",\"target\":{\"@type\":\"EntryPoint\",\"urlTemplate\":\"https:\/\/www.fiscalia.gov.co\/colombia\/?s={search_term_string}\"},\"query-input\":{\"@type\":\"PropertyValueSpecification\",\"valueRequired\":true,\"valueName\":\"search_term_string\"}}],\"inLanguage\":\"es-CO\"},{\"@type\":\"Organization\",\"@id\":\"https:\/\/www.fiscalia.gov.co\/colombia\/#organization\",\"name\":\"Fiscal\u00eda General de la Naci\u00f3n\",\"url\":\"https:\/\/www.fiscalia.gov.co\/colombia\/\",\"logo\":{\"@type\":\"ImageObject\",\"inLanguage\":\"es-CO\",\"@id\":\"https:\/\/www.fiscalia.gov.co\/colombia\/#\/schema\/logo\/image\/\",\"url\":\"https:\/\/www.fiscalia.gov.co\/colombia\/wp-content\/uploads\/LogoHorizontal_1.jpg\",\"contentUrl\":\"https:\/\/www.fiscalia.gov.co\/colombia\/wp-content\/uploads\/LogoHorizontal_1.jpg\",\"width\":300,\"height\":90,\"caption\":\"Fiscal\u00eda General de la Naci\u00f3n\"},\"image\":{\"@id\":\"https:\/\/www.fiscalia.gov.co\/colombia\/#\/schema\/logo\/image\/\"},\"sameAs\":[\"https:\/\/www.facebook.com\/FiscaliaCol\",\"https:\/\/x.com\/FiscaliaCol\",\"https:\/\/www.instagram.com\/fiscaliacol\",\"https:\/\/www.linkedin.com\/company\/fiscalia-general-de-la-naci-n\/\",\"https:\/\/youtube.com\/@fiscaliageneraldelanacion-4668?si=6nN79nyQICPU5iTh\"]},{\"@type\":\"Person\",\"@id\":\"https:\/\/www.fiscalia.gov.co\/colombia\/#\/schema\/person\/3903856a3ce2d54b094c69eb29247895\",\"name\":\"dfgordillo\",\"image\":{\"@type\":\"ImageObject\",\"inLanguage\":\"es-CO\",\"@id\":\"https:\/\/www.fiscalia.gov.co\/colombia\/#\/schema\/person\/image\/\",\"url\":\"https:\/\/secure.gravatar.com\/avatar\/b6356e21c5657c60757fe6fb9493e947?s=96&d=mm&r=g\",\"contentUrl\":\"https:\/\/secure.gravatar.com\/avatar\/b6356e21c5657c60757fe6fb9493e947?s=96&d=mm&r=g\",\"caption\":\"dfgordillo\"},\"sameAs\":[\"dfgordillo\"],\"url\":\"https:\/\/www.fiscalia.gov.co\/colombia\/author\/dfgordillo\/\"}]}<\/script>\n<!-- \/ Yoast SEO plugin. -->","yoast_head_json":{"title":"Fiscal\u00eda General de la Naci\u00f3n","description":"P\u00e1gina oficial de la Fiscal\u00eda General de la Naci\u00f3n \u2013 Colombia. Garantizamos el acceso efectivo a la justicia, la verdad y la reparaci\u00f3n de las v\u00edctimas de los delitos.","robots":{"index":"noindex","follow":"follow"},"og_locale":"es_ES","og_type":"article","og_title":"Fiscal\u00eda General de la Naci\u00f3n","og_description":"P\u00e1gina oficial de la Fiscal\u00eda General de la Naci\u00f3n \u2013 Colombia. Garantizamos el acceso efectivo a la justicia, la verdad y la reparaci\u00f3n de las v\u00edctimas de los delitos.","og_url":"https:\/\/www.fiscalia.gov.co\/colombia\/noticias\/305-miembros-de-bandas-emergentes-capturados-y-asegurados-en-agosto-y-septiembre\/","og_site_name":"Fiscal\u00eda General de la Naci\u00f3n","article_publisher":"https:\/\/www.facebook.com\/FiscaliaCol","article_published_time":"2013-10-11T16:18:30+00:00","article_modified_time":"2013-10-11T16:19:01+00:00","author":"dfgordillo","twitter_card":"summary_large_image","twitter_creator":"@FiscaliaCol","twitter_site":"@FiscaliaCol","twitter_misc":{"Escrito por":"dfgordillo","Tiempo de lectura":"2 minutos"},"schema":{"@context":"https:\/\/schema.org","@graph":[{"@type":"Article","@id":"https:\/\/www.fiscalia.gov.co\/colombia\/noticias\/305-miembros-de-bandas-emergentes-capturados-y-asegurados-en-agosto-y-septiembre\/#article","isPartOf":{"@id":"https:\/\/www.fiscalia.gov.co\/colombia\/noticias\/305-miembros-de-bandas-emergentes-capturados-y-asegurados-en-agosto-y-septiembre\/"},"author":{"name":"dfgordillo","@id":"https:\/\/www.fiscalia.gov.co\/colombia\/#\/schema\/person\/3903856a3ce2d54b094c69eb29247895"},"headline":"305 miembros de bandas emergentes capturados y asegurados en agosto y septiembre","datePublished":"2013-10-11T16:18:30+00:00","dateModified":"2013-10-11T16:19:01+00:00","mainEntityOfPage":{"@id":"https:\/\/www.fiscalia.gov.co\/colombia\/noticias\/305-miembros-de-bandas-emergentes-capturados-y-asegurados-en-agosto-y-septiembre\/"},"wordCount":340,"publisher":{"@id":"https:\/\/www.fiscalia.gov.co\/colombia\/#organization"},"keywords":["Bacrim","Los Rastrojos","Los Urabe\u00f1os"],"articleSection":["Noticias"],"inLanguage":"es-CO"},{"@type":"WebPage","@id":"https:\/\/www.fiscalia.gov.co\/colombia\/noticias\/305-miembros-de-bandas-emergentes-capturados-y-asegurados-en-agosto-y-septiembre\/","url":"https:\/\/www.fiscalia.gov.co\/colombia\/noticias\/305-miembros-de-bandas-emergentes-capturados-y-asegurados-en-agosto-y-septiembre\/","name":"Fiscal\u00eda General de la Naci\u00f3n","isPartOf":{"@id":"https:\/\/www.fiscalia.gov.co\/colombia\/#website"},"datePublished":"2013-10-11T16:18:30+00:00","dateModified":"2013-10-11T16:19:01+00:00","description":"P\u00e1gina oficial de la Fiscal\u00eda General de la Naci\u00f3n \u2013 Colombia. Garantizamos el acceso efectivo a la justicia, la verdad y la reparaci\u00f3n de las v\u00edctimas de los delitos.","breadcrumb":{"@id":"https:\/\/www.fiscalia.gov.co\/colombia\/noticias\/305-miembros-de-bandas-emergentes-capturados-y-asegurados-en-agosto-y-septiembre\/#breadcrumb"},"inLanguage":"es-CO","potentialAction":[{"@type":"ReadAction","target":["https:\/\/www.fiscalia.gov.co\/colombia\/noticias\/305-miembros-de-bandas-emergentes-capturados-y-asegurados-en-agosto-y-septiembre\/"]}]},{"@type":"BreadcrumbList","@id":"https:\/\/www.fiscalia.gov.co\/colombia\/noticias\/305-miembros-de-bandas-emergentes-capturados-y-asegurados-en-agosto-y-septiembre\/#breadcrumb","itemListElement":[{"@type":"ListItem","position":1,"name":"Home","item":"https:\/\/www.fiscalia.gov.co\/colombia\/"},{"@type":"ListItem","position":2,"name":"305 miembros de bandas emergentes capturados y asegurados en agosto y septiembre"}]},{"@type":"WebSite","@id":"https:\/\/www.fiscalia.gov.co\/colombia\/#website","url":"https:\/\/www.fiscalia.gov.co\/colombia\/","name":"Fiscal\u00eda General de la Naci\u00f3n","description":"P\u00e1gina oficial de la Fiscal\u00eda General de la Naci\u00f3n \u2013 Colombia. Garantizamos el acceso efectivo a la justicia, la verdad y la reparaci\u00f3n de las v\u00edctimas de los delitos.","publisher":{"@id":"https:\/\/www.fiscalia.gov.co\/colombia\/#organization"},"potentialAction":[{"@type":"SearchAction","target":{"@type":"EntryPoint","urlTemplate":"https:\/\/www.fiscalia.gov.co\/colombia\/?s={search_term_string}"},"query-input":{"@type":"PropertyValueSpecification","valueRequired":true,"valueName":"search_term_string"}}],"inLanguage":"es-CO"},{"@type":"Organization","@id":"https:\/\/www.fiscalia.gov.co\/colombia\/#organization","name":"Fiscal\u00eda General de la Naci\u00f3n","url":"https:\/\/www.fiscalia.gov.co\/colombia\/","logo":{"@type":"ImageObject","inLanguage":"es-CO","@id":"https:\/\/www.fiscalia.gov.co\/colombia\/#\/schema\/logo\/image\/","url":"https:\/\/www.fiscalia.gov.co\/colombia\/wp-content\/uploads\/LogoHorizontal_1.jpg","contentUrl":"https:\/\/www.fiscalia.gov.co\/colombia\/wp-content\/uploads\/LogoHorizontal_1.jpg","width":300,"height":90,"caption":"Fiscal\u00eda General de la Naci\u00f3n"},"image":{"@id":"https:\/\/www.fiscalia.gov.co\/colombia\/#\/schema\/logo\/image\/"},"sameAs":["https:\/\/www.facebook.com\/FiscaliaCol","https:\/\/x.com\/FiscaliaCol","https:\/\/www.instagram.com\/fiscaliacol","https:\/\/www.linkedin.com\/company\/fiscalia-general-de-la-naci-n\/","https:\/\/youtube.com\/@fiscaliageneraldelanacion-4668?si=6nN79nyQICPU5iTh"]},{"@type":"Person","@id":"https:\/\/www.fiscalia.gov.co\/colombia\/#\/schema\/person\/3903856a3ce2d54b094c69eb29247895","name":"dfgordillo","image":{"@type":"ImageObject","inLanguage":"es-CO","@id":"https:\/\/www.fiscalia.gov.co\/colombia\/#\/schema\/person\/image\/","url":"https:\/\/secure.gravatar.com\/avatar\/b6356e21c5657c60757fe6fb9493e947?s=96&d=mm&r=g","contentUrl":"https:\/\/secure.gravatar.com\/avatar\/b6356e21c5657c60757fe6fb9493e947?s=96&d=mm&r=g","caption":"dfgordillo"},"sameAs":["dfgordillo"],"url":"https:\/\/www.fiscalia.gov.co\/colombia\/author\/dfgordillo\/"}]}},"_links":{"self":[{"href":"https:\/\/www.fiscalia.gov.co\/colombia\/wp-json\/wp\/v2\/posts\/39749","targetHints":{"allow":["GET"]}}],"collection":[{"href":"https:\/\/www.fiscalia.gov.co\/colombia\/wp-json\/wp\/v2\/posts"}],"about":[{"href":"https:\/\/www.fiscalia.gov.co\/colombia\/wp-json\/wp\/v2\/types\/post"}],"author":[{"embeddable":true,"href":"https:\/\/www.fiscalia.gov.co\/colombia\/wp-json\/wp\/v2\/users\/143"}],"replies":[{"embeddable":true,"href":"https:\/\/www.fiscalia.gov.co\/colombia\/wp-json\/wp\/v2\/comments?post=39749"}],"version-history":[{"count":3,"href":"https:\/\/www.fiscalia.gov.co\/colombia\/wp-json\/wp\/v2\/posts\/39749\/revisions"}],"predecessor-version":[{"id":39752,"href":"https:\/\/www.fiscalia.gov.co\/colombia\/wp-json\/wp\/v2\/posts\/39749\/revisions\/39752"}],"wp:attachment":[{"href":"https:\/\/www.fiscalia.gov.co\/colombia\/wp-json\/wp\/v2\/media?parent=39749"}],"wp:term":[{"taxonomy":"category","embeddable":true,"href":"https:\/\/www.fiscalia.gov.co\/colombia\/wp-json\/wp\/v2\/categories?post=39749"},{"taxonomy":"post_tag","embeddable":true,"href":"https:\/\/www.fiscalia.gov.co\/colombia\/wp-json\/wp\/v2\/tags?post=39749"}],"curies":[{"name":"wp","href":"https:\/\/api.w.org\/{rel}","templated":true}]}}