{"id":39201,"date":"2013-10-01T17:05:18","date_gmt":"2013-10-01T22:05:18","guid":{"rendered":"http:\/\/www.fiscalia.gov.co\/colombia\/?p=39201"},"modified":"2013-10-01T17:05:18","modified_gmt":"2013-10-01T22:05:18","slug":"en-firme-acusacion-por-falsas-desmovilizaciones-del-frente-cacica-la-gaitana","status":"publish","type":"post","link":"https:\/\/www.fiscalia.gov.co\/colombia\/noticias\/en-firme-acusacion-por-falsas-desmovilizaciones-del-frente-cacica-la-gaitana\/","title":{"rendered":"En firme acusaci\u00f3n por falsas desmovilizaciones del frente Cacica La Gaitana"},"content":{"rendered":"<p>Ante el Juzgado Primero Especializado de Bogot\u00e1, la Fiscal\u00eda acus\u00f3 formalmente al excomisionado de Paz Luis Carlos Restrepo Ram\u00edrez, Ra\u00fal Agudelo Medina, alias Olivo Salda\u00f1a, dos coroneles de las Fuerzas Armadas y cuatro civiles m\u00e1s, por la falsa desmovilizaci\u00f3n del frente guerrillero Cacica La Gaitana.<\/p>\n<p>La decisi\u00f3n del ente acusador cobija a los coroneles Jaime Joaqu\u00edn Ariza Gir\u00f3n y Hugo Hern\u00e1n Castellanos Jim\u00e9nez, as\u00ed como a los hermanos Miguel Alcides, Flor In\u00e9s y Jos\u00e9 Alfredo Pacheco y Alejandro Salazar Pacheco por una serie de delitos al haber propiciado el proceso de desmovilizaci\u00f3n de 64 supuestos guerrilleros de las FARC el 7 de marzo de 2006 en Alvarado (Tolima).<\/p>\n<p>Durante la lectura del escrito de acusaci\u00f3n, el fiscal del caso explic\u00f3 que Restrepo Ram\u00edrez deber\u00e1 responder por los delitos de peculado por apropiaci\u00f3n en favor de terceros, fraude procesal, prevaricato por acci\u00f3n, tr\u00e1fico, fabricaci\u00f3n y porte de armas de uso privativo de las Fuerzas Militares agravado y tr\u00e1fico, fabricaci\u00f3n y transporte de munici\u00f3n de uso privativo de las Fuerzas Militares agravado.<\/p>\n<p>En la audiencia el fiscal asever\u00f3 Restrepo Ram\u00edrez obr\u00f3 por fuera de las normas establecidas, pues en su condici\u00f3n de Comisionado de Paz tendr\u00eda que haber constatado e investigado sobre la veracidad de los integrantes del grupo.<\/p>\n<p>Asimismo, anot\u00f3 que la falsa desmovilizaci\u00f3n caus\u00f3 un detrimento al patrimonio estatal cercano a los mil 119 millones 384 mil 685 pesos, de los cuales 81 millones 885 mil 169 pesos fueron causados por los gastos del proceso de desmovilizaci\u00f3n.<\/p>\n<p>En cuento a Ra\u00fal Agudelo Medina, alias Olivo Salda\u00f1a, el representante del ente acusador explic\u00f3 \u00a0que este deber\u00e1 responder por los delitos de los delitos de fraude procesal, peculado por apropiaci\u00f3n, fabricaci\u00f3n, tr\u00e1fico y porte de armas de fuego de uso privativo de las fuerzas Militares agravado, y tr\u00e1fico, fabricaci\u00f3n y porte de municiones de uso privativo de las Fuerzas Militares agravado.<\/p>\n<p>En la audiencia, el fiscal del caso tambi\u00e9n acuso a los dos coroneles por los delitos de peculado por apropiaci\u00f3n en favor de terceros, fraude procesal, tr\u00e1fico, fabricaci\u00f3n y porte de armas de uso privativo de las Fuerzas Militares agravado, tr\u00e1fico, fabricaci\u00f3n de munici\u00f3n de uso privativo de las Fuerzas Militares agravado.<\/p>\n<p>Sobre Ariza Gir\u00f3n, el fiscal se\u00f1al\u00f3 que para la \u00e9poca de los hechos era jefe de Inteligencia y Contrainteligencia de la Rime 5, en Tolima, por lo que ten\u00eda pleno conocimiento de que en esa regi\u00f3n no delinqu\u00eda ning\u00fan frente denominado Cacica La Gaitana y que, adem\u00e1s, como jefe de inteligencia en esa regi\u00f3n ayudo al traslado de armas desde Santa Marta hacia Bogot\u00e1 y luego a la Tebaida, jurisdicci\u00f3n de Alvarado, donde se produjo el enga\u00f1o.<\/p>\n<p>Con respecto a los hermanos Miguel Alcides, Flor In\u00e9s y Jos\u00e9 Alfredo Pacheco Ramos, la Fiscla\u00eda dijo que que incurrieron en los delitos de fraude procesal, peculado por apropiaci\u00f3n en favor de terceros, fabricaci\u00f3n, tr\u00e1fico y transporte de armas de uso privativo de las Fuerzas Militares agravado y fabricaci\u00f3n, tr\u00e1fico y movilizaci\u00f3n de munici\u00f3n de uso privativo de las Fuerzas Militares agravado.<\/p>\n<p>Seg\u00fan el fiscal esos hermanos fueron art\u00edfices de la b\u00fasqueda de personas, desempleados, indigentes y gentes diversas, para presentarlas como desmovilizadas del mencionado frente subversivo.<\/p>\n<p>Alejandro Salazar Pacheco, es acusado de fraude procesal, peculado por apropiaci\u00f3n en favor de terceros, tr\u00e1fico, fabricaci\u00f3n y porte de armas de uso privativo de las fuerzas Militares agravado, y tr\u00e1fico, fabricaci\u00f3n y porte de munici\u00f3n de uso privativo de las fuerzas militares agravado.<\/p>\n<p>Salazar Pacheco habr\u00eda sido el responsable del entrenamiento de los falsos guerrilleros, pues al igual que alias Olivo Salda\u00f1a hab\u00eda desertado de las filas de las FARC.<\/p>\n\n<div class=\"twitter-share\"><a href=\"https:\/\/twitter.com\/intent\/tweet?via=fiscaliacol\" class=\"twitter-share-button\">Tweet<\/a><\/div>\n","protected":false},"excerpt":{"rendered":"<p>Ante el Juzgado Primero Especializado de Bogot\u00e1, la Fiscal\u00eda acus\u00f3 formalmente al excomisionado de Paz Luis Carlos Restrepo Ram\u00edrez, Ra\u00fal Agudelo Medina, alias Olivo Salda\u00f1a, dos coroneles de las Fuerzas Armadas y cuatro civiles m\u00e1s, por la falsa desmovilizaci\u00f3n del frente guerrillero Cacica La Gaitana. La decisi\u00f3n del ente acusador cobija a los coroneles Jaime [&hellip;]<\/p>\n","protected":false},"author":143,"featured_media":0,"comment_status":"closed","ping_status":"open","sticky":false,"template":"","format":"standard","meta":{"tdm_status":"","tdm_grid_status":"","footnotes":""},"categories":[1],"tags":[374,373],"class_list":{"0":"post-39201","1":"post","2":"type-post","3":"status-publish","4":"format-standard","6":"category-noticias","7":"tag-cacica-la-gaitana","8":"tag-falsa-desmovilizacion"},"yoast_head":"<!-- This site is optimized with the Yoast SEO plugin v24.3 - https:\/\/yoast.com\/wordpress\/plugins\/seo\/ -->\n<title>Fiscal\u00eda General de la Naci\u00f3n<\/title>\n<meta name=\"description\" content=\"P\u00e1gina oficial de la Fiscal\u00eda General de la Naci\u00f3n \u2013 Colombia. Garantizamos el acceso efectivo a la justicia, la verdad y la reparaci\u00f3n de las v\u00edctimas de los delitos.\" \/>\n<meta name=\"robots\" content=\"noindex, follow\" \/>\n<meta property=\"og:locale\" content=\"es_ES\" \/>\n<meta property=\"og:type\" content=\"article\" \/>\n<meta property=\"og:title\" content=\"Fiscal\u00eda General de la Naci\u00f3n\" \/>\n<meta property=\"og:description\" content=\"P\u00e1gina oficial de la Fiscal\u00eda General de la Naci\u00f3n \u2013 Colombia. Garantizamos el acceso efectivo a la justicia, la verdad y la reparaci\u00f3n de las v\u00edctimas de los delitos.\" \/>\n<meta property=\"og:url\" content=\"https:\/\/www.fiscalia.gov.co\/colombia\/noticias\/en-firme-acusacion-por-falsas-desmovilizaciones-del-frente-cacica-la-gaitana\/\" \/>\n<meta property=\"og:site_name\" content=\"Fiscal\u00eda General de la Naci\u00f3n\" \/>\n<meta property=\"article:publisher\" content=\"https:\/\/www.facebook.com\/FiscaliaCol\" \/>\n<meta property=\"article:published_time\" content=\"2013-10-01T22:05:18+00:00\" \/>\n<meta name=\"author\" content=\"dfgordillo\" \/>\n<meta name=\"twitter:card\" content=\"summary_large_image\" \/>\n<meta name=\"twitter:creator\" content=\"@FiscaliaCol\" \/>\n<meta name=\"twitter:site\" content=\"@FiscaliaCol\" \/>\n<meta name=\"twitter:label1\" content=\"Escrito por\" \/>\n\t<meta name=\"twitter:data1\" content=\"dfgordillo\" \/>\n\t<meta name=\"twitter:label2\" content=\"Tiempo de lectura\" \/>\n\t<meta name=\"twitter:data2\" content=\"3 minutos\" \/>\n<script type=\"application\/ld+json\" class=\"yoast-schema-graph\">{\"@context\":\"https:\/\/schema.org\",\"@graph\":[{\"@type\":\"Article\",\"@id\":\"https:\/\/www.fiscalia.gov.co\/colombia\/noticias\/en-firme-acusacion-por-falsas-desmovilizaciones-del-frente-cacica-la-gaitana\/#article\",\"isPartOf\":{\"@id\":\"https:\/\/www.fiscalia.gov.co\/colombia\/noticias\/en-firme-acusacion-por-falsas-desmovilizaciones-del-frente-cacica-la-gaitana\/\"},\"author\":{\"name\":\"dfgordillo\",\"@id\":\"https:\/\/www.fiscalia.gov.co\/colombia\/#\/schema\/person\/3903856a3ce2d54b094c69eb29247895\"},\"headline\":\"En firme acusaci\u00f3n por falsas desmovilizaciones del frente Cacica La Gaitana\",\"datePublished\":\"2013-10-01T22:05:18+00:00\",\"dateModified\":\"2013-10-01T22:05:18+00:00\",\"mainEntityOfPage\":{\"@id\":\"https:\/\/www.fiscalia.gov.co\/colombia\/noticias\/en-firme-acusacion-por-falsas-desmovilizaciones-del-frente-cacica-la-gaitana\/\"},\"wordCount\":670,\"publisher\":{\"@id\":\"https:\/\/www.fiscalia.gov.co\/colombia\/#organization\"},\"keywords\":[\"Cacica la Gaitana\",\"Falsa desmovilizaci\u00f3n\"],\"articleSection\":[\"Noticias\"],\"inLanguage\":\"es-CO\"},{\"@type\":\"WebPage\",\"@id\":\"https:\/\/www.fiscalia.gov.co\/colombia\/noticias\/en-firme-acusacion-por-falsas-desmovilizaciones-del-frente-cacica-la-gaitana\/\",\"url\":\"https:\/\/www.fiscalia.gov.co\/colombia\/noticias\/en-firme-acusacion-por-falsas-desmovilizaciones-del-frente-cacica-la-gaitana\/\",\"name\":\"Fiscal\u00eda General de la Naci\u00f3n\",\"isPartOf\":{\"@id\":\"https:\/\/www.fiscalia.gov.co\/colombia\/#website\"},\"datePublished\":\"2013-10-01T22:05:18+00:00\",\"dateModified\":\"2013-10-01T22:05:18+00:00\",\"description\":\"P\u00e1gina oficial de la Fiscal\u00eda General de la Naci\u00f3n \u2013 Colombia. Garantizamos el acceso efectivo a la justicia, la verdad y la reparaci\u00f3n de las v\u00edctimas de los delitos.\",\"breadcrumb\":{\"@id\":\"https:\/\/www.fiscalia.gov.co\/colombia\/noticias\/en-firme-acusacion-por-falsas-desmovilizaciones-del-frente-cacica-la-gaitana\/#breadcrumb\"},\"inLanguage\":\"es-CO\",\"potentialAction\":[{\"@type\":\"ReadAction\",\"target\":[\"https:\/\/www.fiscalia.gov.co\/colombia\/noticias\/en-firme-acusacion-por-falsas-desmovilizaciones-del-frente-cacica-la-gaitana\/\"]}]},{\"@type\":\"BreadcrumbList\",\"@id\":\"https:\/\/www.fiscalia.gov.co\/colombia\/noticias\/en-firme-acusacion-por-falsas-desmovilizaciones-del-frente-cacica-la-gaitana\/#breadcrumb\",\"itemListElement\":[{\"@type\":\"ListItem\",\"position\":1,\"name\":\"Home\",\"item\":\"https:\/\/www.fiscalia.gov.co\/colombia\/\"},{\"@type\":\"ListItem\",\"position\":2,\"name\":\"En firme acusaci\u00f3n por falsas desmovilizaciones del frente Cacica La Gaitana\"}]},{\"@type\":\"WebSite\",\"@id\":\"https:\/\/www.fiscalia.gov.co\/colombia\/#website\",\"url\":\"https:\/\/www.fiscalia.gov.co\/colombia\/\",\"name\":\"Fiscal\u00eda General de la Naci\u00f3n\",\"description\":\"P\u00e1gina oficial de la Fiscal\u00eda General de la Naci\u00f3n \u2013 Colombia. Garantizamos el acceso efectivo a la justicia, la verdad y la reparaci\u00f3n de las v\u00edctimas de los delitos.\",\"publisher\":{\"@id\":\"https:\/\/www.fiscalia.gov.co\/colombia\/#organization\"},\"potentialAction\":[{\"@type\":\"SearchAction\",\"target\":{\"@type\":\"EntryPoint\",\"urlTemplate\":\"https:\/\/www.fiscalia.gov.co\/colombia\/?s={search_term_string}\"},\"query-input\":{\"@type\":\"PropertyValueSpecification\",\"valueRequired\":true,\"valueName\":\"search_term_string\"}}],\"inLanguage\":\"es-CO\"},{\"@type\":\"Organization\",\"@id\":\"https:\/\/www.fiscalia.gov.co\/colombia\/#organization\",\"name\":\"Fiscal\u00eda General de la Naci\u00f3n\",\"url\":\"https:\/\/www.fiscalia.gov.co\/colombia\/\",\"logo\":{\"@type\":\"ImageObject\",\"inLanguage\":\"es-CO\",\"@id\":\"https:\/\/www.fiscalia.gov.co\/colombia\/#\/schema\/logo\/image\/\",\"url\":\"https:\/\/www.fiscalia.gov.co\/colombia\/wp-content\/uploads\/LogoHorizontal_1.jpg\",\"contentUrl\":\"https:\/\/www.fiscalia.gov.co\/colombia\/wp-content\/uploads\/LogoHorizontal_1.jpg\",\"width\":300,\"height\":90,\"caption\":\"Fiscal\u00eda General de la Naci\u00f3n\"},\"image\":{\"@id\":\"https:\/\/www.fiscalia.gov.co\/colombia\/#\/schema\/logo\/image\/\"},\"sameAs\":[\"https:\/\/www.facebook.com\/FiscaliaCol\",\"https:\/\/x.com\/FiscaliaCol\",\"https:\/\/www.instagram.com\/fiscaliacol\",\"https:\/\/www.linkedin.com\/company\/fiscalia-general-de-la-naci-n\/\",\"https:\/\/youtube.com\/@fiscaliageneraldelanacion-4668?si=6nN79nyQICPU5iTh\"]},{\"@type\":\"Person\",\"@id\":\"https:\/\/www.fiscalia.gov.co\/colombia\/#\/schema\/person\/3903856a3ce2d54b094c69eb29247895\",\"name\":\"dfgordillo\",\"image\":{\"@type\":\"ImageObject\",\"inLanguage\":\"es-CO\",\"@id\":\"https:\/\/www.fiscalia.gov.co\/colombia\/#\/schema\/person\/image\/\",\"url\":\"https:\/\/secure.gravatar.com\/avatar\/b6356e21c5657c60757fe6fb9493e947?s=96&d=mm&r=g\",\"contentUrl\":\"https:\/\/secure.gravatar.com\/avatar\/b6356e21c5657c60757fe6fb9493e947?s=96&d=mm&r=g\",\"caption\":\"dfgordillo\"},\"sameAs\":[\"dfgordillo\"],\"url\":\"https:\/\/www.fiscalia.gov.co\/colombia\/author\/dfgordillo\/\"}]}<\/script>\n<!-- \/ Yoast SEO plugin. -->","yoast_head_json":{"title":"Fiscal\u00eda General de la Naci\u00f3n","description":"P\u00e1gina oficial de la Fiscal\u00eda General de la Naci\u00f3n \u2013 Colombia. Garantizamos el acceso efectivo a la justicia, la verdad y la reparaci\u00f3n de las v\u00edctimas de los delitos.","robots":{"index":"noindex","follow":"follow"},"og_locale":"es_ES","og_type":"article","og_title":"Fiscal\u00eda General de la Naci\u00f3n","og_description":"P\u00e1gina oficial de la Fiscal\u00eda General de la Naci\u00f3n \u2013 Colombia. Garantizamos el acceso efectivo a la justicia, la verdad y la reparaci\u00f3n de las v\u00edctimas de los delitos.","og_url":"https:\/\/www.fiscalia.gov.co\/colombia\/noticias\/en-firme-acusacion-por-falsas-desmovilizaciones-del-frente-cacica-la-gaitana\/","og_site_name":"Fiscal\u00eda General de la Naci\u00f3n","article_publisher":"https:\/\/www.facebook.com\/FiscaliaCol","article_published_time":"2013-10-01T22:05:18+00:00","author":"dfgordillo","twitter_card":"summary_large_image","twitter_creator":"@FiscaliaCol","twitter_site":"@FiscaliaCol","twitter_misc":{"Escrito por":"dfgordillo","Tiempo de lectura":"3 minutos"},"schema":{"@context":"https:\/\/schema.org","@graph":[{"@type":"Article","@id":"https:\/\/www.fiscalia.gov.co\/colombia\/noticias\/en-firme-acusacion-por-falsas-desmovilizaciones-del-frente-cacica-la-gaitana\/#article","isPartOf":{"@id":"https:\/\/www.fiscalia.gov.co\/colombia\/noticias\/en-firme-acusacion-por-falsas-desmovilizaciones-del-frente-cacica-la-gaitana\/"},"author":{"name":"dfgordillo","@id":"https:\/\/www.fiscalia.gov.co\/colombia\/#\/schema\/person\/3903856a3ce2d54b094c69eb29247895"},"headline":"En firme acusaci\u00f3n por falsas desmovilizaciones del frente Cacica La Gaitana","datePublished":"2013-10-01T22:05:18+00:00","dateModified":"2013-10-01T22:05:18+00:00","mainEntityOfPage":{"@id":"https:\/\/www.fiscalia.gov.co\/colombia\/noticias\/en-firme-acusacion-por-falsas-desmovilizaciones-del-frente-cacica-la-gaitana\/"},"wordCount":670,"publisher":{"@id":"https:\/\/www.fiscalia.gov.co\/colombia\/#organization"},"keywords":["Cacica la Gaitana","Falsa desmovilizaci\u00f3n"],"articleSection":["Noticias"],"inLanguage":"es-CO"},{"@type":"WebPage","@id":"https:\/\/www.fiscalia.gov.co\/colombia\/noticias\/en-firme-acusacion-por-falsas-desmovilizaciones-del-frente-cacica-la-gaitana\/","url":"https:\/\/www.fiscalia.gov.co\/colombia\/noticias\/en-firme-acusacion-por-falsas-desmovilizaciones-del-frente-cacica-la-gaitana\/","name":"Fiscal\u00eda General de la Naci\u00f3n","isPartOf":{"@id":"https:\/\/www.fiscalia.gov.co\/colombia\/#website"},"datePublished":"2013-10-01T22:05:18+00:00","dateModified":"2013-10-01T22:05:18+00:00","description":"P\u00e1gina oficial de la Fiscal\u00eda General de la Naci\u00f3n \u2013 Colombia. Garantizamos el acceso efectivo a la justicia, la verdad y la reparaci\u00f3n de las v\u00edctimas de los delitos.","breadcrumb":{"@id":"https:\/\/www.fiscalia.gov.co\/colombia\/noticias\/en-firme-acusacion-por-falsas-desmovilizaciones-del-frente-cacica-la-gaitana\/#breadcrumb"},"inLanguage":"es-CO","potentialAction":[{"@type":"ReadAction","target":["https:\/\/www.fiscalia.gov.co\/colombia\/noticias\/en-firme-acusacion-por-falsas-desmovilizaciones-del-frente-cacica-la-gaitana\/"]}]},{"@type":"BreadcrumbList","@id":"https:\/\/www.fiscalia.gov.co\/colombia\/noticias\/en-firme-acusacion-por-falsas-desmovilizaciones-del-frente-cacica-la-gaitana\/#breadcrumb","itemListElement":[{"@type":"ListItem","position":1,"name":"Home","item":"https:\/\/www.fiscalia.gov.co\/colombia\/"},{"@type":"ListItem","position":2,"name":"En firme acusaci\u00f3n por falsas desmovilizaciones del frente Cacica La Gaitana"}]},{"@type":"WebSite","@id":"https:\/\/www.fiscalia.gov.co\/colombia\/#website","url":"https:\/\/www.fiscalia.gov.co\/colombia\/","name":"Fiscal\u00eda General de la Naci\u00f3n","description":"P\u00e1gina oficial de la Fiscal\u00eda General de la Naci\u00f3n \u2013 Colombia. Garantizamos el acceso efectivo a la justicia, la verdad y la reparaci\u00f3n de las v\u00edctimas de los delitos.","publisher":{"@id":"https:\/\/www.fiscalia.gov.co\/colombia\/#organization"},"potentialAction":[{"@type":"SearchAction","target":{"@type":"EntryPoint","urlTemplate":"https:\/\/www.fiscalia.gov.co\/colombia\/?s={search_term_string}"},"query-input":{"@type":"PropertyValueSpecification","valueRequired":true,"valueName":"search_term_string"}}],"inLanguage":"es-CO"},{"@type":"Organization","@id":"https:\/\/www.fiscalia.gov.co\/colombia\/#organization","name":"Fiscal\u00eda General de la Naci\u00f3n","url":"https:\/\/www.fiscalia.gov.co\/colombia\/","logo":{"@type":"ImageObject","inLanguage":"es-CO","@id":"https:\/\/www.fiscalia.gov.co\/colombia\/#\/schema\/logo\/image\/","url":"https:\/\/www.fiscalia.gov.co\/colombia\/wp-content\/uploads\/LogoHorizontal_1.jpg","contentUrl":"https:\/\/www.fiscalia.gov.co\/colombia\/wp-content\/uploads\/LogoHorizontal_1.jpg","width":300,"height":90,"caption":"Fiscal\u00eda General de la Naci\u00f3n"},"image":{"@id":"https:\/\/www.fiscalia.gov.co\/colombia\/#\/schema\/logo\/image\/"},"sameAs":["https:\/\/www.facebook.com\/FiscaliaCol","https:\/\/x.com\/FiscaliaCol","https:\/\/www.instagram.com\/fiscaliacol","https:\/\/www.linkedin.com\/company\/fiscalia-general-de-la-naci-n\/","https:\/\/youtube.com\/@fiscaliageneraldelanacion-4668?si=6nN79nyQICPU5iTh"]},{"@type":"Person","@id":"https:\/\/www.fiscalia.gov.co\/colombia\/#\/schema\/person\/3903856a3ce2d54b094c69eb29247895","name":"dfgordillo","image":{"@type":"ImageObject","inLanguage":"es-CO","@id":"https:\/\/www.fiscalia.gov.co\/colombia\/#\/schema\/person\/image\/","url":"https:\/\/secure.gravatar.com\/avatar\/b6356e21c5657c60757fe6fb9493e947?s=96&d=mm&r=g","contentUrl":"https:\/\/secure.gravatar.com\/avatar\/b6356e21c5657c60757fe6fb9493e947?s=96&d=mm&r=g","caption":"dfgordillo"},"sameAs":["dfgordillo"],"url":"https:\/\/www.fiscalia.gov.co\/colombia\/author\/dfgordillo\/"}]}},"_links":{"self":[{"href":"https:\/\/www.fiscalia.gov.co\/colombia\/wp-json\/wp\/v2\/posts\/39201","targetHints":{"allow":["GET"]}}],"collection":[{"href":"https:\/\/www.fiscalia.gov.co\/colombia\/wp-json\/wp\/v2\/posts"}],"about":[{"href":"https:\/\/www.fiscalia.gov.co\/colombia\/wp-json\/wp\/v2\/types\/post"}],"author":[{"embeddable":true,"href":"https:\/\/www.fiscalia.gov.co\/colombia\/wp-json\/wp\/v2\/users\/143"}],"replies":[{"embeddable":true,"href":"https:\/\/www.fiscalia.gov.co\/colombia\/wp-json\/wp\/v2\/comments?post=39201"}],"version-history":[{"count":1,"href":"https:\/\/www.fiscalia.gov.co\/colombia\/wp-json\/wp\/v2\/posts\/39201\/revisions"}],"predecessor-version":[{"id":39202,"href":"https:\/\/www.fiscalia.gov.co\/colombia\/wp-json\/wp\/v2\/posts\/39201\/revisions\/39202"}],"wp:attachment":[{"href":"https:\/\/www.fiscalia.gov.co\/colombia\/wp-json\/wp\/v2\/media?parent=39201"}],"wp:term":[{"taxonomy":"category","embeddable":true,"href":"https:\/\/www.fiscalia.gov.co\/colombia\/wp-json\/wp\/v2\/categories?post=39201"},{"taxonomy":"post_tag","embeddable":true,"href":"https:\/\/www.fiscalia.gov.co\/colombia\/wp-json\/wp\/v2\/tags?post=39201"}],"curies":[{"name":"wp","href":"https:\/\/api.w.org\/{rel}","templated":true}]}}