{"id":362946,"date":"2026-04-30T17:13:56","date_gmt":"2026-04-30T22:13:56","guid":{"rendered":"https:\/\/www.fiscalia.gov.co\/colombia\/?p=362946"},"modified":"2026-04-30T17:16:34","modified_gmt":"2026-04-30T22:16:34","slug":"acusados-formalmente-exministros-ricardo-bonilla-y-luis-fernando-velasco-por-la-presunta-participacion-en-el-direccionamiento-de-contratos-en-favor-de","status":"publish","type":"post","link":"https:\/\/www.fiscalia.gov.co\/colombia\/lucha-contra-corrupcion\/acusados-formalmente-exministros-ricardo-bonilla-y-luis-fernando-velasco-por-la-presunta-participacion-en-el-direccionamiento-de-contratos-en-favor-de\/","title":{"rendered":"Acusados formalmente exministros Ricardo Bonilla y Luis Fernando Velasco por la presunta participaci\u00f3n en el direccionamiento de contratos en favor de congresistas"},"content":{"rendered":"<blockquote>\n<h4><strong><i>Son se\u00f1alados de\u00a0orientar contratos en el Instituto Nacional de V\u00edas (Inv\u00edas) y la Unidad Nacional para la Gesti\u00f3n del Riesgo de Desastres (UNGRD)\u00a0para\u00a0asegurar votos\u00a0que permitieran el paso de proyectos gubernamentales en el\u00a0Congreso.<\/i><\/strong><\/h4>\n<\/blockquote>\n<p>La\u00a0Fiscal\u00eda General\u00a0de la Naci\u00f3n acus\u00f3 formalmente a los exministros\u00a0de Hacienda,\u00a0Ricardo Bonilla Gonz\u00e1lez;\u00a0y\u00a0del Interior,\u00a0Luis Fernando Velasco Chaves, como presuntos responsables de\u00a0<strong>los delitos de concierto para delinquir agravado, inter\u00e9s indebido en la celebraci\u00f3n de contratos y cohecho por dar u ofrecer.<span style=\"color: #222222; font-family: Verdana, BlinkMacSystemFont, -apple-system, 'Segoe UI', Roboto, Oxygen, Ubuntu, Cantarell, 'Open Sans', 'Helvetica Neue', sans-serif; font-size: 15px;\" data-ccp-props=\"{&quot;335551550&quot;:6,&quot;335551620&quot;:6,&quot;335559739&quot;:240}\">\u00a0<\/span><\/strong><\/p>\n<p><span data-contrast=\"auto\">Los exfuncionarios son se\u00f1alados de convocar reuniones, impartir directrices y hacer seguimiento para direccionar proyectos de inversi\u00f3n en el Instituto Nacional de<strong> V\u00edas (Inv\u00edas) y en la Unidad Nacional para la Gesti\u00f3n del Riesgo de Desastres (UNGRD)\u00a0en\u00a0beneficio\u00a0de\u00a0congresistas, con el fin de asegurar su respaldo a<\/strong> iniciativas\u00a0gubernamentales en el Senado de la Rep\u00fablica y la C\u00e1mara de Representantes.<\/span><span data-ccp-props=\"{&quot;335551550&quot;:6,&quot;335551620&quot;:6,&quot;335559739&quot;:240}\">\u00a0<\/span><\/p>\n<p><span data-contrast=\"auto\">Los elementos materiales probatorios dan cuenta de tres momentos.\u00a0Entre junio y septiembre de 2023,\u00a0habr\u00edan intervenido\u00a0indebidamente\u00a0en\u00a078\u00a0contratos\u00a0(73\u00a0en\u00a0Inv\u00edas\u00a0y\u00a05\u00a0en UNGRD),\u00a0<strong>que ascendieron en cuant\u00eda a\u00a0612.000\u00a0millones de pesos,\u00a0<\/strong>siete\u00a0de los cuales\u00a0se concretaron.\u00a0<\/span><span data-ccp-props=\"{&quot;335551550&quot;:6,&quot;335551620&quot;:6,&quot;335559739&quot;:240}\">\u00a0<\/span><\/p>\n<p><span data-contrast=\"auto\">Posteriormente, entre septiembre y diciembre de 2023,\u00a0presuntamente\u00a0intercedieron\u00a0en tres\u00a0procesos contractuales en la UNGRD\u00a0que ten\u00edan como objeto la mitigaci\u00f3n y atenci\u00f3n de emergencias en\u00a0Saravena\u00a0(Arauca), Cotorra (C\u00f3rdoba) y el corregimiento El Salado en Carmen de Bol\u00edvar (Bol\u00edvar) por valor de 86.619 millones pesos. <strong>Estos negocios no alcanzaron a ser\u00a0celebrados, pero los congresistas a beneficiar deliberaron y aprobaron 17<\/strong> notas cr\u00e9dito de endeudamiento a favor del Gobierno nacional.<\/span><span data-ccp-props=\"{&quot;335551550&quot;:6,&quot;335551620&quot;:6,&quot;335559739&quot;:240}\">\u00a0<\/span><\/p>\n<p><span data-contrast=\"auto\">Finalmente,\u00a0se les atribuye mediar de manera ilegal,\u00a0entre noviembre de 2023 y marzo de 2024,\u00a0<\/span><span data-contrast=\"none\">para que un contrato de la UNGRD que se ejecutar\u00eda en Sahag\u00fan (C\u00f3rdoba),<\/span><b><span data-contrast=\"none\">\u202f<\/span><\/b><span data-contrast=\"none\">y compromet\u00eda 35.000 millones de pesos<\/span><b><span data-contrast=\"none\">,<\/span><\/b><span data-contrast=\"none\">\u00a0fuera entregado a personas a fines de un congresista de la Comisi\u00f3n Primera del Senado, situaci\u00f3n que no se materializ\u00f3.<\/span><span data-ccp-props=\"{&quot;335551550&quot;:6,&quot;335551620&quot;:6,&quot;335559739&quot;:240}\">\u00a0<\/span><\/p>\n<p><span data-contrast=\"auto\">LAGP\/LCHG\/JARG\/GSV\/UFDCSJ\/<\/span><span data-ccp-props=\"{&quot;335551550&quot;:6,&quot;335551620&quot;:6,&quot;335559739&quot;:240}\">\u00a0<\/span><\/p>\n<p>&nbsp;<\/p>\n<p>&nbsp;<\/p>\n<p>&nbsp;<\/p>\n<p>&nbsp;<\/p>\n<p><i>La informaci\u00f3n contenida en este bolet\u00edn de prensa corresponde a la narraci\u00f3n de los hechos noticiosos objetivos, suministrados por los funcionarios encargados de adelantar las investigaciones penales al interior de la Fiscal\u00eda General de la Naci\u00f3n. Para el momento de la divulgaci\u00f3n de este comunicado, la situaci\u00f3n jur\u00eddica de la(s) persona(s) relacionada(s) se encuentra pendiente de resolver por la autoridad judicial competente, siempre bajo los preceptos de la presunci\u00f3n de inocencia, consagrados en el art\u00edculo 29 de la Constituci\u00f3n Pol\u00edtica y el art\u00edculo 7\u00ba de la Ley 906 de 2004.<\/i><\/p>\n\n<div class=\"twitter-share\"><a href=\"https:\/\/twitter.com\/intent\/tweet?via=fiscaliacol\" class=\"twitter-share-button\">Tweet<\/a><\/div>\n","protected":false},"excerpt":{"rendered":"<p>Son se\u00f1alados de\u00a0orientar contratos en el Instituto Nacional de V\u00edas (Inv\u00edas) y la Unidad Nacional para la Gesti\u00f3n del Riesgo de Desastres (UNGRD)\u00a0para\u00a0asegurar votos\u00a0que permitieran el paso de proyectos gubernamentales en el\u00a0Congreso. La\u00a0Fiscal\u00eda General\u00a0de la Naci\u00f3n acus\u00f3 formalmente a los exministros\u00a0de Hacienda,\u00a0Ricardo Bonilla Gonz\u00e1lez;\u00a0y\u00a0del Interior,\u00a0Luis Fernando Velasco Chaves, como presuntos responsables de\u00a0los delitos de concierto [&hellip;]<\/p>\n","protected":false},"author":181,"featured_media":0,"comment_status":"closed","ping_status":"open","sticky":false,"template":"","format":"standard","meta":{"_price":"","_stock":"","_tribe_ticket_header":"","_tribe_default_ticket_provider":"","_tribe_ticket_capacity":"0","_ticket_start_date":"","_ticket_end_date":"","_tribe_ticket_show_description":"","_tribe_ticket_show_not_going":false,"_tribe_ticket_use_global_stock":"","_tribe_ticket_global_stock_level":"","_global_stock_mode":"","_global_stock_cap":"","_tribe_rsvp_for_event":"","_tribe_ticket_going_count":"","_tribe_ticket_not_going_count":"","_tribe_tickets_list":"[]","_tribe_ticket_has_attendee_info_fields":false,"tdm_status":"","tdm_grid_status":"","footnotes":""},"categories":[24107,1],"tags":[37492,4614,24187,24481,1047],"class_list":{"0":"post-362946","1":"post","2":"type-post","3":"status-publish","4":"format-standard","6":"category-lucha-contra-corrupcion","7":"category-noticias","8":"tag-fiscal-luz-adriana-camargo","9":"tag-fiscalia-2","10":"tag-fiscalia-colombia","11":"tag-fiscalia-de-colombia","12":"tag-fiscalia-general-de-la-nacion"},"yoast_head":"<!-- This site is optimized with the Yoast SEO plugin v24.3 - https:\/\/yoast.com\/wordpress\/plugins\/seo\/ -->\n<title>Fiscal\u00eda General de la Naci\u00f3n<\/title>\n<meta name=\"description\" content=\"P\u00e1gina oficial de la Fiscal\u00eda General de la Naci\u00f3n \u2013 Colombia. Garantizamos el acceso efectivo a la justicia, la verdad y la reparaci\u00f3n de las v\u00edctimas de los delitos.\" \/>\n<meta name=\"robots\" content=\"noindex, follow\" \/>\n<meta property=\"og:locale\" content=\"es_ES\" \/>\n<meta property=\"og:type\" content=\"article\" \/>\n<meta property=\"og:title\" content=\"Fiscal\u00eda General de la Naci\u00f3n\" \/>\n<meta property=\"og:description\" content=\"P\u00e1gina oficial de la Fiscal\u00eda General de la Naci\u00f3n \u2013 Colombia. Garantizamos el acceso efectivo a la justicia, la verdad y la reparaci\u00f3n de las v\u00edctimas de los delitos.\" \/>\n<meta property=\"og:url\" content=\"https:\/\/www.fiscalia.gov.co\/colombia\/lucha-contra-corrupcion\/acusados-formalmente-exministros-ricardo-bonilla-y-luis-fernando-velasco-por-la-presunta-participacion-en-el-direccionamiento-de-contratos-en-favor-de\/\" \/>\n<meta property=\"og:site_name\" content=\"Fiscal\u00eda General de la Naci\u00f3n\" \/>\n<meta property=\"article:publisher\" content=\"https:\/\/www.facebook.com\/FiscaliaCol\" \/>\n<meta property=\"article:published_time\" content=\"2026-04-30T22:13:56+00:00\" \/>\n<meta property=\"article:modified_time\" content=\"2026-04-30T22:16:34+00:00\" \/>\n<meta name=\"author\" content=\"Johanna Islenny Prieto Pe\u00f1a\" \/>\n<meta name=\"twitter:card\" content=\"summary_large_image\" \/>\n<meta name=\"twitter:creator\" content=\"@FiscaliaCol\" \/>\n<meta name=\"twitter:site\" content=\"@FiscaliaCol\" \/>\n<meta name=\"twitter:label1\" content=\"Escrito por\" \/>\n\t<meta name=\"twitter:data1\" content=\"Johanna Islenny Prieto Pe\u00f1a\" \/>\n\t<meta name=\"twitter:label2\" content=\"Tiempo de lectura\" \/>\n\t<meta name=\"twitter:data2\" content=\"2 minutos\" \/>\n<script type=\"application\/ld+json\" class=\"yoast-schema-graph\">{\"@context\":\"https:\/\/schema.org\",\"@graph\":[{\"@type\":\"Article\",\"@id\":\"https:\/\/www.fiscalia.gov.co\/colombia\/lucha-contra-corrupcion\/acusados-formalmente-exministros-ricardo-bonilla-y-luis-fernando-velasco-por-la-presunta-participacion-en-el-direccionamiento-de-contratos-en-favor-de\/#article\",\"isPartOf\":{\"@id\":\"https:\/\/www.fiscalia.gov.co\/colombia\/lucha-contra-corrupcion\/acusados-formalmente-exministros-ricardo-bonilla-y-luis-fernando-velasco-por-la-presunta-participacion-en-el-direccionamiento-de-contratos-en-favor-de\/\"},\"author\":{\"name\":\"Johanna Islenny Prieto Pe\u00f1a\",\"@id\":\"https:\/\/www.fiscalia.gov.co\/colombia\/#\/schema\/person\/ba9eca435947489fb25117a0cd75bf3e\"},\"headline\":\"Acusados formalmente exministros Ricardo Bonilla y Luis Fernando Velasco por la presunta participaci\u00f3n en el direccionamiento de contratos en favor de congresistas\",\"datePublished\":\"2026-04-30T22:13:56+00:00\",\"dateModified\":\"2026-04-30T22:16:34+00:00\",\"mainEntityOfPage\":{\"@id\":\"https:\/\/www.fiscalia.gov.co\/colombia\/lucha-contra-corrupcion\/acusados-formalmente-exministros-ricardo-bonilla-y-luis-fernando-velasco-por-la-presunta-participacion-en-el-direccionamiento-de-contratos-en-favor-de\/\"},\"wordCount\":471,\"publisher\":{\"@id\":\"https:\/\/www.fiscalia.gov.co\/colombia\/#organization\"},\"keywords\":[\"Fiscal Luz Adriana Camargo\",\"Fiscal\u00eda\",\"Fiscal\u00eda Colombia\",\"Fiscal\u00eda de Colombia\",\"Fiscal\u00eda General de la Naci\u00f3n\"],\"articleSection\":[\"Corrupci\u00f3n\",\"Noticias\"],\"inLanguage\":\"es-CO\"},{\"@type\":\"WebPage\",\"@id\":\"https:\/\/www.fiscalia.gov.co\/colombia\/lucha-contra-corrupcion\/acusados-formalmente-exministros-ricardo-bonilla-y-luis-fernando-velasco-por-la-presunta-participacion-en-el-direccionamiento-de-contratos-en-favor-de\/\",\"url\":\"https:\/\/www.fiscalia.gov.co\/colombia\/lucha-contra-corrupcion\/acusados-formalmente-exministros-ricardo-bonilla-y-luis-fernando-velasco-por-la-presunta-participacion-en-el-direccionamiento-de-contratos-en-favor-de\/\",\"name\":\"Fiscal\u00eda General de la Naci\u00f3n\",\"isPartOf\":{\"@id\":\"https:\/\/www.fiscalia.gov.co\/colombia\/#website\"},\"datePublished\":\"2026-04-30T22:13:56+00:00\",\"dateModified\":\"2026-04-30T22:16:34+00:00\",\"description\":\"P\u00e1gina oficial de la Fiscal\u00eda General de la Naci\u00f3n \u2013 Colombia. Garantizamos el acceso efectivo a la justicia, la verdad y la reparaci\u00f3n de las v\u00edctimas de los delitos.\",\"breadcrumb\":{\"@id\":\"https:\/\/www.fiscalia.gov.co\/colombia\/lucha-contra-corrupcion\/acusados-formalmente-exministros-ricardo-bonilla-y-luis-fernando-velasco-por-la-presunta-participacion-en-el-direccionamiento-de-contratos-en-favor-de\/#breadcrumb\"},\"inLanguage\":\"es-CO\",\"potentialAction\":[{\"@type\":\"ReadAction\",\"target\":[\"https:\/\/www.fiscalia.gov.co\/colombia\/lucha-contra-corrupcion\/acusados-formalmente-exministros-ricardo-bonilla-y-luis-fernando-velasco-por-la-presunta-participacion-en-el-direccionamiento-de-contratos-en-favor-de\/\"]}]},{\"@type\":\"BreadcrumbList\",\"@id\":\"https:\/\/www.fiscalia.gov.co\/colombia\/lucha-contra-corrupcion\/acusados-formalmente-exministros-ricardo-bonilla-y-luis-fernando-velasco-por-la-presunta-participacion-en-el-direccionamiento-de-contratos-en-favor-de\/#breadcrumb\",\"itemListElement\":[{\"@type\":\"ListItem\",\"position\":1,\"name\":\"Home\",\"item\":\"https:\/\/www.fiscalia.gov.co\/colombia\/\"},{\"@type\":\"ListItem\",\"position\":2,\"name\":\"Acusados formalmente exministros Ricardo Bonilla y Luis Fernando Velasco por la presunta participaci\u00f3n en el direccionamiento de contratos en favor de congresistas\"}]},{\"@type\":\"WebSite\",\"@id\":\"https:\/\/www.fiscalia.gov.co\/colombia\/#website\",\"url\":\"https:\/\/www.fiscalia.gov.co\/colombia\/\",\"name\":\"Fiscal\u00eda General de la Naci\u00f3n\",\"description\":\"P\u00e1gina oficial de la Fiscal\u00eda General de la Naci\u00f3n \u2013 Colombia. Garantizamos el acceso efectivo a la justicia, la verdad y la reparaci\u00f3n de las v\u00edctimas de los delitos.\",\"publisher\":{\"@id\":\"https:\/\/www.fiscalia.gov.co\/colombia\/#organization\"},\"potentialAction\":[{\"@type\":\"SearchAction\",\"target\":{\"@type\":\"EntryPoint\",\"urlTemplate\":\"https:\/\/www.fiscalia.gov.co\/colombia\/?s={search_term_string}\"},\"query-input\":{\"@type\":\"PropertyValueSpecification\",\"valueRequired\":true,\"valueName\":\"search_term_string\"}}],\"inLanguage\":\"es-CO\"},{\"@type\":\"Organization\",\"@id\":\"https:\/\/www.fiscalia.gov.co\/colombia\/#organization\",\"name\":\"Fiscal\u00eda General de la Naci\u00f3n\",\"url\":\"https:\/\/www.fiscalia.gov.co\/colombia\/\",\"logo\":{\"@type\":\"ImageObject\",\"inLanguage\":\"es-CO\",\"@id\":\"https:\/\/www.fiscalia.gov.co\/colombia\/#\/schema\/logo\/image\/\",\"url\":\"https:\/\/www.fiscalia.gov.co\/colombia\/wp-content\/uploads\/LogoHorizontal_1.jpg\",\"contentUrl\":\"https:\/\/www.fiscalia.gov.co\/colombia\/wp-content\/uploads\/LogoHorizontal_1.jpg\",\"width\":300,\"height\":90,\"caption\":\"Fiscal\u00eda General de la Naci\u00f3n\"},\"image\":{\"@id\":\"https:\/\/www.fiscalia.gov.co\/colombia\/#\/schema\/logo\/image\/\"},\"sameAs\":[\"https:\/\/www.facebook.com\/FiscaliaCol\",\"https:\/\/x.com\/FiscaliaCol\",\"https:\/\/www.instagram.com\/fiscaliacol\",\"https:\/\/www.linkedin.com\/company\/fiscalia-general-de-la-naci-n\/\",\"https:\/\/youtube.com\/@fiscaliageneraldelanacion-4668?si=6nN79nyQICPU5iTh\"]},{\"@type\":\"Person\",\"@id\":\"https:\/\/www.fiscalia.gov.co\/colombia\/#\/schema\/person\/ba9eca435947489fb25117a0cd75bf3e\",\"name\":\"Johanna Islenny Prieto Pe\u00f1a\",\"image\":{\"@type\":\"ImageObject\",\"inLanguage\":\"es-CO\",\"@id\":\"https:\/\/www.fiscalia.gov.co\/colombia\/#\/schema\/person\/image\/\",\"url\":\"https:\/\/secure.gravatar.com\/avatar\/111433fc2acb037ffb768f6a3ca47864?s=96&d=mm&r=g\",\"contentUrl\":\"https:\/\/secure.gravatar.com\/avatar\/111433fc2acb037ffb768f6a3ca47864?s=96&d=mm&r=g\",\"caption\":\"Johanna Islenny Prieto Pe\u00f1a\"},\"url\":\"https:\/\/www.fiscalia.gov.co\/colombia\/author\/jprietop\/\"}]}<\/script>\n<!-- \/ Yoast SEO plugin. -->","yoast_head_json":{"title":"Fiscal\u00eda General de la Naci\u00f3n","description":"P\u00e1gina oficial de la Fiscal\u00eda General de la Naci\u00f3n \u2013 Colombia. Garantizamos el acceso efectivo a la justicia, la verdad y la reparaci\u00f3n de las v\u00edctimas de los delitos.","robots":{"index":"noindex","follow":"follow"},"og_locale":"es_ES","og_type":"article","og_title":"Fiscal\u00eda General de la Naci\u00f3n","og_description":"P\u00e1gina oficial de la Fiscal\u00eda General de la Naci\u00f3n \u2013 Colombia. Garantizamos el acceso efectivo a la justicia, la verdad y la reparaci\u00f3n de las v\u00edctimas de los delitos.","og_url":"https:\/\/www.fiscalia.gov.co\/colombia\/lucha-contra-corrupcion\/acusados-formalmente-exministros-ricardo-bonilla-y-luis-fernando-velasco-por-la-presunta-participacion-en-el-direccionamiento-de-contratos-en-favor-de\/","og_site_name":"Fiscal\u00eda General de la Naci\u00f3n","article_publisher":"https:\/\/www.facebook.com\/FiscaliaCol","article_published_time":"2026-04-30T22:13:56+00:00","article_modified_time":"2026-04-30T22:16:34+00:00","author":"Johanna Islenny Prieto Pe\u00f1a","twitter_card":"summary_large_image","twitter_creator":"@FiscaliaCol","twitter_site":"@FiscaliaCol","twitter_misc":{"Escrito por":"Johanna Islenny Prieto Pe\u00f1a","Tiempo de lectura":"2 minutos"},"schema":{"@context":"https:\/\/schema.org","@graph":[{"@type":"Article","@id":"https:\/\/www.fiscalia.gov.co\/colombia\/lucha-contra-corrupcion\/acusados-formalmente-exministros-ricardo-bonilla-y-luis-fernando-velasco-por-la-presunta-participacion-en-el-direccionamiento-de-contratos-en-favor-de\/#article","isPartOf":{"@id":"https:\/\/www.fiscalia.gov.co\/colombia\/lucha-contra-corrupcion\/acusados-formalmente-exministros-ricardo-bonilla-y-luis-fernando-velasco-por-la-presunta-participacion-en-el-direccionamiento-de-contratos-en-favor-de\/"},"author":{"name":"Johanna Islenny Prieto Pe\u00f1a","@id":"https:\/\/www.fiscalia.gov.co\/colombia\/#\/schema\/person\/ba9eca435947489fb25117a0cd75bf3e"},"headline":"Acusados formalmente exministros Ricardo Bonilla y Luis Fernando Velasco por la presunta participaci\u00f3n en el direccionamiento de contratos en favor de congresistas","datePublished":"2026-04-30T22:13:56+00:00","dateModified":"2026-04-30T22:16:34+00:00","mainEntityOfPage":{"@id":"https:\/\/www.fiscalia.gov.co\/colombia\/lucha-contra-corrupcion\/acusados-formalmente-exministros-ricardo-bonilla-y-luis-fernando-velasco-por-la-presunta-participacion-en-el-direccionamiento-de-contratos-en-favor-de\/"},"wordCount":471,"publisher":{"@id":"https:\/\/www.fiscalia.gov.co\/colombia\/#organization"},"keywords":["Fiscal Luz Adriana Camargo","Fiscal\u00eda","Fiscal\u00eda Colombia","Fiscal\u00eda de Colombia","Fiscal\u00eda General de la Naci\u00f3n"],"articleSection":["Corrupci\u00f3n","Noticias"],"inLanguage":"es-CO"},{"@type":"WebPage","@id":"https:\/\/www.fiscalia.gov.co\/colombia\/lucha-contra-corrupcion\/acusados-formalmente-exministros-ricardo-bonilla-y-luis-fernando-velasco-por-la-presunta-participacion-en-el-direccionamiento-de-contratos-en-favor-de\/","url":"https:\/\/www.fiscalia.gov.co\/colombia\/lucha-contra-corrupcion\/acusados-formalmente-exministros-ricardo-bonilla-y-luis-fernando-velasco-por-la-presunta-participacion-en-el-direccionamiento-de-contratos-en-favor-de\/","name":"Fiscal\u00eda General de la Naci\u00f3n","isPartOf":{"@id":"https:\/\/www.fiscalia.gov.co\/colombia\/#website"},"datePublished":"2026-04-30T22:13:56+00:00","dateModified":"2026-04-30T22:16:34+00:00","description":"P\u00e1gina oficial de la Fiscal\u00eda General de la Naci\u00f3n \u2013 Colombia. Garantizamos el acceso efectivo a la justicia, la verdad y la reparaci\u00f3n de las v\u00edctimas de los delitos.","breadcrumb":{"@id":"https:\/\/www.fiscalia.gov.co\/colombia\/lucha-contra-corrupcion\/acusados-formalmente-exministros-ricardo-bonilla-y-luis-fernando-velasco-por-la-presunta-participacion-en-el-direccionamiento-de-contratos-en-favor-de\/#breadcrumb"},"inLanguage":"es-CO","potentialAction":[{"@type":"ReadAction","target":["https:\/\/www.fiscalia.gov.co\/colombia\/lucha-contra-corrupcion\/acusados-formalmente-exministros-ricardo-bonilla-y-luis-fernando-velasco-por-la-presunta-participacion-en-el-direccionamiento-de-contratos-en-favor-de\/"]}]},{"@type":"BreadcrumbList","@id":"https:\/\/www.fiscalia.gov.co\/colombia\/lucha-contra-corrupcion\/acusados-formalmente-exministros-ricardo-bonilla-y-luis-fernando-velasco-por-la-presunta-participacion-en-el-direccionamiento-de-contratos-en-favor-de\/#breadcrumb","itemListElement":[{"@type":"ListItem","position":1,"name":"Home","item":"https:\/\/www.fiscalia.gov.co\/colombia\/"},{"@type":"ListItem","position":2,"name":"Acusados formalmente exministros Ricardo Bonilla y Luis Fernando Velasco por la presunta participaci\u00f3n en el direccionamiento de contratos en favor de congresistas"}]},{"@type":"WebSite","@id":"https:\/\/www.fiscalia.gov.co\/colombia\/#website","url":"https:\/\/www.fiscalia.gov.co\/colombia\/","name":"Fiscal\u00eda General de la Naci\u00f3n","description":"P\u00e1gina oficial de la Fiscal\u00eda General de la Naci\u00f3n \u2013 Colombia. Garantizamos el acceso efectivo a la justicia, la verdad y la reparaci\u00f3n de las v\u00edctimas de los delitos.","publisher":{"@id":"https:\/\/www.fiscalia.gov.co\/colombia\/#organization"},"potentialAction":[{"@type":"SearchAction","target":{"@type":"EntryPoint","urlTemplate":"https:\/\/www.fiscalia.gov.co\/colombia\/?s={search_term_string}"},"query-input":{"@type":"PropertyValueSpecification","valueRequired":true,"valueName":"search_term_string"}}],"inLanguage":"es-CO"},{"@type":"Organization","@id":"https:\/\/www.fiscalia.gov.co\/colombia\/#organization","name":"Fiscal\u00eda General de la Naci\u00f3n","url":"https:\/\/www.fiscalia.gov.co\/colombia\/","logo":{"@type":"ImageObject","inLanguage":"es-CO","@id":"https:\/\/www.fiscalia.gov.co\/colombia\/#\/schema\/logo\/image\/","url":"https:\/\/www.fiscalia.gov.co\/colombia\/wp-content\/uploads\/LogoHorizontal_1.jpg","contentUrl":"https:\/\/www.fiscalia.gov.co\/colombia\/wp-content\/uploads\/LogoHorizontal_1.jpg","width":300,"height":90,"caption":"Fiscal\u00eda General de la Naci\u00f3n"},"image":{"@id":"https:\/\/www.fiscalia.gov.co\/colombia\/#\/schema\/logo\/image\/"},"sameAs":["https:\/\/www.facebook.com\/FiscaliaCol","https:\/\/x.com\/FiscaliaCol","https:\/\/www.instagram.com\/fiscaliacol","https:\/\/www.linkedin.com\/company\/fiscalia-general-de-la-naci-n\/","https:\/\/youtube.com\/@fiscaliageneraldelanacion-4668?si=6nN79nyQICPU5iTh"]},{"@type":"Person","@id":"https:\/\/www.fiscalia.gov.co\/colombia\/#\/schema\/person\/ba9eca435947489fb25117a0cd75bf3e","name":"Johanna Islenny Prieto Pe\u00f1a","image":{"@type":"ImageObject","inLanguage":"es-CO","@id":"https:\/\/www.fiscalia.gov.co\/colombia\/#\/schema\/person\/image\/","url":"https:\/\/secure.gravatar.com\/avatar\/111433fc2acb037ffb768f6a3ca47864?s=96&d=mm&r=g","contentUrl":"https:\/\/secure.gravatar.com\/avatar\/111433fc2acb037ffb768f6a3ca47864?s=96&d=mm&r=g","caption":"Johanna Islenny Prieto Pe\u00f1a"},"url":"https:\/\/www.fiscalia.gov.co\/colombia\/author\/jprietop\/"}]}},"_links":{"self":[{"href":"https:\/\/www.fiscalia.gov.co\/colombia\/wp-json\/wp\/v2\/posts\/362946","targetHints":{"allow":["GET"]}}],"collection":[{"href":"https:\/\/www.fiscalia.gov.co\/colombia\/wp-json\/wp\/v2\/posts"}],"about":[{"href":"https:\/\/www.fiscalia.gov.co\/colombia\/wp-json\/wp\/v2\/types\/post"}],"author":[{"embeddable":true,"href":"https:\/\/www.fiscalia.gov.co\/colombia\/wp-json\/wp\/v2\/users\/181"}],"replies":[{"embeddable":true,"href":"https:\/\/www.fiscalia.gov.co\/colombia\/wp-json\/wp\/v2\/comments?post=362946"}],"version-history":[{"count":4,"href":"https:\/\/www.fiscalia.gov.co\/colombia\/wp-json\/wp\/v2\/posts\/362946\/revisions"}],"predecessor-version":[{"id":362950,"href":"https:\/\/www.fiscalia.gov.co\/colombia\/wp-json\/wp\/v2\/posts\/362946\/revisions\/362950"}],"wp:attachment":[{"href":"https:\/\/www.fiscalia.gov.co\/colombia\/wp-json\/wp\/v2\/media?parent=362946"}],"wp:term":[{"taxonomy":"category","embeddable":true,"href":"https:\/\/www.fiscalia.gov.co\/colombia\/wp-json\/wp\/v2\/categories?post=362946"},{"taxonomy":"post_tag","embeddable":true,"href":"https:\/\/www.fiscalia.gov.co\/colombia\/wp-json\/wp\/v2\/tags?post=362946"}],"curies":[{"name":"wp","href":"https:\/\/api.w.org\/{rel}","templated":true}]}}