{"id":362812,"date":"2026-04-29T14:29:01","date_gmt":"2026-04-29T19:29:01","guid":{"rendered":"https:\/\/www.fiscalia.gov.co\/colombia\/?p=362812"},"modified":"2026-04-29T16:35:02","modified_gmt":"2026-04-29T21:35:02","slug":"tribunal-confirma-condenas-a-exalcalde-de-bucaramanga-tres-de-sus-funcionarios-y-dos-contratistas-implicados-en-irregularidades-en-contratacion","status":"publish","type":"post","link":"https:\/\/www.fiscalia.gov.co\/colombia\/hay-justicia\/tribunal-confirma-condenas-a-exalcalde-de-bucaramanga-tres-de-sus-funcionarios-y-dos-contratistas-implicados-en-irregularidades-en-contratacion\/","title":{"rendered":"Tribunal confirma condenas a exalcalde de Bucaramanga, tres de sus funcionarios y dos contratistas implicados en irregularidades en contrataci\u00f3n"},"content":{"rendered":"<blockquote>\n<h4><strong><i>Los sentenciados incurrieron en un peculado por\u00a0<\/i>2.319 millones de pesos.<\/strong><\/h4>\n<\/blockquote>\n<p>El Tribunal Superior de Bucaramanga confirm\u00f3 la condena a 17 a\u00f1os y 9 meses de prisi\u00f3n impuesta al exalcalde de esa ciudad Luis Francisco Boh\u00f3rquez Pedraza, responsable de los delitos de peculado por apropiaci\u00f3n e inter\u00e9s indebido en la celebraci\u00f3n de contratos. Lo mismo sucedi\u00f3 con el pago de una multa de 592 millones de pesos.<\/p>\n<p>El fallo de segunda instancia\u00a0ratifica tambi\u00e9n las condenas al exsecretario de infraestructura\u00a0Clemente Le\u00f3n, sentenciado a 21 a\u00f1os de c\u00e1rcel; a la supervisora de contratos y jefe de la oficina de alumbrado p\u00fablico Gloria Azucena Dur\u00e1n Valderrama, condenada a 17 a\u00f1os y 7 meses; a los contratistas \u00d3scar Mauricio Benavides Toloza y Uriel Avila M\u00e9ndez, quienes deber\u00e1n cumplir 12 y 11 a\u00f1os de c\u00e1rcel, respectivamente. A Leonardo Luna Escalante familiar y asesor del exmandatario le fue incrementada la pena, y fijada en 10 a\u00f1os y 8 meses prisi\u00f3n. Igualmente, fueron ratificadas las multas impuestas.<\/p>\n<p>Estas personas fueron encontradas responsables, seg\u00fan cada caso particular, de delitos como contrato sin cumplimiento de requisitos legales, peculado por apropiaci\u00f3n e inter\u00e9s indebido en la celebraci\u00f3n de contratos de acuerdo con sus responsabilidades penales individuales.<\/p>\n<p><b>La investigaci\u00f3n<\/b><\/p>\n<p>Las pruebas aportadas por la Fiscal\u00eda establecieron que durante el periodo 2012 a 2015, desde la secretar\u00eda de infraestructura municipal se suscribieron indebidamente 11 contratos de obra por 17.000 millones de pesos para la modernizaci\u00f3n, mantenimiento, expansi\u00f3n de alumbrado p\u00fablico, el mantenimiento de postes de alumbrado p\u00fablico y la poda de \u00e1rboles en la capital santandereana.<\/p>\n<p>Labores de polic\u00eda judicial evidenciaron irregularidades en la ejecuci\u00f3n de los contratos, en el manejo de los recursos y la adjudicaci\u00f3n de los mismos. La Fiscal\u00eda determin\u00f3 que este actuar gener\u00f3 un peculado de 2.319 millones de pesos.<\/p>\n<p>&nbsp;<\/p>\n<p>Contra esta decisi\u00f3n proceden los recursos de Ley.<\/p>\n<p>&nbsp;<\/p>\n<p>DRA\/MAGA\/AC\/DSS.<\/p>\n<p>&nbsp;<\/p>\n<p>&nbsp;<\/p>\n<p>&nbsp;<\/p>\n<p>&nbsp;<\/p>\n<p>&nbsp;<\/p>\n<p>&nbsp;<\/p>\n<p>&nbsp;<\/p>\n<p><em>La informaci\u00f3n contenida en este bolet\u00edn de prensa corresponde a la narraci\u00f3n de los hechos noticiosos objetivos, y las investigaciones penales al interior de la Fiscal\u00eda General de la Naci\u00f3n. Para el momento de la divulgaci\u00f3n de este comunicado, la situaci\u00f3n jur\u00eddica de la(s) persona(s) relacionada(s) se encuentra pendiente de resolver por la autoridad judicial competente, siempre bajo los preceptos de la presunci\u00f3n de inocencia, consagrados en el art\u00edculo 29 de la Constituci\u00f3n Pol\u00edtica y el art\u00edculo 7\u00ba de la Ley 906 de 2004.oto<\/em><\/p>\n\n<div class=\"twitter-share\"><a href=\"https:\/\/twitter.com\/intent\/tweet?via=fiscaliacol\" class=\"twitter-share-button\">Tweet<\/a><\/div>\n","protected":false},"excerpt":{"rendered":"<p>Los sentenciados incurrieron en un peculado por\u00a02.319 millones de pesos. El Tribunal Superior de Bucaramanga confirm\u00f3 la condena a 17 a\u00f1os y 9 meses de prisi\u00f3n impuesta al exalcalde de esa ciudad Luis Francisco Boh\u00f3rquez Pedraza, responsable de los delitos de peculado por apropiaci\u00f3n e inter\u00e9s indebido en la celebraci\u00f3n de contratos. Lo mismo sucedi\u00f3 [&hellip;]<\/p>\n","protected":false},"author":181,"featured_media":0,"comment_status":"closed","ping_status":"open","sticky":false,"template":"","format":"standard","meta":{"tdm_status":"","tdm_grid_status":"","footnotes":""},"categories":[24174,1,24099],"tags":[293,4614,1561],"class_list":{"0":"post-362812","1":"post","2":"type-post","3":"status-publish","4":"format-standard","6":"category-hay-justicia","7":"category-noticias","8":"category-seguridad-territorial","9":"tag-condena","10":"tag-fiscalia-2","11":"tag-santander"},"yoast_head":"<!-- This site is optimized with the Yoast SEO plugin v24.3 - https:\/\/yoast.com\/wordpress\/plugins\/seo\/ -->\n<title>Fiscal\u00eda General de la Naci\u00f3n<\/title>\n<meta name=\"description\" content=\"P\u00e1gina oficial de la Fiscal\u00eda General de la Naci\u00f3n \u2013 Colombia. Garantizamos el acceso efectivo a la justicia, la verdad y la reparaci\u00f3n de las v\u00edctimas de los delitos.\" \/>\n<meta name=\"robots\" content=\"noindex, follow\" \/>\n<meta property=\"og:locale\" content=\"es_ES\" \/>\n<meta property=\"og:type\" content=\"article\" \/>\n<meta property=\"og:title\" content=\"Fiscal\u00eda General de la Naci\u00f3n\" \/>\n<meta property=\"og:description\" content=\"P\u00e1gina oficial de la Fiscal\u00eda General de la Naci\u00f3n \u2013 Colombia. Garantizamos el acceso efectivo a la justicia, la verdad y la reparaci\u00f3n de las v\u00edctimas de los delitos.\" \/>\n<meta property=\"og:url\" content=\"https:\/\/www.fiscalia.gov.co\/colombia\/hay-justicia\/tribunal-confirma-condenas-a-exalcalde-de-bucaramanga-tres-de-sus-funcionarios-y-dos-contratistas-implicados-en-irregularidades-en-contratacion\/\" \/>\n<meta property=\"og:site_name\" content=\"Fiscal\u00eda General de la Naci\u00f3n\" \/>\n<meta property=\"article:publisher\" content=\"https:\/\/www.facebook.com\/FiscaliaCol\" \/>\n<meta property=\"article:published_time\" content=\"2026-04-29T19:29:01+00:00\" \/>\n<meta property=\"article:modified_time\" content=\"2026-04-29T21:35:02+00:00\" \/>\n<meta name=\"author\" content=\"Johanna Islenny Prieto Pe\u00f1a\" \/>\n<meta name=\"twitter:card\" content=\"summary_large_image\" \/>\n<meta name=\"twitter:creator\" content=\"@FiscaliaCol\" \/>\n<meta name=\"twitter:site\" content=\"@FiscaliaCol\" \/>\n<meta name=\"twitter:label1\" content=\"Escrito por\" \/>\n\t<meta name=\"twitter:data1\" content=\"Johanna Islenny Prieto Pe\u00f1a\" \/>\n\t<meta name=\"twitter:label2\" content=\"Tiempo de lectura\" \/>\n\t<meta name=\"twitter:data2\" content=\"2 minutos\" \/>\n<script type=\"application\/ld+json\" class=\"yoast-schema-graph\">{\"@context\":\"https:\/\/schema.org\",\"@graph\":[{\"@type\":\"Article\",\"@id\":\"https:\/\/www.fiscalia.gov.co\/colombia\/hay-justicia\/tribunal-confirma-condenas-a-exalcalde-de-bucaramanga-tres-de-sus-funcionarios-y-dos-contratistas-implicados-en-irregularidades-en-contratacion\/#article\",\"isPartOf\":{\"@id\":\"https:\/\/www.fiscalia.gov.co\/colombia\/hay-justicia\/tribunal-confirma-condenas-a-exalcalde-de-bucaramanga-tres-de-sus-funcionarios-y-dos-contratistas-implicados-en-irregularidades-en-contratacion\/\"},\"author\":{\"name\":\"Johanna Islenny Prieto Pe\u00f1a\",\"@id\":\"https:\/\/www.fiscalia.gov.co\/colombia\/#\/schema\/person\/ba9eca435947489fb25117a0cd75bf3e\"},\"headline\":\"Tribunal confirma condenas a exalcalde de Bucaramanga, tres de sus funcionarios y dos contratistas implicados en irregularidades en contrataci\u00f3n\",\"datePublished\":\"2026-04-29T19:29:01+00:00\",\"dateModified\":\"2026-04-29T21:35:02+00:00\",\"mainEntityOfPage\":{\"@id\":\"https:\/\/www.fiscalia.gov.co\/colombia\/hay-justicia\/tribunal-confirma-condenas-a-exalcalde-de-bucaramanga-tres-de-sus-funcionarios-y-dos-contratistas-implicados-en-irregularidades-en-contratacion\/\"},\"wordCount\":451,\"publisher\":{\"@id\":\"https:\/\/www.fiscalia.gov.co\/colombia\/#organization\"},\"keywords\":[\"Condena\",\"Fiscal\u00eda\",\"Santander\"],\"articleSection\":[\"Hay Justicia\",\"Noticias\",\"Seguridad territorial\"],\"inLanguage\":\"es-CO\"},{\"@type\":\"WebPage\",\"@id\":\"https:\/\/www.fiscalia.gov.co\/colombia\/hay-justicia\/tribunal-confirma-condenas-a-exalcalde-de-bucaramanga-tres-de-sus-funcionarios-y-dos-contratistas-implicados-en-irregularidades-en-contratacion\/\",\"url\":\"https:\/\/www.fiscalia.gov.co\/colombia\/hay-justicia\/tribunal-confirma-condenas-a-exalcalde-de-bucaramanga-tres-de-sus-funcionarios-y-dos-contratistas-implicados-en-irregularidades-en-contratacion\/\",\"name\":\"Fiscal\u00eda General de la Naci\u00f3n\",\"isPartOf\":{\"@id\":\"https:\/\/www.fiscalia.gov.co\/colombia\/#website\"},\"datePublished\":\"2026-04-29T19:29:01+00:00\",\"dateModified\":\"2026-04-29T21:35:02+00:00\",\"description\":\"P\u00e1gina oficial de la Fiscal\u00eda General de la Naci\u00f3n \u2013 Colombia. Garantizamos el acceso efectivo a la justicia, la verdad y la reparaci\u00f3n de las v\u00edctimas de los delitos.\",\"breadcrumb\":{\"@id\":\"https:\/\/www.fiscalia.gov.co\/colombia\/hay-justicia\/tribunal-confirma-condenas-a-exalcalde-de-bucaramanga-tres-de-sus-funcionarios-y-dos-contratistas-implicados-en-irregularidades-en-contratacion\/#breadcrumb\"},\"inLanguage\":\"es-CO\",\"potentialAction\":[{\"@type\":\"ReadAction\",\"target\":[\"https:\/\/www.fiscalia.gov.co\/colombia\/hay-justicia\/tribunal-confirma-condenas-a-exalcalde-de-bucaramanga-tres-de-sus-funcionarios-y-dos-contratistas-implicados-en-irregularidades-en-contratacion\/\"]}]},{\"@type\":\"BreadcrumbList\",\"@id\":\"https:\/\/www.fiscalia.gov.co\/colombia\/hay-justicia\/tribunal-confirma-condenas-a-exalcalde-de-bucaramanga-tres-de-sus-funcionarios-y-dos-contratistas-implicados-en-irregularidades-en-contratacion\/#breadcrumb\",\"itemListElement\":[{\"@type\":\"ListItem\",\"position\":1,\"name\":\"Home\",\"item\":\"https:\/\/www.fiscalia.gov.co\/colombia\/\"},{\"@type\":\"ListItem\",\"position\":2,\"name\":\"Tribunal confirma condenas a exalcalde de Bucaramanga, tres de sus funcionarios y dos contratistas implicados en irregularidades en contrataci\u00f3n\"}]},{\"@type\":\"WebSite\",\"@id\":\"https:\/\/www.fiscalia.gov.co\/colombia\/#website\",\"url\":\"https:\/\/www.fiscalia.gov.co\/colombia\/\",\"name\":\"Fiscal\u00eda General de la Naci\u00f3n\",\"description\":\"P\u00e1gina oficial de la Fiscal\u00eda General de la Naci\u00f3n \u2013 Colombia. Garantizamos el acceso efectivo a la justicia, la verdad y la reparaci\u00f3n de las v\u00edctimas de los delitos.\",\"publisher\":{\"@id\":\"https:\/\/www.fiscalia.gov.co\/colombia\/#organization\"},\"potentialAction\":[{\"@type\":\"SearchAction\",\"target\":{\"@type\":\"EntryPoint\",\"urlTemplate\":\"https:\/\/www.fiscalia.gov.co\/colombia\/?s={search_term_string}\"},\"query-input\":{\"@type\":\"PropertyValueSpecification\",\"valueRequired\":true,\"valueName\":\"search_term_string\"}}],\"inLanguage\":\"es-CO\"},{\"@type\":\"Organization\",\"@id\":\"https:\/\/www.fiscalia.gov.co\/colombia\/#organization\",\"name\":\"Fiscal\u00eda General de la Naci\u00f3n\",\"url\":\"https:\/\/www.fiscalia.gov.co\/colombia\/\",\"logo\":{\"@type\":\"ImageObject\",\"inLanguage\":\"es-CO\",\"@id\":\"https:\/\/www.fiscalia.gov.co\/colombia\/#\/schema\/logo\/image\/\",\"url\":\"https:\/\/www.fiscalia.gov.co\/colombia\/wp-content\/uploads\/LogoHorizontal_1.jpg\",\"contentUrl\":\"https:\/\/www.fiscalia.gov.co\/colombia\/wp-content\/uploads\/LogoHorizontal_1.jpg\",\"width\":300,\"height\":90,\"caption\":\"Fiscal\u00eda General de la Naci\u00f3n\"},\"image\":{\"@id\":\"https:\/\/www.fiscalia.gov.co\/colombia\/#\/schema\/logo\/image\/\"},\"sameAs\":[\"https:\/\/www.facebook.com\/FiscaliaCol\",\"https:\/\/x.com\/FiscaliaCol\",\"https:\/\/www.instagram.com\/fiscaliacol\",\"https:\/\/www.linkedin.com\/company\/fiscalia-general-de-la-naci-n\/\",\"https:\/\/youtube.com\/@fiscaliageneraldelanacion-4668?si=6nN79nyQICPU5iTh\"]},{\"@type\":\"Person\",\"@id\":\"https:\/\/www.fiscalia.gov.co\/colombia\/#\/schema\/person\/ba9eca435947489fb25117a0cd75bf3e\",\"name\":\"Johanna Islenny Prieto Pe\u00f1a\",\"image\":{\"@type\":\"ImageObject\",\"inLanguage\":\"es-CO\",\"@id\":\"https:\/\/www.fiscalia.gov.co\/colombia\/#\/schema\/person\/image\/\",\"url\":\"https:\/\/secure.gravatar.com\/avatar\/111433fc2acb037ffb768f6a3ca47864?s=96&d=mm&r=g\",\"contentUrl\":\"https:\/\/secure.gravatar.com\/avatar\/111433fc2acb037ffb768f6a3ca47864?s=96&d=mm&r=g\",\"caption\":\"Johanna Islenny Prieto Pe\u00f1a\"},\"url\":\"https:\/\/www.fiscalia.gov.co\/colombia\/author\/jprietop\/\"}]}<\/script>\n<!-- \/ Yoast SEO plugin. -->","yoast_head_json":{"title":"Fiscal\u00eda General de la Naci\u00f3n","description":"P\u00e1gina oficial de la Fiscal\u00eda General de la Naci\u00f3n \u2013 Colombia. Garantizamos el acceso efectivo a la justicia, la verdad y la reparaci\u00f3n de las v\u00edctimas de los delitos.","robots":{"index":"noindex","follow":"follow"},"og_locale":"es_ES","og_type":"article","og_title":"Fiscal\u00eda General de la Naci\u00f3n","og_description":"P\u00e1gina oficial de la Fiscal\u00eda General de la Naci\u00f3n \u2013 Colombia. Garantizamos el acceso efectivo a la justicia, la verdad y la reparaci\u00f3n de las v\u00edctimas de los delitos.","og_url":"https:\/\/www.fiscalia.gov.co\/colombia\/hay-justicia\/tribunal-confirma-condenas-a-exalcalde-de-bucaramanga-tres-de-sus-funcionarios-y-dos-contratistas-implicados-en-irregularidades-en-contratacion\/","og_site_name":"Fiscal\u00eda General de la Naci\u00f3n","article_publisher":"https:\/\/www.facebook.com\/FiscaliaCol","article_published_time":"2026-04-29T19:29:01+00:00","article_modified_time":"2026-04-29T21:35:02+00:00","author":"Johanna Islenny Prieto Pe\u00f1a","twitter_card":"summary_large_image","twitter_creator":"@FiscaliaCol","twitter_site":"@FiscaliaCol","twitter_misc":{"Escrito por":"Johanna Islenny Prieto Pe\u00f1a","Tiempo de lectura":"2 minutos"},"schema":{"@context":"https:\/\/schema.org","@graph":[{"@type":"Article","@id":"https:\/\/www.fiscalia.gov.co\/colombia\/hay-justicia\/tribunal-confirma-condenas-a-exalcalde-de-bucaramanga-tres-de-sus-funcionarios-y-dos-contratistas-implicados-en-irregularidades-en-contratacion\/#article","isPartOf":{"@id":"https:\/\/www.fiscalia.gov.co\/colombia\/hay-justicia\/tribunal-confirma-condenas-a-exalcalde-de-bucaramanga-tres-de-sus-funcionarios-y-dos-contratistas-implicados-en-irregularidades-en-contratacion\/"},"author":{"name":"Johanna Islenny Prieto Pe\u00f1a","@id":"https:\/\/www.fiscalia.gov.co\/colombia\/#\/schema\/person\/ba9eca435947489fb25117a0cd75bf3e"},"headline":"Tribunal confirma condenas a exalcalde de Bucaramanga, tres de sus funcionarios y dos contratistas implicados en irregularidades en contrataci\u00f3n","datePublished":"2026-04-29T19:29:01+00:00","dateModified":"2026-04-29T21:35:02+00:00","mainEntityOfPage":{"@id":"https:\/\/www.fiscalia.gov.co\/colombia\/hay-justicia\/tribunal-confirma-condenas-a-exalcalde-de-bucaramanga-tres-de-sus-funcionarios-y-dos-contratistas-implicados-en-irregularidades-en-contratacion\/"},"wordCount":451,"publisher":{"@id":"https:\/\/www.fiscalia.gov.co\/colombia\/#organization"},"keywords":["Condena","Fiscal\u00eda","Santander"],"articleSection":["Hay Justicia","Noticias","Seguridad territorial"],"inLanguage":"es-CO"},{"@type":"WebPage","@id":"https:\/\/www.fiscalia.gov.co\/colombia\/hay-justicia\/tribunal-confirma-condenas-a-exalcalde-de-bucaramanga-tres-de-sus-funcionarios-y-dos-contratistas-implicados-en-irregularidades-en-contratacion\/","url":"https:\/\/www.fiscalia.gov.co\/colombia\/hay-justicia\/tribunal-confirma-condenas-a-exalcalde-de-bucaramanga-tres-de-sus-funcionarios-y-dos-contratistas-implicados-en-irregularidades-en-contratacion\/","name":"Fiscal\u00eda General de la Naci\u00f3n","isPartOf":{"@id":"https:\/\/www.fiscalia.gov.co\/colombia\/#website"},"datePublished":"2026-04-29T19:29:01+00:00","dateModified":"2026-04-29T21:35:02+00:00","description":"P\u00e1gina oficial de la Fiscal\u00eda General de la Naci\u00f3n \u2013 Colombia. Garantizamos el acceso efectivo a la justicia, la verdad y la reparaci\u00f3n de las v\u00edctimas de los delitos.","breadcrumb":{"@id":"https:\/\/www.fiscalia.gov.co\/colombia\/hay-justicia\/tribunal-confirma-condenas-a-exalcalde-de-bucaramanga-tres-de-sus-funcionarios-y-dos-contratistas-implicados-en-irregularidades-en-contratacion\/#breadcrumb"},"inLanguage":"es-CO","potentialAction":[{"@type":"ReadAction","target":["https:\/\/www.fiscalia.gov.co\/colombia\/hay-justicia\/tribunal-confirma-condenas-a-exalcalde-de-bucaramanga-tres-de-sus-funcionarios-y-dos-contratistas-implicados-en-irregularidades-en-contratacion\/"]}]},{"@type":"BreadcrumbList","@id":"https:\/\/www.fiscalia.gov.co\/colombia\/hay-justicia\/tribunal-confirma-condenas-a-exalcalde-de-bucaramanga-tres-de-sus-funcionarios-y-dos-contratistas-implicados-en-irregularidades-en-contratacion\/#breadcrumb","itemListElement":[{"@type":"ListItem","position":1,"name":"Home","item":"https:\/\/www.fiscalia.gov.co\/colombia\/"},{"@type":"ListItem","position":2,"name":"Tribunal confirma condenas a exalcalde de Bucaramanga, tres de sus funcionarios y dos contratistas implicados en irregularidades en contrataci\u00f3n"}]},{"@type":"WebSite","@id":"https:\/\/www.fiscalia.gov.co\/colombia\/#website","url":"https:\/\/www.fiscalia.gov.co\/colombia\/","name":"Fiscal\u00eda General de la Naci\u00f3n","description":"P\u00e1gina oficial de la Fiscal\u00eda General de la Naci\u00f3n \u2013 Colombia. Garantizamos el acceso efectivo a la justicia, la verdad y la reparaci\u00f3n de las v\u00edctimas de los delitos.","publisher":{"@id":"https:\/\/www.fiscalia.gov.co\/colombia\/#organization"},"potentialAction":[{"@type":"SearchAction","target":{"@type":"EntryPoint","urlTemplate":"https:\/\/www.fiscalia.gov.co\/colombia\/?s={search_term_string}"},"query-input":{"@type":"PropertyValueSpecification","valueRequired":true,"valueName":"search_term_string"}}],"inLanguage":"es-CO"},{"@type":"Organization","@id":"https:\/\/www.fiscalia.gov.co\/colombia\/#organization","name":"Fiscal\u00eda General de la Naci\u00f3n","url":"https:\/\/www.fiscalia.gov.co\/colombia\/","logo":{"@type":"ImageObject","inLanguage":"es-CO","@id":"https:\/\/www.fiscalia.gov.co\/colombia\/#\/schema\/logo\/image\/","url":"https:\/\/www.fiscalia.gov.co\/colombia\/wp-content\/uploads\/LogoHorizontal_1.jpg","contentUrl":"https:\/\/www.fiscalia.gov.co\/colombia\/wp-content\/uploads\/LogoHorizontal_1.jpg","width":300,"height":90,"caption":"Fiscal\u00eda General de la Naci\u00f3n"},"image":{"@id":"https:\/\/www.fiscalia.gov.co\/colombia\/#\/schema\/logo\/image\/"},"sameAs":["https:\/\/www.facebook.com\/FiscaliaCol","https:\/\/x.com\/FiscaliaCol","https:\/\/www.instagram.com\/fiscaliacol","https:\/\/www.linkedin.com\/company\/fiscalia-general-de-la-naci-n\/","https:\/\/youtube.com\/@fiscaliageneraldelanacion-4668?si=6nN79nyQICPU5iTh"]},{"@type":"Person","@id":"https:\/\/www.fiscalia.gov.co\/colombia\/#\/schema\/person\/ba9eca435947489fb25117a0cd75bf3e","name":"Johanna Islenny Prieto Pe\u00f1a","image":{"@type":"ImageObject","inLanguage":"es-CO","@id":"https:\/\/www.fiscalia.gov.co\/colombia\/#\/schema\/person\/image\/","url":"https:\/\/secure.gravatar.com\/avatar\/111433fc2acb037ffb768f6a3ca47864?s=96&d=mm&r=g","contentUrl":"https:\/\/secure.gravatar.com\/avatar\/111433fc2acb037ffb768f6a3ca47864?s=96&d=mm&r=g","caption":"Johanna Islenny Prieto Pe\u00f1a"},"url":"https:\/\/www.fiscalia.gov.co\/colombia\/author\/jprietop\/"}]}},"_links":{"self":[{"href":"https:\/\/www.fiscalia.gov.co\/colombia\/wp-json\/wp\/v2\/posts\/362812","targetHints":{"allow":["GET"]}}],"collection":[{"href":"https:\/\/www.fiscalia.gov.co\/colombia\/wp-json\/wp\/v2\/posts"}],"about":[{"href":"https:\/\/www.fiscalia.gov.co\/colombia\/wp-json\/wp\/v2\/types\/post"}],"author":[{"embeddable":true,"href":"https:\/\/www.fiscalia.gov.co\/colombia\/wp-json\/wp\/v2\/users\/181"}],"replies":[{"embeddable":true,"href":"https:\/\/www.fiscalia.gov.co\/colombia\/wp-json\/wp\/v2\/comments?post=362812"}],"version-history":[{"count":2,"href":"https:\/\/www.fiscalia.gov.co\/colombia\/wp-json\/wp\/v2\/posts\/362812\/revisions"}],"predecessor-version":[{"id":362816,"href":"https:\/\/www.fiscalia.gov.co\/colombia\/wp-json\/wp\/v2\/posts\/362812\/revisions\/362816"}],"wp:attachment":[{"href":"https:\/\/www.fiscalia.gov.co\/colombia\/wp-json\/wp\/v2\/media?parent=362812"}],"wp:term":[{"taxonomy":"category","embeddable":true,"href":"https:\/\/www.fiscalia.gov.co\/colombia\/wp-json\/wp\/v2\/categories?post=362812"},{"taxonomy":"post_tag","embeddable":true,"href":"https:\/\/www.fiscalia.gov.co\/colombia\/wp-json\/wp\/v2\/tags?post=362812"}],"curies":[{"name":"wp","href":"https:\/\/api.w.org\/{rel}","templated":true}]}}