{"id":362783,"date":"2026-04-29T13:44:30","date_gmt":"2026-04-29T18:44:30","guid":{"rendered":"https:\/\/www.fiscalia.gov.co\/colombia\/?p=362783"},"modified":"2026-04-29T13:44:30","modified_gmt":"2026-04-29T18:44:30","slug":"entra-en-funcionamiento-alerta-rosa-el-mecanismo-que-articula-las-capacidades-de-17-entidades-para-la-busqueda-inmediata-de-ninas-ninos-mujeres-adolescentes-y-jovenes-reportados-com","status":"publish","type":"post","link":"https:\/\/www.fiscalia.gov.co\/colombia\/noticias\/entra-en-funcionamiento-alerta-rosa-el-mecanismo-que-articula-las-capacidades-de-17-entidades-para-la-busqueda-inmediata-de-ninas-ninos-mujeres-adolescentes-y-jovenes-reportados-com\/","title":{"rendered":"Entra en funcionamiento Alerta Rosa, el mecanismo que articula las capacidades de 17 entidades para la b\u00fasqueda inmediata de\u00a0ni\u00f1as, ni\u00f1os, mujeres, adolescentes\u00a0y j\u00f3venes\u00a0reportados como\u00a0desaparecidos\u00a0\u00a0"},"content":{"rendered":"<blockquote>\n<h4><strong><i>Salvar\u00a0vidas y llegar a tiempo, a partir del uso de la tecnolog\u00eda para una difusi\u00f3n inmediata, la coordinaci\u00f3n interinstitucional efectiva y la corresponsabilidad ciudadana.<\/i>\u00a0<\/strong><\/h4>\n<\/blockquote>\n<p><span data-contrast=\"auto\">La\u00a0Fiscal\u00eda General\u00a0de la Naci\u00f3n, junto con 16 entidades del Estado,\u00a0puso en funcionamiento\u00a0\u2018Alerta Rosa\u2019, un mecanismo de b\u00fasqueda inmediata orientado a la localizaci\u00f3n y protecci\u00f3n de ni\u00f1as, ni\u00f1os, mujeres, adolescentes\u00a0y j\u00f3venes reportados como desaparecidos.<\/span><span data-ccp-props=\"{&quot;201341983&quot;:0,&quot;335551550&quot;:6,&quot;335551620&quot;:6,&quot;335559739&quot;:240,&quot;335559740&quot;:240}\">\u00a0<\/span><\/p>\n<p><span data-contrast=\"auto\">Esta estrategia responde a la necesidad de actuar con rapidez en casos donde el tiempo es un factor determinante. A partir de ahora, una vez se reporte la desaparici\u00f3n de\u00a0una persona\u00a0perteneciente a estos grupos priorizados, se activar\u00e1 una alerta temprana a trav\u00e9s de canales oficiales.\u00a0Esto\u00a0permitir\u00e1 movilizar de manera articulada a autoridades locales, organismos de socorro, juntas de acci\u00f3n comunal, organizaciones sociales y religiosas, medios de comunicaci\u00f3n y ciudadan\u00eda en general, fortaleciendo as\u00ed las labores de b\u00fasqueda en todo el territorio, incluidas zonas de frontera y terminales a\u00e9reas, terrestres y mar\u00edtimas.<\/span><span data-ccp-props=\"{&quot;201341983&quot;:0,&quot;335551550&quot;:6,&quot;335551620&quot;:6,&quot;335559739&quot;:240,&quot;335559740&quot;:240}\">\u00a0<\/span><\/p>\n<p><span data-contrast=\"auto\">Adem\u00e1s de la localizaci\u00f3n, este mecanismo contempla la adopci\u00f3n de medidas de protecci\u00f3n para\u00a0brindar condiciones de\u00a0seguridad\u00a0al ciudadano ubicado,\u00a0especialmente\u00a0respecto\u00a0a riesgos asociados a violencias basadas en g\u00e9nero.<\/span><span data-ccp-props=\"{&quot;201341983&quot;:0,&quot;335551550&quot;:6,&quot;335551620&quot;:6,&quot;335559739&quot;:240,&quot;335559740&quot;:240}\">\u00a0<\/span><\/p>\n<figure id=\"attachment_362784\" aria-describedby=\"caption-attachment-362784\" style=\"width: 300px\" class=\"wp-caption alignnone\"><img loading=\"lazy\" decoding=\"async\" class=\"size-medium wp-image-362784\" src=\"https:\/\/www.fiscalia.gov.co\/colombia\/wp-content\/uploads\/0D0A0023-300x200.jpg\" alt=\"En la imagen aparece la Fiscal Luz Adriana Camargo con una chaqueta blanca en un atril de la defensoria del pueblo. De fondo se ve una pantalla. \" width=\"300\" height=\"200\" srcset=\"https:\/\/www.fiscalia.gov.co\/colombia\/wp-content\/uploads\/0D0A0023-300x200.jpg 300w, https:\/\/www.fiscalia.gov.co\/colombia\/wp-content\/uploads\/0D0A0023-1024x683.jpg 1024w, https:\/\/www.fiscalia.gov.co\/colombia\/wp-content\/uploads\/0D0A0023-768x512.jpg 768w, https:\/\/www.fiscalia.gov.co\/colombia\/wp-content\/uploads\/0D0A0023-1536x1024.jpg 1536w, https:\/\/www.fiscalia.gov.co\/colombia\/wp-content\/uploads\/0D0A0023-2048x1365.jpg 2048w, https:\/\/www.fiscalia.gov.co\/colombia\/wp-content\/uploads\/0D0A0023-630x420.jpg 630w, https:\/\/www.fiscalia.gov.co\/colombia\/wp-content\/uploads\/0D0A0023-696x464.jpg 696w, https:\/\/www.fiscalia.gov.co\/colombia\/wp-content\/uploads\/0D0A0023-1068x712.jpg 1068w, https:\/\/www.fiscalia.gov.co\/colombia\/wp-content\/uploads\/0D0A0023-1920x1280.jpg 1920w\" sizes=\"auto, (max-width: 300px) 100vw, 300px\" \/><figcaption id=\"caption-attachment-362784\" class=\"wp-caption-text\">\u2018Alerta Rosa\u2019 elimina barreras como la falsa creencia de esperar 72 horas para iniciar la b\u00fasqueda de un ni\u00f1o, ni\u00f1a mujer, adolescente o joven reportado como desaparecido, permitiendo actuar desde el primer momento<\/figcaption><\/figure>\n<p><span data-contrast=\"auto\">La\u00a0Fiscal\u00eda General\u00a0de la Naci\u00f3n participa en el Comit\u00e9 de Coordinaci\u00f3n Nacional de la Alerta Rosa junto con representantes de entidades como la Procuradur\u00eda General de la Naci\u00f3n, la Defensor\u00eda del Pueblo, la Comisi\u00f3n de B\u00fasqueda de Personas Desaparecidas, el Instituto Colombiano de Bienestar Familiar, el Instituto Nacional de Medicina Legal y Ciencias Forenses, la Polic\u00eda Nacional, Migraci\u00f3n Colombia y diversos ministerios.<\/span><span data-ccp-props=\"{&quot;201341983&quot;:0,&quot;335551550&quot;:6,&quot;335551620&quot;:6,&quot;335559739&quot;:240,&quot;335559740&quot;:240}\">\u00a0<\/span><\/p>\n<p><span data-contrast=\"auto\">\u201cDesde la\u00a0Fiscal\u00eda General\u00a0de la Naci\u00f3n ejercemos el liderazgo de la Alerta Rosa con una convicci\u00f3n profunda: la b\u00fasqueda de personas desaparecidas no es solo una obligaci\u00f3n legal, es una prioridad institucional. Como cabeza del Comit\u00e9 de Coordinaci\u00f3n Nacional, nuestra responsabilidad es garantizar que este mecanismo funcione de forma articulada, rigurosa y eficaz, y que ninguna alerta se diluya entre competencias fragmentadas o respuestas tard\u00edas. La Fiscal\u00eda no coordina desde el escritorio; coordina desde la acci\u00f3n, desde el territorio y desde la urgencia que cada caso exige\u201d, enfatiz\u00f3, en el lanzamiento de la estrategia Nacional, la fiscal\u00a0general de la Naci\u00f3n, Luz Adriana Camargo\u00a0Garz\u00f3n.<\/span><span data-ccp-props=\"{&quot;201341983&quot;:0,&quot;335551550&quot;:6,&quot;335551620&quot;:6,&quot;335559739&quot;:240,&quot;335559740&quot;:240}\">\u00a0<\/span><\/p>\n<figure id=\"attachment_362785\" aria-describedby=\"caption-attachment-362785\" style=\"width: 300px\" class=\"wp-caption alignnone\"><img loading=\"lazy\" decoding=\"async\" class=\"size-medium wp-image-362785\" src=\"https:\/\/www.fiscalia.gov.co\/colombia\/wp-content\/uploads\/0D0A0137-300x200.jpg\" alt=\"En la imagen aparecen varias personas sentadas en un escenario y una pantalla gigante donde se ve una foto de una ni\u00f1a y colores rosados. \" width=\"300\" height=\"200\" srcset=\"https:\/\/www.fiscalia.gov.co\/colombia\/wp-content\/uploads\/0D0A0137-300x200.jpg 300w, https:\/\/www.fiscalia.gov.co\/colombia\/wp-content\/uploads\/0D0A0137-1024x683.jpg 1024w, https:\/\/www.fiscalia.gov.co\/colombia\/wp-content\/uploads\/0D0A0137-768x512.jpg 768w, https:\/\/www.fiscalia.gov.co\/colombia\/wp-content\/uploads\/0D0A0137-1536x1024.jpg 1536w, https:\/\/www.fiscalia.gov.co\/colombia\/wp-content\/uploads\/0D0A0137-2048x1365.jpg 2048w, https:\/\/www.fiscalia.gov.co\/colombia\/wp-content\/uploads\/0D0A0137-630x420.jpg 630w, https:\/\/www.fiscalia.gov.co\/colombia\/wp-content\/uploads\/0D0A0137-696x464.jpg 696w, https:\/\/www.fiscalia.gov.co\/colombia\/wp-content\/uploads\/0D0A0137-1068x712.jpg 1068w, https:\/\/www.fiscalia.gov.co\/colombia\/wp-content\/uploads\/0D0A0137-1920x1280.jpg 1920w\" sizes=\"auto, (max-width: 300px) 100vw, 300px\" \/><figcaption id=\"caption-attachment-362785\" class=\"wp-caption-text\">Con este mecanismo se env\u00eda un claro mensaje: una persona desaparecida no es un caso, es una vida que debe ser encontrada y una familia que espera.<\/figcaption><\/figure>\n<p><span data-contrast=\"auto\">La Alerta Rosa es un sistema integral que incluye:<\/span><span data-ccp-props=\"{&quot;201341983&quot;:0,&quot;335551550&quot;:6,&quot;335551620&quot;:6,&quot;335559739&quot;:240,&quot;335559740&quot;:240}\">\u00a0<\/span><\/p>\n<ul>\n<li aria-setsize=\"-1\" data-leveltext=\"\uf0b7\" data-font=\"Symbol\" data-listid=\"1\" data-list-defn-props=\"{&quot;335552541&quot;:1,&quot;335559685&quot;:720,&quot;335559991&quot;:360,&quot;469769226&quot;:&quot;Symbol&quot;,&quot;469769242&quot;:[8226],&quot;469777803&quot;:&quot;left&quot;,&quot;469777804&quot;:&quot;\uf0b7&quot;,&quot;469777815&quot;:&quot;hybridMultilevel&quot;}\" data-aria-posinset=\"1\" data-aria-level=\"1\"><span data-contrast=\"auto\">Un mecanismo de b\u00fasqueda inmediata basado en acciones coordinadas entre instituciones y ciudadan\u00eda.\u00a0<\/span><span data-ccp-props=\"{&quot;201341983&quot;:0,&quot;335551550&quot;:6,&quot;335551620&quot;:6,&quot;335559739&quot;:240,&quot;335559740&quot;:240}\">\u00a0<\/span><\/li>\n<\/ul>\n<ul>\n<li aria-setsize=\"-1\" data-leveltext=\"\uf0b7\" data-font=\"Symbol\" data-listid=\"1\" data-list-defn-props=\"{&quot;335552541&quot;:1,&quot;335559685&quot;:720,&quot;335559991&quot;:360,&quot;469769226&quot;:&quot;Symbol&quot;,&quot;469769242&quot;:[8226],&quot;469777803&quot;:&quot;left&quot;,&quot;469777804&quot;:&quot;\uf0b7&quot;,&quot;469777815&quot;:&quot;hybridMultilevel&quot;}\" data-aria-posinset=\"2\" data-aria-level=\"1\"><span data-contrast=\"auto\">Una alerta masiva multicanal para difusi\u00f3n r\u00e1pida de los casos.\u00a0<\/span><span data-ccp-props=\"{&quot;201341983&quot;:0,&quot;335551550&quot;:6,&quot;335551620&quot;:6,&quot;335559739&quot;:240,&quot;335559740&quot;:240}\">\u00a0<\/span><\/li>\n<\/ul>\n<ul>\n<li aria-setsize=\"-1\" data-leveltext=\"\uf0b7\" data-font=\"Symbol\" data-listid=\"1\" data-list-defn-props=\"{&quot;335552541&quot;:1,&quot;335559685&quot;:720,&quot;335559991&quot;:360,&quot;469769226&quot;:&quot;Symbol&quot;,&quot;469769242&quot;:[8226],&quot;469777803&quot;:&quot;left&quot;,&quot;469777804&quot;:&quot;\uf0b7&quot;,&quot;469777815&quot;:&quot;hybridMultilevel&quot;}\" data-aria-posinset=\"3\" data-aria-level=\"1\"><span data-contrast=\"auto\">Una estructura de coordinaci\u00f3n interinstitucional.\u00a0<\/span><span data-ccp-props=\"{&quot;201341983&quot;:0,&quot;335551550&quot;:6,&quot;335551620&quot;:6,&quot;335559739&quot;:240,&quot;335559740&quot;:240}\">\u00a0<\/span><\/li>\n<\/ul>\n<ul>\n<li aria-setsize=\"-1\" data-leveltext=\"\uf0b7\" data-font=\"Symbol\" data-listid=\"1\" data-list-defn-props=\"{&quot;335552541&quot;:1,&quot;335559685&quot;:720,&quot;335559991&quot;:360,&quot;469769226&quot;:&quot;Symbol&quot;,&quot;469769242&quot;:[8226],&quot;469777803&quot;:&quot;left&quot;,&quot;469777804&quot;:&quot;\uf0b7&quot;,&quot;469777815&quot;:&quot;hybridMultilevel&quot;}\" data-aria-posinset=\"4\" data-aria-level=\"1\"><span data-contrast=\"auto\">Un componente educativo para la prevenci\u00f3n de la desaparici\u00f3n y la activaci\u00f3n del sistema.\u00a0<\/span><span data-ccp-props=\"{&quot;201341983&quot;:0,&quot;335551550&quot;:6,&quot;335551620&quot;:6,&quot;335559739&quot;:240,&quot;335559740&quot;:240}\">\u00a0<\/span><\/li>\n<\/ul>\n<p><span data-contrast=\"auto\">\u2018Alerta Rosa\u2019\u00a0elimina barreras como la\u00a0falsa\u00a0creencia de esperar 72 horas para iniciar la b\u00fasqueda\u00a0de un ni\u00f1o, ni\u00f1a\u00a0mujer,\u00a0adolescente\u00a0o joven\u00a0reportado como desaparecido, permitiendo actuar desde el primer momento mediante canales telef\u00f3nicos, virtuales o presenciales.\u00a0Las labores de localizaci\u00f3n\u00a0no se detienen\u00a0hasta encontrar a la persona.<\/span><span data-ccp-props=\"{&quot;201341983&quot;:0,&quot;335551550&quot;:6,&quot;335551620&quot;:6,&quot;335559739&quot;:240,&quot;335559740&quot;:240}\">\u00a0<\/span><\/p>\n<p><span data-contrast=\"auto\">Con\u00a0este mecanismo\u00a0se env\u00eda un claro mensaje:\u00a0una persona desaparecida no es un caso,\u00a0es una vida que debe ser encontrada y una familia que espera.<\/span><span data-ccp-props=\"{&quot;201341983&quot;:0,&quot;335551550&quot;:6,&quot;335551620&quot;:6,&quot;335559739&quot;:240,&quot;335559740&quot;:240}\">\u00a0<\/span><\/p>\n<p><span data-contrast=\"auto\">JPP\/JARG\/DJ\/<\/span><span data-ccp-props=\"{&quot;201341983&quot;:0,&quot;335551550&quot;:6,&quot;335551620&quot;:6,&quot;335559739&quot;:240,&quot;335559740&quot;:240}\">\u00a0<\/span><\/p>\n<p><span data-ccp-props=\"{&quot;201341983&quot;:0,&quot;335551550&quot;:6,&quot;335551620&quot;:6,&quot;335559685&quot;:227,&quot;335559739&quot;:240,&quot;335559740&quot;:240}\">\u00a0<\/span><\/p>\n\n<div class=\"twitter-share\"><a href=\"https:\/\/twitter.com\/intent\/tweet?via=fiscaliacol\" class=\"twitter-share-button\">Tweet<\/a><\/div>\n","protected":false},"excerpt":{"rendered":"<p>Salvar\u00a0vidas y llegar a tiempo, a partir del uso de la tecnolog\u00eda para una difusi\u00f3n inmediata, la coordinaci\u00f3n interinstitucional efectiva y la corresponsabilidad ciudadana.\u00a0 La\u00a0Fiscal\u00eda General\u00a0de la Naci\u00f3n, junto con 16 entidades del Estado,\u00a0puso en funcionamiento\u00a0\u2018Alerta Rosa\u2019, un mecanismo de b\u00fasqueda inmediata orientado a la localizaci\u00f3n y protecci\u00f3n de ni\u00f1as, ni\u00f1os, mujeres, adolescentes\u00a0y j\u00f3venes reportados [&hellip;]<\/p>\n","protected":false},"author":181,"featured_media":0,"comment_status":"closed","ping_status":"open","sticky":false,"template":"","format":"standard","meta":{"tdm_status":"","tdm_grid_status":"","footnotes":""},"categories":[1,24099],"tags":[41657,37492,4614,24187,1047],"class_list":{"0":"post-362783","1":"post","2":"type-post","3":"status-publish","4":"format-standard","6":"category-noticias","7":"category-seguridad-territorial","8":"tag-alerta-rosa","9":"tag-fiscal-luz-adriana-camargo","10":"tag-fiscalia-2","11":"tag-fiscalia-colombia","12":"tag-fiscalia-general-de-la-nacion"},"yoast_head":"<!-- This site is optimized with the Yoast SEO plugin v24.3 - https:\/\/yoast.com\/wordpress\/plugins\/seo\/ -->\n<title>Fiscal\u00eda General de la Naci\u00f3n<\/title>\n<meta name=\"description\" content=\"P\u00e1gina oficial de la Fiscal\u00eda General de la Naci\u00f3n \u2013 Colombia. Garantizamos el acceso efectivo a la justicia, la verdad y la reparaci\u00f3n de las v\u00edctimas de los delitos.\" \/>\n<meta name=\"robots\" content=\"noindex, follow\" \/>\n<meta property=\"og:locale\" content=\"es_ES\" \/>\n<meta property=\"og:type\" content=\"article\" \/>\n<meta property=\"og:title\" content=\"Fiscal\u00eda General de la Naci\u00f3n\" \/>\n<meta property=\"og:description\" content=\"P\u00e1gina oficial de la Fiscal\u00eda General de la Naci\u00f3n \u2013 Colombia. Garantizamos el acceso efectivo a la justicia, la verdad y la reparaci\u00f3n de las v\u00edctimas de los delitos.\" \/>\n<meta property=\"og:url\" content=\"https:\/\/www.fiscalia.gov.co\/colombia\/noticias\/entra-en-funcionamiento-alerta-rosa-el-mecanismo-que-articula-las-capacidades-de-17-entidades-para-la-busqueda-inmediata-de-ninas-ninos-mujeres-adolescentes-y-jovenes-reportados-com\/\" \/>\n<meta property=\"og:site_name\" content=\"Fiscal\u00eda General de la Naci\u00f3n\" \/>\n<meta property=\"article:publisher\" content=\"https:\/\/www.facebook.com\/FiscaliaCol\" \/>\n<meta property=\"article:published_time\" content=\"2026-04-29T18:44:30+00:00\" \/>\n<meta property=\"og:image\" content=\"https:\/\/www.fiscalia.gov.co\/colombia\/wp-content\/uploads\/0D0A0023-scaled.jpg\" \/>\n\t<meta property=\"og:image:width\" content=\"2560\" \/>\n\t<meta property=\"og:image:height\" content=\"1707\" \/>\n\t<meta property=\"og:image:type\" content=\"image\/jpeg\" \/>\n<meta name=\"author\" content=\"Johanna Islenny Prieto Pe\u00f1a\" \/>\n<meta name=\"twitter:card\" content=\"summary_large_image\" \/>\n<meta name=\"twitter:creator\" content=\"@FiscaliaCol\" \/>\n<meta name=\"twitter:site\" content=\"@FiscaliaCol\" \/>\n<meta name=\"twitter:label1\" content=\"Escrito por\" \/>\n\t<meta name=\"twitter:data1\" content=\"Johanna Islenny Prieto Pe\u00f1a\" \/>\n\t<meta name=\"twitter:label2\" content=\"Tiempo de lectura\" \/>\n\t<meta name=\"twitter:data2\" content=\"3 minutos\" \/>\n<script type=\"application\/ld+json\" class=\"yoast-schema-graph\">{\"@context\":\"https:\/\/schema.org\",\"@graph\":[{\"@type\":\"Article\",\"@id\":\"https:\/\/www.fiscalia.gov.co\/colombia\/noticias\/entra-en-funcionamiento-alerta-rosa-el-mecanismo-que-articula-las-capacidades-de-17-entidades-para-la-busqueda-inmediata-de-ninas-ninos-mujeres-adolescentes-y-jovenes-reportados-com\/#article\",\"isPartOf\":{\"@id\":\"https:\/\/www.fiscalia.gov.co\/colombia\/noticias\/entra-en-funcionamiento-alerta-rosa-el-mecanismo-que-articula-las-capacidades-de-17-entidades-para-la-busqueda-inmediata-de-ninas-ninos-mujeres-adolescentes-y-jovenes-reportados-com\/\"},\"author\":{\"name\":\"Johanna Islenny Prieto Pe\u00f1a\",\"@id\":\"https:\/\/www.fiscalia.gov.co\/colombia\/#\/schema\/person\/ba9eca435947489fb25117a0cd75bf3e\"},\"headline\":\"Entra en funcionamiento Alerta Rosa, el mecanismo que articula las capacidades de 17 entidades para la b\u00fasqueda inmediata de\u00a0ni\u00f1as, ni\u00f1os, mujeres, adolescentes\u00a0y j\u00f3venes\u00a0reportados como\u00a0desaparecidos\u00a0\u00a0\",\"datePublished\":\"2026-04-29T18:44:30+00:00\",\"dateModified\":\"2026-04-29T18:44:30+00:00\",\"mainEntityOfPage\":{\"@id\":\"https:\/\/www.fiscalia.gov.co\/colombia\/noticias\/entra-en-funcionamiento-alerta-rosa-el-mecanismo-que-articula-las-capacidades-de-17-entidades-para-la-busqueda-inmediata-de-ninas-ninos-mujeres-adolescentes-y-jovenes-reportados-com\/\"},\"wordCount\":654,\"publisher\":{\"@id\":\"https:\/\/www.fiscalia.gov.co\/colombia\/#organization\"},\"image\":{\"@id\":\"https:\/\/www.fiscalia.gov.co\/colombia\/noticias\/entra-en-funcionamiento-alerta-rosa-el-mecanismo-que-articula-las-capacidades-de-17-entidades-para-la-busqueda-inmediata-de-ninas-ninos-mujeres-adolescentes-y-jovenes-reportados-com\/#primaryimage\"},\"thumbnailUrl\":\"https:\/\/www.fiscalia.gov.co\/colombia\/wp-content\/uploads\/0D0A0023-300x200.jpg\",\"keywords\":[\"alerta rosa\",\"Fiscal Luz Adriana Camargo\",\"Fiscal\u00eda\",\"Fiscal\u00eda Colombia\",\"Fiscal\u00eda General de la Naci\u00f3n\"],\"articleSection\":[\"Noticias\",\"Seguridad territorial\"],\"inLanguage\":\"es-CO\"},{\"@type\":\"WebPage\",\"@id\":\"https:\/\/www.fiscalia.gov.co\/colombia\/noticias\/entra-en-funcionamiento-alerta-rosa-el-mecanismo-que-articula-las-capacidades-de-17-entidades-para-la-busqueda-inmediata-de-ninas-ninos-mujeres-adolescentes-y-jovenes-reportados-com\/\",\"url\":\"https:\/\/www.fiscalia.gov.co\/colombia\/noticias\/entra-en-funcionamiento-alerta-rosa-el-mecanismo-que-articula-las-capacidades-de-17-entidades-para-la-busqueda-inmediata-de-ninas-ninos-mujeres-adolescentes-y-jovenes-reportados-com\/\",\"name\":\"Fiscal\u00eda General de la Naci\u00f3n\",\"isPartOf\":{\"@id\":\"https:\/\/www.fiscalia.gov.co\/colombia\/#website\"},\"primaryImageOfPage\":{\"@id\":\"https:\/\/www.fiscalia.gov.co\/colombia\/noticias\/entra-en-funcionamiento-alerta-rosa-el-mecanismo-que-articula-las-capacidades-de-17-entidades-para-la-busqueda-inmediata-de-ninas-ninos-mujeres-adolescentes-y-jovenes-reportados-com\/#primaryimage\"},\"image\":{\"@id\":\"https:\/\/www.fiscalia.gov.co\/colombia\/noticias\/entra-en-funcionamiento-alerta-rosa-el-mecanismo-que-articula-las-capacidades-de-17-entidades-para-la-busqueda-inmediata-de-ninas-ninos-mujeres-adolescentes-y-jovenes-reportados-com\/#primaryimage\"},\"thumbnailUrl\":\"https:\/\/www.fiscalia.gov.co\/colombia\/wp-content\/uploads\/0D0A0023-300x200.jpg\",\"datePublished\":\"2026-04-29T18:44:30+00:00\",\"dateModified\":\"2026-04-29T18:44:30+00:00\",\"description\":\"P\u00e1gina oficial de la Fiscal\u00eda General de la Naci\u00f3n \u2013 Colombia. Garantizamos el acceso efectivo a la justicia, la verdad y la reparaci\u00f3n de las v\u00edctimas de los delitos.\",\"breadcrumb\":{\"@id\":\"https:\/\/www.fiscalia.gov.co\/colombia\/noticias\/entra-en-funcionamiento-alerta-rosa-el-mecanismo-que-articula-las-capacidades-de-17-entidades-para-la-busqueda-inmediata-de-ninas-ninos-mujeres-adolescentes-y-jovenes-reportados-com\/#breadcrumb\"},\"inLanguage\":\"es-CO\",\"potentialAction\":[{\"@type\":\"ReadAction\",\"target\":[\"https:\/\/www.fiscalia.gov.co\/colombia\/noticias\/entra-en-funcionamiento-alerta-rosa-el-mecanismo-que-articula-las-capacidades-de-17-entidades-para-la-busqueda-inmediata-de-ninas-ninos-mujeres-adolescentes-y-jovenes-reportados-com\/\"]}]},{\"@type\":\"ImageObject\",\"inLanguage\":\"es-CO\",\"@id\":\"https:\/\/www.fiscalia.gov.co\/colombia\/noticias\/entra-en-funcionamiento-alerta-rosa-el-mecanismo-que-articula-las-capacidades-de-17-entidades-para-la-busqueda-inmediata-de-ninas-ninos-mujeres-adolescentes-y-jovenes-reportados-com\/#primaryimage\",\"url\":\"https:\/\/www.fiscalia.gov.co\/colombia\/wp-content\/uploads\/0D0A0023-scaled.jpg\",\"contentUrl\":\"https:\/\/www.fiscalia.gov.co\/colombia\/wp-content\/uploads\/0D0A0023-scaled.jpg\",\"width\":2560,\"height\":1707,\"caption\":\"\u2018Alerta Rosa\u2019 elimina barreras como la falsa creencia de esperar 72 horas para iniciar la b\u00fasqueda de un ni\u00f1o, ni\u00f1a mujer, adolescente o joven reportado como desaparecido, permitiendo actuar desde el primer momento\"},{\"@type\":\"BreadcrumbList\",\"@id\":\"https:\/\/www.fiscalia.gov.co\/colombia\/noticias\/entra-en-funcionamiento-alerta-rosa-el-mecanismo-que-articula-las-capacidades-de-17-entidades-para-la-busqueda-inmediata-de-ninas-ninos-mujeres-adolescentes-y-jovenes-reportados-com\/#breadcrumb\",\"itemListElement\":[{\"@type\":\"ListItem\",\"position\":1,\"name\":\"Home\",\"item\":\"https:\/\/www.fiscalia.gov.co\/colombia\/\"},{\"@type\":\"ListItem\",\"position\":2,\"name\":\"Entra en funcionamiento Alerta Rosa, el mecanismo que articula las capacidades de 17 entidades para la b\u00fasqueda inmediata de\u00a0ni\u00f1as, ni\u00f1os, mujeres, adolescentes\u00a0y j\u00f3venes\u00a0reportados como\u00a0desaparecidos\u00a0\u00a0\"}]},{\"@type\":\"WebSite\",\"@id\":\"https:\/\/www.fiscalia.gov.co\/colombia\/#website\",\"url\":\"https:\/\/www.fiscalia.gov.co\/colombia\/\",\"name\":\"Fiscal\u00eda General de la Naci\u00f3n\",\"description\":\"P\u00e1gina oficial de la Fiscal\u00eda General de la Naci\u00f3n \u2013 Colombia. Garantizamos el acceso efectivo a la justicia, la verdad y la reparaci\u00f3n de las v\u00edctimas de los delitos.\",\"publisher\":{\"@id\":\"https:\/\/www.fiscalia.gov.co\/colombia\/#organization\"},\"potentialAction\":[{\"@type\":\"SearchAction\",\"target\":{\"@type\":\"EntryPoint\",\"urlTemplate\":\"https:\/\/www.fiscalia.gov.co\/colombia\/?s={search_term_string}\"},\"query-input\":{\"@type\":\"PropertyValueSpecification\",\"valueRequired\":true,\"valueName\":\"search_term_string\"}}],\"inLanguage\":\"es-CO\"},{\"@type\":\"Organization\",\"@id\":\"https:\/\/www.fiscalia.gov.co\/colombia\/#organization\",\"name\":\"Fiscal\u00eda General de la Naci\u00f3n\",\"url\":\"https:\/\/www.fiscalia.gov.co\/colombia\/\",\"logo\":{\"@type\":\"ImageObject\",\"inLanguage\":\"es-CO\",\"@id\":\"https:\/\/www.fiscalia.gov.co\/colombia\/#\/schema\/logo\/image\/\",\"url\":\"https:\/\/www.fiscalia.gov.co\/colombia\/wp-content\/uploads\/LogoHorizontal_1.jpg\",\"contentUrl\":\"https:\/\/www.fiscalia.gov.co\/colombia\/wp-content\/uploads\/LogoHorizontal_1.jpg\",\"width\":300,\"height\":90,\"caption\":\"Fiscal\u00eda General de la Naci\u00f3n\"},\"image\":{\"@id\":\"https:\/\/www.fiscalia.gov.co\/colombia\/#\/schema\/logo\/image\/\"},\"sameAs\":[\"https:\/\/www.facebook.com\/FiscaliaCol\",\"https:\/\/x.com\/FiscaliaCol\",\"https:\/\/www.instagram.com\/fiscaliacol\",\"https:\/\/www.linkedin.com\/company\/fiscalia-general-de-la-naci-n\/\",\"https:\/\/youtube.com\/@fiscaliageneraldelanacion-4668?si=6nN79nyQICPU5iTh\"]},{\"@type\":\"Person\",\"@id\":\"https:\/\/www.fiscalia.gov.co\/colombia\/#\/schema\/person\/ba9eca435947489fb25117a0cd75bf3e\",\"name\":\"Johanna Islenny Prieto Pe\u00f1a\",\"image\":{\"@type\":\"ImageObject\",\"inLanguage\":\"es-CO\",\"@id\":\"https:\/\/www.fiscalia.gov.co\/colombia\/#\/schema\/person\/image\/\",\"url\":\"https:\/\/secure.gravatar.com\/avatar\/111433fc2acb037ffb768f6a3ca47864?s=96&d=mm&r=g\",\"contentUrl\":\"https:\/\/secure.gravatar.com\/avatar\/111433fc2acb037ffb768f6a3ca47864?s=96&d=mm&r=g\",\"caption\":\"Johanna Islenny Prieto Pe\u00f1a\"},\"url\":\"https:\/\/www.fiscalia.gov.co\/colombia\/author\/jprietop\/\"}]}<\/script>\n<!-- \/ Yoast SEO plugin. -->","yoast_head_json":{"title":"Fiscal\u00eda General de la Naci\u00f3n","description":"P\u00e1gina oficial de la Fiscal\u00eda General de la Naci\u00f3n \u2013 Colombia. Garantizamos el acceso efectivo a la justicia, la verdad y la reparaci\u00f3n de las v\u00edctimas de los delitos.","robots":{"index":"noindex","follow":"follow"},"og_locale":"es_ES","og_type":"article","og_title":"Fiscal\u00eda General de la Naci\u00f3n","og_description":"P\u00e1gina oficial de la Fiscal\u00eda General de la Naci\u00f3n \u2013 Colombia. Garantizamos el acceso efectivo a la justicia, la verdad y la reparaci\u00f3n de las v\u00edctimas de los delitos.","og_url":"https:\/\/www.fiscalia.gov.co\/colombia\/noticias\/entra-en-funcionamiento-alerta-rosa-el-mecanismo-que-articula-las-capacidades-de-17-entidades-para-la-busqueda-inmediata-de-ninas-ninos-mujeres-adolescentes-y-jovenes-reportados-com\/","og_site_name":"Fiscal\u00eda General de la Naci\u00f3n","article_publisher":"https:\/\/www.facebook.com\/FiscaliaCol","article_published_time":"2026-04-29T18:44:30+00:00","og_image":[{"width":2560,"height":1707,"url":"https:\/\/www.fiscalia.gov.co\/colombia\/wp-content\/uploads\/0D0A0023-scaled.jpg","type":"image\/jpeg"}],"author":"Johanna Islenny Prieto Pe\u00f1a","twitter_card":"summary_large_image","twitter_creator":"@FiscaliaCol","twitter_site":"@FiscaliaCol","twitter_misc":{"Escrito por":"Johanna Islenny Prieto Pe\u00f1a","Tiempo de lectura":"3 minutos"},"schema":{"@context":"https:\/\/schema.org","@graph":[{"@type":"Article","@id":"https:\/\/www.fiscalia.gov.co\/colombia\/noticias\/entra-en-funcionamiento-alerta-rosa-el-mecanismo-que-articula-las-capacidades-de-17-entidades-para-la-busqueda-inmediata-de-ninas-ninos-mujeres-adolescentes-y-jovenes-reportados-com\/#article","isPartOf":{"@id":"https:\/\/www.fiscalia.gov.co\/colombia\/noticias\/entra-en-funcionamiento-alerta-rosa-el-mecanismo-que-articula-las-capacidades-de-17-entidades-para-la-busqueda-inmediata-de-ninas-ninos-mujeres-adolescentes-y-jovenes-reportados-com\/"},"author":{"name":"Johanna Islenny Prieto Pe\u00f1a","@id":"https:\/\/www.fiscalia.gov.co\/colombia\/#\/schema\/person\/ba9eca435947489fb25117a0cd75bf3e"},"headline":"Entra en funcionamiento Alerta Rosa, el mecanismo que articula las capacidades de 17 entidades para la b\u00fasqueda inmediata de\u00a0ni\u00f1as, ni\u00f1os, mujeres, adolescentes\u00a0y j\u00f3venes\u00a0reportados como\u00a0desaparecidos\u00a0\u00a0","datePublished":"2026-04-29T18:44:30+00:00","dateModified":"2026-04-29T18:44:30+00:00","mainEntityOfPage":{"@id":"https:\/\/www.fiscalia.gov.co\/colombia\/noticias\/entra-en-funcionamiento-alerta-rosa-el-mecanismo-que-articula-las-capacidades-de-17-entidades-para-la-busqueda-inmediata-de-ninas-ninos-mujeres-adolescentes-y-jovenes-reportados-com\/"},"wordCount":654,"publisher":{"@id":"https:\/\/www.fiscalia.gov.co\/colombia\/#organization"},"image":{"@id":"https:\/\/www.fiscalia.gov.co\/colombia\/noticias\/entra-en-funcionamiento-alerta-rosa-el-mecanismo-que-articula-las-capacidades-de-17-entidades-para-la-busqueda-inmediata-de-ninas-ninos-mujeres-adolescentes-y-jovenes-reportados-com\/#primaryimage"},"thumbnailUrl":"https:\/\/www.fiscalia.gov.co\/colombia\/wp-content\/uploads\/0D0A0023-300x200.jpg","keywords":["alerta rosa","Fiscal Luz Adriana Camargo","Fiscal\u00eda","Fiscal\u00eda Colombia","Fiscal\u00eda General de la Naci\u00f3n"],"articleSection":["Noticias","Seguridad territorial"],"inLanguage":"es-CO"},{"@type":"WebPage","@id":"https:\/\/www.fiscalia.gov.co\/colombia\/noticias\/entra-en-funcionamiento-alerta-rosa-el-mecanismo-que-articula-las-capacidades-de-17-entidades-para-la-busqueda-inmediata-de-ninas-ninos-mujeres-adolescentes-y-jovenes-reportados-com\/","url":"https:\/\/www.fiscalia.gov.co\/colombia\/noticias\/entra-en-funcionamiento-alerta-rosa-el-mecanismo-que-articula-las-capacidades-de-17-entidades-para-la-busqueda-inmediata-de-ninas-ninos-mujeres-adolescentes-y-jovenes-reportados-com\/","name":"Fiscal\u00eda General de la Naci\u00f3n","isPartOf":{"@id":"https:\/\/www.fiscalia.gov.co\/colombia\/#website"},"primaryImageOfPage":{"@id":"https:\/\/www.fiscalia.gov.co\/colombia\/noticias\/entra-en-funcionamiento-alerta-rosa-el-mecanismo-que-articula-las-capacidades-de-17-entidades-para-la-busqueda-inmediata-de-ninas-ninos-mujeres-adolescentes-y-jovenes-reportados-com\/#primaryimage"},"image":{"@id":"https:\/\/www.fiscalia.gov.co\/colombia\/noticias\/entra-en-funcionamiento-alerta-rosa-el-mecanismo-que-articula-las-capacidades-de-17-entidades-para-la-busqueda-inmediata-de-ninas-ninos-mujeres-adolescentes-y-jovenes-reportados-com\/#primaryimage"},"thumbnailUrl":"https:\/\/www.fiscalia.gov.co\/colombia\/wp-content\/uploads\/0D0A0023-300x200.jpg","datePublished":"2026-04-29T18:44:30+00:00","dateModified":"2026-04-29T18:44:30+00:00","description":"P\u00e1gina oficial de la Fiscal\u00eda General de la Naci\u00f3n \u2013 Colombia. Garantizamos el acceso efectivo a la justicia, la verdad y la reparaci\u00f3n de las v\u00edctimas de los delitos.","breadcrumb":{"@id":"https:\/\/www.fiscalia.gov.co\/colombia\/noticias\/entra-en-funcionamiento-alerta-rosa-el-mecanismo-que-articula-las-capacidades-de-17-entidades-para-la-busqueda-inmediata-de-ninas-ninos-mujeres-adolescentes-y-jovenes-reportados-com\/#breadcrumb"},"inLanguage":"es-CO","potentialAction":[{"@type":"ReadAction","target":["https:\/\/www.fiscalia.gov.co\/colombia\/noticias\/entra-en-funcionamiento-alerta-rosa-el-mecanismo-que-articula-las-capacidades-de-17-entidades-para-la-busqueda-inmediata-de-ninas-ninos-mujeres-adolescentes-y-jovenes-reportados-com\/"]}]},{"@type":"ImageObject","inLanguage":"es-CO","@id":"https:\/\/www.fiscalia.gov.co\/colombia\/noticias\/entra-en-funcionamiento-alerta-rosa-el-mecanismo-que-articula-las-capacidades-de-17-entidades-para-la-busqueda-inmediata-de-ninas-ninos-mujeres-adolescentes-y-jovenes-reportados-com\/#primaryimage","url":"https:\/\/www.fiscalia.gov.co\/colombia\/wp-content\/uploads\/0D0A0023-scaled.jpg","contentUrl":"https:\/\/www.fiscalia.gov.co\/colombia\/wp-content\/uploads\/0D0A0023-scaled.jpg","width":2560,"height":1707,"caption":"\u2018Alerta Rosa\u2019 elimina barreras como la falsa creencia de esperar 72 horas para iniciar la b\u00fasqueda de un ni\u00f1o, ni\u00f1a mujer, adolescente o joven reportado como desaparecido, permitiendo actuar desde el primer momento"},{"@type":"BreadcrumbList","@id":"https:\/\/www.fiscalia.gov.co\/colombia\/noticias\/entra-en-funcionamiento-alerta-rosa-el-mecanismo-que-articula-las-capacidades-de-17-entidades-para-la-busqueda-inmediata-de-ninas-ninos-mujeres-adolescentes-y-jovenes-reportados-com\/#breadcrumb","itemListElement":[{"@type":"ListItem","position":1,"name":"Home","item":"https:\/\/www.fiscalia.gov.co\/colombia\/"},{"@type":"ListItem","position":2,"name":"Entra en funcionamiento Alerta Rosa, el mecanismo que articula las capacidades de 17 entidades para la b\u00fasqueda inmediata de\u00a0ni\u00f1as, ni\u00f1os, mujeres, adolescentes\u00a0y j\u00f3venes\u00a0reportados como\u00a0desaparecidos\u00a0\u00a0"}]},{"@type":"WebSite","@id":"https:\/\/www.fiscalia.gov.co\/colombia\/#website","url":"https:\/\/www.fiscalia.gov.co\/colombia\/","name":"Fiscal\u00eda General de la Naci\u00f3n","description":"P\u00e1gina oficial de la Fiscal\u00eda General de la Naci\u00f3n \u2013 Colombia. Garantizamos el acceso efectivo a la justicia, la verdad y la reparaci\u00f3n de las v\u00edctimas de los delitos.","publisher":{"@id":"https:\/\/www.fiscalia.gov.co\/colombia\/#organization"},"potentialAction":[{"@type":"SearchAction","target":{"@type":"EntryPoint","urlTemplate":"https:\/\/www.fiscalia.gov.co\/colombia\/?s={search_term_string}"},"query-input":{"@type":"PropertyValueSpecification","valueRequired":true,"valueName":"search_term_string"}}],"inLanguage":"es-CO"},{"@type":"Organization","@id":"https:\/\/www.fiscalia.gov.co\/colombia\/#organization","name":"Fiscal\u00eda General de la Naci\u00f3n","url":"https:\/\/www.fiscalia.gov.co\/colombia\/","logo":{"@type":"ImageObject","inLanguage":"es-CO","@id":"https:\/\/www.fiscalia.gov.co\/colombia\/#\/schema\/logo\/image\/","url":"https:\/\/www.fiscalia.gov.co\/colombia\/wp-content\/uploads\/LogoHorizontal_1.jpg","contentUrl":"https:\/\/www.fiscalia.gov.co\/colombia\/wp-content\/uploads\/LogoHorizontal_1.jpg","width":300,"height":90,"caption":"Fiscal\u00eda General de la Naci\u00f3n"},"image":{"@id":"https:\/\/www.fiscalia.gov.co\/colombia\/#\/schema\/logo\/image\/"},"sameAs":["https:\/\/www.facebook.com\/FiscaliaCol","https:\/\/x.com\/FiscaliaCol","https:\/\/www.instagram.com\/fiscaliacol","https:\/\/www.linkedin.com\/company\/fiscalia-general-de-la-naci-n\/","https:\/\/youtube.com\/@fiscaliageneraldelanacion-4668?si=6nN79nyQICPU5iTh"]},{"@type":"Person","@id":"https:\/\/www.fiscalia.gov.co\/colombia\/#\/schema\/person\/ba9eca435947489fb25117a0cd75bf3e","name":"Johanna Islenny Prieto Pe\u00f1a","image":{"@type":"ImageObject","inLanguage":"es-CO","@id":"https:\/\/www.fiscalia.gov.co\/colombia\/#\/schema\/person\/image\/","url":"https:\/\/secure.gravatar.com\/avatar\/111433fc2acb037ffb768f6a3ca47864?s=96&d=mm&r=g","contentUrl":"https:\/\/secure.gravatar.com\/avatar\/111433fc2acb037ffb768f6a3ca47864?s=96&d=mm&r=g","caption":"Johanna Islenny Prieto Pe\u00f1a"},"url":"https:\/\/www.fiscalia.gov.co\/colombia\/author\/jprietop\/"}]}},"_links":{"self":[{"href":"https:\/\/www.fiscalia.gov.co\/colombia\/wp-json\/wp\/v2\/posts\/362783","targetHints":{"allow":["GET"]}}],"collection":[{"href":"https:\/\/www.fiscalia.gov.co\/colombia\/wp-json\/wp\/v2\/posts"}],"about":[{"href":"https:\/\/www.fiscalia.gov.co\/colombia\/wp-json\/wp\/v2\/types\/post"}],"author":[{"embeddable":true,"href":"https:\/\/www.fiscalia.gov.co\/colombia\/wp-json\/wp\/v2\/users\/181"}],"replies":[{"embeddable":true,"href":"https:\/\/www.fiscalia.gov.co\/colombia\/wp-json\/wp\/v2\/comments?post=362783"}],"version-history":[{"count":1,"href":"https:\/\/www.fiscalia.gov.co\/colombia\/wp-json\/wp\/v2\/posts\/362783\/revisions"}],"predecessor-version":[{"id":362786,"href":"https:\/\/www.fiscalia.gov.co\/colombia\/wp-json\/wp\/v2\/posts\/362783\/revisions\/362786"}],"wp:attachment":[{"href":"https:\/\/www.fiscalia.gov.co\/colombia\/wp-json\/wp\/v2\/media?parent=362783"}],"wp:term":[{"taxonomy":"category","embeddable":true,"href":"https:\/\/www.fiscalia.gov.co\/colombia\/wp-json\/wp\/v2\/categories?post=362783"},{"taxonomy":"post_tag","embeddable":true,"href":"https:\/\/www.fiscalia.gov.co\/colombia\/wp-json\/wp\/v2\/tags?post=362783"}],"curies":[{"name":"wp","href":"https:\/\/api.w.org\/{rel}","templated":true}]}}