{"id":362693,"date":"2026-04-28T16:58:22","date_gmt":"2026-04-28T21:58:22","guid":{"rendered":"https:\/\/www.fiscalia.gov.co\/colombia\/?p=362693"},"modified":"2026-04-28T16:58:22","modified_gmt":"2026-04-28T21:58:22","slug":"centro-de-atencion-de-fiscalia-en-puerto-gaitan-beneficiara-a-mas-de-65-000-habitantes-del-nororiente-de-meta","status":"publish","type":"post","link":"https:\/\/www.fiscalia.gov.co\/colombia\/noticias\/centro-de-atencion-de-fiscalia-en-puerto-gaitan-beneficiara-a-mas-de-65-000-habitantes-del-nororiente-de-meta\/","title":{"rendered":"Centro de atenci\u00f3n de Fiscal\u00eda en puerto\u00a0Gait\u00e1n\u00a0beneficiar\u00e1 a m\u00e1s de 65.000 habitantes del nororiente de\u00a0Meta\u00a0"},"content":{"rendered":"<blockquote>\n<h4><strong><i>Este espacio contar\u00e1 con una atenci\u00f3n diferencial para los pueblos ind\u00edgenas\u00a0presentes\u00a0en la regi\u00f3n\u00a0e incluir\u00e1\u00a0un traductor que habla la lengua\u00a0Sikuani.\u00a0<\/i>\u00a0<\/strong><\/h4>\n<\/blockquote>\n<p><span data-contrast=\"auto\">Como parte de una apuesta por fortalecer el acceso a la justicia en las regiones m\u00e1s apartadas del pa\u00eds, la fiscal general de la Naci\u00f3n, Luz Adriana Camargo Garz\u00f3n, puso en funcionamiento un nuevo Centro de Atenci\u00f3n de Fiscal\u00eda (CAF) en Puerto Gait\u00e1n (Meta).<\/span><span data-ccp-props=\"{&quot;201341983&quot;:0,&quot;335551550&quot;:6,&quot;335551620&quot;:6,&quot;335559685&quot;:142,&quot;335559737&quot;:989,&quot;335559739&quot;:0,&quot;335559740&quot;:240}\">\u00a0<\/span><\/p>\n<p><span data-contrast=\"auto\">Este nuevo espacio beneficiar\u00e1 a 65.000 habitantes de Puerto Gait\u00e1n, tanto en el casco urbano como en zonas rurales como Alto\u00a0Tillav\u00e1, Domo Planas, El Porvenir, La Cristalina,\u00a0Murujuy, Puente\u00a0Arimena, Puerto Trujillo, San Miguel y San Pedro de\u00a0Arimena.<\/span><span data-ccp-props=\"{&quot;201341983&quot;:0,&quot;335551550&quot;:6,&quot;335551620&quot;:6,&quot;335559685&quot;:142,&quot;335559737&quot;:989,&quot;335559739&quot;:0,&quot;335559740&quot;:240}\">\u00a0<\/span><\/p>\n<p><span data-contrast=\"auto\">\u201cNuestro enfoque es ser m\u00e1s emp\u00e1ticos, y eso es lo que quiero transmitir a las personas que trabajar\u00e1n en este centro de atenci\u00f3n. La empat\u00eda puede marcar la diferencia: atender una denuncia con dedicaci\u00f3n y escuchar (\u2026) Esto no es una f\u00e1brica de recepci\u00f3n de denuncias, donde se dispone de ocho minutos por usuario para registrar r\u00e1pidamente su relato y asignar un n\u00famero (\u2026) Esa no puede ser la forma en que nos acercamos a las v\u00edctimas; esa es nuestra apuesta como Fiscal\u00eda\u201d, recalc\u00f3 la fiscal Luz Adriana Camargo.<\/span><span data-ccp-props=\"{&quot;201341983&quot;:0,&quot;335551550&quot;:6,&quot;335551620&quot;:6,&quot;335559685&quot;:142,&quot;335559737&quot;:989,&quot;335559739&quot;:0,&quot;335559740&quot;:240}\">\u00a0<\/span><\/p>\n<p><span data-contrast=\"auto\">Con la apertura de este espacio, los ciudadanos contar\u00e1n con una oferta institucional que les permitir\u00e1 interponer denuncias, consultar informaci\u00f3n sobre sus procesos y acceder a mecanismos de justicia restaurativa que se implementan en el pa\u00eds.<\/span><span data-ccp-props=\"{&quot;201341983&quot;:0,&quot;335551550&quot;:6,&quot;335551620&quot;:6,&quot;335559685&quot;:142,&quot;335559737&quot;:989,&quot;335559739&quot;:0,&quot;335559740&quot;:240}\">\u00a0<\/span><\/p>\n<p><span data-contrast=\"auto\">La fiscal Luz Adriana Camargo destac\u00f3 que en este CAF la atenci\u00f3n a las v\u00edctimas se realizar\u00e1 con enfoque diferencial e interseccional, teniendo en cuenta condiciones y necesidades espec\u00edficas como g\u00e9nero, orientaci\u00f3n sexual, discapacidad, entre otros aspectos, as\u00ed como la pertenencia \u00e9tnica, dado que el 30 % de la poblaci\u00f3n pertenece a alg\u00fan pueblo ind\u00edgena.<\/span><span data-ccp-props=\"{&quot;201341983&quot;:0,&quot;335551550&quot;:6,&quot;335551620&quot;:6,&quot;335559685&quot;:142,&quot;335559737&quot;:989,&quot;335559739&quot;:0,&quot;335559740&quot;:240}\">\u00a0<\/span><\/p>\n<p><span data-contrast=\"auto\">Para garantizar esta atenci\u00f3n diferencial a las comunidades ind\u00edgenas y superar las barreras ling\u00fc\u00edsticas y culturales, se contar\u00e1 con un traductor que habla la lengua\u00a0sikuani.<\/span><span data-ccp-props=\"{&quot;201341983&quot;:0,&quot;335551550&quot;:6,&quot;335551620&quot;:6,&quot;335559685&quot;:142,&quot;335559737&quot;:989,&quot;335559739&quot;:0,&quot;335559740&quot;:240}\">\u00a0<\/span><\/p>\n<p><span data-contrast=\"auto\">El centro contar\u00e1 con un equipo humano conformado por dos fiscales con sus respectivos asistentes, dos investigadores del Cuerpo T\u00e9cnico de Investigaci\u00f3n (CTI) y dos receptores de denuncias que operar\u00e1n en la sala de atenci\u00f3n al usuario. Asimismo, habr\u00e1 presencia de la Inspecci\u00f3n de Polic\u00eda, con tres servidores, y de la Comisar\u00eda de Familia, con diez funcionarios.<\/span><span data-ccp-props=\"{&quot;201341983&quot;:0,&quot;335551550&quot;:6,&quot;335551620&quot;:6,&quot;335559685&quot;:142,&quot;335559737&quot;:989,&quot;335559739&quot;:0,&quot;335559740&quot;:240}\">\u00a0<\/span><\/p>\n<p><span data-contrast=\"auto\">La apertura cont\u00f3 con la presencia de autoridades regionales y locales, as\u00ed como de representantes de la Rama Judicial.<\/span><span data-ccp-props=\"{&quot;201341983&quot;:0,&quot;335551550&quot;:6,&quot;335551620&quot;:6,&quot;335559685&quot;:142,&quot;335559737&quot;:989,&quot;335559739&quot;:0,&quot;335559740&quot;:240}\">\u00a0<\/span><\/p>\n<p>&nbsp;<\/p>\n\n<div class=\"twitter-share\"><a href=\"https:\/\/twitter.com\/intent\/tweet?via=fiscaliacol\" class=\"twitter-share-button\">Tweet<\/a><\/div>\n","protected":false},"excerpt":{"rendered":"<p>Este espacio contar\u00e1 con una atenci\u00f3n diferencial para los pueblos ind\u00edgenas\u00a0presentes\u00a0en la regi\u00f3n\u00a0e incluir\u00e1\u00a0un traductor que habla la lengua\u00a0Sikuani.\u00a0\u00a0 Como parte de una apuesta por fortalecer el acceso a la justicia en las regiones m\u00e1s apartadas del pa\u00eds, la fiscal general de la Naci\u00f3n, Luz Adriana Camargo Garz\u00f3n, puso en funcionamiento un nuevo Centro de [&hellip;]<\/p>\n","protected":false},"author":181,"featured_media":0,"comment_status":"closed","ping_status":"open","sticky":false,"template":"","format":"standard","meta":{"tdm_status":"","tdm_grid_status":"","footnotes":""},"categories":[1,688],"tags":[37492,4614,24187,1047],"class_list":{"0":"post-362693","1":"post","2":"type-post","3":"status-publish","4":"format-standard","6":"category-noticias","7":"category-seccional-villavicencio","8":"tag-fiscal-luz-adriana-camargo","9":"tag-fiscalia-2","10":"tag-fiscalia-colombia","11":"tag-fiscalia-general-de-la-nacion"},"yoast_head":"<!-- This site is optimized with the Yoast SEO plugin v24.3 - https:\/\/yoast.com\/wordpress\/plugins\/seo\/ -->\n<title>Fiscal\u00eda General de la Naci\u00f3n<\/title>\n<meta name=\"description\" content=\"P\u00e1gina oficial de la Fiscal\u00eda General de la Naci\u00f3n \u2013 Colombia. Garantizamos el acceso efectivo a la justicia, la verdad y la reparaci\u00f3n de las v\u00edctimas de los delitos.\" \/>\n<meta name=\"robots\" content=\"noindex, follow\" \/>\n<meta property=\"og:locale\" content=\"es_ES\" \/>\n<meta property=\"og:type\" content=\"article\" \/>\n<meta property=\"og:title\" content=\"Fiscal\u00eda General de la Naci\u00f3n\" \/>\n<meta property=\"og:description\" content=\"P\u00e1gina oficial de la Fiscal\u00eda General de la Naci\u00f3n \u2013 Colombia. Garantizamos el acceso efectivo a la justicia, la verdad y la reparaci\u00f3n de las v\u00edctimas de los delitos.\" \/>\n<meta property=\"og:url\" content=\"https:\/\/www.fiscalia.gov.co\/colombia\/noticias\/centro-de-atencion-de-fiscalia-en-puerto-gaitan-beneficiara-a-mas-de-65-000-habitantes-del-nororiente-de-meta\/\" \/>\n<meta property=\"og:site_name\" content=\"Fiscal\u00eda General de la Naci\u00f3n\" \/>\n<meta property=\"article:publisher\" content=\"https:\/\/www.facebook.com\/FiscaliaCol\" \/>\n<meta property=\"article:published_time\" content=\"2026-04-28T21:58:22+00:00\" \/>\n<meta name=\"author\" content=\"Johanna Islenny Prieto Pe\u00f1a\" \/>\n<meta name=\"twitter:card\" content=\"summary_large_image\" \/>\n<meta name=\"twitter:creator\" content=\"@FiscaliaCol\" \/>\n<meta name=\"twitter:site\" content=\"@FiscaliaCol\" \/>\n<meta name=\"twitter:label1\" content=\"Escrito por\" \/>\n\t<meta name=\"twitter:data1\" content=\"Johanna Islenny Prieto Pe\u00f1a\" \/>\n\t<meta name=\"twitter:label2\" content=\"Tiempo de lectura\" \/>\n\t<meta name=\"twitter:data2\" content=\"2 minutos\" \/>\n<script type=\"application\/ld+json\" class=\"yoast-schema-graph\">{\"@context\":\"https:\/\/schema.org\",\"@graph\":[{\"@type\":\"Article\",\"@id\":\"https:\/\/www.fiscalia.gov.co\/colombia\/noticias\/centro-de-atencion-de-fiscalia-en-puerto-gaitan-beneficiara-a-mas-de-65-000-habitantes-del-nororiente-de-meta\/#article\",\"isPartOf\":{\"@id\":\"https:\/\/www.fiscalia.gov.co\/colombia\/noticias\/centro-de-atencion-de-fiscalia-en-puerto-gaitan-beneficiara-a-mas-de-65-000-habitantes-del-nororiente-de-meta\/\"},\"author\":{\"name\":\"Johanna Islenny Prieto Pe\u00f1a\",\"@id\":\"https:\/\/www.fiscalia.gov.co\/colombia\/#\/schema\/person\/ba9eca435947489fb25117a0cd75bf3e\"},\"headline\":\"Centro de atenci\u00f3n de Fiscal\u00eda en puerto\u00a0Gait\u00e1n\u00a0beneficiar\u00e1 a m\u00e1s de 65.000 habitantes del nororiente de\u00a0Meta\u00a0\",\"datePublished\":\"2026-04-28T21:58:22+00:00\",\"dateModified\":\"2026-04-28T21:58:22+00:00\",\"mainEntityOfPage\":{\"@id\":\"https:\/\/www.fiscalia.gov.co\/colombia\/noticias\/centro-de-atencion-de-fiscalia-en-puerto-gaitan-beneficiara-a-mas-de-65-000-habitantes-del-nororiente-de-meta\/\"},\"wordCount\":451,\"publisher\":{\"@id\":\"https:\/\/www.fiscalia.gov.co\/colombia\/#organization\"},\"keywords\":[\"Fiscal Luz Adriana Camargo\",\"Fiscal\u00eda\",\"Fiscal\u00eda Colombia\",\"Fiscal\u00eda General de la Naci\u00f3n\"],\"articleSection\":[\"Noticias\",\"Seccional Villavicencio\"],\"inLanguage\":\"es-CO\"},{\"@type\":\"WebPage\",\"@id\":\"https:\/\/www.fiscalia.gov.co\/colombia\/noticias\/centro-de-atencion-de-fiscalia-en-puerto-gaitan-beneficiara-a-mas-de-65-000-habitantes-del-nororiente-de-meta\/\",\"url\":\"https:\/\/www.fiscalia.gov.co\/colombia\/noticias\/centro-de-atencion-de-fiscalia-en-puerto-gaitan-beneficiara-a-mas-de-65-000-habitantes-del-nororiente-de-meta\/\",\"name\":\"Fiscal\u00eda General de la Naci\u00f3n\",\"isPartOf\":{\"@id\":\"https:\/\/www.fiscalia.gov.co\/colombia\/#website\"},\"datePublished\":\"2026-04-28T21:58:22+00:00\",\"dateModified\":\"2026-04-28T21:58:22+00:00\",\"description\":\"P\u00e1gina oficial de la Fiscal\u00eda General de la Naci\u00f3n \u2013 Colombia. Garantizamos el acceso efectivo a la justicia, la verdad y la reparaci\u00f3n de las v\u00edctimas de los delitos.\",\"breadcrumb\":{\"@id\":\"https:\/\/www.fiscalia.gov.co\/colombia\/noticias\/centro-de-atencion-de-fiscalia-en-puerto-gaitan-beneficiara-a-mas-de-65-000-habitantes-del-nororiente-de-meta\/#breadcrumb\"},\"inLanguage\":\"es-CO\",\"potentialAction\":[{\"@type\":\"ReadAction\",\"target\":[\"https:\/\/www.fiscalia.gov.co\/colombia\/noticias\/centro-de-atencion-de-fiscalia-en-puerto-gaitan-beneficiara-a-mas-de-65-000-habitantes-del-nororiente-de-meta\/\"]}]},{\"@type\":\"BreadcrumbList\",\"@id\":\"https:\/\/www.fiscalia.gov.co\/colombia\/noticias\/centro-de-atencion-de-fiscalia-en-puerto-gaitan-beneficiara-a-mas-de-65-000-habitantes-del-nororiente-de-meta\/#breadcrumb\",\"itemListElement\":[{\"@type\":\"ListItem\",\"position\":1,\"name\":\"Home\",\"item\":\"https:\/\/www.fiscalia.gov.co\/colombia\/\"},{\"@type\":\"ListItem\",\"position\":2,\"name\":\"Centro de atenci\u00f3n de Fiscal\u00eda en puerto\u00a0Gait\u00e1n\u00a0beneficiar\u00e1 a m\u00e1s de 65.000 habitantes del nororiente de\u00a0Meta\u00a0\"}]},{\"@type\":\"WebSite\",\"@id\":\"https:\/\/www.fiscalia.gov.co\/colombia\/#website\",\"url\":\"https:\/\/www.fiscalia.gov.co\/colombia\/\",\"name\":\"Fiscal\u00eda General de la Naci\u00f3n\",\"description\":\"P\u00e1gina oficial de la Fiscal\u00eda General de la Naci\u00f3n \u2013 Colombia. Garantizamos el acceso efectivo a la justicia, la verdad y la reparaci\u00f3n de las v\u00edctimas de los delitos.\",\"publisher\":{\"@id\":\"https:\/\/www.fiscalia.gov.co\/colombia\/#organization\"},\"potentialAction\":[{\"@type\":\"SearchAction\",\"target\":{\"@type\":\"EntryPoint\",\"urlTemplate\":\"https:\/\/www.fiscalia.gov.co\/colombia\/?s={search_term_string}\"},\"query-input\":{\"@type\":\"PropertyValueSpecification\",\"valueRequired\":true,\"valueName\":\"search_term_string\"}}],\"inLanguage\":\"es-CO\"},{\"@type\":\"Organization\",\"@id\":\"https:\/\/www.fiscalia.gov.co\/colombia\/#organization\",\"name\":\"Fiscal\u00eda General de la Naci\u00f3n\",\"url\":\"https:\/\/www.fiscalia.gov.co\/colombia\/\",\"logo\":{\"@type\":\"ImageObject\",\"inLanguage\":\"es-CO\",\"@id\":\"https:\/\/www.fiscalia.gov.co\/colombia\/#\/schema\/logo\/image\/\",\"url\":\"https:\/\/www.fiscalia.gov.co\/colombia\/wp-content\/uploads\/LogoHorizontal_1.jpg\",\"contentUrl\":\"https:\/\/www.fiscalia.gov.co\/colombia\/wp-content\/uploads\/LogoHorizontal_1.jpg\",\"width\":300,\"height\":90,\"caption\":\"Fiscal\u00eda General de la Naci\u00f3n\"},\"image\":{\"@id\":\"https:\/\/www.fiscalia.gov.co\/colombia\/#\/schema\/logo\/image\/\"},\"sameAs\":[\"https:\/\/www.facebook.com\/FiscaliaCol\",\"https:\/\/x.com\/FiscaliaCol\",\"https:\/\/www.instagram.com\/fiscaliacol\",\"https:\/\/www.linkedin.com\/company\/fiscalia-general-de-la-naci-n\/\",\"https:\/\/youtube.com\/@fiscaliageneraldelanacion-4668?si=6nN79nyQICPU5iTh\"]},{\"@type\":\"Person\",\"@id\":\"https:\/\/www.fiscalia.gov.co\/colombia\/#\/schema\/person\/ba9eca435947489fb25117a0cd75bf3e\",\"name\":\"Johanna Islenny Prieto Pe\u00f1a\",\"image\":{\"@type\":\"ImageObject\",\"inLanguage\":\"es-CO\",\"@id\":\"https:\/\/www.fiscalia.gov.co\/colombia\/#\/schema\/person\/image\/\",\"url\":\"https:\/\/secure.gravatar.com\/avatar\/111433fc2acb037ffb768f6a3ca47864?s=96&d=mm&r=g\",\"contentUrl\":\"https:\/\/secure.gravatar.com\/avatar\/111433fc2acb037ffb768f6a3ca47864?s=96&d=mm&r=g\",\"caption\":\"Johanna Islenny Prieto Pe\u00f1a\"},\"url\":\"https:\/\/www.fiscalia.gov.co\/colombia\/author\/jprietop\/\"}]}<\/script>\n<!-- \/ Yoast SEO plugin. -->","yoast_head_json":{"title":"Fiscal\u00eda General de la Naci\u00f3n","description":"P\u00e1gina oficial de la Fiscal\u00eda General de la Naci\u00f3n \u2013 Colombia. Garantizamos el acceso efectivo a la justicia, la verdad y la reparaci\u00f3n de las v\u00edctimas de los delitos.","robots":{"index":"noindex","follow":"follow"},"og_locale":"es_ES","og_type":"article","og_title":"Fiscal\u00eda General de la Naci\u00f3n","og_description":"P\u00e1gina oficial de la Fiscal\u00eda General de la Naci\u00f3n \u2013 Colombia. Garantizamos el acceso efectivo a la justicia, la verdad y la reparaci\u00f3n de las v\u00edctimas de los delitos.","og_url":"https:\/\/www.fiscalia.gov.co\/colombia\/noticias\/centro-de-atencion-de-fiscalia-en-puerto-gaitan-beneficiara-a-mas-de-65-000-habitantes-del-nororiente-de-meta\/","og_site_name":"Fiscal\u00eda General de la Naci\u00f3n","article_publisher":"https:\/\/www.facebook.com\/FiscaliaCol","article_published_time":"2026-04-28T21:58:22+00:00","author":"Johanna Islenny Prieto Pe\u00f1a","twitter_card":"summary_large_image","twitter_creator":"@FiscaliaCol","twitter_site":"@FiscaliaCol","twitter_misc":{"Escrito por":"Johanna Islenny Prieto Pe\u00f1a","Tiempo de lectura":"2 minutos"},"schema":{"@context":"https:\/\/schema.org","@graph":[{"@type":"Article","@id":"https:\/\/www.fiscalia.gov.co\/colombia\/noticias\/centro-de-atencion-de-fiscalia-en-puerto-gaitan-beneficiara-a-mas-de-65-000-habitantes-del-nororiente-de-meta\/#article","isPartOf":{"@id":"https:\/\/www.fiscalia.gov.co\/colombia\/noticias\/centro-de-atencion-de-fiscalia-en-puerto-gaitan-beneficiara-a-mas-de-65-000-habitantes-del-nororiente-de-meta\/"},"author":{"name":"Johanna Islenny Prieto Pe\u00f1a","@id":"https:\/\/www.fiscalia.gov.co\/colombia\/#\/schema\/person\/ba9eca435947489fb25117a0cd75bf3e"},"headline":"Centro de atenci\u00f3n de Fiscal\u00eda en puerto\u00a0Gait\u00e1n\u00a0beneficiar\u00e1 a m\u00e1s de 65.000 habitantes del nororiente de\u00a0Meta\u00a0","datePublished":"2026-04-28T21:58:22+00:00","dateModified":"2026-04-28T21:58:22+00:00","mainEntityOfPage":{"@id":"https:\/\/www.fiscalia.gov.co\/colombia\/noticias\/centro-de-atencion-de-fiscalia-en-puerto-gaitan-beneficiara-a-mas-de-65-000-habitantes-del-nororiente-de-meta\/"},"wordCount":451,"publisher":{"@id":"https:\/\/www.fiscalia.gov.co\/colombia\/#organization"},"keywords":["Fiscal Luz Adriana Camargo","Fiscal\u00eda","Fiscal\u00eda Colombia","Fiscal\u00eda General de la Naci\u00f3n"],"articleSection":["Noticias","Seccional Villavicencio"],"inLanguage":"es-CO"},{"@type":"WebPage","@id":"https:\/\/www.fiscalia.gov.co\/colombia\/noticias\/centro-de-atencion-de-fiscalia-en-puerto-gaitan-beneficiara-a-mas-de-65-000-habitantes-del-nororiente-de-meta\/","url":"https:\/\/www.fiscalia.gov.co\/colombia\/noticias\/centro-de-atencion-de-fiscalia-en-puerto-gaitan-beneficiara-a-mas-de-65-000-habitantes-del-nororiente-de-meta\/","name":"Fiscal\u00eda General de la Naci\u00f3n","isPartOf":{"@id":"https:\/\/www.fiscalia.gov.co\/colombia\/#website"},"datePublished":"2026-04-28T21:58:22+00:00","dateModified":"2026-04-28T21:58:22+00:00","description":"P\u00e1gina oficial de la Fiscal\u00eda General de la Naci\u00f3n \u2013 Colombia. Garantizamos el acceso efectivo a la justicia, la verdad y la reparaci\u00f3n de las v\u00edctimas de los delitos.","breadcrumb":{"@id":"https:\/\/www.fiscalia.gov.co\/colombia\/noticias\/centro-de-atencion-de-fiscalia-en-puerto-gaitan-beneficiara-a-mas-de-65-000-habitantes-del-nororiente-de-meta\/#breadcrumb"},"inLanguage":"es-CO","potentialAction":[{"@type":"ReadAction","target":["https:\/\/www.fiscalia.gov.co\/colombia\/noticias\/centro-de-atencion-de-fiscalia-en-puerto-gaitan-beneficiara-a-mas-de-65-000-habitantes-del-nororiente-de-meta\/"]}]},{"@type":"BreadcrumbList","@id":"https:\/\/www.fiscalia.gov.co\/colombia\/noticias\/centro-de-atencion-de-fiscalia-en-puerto-gaitan-beneficiara-a-mas-de-65-000-habitantes-del-nororiente-de-meta\/#breadcrumb","itemListElement":[{"@type":"ListItem","position":1,"name":"Home","item":"https:\/\/www.fiscalia.gov.co\/colombia\/"},{"@type":"ListItem","position":2,"name":"Centro de atenci\u00f3n de Fiscal\u00eda en puerto\u00a0Gait\u00e1n\u00a0beneficiar\u00e1 a m\u00e1s de 65.000 habitantes del nororiente de\u00a0Meta\u00a0"}]},{"@type":"WebSite","@id":"https:\/\/www.fiscalia.gov.co\/colombia\/#website","url":"https:\/\/www.fiscalia.gov.co\/colombia\/","name":"Fiscal\u00eda General de la Naci\u00f3n","description":"P\u00e1gina oficial de la Fiscal\u00eda General de la Naci\u00f3n \u2013 Colombia. Garantizamos el acceso efectivo a la justicia, la verdad y la reparaci\u00f3n de las v\u00edctimas de los delitos.","publisher":{"@id":"https:\/\/www.fiscalia.gov.co\/colombia\/#organization"},"potentialAction":[{"@type":"SearchAction","target":{"@type":"EntryPoint","urlTemplate":"https:\/\/www.fiscalia.gov.co\/colombia\/?s={search_term_string}"},"query-input":{"@type":"PropertyValueSpecification","valueRequired":true,"valueName":"search_term_string"}}],"inLanguage":"es-CO"},{"@type":"Organization","@id":"https:\/\/www.fiscalia.gov.co\/colombia\/#organization","name":"Fiscal\u00eda General de la Naci\u00f3n","url":"https:\/\/www.fiscalia.gov.co\/colombia\/","logo":{"@type":"ImageObject","inLanguage":"es-CO","@id":"https:\/\/www.fiscalia.gov.co\/colombia\/#\/schema\/logo\/image\/","url":"https:\/\/www.fiscalia.gov.co\/colombia\/wp-content\/uploads\/LogoHorizontal_1.jpg","contentUrl":"https:\/\/www.fiscalia.gov.co\/colombia\/wp-content\/uploads\/LogoHorizontal_1.jpg","width":300,"height":90,"caption":"Fiscal\u00eda General de la Naci\u00f3n"},"image":{"@id":"https:\/\/www.fiscalia.gov.co\/colombia\/#\/schema\/logo\/image\/"},"sameAs":["https:\/\/www.facebook.com\/FiscaliaCol","https:\/\/x.com\/FiscaliaCol","https:\/\/www.instagram.com\/fiscaliacol","https:\/\/www.linkedin.com\/company\/fiscalia-general-de-la-naci-n\/","https:\/\/youtube.com\/@fiscaliageneraldelanacion-4668?si=6nN79nyQICPU5iTh"]},{"@type":"Person","@id":"https:\/\/www.fiscalia.gov.co\/colombia\/#\/schema\/person\/ba9eca435947489fb25117a0cd75bf3e","name":"Johanna Islenny Prieto Pe\u00f1a","image":{"@type":"ImageObject","inLanguage":"es-CO","@id":"https:\/\/www.fiscalia.gov.co\/colombia\/#\/schema\/person\/image\/","url":"https:\/\/secure.gravatar.com\/avatar\/111433fc2acb037ffb768f6a3ca47864?s=96&d=mm&r=g","contentUrl":"https:\/\/secure.gravatar.com\/avatar\/111433fc2acb037ffb768f6a3ca47864?s=96&d=mm&r=g","caption":"Johanna Islenny Prieto Pe\u00f1a"},"url":"https:\/\/www.fiscalia.gov.co\/colombia\/author\/jprietop\/"}]}},"_links":{"self":[{"href":"https:\/\/www.fiscalia.gov.co\/colombia\/wp-json\/wp\/v2\/posts\/362693","targetHints":{"allow":["GET"]}}],"collection":[{"href":"https:\/\/www.fiscalia.gov.co\/colombia\/wp-json\/wp\/v2\/posts"}],"about":[{"href":"https:\/\/www.fiscalia.gov.co\/colombia\/wp-json\/wp\/v2\/types\/post"}],"author":[{"embeddable":true,"href":"https:\/\/www.fiscalia.gov.co\/colombia\/wp-json\/wp\/v2\/users\/181"}],"replies":[{"embeddable":true,"href":"https:\/\/www.fiscalia.gov.co\/colombia\/wp-json\/wp\/v2\/comments?post=362693"}],"version-history":[{"count":1,"href":"https:\/\/www.fiscalia.gov.co\/colombia\/wp-json\/wp\/v2\/posts\/362693\/revisions"}],"predecessor-version":[{"id":362694,"href":"https:\/\/www.fiscalia.gov.co\/colombia\/wp-json\/wp\/v2\/posts\/362693\/revisions\/362694"}],"wp:attachment":[{"href":"https:\/\/www.fiscalia.gov.co\/colombia\/wp-json\/wp\/v2\/media?parent=362693"}],"wp:term":[{"taxonomy":"category","embeddable":true,"href":"https:\/\/www.fiscalia.gov.co\/colombia\/wp-json\/wp\/v2\/categories?post=362693"},{"taxonomy":"post_tag","embeddable":true,"href":"https:\/\/www.fiscalia.gov.co\/colombia\/wp-json\/wp\/v2\/tags?post=362693"}],"curies":[{"name":"wp","href":"https:\/\/api.w.org\/{rel}","templated":true}]}}