{"id":362571,"date":"2026-04-27T10:25:26","date_gmt":"2026-04-27T15:25:26","guid":{"rendered":"https:\/\/www.fiscalia.gov.co\/colombia\/?p=362571"},"modified":"2026-04-27T10:25:26","modified_gmt":"2026-04-27T15:25:26","slug":"asegurados-en-centro-carcelario-presuntos-integrantes-de-los-los-mexicanos-que-estarian-implicados-en-89-hurtos-en-la-modalidad-de-fleteo","status":"publish","type":"post","link":"https:\/\/www.fiscalia.gov.co\/colombia\/noticias\/asegurados-en-centro-carcelario-presuntos-integrantes-de-los-los-mexicanos-que-estarian-implicados-en-89-hurtos-en-la-modalidad-de-fleteo\/","title":{"rendered":"Asegurados en centro carcelario presuntos integrantes de los\u00a0\u2018Los Mexicanos\u2019\u00a0que estar\u00edan implicados en 89 hurtos en la modalidad de fleteo\u00a0"},"content":{"rendered":"<blockquote>\n<h4><strong><i>Se les atribuyen diferentes roles delictivos como\u00a0asaltantes, marcadores\u00a0y\u00a0seguidores.\u00a0La cuant\u00eda de lo apropiado de manera ilegal supera los 7.800 millones de pesos.<\/i>\u00a0<\/strong><\/h4>\n<\/blockquote>\n<p><span data-contrast=\"auto\">La\u00a0Fiscal\u00eda General\u00a0de la Naci\u00f3n\u00a0logr\u00f3 la\u00a0judicializaci\u00f3n de cinco presuntos integrantes del grupo delincuencial\u00a0autodenominado\u00a0<strong>\u2018Los Mexicanos\u2019, que estar\u00edan\u00a0involucrados\u00a0en, al menos, 89 hurtos mediante la modalidad de fleteo\u00a0<\/strong>perpetrados en\u00a0Quibd\u00f3 y otros\u00a0municipios de Choc\u00f3,\u00a0entre 2023 y 2025.<\/span><span data-ccp-props=\"{&quot;201341983&quot;:0,&quot;335551550&quot;:6,&quot;335551620&quot;:6,&quot;335559739&quot;:240,&quot;335559740&quot;:240}\">\u00a0<\/span><\/p>\n<p><span data-contrast=\"auto\">Se trata de\u00a0Jhonathan\u00a0David Roma\u00f1a P\u00e9rez, Angie\u00a0Meliza\u00a0Maquil\u00f3n\u00a0Chaverra, alias La Sobrina; Luis Miguel Mosquera Quejada, alias Miguelito;\u00a0Jhon\u00a0Alexander Moreno C\u00f3rdoba, alias Santiago; y Jes\u00fas Arley\u00a0Pandales\u00a0Valencia, alias Sensey.<\/span><span data-ccp-props=\"{&quot;201341983&quot;:0,&quot;335551550&quot;:6,&quot;335551620&quot;:6,&quot;335559739&quot;:240,&quot;335559740&quot;:240}\">\u00a0<\/span><\/p>\n<figure id=\"attachment_362572\" aria-describedby=\"caption-attachment-362572\" style=\"width: 300px\" class=\"wp-caption alignnone\"><img loading=\"lazy\" decoding=\"async\" class=\"size-medium wp-image-362572\" src=\"https:\/\/www.fiscalia.gov.co\/colombia\/wp-content\/uploads\/Captura-de-pantalla-2026-04-27-102308-300x152.jpg\" alt=\"En la imagen aparecen tres hombres de tes oscura vestidos con camisetas blancas. De fondo se ve una ofician con computadores. \" width=\"300\" height=\"152\" srcset=\"https:\/\/www.fiscalia.gov.co\/colombia\/wp-content\/uploads\/Captura-de-pantalla-2026-04-27-102308-300x152.jpg 300w, https:\/\/www.fiscalia.gov.co\/colombia\/wp-content\/uploads\/Captura-de-pantalla-2026-04-27-102308-768x389.jpg 768w, https:\/\/www.fiscalia.gov.co\/colombia\/wp-content\/uploads\/Captura-de-pantalla-2026-04-27-102308-829x420.jpg 829w, https:\/\/www.fiscalia.gov.co\/colombia\/wp-content\/uploads\/Captura-de-pantalla-2026-04-27-102308-696x352.jpg 696w, https:\/\/www.fiscalia.gov.co\/colombia\/wp-content\/uploads\/Captura-de-pantalla-2026-04-27-102308.jpg 865w\" sizes=\"auto, (max-width: 300px) 100vw, 300px\" \/><figcaption id=\"caption-attachment-362572\" class=\"wp-caption-text\">Estas personas son se\u00f1aladas de coordinar los eventos delictivos a trav\u00e9s del sistema de mensajer\u00eda de una red social y de cumplir diferentes roles delictivos.<\/figcaption><\/figure>\n<p><span data-contrast=\"auto\">Estas personas son se\u00f1aladas de coordinar los eventos delictivos a trav\u00e9s del sistema de mensajer\u00eda de una red social y de cumplir diferentes roles delictivos. Algunos, como marcadores,<strong> ingresaban a entidades bancarias para identificar a personas que\u00a0retiraban\u00a0altas sumas de dinero;<\/strong> otros\u00a0segu\u00edan de cerca y vigilaban\u00a0a las v\u00edctimas; y, los denominados \u2018tomadores\u2019, que se movilizaban en motocicletas, las abordaban, intimidaban con armas de fuego y despojaban de\u00a0sus\u00a0pertenencias.\u00a0De esta manera se habr\u00edan apropiado de\u00a0m\u00e1s de 7.800 millones de pesos.<\/span><span data-ccp-props=\"{&quot;201341983&quot;:0,&quot;335551550&quot;:6,&quot;335551620&quot;:6,&quot;335559739&quot;:240,&quot;335559740&quot;:240}\">\u00a0<\/span><\/p>\n<p><span data-contrast=\"auto\">Por estos hechos fueron capturados en diligencias de registro y allanamiento realizadas de manera coordinada con la Polic\u00eda Nacional en Quibd\u00f3 y en Medell\u00edn (Antioquia).\u00a0Un fiscal especializado de la Seccional Choc\u00f3\u00a0les\u00a0imput\u00f3 los delitos de concierto para delinquir; hurto calificado y agravado; <strong>uso de menores para la comisi\u00f3n de delitos; receptaci\u00f3n; y fabricaci\u00f3n, tr\u00e1fico,<\/strong> porte o tenencia de armas de fuego, accesorios, partes o municiones.<\/span><span data-ccp-props=\"{&quot;201341983&quot;:0,&quot;335551550&quot;:6,&quot;335551620&quot;:6,&quot;335559739&quot;:240,&quot;335559740&quot;:240}\">\u00a0<\/span><\/p>\n<p><span data-contrast=\"auto\">Los procesados no aceptaron los cargos y, por disposici\u00f3n de un juez de control de garant\u00edas, deber\u00e1n cumplir medida de\u00a0aseguramiento en establecimiento carcelario.<strong>\u00a0Con este resultado son 31 los posibles integrantes de \u2018Los Mexicanos\u2019<\/strong> judicializados por la ejecuci\u00f3n de fleteos.<\/span><span data-ccp-props=\"{&quot;201341983&quot;:0,&quot;335551550&quot;:6,&quot;335551620&quot;:6,&quot;335559739&quot;:240,&quot;335559740&quot;:240}\">\u00a0<\/span><\/p>\n<p><span data-contrast=\"auto\">JLH\/DSCH\/AMCJ\/LCHG\/JARG\/MMO\/DSC\/<\/span><span data-ccp-props=\"{&quot;201341983&quot;:0,&quot;335551550&quot;:6,&quot;335551620&quot;:6,&quot;335559739&quot;:240,&quot;335559740&quot;:240}\">\u00a0<\/span><\/p>\n<p>&nbsp;<\/p>\n<p>&nbsp;<\/p>\n<p>&nbsp;<\/p>\n<p>&nbsp;<\/p>\n<p>&nbsp;<\/p>\n<p><em>La informaci\u00f3n contenida en este bolet\u00edn de prensa corresponde a la narraci\u00f3n de los hechos noticiosos objetivos, suministrados por los funcionarios encargados de adelantar las investigaciones penales al interior de la Fiscal\u00eda General de la Naci\u00f3n. Para el momento de la divulgaci\u00f3n de este comunicado, la situaci\u00f3n jur\u00eddica de la(s) persona(s) relacionada(s) se encuentra pendiente de resolver por la autoridad judicial competente, siempre bajo los preceptos de la presunci\u00f3n de inocencia, consagrados en el art\u00edculo 29 de la Constituci\u00f3n Pol\u00edtica y el art\u00edculo 7\u00ba de la Ley 906 de 2004.<\/em><\/p>\n<p>&nbsp;<\/p>\n<p>&nbsp;<\/p>\n<p>&nbsp;<\/p>\n<p>&nbsp;<\/p>\n<p>&nbsp;<\/p>\n\n<div class=\"twitter-share\"><a href=\"https:\/\/twitter.com\/intent\/tweet?via=fiscaliacol\" class=\"twitter-share-button\">Tweet<\/a><\/div>\n","protected":false},"excerpt":{"rendered":"<p>Se les atribuyen diferentes roles delictivos como\u00a0asaltantes, marcadores\u00a0y\u00a0seguidores.\u00a0La cuant\u00eda de lo apropiado de manera ilegal supera los 7.800 millones de pesos.\u00a0 La\u00a0Fiscal\u00eda General\u00a0de la Naci\u00f3n\u00a0logr\u00f3 la\u00a0judicializaci\u00f3n de cinco presuntos integrantes del grupo delincuencial\u00a0autodenominado\u00a0\u2018Los Mexicanos\u2019, que estar\u00edan\u00a0involucrados\u00a0en, al menos, 89 hurtos mediante la modalidad de fleteo\u00a0perpetrados en\u00a0Quibd\u00f3 y otros\u00a0municipios de Choc\u00f3,\u00a0entre 2023 y 2025.\u00a0 Se trata [&hellip;]<\/p>\n","protected":false},"author":181,"featured_media":0,"comment_status":"closed","ping_status":"open","sticky":false,"template":"","format":"standard","meta":{"tdm_status":"","tdm_grid_status":"","footnotes":""},"categories":[1,24099],"tags":[24187,24481,1047],"class_list":{"0":"post-362571","1":"post","2":"type-post","3":"status-publish","4":"format-standard","6":"category-noticias","7":"category-seguridad-territorial","8":"tag-fiscalia-colombia","9":"tag-fiscalia-de-colombia","10":"tag-fiscalia-general-de-la-nacion"},"yoast_head":"<!-- This site is optimized with the Yoast SEO plugin v24.3 - https:\/\/yoast.com\/wordpress\/plugins\/seo\/ -->\n<title>Fiscal\u00eda General de la Naci\u00f3n<\/title>\n<meta name=\"description\" content=\"P\u00e1gina oficial de la Fiscal\u00eda General de la Naci\u00f3n \u2013 Colombia. Garantizamos el acceso efectivo a la justicia, la verdad y la reparaci\u00f3n de las v\u00edctimas de los delitos.\" \/>\n<meta name=\"robots\" content=\"noindex, follow\" \/>\n<meta property=\"og:locale\" content=\"es_ES\" \/>\n<meta property=\"og:type\" content=\"article\" \/>\n<meta property=\"og:title\" content=\"Fiscal\u00eda General de la Naci\u00f3n\" \/>\n<meta property=\"og:description\" content=\"P\u00e1gina oficial de la Fiscal\u00eda General de la Naci\u00f3n \u2013 Colombia. Garantizamos el acceso efectivo a la justicia, la verdad y la reparaci\u00f3n de las v\u00edctimas de los delitos.\" \/>\n<meta property=\"og:url\" content=\"https:\/\/www.fiscalia.gov.co\/colombia\/noticias\/asegurados-en-centro-carcelario-presuntos-integrantes-de-los-los-mexicanos-que-estarian-implicados-en-89-hurtos-en-la-modalidad-de-fleteo\/\" \/>\n<meta property=\"og:site_name\" content=\"Fiscal\u00eda General de la Naci\u00f3n\" \/>\n<meta property=\"article:publisher\" content=\"https:\/\/www.facebook.com\/FiscaliaCol\" \/>\n<meta property=\"article:published_time\" content=\"2026-04-27T15:25:26+00:00\" \/>\n<meta property=\"og:image\" content=\"https:\/\/www.fiscalia.gov.co\/colombia\/wp-content\/uploads\/Captura-de-pantalla-2026-04-27-102308.jpg\" \/>\n\t<meta property=\"og:image:width\" content=\"865\" \/>\n\t<meta property=\"og:image:height\" content=\"438\" \/>\n\t<meta property=\"og:image:type\" content=\"image\/jpeg\" \/>\n<meta name=\"author\" content=\"Johanna Islenny Prieto Pe\u00f1a\" \/>\n<meta name=\"twitter:card\" content=\"summary_large_image\" \/>\n<meta name=\"twitter:creator\" content=\"@FiscaliaCol\" \/>\n<meta name=\"twitter:site\" content=\"@FiscaliaCol\" \/>\n<meta name=\"twitter:label1\" content=\"Escrito por\" \/>\n\t<meta name=\"twitter:data1\" content=\"Johanna Islenny Prieto Pe\u00f1a\" \/>\n\t<meta name=\"twitter:label2\" content=\"Tiempo de lectura\" \/>\n\t<meta name=\"twitter:data2\" content=\"2 minutos\" \/>\n<script type=\"application\/ld+json\" class=\"yoast-schema-graph\">{\"@context\":\"https:\/\/schema.org\",\"@graph\":[{\"@type\":\"Article\",\"@id\":\"https:\/\/www.fiscalia.gov.co\/colombia\/noticias\/asegurados-en-centro-carcelario-presuntos-integrantes-de-los-los-mexicanos-que-estarian-implicados-en-89-hurtos-en-la-modalidad-de-fleteo\/#article\",\"isPartOf\":{\"@id\":\"https:\/\/www.fiscalia.gov.co\/colombia\/noticias\/asegurados-en-centro-carcelario-presuntos-integrantes-de-los-los-mexicanos-que-estarian-implicados-en-89-hurtos-en-la-modalidad-de-fleteo\/\"},\"author\":{\"name\":\"Johanna Islenny Prieto Pe\u00f1a\",\"@id\":\"https:\/\/www.fiscalia.gov.co\/colombia\/#\/schema\/person\/ba9eca435947489fb25117a0cd75bf3e\"},\"headline\":\"Asegurados en centro carcelario presuntos integrantes de los\u00a0\u2018Los Mexicanos\u2019\u00a0que estar\u00edan implicados en 89 hurtos en la modalidad de fleteo\u00a0\",\"datePublished\":\"2026-04-27T15:25:26+00:00\",\"dateModified\":\"2026-04-27T15:25:26+00:00\",\"mainEntityOfPage\":{\"@id\":\"https:\/\/www.fiscalia.gov.co\/colombia\/noticias\/asegurados-en-centro-carcelario-presuntos-integrantes-de-los-los-mexicanos-que-estarian-implicados-en-89-hurtos-en-la-modalidad-de-fleteo\/\"},\"wordCount\":491,\"publisher\":{\"@id\":\"https:\/\/www.fiscalia.gov.co\/colombia\/#organization\"},\"image\":{\"@id\":\"https:\/\/www.fiscalia.gov.co\/colombia\/noticias\/asegurados-en-centro-carcelario-presuntos-integrantes-de-los-los-mexicanos-que-estarian-implicados-en-89-hurtos-en-la-modalidad-de-fleteo\/#primaryimage\"},\"thumbnailUrl\":\"https:\/\/www.fiscalia.gov.co\/colombia\/wp-content\/uploads\/Captura-de-pantalla-2026-04-27-102308-300x152.jpg\",\"keywords\":[\"Fiscal\u00eda Colombia\",\"Fiscal\u00eda de Colombia\",\"Fiscal\u00eda General de la Naci\u00f3n\"],\"articleSection\":[\"Noticias\",\"Seguridad territorial\"],\"inLanguage\":\"es-CO\"},{\"@type\":\"WebPage\",\"@id\":\"https:\/\/www.fiscalia.gov.co\/colombia\/noticias\/asegurados-en-centro-carcelario-presuntos-integrantes-de-los-los-mexicanos-que-estarian-implicados-en-89-hurtos-en-la-modalidad-de-fleteo\/\",\"url\":\"https:\/\/www.fiscalia.gov.co\/colombia\/noticias\/asegurados-en-centro-carcelario-presuntos-integrantes-de-los-los-mexicanos-que-estarian-implicados-en-89-hurtos-en-la-modalidad-de-fleteo\/\",\"name\":\"Fiscal\u00eda General de la Naci\u00f3n\",\"isPartOf\":{\"@id\":\"https:\/\/www.fiscalia.gov.co\/colombia\/#website\"},\"primaryImageOfPage\":{\"@id\":\"https:\/\/www.fiscalia.gov.co\/colombia\/noticias\/asegurados-en-centro-carcelario-presuntos-integrantes-de-los-los-mexicanos-que-estarian-implicados-en-89-hurtos-en-la-modalidad-de-fleteo\/#primaryimage\"},\"image\":{\"@id\":\"https:\/\/www.fiscalia.gov.co\/colombia\/noticias\/asegurados-en-centro-carcelario-presuntos-integrantes-de-los-los-mexicanos-que-estarian-implicados-en-89-hurtos-en-la-modalidad-de-fleteo\/#primaryimage\"},\"thumbnailUrl\":\"https:\/\/www.fiscalia.gov.co\/colombia\/wp-content\/uploads\/Captura-de-pantalla-2026-04-27-102308-300x152.jpg\",\"datePublished\":\"2026-04-27T15:25:26+00:00\",\"dateModified\":\"2026-04-27T15:25:26+00:00\",\"description\":\"P\u00e1gina oficial de la Fiscal\u00eda General de la Naci\u00f3n \u2013 Colombia. Garantizamos el acceso efectivo a la justicia, la verdad y la reparaci\u00f3n de las v\u00edctimas de los delitos.\",\"breadcrumb\":{\"@id\":\"https:\/\/www.fiscalia.gov.co\/colombia\/noticias\/asegurados-en-centro-carcelario-presuntos-integrantes-de-los-los-mexicanos-que-estarian-implicados-en-89-hurtos-en-la-modalidad-de-fleteo\/#breadcrumb\"},\"inLanguage\":\"es-CO\",\"potentialAction\":[{\"@type\":\"ReadAction\",\"target\":[\"https:\/\/www.fiscalia.gov.co\/colombia\/noticias\/asegurados-en-centro-carcelario-presuntos-integrantes-de-los-los-mexicanos-que-estarian-implicados-en-89-hurtos-en-la-modalidad-de-fleteo\/\"]}]},{\"@type\":\"ImageObject\",\"inLanguage\":\"es-CO\",\"@id\":\"https:\/\/www.fiscalia.gov.co\/colombia\/noticias\/asegurados-en-centro-carcelario-presuntos-integrantes-de-los-los-mexicanos-que-estarian-implicados-en-89-hurtos-en-la-modalidad-de-fleteo\/#primaryimage\",\"url\":\"https:\/\/www.fiscalia.gov.co\/colombia\/wp-content\/uploads\/Captura-de-pantalla-2026-04-27-102308.jpg\",\"contentUrl\":\"https:\/\/www.fiscalia.gov.co\/colombia\/wp-content\/uploads\/Captura-de-pantalla-2026-04-27-102308.jpg\",\"width\":865,\"height\":438,\"caption\":\"Estas personas son se\u00f1aladas de coordinar los eventos delictivos a trav\u00e9s del sistema de mensajer\u00eda de una red social y de cumplir diferentes roles delictivos.\"},{\"@type\":\"BreadcrumbList\",\"@id\":\"https:\/\/www.fiscalia.gov.co\/colombia\/noticias\/asegurados-en-centro-carcelario-presuntos-integrantes-de-los-los-mexicanos-que-estarian-implicados-en-89-hurtos-en-la-modalidad-de-fleteo\/#breadcrumb\",\"itemListElement\":[{\"@type\":\"ListItem\",\"position\":1,\"name\":\"Home\",\"item\":\"https:\/\/www.fiscalia.gov.co\/colombia\/\"},{\"@type\":\"ListItem\",\"position\":2,\"name\":\"Asegurados en centro carcelario presuntos integrantes de los\u00a0\u2018Los Mexicanos\u2019\u00a0que estar\u00edan implicados en 89 hurtos en la modalidad de fleteo\u00a0\"}]},{\"@type\":\"WebSite\",\"@id\":\"https:\/\/www.fiscalia.gov.co\/colombia\/#website\",\"url\":\"https:\/\/www.fiscalia.gov.co\/colombia\/\",\"name\":\"Fiscal\u00eda General de la Naci\u00f3n\",\"description\":\"P\u00e1gina oficial de la Fiscal\u00eda General de la Naci\u00f3n \u2013 Colombia. Garantizamos el acceso efectivo a la justicia, la verdad y la reparaci\u00f3n de las v\u00edctimas de los delitos.\",\"publisher\":{\"@id\":\"https:\/\/www.fiscalia.gov.co\/colombia\/#organization\"},\"potentialAction\":[{\"@type\":\"SearchAction\",\"target\":{\"@type\":\"EntryPoint\",\"urlTemplate\":\"https:\/\/www.fiscalia.gov.co\/colombia\/?s={search_term_string}\"},\"query-input\":{\"@type\":\"PropertyValueSpecification\",\"valueRequired\":true,\"valueName\":\"search_term_string\"}}],\"inLanguage\":\"es-CO\"},{\"@type\":\"Organization\",\"@id\":\"https:\/\/www.fiscalia.gov.co\/colombia\/#organization\",\"name\":\"Fiscal\u00eda General de la Naci\u00f3n\",\"url\":\"https:\/\/www.fiscalia.gov.co\/colombia\/\",\"logo\":{\"@type\":\"ImageObject\",\"inLanguage\":\"es-CO\",\"@id\":\"https:\/\/www.fiscalia.gov.co\/colombia\/#\/schema\/logo\/image\/\",\"url\":\"https:\/\/www.fiscalia.gov.co\/colombia\/wp-content\/uploads\/LogoHorizontal_1.jpg\",\"contentUrl\":\"https:\/\/www.fiscalia.gov.co\/colombia\/wp-content\/uploads\/LogoHorizontal_1.jpg\",\"width\":300,\"height\":90,\"caption\":\"Fiscal\u00eda General de la Naci\u00f3n\"},\"image\":{\"@id\":\"https:\/\/www.fiscalia.gov.co\/colombia\/#\/schema\/logo\/image\/\"},\"sameAs\":[\"https:\/\/www.facebook.com\/FiscaliaCol\",\"https:\/\/x.com\/FiscaliaCol\",\"https:\/\/www.instagram.com\/fiscaliacol\",\"https:\/\/www.linkedin.com\/company\/fiscalia-general-de-la-naci-n\/\",\"https:\/\/youtube.com\/@fiscaliageneraldelanacion-4668?si=6nN79nyQICPU5iTh\"]},{\"@type\":\"Person\",\"@id\":\"https:\/\/www.fiscalia.gov.co\/colombia\/#\/schema\/person\/ba9eca435947489fb25117a0cd75bf3e\",\"name\":\"Johanna Islenny Prieto Pe\u00f1a\",\"image\":{\"@type\":\"ImageObject\",\"inLanguage\":\"es-CO\",\"@id\":\"https:\/\/www.fiscalia.gov.co\/colombia\/#\/schema\/person\/image\/\",\"url\":\"https:\/\/secure.gravatar.com\/avatar\/111433fc2acb037ffb768f6a3ca47864?s=96&d=mm&r=g\",\"contentUrl\":\"https:\/\/secure.gravatar.com\/avatar\/111433fc2acb037ffb768f6a3ca47864?s=96&d=mm&r=g\",\"caption\":\"Johanna Islenny Prieto Pe\u00f1a\"},\"url\":\"https:\/\/www.fiscalia.gov.co\/colombia\/author\/jprietop\/\"}]}<\/script>\n<!-- \/ Yoast SEO plugin. -->","yoast_head_json":{"title":"Fiscal\u00eda General de la Naci\u00f3n","description":"P\u00e1gina oficial de la Fiscal\u00eda General de la Naci\u00f3n \u2013 Colombia. Garantizamos el acceso efectivo a la justicia, la verdad y la reparaci\u00f3n de las v\u00edctimas de los delitos.","robots":{"index":"noindex","follow":"follow"},"og_locale":"es_ES","og_type":"article","og_title":"Fiscal\u00eda General de la Naci\u00f3n","og_description":"P\u00e1gina oficial de la Fiscal\u00eda General de la Naci\u00f3n \u2013 Colombia. Garantizamos el acceso efectivo a la justicia, la verdad y la reparaci\u00f3n de las v\u00edctimas de los delitos.","og_url":"https:\/\/www.fiscalia.gov.co\/colombia\/noticias\/asegurados-en-centro-carcelario-presuntos-integrantes-de-los-los-mexicanos-que-estarian-implicados-en-89-hurtos-en-la-modalidad-de-fleteo\/","og_site_name":"Fiscal\u00eda General de la Naci\u00f3n","article_publisher":"https:\/\/www.facebook.com\/FiscaliaCol","article_published_time":"2026-04-27T15:25:26+00:00","og_image":[{"width":865,"height":438,"url":"https:\/\/www.fiscalia.gov.co\/colombia\/wp-content\/uploads\/Captura-de-pantalla-2026-04-27-102308.jpg","type":"image\/jpeg"}],"author":"Johanna Islenny Prieto Pe\u00f1a","twitter_card":"summary_large_image","twitter_creator":"@FiscaliaCol","twitter_site":"@FiscaliaCol","twitter_misc":{"Escrito por":"Johanna Islenny Prieto Pe\u00f1a","Tiempo de lectura":"2 minutos"},"schema":{"@context":"https:\/\/schema.org","@graph":[{"@type":"Article","@id":"https:\/\/www.fiscalia.gov.co\/colombia\/noticias\/asegurados-en-centro-carcelario-presuntos-integrantes-de-los-los-mexicanos-que-estarian-implicados-en-89-hurtos-en-la-modalidad-de-fleteo\/#article","isPartOf":{"@id":"https:\/\/www.fiscalia.gov.co\/colombia\/noticias\/asegurados-en-centro-carcelario-presuntos-integrantes-de-los-los-mexicanos-que-estarian-implicados-en-89-hurtos-en-la-modalidad-de-fleteo\/"},"author":{"name":"Johanna Islenny Prieto Pe\u00f1a","@id":"https:\/\/www.fiscalia.gov.co\/colombia\/#\/schema\/person\/ba9eca435947489fb25117a0cd75bf3e"},"headline":"Asegurados en centro carcelario presuntos integrantes de los\u00a0\u2018Los Mexicanos\u2019\u00a0que estar\u00edan implicados en 89 hurtos en la modalidad de fleteo\u00a0","datePublished":"2026-04-27T15:25:26+00:00","dateModified":"2026-04-27T15:25:26+00:00","mainEntityOfPage":{"@id":"https:\/\/www.fiscalia.gov.co\/colombia\/noticias\/asegurados-en-centro-carcelario-presuntos-integrantes-de-los-los-mexicanos-que-estarian-implicados-en-89-hurtos-en-la-modalidad-de-fleteo\/"},"wordCount":491,"publisher":{"@id":"https:\/\/www.fiscalia.gov.co\/colombia\/#organization"},"image":{"@id":"https:\/\/www.fiscalia.gov.co\/colombia\/noticias\/asegurados-en-centro-carcelario-presuntos-integrantes-de-los-los-mexicanos-que-estarian-implicados-en-89-hurtos-en-la-modalidad-de-fleteo\/#primaryimage"},"thumbnailUrl":"https:\/\/www.fiscalia.gov.co\/colombia\/wp-content\/uploads\/Captura-de-pantalla-2026-04-27-102308-300x152.jpg","keywords":["Fiscal\u00eda Colombia","Fiscal\u00eda de Colombia","Fiscal\u00eda General de la Naci\u00f3n"],"articleSection":["Noticias","Seguridad territorial"],"inLanguage":"es-CO"},{"@type":"WebPage","@id":"https:\/\/www.fiscalia.gov.co\/colombia\/noticias\/asegurados-en-centro-carcelario-presuntos-integrantes-de-los-los-mexicanos-que-estarian-implicados-en-89-hurtos-en-la-modalidad-de-fleteo\/","url":"https:\/\/www.fiscalia.gov.co\/colombia\/noticias\/asegurados-en-centro-carcelario-presuntos-integrantes-de-los-los-mexicanos-que-estarian-implicados-en-89-hurtos-en-la-modalidad-de-fleteo\/","name":"Fiscal\u00eda General de la Naci\u00f3n","isPartOf":{"@id":"https:\/\/www.fiscalia.gov.co\/colombia\/#website"},"primaryImageOfPage":{"@id":"https:\/\/www.fiscalia.gov.co\/colombia\/noticias\/asegurados-en-centro-carcelario-presuntos-integrantes-de-los-los-mexicanos-que-estarian-implicados-en-89-hurtos-en-la-modalidad-de-fleteo\/#primaryimage"},"image":{"@id":"https:\/\/www.fiscalia.gov.co\/colombia\/noticias\/asegurados-en-centro-carcelario-presuntos-integrantes-de-los-los-mexicanos-que-estarian-implicados-en-89-hurtos-en-la-modalidad-de-fleteo\/#primaryimage"},"thumbnailUrl":"https:\/\/www.fiscalia.gov.co\/colombia\/wp-content\/uploads\/Captura-de-pantalla-2026-04-27-102308-300x152.jpg","datePublished":"2026-04-27T15:25:26+00:00","dateModified":"2026-04-27T15:25:26+00:00","description":"P\u00e1gina oficial de la Fiscal\u00eda General de la Naci\u00f3n \u2013 Colombia. Garantizamos el acceso efectivo a la justicia, la verdad y la reparaci\u00f3n de las v\u00edctimas de los delitos.","breadcrumb":{"@id":"https:\/\/www.fiscalia.gov.co\/colombia\/noticias\/asegurados-en-centro-carcelario-presuntos-integrantes-de-los-los-mexicanos-que-estarian-implicados-en-89-hurtos-en-la-modalidad-de-fleteo\/#breadcrumb"},"inLanguage":"es-CO","potentialAction":[{"@type":"ReadAction","target":["https:\/\/www.fiscalia.gov.co\/colombia\/noticias\/asegurados-en-centro-carcelario-presuntos-integrantes-de-los-los-mexicanos-que-estarian-implicados-en-89-hurtos-en-la-modalidad-de-fleteo\/"]}]},{"@type":"ImageObject","inLanguage":"es-CO","@id":"https:\/\/www.fiscalia.gov.co\/colombia\/noticias\/asegurados-en-centro-carcelario-presuntos-integrantes-de-los-los-mexicanos-que-estarian-implicados-en-89-hurtos-en-la-modalidad-de-fleteo\/#primaryimage","url":"https:\/\/www.fiscalia.gov.co\/colombia\/wp-content\/uploads\/Captura-de-pantalla-2026-04-27-102308.jpg","contentUrl":"https:\/\/www.fiscalia.gov.co\/colombia\/wp-content\/uploads\/Captura-de-pantalla-2026-04-27-102308.jpg","width":865,"height":438,"caption":"Estas personas son se\u00f1aladas de coordinar los eventos delictivos a trav\u00e9s del sistema de mensajer\u00eda de una red social y de cumplir diferentes roles delictivos."},{"@type":"BreadcrumbList","@id":"https:\/\/www.fiscalia.gov.co\/colombia\/noticias\/asegurados-en-centro-carcelario-presuntos-integrantes-de-los-los-mexicanos-que-estarian-implicados-en-89-hurtos-en-la-modalidad-de-fleteo\/#breadcrumb","itemListElement":[{"@type":"ListItem","position":1,"name":"Home","item":"https:\/\/www.fiscalia.gov.co\/colombia\/"},{"@type":"ListItem","position":2,"name":"Asegurados en centro carcelario presuntos integrantes de los\u00a0\u2018Los Mexicanos\u2019\u00a0que estar\u00edan implicados en 89 hurtos en la modalidad de fleteo\u00a0"}]},{"@type":"WebSite","@id":"https:\/\/www.fiscalia.gov.co\/colombia\/#website","url":"https:\/\/www.fiscalia.gov.co\/colombia\/","name":"Fiscal\u00eda General de la Naci\u00f3n","description":"P\u00e1gina oficial de la Fiscal\u00eda General de la Naci\u00f3n \u2013 Colombia. Garantizamos el acceso efectivo a la justicia, la verdad y la reparaci\u00f3n de las v\u00edctimas de los delitos.","publisher":{"@id":"https:\/\/www.fiscalia.gov.co\/colombia\/#organization"},"potentialAction":[{"@type":"SearchAction","target":{"@type":"EntryPoint","urlTemplate":"https:\/\/www.fiscalia.gov.co\/colombia\/?s={search_term_string}"},"query-input":{"@type":"PropertyValueSpecification","valueRequired":true,"valueName":"search_term_string"}}],"inLanguage":"es-CO"},{"@type":"Organization","@id":"https:\/\/www.fiscalia.gov.co\/colombia\/#organization","name":"Fiscal\u00eda General de la Naci\u00f3n","url":"https:\/\/www.fiscalia.gov.co\/colombia\/","logo":{"@type":"ImageObject","inLanguage":"es-CO","@id":"https:\/\/www.fiscalia.gov.co\/colombia\/#\/schema\/logo\/image\/","url":"https:\/\/www.fiscalia.gov.co\/colombia\/wp-content\/uploads\/LogoHorizontal_1.jpg","contentUrl":"https:\/\/www.fiscalia.gov.co\/colombia\/wp-content\/uploads\/LogoHorizontal_1.jpg","width":300,"height":90,"caption":"Fiscal\u00eda General de la Naci\u00f3n"},"image":{"@id":"https:\/\/www.fiscalia.gov.co\/colombia\/#\/schema\/logo\/image\/"},"sameAs":["https:\/\/www.facebook.com\/FiscaliaCol","https:\/\/x.com\/FiscaliaCol","https:\/\/www.instagram.com\/fiscaliacol","https:\/\/www.linkedin.com\/company\/fiscalia-general-de-la-naci-n\/","https:\/\/youtube.com\/@fiscaliageneraldelanacion-4668?si=6nN79nyQICPU5iTh"]},{"@type":"Person","@id":"https:\/\/www.fiscalia.gov.co\/colombia\/#\/schema\/person\/ba9eca435947489fb25117a0cd75bf3e","name":"Johanna Islenny Prieto Pe\u00f1a","image":{"@type":"ImageObject","inLanguage":"es-CO","@id":"https:\/\/www.fiscalia.gov.co\/colombia\/#\/schema\/person\/image\/","url":"https:\/\/secure.gravatar.com\/avatar\/111433fc2acb037ffb768f6a3ca47864?s=96&d=mm&r=g","contentUrl":"https:\/\/secure.gravatar.com\/avatar\/111433fc2acb037ffb768f6a3ca47864?s=96&d=mm&r=g","caption":"Johanna Islenny Prieto Pe\u00f1a"},"url":"https:\/\/www.fiscalia.gov.co\/colombia\/author\/jprietop\/"}]}},"_links":{"self":[{"href":"https:\/\/www.fiscalia.gov.co\/colombia\/wp-json\/wp\/v2\/posts\/362571","targetHints":{"allow":["GET"]}}],"collection":[{"href":"https:\/\/www.fiscalia.gov.co\/colombia\/wp-json\/wp\/v2\/posts"}],"about":[{"href":"https:\/\/www.fiscalia.gov.co\/colombia\/wp-json\/wp\/v2\/types\/post"}],"author":[{"embeddable":true,"href":"https:\/\/www.fiscalia.gov.co\/colombia\/wp-json\/wp\/v2\/users\/181"}],"replies":[{"embeddable":true,"href":"https:\/\/www.fiscalia.gov.co\/colombia\/wp-json\/wp\/v2\/comments?post=362571"}],"version-history":[{"count":1,"href":"https:\/\/www.fiscalia.gov.co\/colombia\/wp-json\/wp\/v2\/posts\/362571\/revisions"}],"predecessor-version":[{"id":362574,"href":"https:\/\/www.fiscalia.gov.co\/colombia\/wp-json\/wp\/v2\/posts\/362571\/revisions\/362574"}],"wp:attachment":[{"href":"https:\/\/www.fiscalia.gov.co\/colombia\/wp-json\/wp\/v2\/media?parent=362571"}],"wp:term":[{"taxonomy":"category","embeddable":true,"href":"https:\/\/www.fiscalia.gov.co\/colombia\/wp-json\/wp\/v2\/categories?post=362571"},{"taxonomy":"post_tag","embeddable":true,"href":"https:\/\/www.fiscalia.gov.co\/colombia\/wp-json\/wp\/v2\/tags?post=362571"}],"curies":[{"name":"wp","href":"https:\/\/api.w.org\/{rel}","templated":true}]}}