{"id":362547,"date":"2026-04-27T08:30:01","date_gmt":"2026-04-27T13:30:01","guid":{"rendered":"https:\/\/www.fiscalia.gov.co\/colombia\/?p=362547"},"modified":"2026-04-27T08:39:55","modified_gmt":"2026-04-27T13:39:55","slug":"afectados-con-fines-de-extincion-de-dominio-bienes-avaluados-en-mas-de-65-000-millones-de-pesos-que-harian-parte-del-patrimonio-ilicito-del-bloque-bananero-de-las-auc","status":"publish","type":"post","link":"https:\/\/www.fiscalia.gov.co\/colombia\/finanzas-criminales\/afectados-con-fines-de-extincion-de-dominio-bienes-avaluados-en-mas-de-65-000-millones-de-pesos-que-harian-parte-del-patrimonio-ilicito-del-bloque-bananero-de-las-auc\/","title":{"rendered":"Afectados con fines de extinci\u00f3n de dominio bienes\u00a0avaluados en m\u00e1s de 65.000 millones de pesos\u00a0que har\u00edan parte del patrimonio\u00a0il\u00edcito\u00a0del Bloque Bananero de las\u00a0AUC"},"content":{"rendered":"<blockquote>\n<h4><strong><i>Se trata de\u00a019 propiedades ubicadas en Antioquia, Meta y Casanare.<\/i>\u00a0<\/strong><\/h4>\n<\/blockquote>\n<p><span data-contrast=\"auto\">La\u00a0Fiscal\u00eda General\u00a0de la Naci\u00f3n, a trav\u00e9s de la Direcci\u00f3n de Extinci\u00f3n del Derecho de Dominio\u00a0y\u00a0el Cuerpo T\u00e9cnico de Investigaci\u00f3n (CTI),\u00a0con el apoyo del Ej\u00e9rcito Nacional,\u00a0materializ\u00f3 las medidas cautelares de\u00a0embargo, secuestro y suspensi\u00f3n del poder dispositivo\u00a0impuestas por un magistrado de\u00a0la<strong> Sala de Justicia y Paz del Tribunal Superior<\/strong> de Medell\u00edn\u00a0sobre 19 bienes <strong>vinculados a extinto Bloque Bananero de las Autodefensas Unidas de Colombia (AUC).<\/strong><\/span><strong>\u00a0<\/strong><\/p>\n<p><span data-contrast=\"auto\">Los predios, avaluados en m\u00e1s de 65.000 millones de pesos, ser\u00e1n destinados a la reparaci\u00f3n de las v\u00edctimas del conflicto armado.<\/span><span data-ccp-props=\"{&quot;335551550&quot;:6,&quot;335551620&quot;:6,&quot;335559737&quot;:-1,&quot;335559739&quot;:240}\">\u00a0<\/span><\/p>\n<figure id=\"attachment_362550\" aria-describedby=\"caption-attachment-362550\" style=\"width: 300px\" class=\"wp-caption alignnone\"><img loading=\"lazy\" decoding=\"async\" class=\"size-medium wp-image-362550\" src=\"https:\/\/www.fiscalia.gov.co\/colombia\/wp-content\/uploads\/WhatsApp-Image-2026-04-27-at-1.01.42-PM-300x215.jpeg\" alt=\" Vista general de un predio rural con estructuras de tipo pecuario y corrales en madera, rodeado de vegetaci\u00f3n y \u00e1rboles de gran tama\u00f1o. El lugar corresponde a una zona abierta utilizada para actividades agropecuarias, fotografiada bajo condiciones clim\u00e1ticas nubladas. La imagen se emplea como recurso gr\u00e1fico con fines informativos.\" width=\"300\" height=\"215\" srcset=\"https:\/\/www.fiscalia.gov.co\/colombia\/wp-content\/uploads\/WhatsApp-Image-2026-04-27-at-1.01.42-PM-300x215.jpeg 300w, https:\/\/www.fiscalia.gov.co\/colombia\/wp-content\/uploads\/WhatsApp-Image-2026-04-27-at-1.01.42-PM-1024x734.jpeg 1024w, https:\/\/www.fiscalia.gov.co\/colombia\/wp-content\/uploads\/WhatsApp-Image-2026-04-27-at-1.01.42-PM-768x550.jpeg 768w, https:\/\/www.fiscalia.gov.co\/colombia\/wp-content\/uploads\/WhatsApp-Image-2026-04-27-at-1.01.42-PM-586x420.jpeg 586w, https:\/\/www.fiscalia.gov.co\/colombia\/wp-content\/uploads\/WhatsApp-Image-2026-04-27-at-1.01.42-PM-696x499.jpeg 696w, https:\/\/www.fiscalia.gov.co\/colombia\/wp-content\/uploads\/WhatsApp-Image-2026-04-27-at-1.01.42-PM-1068x765.jpeg 1068w, https:\/\/www.fiscalia.gov.co\/colombia\/wp-content\/uploads\/WhatsApp-Image-2026-04-27-at-1.01.42-PM.jpeg 1256w\" sizes=\"auto, (max-width: 300px) 100vw, 300px\" \/><figcaption id=\"caption-attachment-362550\" class=\"wp-caption-text\">Los predios, avaluados en m\u00e1s de 65.000 millones de pesos, ser\u00e1n destinados a la reparaci\u00f3n de las v\u00edctimas del conflicto armado.<\/figcaption><\/figure>\n<p><span data-contrast=\"auto\">Entre las propiedades afectadas sobresale\u00a0la\u00a0hacienda\u00a0El\u00a0Cocuelo,\u00a0ubicada en\u00a0Turbo (Antioquia). <strong>Un amplio corredor rural que durante varios a\u00f1os funcion\u00f3 como centro log\u00edstico, financiero y de control territorial del grupo armado ilegal<\/strong> en la regi\u00f3n\u00a0del Urab\u00e1.\u00a0Este terreno\u00a0fue fragmentado en\u00a015\u00a0predios con matr\u00edculas independientes,\u00a0los cuales fueron\u00a0registrados a nombre de distintos propietarios y objeto de sucesivas transacciones con el prop\u00f3sito de encubrir su origen il\u00edcito y evadir la acci\u00f3n de las autoridades.<\/span><span data-ccp-props=\"{&quot;335551550&quot;:6,&quot;335551620&quot;:6,&quot;335559737&quot;:-1,&quot;335559739&quot;:240}\">\u00a0<\/span><\/p>\n<p><span data-contrast=\"auto\">Los cuatro activos restantes, uno urbano y tres rurales, se encuentran\u00a0localizados\u00a0en Meta y Casanare.\u00a0<\/span><span data-ccp-props=\"{&quot;335551550&quot;:6,&quot;335551620&quot;:6,&quot;335559737&quot;:-1,&quot;335559739&quot;:240}\">\u00a0<\/span><\/p>\n<p><span data-contrast=\"auto\">Las labores de polic\u00eda judicial, que\u00a0incluyeron an\u00e1lisis predial, reconstrucci\u00f3n hist\u00f3rica, verificaci\u00f3n documental y trabajo de campo,\u00a0<strong>permitieron\u00a0conocer que los bienes, adem\u00e1s de servir\u00a0como refugio de estructuras armadas, tambi\u00e9n\u00a0se convirtieron en\u00a0soporte econ\u00f3mico de la organizaci\u00f3n.<\/strong><\/span><strong>\u00a0<\/strong><\/p>\n<p><span data-contrast=\"auto\">Esta\u00a0informaci\u00f3n se publica por razones de inter\u00e9s general.\u00a0<\/span><span data-contrast=\"auto\">\u00a0<\/span><span data-ccp-props=\"{&quot;335551550&quot;:6,&quot;335551620&quot;:6,&quot;335559737&quot;:-1,&quot;335559739&quot;:240}\">\u00a0<\/span><\/p>\n<p><span data-contrast=\"auto\">FAGH\/LCHG\/JARG\/JFC\/ALTR\/DEED<\/span><span data-ccp-props=\"{&quot;335551550&quot;:6,&quot;335551620&quot;:6,&quot;335559737&quot;:-1,&quot;335559739&quot;:240}\">\u00a0<\/span><\/p>\n<p>&nbsp;<\/p>\n<p>&nbsp;<\/p>\n<p>&nbsp;<\/p>\n<p>&nbsp;<\/p>\n<p><em>La informaci\u00f3n contenida en este bolet\u00edn de prensa corresponde a la narraci\u00f3n de los hechos noticiosos objetivos, suministrados por los funcionarios encargados de adelantar las investigaciones penales al interior de la Fiscal\u00eda General de la Naci\u00f3n. Para el momento de la divulgaci\u00f3n de este comunicado, la situaci\u00f3n jur\u00eddica de la(s) persona(s) relacionada(s) se encuentra pendiente de resolver por la autoridad judicial competente, siempre bajo los preceptos de la presunci\u00f3n de inocencia, consagrados en el art\u00edculo 29 de la Constituci\u00f3n Pol\u00edtica y el art\u00edculo 7\u00ba de la Ley 906 de 2004.<\/em><\/p>\n<p>&nbsp;<\/p>\n\n<div class=\"twitter-share\"><a href=\"https:\/\/twitter.com\/intent\/tweet?via=fiscaliacol\" class=\"twitter-share-button\">Tweet<\/a><\/div>\n","protected":false},"excerpt":{"rendered":"<p>Se trata de\u00a019 propiedades ubicadas en Antioquia, Meta y Casanare.\u00a0 La\u00a0Fiscal\u00eda General\u00a0de la Naci\u00f3n, a trav\u00e9s de la Direcci\u00f3n de Extinci\u00f3n del Derecho de Dominio\u00a0y\u00a0el Cuerpo T\u00e9cnico de Investigaci\u00f3n (CTI),\u00a0con el apoyo del Ej\u00e9rcito Nacional,\u00a0materializ\u00f3 las medidas cautelares de\u00a0embargo, secuestro y suspensi\u00f3n del poder dispositivo\u00a0impuestas por un magistrado de\u00a0la Sala de Justicia y Paz del [&hellip;]<\/p>\n","protected":false},"author":181,"featured_media":0,"comment_status":"closed","ping_status":"open","sticky":false,"template":"","format":"standard","meta":{"tdm_status":"","tdm_grid_status":"","footnotes":""},"categories":[24116,24157],"tags":[37492,4614,24187,24481,1047],"class_list":{"0":"post-362547","1":"post","2":"type-post","3":"status-publish","4":"format-standard","6":"category-extincion-de-dominio","7":"category-finanzas-criminales","8":"tag-fiscal-luz-adriana-camargo","9":"tag-fiscalia-2","10":"tag-fiscalia-colombia","11":"tag-fiscalia-de-colombia","12":"tag-fiscalia-general-de-la-nacion"},"yoast_head":"<!-- This site is optimized with the Yoast SEO plugin v24.3 - https:\/\/yoast.com\/wordpress\/plugins\/seo\/ -->\n<title>Fiscal\u00eda General de la Naci\u00f3n<\/title>\n<meta name=\"description\" content=\"P\u00e1gina oficial de la Fiscal\u00eda General de la Naci\u00f3n \u2013 Colombia. Garantizamos el acceso efectivo a la justicia, la verdad y la reparaci\u00f3n de las v\u00edctimas de los delitos.\" \/>\n<meta name=\"robots\" content=\"noindex, follow\" \/>\n<meta property=\"og:locale\" content=\"es_ES\" \/>\n<meta property=\"og:type\" content=\"article\" \/>\n<meta property=\"og:title\" content=\"Fiscal\u00eda General de la Naci\u00f3n\" \/>\n<meta property=\"og:description\" content=\"P\u00e1gina oficial de la Fiscal\u00eda General de la Naci\u00f3n \u2013 Colombia. Garantizamos el acceso efectivo a la justicia, la verdad y la reparaci\u00f3n de las v\u00edctimas de los delitos.\" \/>\n<meta property=\"og:url\" content=\"https:\/\/www.fiscalia.gov.co\/colombia\/finanzas-criminales\/afectados-con-fines-de-extincion-de-dominio-bienes-avaluados-en-mas-de-65-000-millones-de-pesos-que-harian-parte-del-patrimonio-ilicito-del-bloque-bananero-de-las-auc\/\" \/>\n<meta property=\"og:site_name\" content=\"Fiscal\u00eda General de la Naci\u00f3n\" \/>\n<meta property=\"article:publisher\" content=\"https:\/\/www.facebook.com\/FiscaliaCol\" \/>\n<meta property=\"article:published_time\" content=\"2026-04-27T13:30:01+00:00\" \/>\n<meta property=\"article:modified_time\" content=\"2026-04-27T13:39:55+00:00\" \/>\n<meta property=\"og:image\" content=\"https:\/\/www.fiscalia.gov.co\/colombia\/wp-content\/uploads\/WhatsApp-Image-2026-04-27-at-1.01.42-PM.jpeg\" \/>\n\t<meta property=\"og:image:width\" content=\"1256\" \/>\n\t<meta property=\"og:image:height\" content=\"900\" \/>\n\t<meta property=\"og:image:type\" content=\"image\/jpeg\" \/>\n<meta name=\"author\" content=\"Johanna Islenny Prieto Pe\u00f1a\" \/>\n<meta name=\"twitter:card\" content=\"summary_large_image\" \/>\n<meta name=\"twitter:creator\" content=\"@FiscaliaCol\" \/>\n<meta name=\"twitter:site\" content=\"@FiscaliaCol\" \/>\n<meta name=\"twitter:label1\" content=\"Escrito por\" \/>\n\t<meta name=\"twitter:data1\" content=\"Johanna Islenny Prieto Pe\u00f1a\" \/>\n\t<meta name=\"twitter:label2\" content=\"Tiempo de lectura\" \/>\n\t<meta name=\"twitter:data2\" content=\"2 minutos\" \/>\n<script type=\"application\/ld+json\" class=\"yoast-schema-graph\">{\"@context\":\"https:\/\/schema.org\",\"@graph\":[{\"@type\":\"Article\",\"@id\":\"https:\/\/www.fiscalia.gov.co\/colombia\/finanzas-criminales\/afectados-con-fines-de-extincion-de-dominio-bienes-avaluados-en-mas-de-65-000-millones-de-pesos-que-harian-parte-del-patrimonio-ilicito-del-bloque-bananero-de-las-auc\/#article\",\"isPartOf\":{\"@id\":\"https:\/\/www.fiscalia.gov.co\/colombia\/finanzas-criminales\/afectados-con-fines-de-extincion-de-dominio-bienes-avaluados-en-mas-de-65-000-millones-de-pesos-que-harian-parte-del-patrimonio-ilicito-del-bloque-bananero-de-las-auc\/\"},\"author\":{\"name\":\"Johanna Islenny Prieto Pe\u00f1a\",\"@id\":\"https:\/\/www.fiscalia.gov.co\/colombia\/#\/schema\/person\/ba9eca435947489fb25117a0cd75bf3e\"},\"headline\":\"Afectados con fines de extinci\u00f3n de dominio bienes\u00a0avaluados en m\u00e1s de 65.000 millones de pesos\u00a0que har\u00edan parte del patrimonio\u00a0il\u00edcito\u00a0del Bloque Bananero de las\u00a0AUC\",\"datePublished\":\"2026-04-27T13:30:01+00:00\",\"dateModified\":\"2026-04-27T13:39:55+00:00\",\"mainEntityOfPage\":{\"@id\":\"https:\/\/www.fiscalia.gov.co\/colombia\/finanzas-criminales\/afectados-con-fines-de-extincion-de-dominio-bienes-avaluados-en-mas-de-65-000-millones-de-pesos-que-harian-parte-del-patrimonio-ilicito-del-bloque-bananero-de-las-auc\/\"},\"wordCount\":450,\"publisher\":{\"@id\":\"https:\/\/www.fiscalia.gov.co\/colombia\/#organization\"},\"image\":{\"@id\":\"https:\/\/www.fiscalia.gov.co\/colombia\/finanzas-criminales\/afectados-con-fines-de-extincion-de-dominio-bienes-avaluados-en-mas-de-65-000-millones-de-pesos-que-harian-parte-del-patrimonio-ilicito-del-bloque-bananero-de-las-auc\/#primaryimage\"},\"thumbnailUrl\":\"https:\/\/www.fiscalia.gov.co\/colombia\/wp-content\/uploads\/WhatsApp-Image-2026-04-27-at-1.01.42-PM-300x215.jpeg\",\"keywords\":[\"Fiscal Luz Adriana Camargo\",\"Fiscal\u00eda\",\"Fiscal\u00eda Colombia\",\"Fiscal\u00eda de Colombia\",\"Fiscal\u00eda General de la Naci\u00f3n\"],\"articleSection\":[\"Extinci\u00f3n de dominio\",\"Finanzas criminales\"],\"inLanguage\":\"es-CO\"},{\"@type\":\"WebPage\",\"@id\":\"https:\/\/www.fiscalia.gov.co\/colombia\/finanzas-criminales\/afectados-con-fines-de-extincion-de-dominio-bienes-avaluados-en-mas-de-65-000-millones-de-pesos-que-harian-parte-del-patrimonio-ilicito-del-bloque-bananero-de-las-auc\/\",\"url\":\"https:\/\/www.fiscalia.gov.co\/colombia\/finanzas-criminales\/afectados-con-fines-de-extincion-de-dominio-bienes-avaluados-en-mas-de-65-000-millones-de-pesos-que-harian-parte-del-patrimonio-ilicito-del-bloque-bananero-de-las-auc\/\",\"name\":\"Fiscal\u00eda General de la Naci\u00f3n\",\"isPartOf\":{\"@id\":\"https:\/\/www.fiscalia.gov.co\/colombia\/#website\"},\"primaryImageOfPage\":{\"@id\":\"https:\/\/www.fiscalia.gov.co\/colombia\/finanzas-criminales\/afectados-con-fines-de-extincion-de-dominio-bienes-avaluados-en-mas-de-65-000-millones-de-pesos-que-harian-parte-del-patrimonio-ilicito-del-bloque-bananero-de-las-auc\/#primaryimage\"},\"image\":{\"@id\":\"https:\/\/www.fiscalia.gov.co\/colombia\/finanzas-criminales\/afectados-con-fines-de-extincion-de-dominio-bienes-avaluados-en-mas-de-65-000-millones-de-pesos-que-harian-parte-del-patrimonio-ilicito-del-bloque-bananero-de-las-auc\/#primaryimage\"},\"thumbnailUrl\":\"https:\/\/www.fiscalia.gov.co\/colombia\/wp-content\/uploads\/WhatsApp-Image-2026-04-27-at-1.01.42-PM-300x215.jpeg\",\"datePublished\":\"2026-04-27T13:30:01+00:00\",\"dateModified\":\"2026-04-27T13:39:55+00:00\",\"description\":\"P\u00e1gina oficial de la Fiscal\u00eda General de la Naci\u00f3n \u2013 Colombia. Garantizamos el acceso efectivo a la justicia, la verdad y la reparaci\u00f3n de las v\u00edctimas de los delitos.\",\"breadcrumb\":{\"@id\":\"https:\/\/www.fiscalia.gov.co\/colombia\/finanzas-criminales\/afectados-con-fines-de-extincion-de-dominio-bienes-avaluados-en-mas-de-65-000-millones-de-pesos-que-harian-parte-del-patrimonio-ilicito-del-bloque-bananero-de-las-auc\/#breadcrumb\"},\"inLanguage\":\"es-CO\",\"potentialAction\":[{\"@type\":\"ReadAction\",\"target\":[\"https:\/\/www.fiscalia.gov.co\/colombia\/finanzas-criminales\/afectados-con-fines-de-extincion-de-dominio-bienes-avaluados-en-mas-de-65-000-millones-de-pesos-que-harian-parte-del-patrimonio-ilicito-del-bloque-bananero-de-las-auc\/\"]}]},{\"@type\":\"ImageObject\",\"inLanguage\":\"es-CO\",\"@id\":\"https:\/\/www.fiscalia.gov.co\/colombia\/finanzas-criminales\/afectados-con-fines-de-extincion-de-dominio-bienes-avaluados-en-mas-de-65-000-millones-de-pesos-que-harian-parte-del-patrimonio-ilicito-del-bloque-bananero-de-las-auc\/#primaryimage\",\"url\":\"https:\/\/www.fiscalia.gov.co\/colombia\/wp-content\/uploads\/WhatsApp-Image-2026-04-27-at-1.01.42-PM.jpeg\",\"contentUrl\":\"https:\/\/www.fiscalia.gov.co\/colombia\/wp-content\/uploads\/WhatsApp-Image-2026-04-27-at-1.01.42-PM.jpeg\",\"width\":1256,\"height\":900,\"caption\":\"Los predios, avaluados en m\u00e1s de 65.000 millones de pesos, ser\u00e1n destinados a la reparaci\u00f3n de las v\u00edctimas del conflicto armado.\"},{\"@type\":\"BreadcrumbList\",\"@id\":\"https:\/\/www.fiscalia.gov.co\/colombia\/finanzas-criminales\/afectados-con-fines-de-extincion-de-dominio-bienes-avaluados-en-mas-de-65-000-millones-de-pesos-que-harian-parte-del-patrimonio-ilicito-del-bloque-bananero-de-las-auc\/#breadcrumb\",\"itemListElement\":[{\"@type\":\"ListItem\",\"position\":1,\"name\":\"Home\",\"item\":\"https:\/\/www.fiscalia.gov.co\/colombia\/\"},{\"@type\":\"ListItem\",\"position\":2,\"name\":\"Afectados con fines de extinci\u00f3n de dominio bienes\u00a0avaluados en m\u00e1s de 65.000 millones de pesos\u00a0que har\u00edan parte del patrimonio\u00a0il\u00edcito\u00a0del Bloque Bananero de las\u00a0AUC\"}]},{\"@type\":\"WebSite\",\"@id\":\"https:\/\/www.fiscalia.gov.co\/colombia\/#website\",\"url\":\"https:\/\/www.fiscalia.gov.co\/colombia\/\",\"name\":\"Fiscal\u00eda General de la Naci\u00f3n\",\"description\":\"P\u00e1gina oficial de la Fiscal\u00eda General de la Naci\u00f3n \u2013 Colombia. Garantizamos el acceso efectivo a la justicia, la verdad y la reparaci\u00f3n de las v\u00edctimas de los delitos.\",\"publisher\":{\"@id\":\"https:\/\/www.fiscalia.gov.co\/colombia\/#organization\"},\"potentialAction\":[{\"@type\":\"SearchAction\",\"target\":{\"@type\":\"EntryPoint\",\"urlTemplate\":\"https:\/\/www.fiscalia.gov.co\/colombia\/?s={search_term_string}\"},\"query-input\":{\"@type\":\"PropertyValueSpecification\",\"valueRequired\":true,\"valueName\":\"search_term_string\"}}],\"inLanguage\":\"es-CO\"},{\"@type\":\"Organization\",\"@id\":\"https:\/\/www.fiscalia.gov.co\/colombia\/#organization\",\"name\":\"Fiscal\u00eda General de la Naci\u00f3n\",\"url\":\"https:\/\/www.fiscalia.gov.co\/colombia\/\",\"logo\":{\"@type\":\"ImageObject\",\"inLanguage\":\"es-CO\",\"@id\":\"https:\/\/www.fiscalia.gov.co\/colombia\/#\/schema\/logo\/image\/\",\"url\":\"https:\/\/www.fiscalia.gov.co\/colombia\/wp-content\/uploads\/LogoHorizontal_1.jpg\",\"contentUrl\":\"https:\/\/www.fiscalia.gov.co\/colombia\/wp-content\/uploads\/LogoHorizontal_1.jpg\",\"width\":300,\"height\":90,\"caption\":\"Fiscal\u00eda General de la Naci\u00f3n\"},\"image\":{\"@id\":\"https:\/\/www.fiscalia.gov.co\/colombia\/#\/schema\/logo\/image\/\"},\"sameAs\":[\"https:\/\/www.facebook.com\/FiscaliaCol\",\"https:\/\/x.com\/FiscaliaCol\",\"https:\/\/www.instagram.com\/fiscaliacol\",\"https:\/\/www.linkedin.com\/company\/fiscalia-general-de-la-naci-n\/\",\"https:\/\/youtube.com\/@fiscaliageneraldelanacion-4668?si=6nN79nyQICPU5iTh\"]},{\"@type\":\"Person\",\"@id\":\"https:\/\/www.fiscalia.gov.co\/colombia\/#\/schema\/person\/ba9eca435947489fb25117a0cd75bf3e\",\"name\":\"Johanna Islenny Prieto Pe\u00f1a\",\"image\":{\"@type\":\"ImageObject\",\"inLanguage\":\"es-CO\",\"@id\":\"https:\/\/www.fiscalia.gov.co\/colombia\/#\/schema\/person\/image\/\",\"url\":\"https:\/\/secure.gravatar.com\/avatar\/111433fc2acb037ffb768f6a3ca47864?s=96&d=mm&r=g\",\"contentUrl\":\"https:\/\/secure.gravatar.com\/avatar\/111433fc2acb037ffb768f6a3ca47864?s=96&d=mm&r=g\",\"caption\":\"Johanna Islenny Prieto Pe\u00f1a\"},\"url\":\"https:\/\/www.fiscalia.gov.co\/colombia\/author\/jprietop\/\"}]}<\/script>\n<!-- \/ Yoast SEO plugin. -->","yoast_head_json":{"title":"Fiscal\u00eda General de la Naci\u00f3n","description":"P\u00e1gina oficial de la Fiscal\u00eda General de la Naci\u00f3n \u2013 Colombia. Garantizamos el acceso efectivo a la justicia, la verdad y la reparaci\u00f3n de las v\u00edctimas de los delitos.","robots":{"index":"noindex","follow":"follow"},"og_locale":"es_ES","og_type":"article","og_title":"Fiscal\u00eda General de la Naci\u00f3n","og_description":"P\u00e1gina oficial de la Fiscal\u00eda General de la Naci\u00f3n \u2013 Colombia. Garantizamos el acceso efectivo a la justicia, la verdad y la reparaci\u00f3n de las v\u00edctimas de los delitos.","og_url":"https:\/\/www.fiscalia.gov.co\/colombia\/finanzas-criminales\/afectados-con-fines-de-extincion-de-dominio-bienes-avaluados-en-mas-de-65-000-millones-de-pesos-que-harian-parte-del-patrimonio-ilicito-del-bloque-bananero-de-las-auc\/","og_site_name":"Fiscal\u00eda General de la Naci\u00f3n","article_publisher":"https:\/\/www.facebook.com\/FiscaliaCol","article_published_time":"2026-04-27T13:30:01+00:00","article_modified_time":"2026-04-27T13:39:55+00:00","og_image":[{"width":1256,"height":900,"url":"https:\/\/www.fiscalia.gov.co\/colombia\/wp-content\/uploads\/WhatsApp-Image-2026-04-27-at-1.01.42-PM.jpeg","type":"image\/jpeg"}],"author":"Johanna Islenny Prieto Pe\u00f1a","twitter_card":"summary_large_image","twitter_creator":"@FiscaliaCol","twitter_site":"@FiscaliaCol","twitter_misc":{"Escrito por":"Johanna Islenny Prieto Pe\u00f1a","Tiempo de lectura":"2 minutos"},"schema":{"@context":"https:\/\/schema.org","@graph":[{"@type":"Article","@id":"https:\/\/www.fiscalia.gov.co\/colombia\/finanzas-criminales\/afectados-con-fines-de-extincion-de-dominio-bienes-avaluados-en-mas-de-65-000-millones-de-pesos-que-harian-parte-del-patrimonio-ilicito-del-bloque-bananero-de-las-auc\/#article","isPartOf":{"@id":"https:\/\/www.fiscalia.gov.co\/colombia\/finanzas-criminales\/afectados-con-fines-de-extincion-de-dominio-bienes-avaluados-en-mas-de-65-000-millones-de-pesos-que-harian-parte-del-patrimonio-ilicito-del-bloque-bananero-de-las-auc\/"},"author":{"name":"Johanna Islenny Prieto Pe\u00f1a","@id":"https:\/\/www.fiscalia.gov.co\/colombia\/#\/schema\/person\/ba9eca435947489fb25117a0cd75bf3e"},"headline":"Afectados con fines de extinci\u00f3n de dominio bienes\u00a0avaluados en m\u00e1s de 65.000 millones de pesos\u00a0que har\u00edan parte del patrimonio\u00a0il\u00edcito\u00a0del Bloque Bananero de las\u00a0AUC","datePublished":"2026-04-27T13:30:01+00:00","dateModified":"2026-04-27T13:39:55+00:00","mainEntityOfPage":{"@id":"https:\/\/www.fiscalia.gov.co\/colombia\/finanzas-criminales\/afectados-con-fines-de-extincion-de-dominio-bienes-avaluados-en-mas-de-65-000-millones-de-pesos-que-harian-parte-del-patrimonio-ilicito-del-bloque-bananero-de-las-auc\/"},"wordCount":450,"publisher":{"@id":"https:\/\/www.fiscalia.gov.co\/colombia\/#organization"},"image":{"@id":"https:\/\/www.fiscalia.gov.co\/colombia\/finanzas-criminales\/afectados-con-fines-de-extincion-de-dominio-bienes-avaluados-en-mas-de-65-000-millones-de-pesos-que-harian-parte-del-patrimonio-ilicito-del-bloque-bananero-de-las-auc\/#primaryimage"},"thumbnailUrl":"https:\/\/www.fiscalia.gov.co\/colombia\/wp-content\/uploads\/WhatsApp-Image-2026-04-27-at-1.01.42-PM-300x215.jpeg","keywords":["Fiscal Luz Adriana Camargo","Fiscal\u00eda","Fiscal\u00eda Colombia","Fiscal\u00eda de Colombia","Fiscal\u00eda General de la Naci\u00f3n"],"articleSection":["Extinci\u00f3n de dominio","Finanzas criminales"],"inLanguage":"es-CO"},{"@type":"WebPage","@id":"https:\/\/www.fiscalia.gov.co\/colombia\/finanzas-criminales\/afectados-con-fines-de-extincion-de-dominio-bienes-avaluados-en-mas-de-65-000-millones-de-pesos-que-harian-parte-del-patrimonio-ilicito-del-bloque-bananero-de-las-auc\/","url":"https:\/\/www.fiscalia.gov.co\/colombia\/finanzas-criminales\/afectados-con-fines-de-extincion-de-dominio-bienes-avaluados-en-mas-de-65-000-millones-de-pesos-que-harian-parte-del-patrimonio-ilicito-del-bloque-bananero-de-las-auc\/","name":"Fiscal\u00eda General de la Naci\u00f3n","isPartOf":{"@id":"https:\/\/www.fiscalia.gov.co\/colombia\/#website"},"primaryImageOfPage":{"@id":"https:\/\/www.fiscalia.gov.co\/colombia\/finanzas-criminales\/afectados-con-fines-de-extincion-de-dominio-bienes-avaluados-en-mas-de-65-000-millones-de-pesos-que-harian-parte-del-patrimonio-ilicito-del-bloque-bananero-de-las-auc\/#primaryimage"},"image":{"@id":"https:\/\/www.fiscalia.gov.co\/colombia\/finanzas-criminales\/afectados-con-fines-de-extincion-de-dominio-bienes-avaluados-en-mas-de-65-000-millones-de-pesos-que-harian-parte-del-patrimonio-ilicito-del-bloque-bananero-de-las-auc\/#primaryimage"},"thumbnailUrl":"https:\/\/www.fiscalia.gov.co\/colombia\/wp-content\/uploads\/WhatsApp-Image-2026-04-27-at-1.01.42-PM-300x215.jpeg","datePublished":"2026-04-27T13:30:01+00:00","dateModified":"2026-04-27T13:39:55+00:00","description":"P\u00e1gina oficial de la Fiscal\u00eda General de la Naci\u00f3n \u2013 Colombia. Garantizamos el acceso efectivo a la justicia, la verdad y la reparaci\u00f3n de las v\u00edctimas de los delitos.","breadcrumb":{"@id":"https:\/\/www.fiscalia.gov.co\/colombia\/finanzas-criminales\/afectados-con-fines-de-extincion-de-dominio-bienes-avaluados-en-mas-de-65-000-millones-de-pesos-que-harian-parte-del-patrimonio-ilicito-del-bloque-bananero-de-las-auc\/#breadcrumb"},"inLanguage":"es-CO","potentialAction":[{"@type":"ReadAction","target":["https:\/\/www.fiscalia.gov.co\/colombia\/finanzas-criminales\/afectados-con-fines-de-extincion-de-dominio-bienes-avaluados-en-mas-de-65-000-millones-de-pesos-que-harian-parte-del-patrimonio-ilicito-del-bloque-bananero-de-las-auc\/"]}]},{"@type":"ImageObject","inLanguage":"es-CO","@id":"https:\/\/www.fiscalia.gov.co\/colombia\/finanzas-criminales\/afectados-con-fines-de-extincion-de-dominio-bienes-avaluados-en-mas-de-65-000-millones-de-pesos-que-harian-parte-del-patrimonio-ilicito-del-bloque-bananero-de-las-auc\/#primaryimage","url":"https:\/\/www.fiscalia.gov.co\/colombia\/wp-content\/uploads\/WhatsApp-Image-2026-04-27-at-1.01.42-PM.jpeg","contentUrl":"https:\/\/www.fiscalia.gov.co\/colombia\/wp-content\/uploads\/WhatsApp-Image-2026-04-27-at-1.01.42-PM.jpeg","width":1256,"height":900,"caption":"Los predios, avaluados en m\u00e1s de 65.000 millones de pesos, ser\u00e1n destinados a la reparaci\u00f3n de las v\u00edctimas del conflicto armado."},{"@type":"BreadcrumbList","@id":"https:\/\/www.fiscalia.gov.co\/colombia\/finanzas-criminales\/afectados-con-fines-de-extincion-de-dominio-bienes-avaluados-en-mas-de-65-000-millones-de-pesos-que-harian-parte-del-patrimonio-ilicito-del-bloque-bananero-de-las-auc\/#breadcrumb","itemListElement":[{"@type":"ListItem","position":1,"name":"Home","item":"https:\/\/www.fiscalia.gov.co\/colombia\/"},{"@type":"ListItem","position":2,"name":"Afectados con fines de extinci\u00f3n de dominio bienes\u00a0avaluados en m\u00e1s de 65.000 millones de pesos\u00a0que har\u00edan parte del patrimonio\u00a0il\u00edcito\u00a0del Bloque Bananero de las\u00a0AUC"}]},{"@type":"WebSite","@id":"https:\/\/www.fiscalia.gov.co\/colombia\/#website","url":"https:\/\/www.fiscalia.gov.co\/colombia\/","name":"Fiscal\u00eda General de la Naci\u00f3n","description":"P\u00e1gina oficial de la Fiscal\u00eda General de la Naci\u00f3n \u2013 Colombia. Garantizamos el acceso efectivo a la justicia, la verdad y la reparaci\u00f3n de las v\u00edctimas de los delitos.","publisher":{"@id":"https:\/\/www.fiscalia.gov.co\/colombia\/#organization"},"potentialAction":[{"@type":"SearchAction","target":{"@type":"EntryPoint","urlTemplate":"https:\/\/www.fiscalia.gov.co\/colombia\/?s={search_term_string}"},"query-input":{"@type":"PropertyValueSpecification","valueRequired":true,"valueName":"search_term_string"}}],"inLanguage":"es-CO"},{"@type":"Organization","@id":"https:\/\/www.fiscalia.gov.co\/colombia\/#organization","name":"Fiscal\u00eda General de la Naci\u00f3n","url":"https:\/\/www.fiscalia.gov.co\/colombia\/","logo":{"@type":"ImageObject","inLanguage":"es-CO","@id":"https:\/\/www.fiscalia.gov.co\/colombia\/#\/schema\/logo\/image\/","url":"https:\/\/www.fiscalia.gov.co\/colombia\/wp-content\/uploads\/LogoHorizontal_1.jpg","contentUrl":"https:\/\/www.fiscalia.gov.co\/colombia\/wp-content\/uploads\/LogoHorizontal_1.jpg","width":300,"height":90,"caption":"Fiscal\u00eda General de la Naci\u00f3n"},"image":{"@id":"https:\/\/www.fiscalia.gov.co\/colombia\/#\/schema\/logo\/image\/"},"sameAs":["https:\/\/www.facebook.com\/FiscaliaCol","https:\/\/x.com\/FiscaliaCol","https:\/\/www.instagram.com\/fiscaliacol","https:\/\/www.linkedin.com\/company\/fiscalia-general-de-la-naci-n\/","https:\/\/youtube.com\/@fiscaliageneraldelanacion-4668?si=6nN79nyQICPU5iTh"]},{"@type":"Person","@id":"https:\/\/www.fiscalia.gov.co\/colombia\/#\/schema\/person\/ba9eca435947489fb25117a0cd75bf3e","name":"Johanna Islenny Prieto Pe\u00f1a","image":{"@type":"ImageObject","inLanguage":"es-CO","@id":"https:\/\/www.fiscalia.gov.co\/colombia\/#\/schema\/person\/image\/","url":"https:\/\/secure.gravatar.com\/avatar\/111433fc2acb037ffb768f6a3ca47864?s=96&d=mm&r=g","contentUrl":"https:\/\/secure.gravatar.com\/avatar\/111433fc2acb037ffb768f6a3ca47864?s=96&d=mm&r=g","caption":"Johanna Islenny Prieto Pe\u00f1a"},"url":"https:\/\/www.fiscalia.gov.co\/colombia\/author\/jprietop\/"}]}},"_links":{"self":[{"href":"https:\/\/www.fiscalia.gov.co\/colombia\/wp-json\/wp\/v2\/posts\/362547","targetHints":{"allow":["GET"]}}],"collection":[{"href":"https:\/\/www.fiscalia.gov.co\/colombia\/wp-json\/wp\/v2\/posts"}],"about":[{"href":"https:\/\/www.fiscalia.gov.co\/colombia\/wp-json\/wp\/v2\/types\/post"}],"author":[{"embeddable":true,"href":"https:\/\/www.fiscalia.gov.co\/colombia\/wp-json\/wp\/v2\/users\/181"}],"replies":[{"embeddable":true,"href":"https:\/\/www.fiscalia.gov.co\/colombia\/wp-json\/wp\/v2\/comments?post=362547"}],"version-history":[{"count":3,"href":"https:\/\/www.fiscalia.gov.co\/colombia\/wp-json\/wp\/v2\/posts\/362547\/revisions"}],"predecessor-version":[{"id":362554,"href":"https:\/\/www.fiscalia.gov.co\/colombia\/wp-json\/wp\/v2\/posts\/362547\/revisions\/362554"}],"wp:attachment":[{"href":"https:\/\/www.fiscalia.gov.co\/colombia\/wp-json\/wp\/v2\/media?parent=362547"}],"wp:term":[{"taxonomy":"category","embeddable":true,"href":"https:\/\/www.fiscalia.gov.co\/colombia\/wp-json\/wp\/v2\/categories?post=362547"},{"taxonomy":"post_tag","embeddable":true,"href":"https:\/\/www.fiscalia.gov.co\/colombia\/wp-json\/wp\/v2\/tags?post=362547"}],"curies":[{"name":"wp","href":"https:\/\/api.w.org\/{rel}","templated":true}]}}