{"id":362543,"date":"2026-04-26T10:34:10","date_gmt":"2026-04-26T15:34:10","guid":{"rendered":"https:\/\/www.fiscalia.gov.co\/colombia\/?p=362543"},"modified":"2026-04-26T10:34:10","modified_gmt":"2026-04-26T15:34:10","slug":"condenado-a-42-anos-de-prision-hombre-que-le-causo-la-muerte-a-su-expareja-y-a-dos-personas-mas-en-antioquia","status":"publish","type":"post","link":"https:\/\/www.fiscalia.gov.co\/colombia\/noticias\/condenado-a-42-anos-de-prision-hombre-que-le-causo-la-muerte-a-su-expareja-y-a-dos-personas-mas-en-antioquia\/","title":{"rendered":"Condenado a 42 a\u00f1os de prisi\u00f3n hombre que le caus\u00f3 la muerte a su expareja y a dos personas m\u00e1s en Antioquia"},"content":{"rendered":"<blockquote>\n<h4><em>Janner Iv\u00e1n Morales Poveda, alias Satan\u00e1s, evadi\u00f3 una orden de detenci\u00f3n en su lugar de residencia y perpetr\u00f3 el triple crimen en inmediaciones de un cultivo de caf\u00e9. <\/em><\/h4>\n<\/blockquote>\n<p>Luego de valorar las pruebas presentadas por la<strong> Fiscal\u00eda General de la Naci\u00f3n<\/strong>, un juez penal de conocimiento conden\u00f3 a 42 a\u00f1os de prisi\u00f3n a Janner Iv\u00e1n Morales Poveda, alias Satan\u00e1s, por su responsabilidad en un <strong>triple homicidio<\/strong> ocurrido el 11 de octubre de 2023, en<strong> Abejorral (Antioquia).<\/strong><\/p>\n<p>De acuerdo con la investigaci\u00f3n adelantada por un fiscal de la <strong>Seccional Antioquia<\/strong>, el hombre se retir\u00f3 un brazalete electr\u00f3nico de vigilancia, evadi\u00f3 una medida de aseguramiento privativa de la libertad que cumpl\u00eda en su lugar de residencia y se traslad\u00f3 a inmediaciones de un cultivo de caf\u00e9 en la <strong>vereda Santa Ana.<\/strong><\/p>\n<p>En lugar intercept\u00f3 a su excompa\u00f1era sentimental, quien caminaba con su nueva pareja y otra persona. Inicialmente, atac\u00f3 con un cuchillo y con un arma de fuego a la mujer. Luego, arremeti\u00f3 contra los dos hombres, los golpeo y agredi\u00f3 hasta causarles la muerte.<\/p>\n<p>Por estos hechos, Morales Poveda, de 44 a\u00f1os, fue condenado por los <strong>delitos de feminicidio, homicidio y tr\u00e1fico, fabricaci\u00f3n, tr\u00e1fico, porte o tenencia de armas de fuego, accesorios, partes o municiones.<\/strong> Asimismo, mediante un preacuerdo, fue sentenciado a dos a\u00f1os de prisi\u00f3n por el delito de fuga de presos.<\/p>\n<p>Alias Satan\u00e1s actualmente cumple otra condena de 58 a\u00f1os de prisi\u00f3n por homicidios y <strong>desplazamientos forzados<\/strong> cometidos en Huila.<\/p>\n<p>LFML\/LCC\/DSM\/AMCJ\/JARG\/<\/p>\n<p>&nbsp;<\/p>\n<p>&nbsp;<\/p>\n<p><em>La informaci\u00f3n contenida en este bolet\u00edn de prensa corresponde a la narraci\u00f3n de los hechos noticiosos objetivos, suministrados por los funcionarios encargados de adelantar las investigaciones penales al interior de la Fiscal\u00eda General de la Naci\u00f3n. Para el momento de la divulgaci\u00f3n de este comunicado, la situaci\u00f3n jur\u00eddica de la(s) persona(s) relacionada(s) se encuentra pendiente de resolver por la autoridad judicial competente, siempre bajo los preceptos de la presunci\u00f3n de inocencia, consagrados en el art\u00edculo 29 de la Constituci\u00f3n Pol\u00edtica y el art\u00edculo 7\u00ba de la Ley 906 de 2004.<\/em><\/p>\n<p>&nbsp;<\/p>\n\n<div class=\"twitter-share\"><a href=\"https:\/\/twitter.com\/intent\/tweet?via=fiscaliacol\" class=\"twitter-share-button\">Tweet<\/a><\/div>\n","protected":false},"excerpt":{"rendered":"<p>Janner Iv\u00e1n Morales Poveda, alias Satan\u00e1s, evadi\u00f3 una orden de detenci\u00f3n en su lugar de residencia y perpetr\u00f3 el triple crimen en inmediaciones de un cultivo de caf\u00e9. Luego de [&hellip;]<\/p>\n","protected":false},"author":182,"featured_media":0,"comment_status":"closed","ping_status":"open","sticky":false,"template":"","format":"standard","meta":{"tdm_status":"","tdm_grid_status":"","footnotes":""},"categories":[1,318,24099],"tags":[46574,27032,12415,38553,9276,25231,14868,46578,46572,46579,98,46577,26055,13442,1047,3903,409,5187,16,46576,46573,39154,41621,1063,42632,13510,13142,46575],"class_list":["post-362543","post","type-post","status-publish","format-standard","category-noticias","category-seccional-antioquia","category-seguridad-territorial","tag-11-de-octubre-de-2023","tag-abejorral-antioquia","tag-agresion-fisica","tag-alias-satanas","tag-antecedentes-judiciales","tag-ataque-con-arma-blanca","tag-ataque-con-arma-de-fuego","tag-brazalete-electronico","tag-condena-42-anos-de-prision","tag-condena-previa-58-anos","tag-desplazamiento-forzado","tag-evasion-de-medida-de-aseguramiento","tag-excompanera-sentimental","tag-feminicidio","tag-fiscalia-general-de-la-nacion","tag-fuga-de-presos","tag-homicidio","tag-homicidios","tag-huila","tag-investigacion-seccional-antioquia","tag-janner-ivan-morales-poveda","tag-juez-penal-de-conocimiento","tag-muerte-de-tres-personas","tag-preacuerdo","tag-pruebas-judiciales","tag-trafico-fabricacion-y-porte-de-armas-de-fuego","tag-triple-homicidio","tag-vereda-santa-ana"],"yoast_head":"<!-- This site is optimized with the Yoast SEO plugin v24.3 - https:\/\/yoast.com\/wordpress\/plugins\/seo\/ -->\n<title>Fiscal\u00eda General de la Naci\u00f3n<\/title>\n<meta name=\"description\" content=\"P\u00e1gina oficial de la Fiscal\u00eda General de la Naci\u00f3n \u2013 Colombia. Garantizamos el acceso efectivo a la justicia, la verdad y la reparaci\u00f3n de las v\u00edctimas de los delitos.\" \/>\n<meta name=\"robots\" content=\"noindex, follow\" \/>\n<meta property=\"og:locale\" content=\"es_ES\" \/>\n<meta property=\"og:type\" content=\"article\" \/>\n<meta property=\"og:title\" content=\"Fiscal\u00eda General de la Naci\u00f3n\" \/>\n<meta property=\"og:description\" content=\"P\u00e1gina oficial de la Fiscal\u00eda General de la Naci\u00f3n \u2013 Colombia. Garantizamos el acceso efectivo a la justicia, la verdad y la reparaci\u00f3n de las v\u00edctimas de los delitos.\" \/>\n<meta property=\"og:url\" content=\"https:\/\/www.fiscalia.gov.co\/colombia\/noticias\/condenado-a-42-anos-de-prision-hombre-que-le-causo-la-muerte-a-su-expareja-y-a-dos-personas-mas-en-antioquia\/\" \/>\n<meta property=\"og:site_name\" content=\"Fiscal\u00eda General de la Naci\u00f3n\" \/>\n<meta property=\"article:publisher\" content=\"https:\/\/www.facebook.com\/FiscaliaCol\" \/>\n<meta property=\"article:published_time\" content=\"2026-04-26T15:34:10+00:00\" \/>\n<meta name=\"author\" content=\"Paula Andrea Castillo Lenis\" \/>\n<meta name=\"twitter:card\" content=\"summary_large_image\" \/>\n<meta name=\"twitter:creator\" content=\"@FiscaliaCol\" \/>\n<meta name=\"twitter:site\" content=\"@FiscaliaCol\" \/>\n<meta name=\"twitter:label1\" content=\"Escrito por\" \/>\n\t<meta name=\"twitter:data1\" content=\"Paula Andrea Castillo Lenis\" \/>\n\t<meta name=\"twitter:label2\" content=\"Tiempo de lectura\" \/>\n\t<meta name=\"twitter:data2\" content=\"2 minutos\" \/>\n<script type=\"application\/ld+json\" class=\"yoast-schema-graph\">{\"@context\":\"https:\/\/schema.org\",\"@graph\":[{\"@type\":\"Article\",\"@id\":\"https:\/\/www.fiscalia.gov.co\/colombia\/noticias\/condenado-a-42-anos-de-prision-hombre-que-le-causo-la-muerte-a-su-expareja-y-a-dos-personas-mas-en-antioquia\/#article\",\"isPartOf\":{\"@id\":\"https:\/\/www.fiscalia.gov.co\/colombia\/noticias\/condenado-a-42-anos-de-prision-hombre-que-le-causo-la-muerte-a-su-expareja-y-a-dos-personas-mas-en-antioquia\/\"},\"author\":{\"name\":\"Paula Andrea Castillo Lenis\",\"@id\":\"https:\/\/www.fiscalia.gov.co\/colombia\/#\/schema\/person\/66c172905e0492f1de6bbe5f93c4668f\"},\"headline\":\"Condenado a 42 a\u00f1os de prisi\u00f3n hombre que le caus\u00f3 la muerte a su expareja y a dos personas m\u00e1s en Antioquia\",\"datePublished\":\"2026-04-26T15:34:10+00:00\",\"dateModified\":\"2026-04-26T15:34:10+00:00\",\"mainEntityOfPage\":{\"@id\":\"https:\/\/www.fiscalia.gov.co\/colombia\/noticias\/condenado-a-42-anos-de-prision-hombre-que-le-causo-la-muerte-a-su-expareja-y-a-dos-personas-mas-en-antioquia\/\"},\"wordCount\":392,\"publisher\":{\"@id\":\"https:\/\/www.fiscalia.gov.co\/colombia\/#organization\"},\"keywords\":[\"11 de octubre de 2023\",\"Abejorral (Antioquia)\",\"Agresi\u00f3n f\u00edsica\",\"Alias Satan\u00e1s\",\"Antecedentes judiciales\",\"ATAQUE CON ARMA BLANCA\",\"ataque con arma de fuego\",\"brazalete electr\u00f3nico\",\"condena 42 a\u00f1os de prisi\u00f3n\",\"condena previa 58 a\u00f1os\",\"Desplazamiento forzado\",\"evasi\u00f3n de medida de aseguramiento\",\"excompa\u00f1era sentimental\",\"Feminicidio\",\"Fiscal\u00eda General de la Naci\u00f3n\",\"Fuga de presos\",\"Homicidio\",\"Homicidios\",\"Huila\",\"investigaci\u00f3n Seccional Antioquia\",\"Janner Iv\u00e1n Morales Poveda\",\"juez penal de conocimiento\",\"muerte de tres personas\",\"Preacuerdo\",\"pruebas judiciales\",\"tr\u00e1fico fabricaci\u00f3n y porte de armas de fuego\",\"Triple homicidio\",\"vereda Santa Ana\"],\"articleSection\":[\"Noticias\",\"Seccional Antioquia\",\"Seguridad territorial\"],\"inLanguage\":\"es-CO\"},{\"@type\":\"WebPage\",\"@id\":\"https:\/\/www.fiscalia.gov.co\/colombia\/noticias\/condenado-a-42-anos-de-prision-hombre-que-le-causo-la-muerte-a-su-expareja-y-a-dos-personas-mas-en-antioquia\/\",\"url\":\"https:\/\/www.fiscalia.gov.co\/colombia\/noticias\/condenado-a-42-anos-de-prision-hombre-que-le-causo-la-muerte-a-su-expareja-y-a-dos-personas-mas-en-antioquia\/\",\"name\":\"Fiscal\u00eda General de la Naci\u00f3n\",\"isPartOf\":{\"@id\":\"https:\/\/www.fiscalia.gov.co\/colombia\/#website\"},\"datePublished\":\"2026-04-26T15:34:10+00:00\",\"dateModified\":\"2026-04-26T15:34:10+00:00\",\"description\":\"P\u00e1gina oficial de la Fiscal\u00eda General de la Naci\u00f3n \u2013 Colombia. Garantizamos el acceso efectivo a la justicia, la verdad y la reparaci\u00f3n de las v\u00edctimas de los delitos.\",\"breadcrumb\":{\"@id\":\"https:\/\/www.fiscalia.gov.co\/colombia\/noticias\/condenado-a-42-anos-de-prision-hombre-que-le-causo-la-muerte-a-su-expareja-y-a-dos-personas-mas-en-antioquia\/#breadcrumb\"},\"inLanguage\":\"es-CO\",\"potentialAction\":[{\"@type\":\"ReadAction\",\"target\":[\"https:\/\/www.fiscalia.gov.co\/colombia\/noticias\/condenado-a-42-anos-de-prision-hombre-que-le-causo-la-muerte-a-su-expareja-y-a-dos-personas-mas-en-antioquia\/\"]}]},{\"@type\":\"BreadcrumbList\",\"@id\":\"https:\/\/www.fiscalia.gov.co\/colombia\/noticias\/condenado-a-42-anos-de-prision-hombre-que-le-causo-la-muerte-a-su-expareja-y-a-dos-personas-mas-en-antioquia\/#breadcrumb\",\"itemListElement\":[{\"@type\":\"ListItem\",\"position\":1,\"name\":\"Home\",\"item\":\"https:\/\/www.fiscalia.gov.co\/colombia\/\"},{\"@type\":\"ListItem\",\"position\":2,\"name\":\"Condenado a 42 a\u00f1os de prisi\u00f3n hombre que le caus\u00f3 la muerte a su expareja y a dos personas m\u00e1s en Antioquia\"}]},{\"@type\":\"WebSite\",\"@id\":\"https:\/\/www.fiscalia.gov.co\/colombia\/#website\",\"url\":\"https:\/\/www.fiscalia.gov.co\/colombia\/\",\"name\":\"Fiscal\u00eda General de la Naci\u00f3n\",\"description\":\"P\u00e1gina oficial de la Fiscal\u00eda General de la Naci\u00f3n \u2013 Colombia. Garantizamos el acceso efectivo a la justicia, la verdad y la reparaci\u00f3n de las v\u00edctimas de los delitos.\",\"publisher\":{\"@id\":\"https:\/\/www.fiscalia.gov.co\/colombia\/#organization\"},\"potentialAction\":[{\"@type\":\"SearchAction\",\"target\":{\"@type\":\"EntryPoint\",\"urlTemplate\":\"https:\/\/www.fiscalia.gov.co\/colombia\/?s={search_term_string}\"},\"query-input\":{\"@type\":\"PropertyValueSpecification\",\"valueRequired\":true,\"valueName\":\"search_term_string\"}}],\"inLanguage\":\"es-CO\"},{\"@type\":\"Organization\",\"@id\":\"https:\/\/www.fiscalia.gov.co\/colombia\/#organization\",\"name\":\"Fiscal\u00eda General de la Naci\u00f3n\",\"url\":\"https:\/\/www.fiscalia.gov.co\/colombia\/\",\"logo\":{\"@type\":\"ImageObject\",\"inLanguage\":\"es-CO\",\"@id\":\"https:\/\/www.fiscalia.gov.co\/colombia\/#\/schema\/logo\/image\/\",\"url\":\"https:\/\/www.fiscalia.gov.co\/colombia\/wp-content\/uploads\/LogoHorizontal_1.jpg\",\"contentUrl\":\"https:\/\/www.fiscalia.gov.co\/colombia\/wp-content\/uploads\/LogoHorizontal_1.jpg\",\"width\":300,\"height\":90,\"caption\":\"Fiscal\u00eda General de la Naci\u00f3n\"},\"image\":{\"@id\":\"https:\/\/www.fiscalia.gov.co\/colombia\/#\/schema\/logo\/image\/\"},\"sameAs\":[\"https:\/\/www.facebook.com\/FiscaliaCol\",\"https:\/\/x.com\/FiscaliaCol\",\"https:\/\/www.instagram.com\/fiscaliacol\",\"https:\/\/www.linkedin.com\/company\/fiscalia-general-de-la-naci-n\/\",\"https:\/\/youtube.com\/@fiscaliageneraldelanacion-4668?si=6nN79nyQICPU5iTh\"]},{\"@type\":\"Person\",\"@id\":\"https:\/\/www.fiscalia.gov.co\/colombia\/#\/schema\/person\/66c172905e0492f1de6bbe5f93c4668f\",\"name\":\"Paula Andrea Castillo Lenis\",\"image\":{\"@type\":\"ImageObject\",\"inLanguage\":\"es-CO\",\"@id\":\"https:\/\/www.fiscalia.gov.co\/colombia\/#\/schema\/person\/image\/\",\"url\":\"https:\/\/secure.gravatar.com\/avatar\/cb060d9561f2947c4102d1825739f868?s=96&d=mm&r=g\",\"contentUrl\":\"https:\/\/secure.gravatar.com\/avatar\/cb060d9561f2947c4102d1825739f868?s=96&d=mm&r=g\",\"caption\":\"Paula Andrea Castillo Lenis\"},\"url\":\"https:\/\/www.fiscalia.gov.co\/colombia\/author\/paula-castillo\/\"}]}<\/script>\n<!-- \/ Yoast SEO plugin. -->","yoast_head_json":{"title":"Fiscal\u00eda General de la Naci\u00f3n","description":"P\u00e1gina oficial de la Fiscal\u00eda General de la Naci\u00f3n \u2013 Colombia. Garantizamos el acceso efectivo a la justicia, la verdad y la reparaci\u00f3n de las v\u00edctimas de los delitos.","robots":{"index":"noindex","follow":"follow"},"og_locale":"es_ES","og_type":"article","og_title":"Fiscal\u00eda General de la Naci\u00f3n","og_description":"P\u00e1gina oficial de la Fiscal\u00eda General de la Naci\u00f3n \u2013 Colombia. Garantizamos el acceso efectivo a la justicia, la verdad y la reparaci\u00f3n de las v\u00edctimas de los delitos.","og_url":"https:\/\/www.fiscalia.gov.co\/colombia\/noticias\/condenado-a-42-anos-de-prision-hombre-que-le-causo-la-muerte-a-su-expareja-y-a-dos-personas-mas-en-antioquia\/","og_site_name":"Fiscal\u00eda General de la Naci\u00f3n","article_publisher":"https:\/\/www.facebook.com\/FiscaliaCol","article_published_time":"2026-04-26T15:34:10+00:00","author":"Paula Andrea Castillo Lenis","twitter_card":"summary_large_image","twitter_creator":"@FiscaliaCol","twitter_site":"@FiscaliaCol","twitter_misc":{"Escrito por":"Paula Andrea Castillo Lenis","Tiempo de lectura":"2 minutos"},"schema":{"@context":"https:\/\/schema.org","@graph":[{"@type":"Article","@id":"https:\/\/www.fiscalia.gov.co\/colombia\/noticias\/condenado-a-42-anos-de-prision-hombre-que-le-causo-la-muerte-a-su-expareja-y-a-dos-personas-mas-en-antioquia\/#article","isPartOf":{"@id":"https:\/\/www.fiscalia.gov.co\/colombia\/noticias\/condenado-a-42-anos-de-prision-hombre-que-le-causo-la-muerte-a-su-expareja-y-a-dos-personas-mas-en-antioquia\/"},"author":{"name":"Paula Andrea Castillo Lenis","@id":"https:\/\/www.fiscalia.gov.co\/colombia\/#\/schema\/person\/66c172905e0492f1de6bbe5f93c4668f"},"headline":"Condenado a 42 a\u00f1os de prisi\u00f3n hombre que le caus\u00f3 la muerte a su expareja y a dos personas m\u00e1s en Antioquia","datePublished":"2026-04-26T15:34:10+00:00","dateModified":"2026-04-26T15:34:10+00:00","mainEntityOfPage":{"@id":"https:\/\/www.fiscalia.gov.co\/colombia\/noticias\/condenado-a-42-anos-de-prision-hombre-que-le-causo-la-muerte-a-su-expareja-y-a-dos-personas-mas-en-antioquia\/"},"wordCount":392,"publisher":{"@id":"https:\/\/www.fiscalia.gov.co\/colombia\/#organization"},"keywords":["11 de octubre de 2023","Abejorral (Antioquia)","Agresi\u00f3n f\u00edsica","Alias Satan\u00e1s","Antecedentes judiciales","ATAQUE CON ARMA BLANCA","ataque con arma de fuego","brazalete electr\u00f3nico","condena 42 a\u00f1os de prisi\u00f3n","condena previa 58 a\u00f1os","Desplazamiento forzado","evasi\u00f3n de medida de aseguramiento","excompa\u00f1era sentimental","Feminicidio","Fiscal\u00eda General de la Naci\u00f3n","Fuga de presos","Homicidio","Homicidios","Huila","investigaci\u00f3n Seccional Antioquia","Janner Iv\u00e1n Morales Poveda","juez penal de conocimiento","muerte de tres personas","Preacuerdo","pruebas judiciales","tr\u00e1fico fabricaci\u00f3n y porte de armas de fuego","Triple homicidio","vereda Santa Ana"],"articleSection":["Noticias","Seccional Antioquia","Seguridad territorial"],"inLanguage":"es-CO"},{"@type":"WebPage","@id":"https:\/\/www.fiscalia.gov.co\/colombia\/noticias\/condenado-a-42-anos-de-prision-hombre-que-le-causo-la-muerte-a-su-expareja-y-a-dos-personas-mas-en-antioquia\/","url":"https:\/\/www.fiscalia.gov.co\/colombia\/noticias\/condenado-a-42-anos-de-prision-hombre-que-le-causo-la-muerte-a-su-expareja-y-a-dos-personas-mas-en-antioquia\/","name":"Fiscal\u00eda General de la Naci\u00f3n","isPartOf":{"@id":"https:\/\/www.fiscalia.gov.co\/colombia\/#website"},"datePublished":"2026-04-26T15:34:10+00:00","dateModified":"2026-04-26T15:34:10+00:00","description":"P\u00e1gina oficial de la Fiscal\u00eda General de la Naci\u00f3n \u2013 Colombia. Garantizamos el acceso efectivo a la justicia, la verdad y la reparaci\u00f3n de las v\u00edctimas de los delitos.","breadcrumb":{"@id":"https:\/\/www.fiscalia.gov.co\/colombia\/noticias\/condenado-a-42-anos-de-prision-hombre-que-le-causo-la-muerte-a-su-expareja-y-a-dos-personas-mas-en-antioquia\/#breadcrumb"},"inLanguage":"es-CO","potentialAction":[{"@type":"ReadAction","target":["https:\/\/www.fiscalia.gov.co\/colombia\/noticias\/condenado-a-42-anos-de-prision-hombre-que-le-causo-la-muerte-a-su-expareja-y-a-dos-personas-mas-en-antioquia\/"]}]},{"@type":"BreadcrumbList","@id":"https:\/\/www.fiscalia.gov.co\/colombia\/noticias\/condenado-a-42-anos-de-prision-hombre-que-le-causo-la-muerte-a-su-expareja-y-a-dos-personas-mas-en-antioquia\/#breadcrumb","itemListElement":[{"@type":"ListItem","position":1,"name":"Home","item":"https:\/\/www.fiscalia.gov.co\/colombia\/"},{"@type":"ListItem","position":2,"name":"Condenado a 42 a\u00f1os de prisi\u00f3n hombre que le caus\u00f3 la muerte a su expareja y a dos personas m\u00e1s en Antioquia"}]},{"@type":"WebSite","@id":"https:\/\/www.fiscalia.gov.co\/colombia\/#website","url":"https:\/\/www.fiscalia.gov.co\/colombia\/","name":"Fiscal\u00eda General de la Naci\u00f3n","description":"P\u00e1gina oficial de la Fiscal\u00eda General de la Naci\u00f3n \u2013 Colombia. Garantizamos el acceso efectivo a la justicia, la verdad y la reparaci\u00f3n de las v\u00edctimas de los delitos.","publisher":{"@id":"https:\/\/www.fiscalia.gov.co\/colombia\/#organization"},"potentialAction":[{"@type":"SearchAction","target":{"@type":"EntryPoint","urlTemplate":"https:\/\/www.fiscalia.gov.co\/colombia\/?s={search_term_string}"},"query-input":{"@type":"PropertyValueSpecification","valueRequired":true,"valueName":"search_term_string"}}],"inLanguage":"es-CO"},{"@type":"Organization","@id":"https:\/\/www.fiscalia.gov.co\/colombia\/#organization","name":"Fiscal\u00eda General de la Naci\u00f3n","url":"https:\/\/www.fiscalia.gov.co\/colombia\/","logo":{"@type":"ImageObject","inLanguage":"es-CO","@id":"https:\/\/www.fiscalia.gov.co\/colombia\/#\/schema\/logo\/image\/","url":"https:\/\/www.fiscalia.gov.co\/colombia\/wp-content\/uploads\/LogoHorizontal_1.jpg","contentUrl":"https:\/\/www.fiscalia.gov.co\/colombia\/wp-content\/uploads\/LogoHorizontal_1.jpg","width":300,"height":90,"caption":"Fiscal\u00eda General de la Naci\u00f3n"},"image":{"@id":"https:\/\/www.fiscalia.gov.co\/colombia\/#\/schema\/logo\/image\/"},"sameAs":["https:\/\/www.facebook.com\/FiscaliaCol","https:\/\/x.com\/FiscaliaCol","https:\/\/www.instagram.com\/fiscaliacol","https:\/\/www.linkedin.com\/company\/fiscalia-general-de-la-naci-n\/","https:\/\/youtube.com\/@fiscaliageneraldelanacion-4668?si=6nN79nyQICPU5iTh"]},{"@type":"Person","@id":"https:\/\/www.fiscalia.gov.co\/colombia\/#\/schema\/person\/66c172905e0492f1de6bbe5f93c4668f","name":"Paula Andrea Castillo Lenis","image":{"@type":"ImageObject","inLanguage":"es-CO","@id":"https:\/\/www.fiscalia.gov.co\/colombia\/#\/schema\/person\/image\/","url":"https:\/\/secure.gravatar.com\/avatar\/cb060d9561f2947c4102d1825739f868?s=96&d=mm&r=g","contentUrl":"https:\/\/secure.gravatar.com\/avatar\/cb060d9561f2947c4102d1825739f868?s=96&d=mm&r=g","caption":"Paula Andrea Castillo Lenis"},"url":"https:\/\/www.fiscalia.gov.co\/colombia\/author\/paula-castillo\/"}]}},"_links":{"self":[{"href":"https:\/\/www.fiscalia.gov.co\/colombia\/wp-json\/wp\/v2\/posts\/362543","targetHints":{"allow":["GET"]}}],"collection":[{"href":"https:\/\/www.fiscalia.gov.co\/colombia\/wp-json\/wp\/v2\/posts"}],"about":[{"href":"https:\/\/www.fiscalia.gov.co\/colombia\/wp-json\/wp\/v2\/types\/post"}],"author":[{"embeddable":true,"href":"https:\/\/www.fiscalia.gov.co\/colombia\/wp-json\/wp\/v2\/users\/182"}],"replies":[{"embeddable":true,"href":"https:\/\/www.fiscalia.gov.co\/colombia\/wp-json\/wp\/v2\/comments?post=362543"}],"version-history":[{"count":1,"href":"https:\/\/www.fiscalia.gov.co\/colombia\/wp-json\/wp\/v2\/posts\/362543\/revisions"}],"predecessor-version":[{"id":362544,"href":"https:\/\/www.fiscalia.gov.co\/colombia\/wp-json\/wp\/v2\/posts\/362543\/revisions\/362544"}],"wp:attachment":[{"href":"https:\/\/www.fiscalia.gov.co\/colombia\/wp-json\/wp\/v2\/media?parent=362543"}],"wp:term":[{"taxonomy":"category","embeddable":true,"href":"https:\/\/www.fiscalia.gov.co\/colombia\/wp-json\/wp\/v2\/categories?post=362543"},{"taxonomy":"post_tag","embeddable":true,"href":"https:\/\/www.fiscalia.gov.co\/colombia\/wp-json\/wp\/v2\/tags?post=362543"}],"curies":[{"name":"wp","href":"https:\/\/api.w.org\/{rel}","templated":true}]}}