{"id":362541,"date":"2026-04-26T07:47:59","date_gmt":"2026-04-26T12:47:59","guid":{"rendered":"https:\/\/www.fiscalia.gov.co\/colombia\/?p=362541"},"modified":"2026-04-26T07:47:59","modified_gmt":"2026-04-26T12:47:59","slug":"accion-interinstitucional-permite-recuperar-ocelotes-que-iban-a-ser-comercializados-por-una-red-de-trafico-de-fauna-a-traves-de-redes-sociales","status":"publish","type":"post","link":"https:\/\/www.fiscalia.gov.co\/colombia\/noticias\/accion-interinstitucional-permite-recuperar-ocelotes-que-iban-a-ser-comercializados-por-una-red-de-trafico-de-fauna-a-traves-de-redes-sociales\/","title":{"rendered":"Acci\u00f3n interinstitucional permite recuperar ocelotes que iban a ser comercializados por una red de tr\u00e1fico de fauna a trav\u00e9s de redes sociales"},"content":{"rendered":"<blockquote>\n<h4><em>Los felinos permanec\u00edan encerrados en un inmueble de Jamund\u00ed (Valle del Cauca). Quedaron a disposici\u00f3n de las autoridades ambientales para su rehabilitaci\u00f3n.<\/em><\/h4>\n<\/blockquote>\n<p>Como parte de las actividades investigativas definidas contra una red dedicada al tr\u00e1fico de fauna silvestre, con injerencia en <strong>Valle del Cauca, Boyac\u00e1 y Tolima<\/strong>, la Fiscal\u00eda General de la Naci\u00f3n y la Direcci\u00f3n de Carabineros de la Polic\u00eda Nacional identificaron un inmueble en el<strong> barrio Santa Ana de Jamund\u00ed (Valle del Cauca)<\/strong> que albergaba varias especies, las cuales eran ofrecidas por redes sociales con fines de comercializaci\u00f3n.<\/p>\n<p>En<strong> diligencia de registro y allanamiento<\/strong> realizada en el predio, fueron encontrados dos ocelotes, un macho y una hembra, que permanec\u00edan encerrados y en condiciones adversas. En ese sentido, fueron recuperados y entregados a la autoridad ambiental para iniciar el proceso de rehabilitaci\u00f3n.<\/p>\n<p>En el procedimiento fue capturada en situaci\u00f3n de <strong>flagrancia<\/strong> Flor Smith Rubio Quimbayo, quien administraba el predio. Un fiscal de la <strong>Direcci\u00f3n Especializada contra los Recursos Naturales y el Medio Ambiente<\/strong> la present\u00f3 ante un juez de control de garant\u00edas y le imput\u00f3 el delito de aprovechamiento il\u00edcito de los recursos naturales renovables. La mujer acept\u00f3 el cargo.<\/p>\n<p>Los ocelotes o \u2018Leopardus pardalis\u2019 son catalogados como una especie amenazada y en v\u00eda de extinci\u00f3n. Su captura, posesi\u00f3n y comercio est\u00e1n estrictamente regulados debido a su estatus de conservaci\u00f3n, por lo que el cautiverio sin los permisos correspondientes constituye una infracci\u00f3n grave a la<strong> normativa ambiental y de protecci\u00f3n animal.<\/strong><\/p>\n<p>LKSC\/JARG\/DEMA<\/p>\n<p>&nbsp;<\/p>\n<p>&nbsp;<\/p>\n<p><em>La informaci\u00f3n contenida en este bolet\u00edn de prensa corresponde a la narraci\u00f3n de los hechos noticiosos objetivos, suministrados por los funcionarios encargados de adelantar las investigaciones penales al interior de la Fiscal\u00eda General de la Naci\u00f3n. Para el momento de la divulgaci\u00f3n de este comunicado, la situaci\u00f3n jur\u00eddica de la(s) persona(s) relacionada(s) se encuentra pendiente de resolver por la autoridad judicial competente, siempre bajo los preceptos de la presunci\u00f3n de inocencia, consagrados en el art\u00edculo 29 de la Constituci\u00f3n Pol\u00edtica y el art\u00edculo 7\u00ba de la Ley 906 de 2004.<\/em><\/p>\n<p>&nbsp;<\/p>\n\n<div class=\"twitter-share\"><a href=\"https:\/\/twitter.com\/intent\/tweet?via=fiscaliacol\" class=\"twitter-share-button\">Tweet<\/a><\/div>\n","protected":false},"excerpt":{"rendered":"<p>Los felinos permanec\u00edan encerrados en un inmueble de Jamund\u00ed (Valle del Cauca). Quedaron a disposici\u00f3n de las autoridades ambientales para su rehabilitaci\u00f3n. Como parte de las actividades investigativas definidas contra [&hellip;]<\/p>\n","protected":false},"author":182,"featured_media":0,"comment_status":"closed","ping_status":"open","sticky":false,"template":"","format":"standard","meta":{"tdm_status":"","tdm_grid_status":"","footnotes":""},"categories":[24124,1],"tags":[24467,26305,30252,46570,29224,14450,24955,46567,42283,46568,3059,24786,46565,18869,1047,15474,32896,25812,46564,46563,558,25291,8479,3029,46571,46569,12189,25183,1886,46566],"class_list":["post-362541","post","type-post","status-publish","format-standard","category-dano-al-medio-ambiente","category-noticias","tag-aceptacion-de-cargos","tag-allanamiento-y-registro","tag-aprovechamiento-ilicito-de-recursos-naturales-renovables","tag-autoridad-ambiental","tag-barrio-santa-ana","tag-boyaca","tag-captura-en-flagrancia","tag-cautiverio-ilegal","tag-comercializacion-ilegal","tag-condiciones-adversas","tag-delitos-ambientales","tag-direccion-de-carabineros","tag-especie-amenazada","tag-fauna-silvestre","tag-fiscalia-general-de-la-nacion","tag-imputacion-de-cargos","tag-jamundi-valle-del-cauca","tag-judicializacion","tag-leopardus-pardalis","tag-ocelotes","tag-policia-nacional","tag-proteccion-animal","tag-red-criminal","tag-redes-sociales","tag-rehabilitacion-de-fauna","tag-rescate-de-animales","tag-tolima","tag-trafico-de-fauna-silvestre","tag-valle-del-cauca","tag-via-de-extincion"],"yoast_head":"<!-- This site is optimized with the Yoast SEO plugin v24.3 - https:\/\/yoast.com\/wordpress\/plugins\/seo\/ -->\n<title>Fiscal\u00eda General de la Naci\u00f3n<\/title>\n<meta name=\"description\" content=\"P\u00e1gina oficial de la Fiscal\u00eda General de la Naci\u00f3n \u2013 Colombia. Garantizamos el acceso efectivo a la justicia, la verdad y la reparaci\u00f3n de las v\u00edctimas de los delitos.\" \/>\n<meta name=\"robots\" content=\"noindex, follow\" \/>\n<meta property=\"og:locale\" content=\"es_ES\" \/>\n<meta property=\"og:type\" content=\"article\" \/>\n<meta property=\"og:title\" content=\"Fiscal\u00eda General de la Naci\u00f3n\" \/>\n<meta property=\"og:description\" content=\"P\u00e1gina oficial de la Fiscal\u00eda General de la Naci\u00f3n \u2013 Colombia. Garantizamos el acceso efectivo a la justicia, la verdad y la reparaci\u00f3n de las v\u00edctimas de los delitos.\" \/>\n<meta property=\"og:url\" content=\"https:\/\/www.fiscalia.gov.co\/colombia\/noticias\/accion-interinstitucional-permite-recuperar-ocelotes-que-iban-a-ser-comercializados-por-una-red-de-trafico-de-fauna-a-traves-de-redes-sociales\/\" \/>\n<meta property=\"og:site_name\" content=\"Fiscal\u00eda General de la Naci\u00f3n\" \/>\n<meta property=\"article:publisher\" content=\"https:\/\/www.facebook.com\/FiscaliaCol\" \/>\n<meta property=\"article:published_time\" content=\"2026-04-26T12:47:59+00:00\" \/>\n<meta name=\"author\" content=\"Paula Andrea Castillo Lenis\" \/>\n<meta name=\"twitter:card\" content=\"summary_large_image\" \/>\n<meta name=\"twitter:creator\" content=\"@FiscaliaCol\" \/>\n<meta name=\"twitter:site\" content=\"@FiscaliaCol\" \/>\n<meta name=\"twitter:label1\" content=\"Escrito por\" \/>\n\t<meta name=\"twitter:data1\" content=\"Paula Andrea Castillo Lenis\" \/>\n\t<meta name=\"twitter:label2\" content=\"Tiempo de lectura\" \/>\n\t<meta name=\"twitter:data2\" content=\"2 minutos\" \/>\n<script type=\"application\/ld+json\" class=\"yoast-schema-graph\">{\"@context\":\"https:\/\/schema.org\",\"@graph\":[{\"@type\":\"Article\",\"@id\":\"https:\/\/www.fiscalia.gov.co\/colombia\/noticias\/accion-interinstitucional-permite-recuperar-ocelotes-que-iban-a-ser-comercializados-por-una-red-de-trafico-de-fauna-a-traves-de-redes-sociales\/#article\",\"isPartOf\":{\"@id\":\"https:\/\/www.fiscalia.gov.co\/colombia\/noticias\/accion-interinstitucional-permite-recuperar-ocelotes-que-iban-a-ser-comercializados-por-una-red-de-trafico-de-fauna-a-traves-de-redes-sociales\/\"},\"author\":{\"name\":\"Paula Andrea Castillo Lenis\",\"@id\":\"https:\/\/www.fiscalia.gov.co\/colombia\/#\/schema\/person\/66c172905e0492f1de6bbe5f93c4668f\"},\"headline\":\"Acci\u00f3n interinstitucional permite recuperar ocelotes que iban a ser comercializados por una red de tr\u00e1fico de fauna a trav\u00e9s de redes sociales\",\"datePublished\":\"2026-04-26T12:47:59+00:00\",\"dateModified\":\"2026-04-26T12:47:59+00:00\",\"mainEntityOfPage\":{\"@id\":\"https:\/\/www.fiscalia.gov.co\/colombia\/noticias\/accion-interinstitucional-permite-recuperar-ocelotes-que-iban-a-ser-comercializados-por-una-red-de-trafico-de-fauna-a-traves-de-redes-sociales\/\"},\"wordCount\":397,\"publisher\":{\"@id\":\"https:\/\/www.fiscalia.gov.co\/colombia\/#organization\"},\"keywords\":[\"Aceptaci\u00f3n de cargos\",\"allanamiento y registro\",\"aprovechamiento il\u00edcito de recursos naturales renovables\",\"autoridad ambiental\",\"barrio Santa Ana\",\"Boyac\u00e1\",\"captura en flagrancia\",\"cautiverio ilegal\",\"comercializaci\u00f3n ilegal\",\"condiciones adversas\",\"Delitos ambientales\",\"Direcci\u00f3n de Carabineros\",\"especie amenazada\",\"Fauna silvestre\",\"Fiscal\u00eda General de la Naci\u00f3n\",\"Imputaci\u00f3n de cargos\",\"Jamund\u00ed (Valle del Cauca)\",\"Judicializaci\u00f3n\",\"Leopardus pardalis\",\"ocelotes\",\"Polic\u00eda Nacional\",\"protecci\u00f3n animal\",\"Red criminal\",\"Redes sociales\",\"rehabilitaci\u00f3n de fauna\",\"rescate de animales\",\"Tolima\",\"tr\u00e1fico de fauna silvestre\",\"Valle del Cauca\",\"v\u00eda de extinci\u00f3n\"],\"articleSection\":[\"Da\u00f1o al medio ambiente\",\"Noticias\"],\"inLanguage\":\"es-CO\"},{\"@type\":\"WebPage\",\"@id\":\"https:\/\/www.fiscalia.gov.co\/colombia\/noticias\/accion-interinstitucional-permite-recuperar-ocelotes-que-iban-a-ser-comercializados-por-una-red-de-trafico-de-fauna-a-traves-de-redes-sociales\/\",\"url\":\"https:\/\/www.fiscalia.gov.co\/colombia\/noticias\/accion-interinstitucional-permite-recuperar-ocelotes-que-iban-a-ser-comercializados-por-una-red-de-trafico-de-fauna-a-traves-de-redes-sociales\/\",\"name\":\"Fiscal\u00eda General de la Naci\u00f3n\",\"isPartOf\":{\"@id\":\"https:\/\/www.fiscalia.gov.co\/colombia\/#website\"},\"datePublished\":\"2026-04-26T12:47:59+00:00\",\"dateModified\":\"2026-04-26T12:47:59+00:00\",\"description\":\"P\u00e1gina oficial de la Fiscal\u00eda General de la Naci\u00f3n \u2013 Colombia. Garantizamos el acceso efectivo a la justicia, la verdad y la reparaci\u00f3n de las v\u00edctimas de los delitos.\",\"breadcrumb\":{\"@id\":\"https:\/\/www.fiscalia.gov.co\/colombia\/noticias\/accion-interinstitucional-permite-recuperar-ocelotes-que-iban-a-ser-comercializados-por-una-red-de-trafico-de-fauna-a-traves-de-redes-sociales\/#breadcrumb\"},\"inLanguage\":\"es-CO\",\"potentialAction\":[{\"@type\":\"ReadAction\",\"target\":[\"https:\/\/www.fiscalia.gov.co\/colombia\/noticias\/accion-interinstitucional-permite-recuperar-ocelotes-que-iban-a-ser-comercializados-por-una-red-de-trafico-de-fauna-a-traves-de-redes-sociales\/\"]}]},{\"@type\":\"BreadcrumbList\",\"@id\":\"https:\/\/www.fiscalia.gov.co\/colombia\/noticias\/accion-interinstitucional-permite-recuperar-ocelotes-que-iban-a-ser-comercializados-por-una-red-de-trafico-de-fauna-a-traves-de-redes-sociales\/#breadcrumb\",\"itemListElement\":[{\"@type\":\"ListItem\",\"position\":1,\"name\":\"Home\",\"item\":\"https:\/\/www.fiscalia.gov.co\/colombia\/\"},{\"@type\":\"ListItem\",\"position\":2,\"name\":\"Acci\u00f3n interinstitucional permite recuperar ocelotes que iban a ser comercializados por una red de tr\u00e1fico de fauna a trav\u00e9s de redes sociales\"}]},{\"@type\":\"WebSite\",\"@id\":\"https:\/\/www.fiscalia.gov.co\/colombia\/#website\",\"url\":\"https:\/\/www.fiscalia.gov.co\/colombia\/\",\"name\":\"Fiscal\u00eda General de la Naci\u00f3n\",\"description\":\"P\u00e1gina oficial de la Fiscal\u00eda General de la Naci\u00f3n \u2013 Colombia. Garantizamos el acceso efectivo a la justicia, la verdad y la reparaci\u00f3n de las v\u00edctimas de los delitos.\",\"publisher\":{\"@id\":\"https:\/\/www.fiscalia.gov.co\/colombia\/#organization\"},\"potentialAction\":[{\"@type\":\"SearchAction\",\"target\":{\"@type\":\"EntryPoint\",\"urlTemplate\":\"https:\/\/www.fiscalia.gov.co\/colombia\/?s={search_term_string}\"},\"query-input\":{\"@type\":\"PropertyValueSpecification\",\"valueRequired\":true,\"valueName\":\"search_term_string\"}}],\"inLanguage\":\"es-CO\"},{\"@type\":\"Organization\",\"@id\":\"https:\/\/www.fiscalia.gov.co\/colombia\/#organization\",\"name\":\"Fiscal\u00eda General de la Naci\u00f3n\",\"url\":\"https:\/\/www.fiscalia.gov.co\/colombia\/\",\"logo\":{\"@type\":\"ImageObject\",\"inLanguage\":\"es-CO\",\"@id\":\"https:\/\/www.fiscalia.gov.co\/colombia\/#\/schema\/logo\/image\/\",\"url\":\"https:\/\/www.fiscalia.gov.co\/colombia\/wp-content\/uploads\/LogoHorizontal_1.jpg\",\"contentUrl\":\"https:\/\/www.fiscalia.gov.co\/colombia\/wp-content\/uploads\/LogoHorizontal_1.jpg\",\"width\":300,\"height\":90,\"caption\":\"Fiscal\u00eda General de la Naci\u00f3n\"},\"image\":{\"@id\":\"https:\/\/www.fiscalia.gov.co\/colombia\/#\/schema\/logo\/image\/\"},\"sameAs\":[\"https:\/\/www.facebook.com\/FiscaliaCol\",\"https:\/\/x.com\/FiscaliaCol\",\"https:\/\/www.instagram.com\/fiscaliacol\",\"https:\/\/www.linkedin.com\/company\/fiscalia-general-de-la-naci-n\/\",\"https:\/\/youtube.com\/@fiscaliageneraldelanacion-4668?si=6nN79nyQICPU5iTh\"]},{\"@type\":\"Person\",\"@id\":\"https:\/\/www.fiscalia.gov.co\/colombia\/#\/schema\/person\/66c172905e0492f1de6bbe5f93c4668f\",\"name\":\"Paula Andrea Castillo Lenis\",\"image\":{\"@type\":\"ImageObject\",\"inLanguage\":\"es-CO\",\"@id\":\"https:\/\/www.fiscalia.gov.co\/colombia\/#\/schema\/person\/image\/\",\"url\":\"https:\/\/secure.gravatar.com\/avatar\/cb060d9561f2947c4102d1825739f868?s=96&d=mm&r=g\",\"contentUrl\":\"https:\/\/secure.gravatar.com\/avatar\/cb060d9561f2947c4102d1825739f868?s=96&d=mm&r=g\",\"caption\":\"Paula Andrea Castillo Lenis\"},\"url\":\"https:\/\/www.fiscalia.gov.co\/colombia\/author\/paula-castillo\/\"}]}<\/script>\n<!-- \/ Yoast SEO plugin. -->","yoast_head_json":{"title":"Fiscal\u00eda General de la Naci\u00f3n","description":"P\u00e1gina oficial de la Fiscal\u00eda General de la Naci\u00f3n \u2013 Colombia. Garantizamos el acceso efectivo a la justicia, la verdad y la reparaci\u00f3n de las v\u00edctimas de los delitos.","robots":{"index":"noindex","follow":"follow"},"og_locale":"es_ES","og_type":"article","og_title":"Fiscal\u00eda General de la Naci\u00f3n","og_description":"P\u00e1gina oficial de la Fiscal\u00eda General de la Naci\u00f3n \u2013 Colombia. Garantizamos el acceso efectivo a la justicia, la verdad y la reparaci\u00f3n de las v\u00edctimas de los delitos.","og_url":"https:\/\/www.fiscalia.gov.co\/colombia\/noticias\/accion-interinstitucional-permite-recuperar-ocelotes-que-iban-a-ser-comercializados-por-una-red-de-trafico-de-fauna-a-traves-de-redes-sociales\/","og_site_name":"Fiscal\u00eda General de la Naci\u00f3n","article_publisher":"https:\/\/www.facebook.com\/FiscaliaCol","article_published_time":"2026-04-26T12:47:59+00:00","author":"Paula Andrea Castillo Lenis","twitter_card":"summary_large_image","twitter_creator":"@FiscaliaCol","twitter_site":"@FiscaliaCol","twitter_misc":{"Escrito por":"Paula Andrea Castillo Lenis","Tiempo de lectura":"2 minutos"},"schema":{"@context":"https:\/\/schema.org","@graph":[{"@type":"Article","@id":"https:\/\/www.fiscalia.gov.co\/colombia\/noticias\/accion-interinstitucional-permite-recuperar-ocelotes-que-iban-a-ser-comercializados-por-una-red-de-trafico-de-fauna-a-traves-de-redes-sociales\/#article","isPartOf":{"@id":"https:\/\/www.fiscalia.gov.co\/colombia\/noticias\/accion-interinstitucional-permite-recuperar-ocelotes-que-iban-a-ser-comercializados-por-una-red-de-trafico-de-fauna-a-traves-de-redes-sociales\/"},"author":{"name":"Paula Andrea Castillo Lenis","@id":"https:\/\/www.fiscalia.gov.co\/colombia\/#\/schema\/person\/66c172905e0492f1de6bbe5f93c4668f"},"headline":"Acci\u00f3n interinstitucional permite recuperar ocelotes que iban a ser comercializados por una red de tr\u00e1fico de fauna a trav\u00e9s de redes sociales","datePublished":"2026-04-26T12:47:59+00:00","dateModified":"2026-04-26T12:47:59+00:00","mainEntityOfPage":{"@id":"https:\/\/www.fiscalia.gov.co\/colombia\/noticias\/accion-interinstitucional-permite-recuperar-ocelotes-que-iban-a-ser-comercializados-por-una-red-de-trafico-de-fauna-a-traves-de-redes-sociales\/"},"wordCount":397,"publisher":{"@id":"https:\/\/www.fiscalia.gov.co\/colombia\/#organization"},"keywords":["Aceptaci\u00f3n de cargos","allanamiento y registro","aprovechamiento il\u00edcito de recursos naturales renovables","autoridad ambiental","barrio Santa Ana","Boyac\u00e1","captura en flagrancia","cautiverio ilegal","comercializaci\u00f3n ilegal","condiciones adversas","Delitos ambientales","Direcci\u00f3n de Carabineros","especie amenazada","Fauna silvestre","Fiscal\u00eda General de la Naci\u00f3n","Imputaci\u00f3n de cargos","Jamund\u00ed (Valle del Cauca)","Judicializaci\u00f3n","Leopardus pardalis","ocelotes","Polic\u00eda Nacional","protecci\u00f3n animal","Red criminal","Redes sociales","rehabilitaci\u00f3n de fauna","rescate de animales","Tolima","tr\u00e1fico de fauna silvestre","Valle del Cauca","v\u00eda de extinci\u00f3n"],"articleSection":["Da\u00f1o al medio ambiente","Noticias"],"inLanguage":"es-CO"},{"@type":"WebPage","@id":"https:\/\/www.fiscalia.gov.co\/colombia\/noticias\/accion-interinstitucional-permite-recuperar-ocelotes-que-iban-a-ser-comercializados-por-una-red-de-trafico-de-fauna-a-traves-de-redes-sociales\/","url":"https:\/\/www.fiscalia.gov.co\/colombia\/noticias\/accion-interinstitucional-permite-recuperar-ocelotes-que-iban-a-ser-comercializados-por-una-red-de-trafico-de-fauna-a-traves-de-redes-sociales\/","name":"Fiscal\u00eda General de la Naci\u00f3n","isPartOf":{"@id":"https:\/\/www.fiscalia.gov.co\/colombia\/#website"},"datePublished":"2026-04-26T12:47:59+00:00","dateModified":"2026-04-26T12:47:59+00:00","description":"P\u00e1gina oficial de la Fiscal\u00eda General de la Naci\u00f3n \u2013 Colombia. Garantizamos el acceso efectivo a la justicia, la verdad y la reparaci\u00f3n de las v\u00edctimas de los delitos.","breadcrumb":{"@id":"https:\/\/www.fiscalia.gov.co\/colombia\/noticias\/accion-interinstitucional-permite-recuperar-ocelotes-que-iban-a-ser-comercializados-por-una-red-de-trafico-de-fauna-a-traves-de-redes-sociales\/#breadcrumb"},"inLanguage":"es-CO","potentialAction":[{"@type":"ReadAction","target":["https:\/\/www.fiscalia.gov.co\/colombia\/noticias\/accion-interinstitucional-permite-recuperar-ocelotes-que-iban-a-ser-comercializados-por-una-red-de-trafico-de-fauna-a-traves-de-redes-sociales\/"]}]},{"@type":"BreadcrumbList","@id":"https:\/\/www.fiscalia.gov.co\/colombia\/noticias\/accion-interinstitucional-permite-recuperar-ocelotes-que-iban-a-ser-comercializados-por-una-red-de-trafico-de-fauna-a-traves-de-redes-sociales\/#breadcrumb","itemListElement":[{"@type":"ListItem","position":1,"name":"Home","item":"https:\/\/www.fiscalia.gov.co\/colombia\/"},{"@type":"ListItem","position":2,"name":"Acci\u00f3n interinstitucional permite recuperar ocelotes que iban a ser comercializados por una red de tr\u00e1fico de fauna a trav\u00e9s de redes sociales"}]},{"@type":"WebSite","@id":"https:\/\/www.fiscalia.gov.co\/colombia\/#website","url":"https:\/\/www.fiscalia.gov.co\/colombia\/","name":"Fiscal\u00eda General de la Naci\u00f3n","description":"P\u00e1gina oficial de la Fiscal\u00eda General de la Naci\u00f3n \u2013 Colombia. Garantizamos el acceso efectivo a la justicia, la verdad y la reparaci\u00f3n de las v\u00edctimas de los delitos.","publisher":{"@id":"https:\/\/www.fiscalia.gov.co\/colombia\/#organization"},"potentialAction":[{"@type":"SearchAction","target":{"@type":"EntryPoint","urlTemplate":"https:\/\/www.fiscalia.gov.co\/colombia\/?s={search_term_string}"},"query-input":{"@type":"PropertyValueSpecification","valueRequired":true,"valueName":"search_term_string"}}],"inLanguage":"es-CO"},{"@type":"Organization","@id":"https:\/\/www.fiscalia.gov.co\/colombia\/#organization","name":"Fiscal\u00eda General de la Naci\u00f3n","url":"https:\/\/www.fiscalia.gov.co\/colombia\/","logo":{"@type":"ImageObject","inLanguage":"es-CO","@id":"https:\/\/www.fiscalia.gov.co\/colombia\/#\/schema\/logo\/image\/","url":"https:\/\/www.fiscalia.gov.co\/colombia\/wp-content\/uploads\/LogoHorizontal_1.jpg","contentUrl":"https:\/\/www.fiscalia.gov.co\/colombia\/wp-content\/uploads\/LogoHorizontal_1.jpg","width":300,"height":90,"caption":"Fiscal\u00eda General de la Naci\u00f3n"},"image":{"@id":"https:\/\/www.fiscalia.gov.co\/colombia\/#\/schema\/logo\/image\/"},"sameAs":["https:\/\/www.facebook.com\/FiscaliaCol","https:\/\/x.com\/FiscaliaCol","https:\/\/www.instagram.com\/fiscaliacol","https:\/\/www.linkedin.com\/company\/fiscalia-general-de-la-naci-n\/","https:\/\/youtube.com\/@fiscaliageneraldelanacion-4668?si=6nN79nyQICPU5iTh"]},{"@type":"Person","@id":"https:\/\/www.fiscalia.gov.co\/colombia\/#\/schema\/person\/66c172905e0492f1de6bbe5f93c4668f","name":"Paula Andrea Castillo Lenis","image":{"@type":"ImageObject","inLanguage":"es-CO","@id":"https:\/\/www.fiscalia.gov.co\/colombia\/#\/schema\/person\/image\/","url":"https:\/\/secure.gravatar.com\/avatar\/cb060d9561f2947c4102d1825739f868?s=96&d=mm&r=g","contentUrl":"https:\/\/secure.gravatar.com\/avatar\/cb060d9561f2947c4102d1825739f868?s=96&d=mm&r=g","caption":"Paula Andrea Castillo Lenis"},"url":"https:\/\/www.fiscalia.gov.co\/colombia\/author\/paula-castillo\/"}]}},"_links":{"self":[{"href":"https:\/\/www.fiscalia.gov.co\/colombia\/wp-json\/wp\/v2\/posts\/362541","targetHints":{"allow":["GET"]}}],"collection":[{"href":"https:\/\/www.fiscalia.gov.co\/colombia\/wp-json\/wp\/v2\/posts"}],"about":[{"href":"https:\/\/www.fiscalia.gov.co\/colombia\/wp-json\/wp\/v2\/types\/post"}],"author":[{"embeddable":true,"href":"https:\/\/www.fiscalia.gov.co\/colombia\/wp-json\/wp\/v2\/users\/182"}],"replies":[{"embeddable":true,"href":"https:\/\/www.fiscalia.gov.co\/colombia\/wp-json\/wp\/v2\/comments?post=362541"}],"version-history":[{"count":1,"href":"https:\/\/www.fiscalia.gov.co\/colombia\/wp-json\/wp\/v2\/posts\/362541\/revisions"}],"predecessor-version":[{"id":362542,"href":"https:\/\/www.fiscalia.gov.co\/colombia\/wp-json\/wp\/v2\/posts\/362541\/revisions\/362542"}],"wp:attachment":[{"href":"https:\/\/www.fiscalia.gov.co\/colombia\/wp-json\/wp\/v2\/media?parent=362541"}],"wp:term":[{"taxonomy":"category","embeddable":true,"href":"https:\/\/www.fiscalia.gov.co\/colombia\/wp-json\/wp\/v2\/categories?post=362541"},{"taxonomy":"post_tag","embeddable":true,"href":"https:\/\/www.fiscalia.gov.co\/colombia\/wp-json\/wp\/v2\/tags?post=362541"}],"curies":[{"name":"wp","href":"https:\/\/api.w.org\/{rel}","templated":true}]}}