{"id":362441,"date":"2026-04-24T08:36:49","date_gmt":"2026-04-24T13:36:49","guid":{"rendered":"https:\/\/www.fiscalia.gov.co\/colombia\/?p=362441"},"modified":"2026-04-24T08:36:49","modified_gmt":"2026-04-24T13:36:49","slug":"judicializado-presunto-cabecilla-del-grupo-delincuencial-la-familia-de-la-p-por-ola-de-violencia-que-dejo-178-homicidios-en-cucuta","status":"publish","type":"post","link":"https:\/\/www.fiscalia.gov.co\/colombia\/noticias\/judicializado-presunto-cabecilla-del-grupo-delincuencial-la-familia-de-la-p-por-ola-de-violencia-que-dejo-178-homicidios-en-cucuta\/","title":{"rendered":"Judicializado presunto cabecilla del grupo delincuencial \u2018La familia de la P\u2019 por ola de violencia que dej\u00f3 178 homicidios en C\u00facuta"},"content":{"rendered":"<blockquote>\n<h4><em>Los cr\u00edmenes estar\u00edan relacionados con un plan criminal para asumir el control de las rentas il\u00edcitas. <\/em><\/h4>\n<\/blockquote>\n<p>La<strong> Fiscal\u00eda General de la Naci\u00f3n<\/strong> document\u00f3 un patr\u00f3n delictivo impuesto por un grupo delincuencial autodenominado \u2018<strong>La Familia P<\/strong>\u2019 para amedrantar a la poblaci\u00f3n, confrontar a otras organizaciones ilegales y apoderarse de las rentas il\u00edcitas, como la venta de estupefacientes al menudeo en <strong>C\u00facuta (Norte de Santander)<\/strong> y su \u00e1rea metropolitana.<\/p>\n<p>Para cumplir ese prop\u00f3sito criminal, Evert Carre\u00f1o Corredor, alias Porras o El Viejo, se\u00f1alado cabecilla de \u2018<strong>La Familia P\u2019<\/strong> habr\u00eda promovido ataques armados en las comunas 6, 7 y 8 de la ciudad, que dejaron 178 personas muertas y 35 heridas entre 2015 y 2024.<\/p>\n<p>De acuerdo con los elementos materiales probatorios recaudados por el <strong>Cuerpo T\u00e9cnico de Investigaci\u00f3n (CTI)<\/strong> este hombre presuntamente entreg\u00f3 instrucciones, coordin\u00f3 la ejecuci\u00f3n de las acciones delictivas, defini\u00f3 los diferentes roles que deber\u00edan cumplir los integrantes de su estructura y dispuso la instrumentalizaci\u00f3n de menores de edad, a trav\u00e9s de aplicaciones de mensajer\u00eda instant\u00e1nea.<\/p>\n<p>En ese sentido, una fiscal de la <strong>Unidad de Vida de la Seccional Norte de Santander<\/strong> le imput\u00f3 los delitos de <strong>concierto para delinquir agravado; homicidio agravado, tentativa de homicidio<\/strong>; uso de menores de edad para la comisi\u00f3n de delitos; fabricaci\u00f3n, tr\u00e1fico, porte o tenencia de armas de fuego, accesorios, partes o municiones; fabricaci\u00f3n, tr\u00e1fico y porte de armas, municiones de uso restringido, de uso privativo de las Fuerzas Armadas o explosivos; y hurto calificado y agravado en grado de tentativa.<\/p>\n<p>El procesado no acept\u00f3 los cargos y deber\u00e1 seguir privado de la libertad, en el entendido de que cumple <strong>medida de aseguramiento en centro carcelario<\/strong> por otros eventos delictivos en los que estar\u00eda involucrado.<\/p>\n<p>Esta informaci\u00f3n se publica por razones de inter\u00e9s general.<\/p>\n<p>MPHA\/AMCJ\/LCHG\/JARG\/ECDR\/MRM\/EDBCH\/DSNS\/<\/p>\n<p><em>La informaci\u00f3n contenida en este bolet\u00edn de prensa corresponde a la narraci\u00f3n de los hechos noticiosos objetivos, suministrados por los funcionarios encargados de adelantar las investigaciones penales al interior de la Fiscal\u00eda General de la Naci\u00f3n. Para el momento de la divulgaci\u00f3n de este comunicado, la situaci\u00f3n jur\u00eddica de la(s) persona(s) relacionada(s) se encuentra pendiente de resolver por la autoridad judicial competente, siempre bajo los preceptos de la presunci\u00f3n de inocencia, consagrados en el art\u00edculo 29 de la Constituci\u00f3n Pol\u00edtica y el art\u00edculo 7\u00ba de la Ley 906 de 2004.<\/em><\/p>\n<p>&nbsp;<\/p>\n\n<div class=\"twitter-share\"><a href=\"https:\/\/twitter.com\/intent\/tweet?via=fiscaliacol\" class=\"twitter-share-button\">Tweet<\/a><\/div>\n","protected":false},"excerpt":{"rendered":"<p>Los cr\u00edmenes estar\u00edan relacionados con un plan criminal para asumir el control de las rentas il\u00edcitas. La Fiscal\u00eda General de la Naci\u00f3n document\u00f3 un patr\u00f3n delictivo impuesto por un grupo [&hellip;]<\/p>\n","protected":false},"author":182,"featured_media":0,"comment_status":"closed","ping_status":"open","sticky":false,"template":"","format":"standard","meta":{"tdm_status":"","tdm_grid_status":"","footnotes":""},"categories":[1,24099],"tags":[10660,46540,27335,766,46538,1418,46541,7336,46537,46542,7484,45,23826,25012,50,46539,3304,1047,24247,32824,686,5187,733,15474,24994,46534,1185,40473,674,2228,46535,933,44861,37494,479,24233,46536,40432,43850],"class_list":["post-362441","post","type-post","status-publish","format-standard","category-noticias","category-seguridad-territorial","tag-alias-el-viejo","tag-alias-porras","tag-area-metropolitana","tag-armas-de-uso-privativo","tag-ataques-armados","tag-cabecilla","tag-comunas-6-7-y-8","tag-concierto-para-delinquir-agravado","tag-confrontacion-criminal","tag-coordinacion-delictiva","tag-crimen-organizado","tag-cti","tag-cucuta","tag-cuerpo-tecnico-de-investigacion","tag-estupefacientes","tag-evert-carreno-corredor","tag-explosivos","tag-fiscalia-general-de-la-nacion","tag-grupo-delincuencial","tag-heridos","tag-homicidio-agravado","tag-homicidios","tag-hurto-agravado","tag-imputacion-de-cargos","tag-instrumentalizacion-de-menores","tag-la-familia-p","tag-medida-de-aseguramiento","tag-mensajeria-instantanea","tag-microtrafico","tag-norte-de-santander","tag-patron-delictivo","tag-porte-ilegal-de-armas","tag-prision-preventiva","tag-rentas-ilicitas","tag-tentativa-de-homicidio","tag-uso-de-menores","tag-venta-de-droga","tag-victimas-mortales","tag-violencia-urbana"],"yoast_head":"<!-- This site is optimized with the Yoast SEO plugin v24.3 - https:\/\/yoast.com\/wordpress\/plugins\/seo\/ -->\n<title>Fiscal\u00eda General de la Naci\u00f3n<\/title>\n<meta name=\"description\" content=\"P\u00e1gina oficial de la Fiscal\u00eda General de la Naci\u00f3n \u2013 Colombia. Garantizamos el acceso efectivo a la justicia, la verdad y la reparaci\u00f3n de las v\u00edctimas de los delitos.\" \/>\n<meta name=\"robots\" content=\"noindex, follow\" \/>\n<meta property=\"og:locale\" content=\"es_ES\" \/>\n<meta property=\"og:type\" content=\"article\" \/>\n<meta property=\"og:title\" content=\"Fiscal\u00eda General de la Naci\u00f3n\" \/>\n<meta property=\"og:description\" content=\"P\u00e1gina oficial de la Fiscal\u00eda General de la Naci\u00f3n \u2013 Colombia. Garantizamos el acceso efectivo a la justicia, la verdad y la reparaci\u00f3n de las v\u00edctimas de los delitos.\" \/>\n<meta property=\"og:url\" content=\"https:\/\/www.fiscalia.gov.co\/colombia\/noticias\/judicializado-presunto-cabecilla-del-grupo-delincuencial-la-familia-de-la-p-por-ola-de-violencia-que-dejo-178-homicidios-en-cucuta\/\" \/>\n<meta property=\"og:site_name\" content=\"Fiscal\u00eda General de la Naci\u00f3n\" \/>\n<meta property=\"article:publisher\" content=\"https:\/\/www.facebook.com\/FiscaliaCol\" \/>\n<meta property=\"article:published_time\" content=\"2026-04-24T13:36:49+00:00\" \/>\n<meta name=\"author\" content=\"Paula Andrea Castillo Lenis\" \/>\n<meta name=\"twitter:card\" content=\"summary_large_image\" \/>\n<meta name=\"twitter:creator\" content=\"@FiscaliaCol\" \/>\n<meta name=\"twitter:site\" content=\"@FiscaliaCol\" \/>\n<meta name=\"twitter:label1\" content=\"Escrito por\" \/>\n\t<meta name=\"twitter:data1\" content=\"Paula Andrea Castillo Lenis\" \/>\n\t<meta name=\"twitter:label2\" content=\"Tiempo de lectura\" \/>\n\t<meta name=\"twitter:data2\" content=\"2 minutos\" \/>\n<script type=\"application\/ld+json\" class=\"yoast-schema-graph\">{\"@context\":\"https:\/\/schema.org\",\"@graph\":[{\"@type\":\"Article\",\"@id\":\"https:\/\/www.fiscalia.gov.co\/colombia\/noticias\/judicializado-presunto-cabecilla-del-grupo-delincuencial-la-familia-de-la-p-por-ola-de-violencia-que-dejo-178-homicidios-en-cucuta\/#article\",\"isPartOf\":{\"@id\":\"https:\/\/www.fiscalia.gov.co\/colombia\/noticias\/judicializado-presunto-cabecilla-del-grupo-delincuencial-la-familia-de-la-p-por-ola-de-violencia-que-dejo-178-homicidios-en-cucuta\/\"},\"author\":{\"name\":\"Paula Andrea Castillo Lenis\",\"@id\":\"https:\/\/www.fiscalia.gov.co\/colombia\/#\/schema\/person\/66c172905e0492f1de6bbe5f93c4668f\"},\"headline\":\"Judicializado presunto cabecilla del grupo delincuencial \u2018La familia de la P\u2019 por ola de violencia que dej\u00f3 178 homicidios en C\u00facuta\",\"datePublished\":\"2026-04-24T13:36:49+00:00\",\"dateModified\":\"2026-04-24T13:36:49+00:00\",\"mainEntityOfPage\":{\"@id\":\"https:\/\/www.fiscalia.gov.co\/colombia\/noticias\/judicializado-presunto-cabecilla-del-grupo-delincuencial-la-familia-de-la-p-por-ola-de-violencia-que-dejo-178-homicidios-en-cucuta\/\"},\"wordCount\":444,\"publisher\":{\"@id\":\"https:\/\/www.fiscalia.gov.co\/colombia\/#organization\"},\"keywords\":[\"alias El Viejo\",\"alias Porras\",\"\u00e1rea metropolitana\",\"Armas de uso privativo\",\"ataques armados\",\"Cabecilla\",\"comunas 6 7 y 8\",\"Concierto para delinquir agravado\",\"confrontaci\u00f3n criminal\",\"coordinaci\u00f3n delictiva\",\"Crimen organizado\",\"CTI\",\"C\u00facuta\",\"cuerpo t\u00e9cnico de investigaci\u00f3n\",\"Estupefacientes\",\"Evert Carre\u00f1o Corredor\",\"Explosivos\",\"Fiscal\u00eda General de la Naci\u00f3n\",\"grupo delincuencial\",\"heridos\",\"Homicidio agravado\",\"Homicidios\",\"Hurto agravado\",\"Imputaci\u00f3n de cargos\",\"instrumentalizaci\u00f3n de menores\",\"La Familia P\",\"Medida de aseguramiento\",\"mensajer\u00eda instant\u00e1nea\",\"Microtr\u00e1fico\",\"Norte de Santander\",\"patr\u00f3n delictivo\",\"Porte ilegal de armas\",\"prisi\u00f3n preventiva\",\"rentas ilicitas\",\"Tentativa de homicidio\",\"uso de menores\",\"venta de droga\",\"v\u00edctimas mortales\",\"violencia urbana\"],\"articleSection\":[\"Noticias\",\"Seguridad territorial\"],\"inLanguage\":\"es-CO\"},{\"@type\":\"WebPage\",\"@id\":\"https:\/\/www.fiscalia.gov.co\/colombia\/noticias\/judicializado-presunto-cabecilla-del-grupo-delincuencial-la-familia-de-la-p-por-ola-de-violencia-que-dejo-178-homicidios-en-cucuta\/\",\"url\":\"https:\/\/www.fiscalia.gov.co\/colombia\/noticias\/judicializado-presunto-cabecilla-del-grupo-delincuencial-la-familia-de-la-p-por-ola-de-violencia-que-dejo-178-homicidios-en-cucuta\/\",\"name\":\"Fiscal\u00eda General de la Naci\u00f3n\",\"isPartOf\":{\"@id\":\"https:\/\/www.fiscalia.gov.co\/colombia\/#website\"},\"datePublished\":\"2026-04-24T13:36:49+00:00\",\"dateModified\":\"2026-04-24T13:36:49+00:00\",\"description\":\"P\u00e1gina oficial de la Fiscal\u00eda General de la Naci\u00f3n \u2013 Colombia. Garantizamos el acceso efectivo a la justicia, la verdad y la reparaci\u00f3n de las v\u00edctimas de los delitos.\",\"breadcrumb\":{\"@id\":\"https:\/\/www.fiscalia.gov.co\/colombia\/noticias\/judicializado-presunto-cabecilla-del-grupo-delincuencial-la-familia-de-la-p-por-ola-de-violencia-que-dejo-178-homicidios-en-cucuta\/#breadcrumb\"},\"inLanguage\":\"es-CO\",\"potentialAction\":[{\"@type\":\"ReadAction\",\"target\":[\"https:\/\/www.fiscalia.gov.co\/colombia\/noticias\/judicializado-presunto-cabecilla-del-grupo-delincuencial-la-familia-de-la-p-por-ola-de-violencia-que-dejo-178-homicidios-en-cucuta\/\"]}]},{\"@type\":\"BreadcrumbList\",\"@id\":\"https:\/\/www.fiscalia.gov.co\/colombia\/noticias\/judicializado-presunto-cabecilla-del-grupo-delincuencial-la-familia-de-la-p-por-ola-de-violencia-que-dejo-178-homicidios-en-cucuta\/#breadcrumb\",\"itemListElement\":[{\"@type\":\"ListItem\",\"position\":1,\"name\":\"Home\",\"item\":\"https:\/\/www.fiscalia.gov.co\/colombia\/\"},{\"@type\":\"ListItem\",\"position\":2,\"name\":\"Judicializado presunto cabecilla del grupo delincuencial \u2018La familia de la P\u2019 por ola de violencia que dej\u00f3 178 homicidios en C\u00facuta\"}]},{\"@type\":\"WebSite\",\"@id\":\"https:\/\/www.fiscalia.gov.co\/colombia\/#website\",\"url\":\"https:\/\/www.fiscalia.gov.co\/colombia\/\",\"name\":\"Fiscal\u00eda General de la Naci\u00f3n\",\"description\":\"P\u00e1gina oficial de la Fiscal\u00eda General de la Naci\u00f3n \u2013 Colombia. Garantizamos el acceso efectivo a la justicia, la verdad y la reparaci\u00f3n de las v\u00edctimas de los delitos.\",\"publisher\":{\"@id\":\"https:\/\/www.fiscalia.gov.co\/colombia\/#organization\"},\"potentialAction\":[{\"@type\":\"SearchAction\",\"target\":{\"@type\":\"EntryPoint\",\"urlTemplate\":\"https:\/\/www.fiscalia.gov.co\/colombia\/?s={search_term_string}\"},\"query-input\":{\"@type\":\"PropertyValueSpecification\",\"valueRequired\":true,\"valueName\":\"search_term_string\"}}],\"inLanguage\":\"es-CO\"},{\"@type\":\"Organization\",\"@id\":\"https:\/\/www.fiscalia.gov.co\/colombia\/#organization\",\"name\":\"Fiscal\u00eda General de la Naci\u00f3n\",\"url\":\"https:\/\/www.fiscalia.gov.co\/colombia\/\",\"logo\":{\"@type\":\"ImageObject\",\"inLanguage\":\"es-CO\",\"@id\":\"https:\/\/www.fiscalia.gov.co\/colombia\/#\/schema\/logo\/image\/\",\"url\":\"https:\/\/www.fiscalia.gov.co\/colombia\/wp-content\/uploads\/LogoHorizontal_1.jpg\",\"contentUrl\":\"https:\/\/www.fiscalia.gov.co\/colombia\/wp-content\/uploads\/LogoHorizontal_1.jpg\",\"width\":300,\"height\":90,\"caption\":\"Fiscal\u00eda General de la Naci\u00f3n\"},\"image\":{\"@id\":\"https:\/\/www.fiscalia.gov.co\/colombia\/#\/schema\/logo\/image\/\"},\"sameAs\":[\"https:\/\/www.facebook.com\/FiscaliaCol\",\"https:\/\/x.com\/FiscaliaCol\",\"https:\/\/www.instagram.com\/fiscaliacol\",\"https:\/\/www.linkedin.com\/company\/fiscalia-general-de-la-naci-n\/\",\"https:\/\/youtube.com\/@fiscaliageneraldelanacion-4668?si=6nN79nyQICPU5iTh\"]},{\"@type\":\"Person\",\"@id\":\"https:\/\/www.fiscalia.gov.co\/colombia\/#\/schema\/person\/66c172905e0492f1de6bbe5f93c4668f\",\"name\":\"Paula Andrea Castillo Lenis\",\"image\":{\"@type\":\"ImageObject\",\"inLanguage\":\"es-CO\",\"@id\":\"https:\/\/www.fiscalia.gov.co\/colombia\/#\/schema\/person\/image\/\",\"url\":\"https:\/\/secure.gravatar.com\/avatar\/cb060d9561f2947c4102d1825739f868?s=96&d=mm&r=g\",\"contentUrl\":\"https:\/\/secure.gravatar.com\/avatar\/cb060d9561f2947c4102d1825739f868?s=96&d=mm&r=g\",\"caption\":\"Paula Andrea Castillo Lenis\"},\"url\":\"https:\/\/www.fiscalia.gov.co\/colombia\/author\/paula-castillo\/\"}]}<\/script>\n<!-- \/ Yoast SEO plugin. -->","yoast_head_json":{"title":"Fiscal\u00eda General de la Naci\u00f3n","description":"P\u00e1gina oficial de la Fiscal\u00eda General de la Naci\u00f3n \u2013 Colombia. Garantizamos el acceso efectivo a la justicia, la verdad y la reparaci\u00f3n de las v\u00edctimas de los delitos.","robots":{"index":"noindex","follow":"follow"},"og_locale":"es_ES","og_type":"article","og_title":"Fiscal\u00eda General de la Naci\u00f3n","og_description":"P\u00e1gina oficial de la Fiscal\u00eda General de la Naci\u00f3n \u2013 Colombia. Garantizamos el acceso efectivo a la justicia, la verdad y la reparaci\u00f3n de las v\u00edctimas de los delitos.","og_url":"https:\/\/www.fiscalia.gov.co\/colombia\/noticias\/judicializado-presunto-cabecilla-del-grupo-delincuencial-la-familia-de-la-p-por-ola-de-violencia-que-dejo-178-homicidios-en-cucuta\/","og_site_name":"Fiscal\u00eda General de la Naci\u00f3n","article_publisher":"https:\/\/www.facebook.com\/FiscaliaCol","article_published_time":"2026-04-24T13:36:49+00:00","author":"Paula Andrea Castillo Lenis","twitter_card":"summary_large_image","twitter_creator":"@FiscaliaCol","twitter_site":"@FiscaliaCol","twitter_misc":{"Escrito por":"Paula Andrea Castillo Lenis","Tiempo de lectura":"2 minutos"},"schema":{"@context":"https:\/\/schema.org","@graph":[{"@type":"Article","@id":"https:\/\/www.fiscalia.gov.co\/colombia\/noticias\/judicializado-presunto-cabecilla-del-grupo-delincuencial-la-familia-de-la-p-por-ola-de-violencia-que-dejo-178-homicidios-en-cucuta\/#article","isPartOf":{"@id":"https:\/\/www.fiscalia.gov.co\/colombia\/noticias\/judicializado-presunto-cabecilla-del-grupo-delincuencial-la-familia-de-la-p-por-ola-de-violencia-que-dejo-178-homicidios-en-cucuta\/"},"author":{"name":"Paula Andrea Castillo Lenis","@id":"https:\/\/www.fiscalia.gov.co\/colombia\/#\/schema\/person\/66c172905e0492f1de6bbe5f93c4668f"},"headline":"Judicializado presunto cabecilla del grupo delincuencial \u2018La familia de la P\u2019 por ola de violencia que dej\u00f3 178 homicidios en C\u00facuta","datePublished":"2026-04-24T13:36:49+00:00","dateModified":"2026-04-24T13:36:49+00:00","mainEntityOfPage":{"@id":"https:\/\/www.fiscalia.gov.co\/colombia\/noticias\/judicializado-presunto-cabecilla-del-grupo-delincuencial-la-familia-de-la-p-por-ola-de-violencia-que-dejo-178-homicidios-en-cucuta\/"},"wordCount":444,"publisher":{"@id":"https:\/\/www.fiscalia.gov.co\/colombia\/#organization"},"keywords":["alias El Viejo","alias Porras","\u00e1rea metropolitana","Armas de uso privativo","ataques armados","Cabecilla","comunas 6 7 y 8","Concierto para delinquir agravado","confrontaci\u00f3n criminal","coordinaci\u00f3n delictiva","Crimen organizado","CTI","C\u00facuta","cuerpo t\u00e9cnico de investigaci\u00f3n","Estupefacientes","Evert Carre\u00f1o Corredor","Explosivos","Fiscal\u00eda General de la Naci\u00f3n","grupo delincuencial","heridos","Homicidio agravado","Homicidios","Hurto agravado","Imputaci\u00f3n de cargos","instrumentalizaci\u00f3n de menores","La Familia P","Medida de aseguramiento","mensajer\u00eda instant\u00e1nea","Microtr\u00e1fico","Norte de Santander","patr\u00f3n delictivo","Porte ilegal de armas","prisi\u00f3n preventiva","rentas ilicitas","Tentativa de homicidio","uso de menores","venta de droga","v\u00edctimas mortales","violencia urbana"],"articleSection":["Noticias","Seguridad territorial"],"inLanguage":"es-CO"},{"@type":"WebPage","@id":"https:\/\/www.fiscalia.gov.co\/colombia\/noticias\/judicializado-presunto-cabecilla-del-grupo-delincuencial-la-familia-de-la-p-por-ola-de-violencia-que-dejo-178-homicidios-en-cucuta\/","url":"https:\/\/www.fiscalia.gov.co\/colombia\/noticias\/judicializado-presunto-cabecilla-del-grupo-delincuencial-la-familia-de-la-p-por-ola-de-violencia-que-dejo-178-homicidios-en-cucuta\/","name":"Fiscal\u00eda General de la Naci\u00f3n","isPartOf":{"@id":"https:\/\/www.fiscalia.gov.co\/colombia\/#website"},"datePublished":"2026-04-24T13:36:49+00:00","dateModified":"2026-04-24T13:36:49+00:00","description":"P\u00e1gina oficial de la Fiscal\u00eda General de la Naci\u00f3n \u2013 Colombia. Garantizamos el acceso efectivo a la justicia, la verdad y la reparaci\u00f3n de las v\u00edctimas de los delitos.","breadcrumb":{"@id":"https:\/\/www.fiscalia.gov.co\/colombia\/noticias\/judicializado-presunto-cabecilla-del-grupo-delincuencial-la-familia-de-la-p-por-ola-de-violencia-que-dejo-178-homicidios-en-cucuta\/#breadcrumb"},"inLanguage":"es-CO","potentialAction":[{"@type":"ReadAction","target":["https:\/\/www.fiscalia.gov.co\/colombia\/noticias\/judicializado-presunto-cabecilla-del-grupo-delincuencial-la-familia-de-la-p-por-ola-de-violencia-que-dejo-178-homicidios-en-cucuta\/"]}]},{"@type":"BreadcrumbList","@id":"https:\/\/www.fiscalia.gov.co\/colombia\/noticias\/judicializado-presunto-cabecilla-del-grupo-delincuencial-la-familia-de-la-p-por-ola-de-violencia-que-dejo-178-homicidios-en-cucuta\/#breadcrumb","itemListElement":[{"@type":"ListItem","position":1,"name":"Home","item":"https:\/\/www.fiscalia.gov.co\/colombia\/"},{"@type":"ListItem","position":2,"name":"Judicializado presunto cabecilla del grupo delincuencial \u2018La familia de la P\u2019 por ola de violencia que dej\u00f3 178 homicidios en C\u00facuta"}]},{"@type":"WebSite","@id":"https:\/\/www.fiscalia.gov.co\/colombia\/#website","url":"https:\/\/www.fiscalia.gov.co\/colombia\/","name":"Fiscal\u00eda General de la Naci\u00f3n","description":"P\u00e1gina oficial de la Fiscal\u00eda General de la Naci\u00f3n \u2013 Colombia. Garantizamos el acceso efectivo a la justicia, la verdad y la reparaci\u00f3n de las v\u00edctimas de los delitos.","publisher":{"@id":"https:\/\/www.fiscalia.gov.co\/colombia\/#organization"},"potentialAction":[{"@type":"SearchAction","target":{"@type":"EntryPoint","urlTemplate":"https:\/\/www.fiscalia.gov.co\/colombia\/?s={search_term_string}"},"query-input":{"@type":"PropertyValueSpecification","valueRequired":true,"valueName":"search_term_string"}}],"inLanguage":"es-CO"},{"@type":"Organization","@id":"https:\/\/www.fiscalia.gov.co\/colombia\/#organization","name":"Fiscal\u00eda General de la Naci\u00f3n","url":"https:\/\/www.fiscalia.gov.co\/colombia\/","logo":{"@type":"ImageObject","inLanguage":"es-CO","@id":"https:\/\/www.fiscalia.gov.co\/colombia\/#\/schema\/logo\/image\/","url":"https:\/\/www.fiscalia.gov.co\/colombia\/wp-content\/uploads\/LogoHorizontal_1.jpg","contentUrl":"https:\/\/www.fiscalia.gov.co\/colombia\/wp-content\/uploads\/LogoHorizontal_1.jpg","width":300,"height":90,"caption":"Fiscal\u00eda General de la Naci\u00f3n"},"image":{"@id":"https:\/\/www.fiscalia.gov.co\/colombia\/#\/schema\/logo\/image\/"},"sameAs":["https:\/\/www.facebook.com\/FiscaliaCol","https:\/\/x.com\/FiscaliaCol","https:\/\/www.instagram.com\/fiscaliacol","https:\/\/www.linkedin.com\/company\/fiscalia-general-de-la-naci-n\/","https:\/\/youtube.com\/@fiscaliageneraldelanacion-4668?si=6nN79nyQICPU5iTh"]},{"@type":"Person","@id":"https:\/\/www.fiscalia.gov.co\/colombia\/#\/schema\/person\/66c172905e0492f1de6bbe5f93c4668f","name":"Paula Andrea Castillo Lenis","image":{"@type":"ImageObject","inLanguage":"es-CO","@id":"https:\/\/www.fiscalia.gov.co\/colombia\/#\/schema\/person\/image\/","url":"https:\/\/secure.gravatar.com\/avatar\/cb060d9561f2947c4102d1825739f868?s=96&d=mm&r=g","contentUrl":"https:\/\/secure.gravatar.com\/avatar\/cb060d9561f2947c4102d1825739f868?s=96&d=mm&r=g","caption":"Paula Andrea Castillo Lenis"},"url":"https:\/\/www.fiscalia.gov.co\/colombia\/author\/paula-castillo\/"}]}},"_links":{"self":[{"href":"https:\/\/www.fiscalia.gov.co\/colombia\/wp-json\/wp\/v2\/posts\/362441","targetHints":{"allow":["GET"]}}],"collection":[{"href":"https:\/\/www.fiscalia.gov.co\/colombia\/wp-json\/wp\/v2\/posts"}],"about":[{"href":"https:\/\/www.fiscalia.gov.co\/colombia\/wp-json\/wp\/v2\/types\/post"}],"author":[{"embeddable":true,"href":"https:\/\/www.fiscalia.gov.co\/colombia\/wp-json\/wp\/v2\/users\/182"}],"replies":[{"embeddable":true,"href":"https:\/\/www.fiscalia.gov.co\/colombia\/wp-json\/wp\/v2\/comments?post=362441"}],"version-history":[{"count":1,"href":"https:\/\/www.fiscalia.gov.co\/colombia\/wp-json\/wp\/v2\/posts\/362441\/revisions"}],"predecessor-version":[{"id":362442,"href":"https:\/\/www.fiscalia.gov.co\/colombia\/wp-json\/wp\/v2\/posts\/362441\/revisions\/362442"}],"wp:attachment":[{"href":"https:\/\/www.fiscalia.gov.co\/colombia\/wp-json\/wp\/v2\/media?parent=362441"}],"wp:term":[{"taxonomy":"category","embeddable":true,"href":"https:\/\/www.fiscalia.gov.co\/colombia\/wp-json\/wp\/v2\/categories?post=362441"},{"taxonomy":"post_tag","embeddable":true,"href":"https:\/\/www.fiscalia.gov.co\/colombia\/wp-json\/wp\/v2\/tags?post=362441"}],"curies":[{"name":"wp","href":"https:\/\/api.w.org\/{rel}","templated":true}]}}