{"id":36108,"date":"2013-07-25T17:15:37","date_gmt":"2013-07-25T22:15:37","guid":{"rendered":"http:\/\/www.fiscalia.gov.co\/colombia\/?p=36108"},"modified":"2013-07-30T16:19:37","modified_gmt":"2013-07-30T21:19:37","slug":"fiscal-ratifica-tesis-del-marco-juridico-para-la-paz-ante-la-corte-constitucional","status":"publish","type":"post","link":"https:\/\/www.fiscalia.gov.co\/colombia\/noticias\/fiscal-ratifica-tesis-del-marco-juridico-para-la-paz-ante-la-corte-constitucional\/","title":{"rendered":"Fiscal ratifica tesis del Marco Jur\u00eddico para la Paz ante la Corte Constitucional"},"content":{"rendered":"<p>En desarrollo de la audiencia p\u00fablica de la demanda de inconstitucionalidad contra el acto legislativo 01 de 2012, del Marco Jur\u00eddico para la Paz, interpuesta por la Comisi\u00f3n Colombiana de Juristas;\u00a0 el Fiscal General de la Naci\u00f3n, Eduardo Montealgre Lynett, ratific\u00f3 ante los magistrados de la Corte Constitucional su tesis de selectividad y criterio de ponderaci\u00f3n de principios.<\/p>\n<p>Con el fin de respaldar la norma y solicitar que ese tribunal declare la constitucionalidad de la misma, el Fiscal argument\u00f3 que con la tesis \u201cno se est\u00e1 remplazando ni modificando ning\u00fan eje definitorio de la constituci\u00f3n colombiana, sino que por el contrario lo que se est\u00e1 haciendo es limitar un eje fundamental de la constituci\u00f3n como es el deber de investigar, acusar y juzgar las graves violaciones a los derechos humanos con base en criterios de razonabilidad\u201d.<\/p>\n<p>Agreg\u00f3 que \u201cno se trata de un remplazo de un eje definitorio, no se trata de una sustituci\u00f3n de una formula pol\u00edtica sino de la limitaci\u00f3n con criterio de razonabilidad de uno de esos ejes definitorios como es el deber de garant\u00eda y de protecci\u00f3n, el deber de investigar las graves violaciones a los derechos humanos\u201d.<\/p>\n<p>El principal argumento expuesto durante la audiencia por el Fiscal Montealegre se refiere al mecanismo de ponderaci\u00f3n. Al respecto, el alto funcionario se\u00f1al\u00f3 \u201cla Corte ha entendido que todo conflicto de principios constitucionales tiene que ser resuelto a trav\u00e9s de dicho mecanismo. Esto significa que cuando hay un enfrentamiento entre dos principios constitucionales, en ese caso entre el derecho fundamental a la paz, que colisiona con el derecho de las v\u00edctimas a la verdad, la justicia y la reparaci\u00f3n, el conflicto tiene que resolverse sopesando los bienes y los intereses fundamentales\u201d.<\/p>\n<p>Tambi\u00e9n puntualiz\u00f3 que la &#8220;Corte ha entendido que los conflictos entre principios no se solucionan d\u00e1ndole primac\u00eda a un principio sobre el otro, d\u00e1ndole primac\u00eda al derecho de la paz sobre el derecho a las v\u00edctimas sino sopesando los diferentes principios que se encuentran en conflicto\u201d.<\/p>\n<p>De la misma forma, el jefe del ente acusador dijo que \u201cestos principios no son absolutos sino principios relativos que pueden ser limitados cuando la finalidad de la limitaci\u00f3n sea una finalidad constitucionalmente v\u00e1lida y leg\u00edtima. Si se trata de optimizar un determinado principio de la constituci\u00f3n, es posible la restricci\u00f3n\u00a0 de otros principios y derechos consagrados en la Carta Pol\u00edtica\u201d.<\/p>\n<p>Para la aplicaci\u00f3n de estos criterios se hace necesario realizar un test de razonabilidad, seg\u00fan la ponencia del Fiscal \u201cSi la norma busca un fin constitucionalmente leg\u00edtimo, es decir si el fin en s\u00ed mismo trata de proteger valores o principios constitucionales. El otro elemento es determinar si el medio en s\u00ed mismo es un medio constitucionalmente leg\u00edtimo y establecer una correlaci\u00f3n entre el medio y el fin. Lo cual se consigue a trav\u00e9s de tres sub principios, como el de adecuaci\u00f3n, necesidad y proporcionalidad en sentido estricto. Aqu\u00ed es claro que el fin que se busca con la norma es un fin constitucionalmente leg\u00edtimo, es garantizar verdad, justicia y reparaci\u00f3n, y es maximizar el principio de la paz a trav\u00e9s de una salida negociada del conflicto.\u201d<\/p>\n<p>\u201cEn este caso el medio que se utiliza es acudir\u00a0 al instrumento de selectividad, que significa enfocar la investigaci\u00f3n en m\u00e1ximos responsables\u201d, enfatiz\u00f3 el funcionario.<\/p>\n<p>_________________________________________<\/p>\n<p><strong>Ponencia del Fiscal General de la Naci\u00f3n, Eduardo Montealegre Lynett\u00a0<\/strong><\/p>\n[audio:http:\/\/www.fiscalia.gov.co\/colombia\/wp-content\/uploads\/2013\/07\/20130725.mp3|titles=Ponencia]\n<p><strong><a title=\"Descargar audio \" href=\"http:\/\/www.fiscalia.gov.co\/colombia\/wp-content\/uploads\/2013\/07\/20130725.mp3\" target=\"_blank\">Descargar<\/a><\/strong><\/p>\n<p>Tema:\u00a0Fiscal\u00eda avanza en investigaciones por manifestaciones en el Catatumbo<br \/>\nFecha: 25 de julio de 2013<br \/>\nLugar: Corte Constitucional \u00a0Bogot\u00e1, D.C.<\/p>\n\n<div class=\"twitter-share\"><a href=\"https:\/\/twitter.com\/intent\/tweet?via=fiscaliacol\" class=\"twitter-share-button\">Tweet<\/a><\/div>\n","protected":false},"excerpt":{"rendered":"<p>En desarrollo de la audiencia p\u00fablica de la demanda de inconstitucionalidad contra el acto legislativo 01 de 2012, del Marco Jur\u00eddico para la Paz, interpuesta por la Comisi\u00f3n Colombiana de Juristas<\/p>\n","protected":false},"author":143,"featured_media":0,"comment_status":"closed","ping_status":"open","sticky":false,"template":"","format":"standard","meta":{"_price":"","_stock":"","_tribe_ticket_header":"","_tribe_default_ticket_provider":"","_tribe_ticket_capacity":"0","_ticket_start_date":"","_ticket_end_date":"","_tribe_ticket_show_description":"","_tribe_ticket_show_not_going":false,"_tribe_ticket_use_global_stock":"","_tribe_ticket_global_stock_level":"","_global_stock_mode":"","_global_stock_cap":"","_tribe_rsvp_for_event":"","_tribe_ticket_going_count":"","_tribe_ticket_not_going_count":"","_tribe_tickets_list":"[]","_tribe_ticket_has_attendee_info_fields":false,"tdm_status":"","tdm_grid_status":"","footnotes":""},"categories":[1],"tags":[400,78,3740],"class_list":{"0":"post-36108","1":"post","2":"type-post","3":"status-publish","4":"format-standard","6":"category-noticias","7":"tag-eduardo-montealegre-lynett","8":"tag-fiscal-general-de-la-nacion","9":"tag-marco-juridico-para-la-paz"},"yoast_head":"<!-- This site is optimized with the Yoast SEO plugin v24.3 - https:\/\/yoast.com\/wordpress\/plugins\/seo\/ -->\n<title>Fiscal\u00eda General de la Naci\u00f3n<\/title>\n<meta name=\"description\" content=\"P\u00e1gina oficial de la Fiscal\u00eda General de la Naci\u00f3n \u2013 Colombia. Garantizamos el acceso efectivo a la justicia, la verdad y la reparaci\u00f3n de las v\u00edctimas de los delitos.\" \/>\n<meta name=\"robots\" content=\"noindex, follow\" \/>\n<meta property=\"og:locale\" content=\"es_ES\" \/>\n<meta property=\"og:type\" content=\"article\" \/>\n<meta property=\"og:title\" content=\"Fiscal\u00eda General de la Naci\u00f3n\" \/>\n<meta property=\"og:description\" content=\"P\u00e1gina oficial de la Fiscal\u00eda General de la Naci\u00f3n \u2013 Colombia. Garantizamos el acceso efectivo a la justicia, la verdad y la reparaci\u00f3n de las v\u00edctimas de los delitos.\" \/>\n<meta property=\"og:url\" content=\"https:\/\/www.fiscalia.gov.co\/colombia\/noticias\/fiscal-ratifica-tesis-del-marco-juridico-para-la-paz-ante-la-corte-constitucional\/\" \/>\n<meta property=\"og:site_name\" content=\"Fiscal\u00eda General de la Naci\u00f3n\" \/>\n<meta property=\"article:publisher\" content=\"https:\/\/www.facebook.com\/FiscaliaCol\" \/>\n<meta property=\"article:published_time\" content=\"2013-07-25T22:15:37+00:00\" \/>\n<meta property=\"article:modified_time\" content=\"2013-07-30T21:19:37+00:00\" \/>\n<meta name=\"author\" content=\"dfgordillo\" \/>\n<meta name=\"twitter:card\" content=\"summary_large_image\" \/>\n<meta name=\"twitter:creator\" content=\"@FiscaliaCol\" \/>\n<meta name=\"twitter:site\" content=\"@FiscaliaCol\" \/>\n<meta name=\"twitter:label1\" content=\"Escrito por\" \/>\n\t<meta name=\"twitter:data1\" content=\"dfgordillo\" \/>\n\t<meta name=\"twitter:label2\" content=\"Tiempo de lectura\" \/>\n\t<meta name=\"twitter:data2\" content=\"3 minutos\" \/>\n<script type=\"application\/ld+json\" class=\"yoast-schema-graph\">{\"@context\":\"https:\/\/schema.org\",\"@graph\":[{\"@type\":\"Article\",\"@id\":\"https:\/\/www.fiscalia.gov.co\/colombia\/noticias\/fiscal-ratifica-tesis-del-marco-juridico-para-la-paz-ante-la-corte-constitucional\/#article\",\"isPartOf\":{\"@id\":\"https:\/\/www.fiscalia.gov.co\/colombia\/noticias\/fiscal-ratifica-tesis-del-marco-juridico-para-la-paz-ante-la-corte-constitucional\/\"},\"author\":{\"name\":\"dfgordillo\",\"@id\":\"https:\/\/www.fiscalia.gov.co\/colombia\/#\/schema\/person\/3903856a3ce2d54b094c69eb29247895\"},\"headline\":\"Fiscal ratifica tesis del Marco Jur\u00eddico para la Paz ante la Corte Constitucional\",\"datePublished\":\"2013-07-25T22:15:37+00:00\",\"dateModified\":\"2013-07-30T21:19:37+00:00\",\"mainEntityOfPage\":{\"@id\":\"https:\/\/www.fiscalia.gov.co\/colombia\/noticias\/fiscal-ratifica-tesis-del-marco-juridico-para-la-paz-ante-la-corte-constitucional\/\"},\"wordCount\":641,\"publisher\":{\"@id\":\"https:\/\/www.fiscalia.gov.co\/colombia\/#organization\"},\"keywords\":[\"Eduardo Montealegre Lynett\",\"Fiscal General de la Naci\u00f3n\",\"Marco Jur\u00eddico para la Paz\"],\"articleSection\":[\"Noticias\"],\"inLanguage\":\"es-CO\"},{\"@type\":\"WebPage\",\"@id\":\"https:\/\/www.fiscalia.gov.co\/colombia\/noticias\/fiscal-ratifica-tesis-del-marco-juridico-para-la-paz-ante-la-corte-constitucional\/\",\"url\":\"https:\/\/www.fiscalia.gov.co\/colombia\/noticias\/fiscal-ratifica-tesis-del-marco-juridico-para-la-paz-ante-la-corte-constitucional\/\",\"name\":\"Fiscal\u00eda General de la Naci\u00f3n\",\"isPartOf\":{\"@id\":\"https:\/\/www.fiscalia.gov.co\/colombia\/#website\"},\"datePublished\":\"2013-07-25T22:15:37+00:00\",\"dateModified\":\"2013-07-30T21:19:37+00:00\",\"description\":\"P\u00e1gina oficial de la Fiscal\u00eda General de la Naci\u00f3n \u2013 Colombia. Garantizamos el acceso efectivo a la justicia, la verdad y la reparaci\u00f3n de las v\u00edctimas de los delitos.\",\"breadcrumb\":{\"@id\":\"https:\/\/www.fiscalia.gov.co\/colombia\/noticias\/fiscal-ratifica-tesis-del-marco-juridico-para-la-paz-ante-la-corte-constitucional\/#breadcrumb\"},\"inLanguage\":\"es-CO\",\"potentialAction\":[{\"@type\":\"ReadAction\",\"target\":[\"https:\/\/www.fiscalia.gov.co\/colombia\/noticias\/fiscal-ratifica-tesis-del-marco-juridico-para-la-paz-ante-la-corte-constitucional\/\"]}]},{\"@type\":\"BreadcrumbList\",\"@id\":\"https:\/\/www.fiscalia.gov.co\/colombia\/noticias\/fiscal-ratifica-tesis-del-marco-juridico-para-la-paz-ante-la-corte-constitucional\/#breadcrumb\",\"itemListElement\":[{\"@type\":\"ListItem\",\"position\":1,\"name\":\"Home\",\"item\":\"https:\/\/www.fiscalia.gov.co\/colombia\/\"},{\"@type\":\"ListItem\",\"position\":2,\"name\":\"Fiscal ratifica tesis del Marco Jur\u00eddico para la Paz ante la Corte Constitucional\"}]},{\"@type\":\"WebSite\",\"@id\":\"https:\/\/www.fiscalia.gov.co\/colombia\/#website\",\"url\":\"https:\/\/www.fiscalia.gov.co\/colombia\/\",\"name\":\"Fiscal\u00eda General de la Naci\u00f3n\",\"description\":\"P\u00e1gina oficial de la Fiscal\u00eda General de la Naci\u00f3n \u2013 Colombia. Garantizamos el acceso efectivo a la justicia, la verdad y la reparaci\u00f3n de las v\u00edctimas de los delitos.\",\"publisher\":{\"@id\":\"https:\/\/www.fiscalia.gov.co\/colombia\/#organization\"},\"potentialAction\":[{\"@type\":\"SearchAction\",\"target\":{\"@type\":\"EntryPoint\",\"urlTemplate\":\"https:\/\/www.fiscalia.gov.co\/colombia\/?s={search_term_string}\"},\"query-input\":{\"@type\":\"PropertyValueSpecification\",\"valueRequired\":true,\"valueName\":\"search_term_string\"}}],\"inLanguage\":\"es-CO\"},{\"@type\":\"Organization\",\"@id\":\"https:\/\/www.fiscalia.gov.co\/colombia\/#organization\",\"name\":\"Fiscal\u00eda General de la Naci\u00f3n\",\"url\":\"https:\/\/www.fiscalia.gov.co\/colombia\/\",\"logo\":{\"@type\":\"ImageObject\",\"inLanguage\":\"es-CO\",\"@id\":\"https:\/\/www.fiscalia.gov.co\/colombia\/#\/schema\/logo\/image\/\",\"url\":\"https:\/\/www.fiscalia.gov.co\/colombia\/wp-content\/uploads\/LogoHorizontal_1.jpg\",\"contentUrl\":\"https:\/\/www.fiscalia.gov.co\/colombia\/wp-content\/uploads\/LogoHorizontal_1.jpg\",\"width\":300,\"height\":90,\"caption\":\"Fiscal\u00eda General de la Naci\u00f3n\"},\"image\":{\"@id\":\"https:\/\/www.fiscalia.gov.co\/colombia\/#\/schema\/logo\/image\/\"},\"sameAs\":[\"https:\/\/www.facebook.com\/FiscaliaCol\",\"https:\/\/x.com\/FiscaliaCol\",\"https:\/\/www.instagram.com\/fiscaliacol\",\"https:\/\/www.linkedin.com\/company\/fiscalia-general-de-la-naci-n\/\",\"https:\/\/youtube.com\/@fiscaliageneraldelanacion-4668?si=6nN79nyQICPU5iTh\"]},{\"@type\":\"Person\",\"@id\":\"https:\/\/www.fiscalia.gov.co\/colombia\/#\/schema\/person\/3903856a3ce2d54b094c69eb29247895\",\"name\":\"dfgordillo\",\"image\":{\"@type\":\"ImageObject\",\"inLanguage\":\"es-CO\",\"@id\":\"https:\/\/www.fiscalia.gov.co\/colombia\/#\/schema\/person\/image\/\",\"url\":\"https:\/\/secure.gravatar.com\/avatar\/b6356e21c5657c60757fe6fb9493e947?s=96&d=mm&r=g\",\"contentUrl\":\"https:\/\/secure.gravatar.com\/avatar\/b6356e21c5657c60757fe6fb9493e947?s=96&d=mm&r=g\",\"caption\":\"dfgordillo\"},\"sameAs\":[\"dfgordillo\"],\"url\":\"https:\/\/www.fiscalia.gov.co\/colombia\/author\/dfgordillo\/\"}]}<\/script>\n<!-- \/ Yoast SEO plugin. -->","yoast_head_json":{"title":"Fiscal\u00eda General de la Naci\u00f3n","description":"P\u00e1gina oficial de la Fiscal\u00eda General de la Naci\u00f3n \u2013 Colombia. Garantizamos el acceso efectivo a la justicia, la verdad y la reparaci\u00f3n de las v\u00edctimas de los delitos.","robots":{"index":"noindex","follow":"follow"},"og_locale":"es_ES","og_type":"article","og_title":"Fiscal\u00eda General de la Naci\u00f3n","og_description":"P\u00e1gina oficial de la Fiscal\u00eda General de la Naci\u00f3n \u2013 Colombia. Garantizamos el acceso efectivo a la justicia, la verdad y la reparaci\u00f3n de las v\u00edctimas de los delitos.","og_url":"https:\/\/www.fiscalia.gov.co\/colombia\/noticias\/fiscal-ratifica-tesis-del-marco-juridico-para-la-paz-ante-la-corte-constitucional\/","og_site_name":"Fiscal\u00eda General de la Naci\u00f3n","article_publisher":"https:\/\/www.facebook.com\/FiscaliaCol","article_published_time":"2013-07-25T22:15:37+00:00","article_modified_time":"2013-07-30T21:19:37+00:00","author":"dfgordillo","twitter_card":"summary_large_image","twitter_creator":"@FiscaliaCol","twitter_site":"@FiscaliaCol","twitter_misc":{"Escrito por":"dfgordillo","Tiempo de lectura":"3 minutos"},"schema":{"@context":"https:\/\/schema.org","@graph":[{"@type":"Article","@id":"https:\/\/www.fiscalia.gov.co\/colombia\/noticias\/fiscal-ratifica-tesis-del-marco-juridico-para-la-paz-ante-la-corte-constitucional\/#article","isPartOf":{"@id":"https:\/\/www.fiscalia.gov.co\/colombia\/noticias\/fiscal-ratifica-tesis-del-marco-juridico-para-la-paz-ante-la-corte-constitucional\/"},"author":{"name":"dfgordillo","@id":"https:\/\/www.fiscalia.gov.co\/colombia\/#\/schema\/person\/3903856a3ce2d54b094c69eb29247895"},"headline":"Fiscal ratifica tesis del Marco Jur\u00eddico para la Paz ante la Corte Constitucional","datePublished":"2013-07-25T22:15:37+00:00","dateModified":"2013-07-30T21:19:37+00:00","mainEntityOfPage":{"@id":"https:\/\/www.fiscalia.gov.co\/colombia\/noticias\/fiscal-ratifica-tesis-del-marco-juridico-para-la-paz-ante-la-corte-constitucional\/"},"wordCount":641,"publisher":{"@id":"https:\/\/www.fiscalia.gov.co\/colombia\/#organization"},"keywords":["Eduardo Montealegre Lynett","Fiscal General de la Naci\u00f3n","Marco Jur\u00eddico para la Paz"],"articleSection":["Noticias"],"inLanguage":"es-CO"},{"@type":"WebPage","@id":"https:\/\/www.fiscalia.gov.co\/colombia\/noticias\/fiscal-ratifica-tesis-del-marco-juridico-para-la-paz-ante-la-corte-constitucional\/","url":"https:\/\/www.fiscalia.gov.co\/colombia\/noticias\/fiscal-ratifica-tesis-del-marco-juridico-para-la-paz-ante-la-corte-constitucional\/","name":"Fiscal\u00eda General de la Naci\u00f3n","isPartOf":{"@id":"https:\/\/www.fiscalia.gov.co\/colombia\/#website"},"datePublished":"2013-07-25T22:15:37+00:00","dateModified":"2013-07-30T21:19:37+00:00","description":"P\u00e1gina oficial de la Fiscal\u00eda General de la Naci\u00f3n \u2013 Colombia. Garantizamos el acceso efectivo a la justicia, la verdad y la reparaci\u00f3n de las v\u00edctimas de los delitos.","breadcrumb":{"@id":"https:\/\/www.fiscalia.gov.co\/colombia\/noticias\/fiscal-ratifica-tesis-del-marco-juridico-para-la-paz-ante-la-corte-constitucional\/#breadcrumb"},"inLanguage":"es-CO","potentialAction":[{"@type":"ReadAction","target":["https:\/\/www.fiscalia.gov.co\/colombia\/noticias\/fiscal-ratifica-tesis-del-marco-juridico-para-la-paz-ante-la-corte-constitucional\/"]}]},{"@type":"BreadcrumbList","@id":"https:\/\/www.fiscalia.gov.co\/colombia\/noticias\/fiscal-ratifica-tesis-del-marco-juridico-para-la-paz-ante-la-corte-constitucional\/#breadcrumb","itemListElement":[{"@type":"ListItem","position":1,"name":"Home","item":"https:\/\/www.fiscalia.gov.co\/colombia\/"},{"@type":"ListItem","position":2,"name":"Fiscal ratifica tesis del Marco Jur\u00eddico para la Paz ante la Corte Constitucional"}]},{"@type":"WebSite","@id":"https:\/\/www.fiscalia.gov.co\/colombia\/#website","url":"https:\/\/www.fiscalia.gov.co\/colombia\/","name":"Fiscal\u00eda General de la Naci\u00f3n","description":"P\u00e1gina oficial de la Fiscal\u00eda General de la Naci\u00f3n \u2013 Colombia. Garantizamos el acceso efectivo a la justicia, la verdad y la reparaci\u00f3n de las v\u00edctimas de los delitos.","publisher":{"@id":"https:\/\/www.fiscalia.gov.co\/colombia\/#organization"},"potentialAction":[{"@type":"SearchAction","target":{"@type":"EntryPoint","urlTemplate":"https:\/\/www.fiscalia.gov.co\/colombia\/?s={search_term_string}"},"query-input":{"@type":"PropertyValueSpecification","valueRequired":true,"valueName":"search_term_string"}}],"inLanguage":"es-CO"},{"@type":"Organization","@id":"https:\/\/www.fiscalia.gov.co\/colombia\/#organization","name":"Fiscal\u00eda General de la Naci\u00f3n","url":"https:\/\/www.fiscalia.gov.co\/colombia\/","logo":{"@type":"ImageObject","inLanguage":"es-CO","@id":"https:\/\/www.fiscalia.gov.co\/colombia\/#\/schema\/logo\/image\/","url":"https:\/\/www.fiscalia.gov.co\/colombia\/wp-content\/uploads\/LogoHorizontal_1.jpg","contentUrl":"https:\/\/www.fiscalia.gov.co\/colombia\/wp-content\/uploads\/LogoHorizontal_1.jpg","width":300,"height":90,"caption":"Fiscal\u00eda General de la Naci\u00f3n"},"image":{"@id":"https:\/\/www.fiscalia.gov.co\/colombia\/#\/schema\/logo\/image\/"},"sameAs":["https:\/\/www.facebook.com\/FiscaliaCol","https:\/\/x.com\/FiscaliaCol","https:\/\/www.instagram.com\/fiscaliacol","https:\/\/www.linkedin.com\/company\/fiscalia-general-de-la-naci-n\/","https:\/\/youtube.com\/@fiscaliageneraldelanacion-4668?si=6nN79nyQICPU5iTh"]},{"@type":"Person","@id":"https:\/\/www.fiscalia.gov.co\/colombia\/#\/schema\/person\/3903856a3ce2d54b094c69eb29247895","name":"dfgordillo","image":{"@type":"ImageObject","inLanguage":"es-CO","@id":"https:\/\/www.fiscalia.gov.co\/colombia\/#\/schema\/person\/image\/","url":"https:\/\/secure.gravatar.com\/avatar\/b6356e21c5657c60757fe6fb9493e947?s=96&d=mm&r=g","contentUrl":"https:\/\/secure.gravatar.com\/avatar\/b6356e21c5657c60757fe6fb9493e947?s=96&d=mm&r=g","caption":"dfgordillo"},"sameAs":["dfgordillo"],"url":"https:\/\/www.fiscalia.gov.co\/colombia\/author\/dfgordillo\/"}]}},"_links":{"self":[{"href":"https:\/\/www.fiscalia.gov.co\/colombia\/wp-json\/wp\/v2\/posts\/36108","targetHints":{"allow":["GET"]}}],"collection":[{"href":"https:\/\/www.fiscalia.gov.co\/colombia\/wp-json\/wp\/v2\/posts"}],"about":[{"href":"https:\/\/www.fiscalia.gov.co\/colombia\/wp-json\/wp\/v2\/types\/post"}],"author":[{"embeddable":true,"href":"https:\/\/www.fiscalia.gov.co\/colombia\/wp-json\/wp\/v2\/users\/143"}],"replies":[{"embeddable":true,"href":"https:\/\/www.fiscalia.gov.co\/colombia\/wp-json\/wp\/v2\/comments?post=36108"}],"version-history":[{"count":10,"href":"https:\/\/www.fiscalia.gov.co\/colombia\/wp-json\/wp\/v2\/posts\/36108\/revisions"}],"predecessor-version":[{"id":36395,"href":"https:\/\/www.fiscalia.gov.co\/colombia\/wp-json\/wp\/v2\/posts\/36108\/revisions\/36395"}],"wp:attachment":[{"href":"https:\/\/www.fiscalia.gov.co\/colombia\/wp-json\/wp\/v2\/media?parent=36108"}],"wp:term":[{"taxonomy":"category","embeddable":true,"href":"https:\/\/www.fiscalia.gov.co\/colombia\/wp-json\/wp\/v2\/categories?post=36108"},{"taxonomy":"post_tag","embeddable":true,"href":"https:\/\/www.fiscalia.gov.co\/colombia\/wp-json\/wp\/v2\/tags?post=36108"}],"curies":[{"name":"wp","href":"https:\/\/api.w.org\/{rel}","templated":true}]}}