{"id":35096,"date":"2013-07-03T15:17:32","date_gmt":"2013-07-03T20:17:32","guid":{"rendered":"http:\/\/www.fiscalia.gov.co\/colombia\/?p=35096"},"modified":"2013-07-03T15:17:32","modified_gmt":"2013-07-03T20:17:32","slug":"dos-nuevas-condenas-a-integrantes-de-red-internacional-de-narcotrafico","status":"publish","type":"post","link":"https:\/\/www.fiscalia.gov.co\/colombia\/noticias\/dos-nuevas-condenas-a-integrantes-de-red-internacional-de-narcotrafico\/","title":{"rendered":"Dos nuevas condenas a integrantes de red internacional de narcotr\u00e1fico"},"content":{"rendered":"<p>Carlos Andr\u00e9s Mora D\u00edaz y \u00c1lvaro Escobar Agudelo fueron sentenciados a 11 y a 10 a\u00f1os y medio de prisi\u00f3n, respectivamente, por su responsabilidad en los delitos de concierto para delinquir agravado en concurso con tr\u00e1fico, fabricaci\u00f3n o porte de estupefacientes;\u00a0 as\u00ed lo determin\u00f3 el Juzgado Cuarto Especializado de Bogot\u00e1.<\/p>\n<p>En la decisi\u00f3n tambi\u00e9n se establece que los procesados deber\u00e1n pagar una sanci\u00f3n pecuniaria de 1.580 millones de pesos.<\/p>\n<p>El fallo se conoci\u00f3 luego de concluido el juicio oral que se le segu\u00eda a los hoy condenados por su participaci\u00f3n en una red internacional de tr\u00e1fico de estupefacientes que estaba liderada por un grupo de ciudadanos nigerianos.<\/p>\n<p>Desde su captura en 2011, una fiscal de la Unidad Nacional Antinarc\u00f3ticos e Interdicci\u00f3n Mar\u00edtima demostr\u00f3 que estas dos personas, en su calidad de empleado y exempleado de una reconocida empresa de encomiendas internacionales, facilitaban la salida de la sustancia il\u00edcita hacia diferentes pa\u00edses de Europa.<\/p>\n<p>La investigaci\u00f3n que da lugar a la condena Mora D\u00edaz y Escobar Agudelo parte de una solicitud de cooperaci\u00f3n internacional que en 2006 hicieran las autoridades italianas, y que ten\u00eda como fin determinar la participaci\u00f3n de un grupo de colombianos en una red internacional dedicada al narcotr\u00e1fico que estar\u00eda liderada por dos ciudadanos nigerianos.<\/p>\n<p>La red que operaba desde Torino y N\u00e1poles (Italia) se encargaba del env\u00edo de coca\u00edna desde Colombia\u00a0 a Europa, Asia y Ocean\u00eda.<\/p>\n<p>Durante las indagaciones adelantadas por investigadores del CTI de la Fiscal\u00eda se determin\u00f3 que en el pa\u00eds \u00e9sta agrupaci\u00f3n delincuencial operaba desde las ciudades de Bogot\u00e1 y Villavicencio y que los procesados eran los encargados de facilitar la salida de la coca\u00edna utilizando diversas estrategias para que las encomiendas que conten\u00edan la sustancia pasaran los controles de la empresa transportadora y de las autoridades aeroportuarias.<\/p>\n<p>Asimismo, se estableci\u00f3 que la red tambi\u00e9n utilizaba correos humanos en sus operaciones, los cuales ingresaban a Colombia desde Ecuador haciendo escala en Bogot\u00e1 donde recib\u00edan las maletas con coca\u00edna, y de all\u00ed part\u00edan hacia Australia, Alemania, Italia, Argentina y Chile entre otros destinos.<\/p>\n<p>Con la informaci\u00f3n recaudada por las autoridades colombianas sobre esta red internacional, en marzo de 2010 en Italia se capturaron m\u00e1s de 82 personas. Entre ellas 27 que serv\u00edan como correos humanos, br\u00f3kers (intermediarios), inversionistas y a los cabecillas de la red. En desarrollo del proceso se incautaron\u00a0 cerca de 100 kilos de coca\u00edna, desvertebr\u00e1ndose as\u00ed una de las redes de narcotr\u00e1fico m\u00e1s grandes que utilizaba correos humanos y que operaba en Italia.<\/p>\n<p>En diciembre de 2010 un juez de control de garant\u00edas aval\u00f3 las \u00f3rdenes de captura contra 16 miembros de esta organizaci\u00f3n.<\/p>\n<p>Los resultados de la interceptaci\u00f3n de m\u00e1s de 800 abonados telef\u00f3nicos, la incautaci\u00f3n de 120 kilos de coca\u00edna y 1 \u00bd de\u00a0 hero\u00edna, la captura de nueve correos humanos: dos alemanes, dos surafricanas, un h\u00fangaro, dos espa\u00f1oles, un rumano y un holand\u00e9s; sumados a la individualizaci\u00f3n en la identidad y rol de las 16 personas fueron pruebas irrefutables a la hora las capturas y de las sentencias de los capturados.<\/p>\n<p>Desde la apertura de la investigaci\u00f3n en 2006 hasta la captura de los integrantes de la organizaci\u00f3n en 2011 se logr\u00f3 la incautaci\u00f3n de 13 env\u00edos de coca\u00edna mediante el env\u00edo de encomiendas y correos humanos.<\/p>\n<p>De los 13 env\u00edos la Fiscal\u00eda comprob\u00f3 que Mora D\u00edaz y Escobar Agudelo participaron en seis operaciones de narcotr\u00e1fico permitiendo la salida de entre cinco y seis kilos de coca\u00edna<\/p>\n<p>Por estas mismas acciones ya han sido condenados 10 miembros de esta organizaci\u00f3n.<\/p>\n\n<div class=\"twitter-share\"><a href=\"https:\/\/twitter.com\/intent\/tweet?via=fiscaliacol\" class=\"twitter-share-button\">Tweet<\/a><\/div>\n","protected":false},"excerpt":{"rendered":"<p>Carlos Andr\u00e9s Mora D\u00edaz y \u00c1lvaro Escobar Agudelo fueron sentenciados a 11 y a 10 a\u00f1os y medio de prisi\u00f3n, respectivamente, por su responsabilidad en los delitos de concierto para delinquir agravado en concurso con tr\u00e1fico, fabricaci\u00f3n o porte de estupefacientes;\u00a0 as\u00ed lo determin\u00f3 el Juzgado Cuarto Especializado de Bogot\u00e1. En la decisi\u00f3n tambi\u00e9n se [&hellip;]<\/p>\n","protected":false},"author":143,"featured_media":0,"comment_status":"closed","ping_status":"open","sticky":false,"template":"","format":"standard","meta":{"_price":"","_stock":"","_tribe_ticket_header":"","_tribe_default_ticket_provider":"","_tribe_ticket_capacity":"0","_ticket_start_date":"","_ticket_end_date":"","_tribe_ticket_show_description":"","_tribe_ticket_show_not_going":false,"_tribe_ticket_use_global_stock":"","_tribe_ticket_global_stock_level":"","_global_stock_mode":"","_global_stock_cap":"","_tribe_rsvp_for_event":"","_tribe_ticket_going_count":"","_tribe_ticket_not_going_count":"","_tribe_tickets_list":"[]","_tribe_ticket_has_attendee_info_fields":false,"tdm_status":"","tdm_grid_status":"","footnotes":""},"categories":[1],"tags":[148],"class_list":{"0":"post-35096","1":"post","2":"type-post","3":"status-publish","4":"format-standard","6":"category-noticias","7":"tag-narcotrafico"},"yoast_head":"<!-- This site is optimized with the Yoast SEO plugin v24.3 - https:\/\/yoast.com\/wordpress\/plugins\/seo\/ -->\n<title>Fiscal\u00eda General de la Naci\u00f3n<\/title>\n<meta name=\"description\" content=\"P\u00e1gina oficial de la Fiscal\u00eda General de la Naci\u00f3n \u2013 Colombia. Garantizamos el acceso efectivo a la justicia, la verdad y la reparaci\u00f3n de las v\u00edctimas de los delitos.\" \/>\n<meta name=\"robots\" content=\"noindex, follow\" \/>\n<meta property=\"og:locale\" content=\"es_ES\" \/>\n<meta property=\"og:type\" content=\"article\" \/>\n<meta property=\"og:title\" content=\"Fiscal\u00eda General de la Naci\u00f3n\" \/>\n<meta property=\"og:description\" content=\"P\u00e1gina oficial de la Fiscal\u00eda General de la Naci\u00f3n \u2013 Colombia. Garantizamos el acceso efectivo a la justicia, la verdad y la reparaci\u00f3n de las v\u00edctimas de los delitos.\" \/>\n<meta property=\"og:url\" content=\"https:\/\/www.fiscalia.gov.co\/colombia\/noticias\/dos-nuevas-condenas-a-integrantes-de-red-internacional-de-narcotrafico\/\" \/>\n<meta property=\"og:site_name\" content=\"Fiscal\u00eda General de la Naci\u00f3n\" \/>\n<meta property=\"article:publisher\" content=\"https:\/\/www.facebook.com\/FiscaliaCol\" \/>\n<meta property=\"article:published_time\" content=\"2013-07-03T20:17:32+00:00\" \/>\n<meta name=\"author\" content=\"dfgordillo\" \/>\n<meta name=\"twitter:card\" content=\"summary_large_image\" \/>\n<meta name=\"twitter:creator\" content=\"@FiscaliaCol\" \/>\n<meta name=\"twitter:site\" content=\"@FiscaliaCol\" \/>\n<meta name=\"twitter:label1\" content=\"Escrito por\" \/>\n\t<meta name=\"twitter:data1\" content=\"dfgordillo\" \/>\n\t<meta name=\"twitter:label2\" content=\"Tiempo de lectura\" \/>\n\t<meta name=\"twitter:data2\" content=\"3 minutos\" \/>\n<script type=\"application\/ld+json\" class=\"yoast-schema-graph\">{\"@context\":\"https:\/\/schema.org\",\"@graph\":[{\"@type\":\"Article\",\"@id\":\"https:\/\/www.fiscalia.gov.co\/colombia\/noticias\/dos-nuevas-condenas-a-integrantes-de-red-internacional-de-narcotrafico\/#article\",\"isPartOf\":{\"@id\":\"https:\/\/www.fiscalia.gov.co\/colombia\/noticias\/dos-nuevas-condenas-a-integrantes-de-red-internacional-de-narcotrafico\/\"},\"author\":{\"name\":\"dfgordillo\",\"@id\":\"https:\/\/www.fiscalia.gov.co\/colombia\/#\/schema\/person\/3903856a3ce2d54b094c69eb29247895\"},\"headline\":\"Dos nuevas condenas a integrantes de red internacional de narcotr\u00e1fico\",\"datePublished\":\"2013-07-03T20:17:32+00:00\",\"dateModified\":\"2013-07-03T20:17:32+00:00\",\"mainEntityOfPage\":{\"@id\":\"https:\/\/www.fiscalia.gov.co\/colombia\/noticias\/dos-nuevas-condenas-a-integrantes-de-red-internacional-de-narcotrafico\/\"},\"wordCount\":641,\"publisher\":{\"@id\":\"https:\/\/www.fiscalia.gov.co\/colombia\/#organization\"},\"keywords\":[\"Narcotr\u00e1fico\"],\"articleSection\":[\"Noticias\"],\"inLanguage\":\"es-CO\"},{\"@type\":\"WebPage\",\"@id\":\"https:\/\/www.fiscalia.gov.co\/colombia\/noticias\/dos-nuevas-condenas-a-integrantes-de-red-internacional-de-narcotrafico\/\",\"url\":\"https:\/\/www.fiscalia.gov.co\/colombia\/noticias\/dos-nuevas-condenas-a-integrantes-de-red-internacional-de-narcotrafico\/\",\"name\":\"Fiscal\u00eda General de la Naci\u00f3n\",\"isPartOf\":{\"@id\":\"https:\/\/www.fiscalia.gov.co\/colombia\/#website\"},\"datePublished\":\"2013-07-03T20:17:32+00:00\",\"dateModified\":\"2013-07-03T20:17:32+00:00\",\"description\":\"P\u00e1gina oficial de la Fiscal\u00eda General de la Naci\u00f3n \u2013 Colombia. Garantizamos el acceso efectivo a la justicia, la verdad y la reparaci\u00f3n de las v\u00edctimas de los delitos.\",\"breadcrumb\":{\"@id\":\"https:\/\/www.fiscalia.gov.co\/colombia\/noticias\/dos-nuevas-condenas-a-integrantes-de-red-internacional-de-narcotrafico\/#breadcrumb\"},\"inLanguage\":\"es-CO\",\"potentialAction\":[{\"@type\":\"ReadAction\",\"target\":[\"https:\/\/www.fiscalia.gov.co\/colombia\/noticias\/dos-nuevas-condenas-a-integrantes-de-red-internacional-de-narcotrafico\/\"]}]},{\"@type\":\"BreadcrumbList\",\"@id\":\"https:\/\/www.fiscalia.gov.co\/colombia\/noticias\/dos-nuevas-condenas-a-integrantes-de-red-internacional-de-narcotrafico\/#breadcrumb\",\"itemListElement\":[{\"@type\":\"ListItem\",\"position\":1,\"name\":\"Home\",\"item\":\"https:\/\/www.fiscalia.gov.co\/colombia\/\"},{\"@type\":\"ListItem\",\"position\":2,\"name\":\"Dos nuevas condenas a integrantes de red internacional de narcotr\u00e1fico\"}]},{\"@type\":\"WebSite\",\"@id\":\"https:\/\/www.fiscalia.gov.co\/colombia\/#website\",\"url\":\"https:\/\/www.fiscalia.gov.co\/colombia\/\",\"name\":\"Fiscal\u00eda General de la Naci\u00f3n\",\"description\":\"P\u00e1gina oficial de la Fiscal\u00eda General de la Naci\u00f3n \u2013 Colombia. Garantizamos el acceso efectivo a la justicia, la verdad y la reparaci\u00f3n de las v\u00edctimas de los delitos.\",\"publisher\":{\"@id\":\"https:\/\/www.fiscalia.gov.co\/colombia\/#organization\"},\"potentialAction\":[{\"@type\":\"SearchAction\",\"target\":{\"@type\":\"EntryPoint\",\"urlTemplate\":\"https:\/\/www.fiscalia.gov.co\/colombia\/?s={search_term_string}\"},\"query-input\":{\"@type\":\"PropertyValueSpecification\",\"valueRequired\":true,\"valueName\":\"search_term_string\"}}],\"inLanguage\":\"es-CO\"},{\"@type\":\"Organization\",\"@id\":\"https:\/\/www.fiscalia.gov.co\/colombia\/#organization\",\"name\":\"Fiscal\u00eda General de la Naci\u00f3n\",\"url\":\"https:\/\/www.fiscalia.gov.co\/colombia\/\",\"logo\":{\"@type\":\"ImageObject\",\"inLanguage\":\"es-CO\",\"@id\":\"https:\/\/www.fiscalia.gov.co\/colombia\/#\/schema\/logo\/image\/\",\"url\":\"https:\/\/www.fiscalia.gov.co\/colombia\/wp-content\/uploads\/LogoHorizontal_1.jpg\",\"contentUrl\":\"https:\/\/www.fiscalia.gov.co\/colombia\/wp-content\/uploads\/LogoHorizontal_1.jpg\",\"width\":300,\"height\":90,\"caption\":\"Fiscal\u00eda General de la Naci\u00f3n\"},\"image\":{\"@id\":\"https:\/\/www.fiscalia.gov.co\/colombia\/#\/schema\/logo\/image\/\"},\"sameAs\":[\"https:\/\/www.facebook.com\/FiscaliaCol\",\"https:\/\/x.com\/FiscaliaCol\",\"https:\/\/www.instagram.com\/fiscaliacol\",\"https:\/\/www.linkedin.com\/company\/fiscalia-general-de-la-naci-n\/\",\"https:\/\/youtube.com\/@fiscaliageneraldelanacion-4668?si=6nN79nyQICPU5iTh\"]},{\"@type\":\"Person\",\"@id\":\"https:\/\/www.fiscalia.gov.co\/colombia\/#\/schema\/person\/3903856a3ce2d54b094c69eb29247895\",\"name\":\"dfgordillo\",\"image\":{\"@type\":\"ImageObject\",\"inLanguage\":\"es-CO\",\"@id\":\"https:\/\/www.fiscalia.gov.co\/colombia\/#\/schema\/person\/image\/\",\"url\":\"https:\/\/secure.gravatar.com\/avatar\/b6356e21c5657c60757fe6fb9493e947?s=96&d=mm&r=g\",\"contentUrl\":\"https:\/\/secure.gravatar.com\/avatar\/b6356e21c5657c60757fe6fb9493e947?s=96&d=mm&r=g\",\"caption\":\"dfgordillo\"},\"sameAs\":[\"dfgordillo\"],\"url\":\"https:\/\/www.fiscalia.gov.co\/colombia\/author\/dfgordillo\/\"}]}<\/script>\n<!-- \/ Yoast SEO plugin. -->","yoast_head_json":{"title":"Fiscal\u00eda General de la Naci\u00f3n","description":"P\u00e1gina oficial de la Fiscal\u00eda General de la Naci\u00f3n \u2013 Colombia. Garantizamos el acceso efectivo a la justicia, la verdad y la reparaci\u00f3n de las v\u00edctimas de los delitos.","robots":{"index":"noindex","follow":"follow"},"og_locale":"es_ES","og_type":"article","og_title":"Fiscal\u00eda General de la Naci\u00f3n","og_description":"P\u00e1gina oficial de la Fiscal\u00eda General de la Naci\u00f3n \u2013 Colombia. Garantizamos el acceso efectivo a la justicia, la verdad y la reparaci\u00f3n de las v\u00edctimas de los delitos.","og_url":"https:\/\/www.fiscalia.gov.co\/colombia\/noticias\/dos-nuevas-condenas-a-integrantes-de-red-internacional-de-narcotrafico\/","og_site_name":"Fiscal\u00eda General de la Naci\u00f3n","article_publisher":"https:\/\/www.facebook.com\/FiscaliaCol","article_published_time":"2013-07-03T20:17:32+00:00","author":"dfgordillo","twitter_card":"summary_large_image","twitter_creator":"@FiscaliaCol","twitter_site":"@FiscaliaCol","twitter_misc":{"Escrito por":"dfgordillo","Tiempo de lectura":"3 minutos"},"schema":{"@context":"https:\/\/schema.org","@graph":[{"@type":"Article","@id":"https:\/\/www.fiscalia.gov.co\/colombia\/noticias\/dos-nuevas-condenas-a-integrantes-de-red-internacional-de-narcotrafico\/#article","isPartOf":{"@id":"https:\/\/www.fiscalia.gov.co\/colombia\/noticias\/dos-nuevas-condenas-a-integrantes-de-red-internacional-de-narcotrafico\/"},"author":{"name":"dfgordillo","@id":"https:\/\/www.fiscalia.gov.co\/colombia\/#\/schema\/person\/3903856a3ce2d54b094c69eb29247895"},"headline":"Dos nuevas condenas a integrantes de red internacional de narcotr\u00e1fico","datePublished":"2013-07-03T20:17:32+00:00","dateModified":"2013-07-03T20:17:32+00:00","mainEntityOfPage":{"@id":"https:\/\/www.fiscalia.gov.co\/colombia\/noticias\/dos-nuevas-condenas-a-integrantes-de-red-internacional-de-narcotrafico\/"},"wordCount":641,"publisher":{"@id":"https:\/\/www.fiscalia.gov.co\/colombia\/#organization"},"keywords":["Narcotr\u00e1fico"],"articleSection":["Noticias"],"inLanguage":"es-CO"},{"@type":"WebPage","@id":"https:\/\/www.fiscalia.gov.co\/colombia\/noticias\/dos-nuevas-condenas-a-integrantes-de-red-internacional-de-narcotrafico\/","url":"https:\/\/www.fiscalia.gov.co\/colombia\/noticias\/dos-nuevas-condenas-a-integrantes-de-red-internacional-de-narcotrafico\/","name":"Fiscal\u00eda General de la Naci\u00f3n","isPartOf":{"@id":"https:\/\/www.fiscalia.gov.co\/colombia\/#website"},"datePublished":"2013-07-03T20:17:32+00:00","dateModified":"2013-07-03T20:17:32+00:00","description":"P\u00e1gina oficial de la Fiscal\u00eda General de la Naci\u00f3n \u2013 Colombia. Garantizamos el acceso efectivo a la justicia, la verdad y la reparaci\u00f3n de las v\u00edctimas de los delitos.","breadcrumb":{"@id":"https:\/\/www.fiscalia.gov.co\/colombia\/noticias\/dos-nuevas-condenas-a-integrantes-de-red-internacional-de-narcotrafico\/#breadcrumb"},"inLanguage":"es-CO","potentialAction":[{"@type":"ReadAction","target":["https:\/\/www.fiscalia.gov.co\/colombia\/noticias\/dos-nuevas-condenas-a-integrantes-de-red-internacional-de-narcotrafico\/"]}]},{"@type":"BreadcrumbList","@id":"https:\/\/www.fiscalia.gov.co\/colombia\/noticias\/dos-nuevas-condenas-a-integrantes-de-red-internacional-de-narcotrafico\/#breadcrumb","itemListElement":[{"@type":"ListItem","position":1,"name":"Home","item":"https:\/\/www.fiscalia.gov.co\/colombia\/"},{"@type":"ListItem","position":2,"name":"Dos nuevas condenas a integrantes de red internacional de narcotr\u00e1fico"}]},{"@type":"WebSite","@id":"https:\/\/www.fiscalia.gov.co\/colombia\/#website","url":"https:\/\/www.fiscalia.gov.co\/colombia\/","name":"Fiscal\u00eda General de la Naci\u00f3n","description":"P\u00e1gina oficial de la Fiscal\u00eda General de la Naci\u00f3n \u2013 Colombia. Garantizamos el acceso efectivo a la justicia, la verdad y la reparaci\u00f3n de las v\u00edctimas de los delitos.","publisher":{"@id":"https:\/\/www.fiscalia.gov.co\/colombia\/#organization"},"potentialAction":[{"@type":"SearchAction","target":{"@type":"EntryPoint","urlTemplate":"https:\/\/www.fiscalia.gov.co\/colombia\/?s={search_term_string}"},"query-input":{"@type":"PropertyValueSpecification","valueRequired":true,"valueName":"search_term_string"}}],"inLanguage":"es-CO"},{"@type":"Organization","@id":"https:\/\/www.fiscalia.gov.co\/colombia\/#organization","name":"Fiscal\u00eda General de la Naci\u00f3n","url":"https:\/\/www.fiscalia.gov.co\/colombia\/","logo":{"@type":"ImageObject","inLanguage":"es-CO","@id":"https:\/\/www.fiscalia.gov.co\/colombia\/#\/schema\/logo\/image\/","url":"https:\/\/www.fiscalia.gov.co\/colombia\/wp-content\/uploads\/LogoHorizontal_1.jpg","contentUrl":"https:\/\/www.fiscalia.gov.co\/colombia\/wp-content\/uploads\/LogoHorizontal_1.jpg","width":300,"height":90,"caption":"Fiscal\u00eda General de la Naci\u00f3n"},"image":{"@id":"https:\/\/www.fiscalia.gov.co\/colombia\/#\/schema\/logo\/image\/"},"sameAs":["https:\/\/www.facebook.com\/FiscaliaCol","https:\/\/x.com\/FiscaliaCol","https:\/\/www.instagram.com\/fiscaliacol","https:\/\/www.linkedin.com\/company\/fiscalia-general-de-la-naci-n\/","https:\/\/youtube.com\/@fiscaliageneraldelanacion-4668?si=6nN79nyQICPU5iTh"]},{"@type":"Person","@id":"https:\/\/www.fiscalia.gov.co\/colombia\/#\/schema\/person\/3903856a3ce2d54b094c69eb29247895","name":"dfgordillo","image":{"@type":"ImageObject","inLanguage":"es-CO","@id":"https:\/\/www.fiscalia.gov.co\/colombia\/#\/schema\/person\/image\/","url":"https:\/\/secure.gravatar.com\/avatar\/b6356e21c5657c60757fe6fb9493e947?s=96&d=mm&r=g","contentUrl":"https:\/\/secure.gravatar.com\/avatar\/b6356e21c5657c60757fe6fb9493e947?s=96&d=mm&r=g","caption":"dfgordillo"},"sameAs":["dfgordillo"],"url":"https:\/\/www.fiscalia.gov.co\/colombia\/author\/dfgordillo\/"}]}},"_links":{"self":[{"href":"https:\/\/www.fiscalia.gov.co\/colombia\/wp-json\/wp\/v2\/posts\/35096","targetHints":{"allow":["GET"]}}],"collection":[{"href":"https:\/\/www.fiscalia.gov.co\/colombia\/wp-json\/wp\/v2\/posts"}],"about":[{"href":"https:\/\/www.fiscalia.gov.co\/colombia\/wp-json\/wp\/v2\/types\/post"}],"author":[{"embeddable":true,"href":"https:\/\/www.fiscalia.gov.co\/colombia\/wp-json\/wp\/v2\/users\/143"}],"replies":[{"embeddable":true,"href":"https:\/\/www.fiscalia.gov.co\/colombia\/wp-json\/wp\/v2\/comments?post=35096"}],"version-history":[{"count":1,"href":"https:\/\/www.fiscalia.gov.co\/colombia\/wp-json\/wp\/v2\/posts\/35096\/revisions"}],"predecessor-version":[{"id":35097,"href":"https:\/\/www.fiscalia.gov.co\/colombia\/wp-json\/wp\/v2\/posts\/35096\/revisions\/35097"}],"wp:attachment":[{"href":"https:\/\/www.fiscalia.gov.co\/colombia\/wp-json\/wp\/v2\/media?parent=35096"}],"wp:term":[{"taxonomy":"category","embeddable":true,"href":"https:\/\/www.fiscalia.gov.co\/colombia\/wp-json\/wp\/v2\/categories?post=35096"},{"taxonomy":"post_tag","embeddable":true,"href":"https:\/\/www.fiscalia.gov.co\/colombia\/wp-json\/wp\/v2\/tags?post=35096"}],"curies":[{"name":"wp","href":"https:\/\/api.w.org\/{rel}","templated":true}]}}