{"id":35007,"date":"2013-07-01T09:29:23","date_gmt":"2013-07-01T14:29:23","guid":{"rendered":"http:\/\/www.fiscalia.gov.co\/colombia\/?p=35007"},"modified":"2013-07-01T09:33:29","modified_gmt":"2013-07-01T14:33:29","slug":"asegurados-6-militares-y-dos-desmovilizados-por-homicidio-de-indigenas-kankuamos","status":"publish","type":"post","link":"https:\/\/www.fiscalia.gov.co\/colombia\/noticias\/asegurados-6-militares-y-dos-desmovilizados-por-homicidio-de-indigenas-kankuamos\/","title":{"rendered":"Asegurados 6 militares y dos desmovilizados por homicidio de ind\u00edgenas Kankuamos"},"content":{"rendered":"<p>Un Fiscal de la Unidad Nacional de Derechos Humanos y Derecho Internacional Humanitario profiri\u00f3 medida de aseguramiento en contra de seis miembros del Ej\u00e9rcito y dos postulados de Justicia y Paz, por el homicidio de los ind\u00edgenas kankuamos\u00a0 Uriel Evangelista Arias Mart\u00ednez y Carlos Arturo C\u00e1ceres, quienes fueron presentados como miembros de las Farc muertos en combate.<\/p>\n<p>De acuerdo con la investigaci\u00f3n el 16 de julio de 2003 integrantes de la contraguerilla \u201cTrueno\u201d y \u201cZarpazo\u201d, pertenecientes al Batall\u00f3n de Artiller\u00eda No.2, La Popa, arribaron al corregimiento de Guatapur\u00ed, en zona rural de Valledupar, retuvieron y dieron muerte a los ind\u00edgenas kankuamos Arias y C\u00e1ceres, previo se\u00f1alamiento que les hicieran integrantes de las AUC, que acompa\u00f1aban a los efectivos militares.<\/p>\n<p>Las v\u00edctimas fueron reportadas, posteriormente, por el comandante del Batall\u00f3n la Popa,\u00a0 teniente coronel Publio Hernan Mej\u00eda Guti\u00e9rrez, como miembros de una facci\u00f3n guerrillera perteneciente a las FARC, que se enfrentaron a las tropas en desarrollo de la operaci\u00f3n denominada como JUDAS, quienes ten\u00edan el siguiente arsenal: un fusil M1, una pistola calibre 9 mm, un rev\u00f3lver calibre 38, dos granadas de fragmentaci\u00f3n y un radio de comunicaciones de banda de dos metros.<\/p>\n<p>Por estos hechos el fiscal a cargo de la investigaci\u00f3n profiri\u00f3 medida de aseguramiento de detenci\u00f3n preventiva, como coautores responsables de los delitos de homicidio en persona protegida, secuestro simple agravado y fabricaci\u00f3n tr\u00e1fico y porte de armas de fuego de defensa personal y de municiones de uso privativo de las fuerzas militares en contra de Publio Hern\u00e1n Mej\u00eda Guti\u00e9rrez, quien para la \u00e9poca de los hechos se desempe\u00f1aba como Teniente Coronel y que en la actualidad se encuentra privado de libertad a disposici\u00f3n del Juzgado 6 Penal del Circuito de Bogot\u00e1.<\/p>\n<p>La decisi\u00f3n tambi\u00e9n cobija a Carlos Andr\u00e9s Lora Cabrales, quien para la \u00e9poca de los hechos se desempa\u00f1aba como Teniente y en la actualidad se encuentra purgando una pena de 30 a\u00f1os de prisi\u00f3n impuesta por el Juzgado \u00danico del Circuito Especializado de Valledupar. Efra\u00edn Andrade Perea, Sargento viceprimero\u00a0en ese entonces\u00a0y actualmente privado de libertad, sindicado del delito de concierto para delinquir agravado; Luis Francisco Arag\u00f3n Buelvas, quien\u00a0se desempe\u00f1a en el grado de cabo primero del Ej\u00e9rcito Nacional, el soldado profesional Wilson Blanco P\u00e9rez; as\u00ed como Jairo Antonio Rodr\u00edguez Castro, actualmente t\u00e9cnico de helic\u00f3ptero en el batall\u00f3n de mantenimiento del Ej\u00e9rcito Nacional.<\/p>\n<p>La medida de aseguramiento tambi\u00e9n afect\u00f3 a Leonardo Enrique S\u00e1nchez Barbosa, actualmente privado de libertad, purgando una pena por los delitos de concierto para delinquir y homicidio en persona protegida y Geiber Jos\u00e9 Fuentes Monta\u00f1o,\u00a0 condenado a una penas de 40 a\u00f1os por los delitos de concierto para delinquir y homicidio agravado.<\/p>\n<p>Abstenerse de imponer medida de aseguramiento en contra de los procesados por el delito de concierto para delinquir, toda vez que aun que se ha indicado que los hechos se cometieron dentro del contexto de un acuerdo criminal entre integrantes del Batall\u00f3n la Popa y las AUC, sin embargo, tal comportamiento ya fue investigado.<\/p>\n\n<div class=\"twitter-share\"><a href=\"https:\/\/twitter.com\/intent\/tweet?via=fiscaliacol\" class=\"twitter-share-button\">Tweet<\/a><\/div>\n","protected":false},"excerpt":{"rendered":"<p>Un Fiscal de la Unidad Nacional de Derechos Humanos y Derecho Internacional Humanitario profiri\u00f3 medida de aseguramiento en contra de seis miembros del Ej\u00e9rcito y dos postulados de Justicia y Paz, por el homicidio de los ind\u00edgenas kankuamos\u00a0 Uriel Evangelista Arias Mart\u00ednez y Carlos Arturo C\u00e1ceres, quienes fueron presentados como miembros de las Farc muertos [&hellip;]<\/p>\n","protected":false},"author":143,"featured_media":0,"comment_status":"closed","ping_status":"open","sticky":false,"template":"","format":"standard","meta":{"_price":"","_stock":"","_tribe_ticket_header":"","_tribe_default_ticket_provider":"","_tribe_ticket_capacity":"0","_ticket_start_date":"","_ticket_end_date":"","_tribe_ticket_show_description":"","_tribe_ticket_show_not_going":false,"_tribe_ticket_use_global_stock":"","_tribe_ticket_global_stock_level":"","_global_stock_mode":"","_global_stock_cap":"","_tribe_rsvp_for_event":"","_tribe_ticket_going_count":"","_tribe_ticket_not_going_count":"","_tribe_tickets_list":"[]","_tribe_ticket_has_attendee_info_fields":false,"tdm_status":"","tdm_grid_status":"","footnotes":""},"categories":[1],"tags":[23813,4235],"class_list":{"0":"post-35007","1":"post","2":"type-post","3":"status-publish","4":"format-standard","6":"category-noticias","7":"tag-derechos-humanos","8":"tag-indigenas-kankuamos"},"yoast_head":"<!-- This site is optimized with the Yoast SEO plugin v24.3 - https:\/\/yoast.com\/wordpress\/plugins\/seo\/ -->\n<title>Fiscal\u00eda General de la Naci\u00f3n<\/title>\n<meta name=\"description\" content=\"P\u00e1gina oficial de la Fiscal\u00eda General de la Naci\u00f3n \u2013 Colombia. Garantizamos el acceso efectivo a la justicia, la verdad y la reparaci\u00f3n de las v\u00edctimas de los delitos.\" \/>\n<meta name=\"robots\" content=\"noindex, follow\" \/>\n<meta property=\"og:locale\" content=\"es_ES\" \/>\n<meta property=\"og:type\" content=\"article\" \/>\n<meta property=\"og:title\" content=\"Fiscal\u00eda General de la Naci\u00f3n\" \/>\n<meta property=\"og:description\" content=\"P\u00e1gina oficial de la Fiscal\u00eda General de la Naci\u00f3n \u2013 Colombia. Garantizamos el acceso efectivo a la justicia, la verdad y la reparaci\u00f3n de las v\u00edctimas de los delitos.\" \/>\n<meta property=\"og:url\" content=\"https:\/\/www.fiscalia.gov.co\/colombia\/noticias\/asegurados-6-militares-y-dos-desmovilizados-por-homicidio-de-indigenas-kankuamos\/\" \/>\n<meta property=\"og:site_name\" content=\"Fiscal\u00eda General de la Naci\u00f3n\" \/>\n<meta property=\"article:publisher\" content=\"https:\/\/www.facebook.com\/FiscaliaCol\" \/>\n<meta property=\"article:published_time\" content=\"2013-07-01T14:29:23+00:00\" \/>\n<meta property=\"article:modified_time\" content=\"2013-07-01T14:33:29+00:00\" \/>\n<meta name=\"author\" content=\"dfgordillo\" \/>\n<meta name=\"twitter:card\" content=\"summary_large_image\" \/>\n<meta name=\"twitter:creator\" content=\"@FiscaliaCol\" \/>\n<meta name=\"twitter:site\" content=\"@FiscaliaCol\" \/>\n<meta name=\"twitter:label1\" content=\"Escrito por\" \/>\n\t<meta name=\"twitter:data1\" content=\"dfgordillo\" \/>\n\t<meta name=\"twitter:label2\" content=\"Tiempo de lectura\" \/>\n\t<meta name=\"twitter:data2\" content=\"3 minutos\" \/>\n<script type=\"application\/ld+json\" class=\"yoast-schema-graph\">{\"@context\":\"https:\/\/schema.org\",\"@graph\":[{\"@type\":\"Article\",\"@id\":\"https:\/\/www.fiscalia.gov.co\/colombia\/noticias\/asegurados-6-militares-y-dos-desmovilizados-por-homicidio-de-indigenas-kankuamos\/#article\",\"isPartOf\":{\"@id\":\"https:\/\/www.fiscalia.gov.co\/colombia\/noticias\/asegurados-6-militares-y-dos-desmovilizados-por-homicidio-de-indigenas-kankuamos\/\"},\"author\":{\"name\":\"dfgordillo\",\"@id\":\"https:\/\/www.fiscalia.gov.co\/colombia\/#\/schema\/person\/3903856a3ce2d54b094c69eb29247895\"},\"headline\":\"Asegurados 6 militares y dos desmovilizados por homicidio de ind\u00edgenas Kankuamos\",\"datePublished\":\"2013-07-01T14:29:23+00:00\",\"dateModified\":\"2013-07-01T14:33:29+00:00\",\"mainEntityOfPage\":{\"@id\":\"https:\/\/www.fiscalia.gov.co\/colombia\/noticias\/asegurados-6-militares-y-dos-desmovilizados-por-homicidio-de-indigenas-kankuamos\/\"},\"wordCount\":549,\"publisher\":{\"@id\":\"https:\/\/www.fiscalia.gov.co\/colombia\/#organization\"},\"keywords\":[\"Derechos Humanos\",\"Ind\u00edgenas Kankuamos\"],\"articleSection\":[\"Noticias\"],\"inLanguage\":\"es-CO\"},{\"@type\":\"WebPage\",\"@id\":\"https:\/\/www.fiscalia.gov.co\/colombia\/noticias\/asegurados-6-militares-y-dos-desmovilizados-por-homicidio-de-indigenas-kankuamos\/\",\"url\":\"https:\/\/www.fiscalia.gov.co\/colombia\/noticias\/asegurados-6-militares-y-dos-desmovilizados-por-homicidio-de-indigenas-kankuamos\/\",\"name\":\"Fiscal\u00eda General de la Naci\u00f3n\",\"isPartOf\":{\"@id\":\"https:\/\/www.fiscalia.gov.co\/colombia\/#website\"},\"datePublished\":\"2013-07-01T14:29:23+00:00\",\"dateModified\":\"2013-07-01T14:33:29+00:00\",\"description\":\"P\u00e1gina oficial de la Fiscal\u00eda General de la Naci\u00f3n \u2013 Colombia. Garantizamos el acceso efectivo a la justicia, la verdad y la reparaci\u00f3n de las v\u00edctimas de los delitos.\",\"breadcrumb\":{\"@id\":\"https:\/\/www.fiscalia.gov.co\/colombia\/noticias\/asegurados-6-militares-y-dos-desmovilizados-por-homicidio-de-indigenas-kankuamos\/#breadcrumb\"},\"inLanguage\":\"es-CO\",\"potentialAction\":[{\"@type\":\"ReadAction\",\"target\":[\"https:\/\/www.fiscalia.gov.co\/colombia\/noticias\/asegurados-6-militares-y-dos-desmovilizados-por-homicidio-de-indigenas-kankuamos\/\"]}]},{\"@type\":\"BreadcrumbList\",\"@id\":\"https:\/\/www.fiscalia.gov.co\/colombia\/noticias\/asegurados-6-militares-y-dos-desmovilizados-por-homicidio-de-indigenas-kankuamos\/#breadcrumb\",\"itemListElement\":[{\"@type\":\"ListItem\",\"position\":1,\"name\":\"Home\",\"item\":\"https:\/\/www.fiscalia.gov.co\/colombia\/\"},{\"@type\":\"ListItem\",\"position\":2,\"name\":\"Asegurados 6 militares y dos desmovilizados por homicidio de ind\u00edgenas Kankuamos\"}]},{\"@type\":\"WebSite\",\"@id\":\"https:\/\/www.fiscalia.gov.co\/colombia\/#website\",\"url\":\"https:\/\/www.fiscalia.gov.co\/colombia\/\",\"name\":\"Fiscal\u00eda General de la Naci\u00f3n\",\"description\":\"P\u00e1gina oficial de la Fiscal\u00eda General de la Naci\u00f3n \u2013 Colombia. Garantizamos el acceso efectivo a la justicia, la verdad y la reparaci\u00f3n de las v\u00edctimas de los delitos.\",\"publisher\":{\"@id\":\"https:\/\/www.fiscalia.gov.co\/colombia\/#organization\"},\"potentialAction\":[{\"@type\":\"SearchAction\",\"target\":{\"@type\":\"EntryPoint\",\"urlTemplate\":\"https:\/\/www.fiscalia.gov.co\/colombia\/?s={search_term_string}\"},\"query-input\":{\"@type\":\"PropertyValueSpecification\",\"valueRequired\":true,\"valueName\":\"search_term_string\"}}],\"inLanguage\":\"es-CO\"},{\"@type\":\"Organization\",\"@id\":\"https:\/\/www.fiscalia.gov.co\/colombia\/#organization\",\"name\":\"Fiscal\u00eda General de la Naci\u00f3n\",\"url\":\"https:\/\/www.fiscalia.gov.co\/colombia\/\",\"logo\":{\"@type\":\"ImageObject\",\"inLanguage\":\"es-CO\",\"@id\":\"https:\/\/www.fiscalia.gov.co\/colombia\/#\/schema\/logo\/image\/\",\"url\":\"https:\/\/www.fiscalia.gov.co\/colombia\/wp-content\/uploads\/LogoHorizontal_1.jpg\",\"contentUrl\":\"https:\/\/www.fiscalia.gov.co\/colombia\/wp-content\/uploads\/LogoHorizontal_1.jpg\",\"width\":300,\"height\":90,\"caption\":\"Fiscal\u00eda General de la Naci\u00f3n\"},\"image\":{\"@id\":\"https:\/\/www.fiscalia.gov.co\/colombia\/#\/schema\/logo\/image\/\"},\"sameAs\":[\"https:\/\/www.facebook.com\/FiscaliaCol\",\"https:\/\/x.com\/FiscaliaCol\",\"https:\/\/www.instagram.com\/fiscaliacol\",\"https:\/\/www.linkedin.com\/company\/fiscalia-general-de-la-naci-n\/\",\"https:\/\/youtube.com\/@fiscaliageneraldelanacion-4668?si=6nN79nyQICPU5iTh\"]},{\"@type\":\"Person\",\"@id\":\"https:\/\/www.fiscalia.gov.co\/colombia\/#\/schema\/person\/3903856a3ce2d54b094c69eb29247895\",\"name\":\"dfgordillo\",\"image\":{\"@type\":\"ImageObject\",\"inLanguage\":\"es-CO\",\"@id\":\"https:\/\/www.fiscalia.gov.co\/colombia\/#\/schema\/person\/image\/\",\"url\":\"https:\/\/secure.gravatar.com\/avatar\/b6356e21c5657c60757fe6fb9493e947?s=96&d=mm&r=g\",\"contentUrl\":\"https:\/\/secure.gravatar.com\/avatar\/b6356e21c5657c60757fe6fb9493e947?s=96&d=mm&r=g\",\"caption\":\"dfgordillo\"},\"sameAs\":[\"dfgordillo\"],\"url\":\"https:\/\/www.fiscalia.gov.co\/colombia\/author\/dfgordillo\/\"}]}<\/script>\n<!-- \/ Yoast SEO plugin. -->","yoast_head_json":{"title":"Fiscal\u00eda General de la Naci\u00f3n","description":"P\u00e1gina oficial de la Fiscal\u00eda General de la Naci\u00f3n \u2013 Colombia. Garantizamos el acceso efectivo a la justicia, la verdad y la reparaci\u00f3n de las v\u00edctimas de los delitos.","robots":{"index":"noindex","follow":"follow"},"og_locale":"es_ES","og_type":"article","og_title":"Fiscal\u00eda General de la Naci\u00f3n","og_description":"P\u00e1gina oficial de la Fiscal\u00eda General de la Naci\u00f3n \u2013 Colombia. Garantizamos el acceso efectivo a la justicia, la verdad y la reparaci\u00f3n de las v\u00edctimas de los delitos.","og_url":"https:\/\/www.fiscalia.gov.co\/colombia\/noticias\/asegurados-6-militares-y-dos-desmovilizados-por-homicidio-de-indigenas-kankuamos\/","og_site_name":"Fiscal\u00eda General de la Naci\u00f3n","article_publisher":"https:\/\/www.facebook.com\/FiscaliaCol","article_published_time":"2013-07-01T14:29:23+00:00","article_modified_time":"2013-07-01T14:33:29+00:00","author":"dfgordillo","twitter_card":"summary_large_image","twitter_creator":"@FiscaliaCol","twitter_site":"@FiscaliaCol","twitter_misc":{"Escrito por":"dfgordillo","Tiempo de lectura":"3 minutos"},"schema":{"@context":"https:\/\/schema.org","@graph":[{"@type":"Article","@id":"https:\/\/www.fiscalia.gov.co\/colombia\/noticias\/asegurados-6-militares-y-dos-desmovilizados-por-homicidio-de-indigenas-kankuamos\/#article","isPartOf":{"@id":"https:\/\/www.fiscalia.gov.co\/colombia\/noticias\/asegurados-6-militares-y-dos-desmovilizados-por-homicidio-de-indigenas-kankuamos\/"},"author":{"name":"dfgordillo","@id":"https:\/\/www.fiscalia.gov.co\/colombia\/#\/schema\/person\/3903856a3ce2d54b094c69eb29247895"},"headline":"Asegurados 6 militares y dos desmovilizados por homicidio de ind\u00edgenas Kankuamos","datePublished":"2013-07-01T14:29:23+00:00","dateModified":"2013-07-01T14:33:29+00:00","mainEntityOfPage":{"@id":"https:\/\/www.fiscalia.gov.co\/colombia\/noticias\/asegurados-6-militares-y-dos-desmovilizados-por-homicidio-de-indigenas-kankuamos\/"},"wordCount":549,"publisher":{"@id":"https:\/\/www.fiscalia.gov.co\/colombia\/#organization"},"keywords":["Derechos Humanos","Ind\u00edgenas Kankuamos"],"articleSection":["Noticias"],"inLanguage":"es-CO"},{"@type":"WebPage","@id":"https:\/\/www.fiscalia.gov.co\/colombia\/noticias\/asegurados-6-militares-y-dos-desmovilizados-por-homicidio-de-indigenas-kankuamos\/","url":"https:\/\/www.fiscalia.gov.co\/colombia\/noticias\/asegurados-6-militares-y-dos-desmovilizados-por-homicidio-de-indigenas-kankuamos\/","name":"Fiscal\u00eda General de la Naci\u00f3n","isPartOf":{"@id":"https:\/\/www.fiscalia.gov.co\/colombia\/#website"},"datePublished":"2013-07-01T14:29:23+00:00","dateModified":"2013-07-01T14:33:29+00:00","description":"P\u00e1gina oficial de la Fiscal\u00eda General de la Naci\u00f3n \u2013 Colombia. Garantizamos el acceso efectivo a la justicia, la verdad y la reparaci\u00f3n de las v\u00edctimas de los delitos.","breadcrumb":{"@id":"https:\/\/www.fiscalia.gov.co\/colombia\/noticias\/asegurados-6-militares-y-dos-desmovilizados-por-homicidio-de-indigenas-kankuamos\/#breadcrumb"},"inLanguage":"es-CO","potentialAction":[{"@type":"ReadAction","target":["https:\/\/www.fiscalia.gov.co\/colombia\/noticias\/asegurados-6-militares-y-dos-desmovilizados-por-homicidio-de-indigenas-kankuamos\/"]}]},{"@type":"BreadcrumbList","@id":"https:\/\/www.fiscalia.gov.co\/colombia\/noticias\/asegurados-6-militares-y-dos-desmovilizados-por-homicidio-de-indigenas-kankuamos\/#breadcrumb","itemListElement":[{"@type":"ListItem","position":1,"name":"Home","item":"https:\/\/www.fiscalia.gov.co\/colombia\/"},{"@type":"ListItem","position":2,"name":"Asegurados 6 militares y dos desmovilizados por homicidio de ind\u00edgenas Kankuamos"}]},{"@type":"WebSite","@id":"https:\/\/www.fiscalia.gov.co\/colombia\/#website","url":"https:\/\/www.fiscalia.gov.co\/colombia\/","name":"Fiscal\u00eda General de la Naci\u00f3n","description":"P\u00e1gina oficial de la Fiscal\u00eda General de la Naci\u00f3n \u2013 Colombia. Garantizamos el acceso efectivo a la justicia, la verdad y la reparaci\u00f3n de las v\u00edctimas de los delitos.","publisher":{"@id":"https:\/\/www.fiscalia.gov.co\/colombia\/#organization"},"potentialAction":[{"@type":"SearchAction","target":{"@type":"EntryPoint","urlTemplate":"https:\/\/www.fiscalia.gov.co\/colombia\/?s={search_term_string}"},"query-input":{"@type":"PropertyValueSpecification","valueRequired":true,"valueName":"search_term_string"}}],"inLanguage":"es-CO"},{"@type":"Organization","@id":"https:\/\/www.fiscalia.gov.co\/colombia\/#organization","name":"Fiscal\u00eda General de la Naci\u00f3n","url":"https:\/\/www.fiscalia.gov.co\/colombia\/","logo":{"@type":"ImageObject","inLanguage":"es-CO","@id":"https:\/\/www.fiscalia.gov.co\/colombia\/#\/schema\/logo\/image\/","url":"https:\/\/www.fiscalia.gov.co\/colombia\/wp-content\/uploads\/LogoHorizontal_1.jpg","contentUrl":"https:\/\/www.fiscalia.gov.co\/colombia\/wp-content\/uploads\/LogoHorizontal_1.jpg","width":300,"height":90,"caption":"Fiscal\u00eda General de la Naci\u00f3n"},"image":{"@id":"https:\/\/www.fiscalia.gov.co\/colombia\/#\/schema\/logo\/image\/"},"sameAs":["https:\/\/www.facebook.com\/FiscaliaCol","https:\/\/x.com\/FiscaliaCol","https:\/\/www.instagram.com\/fiscaliacol","https:\/\/www.linkedin.com\/company\/fiscalia-general-de-la-naci-n\/","https:\/\/youtube.com\/@fiscaliageneraldelanacion-4668?si=6nN79nyQICPU5iTh"]},{"@type":"Person","@id":"https:\/\/www.fiscalia.gov.co\/colombia\/#\/schema\/person\/3903856a3ce2d54b094c69eb29247895","name":"dfgordillo","image":{"@type":"ImageObject","inLanguage":"es-CO","@id":"https:\/\/www.fiscalia.gov.co\/colombia\/#\/schema\/person\/image\/","url":"https:\/\/secure.gravatar.com\/avatar\/b6356e21c5657c60757fe6fb9493e947?s=96&d=mm&r=g","contentUrl":"https:\/\/secure.gravatar.com\/avatar\/b6356e21c5657c60757fe6fb9493e947?s=96&d=mm&r=g","caption":"dfgordillo"},"sameAs":["dfgordillo"],"url":"https:\/\/www.fiscalia.gov.co\/colombia\/author\/dfgordillo\/"}]}},"_links":{"self":[{"href":"https:\/\/www.fiscalia.gov.co\/colombia\/wp-json\/wp\/v2\/posts\/35007","targetHints":{"allow":["GET"]}}],"collection":[{"href":"https:\/\/www.fiscalia.gov.co\/colombia\/wp-json\/wp\/v2\/posts"}],"about":[{"href":"https:\/\/www.fiscalia.gov.co\/colombia\/wp-json\/wp\/v2\/types\/post"}],"author":[{"embeddable":true,"href":"https:\/\/www.fiscalia.gov.co\/colombia\/wp-json\/wp\/v2\/users\/143"}],"replies":[{"embeddable":true,"href":"https:\/\/www.fiscalia.gov.co\/colombia\/wp-json\/wp\/v2\/comments?post=35007"}],"version-history":[{"count":4,"href":"https:\/\/www.fiscalia.gov.co\/colombia\/wp-json\/wp\/v2\/posts\/35007\/revisions"}],"predecessor-version":[{"id":35010,"href":"https:\/\/www.fiscalia.gov.co\/colombia\/wp-json\/wp\/v2\/posts\/35007\/revisions\/35010"}],"wp:attachment":[{"href":"https:\/\/www.fiscalia.gov.co\/colombia\/wp-json\/wp\/v2\/media?parent=35007"}],"wp:term":[{"taxonomy":"category","embeddable":true,"href":"https:\/\/www.fiscalia.gov.co\/colombia\/wp-json\/wp\/v2\/categories?post=35007"},{"taxonomy":"post_tag","embeddable":true,"href":"https:\/\/www.fiscalia.gov.co\/colombia\/wp-json\/wp\/v2\/tags?post=35007"}],"curies":[{"name":"wp","href":"https:\/\/api.w.org\/{rel}","templated":true}]}}