{"id":34927,"date":"2013-06-27T09:30:13","date_gmt":"2013-06-27T14:30:13","guid":{"rendered":"http:\/\/www.fiscalia.gov.co\/colombia\/?p=34927"},"modified":"2013-06-27T09:30:13","modified_gmt":"2013-06-27T14:30:13","slug":"acusan-a-implicados-en-atentado-en-contra-del-exministro-fernando-londono","status":"publish","type":"post","link":"https:\/\/www.fiscalia.gov.co\/colombia\/noticias\/acusan-a-implicados-en-atentado-en-contra-del-exministro-fernando-londono\/","title":{"rendered":"Acusan a implicados en atentado en contra del exministro Fernando Londo\u00f1o"},"content":{"rendered":"<p>Una fiscal de la Unidad contra el Terrorismo acus\u00f3 a Ulises Castellanos Beltr\u00e1n, alias Apu y a C\u00e9sar Augusto Ruiz G\u00f3mez, alias Bigotes, como presuntos implicados en el atentado al exministro Fernando Londo\u00f1o ocurrido el 15 de mayo de 2012.<\/p>\n<p>Estas personas deber\u00e1n responder en juicio por los delitos de homicidio agravado, homicidio agravado en grado de tentativa, concierto para delinquir agravado, terrorismo, fabricaci\u00f3n, porte y uso de armas de uso privativo de las fuerzas militares y utilizaci\u00f3n de menores en actos delictivos.<\/p>\n<p>En la diligencia, realizada ante el Juzgado Cuarto Especializado de Bogot\u00e1, tambi\u00e9n se reconocieron a 15 v\u00edctimas entre familiares de los dos escoltas de Fernando Londo\u00f1o quienes fallecieron en los hechos y ciudadanos que resultaron afectados con la onda explosiva.<\/p>\n<p>De acuerdo con lo establecido por el ente acusador, los dos acusados hacen parte de las tres organizaciones que participaron en la planificaci\u00f3n y ejecuci\u00f3n del atentado.<\/p>\n<p>En el escrito de acusaci\u00f3n la fiscal de caso relat\u00f3 paso a paso c\u00f3mo se realiz\u00f3 el acto terrorista y cu\u00e1l fue la actuaci\u00f3n de cada uno de los acusados.<\/p>\n<p><strong>Log\u00edstica del atentado<\/strong><\/p>\n<p>Durante la audiencia la fiscal explic\u00f3 que mediante labores investigativas se estableci\u00f3 que en la planeaci\u00f3n, coordinaci\u00f3n y ejecuci\u00f3n del acto terrorista participaron tres organizaciones delictivas, dos con sede en Cali y una con sede en Bogot\u00e1.<\/p>\n<p>Una de estas\u00a0 organizaciones se dedicaba a actividades de secuestro y homicidio, y estar\u00eda liderada por Diego Fernando Tabares Mar\u00edn, Luis Arturo Mora Ramos, Wilmar Tabares\u00a0 Mar\u00edn y un individuo por identificar.<\/p>\n<p>Esta organizaci\u00f3n habr\u00eda sido la encargada de la de la log\u00edstica para llevar a cabo el atentado. Para tal fin, sus miembros habr\u00edan viajado el 22 de abril de 2012 desde Cali a Bogot\u00e1. Una vez en la capital del pa\u00eds contactaron la organizaci\u00f3n criminal dedicada a hurtos a gran escala, utilizaci\u00f3n de armas de uso personal y de uso privativo de las Fuerzas Militares y que estar\u00eda liderada por Ulises Castellanos Beltr\u00e1n, alias Apu.<\/p>\n<p>Tambi\u00e9n se determin\u00f3 que para esa fecha Diego Fernando Tabares Mar\u00edn y Luis Alberto Mora Ramos se reunieron con Ulises Castellanos Beltr\u00e1n en Bogot\u00e1 con el fin de llevar a cobo las labores previas de inteligencia, seguimiento, de las rutinas y desplazamientos realizados por la caravana que escoltaba al ex ministro. Estas labores fueron realizadas entre el 22 y el 26 de abril tanto por la organizaci\u00f3n liderada por Diego Fernando Tabares como la de Ulises Castellanos Beltr\u00e1n.<\/p>\n<p>Posteriormente, Diego Fernando Tabares Mar\u00edn y Luis Alberto Mora Ramos regresaron a Cali mientras que Castellanos Beltr\u00e1n continuaba con el estudio y seguimiento a la v\u00edctima principal.<\/p>\n<p>En la ciudad de Cali Luis Alberto Mora,\u00a0 quien ser\u00eda el encargado de la planeaci\u00f3n del atentado terrorista, contact\u00f3 a otra organizaci\u00f3n delictiva con sede en esa ciudad, dedicada al tr\u00e1fico de estupefacientes y al sicariato, entre otras. La banda estar\u00eda liderada por\u00a0 C\u00e9sar Augusto Ruiz\u00a0 G\u00f3mez, alias Bigotes, y de la misma har\u00edan parte menores de edad. Adem\u00e1s ser\u00eda la encargada de buscar a las personas, entre ellas el menor de edad, que materializar\u00edan el atentado.<\/p>\n<p>El 7 de mayo de 2012, Diego Fernando Tabares Mar\u00edn y Luis Alberto Mora Ramos viajaron desde Cali hasta Bogot\u00e1 para reunirse con Ulises Castellanos Beltr\u00e1n con el fin de ultimar los detalles de la acci\u00f3n terrorista.<\/p>\n<p>Luego, el 9 de mayo Tabares Mar\u00edn y Mora Ramos recibieron el artefacto explosivo que fue elaborado en Cali y trasportado hasta Bogot\u00e1 en un veh\u00edculo de servicio p\u00fablico en la modalidad de remesa. Ese mismo d\u00eda arribaron a la ciudad Nelson Eduardo Aguirre Casta\u00f1eda y el menor de edad y se re\u00fanen con los l\u00edderes de la planeaci\u00f3n del atentado, Diego Fernando Tabares Mar\u00edn, Luis Alberto Mora Ramos y Ulises Castellanos Beltr\u00e1n, con el objeto de recibir las instrucciones para realizar el atentado.<\/p>\n<p>Entre el 9 y el 14 de mayo se plane\u00f3 el atentado y se design\u00f3 al menor de edad para que fuera este quien llevara el explosivo hasta el veh\u00edculo en el cual se movilizaba el Fernando Londo\u00f1o Hoyos.<\/p>\n<p>El 15 de mayo de 2012 en la Calle 74 con Avenida Caracas, norte de Bogot\u00e1, fue activada la bomba lapa en el veh\u00edculo que se transportaba al exministro.<\/p>\n<p>La explosi\u00f3n caus\u00f3 la muerte del conductor del veh\u00edculo Jos\u00e9 Ricardo Ram\u00edrez Rodr\u00edguez y del escolta de la Polic\u00eda Nacional Rosemberg Burbano Ramos, y provoc\u00f3 heridas al exministro y a otras 47 personas.<\/p>\n<p>Una vez realizado el atentado el menor y Nelson Eduardo Aguirre huyeron hacia Cali. Lo propio hacen Diego Fernando Tabares Mar\u00edn y Luis Alberto Mora Ramos.<\/p>\n<p>Como parte de la log\u00edstica para el hecho terrorista fueron adquiridas 12 l\u00edneas telef\u00f3nicas\u00a0 y dejadas de utilizar el mismo d\u00eda del atentado.<\/p>\n<p>El 28 de agosto de 2012, en un barrio de la ciudad de Bogot\u00e1 fue capturado Ulises Castellanos Beltr\u00e1n, y posteriormente C\u00e9sar Augusto Ruiz\u00a0 G\u00f3mez, alias Bigotes.<\/p>\n<p>Por estos mismos hechos un juez de Infancia y Adolescencia con funci\u00f3n de conocimiento conden\u00f3 al menor de edad a siete a\u00f1os de sanci\u00f3n pedag\u00f3gica en centro especializado para atenci\u00f3n al menor victimario.<\/p>\n<p>El joven fue sentenciado despu\u00e9s de aceptar los cargos de homicidio agravado, tentativa de homicidio, lesiones personales, terrorismo y concierto para delinquir.<\/p>\n\n<div class=\"twitter-share\"><a href=\"https:\/\/twitter.com\/intent\/tweet?via=fiscaliacol\" class=\"twitter-share-button\">Tweet<\/a><\/div>\n","protected":false},"excerpt":{"rendered":"<p>Una fiscal de la Unidad contra el Terrorismo acus\u00f3 a Ulises Castellanos Beltr\u00e1n, alias Apu y a C\u00e9sar Augusto Ruiz G\u00f3mez, alias Bigotes, como presuntos implicados en el atentado al exministro Fernando Londo\u00f1o ocurrido el 15 de mayo de 2012. Estas personas deber\u00e1n responder en juicio por los delitos de homicidio agravado, homicidio agravado en [&hellip;]<\/p>\n","protected":false},"author":143,"featured_media":0,"comment_status":"closed","ping_status":"open","sticky":false,"template":"","format":"standard","meta":{"_price":"","_stock":"","_tribe_ticket_header":"","_tribe_default_ticket_provider":"","_tribe_ticket_capacity":"0","_ticket_start_date":"","_ticket_end_date":"","_tribe_ticket_show_description":"","_tribe_ticket_show_not_going":false,"_tribe_ticket_use_global_stock":"","_tribe_ticket_global_stock_level":"","_global_stock_mode":"","_global_stock_cap":"","_tribe_rsvp_for_event":"","_tribe_ticket_going_count":"","_tribe_ticket_not_going_count":"","_tribe_tickets_list":"[]","_tribe_ticket_has_attendee_info_fields":false,"tdm_status":"","tdm_grid_status":"","footnotes":""},"categories":[1],"tags":[4218,381],"class_list":{"0":"post-34927","1":"post","2":"type-post","3":"status-publish","4":"format-standard","6":"category-noticias","7":"tag-fernando-londono","8":"tag-terrorismo"},"yoast_head":"<!-- This site is optimized with the Yoast SEO plugin v24.3 - https:\/\/yoast.com\/wordpress\/plugins\/seo\/ -->\n<title>Fiscal\u00eda General de la Naci\u00f3n<\/title>\n<meta name=\"description\" content=\"P\u00e1gina oficial de la Fiscal\u00eda General de la Naci\u00f3n \u2013 Colombia. Garantizamos el acceso efectivo a la justicia, la verdad y la reparaci\u00f3n de las v\u00edctimas de los delitos.\" \/>\n<meta name=\"robots\" content=\"noindex, follow\" \/>\n<meta property=\"og:locale\" content=\"es_ES\" \/>\n<meta property=\"og:type\" content=\"article\" \/>\n<meta property=\"og:title\" content=\"Fiscal\u00eda General de la Naci\u00f3n\" \/>\n<meta property=\"og:description\" content=\"P\u00e1gina oficial de la Fiscal\u00eda General de la Naci\u00f3n \u2013 Colombia. Garantizamos el acceso efectivo a la justicia, la verdad y la reparaci\u00f3n de las v\u00edctimas de los delitos.\" \/>\n<meta property=\"og:url\" content=\"https:\/\/www.fiscalia.gov.co\/colombia\/noticias\/acusan-a-implicados-en-atentado-en-contra-del-exministro-fernando-londono\/\" \/>\n<meta property=\"og:site_name\" content=\"Fiscal\u00eda General de la Naci\u00f3n\" \/>\n<meta property=\"article:publisher\" content=\"https:\/\/www.facebook.com\/FiscaliaCol\" \/>\n<meta property=\"article:published_time\" content=\"2013-06-27T14:30:13+00:00\" \/>\n<meta name=\"author\" content=\"dfgordillo\" \/>\n<meta name=\"twitter:card\" content=\"summary_large_image\" \/>\n<meta name=\"twitter:creator\" content=\"@FiscaliaCol\" \/>\n<meta name=\"twitter:site\" content=\"@FiscaliaCol\" \/>\n<meta name=\"twitter:label1\" content=\"Escrito por\" \/>\n\t<meta name=\"twitter:data1\" content=\"dfgordillo\" \/>\n\t<meta name=\"twitter:label2\" content=\"Tiempo de lectura\" \/>\n\t<meta name=\"twitter:data2\" content=\"5 minutos\" \/>\n<script type=\"application\/ld+json\" class=\"yoast-schema-graph\">{\"@context\":\"https:\/\/schema.org\",\"@graph\":[{\"@type\":\"Article\",\"@id\":\"https:\/\/www.fiscalia.gov.co\/colombia\/noticias\/acusan-a-implicados-en-atentado-en-contra-del-exministro-fernando-londono\/#article\",\"isPartOf\":{\"@id\":\"https:\/\/www.fiscalia.gov.co\/colombia\/noticias\/acusan-a-implicados-en-atentado-en-contra-del-exministro-fernando-londono\/\"},\"author\":{\"name\":\"dfgordillo\",\"@id\":\"https:\/\/www.fiscalia.gov.co\/colombia\/#\/schema\/person\/3903856a3ce2d54b094c69eb29247895\"},\"headline\":\"Acusan a implicados en atentado en contra del exministro Fernando Londo\u00f1o\",\"datePublished\":\"2013-06-27T14:30:13+00:00\",\"dateModified\":\"2013-06-27T14:30:13+00:00\",\"mainEntityOfPage\":{\"@id\":\"https:\/\/www.fiscalia.gov.co\/colombia\/noticias\/acusan-a-implicados-en-atentado-en-contra-del-exministro-fernando-londono\/\"},\"wordCount\":941,\"publisher\":{\"@id\":\"https:\/\/www.fiscalia.gov.co\/colombia\/#organization\"},\"keywords\":[\"Fernando Londo\u00f1o\",\"Terrorismo\"],\"articleSection\":[\"Noticias\"],\"inLanguage\":\"es-CO\"},{\"@type\":\"WebPage\",\"@id\":\"https:\/\/www.fiscalia.gov.co\/colombia\/noticias\/acusan-a-implicados-en-atentado-en-contra-del-exministro-fernando-londono\/\",\"url\":\"https:\/\/www.fiscalia.gov.co\/colombia\/noticias\/acusan-a-implicados-en-atentado-en-contra-del-exministro-fernando-londono\/\",\"name\":\"Fiscal\u00eda General de la Naci\u00f3n\",\"isPartOf\":{\"@id\":\"https:\/\/www.fiscalia.gov.co\/colombia\/#website\"},\"datePublished\":\"2013-06-27T14:30:13+00:00\",\"dateModified\":\"2013-06-27T14:30:13+00:00\",\"description\":\"P\u00e1gina oficial de la Fiscal\u00eda General de la Naci\u00f3n \u2013 Colombia. Garantizamos el acceso efectivo a la justicia, la verdad y la reparaci\u00f3n de las v\u00edctimas de los delitos.\",\"breadcrumb\":{\"@id\":\"https:\/\/www.fiscalia.gov.co\/colombia\/noticias\/acusan-a-implicados-en-atentado-en-contra-del-exministro-fernando-londono\/#breadcrumb\"},\"inLanguage\":\"es-CO\",\"potentialAction\":[{\"@type\":\"ReadAction\",\"target\":[\"https:\/\/www.fiscalia.gov.co\/colombia\/noticias\/acusan-a-implicados-en-atentado-en-contra-del-exministro-fernando-londono\/\"]}]},{\"@type\":\"BreadcrumbList\",\"@id\":\"https:\/\/www.fiscalia.gov.co\/colombia\/noticias\/acusan-a-implicados-en-atentado-en-contra-del-exministro-fernando-londono\/#breadcrumb\",\"itemListElement\":[{\"@type\":\"ListItem\",\"position\":1,\"name\":\"Home\",\"item\":\"https:\/\/www.fiscalia.gov.co\/colombia\/\"},{\"@type\":\"ListItem\",\"position\":2,\"name\":\"Acusan a implicados en atentado en contra del exministro Fernando Londo\u00f1o\"}]},{\"@type\":\"WebSite\",\"@id\":\"https:\/\/www.fiscalia.gov.co\/colombia\/#website\",\"url\":\"https:\/\/www.fiscalia.gov.co\/colombia\/\",\"name\":\"Fiscal\u00eda General de la Naci\u00f3n\",\"description\":\"P\u00e1gina oficial de la Fiscal\u00eda General de la Naci\u00f3n \u2013 Colombia. Garantizamos el acceso efectivo a la justicia, la verdad y la reparaci\u00f3n de las v\u00edctimas de los delitos.\",\"publisher\":{\"@id\":\"https:\/\/www.fiscalia.gov.co\/colombia\/#organization\"},\"potentialAction\":[{\"@type\":\"SearchAction\",\"target\":{\"@type\":\"EntryPoint\",\"urlTemplate\":\"https:\/\/www.fiscalia.gov.co\/colombia\/?s={search_term_string}\"},\"query-input\":{\"@type\":\"PropertyValueSpecification\",\"valueRequired\":true,\"valueName\":\"search_term_string\"}}],\"inLanguage\":\"es-CO\"},{\"@type\":\"Organization\",\"@id\":\"https:\/\/www.fiscalia.gov.co\/colombia\/#organization\",\"name\":\"Fiscal\u00eda General de la Naci\u00f3n\",\"url\":\"https:\/\/www.fiscalia.gov.co\/colombia\/\",\"logo\":{\"@type\":\"ImageObject\",\"inLanguage\":\"es-CO\",\"@id\":\"https:\/\/www.fiscalia.gov.co\/colombia\/#\/schema\/logo\/image\/\",\"url\":\"https:\/\/www.fiscalia.gov.co\/colombia\/wp-content\/uploads\/LogoHorizontal_1.jpg\",\"contentUrl\":\"https:\/\/www.fiscalia.gov.co\/colombia\/wp-content\/uploads\/LogoHorizontal_1.jpg\",\"width\":300,\"height\":90,\"caption\":\"Fiscal\u00eda General de la Naci\u00f3n\"},\"image\":{\"@id\":\"https:\/\/www.fiscalia.gov.co\/colombia\/#\/schema\/logo\/image\/\"},\"sameAs\":[\"https:\/\/www.facebook.com\/FiscaliaCol\",\"https:\/\/x.com\/FiscaliaCol\",\"https:\/\/www.instagram.com\/fiscaliacol\",\"https:\/\/www.linkedin.com\/company\/fiscalia-general-de-la-naci-n\/\",\"https:\/\/youtube.com\/@fiscaliageneraldelanacion-4668?si=6nN79nyQICPU5iTh\"]},{\"@type\":\"Person\",\"@id\":\"https:\/\/www.fiscalia.gov.co\/colombia\/#\/schema\/person\/3903856a3ce2d54b094c69eb29247895\",\"name\":\"dfgordillo\",\"image\":{\"@type\":\"ImageObject\",\"inLanguage\":\"es-CO\",\"@id\":\"https:\/\/www.fiscalia.gov.co\/colombia\/#\/schema\/person\/image\/\",\"url\":\"https:\/\/secure.gravatar.com\/avatar\/b6356e21c5657c60757fe6fb9493e947?s=96&d=mm&r=g\",\"contentUrl\":\"https:\/\/secure.gravatar.com\/avatar\/b6356e21c5657c60757fe6fb9493e947?s=96&d=mm&r=g\",\"caption\":\"dfgordillo\"},\"sameAs\":[\"dfgordillo\"],\"url\":\"https:\/\/www.fiscalia.gov.co\/colombia\/author\/dfgordillo\/\"}]}<\/script>\n<!-- \/ Yoast SEO plugin. -->","yoast_head_json":{"title":"Fiscal\u00eda General de la Naci\u00f3n","description":"P\u00e1gina oficial de la Fiscal\u00eda General de la Naci\u00f3n \u2013 Colombia. Garantizamos el acceso efectivo a la justicia, la verdad y la reparaci\u00f3n de las v\u00edctimas de los delitos.","robots":{"index":"noindex","follow":"follow"},"og_locale":"es_ES","og_type":"article","og_title":"Fiscal\u00eda General de la Naci\u00f3n","og_description":"P\u00e1gina oficial de la Fiscal\u00eda General de la Naci\u00f3n \u2013 Colombia. Garantizamos el acceso efectivo a la justicia, la verdad y la reparaci\u00f3n de las v\u00edctimas de los delitos.","og_url":"https:\/\/www.fiscalia.gov.co\/colombia\/noticias\/acusan-a-implicados-en-atentado-en-contra-del-exministro-fernando-londono\/","og_site_name":"Fiscal\u00eda General de la Naci\u00f3n","article_publisher":"https:\/\/www.facebook.com\/FiscaliaCol","article_published_time":"2013-06-27T14:30:13+00:00","author":"dfgordillo","twitter_card":"summary_large_image","twitter_creator":"@FiscaliaCol","twitter_site":"@FiscaliaCol","twitter_misc":{"Escrito por":"dfgordillo","Tiempo de lectura":"5 minutos"},"schema":{"@context":"https:\/\/schema.org","@graph":[{"@type":"Article","@id":"https:\/\/www.fiscalia.gov.co\/colombia\/noticias\/acusan-a-implicados-en-atentado-en-contra-del-exministro-fernando-londono\/#article","isPartOf":{"@id":"https:\/\/www.fiscalia.gov.co\/colombia\/noticias\/acusan-a-implicados-en-atentado-en-contra-del-exministro-fernando-londono\/"},"author":{"name":"dfgordillo","@id":"https:\/\/www.fiscalia.gov.co\/colombia\/#\/schema\/person\/3903856a3ce2d54b094c69eb29247895"},"headline":"Acusan a implicados en atentado en contra del exministro Fernando Londo\u00f1o","datePublished":"2013-06-27T14:30:13+00:00","dateModified":"2013-06-27T14:30:13+00:00","mainEntityOfPage":{"@id":"https:\/\/www.fiscalia.gov.co\/colombia\/noticias\/acusan-a-implicados-en-atentado-en-contra-del-exministro-fernando-londono\/"},"wordCount":941,"publisher":{"@id":"https:\/\/www.fiscalia.gov.co\/colombia\/#organization"},"keywords":["Fernando Londo\u00f1o","Terrorismo"],"articleSection":["Noticias"],"inLanguage":"es-CO"},{"@type":"WebPage","@id":"https:\/\/www.fiscalia.gov.co\/colombia\/noticias\/acusan-a-implicados-en-atentado-en-contra-del-exministro-fernando-londono\/","url":"https:\/\/www.fiscalia.gov.co\/colombia\/noticias\/acusan-a-implicados-en-atentado-en-contra-del-exministro-fernando-londono\/","name":"Fiscal\u00eda General de la Naci\u00f3n","isPartOf":{"@id":"https:\/\/www.fiscalia.gov.co\/colombia\/#website"},"datePublished":"2013-06-27T14:30:13+00:00","dateModified":"2013-06-27T14:30:13+00:00","description":"P\u00e1gina oficial de la Fiscal\u00eda General de la Naci\u00f3n \u2013 Colombia. Garantizamos el acceso efectivo a la justicia, la verdad y la reparaci\u00f3n de las v\u00edctimas de los delitos.","breadcrumb":{"@id":"https:\/\/www.fiscalia.gov.co\/colombia\/noticias\/acusan-a-implicados-en-atentado-en-contra-del-exministro-fernando-londono\/#breadcrumb"},"inLanguage":"es-CO","potentialAction":[{"@type":"ReadAction","target":["https:\/\/www.fiscalia.gov.co\/colombia\/noticias\/acusan-a-implicados-en-atentado-en-contra-del-exministro-fernando-londono\/"]}]},{"@type":"BreadcrumbList","@id":"https:\/\/www.fiscalia.gov.co\/colombia\/noticias\/acusan-a-implicados-en-atentado-en-contra-del-exministro-fernando-londono\/#breadcrumb","itemListElement":[{"@type":"ListItem","position":1,"name":"Home","item":"https:\/\/www.fiscalia.gov.co\/colombia\/"},{"@type":"ListItem","position":2,"name":"Acusan a implicados en atentado en contra del exministro Fernando Londo\u00f1o"}]},{"@type":"WebSite","@id":"https:\/\/www.fiscalia.gov.co\/colombia\/#website","url":"https:\/\/www.fiscalia.gov.co\/colombia\/","name":"Fiscal\u00eda General de la Naci\u00f3n","description":"P\u00e1gina oficial de la Fiscal\u00eda General de la Naci\u00f3n \u2013 Colombia. Garantizamos el acceso efectivo a la justicia, la verdad y la reparaci\u00f3n de las v\u00edctimas de los delitos.","publisher":{"@id":"https:\/\/www.fiscalia.gov.co\/colombia\/#organization"},"potentialAction":[{"@type":"SearchAction","target":{"@type":"EntryPoint","urlTemplate":"https:\/\/www.fiscalia.gov.co\/colombia\/?s={search_term_string}"},"query-input":{"@type":"PropertyValueSpecification","valueRequired":true,"valueName":"search_term_string"}}],"inLanguage":"es-CO"},{"@type":"Organization","@id":"https:\/\/www.fiscalia.gov.co\/colombia\/#organization","name":"Fiscal\u00eda General de la Naci\u00f3n","url":"https:\/\/www.fiscalia.gov.co\/colombia\/","logo":{"@type":"ImageObject","inLanguage":"es-CO","@id":"https:\/\/www.fiscalia.gov.co\/colombia\/#\/schema\/logo\/image\/","url":"https:\/\/www.fiscalia.gov.co\/colombia\/wp-content\/uploads\/LogoHorizontal_1.jpg","contentUrl":"https:\/\/www.fiscalia.gov.co\/colombia\/wp-content\/uploads\/LogoHorizontal_1.jpg","width":300,"height":90,"caption":"Fiscal\u00eda General de la Naci\u00f3n"},"image":{"@id":"https:\/\/www.fiscalia.gov.co\/colombia\/#\/schema\/logo\/image\/"},"sameAs":["https:\/\/www.facebook.com\/FiscaliaCol","https:\/\/x.com\/FiscaliaCol","https:\/\/www.instagram.com\/fiscaliacol","https:\/\/www.linkedin.com\/company\/fiscalia-general-de-la-naci-n\/","https:\/\/youtube.com\/@fiscaliageneraldelanacion-4668?si=6nN79nyQICPU5iTh"]},{"@type":"Person","@id":"https:\/\/www.fiscalia.gov.co\/colombia\/#\/schema\/person\/3903856a3ce2d54b094c69eb29247895","name":"dfgordillo","image":{"@type":"ImageObject","inLanguage":"es-CO","@id":"https:\/\/www.fiscalia.gov.co\/colombia\/#\/schema\/person\/image\/","url":"https:\/\/secure.gravatar.com\/avatar\/b6356e21c5657c60757fe6fb9493e947?s=96&d=mm&r=g","contentUrl":"https:\/\/secure.gravatar.com\/avatar\/b6356e21c5657c60757fe6fb9493e947?s=96&d=mm&r=g","caption":"dfgordillo"},"sameAs":["dfgordillo"],"url":"https:\/\/www.fiscalia.gov.co\/colombia\/author\/dfgordillo\/"}]}},"_links":{"self":[{"href":"https:\/\/www.fiscalia.gov.co\/colombia\/wp-json\/wp\/v2\/posts\/34927","targetHints":{"allow":["GET"]}}],"collection":[{"href":"https:\/\/www.fiscalia.gov.co\/colombia\/wp-json\/wp\/v2\/posts"}],"about":[{"href":"https:\/\/www.fiscalia.gov.co\/colombia\/wp-json\/wp\/v2\/types\/post"}],"author":[{"embeddable":true,"href":"https:\/\/www.fiscalia.gov.co\/colombia\/wp-json\/wp\/v2\/users\/143"}],"replies":[{"embeddable":true,"href":"https:\/\/www.fiscalia.gov.co\/colombia\/wp-json\/wp\/v2\/comments?post=34927"}],"version-history":[{"count":1,"href":"https:\/\/www.fiscalia.gov.co\/colombia\/wp-json\/wp\/v2\/posts\/34927\/revisions"}],"predecessor-version":[{"id":34928,"href":"https:\/\/www.fiscalia.gov.co\/colombia\/wp-json\/wp\/v2\/posts\/34927\/revisions\/34928"}],"wp:attachment":[{"href":"https:\/\/www.fiscalia.gov.co\/colombia\/wp-json\/wp\/v2\/media?parent=34927"}],"wp:term":[{"taxonomy":"category","embeddable":true,"href":"https:\/\/www.fiscalia.gov.co\/colombia\/wp-json\/wp\/v2\/categories?post=34927"},{"taxonomy":"post_tag","embeddable":true,"href":"https:\/\/www.fiscalia.gov.co\/colombia\/wp-json\/wp\/v2\/tags?post=34927"}],"curies":[{"name":"wp","href":"https:\/\/api.w.org\/{rel}","templated":true}]}}