{"id":34502,"date":"2013-06-18T11:08:34","date_gmt":"2013-06-18T16:08:34","guid":{"rendered":"http:\/\/www.fiscalia.gov.co\/colombia\/?p=34502"},"modified":"2013-06-18T11:25:38","modified_gmt":"2013-06-18T16:25:38","slug":"cargos-por-homicidio-culposo-a-exgerente-de-gas-natural-s-a-por-muerte-de-menores-asfixiados","status":"publish","type":"post","link":"https:\/\/www.fiscalia.gov.co\/colombia\/noticias\/cargos-por-homicidio-culposo-a-exgerente-de-gas-natural-s-a-por-muerte-de-menores-asfixiados\/","title":{"rendered":"Cargos por homicidio culposo a exgerente de Gas Natural S.A. por muerte de menores asfixiados"},"content":{"rendered":"<p>La Fiscal\u00eda 11 de la Unidad Seccional de Vida imput\u00f3 al exgerente de servicio al cliente de Gas Natural S.A Gerardo Paternina Vivero el delito de homicidio culposo porque presuntamente caus\u00f3 la muerte de dos menores de edad por consumo de di\u00f3xido de carbono, pues habr\u00eda habido negligencia para realizar correcciones en la instalaci\u00f3n del servicio p\u00fablico en una vivienda al sur de la ciudad.<\/p>\n<p>De acuerdo con el fiscal del caso, la empresa continu\u00f3 con la distribuci\u00f3n del combustible en la vivienda de la transversal Primera Este n\u00famero 34 -77, del barrio Atenas, de Bogot\u00e1, a pesar de observar que las instalaciones no cumpl\u00edan con las normas t\u00e9cnicas de seguridad correspondientes.<\/p>\n<p>\u201cEl directivo incumpli\u00f3 con su deber de cuidado y permiti\u00f3 riesgos en la prestaci\u00f3n del servicio cuando se hab\u00edan detectado cinco defectos mayores y otros menores por instalaciones no autorizadas\u201d, sostuvo el delegado del ente acusador.<\/p>\n<p>De acuerdo con las resoluciones de la Comisi\u00f3n Reguladora de Energ\u00eda y Gas (CREG), la entidad tiene el deber t\u00e9cnico y jur\u00eddico de verificar si se hicieron las correcciones pertinentes para proteger la vida y salud de los ciudadanos.<\/p>\n<p>El dictamen del Instituto Nacional de Medicina Legal estableci\u00f3 que la causa de muerte de Brian M\u00e1rquez Mart\u00ednez\u00a0 y Xiomara M\u00e1rquez Cer\u00f3n se present\u00f3 por inhalaci\u00f3n continua de\u00a0 di\u00f3xido de carbono.<\/p>\n<p>Ante el\u00a0 Juzgado 35 Penal Municipal de Bogot\u00e1 con funci\u00f3n de control de garant\u00edas, el fiscal del caso advirti\u00f3 que la Superintendencia de Servicios P\u00fablicos Domiciliarios sancion\u00f3 en el 2006 a esta empresa por los mismos hechos.<\/p>\n<p>En ella se estableci\u00f3 que\u00a0 se encontraron defectos mayores como materiales e instalaciones no autorizadas,\u00a0 artefactos de gas abierto ubicados en lugares cerrados sin aberturas permanentes de ventilaci\u00f3n.<\/p>\n<p>Asimismo, conexiones a estufas y calentadores con material no autorizado y conductos de evacuaci\u00f3n con deficiencias cr\u00edticas en su estado que permiten concentraciones de mon\u00f3xido de carbono diluido superiores a 50 parte por mill\u00f3n (ppm), situaci\u00f3n que es perjudicial para la salud humana.<\/p>\n<p>Para la Fiscal\u00eda, Gas Natural S.A. pudo evitar el da\u00f1o con las revisiones peri\u00f3dicas; pero despu\u00e9s de detectar las fallas solo suspendi\u00f3 temporalmente el servicio y nunca volvi\u00f3 a establecer si se hab\u00edan hecho las correcciones pertinentes.<\/p>\n<p>El fundamento de la resoluci\u00f3n CREG 067 de 1995 advierte que se trata de garantizar la seguridad de los usuarios. \u201cCuando es insegura la instalaci\u00f3n en una de sus partes, se hace insegura en su totalidad\u201d, dice el documento que reglamenta esa situaci\u00f3n.<\/p>\n<p>El fiscal manifest\u00f3 que la prestadora del servicio deber\u00e1 negar el servicio cuando parte de la instalaci\u00f3n es insegura, inadecuada e inapropiada o cuando interfiere o menoscaba la seguridad de los usuarios.<\/p>\n<p>El directivo se enfrentar\u00e1 a un juicio por el delito de homicidio culposo.<\/p>\n\n<div class=\"twitter-share\"><a href=\"https:\/\/twitter.com\/intent\/tweet?via=fiscaliacol\" class=\"twitter-share-button\">Tweet<\/a><\/div>\n","protected":false},"excerpt":{"rendered":"<p>La Fiscal\u00eda 11 de la Unidad Seccional de Vida imput\u00f3 al exgerente de servicio al cliente de Gas Natural S.A Gerardo Paternina Vivero el delito de homicidio culposo porque presuntamente caus\u00f3 la muerte de dos menores de edad por consumo de di\u00f3xido de carbono, pues habr\u00eda habido negligencia para realizar correcciones en la instalaci\u00f3n del [&hellip;]<\/p>\n","protected":false},"author":143,"featured_media":0,"comment_status":"closed","ping_status":"open","sticky":false,"template":"","format":"standard","meta":{"_price":"","_stock":"","_tribe_ticket_header":"","_tribe_default_ticket_provider":"","_tribe_ticket_capacity":"0","_ticket_start_date":"","_ticket_end_date":"","_tribe_ticket_show_description":"","_tribe_ticket_show_not_going":false,"_tribe_ticket_use_global_stock":"","_tribe_ticket_global_stock_level":"","_global_stock_mode":"","_global_stock_cap":"","_tribe_rsvp_for_event":"","_tribe_ticket_going_count":"","_tribe_ticket_not_going_count":"","_tribe_tickets_list":"[]","_tribe_ticket_has_attendee_info_fields":false,"tdm_status":"","tdm_grid_status":"","footnotes":""},"categories":[1],"tags":[4117,409],"class_list":{"0":"post-34502","1":"post","2":"type-post","3":"status-publish","4":"format-standard","6":"category-noticias","7":"tag-gas-natural-s-a","8":"tag-homicidio"},"yoast_head":"<!-- This site is optimized with the Yoast SEO plugin v24.3 - https:\/\/yoast.com\/wordpress\/plugins\/seo\/ -->\n<title>Fiscal\u00eda General de la Naci\u00f3n<\/title>\n<meta name=\"description\" content=\"P\u00e1gina oficial de la Fiscal\u00eda General de la Naci\u00f3n \u2013 Colombia. Garantizamos el acceso efectivo a la justicia, la verdad y la reparaci\u00f3n de las v\u00edctimas de los delitos.\" \/>\n<meta name=\"robots\" content=\"noindex, follow\" \/>\n<meta property=\"og:locale\" content=\"es_ES\" \/>\n<meta property=\"og:type\" content=\"article\" \/>\n<meta property=\"og:title\" content=\"Fiscal\u00eda General de la Naci\u00f3n\" \/>\n<meta property=\"og:description\" content=\"P\u00e1gina oficial de la Fiscal\u00eda General de la Naci\u00f3n \u2013 Colombia. Garantizamos el acceso efectivo a la justicia, la verdad y la reparaci\u00f3n de las v\u00edctimas de los delitos.\" \/>\n<meta property=\"og:url\" content=\"https:\/\/www.fiscalia.gov.co\/colombia\/noticias\/cargos-por-homicidio-culposo-a-exgerente-de-gas-natural-s-a-por-muerte-de-menores-asfixiados\/\" \/>\n<meta property=\"og:site_name\" content=\"Fiscal\u00eda General de la Naci\u00f3n\" \/>\n<meta property=\"article:publisher\" content=\"https:\/\/www.facebook.com\/FiscaliaCol\" \/>\n<meta property=\"article:published_time\" content=\"2013-06-18T16:08:34+00:00\" \/>\n<meta property=\"article:modified_time\" content=\"2013-06-18T16:25:38+00:00\" \/>\n<meta name=\"author\" content=\"dfgordillo\" \/>\n<meta name=\"twitter:card\" content=\"summary_large_image\" \/>\n<meta name=\"twitter:creator\" content=\"@FiscaliaCol\" \/>\n<meta name=\"twitter:site\" content=\"@FiscaliaCol\" \/>\n<meta name=\"twitter:label1\" content=\"Escrito por\" \/>\n\t<meta name=\"twitter:data1\" content=\"dfgordillo\" \/>\n\t<meta name=\"twitter:label2\" content=\"Tiempo de lectura\" \/>\n\t<meta name=\"twitter:data2\" content=\"2 minutos\" \/>\n<script type=\"application\/ld+json\" class=\"yoast-schema-graph\">{\"@context\":\"https:\/\/schema.org\",\"@graph\":[{\"@type\":\"Article\",\"@id\":\"https:\/\/www.fiscalia.gov.co\/colombia\/noticias\/cargos-por-homicidio-culposo-a-exgerente-de-gas-natural-s-a-por-muerte-de-menores-asfixiados\/#article\",\"isPartOf\":{\"@id\":\"https:\/\/www.fiscalia.gov.co\/colombia\/noticias\/cargos-por-homicidio-culposo-a-exgerente-de-gas-natural-s-a-por-muerte-de-menores-asfixiados\/\"},\"author\":{\"name\":\"dfgordillo\",\"@id\":\"https:\/\/www.fiscalia.gov.co\/colombia\/#\/schema\/person\/3903856a3ce2d54b094c69eb29247895\"},\"headline\":\"Cargos por homicidio culposo a exgerente de Gas Natural S.A. por muerte de menores asfixiados\",\"datePublished\":\"2013-06-18T16:08:34+00:00\",\"dateModified\":\"2013-06-18T16:25:38+00:00\",\"mainEntityOfPage\":{\"@id\":\"https:\/\/www.fiscalia.gov.co\/colombia\/noticias\/cargos-por-homicidio-culposo-a-exgerente-de-gas-natural-s-a-por-muerte-de-menores-asfixiados\/\"},\"wordCount\":501,\"publisher\":{\"@id\":\"https:\/\/www.fiscalia.gov.co\/colombia\/#organization\"},\"keywords\":[\"Gas Natural S.A.\",\"Homicidio\"],\"articleSection\":[\"Noticias\"],\"inLanguage\":\"es-CO\"},{\"@type\":\"WebPage\",\"@id\":\"https:\/\/www.fiscalia.gov.co\/colombia\/noticias\/cargos-por-homicidio-culposo-a-exgerente-de-gas-natural-s-a-por-muerte-de-menores-asfixiados\/\",\"url\":\"https:\/\/www.fiscalia.gov.co\/colombia\/noticias\/cargos-por-homicidio-culposo-a-exgerente-de-gas-natural-s-a-por-muerte-de-menores-asfixiados\/\",\"name\":\"Fiscal\u00eda General de la Naci\u00f3n\",\"isPartOf\":{\"@id\":\"https:\/\/www.fiscalia.gov.co\/colombia\/#website\"},\"datePublished\":\"2013-06-18T16:08:34+00:00\",\"dateModified\":\"2013-06-18T16:25:38+00:00\",\"description\":\"P\u00e1gina oficial de la Fiscal\u00eda General de la Naci\u00f3n \u2013 Colombia. Garantizamos el acceso efectivo a la justicia, la verdad y la reparaci\u00f3n de las v\u00edctimas de los delitos.\",\"breadcrumb\":{\"@id\":\"https:\/\/www.fiscalia.gov.co\/colombia\/noticias\/cargos-por-homicidio-culposo-a-exgerente-de-gas-natural-s-a-por-muerte-de-menores-asfixiados\/#breadcrumb\"},\"inLanguage\":\"es-CO\",\"potentialAction\":[{\"@type\":\"ReadAction\",\"target\":[\"https:\/\/www.fiscalia.gov.co\/colombia\/noticias\/cargos-por-homicidio-culposo-a-exgerente-de-gas-natural-s-a-por-muerte-de-menores-asfixiados\/\"]}]},{\"@type\":\"BreadcrumbList\",\"@id\":\"https:\/\/www.fiscalia.gov.co\/colombia\/noticias\/cargos-por-homicidio-culposo-a-exgerente-de-gas-natural-s-a-por-muerte-de-menores-asfixiados\/#breadcrumb\",\"itemListElement\":[{\"@type\":\"ListItem\",\"position\":1,\"name\":\"Home\",\"item\":\"https:\/\/www.fiscalia.gov.co\/colombia\/\"},{\"@type\":\"ListItem\",\"position\":2,\"name\":\"Cargos por homicidio culposo a exgerente de Gas Natural S.A. por muerte de menores asfixiados\"}]},{\"@type\":\"WebSite\",\"@id\":\"https:\/\/www.fiscalia.gov.co\/colombia\/#website\",\"url\":\"https:\/\/www.fiscalia.gov.co\/colombia\/\",\"name\":\"Fiscal\u00eda General de la Naci\u00f3n\",\"description\":\"P\u00e1gina oficial de la Fiscal\u00eda General de la Naci\u00f3n \u2013 Colombia. Garantizamos el acceso efectivo a la justicia, la verdad y la reparaci\u00f3n de las v\u00edctimas de los delitos.\",\"publisher\":{\"@id\":\"https:\/\/www.fiscalia.gov.co\/colombia\/#organization\"},\"potentialAction\":[{\"@type\":\"SearchAction\",\"target\":{\"@type\":\"EntryPoint\",\"urlTemplate\":\"https:\/\/www.fiscalia.gov.co\/colombia\/?s={search_term_string}\"},\"query-input\":{\"@type\":\"PropertyValueSpecification\",\"valueRequired\":true,\"valueName\":\"search_term_string\"}}],\"inLanguage\":\"es-CO\"},{\"@type\":\"Organization\",\"@id\":\"https:\/\/www.fiscalia.gov.co\/colombia\/#organization\",\"name\":\"Fiscal\u00eda General de la Naci\u00f3n\",\"url\":\"https:\/\/www.fiscalia.gov.co\/colombia\/\",\"logo\":{\"@type\":\"ImageObject\",\"inLanguage\":\"es-CO\",\"@id\":\"https:\/\/www.fiscalia.gov.co\/colombia\/#\/schema\/logo\/image\/\",\"url\":\"https:\/\/www.fiscalia.gov.co\/colombia\/wp-content\/uploads\/LogoHorizontal_1.jpg\",\"contentUrl\":\"https:\/\/www.fiscalia.gov.co\/colombia\/wp-content\/uploads\/LogoHorizontal_1.jpg\",\"width\":300,\"height\":90,\"caption\":\"Fiscal\u00eda General de la Naci\u00f3n\"},\"image\":{\"@id\":\"https:\/\/www.fiscalia.gov.co\/colombia\/#\/schema\/logo\/image\/\"},\"sameAs\":[\"https:\/\/www.facebook.com\/FiscaliaCol\",\"https:\/\/x.com\/FiscaliaCol\",\"https:\/\/www.instagram.com\/fiscaliacol\",\"https:\/\/www.linkedin.com\/company\/fiscalia-general-de-la-naci-n\/\",\"https:\/\/youtube.com\/@fiscaliageneraldelanacion-4668?si=6nN79nyQICPU5iTh\"]},{\"@type\":\"Person\",\"@id\":\"https:\/\/www.fiscalia.gov.co\/colombia\/#\/schema\/person\/3903856a3ce2d54b094c69eb29247895\",\"name\":\"dfgordillo\",\"image\":{\"@type\":\"ImageObject\",\"inLanguage\":\"es-CO\",\"@id\":\"https:\/\/www.fiscalia.gov.co\/colombia\/#\/schema\/person\/image\/\",\"url\":\"https:\/\/secure.gravatar.com\/avatar\/b6356e21c5657c60757fe6fb9493e947?s=96&d=mm&r=g\",\"contentUrl\":\"https:\/\/secure.gravatar.com\/avatar\/b6356e21c5657c60757fe6fb9493e947?s=96&d=mm&r=g\",\"caption\":\"dfgordillo\"},\"sameAs\":[\"dfgordillo\"],\"url\":\"https:\/\/www.fiscalia.gov.co\/colombia\/author\/dfgordillo\/\"}]}<\/script>\n<!-- \/ Yoast SEO plugin. -->","yoast_head_json":{"title":"Fiscal\u00eda General de la Naci\u00f3n","description":"P\u00e1gina oficial de la Fiscal\u00eda General de la Naci\u00f3n \u2013 Colombia. Garantizamos el acceso efectivo a la justicia, la verdad y la reparaci\u00f3n de las v\u00edctimas de los delitos.","robots":{"index":"noindex","follow":"follow"},"og_locale":"es_ES","og_type":"article","og_title":"Fiscal\u00eda General de la Naci\u00f3n","og_description":"P\u00e1gina oficial de la Fiscal\u00eda General de la Naci\u00f3n \u2013 Colombia. Garantizamos el acceso efectivo a la justicia, la verdad y la reparaci\u00f3n de las v\u00edctimas de los delitos.","og_url":"https:\/\/www.fiscalia.gov.co\/colombia\/noticias\/cargos-por-homicidio-culposo-a-exgerente-de-gas-natural-s-a-por-muerte-de-menores-asfixiados\/","og_site_name":"Fiscal\u00eda General de la Naci\u00f3n","article_publisher":"https:\/\/www.facebook.com\/FiscaliaCol","article_published_time":"2013-06-18T16:08:34+00:00","article_modified_time":"2013-06-18T16:25:38+00:00","author":"dfgordillo","twitter_card":"summary_large_image","twitter_creator":"@FiscaliaCol","twitter_site":"@FiscaliaCol","twitter_misc":{"Escrito por":"dfgordillo","Tiempo de lectura":"2 minutos"},"schema":{"@context":"https:\/\/schema.org","@graph":[{"@type":"Article","@id":"https:\/\/www.fiscalia.gov.co\/colombia\/noticias\/cargos-por-homicidio-culposo-a-exgerente-de-gas-natural-s-a-por-muerte-de-menores-asfixiados\/#article","isPartOf":{"@id":"https:\/\/www.fiscalia.gov.co\/colombia\/noticias\/cargos-por-homicidio-culposo-a-exgerente-de-gas-natural-s-a-por-muerte-de-menores-asfixiados\/"},"author":{"name":"dfgordillo","@id":"https:\/\/www.fiscalia.gov.co\/colombia\/#\/schema\/person\/3903856a3ce2d54b094c69eb29247895"},"headline":"Cargos por homicidio culposo a exgerente de Gas Natural S.A. por muerte de menores asfixiados","datePublished":"2013-06-18T16:08:34+00:00","dateModified":"2013-06-18T16:25:38+00:00","mainEntityOfPage":{"@id":"https:\/\/www.fiscalia.gov.co\/colombia\/noticias\/cargos-por-homicidio-culposo-a-exgerente-de-gas-natural-s-a-por-muerte-de-menores-asfixiados\/"},"wordCount":501,"publisher":{"@id":"https:\/\/www.fiscalia.gov.co\/colombia\/#organization"},"keywords":["Gas Natural S.A.","Homicidio"],"articleSection":["Noticias"],"inLanguage":"es-CO"},{"@type":"WebPage","@id":"https:\/\/www.fiscalia.gov.co\/colombia\/noticias\/cargos-por-homicidio-culposo-a-exgerente-de-gas-natural-s-a-por-muerte-de-menores-asfixiados\/","url":"https:\/\/www.fiscalia.gov.co\/colombia\/noticias\/cargos-por-homicidio-culposo-a-exgerente-de-gas-natural-s-a-por-muerte-de-menores-asfixiados\/","name":"Fiscal\u00eda General de la Naci\u00f3n","isPartOf":{"@id":"https:\/\/www.fiscalia.gov.co\/colombia\/#website"},"datePublished":"2013-06-18T16:08:34+00:00","dateModified":"2013-06-18T16:25:38+00:00","description":"P\u00e1gina oficial de la Fiscal\u00eda General de la Naci\u00f3n \u2013 Colombia. Garantizamos el acceso efectivo a la justicia, la verdad y la reparaci\u00f3n de las v\u00edctimas de los delitos.","breadcrumb":{"@id":"https:\/\/www.fiscalia.gov.co\/colombia\/noticias\/cargos-por-homicidio-culposo-a-exgerente-de-gas-natural-s-a-por-muerte-de-menores-asfixiados\/#breadcrumb"},"inLanguage":"es-CO","potentialAction":[{"@type":"ReadAction","target":["https:\/\/www.fiscalia.gov.co\/colombia\/noticias\/cargos-por-homicidio-culposo-a-exgerente-de-gas-natural-s-a-por-muerte-de-menores-asfixiados\/"]}]},{"@type":"BreadcrumbList","@id":"https:\/\/www.fiscalia.gov.co\/colombia\/noticias\/cargos-por-homicidio-culposo-a-exgerente-de-gas-natural-s-a-por-muerte-de-menores-asfixiados\/#breadcrumb","itemListElement":[{"@type":"ListItem","position":1,"name":"Home","item":"https:\/\/www.fiscalia.gov.co\/colombia\/"},{"@type":"ListItem","position":2,"name":"Cargos por homicidio culposo a exgerente de Gas Natural S.A. por muerte de menores asfixiados"}]},{"@type":"WebSite","@id":"https:\/\/www.fiscalia.gov.co\/colombia\/#website","url":"https:\/\/www.fiscalia.gov.co\/colombia\/","name":"Fiscal\u00eda General de la Naci\u00f3n","description":"P\u00e1gina oficial de la Fiscal\u00eda General de la Naci\u00f3n \u2013 Colombia. Garantizamos el acceso efectivo a la justicia, la verdad y la reparaci\u00f3n de las v\u00edctimas de los delitos.","publisher":{"@id":"https:\/\/www.fiscalia.gov.co\/colombia\/#organization"},"potentialAction":[{"@type":"SearchAction","target":{"@type":"EntryPoint","urlTemplate":"https:\/\/www.fiscalia.gov.co\/colombia\/?s={search_term_string}"},"query-input":{"@type":"PropertyValueSpecification","valueRequired":true,"valueName":"search_term_string"}}],"inLanguage":"es-CO"},{"@type":"Organization","@id":"https:\/\/www.fiscalia.gov.co\/colombia\/#organization","name":"Fiscal\u00eda General de la Naci\u00f3n","url":"https:\/\/www.fiscalia.gov.co\/colombia\/","logo":{"@type":"ImageObject","inLanguage":"es-CO","@id":"https:\/\/www.fiscalia.gov.co\/colombia\/#\/schema\/logo\/image\/","url":"https:\/\/www.fiscalia.gov.co\/colombia\/wp-content\/uploads\/LogoHorizontal_1.jpg","contentUrl":"https:\/\/www.fiscalia.gov.co\/colombia\/wp-content\/uploads\/LogoHorizontal_1.jpg","width":300,"height":90,"caption":"Fiscal\u00eda General de la Naci\u00f3n"},"image":{"@id":"https:\/\/www.fiscalia.gov.co\/colombia\/#\/schema\/logo\/image\/"},"sameAs":["https:\/\/www.facebook.com\/FiscaliaCol","https:\/\/x.com\/FiscaliaCol","https:\/\/www.instagram.com\/fiscaliacol","https:\/\/www.linkedin.com\/company\/fiscalia-general-de-la-naci-n\/","https:\/\/youtube.com\/@fiscaliageneraldelanacion-4668?si=6nN79nyQICPU5iTh"]},{"@type":"Person","@id":"https:\/\/www.fiscalia.gov.co\/colombia\/#\/schema\/person\/3903856a3ce2d54b094c69eb29247895","name":"dfgordillo","image":{"@type":"ImageObject","inLanguage":"es-CO","@id":"https:\/\/www.fiscalia.gov.co\/colombia\/#\/schema\/person\/image\/","url":"https:\/\/secure.gravatar.com\/avatar\/b6356e21c5657c60757fe6fb9493e947?s=96&d=mm&r=g","contentUrl":"https:\/\/secure.gravatar.com\/avatar\/b6356e21c5657c60757fe6fb9493e947?s=96&d=mm&r=g","caption":"dfgordillo"},"sameAs":["dfgordillo"],"url":"https:\/\/www.fiscalia.gov.co\/colombia\/author\/dfgordillo\/"}]}},"_links":{"self":[{"href":"https:\/\/www.fiscalia.gov.co\/colombia\/wp-json\/wp\/v2\/posts\/34502","targetHints":{"allow":["GET"]}}],"collection":[{"href":"https:\/\/www.fiscalia.gov.co\/colombia\/wp-json\/wp\/v2\/posts"}],"about":[{"href":"https:\/\/www.fiscalia.gov.co\/colombia\/wp-json\/wp\/v2\/types\/post"}],"author":[{"embeddable":true,"href":"https:\/\/www.fiscalia.gov.co\/colombia\/wp-json\/wp\/v2\/users\/143"}],"replies":[{"embeddable":true,"href":"https:\/\/www.fiscalia.gov.co\/colombia\/wp-json\/wp\/v2\/comments?post=34502"}],"version-history":[{"count":2,"href":"https:\/\/www.fiscalia.gov.co\/colombia\/wp-json\/wp\/v2\/posts\/34502\/revisions"}],"predecessor-version":[{"id":34504,"href":"https:\/\/www.fiscalia.gov.co\/colombia\/wp-json\/wp\/v2\/posts\/34502\/revisions\/34504"}],"wp:attachment":[{"href":"https:\/\/www.fiscalia.gov.co\/colombia\/wp-json\/wp\/v2\/media?parent=34502"}],"wp:term":[{"taxonomy":"category","embeddable":true,"href":"https:\/\/www.fiscalia.gov.co\/colombia\/wp-json\/wp\/v2\/categories?post=34502"},{"taxonomy":"post_tag","embeddable":true,"href":"https:\/\/www.fiscalia.gov.co\/colombia\/wp-json\/wp\/v2\/tags?post=34502"}],"curies":[{"name":"wp","href":"https:\/\/api.w.org\/{rel}","templated":true}]}}