{"id":34434,"date":"2013-06-16T20:42:00","date_gmt":"2013-06-17T01:42:00","guid":{"rendered":"http:\/\/www.fiscalia.gov.co\/colombia\/?p=34434"},"modified":"2013-06-16T22:33:48","modified_gmt":"2013-06-17T03:33:48","slug":"imputan-cargos-a-funcionarios-de-la-rama-judicial-por-presunto-desfalco-a-corporacion-electrica-de-la-costa-atlantica-corelca","status":"publish","type":"post","link":"https:\/\/www.fiscalia.gov.co\/colombia\/noticias\/imputan-cargos-a-funcionarios-de-la-rama-judicial-por-presunto-desfalco-a-corporacion-electrica-de-la-costa-atlantica-corelca\/","title":{"rendered":"Imputan cargos a funcionarios de la Rama Judicial por presunto desfalco a Corporaci\u00f3n El\u00e9ctrica de la Costa Atl\u00e1ntica, Corelca"},"content":{"rendered":"<p>Por presuntamente haber incurrido en las conductas punibles de concierto para delinquir agravado, fraude procesal, peculado por apropiaci\u00f3n agravado, cohecho por dar u ofrecer, entre otros, la Fiscal 13 Delegada ante el Tribunal Superior de Distrito Judicial, adscrita a la Unidad Nacional para la Investigaci\u00f3n de Funcionarios de la Rama Judicial, realiz\u00f3 imputaci\u00f3n a\u00a0 los funcionarios p\u00fablicos Rub\u00e9n Antonio Ariza Fontalvo, Notario 12 de Barranquilla,\u00a0 Rolando Mill\u00e1n Eljach, asistente de la Fiscal\u00eda 48 Seccional de Cartagena y Emiro Herrera Mendoza, Investigador del CTI, en Riohacha.<\/p>\n<p>La medida tambi\u00e9n cobij\u00f3 a: Luis Orlando Barrag\u00e1n, gerente general de Conequipos Ing. Ltda, \u00a0Nelson Hurtado Rodr\u00edguez, intermediario entre Conequipos y algunos funcionarios judiciales y Lidia De La Hoz Guti\u00e9rrez, abogada de Momp\u00f3s.<\/p>\n<p>De acuerdo con lo expuesto por la fiscal del caso, los imputados se habr\u00edan concertado para apropiarse o facilitar la apropiaci\u00f3n de un terreno propiedad\u00a0 de Corelca avaluado en m\u00e1s de 50 mil millones de pesos.<\/p>\n<p>Seg\u00fan el rol que, presuntamente, cada uno habr\u00eda tenido dentro de los hechos, fueron imputados de la siguiente manera:<\/p>\n<p>Luis Orlando Barrag\u00e1n, Gerente General de Conequipos, deber\u00e1 responder por los delitos de: concierto para delinquir agravado, falsedad material en documento p\u00fablico agravado, falsedad ideol\u00f3gica en documento p\u00fablico, cohecho por dar u ofrecer, prevaricato por acci\u00f3n, en calidad de determinador y peculado por apropiaci\u00f3n agravado.<\/p>\n<p>Nelson Hurtado Rodr\u00edguez: concierto para delinquir agravado, falsedad material en documento p\u00fablico agravado, cohecho por dar u ofrecer, peculado por apropiaci\u00f3n agravado.<\/p>\n<p>Rub\u00e9n Antonio Ariza Fontalvo, Notario 12 de Barranquilla: concierto para delinquir agravado, falsedad material en documento p\u00fablico agravado, peculado por apropiaci\u00f3n agravado.<\/p>\n<p>Arnulfo Medina Polo, Director Ejecutivo de las Veedur\u00edas Ciudadanas de Cartagena: concierto para delinquir agravado, fraude procesal, peculado por apropiaci\u00f3n agravado.<\/p>\n<p>Lidia De La Hoz Guti\u00e9rrez, Abogada de Momp\u00f3s: concierto para delinquir agravado, falsedad material en documento p\u00fablico agravado, prevaricato por acci\u00f3n, en calidad de determinador y peculado por apropiaci\u00f3n agravado.<\/p>\n<p>Rolando Mill\u00e1n Eljach, Asistente de la Fiscal\u00eda 48 Seccional de Cartagena: concierto para delinquir agravado, revelaci\u00f3n de secreto, cohecho por dar u ofrecer, prevaricato por acci\u00f3n y peculado por apropiaci\u00f3n agravado.<\/p>\n<p>Emiro Herrera Mendoza, Investigador del CTI, en Riohacha: falsedad material en documento p\u00fablico agravado, falsedad ideol\u00f3gica en documento p\u00fablico, alteraci\u00f3n u ocultamiento de elemento material probatorio.<\/p>\n<p>Durante la diligencia, los imputados no aceptaron los cargos endilgados por la Fiscal\u00eda.<\/p>\n<p>Estas capturas fueron realizadas en las ciudades de Bogot\u00e1, Barranquilla, Cartagena, Momp\u00f3s y Riohacha dentro de la investigaci\u00f3n que\u00a0 adelanta la Fiscal\u00eda por el presunto desfalco cometido\u00a0 en contra de la Corporaci\u00f3n El\u00e9ctrica de la Costa Atl\u00e1ntica, Corelca.<\/p>\n<p>Esta es la segunda fase de la investigaci\u00f3n conocida como \u201cCaso Corelca\u201d. Seg\u00fan lo establecido, en 1998 y 1999 Corelca\u00a0 extendi\u00f3 redes el\u00e9ctricas de alta tensi\u00f3n en zona rural de Momp\u00f3s; tales obras, sin embargo, afectaron los predios de aproximadamente 63 familias que demandaron a la empresa electrificadora.<\/p>\n<p>Posteriormente, para resarcir a los damnificados Corelca cedi\u00f3 un terreno, denominado Mamonal, de 34 hect\u00e1reas cerca de Cartagena, 12 de esas hect\u00e1reas estaban catalogadas como reserva forestal.<\/p>\n<p>Sin embargo, se instaur\u00f3 una denuncia sobre la negociaci\u00f3n entre los falsos propietarios y la empresa Conequipos para adquirir irregularmente el terreno ubicado en el sector de Mamonal de Cartagena, con una extensi\u00f3n de 34 hect\u00e1reas en la parte del Litoral, as\u00ed como de la Isla Cocosolo de 13 hect\u00e1reas.<\/p>\n<p>De acuerdo con la investigaci\u00f3n, el abogado de los afectados tramit\u00f3 las escrituras de ese predio a nombre de dos propietarios falsos. En la cadena de supuestas anomal\u00edas habr\u00edan intervenido, presumiblemente.<\/p>\n<p>En una primera fase, en abril de 2012 se realizaron las capturas de Orlando Luis Puello Ortega, exjuez Primero Promiscuo de Momp\u00f3s (Bol\u00edvar); Emilia Vitar Fadul Rosa, exregistradora de Instrumentos P\u00fablicos de Cartagena; \u00c1lvaro de Jes\u00fas Ariza Fontalvo, exnotario D\u00e9cimo de Barranquilla (Atl\u00e1ntico); Julio Alberto Mendoza Bula, exgerente de Corelca; Argemiro Lafont D\u00edaz, abogado; y Luis Alberto Ballestas Mart\u00ednez, comerciante quienes se encuentran privados de la libertad a la espera del inici\u00f3 de juicio oral.<\/p>\n\n<div class=\"twitter-share\"><a href=\"https:\/\/twitter.com\/intent\/tweet?via=fiscaliacol\" class=\"twitter-share-button\">Tweet<\/a><\/div>\n","protected":false},"excerpt":{"rendered":"<p>Por presuntamente haber incurrido en las conductas punibles de concierto para delinquir agravado, fraude procesal, peculado por apropiaci\u00f3n agravado, cohecho por dar u ofrecer, entre otros, la Fiscal 13 Delegada ante el Tribunal Superior de Distrito Judicial, adscrita a la Unidad Nacional para la Investigaci\u00f3n de Funcionarios de la Rama Judicial, realiz\u00f3 imputaci\u00f3n a\u00a0 los [&hellip;]<\/p>\n","protected":false},"author":143,"featured_media":0,"comment_status":"closed","ping_status":"open","sticky":false,"template":"","format":"standard","meta":{"_price":"","_stock":"","_tribe_ticket_header":"","_tribe_default_ticket_provider":"","_tribe_ticket_capacity":"0","_ticket_start_date":"","_ticket_end_date":"","_tribe_ticket_show_description":"","_tribe_ticket_show_not_going":false,"_tribe_ticket_use_global_stock":"","_tribe_ticket_global_stock_level":"","_global_stock_mode":"","_global_stock_cap":"","_tribe_rsvp_for_event":"","_tribe_ticket_going_count":"","_tribe_ticket_not_going_count":"","_tribe_tickets_list":"[]","_tribe_ticket_has_attendee_info_fields":false,"tdm_status":"","tdm_grid_status":"","footnotes":""},"categories":[1],"tags":[4104,4105,2095],"class_list":{"0":"post-34434","1":"post","2":"type-post","3":"status-publish","4":"format-standard","6":"category-noticias","7":"tag-corelca","8":"tag-corporacion-electrica-de-la-costa-atlantica","9":"tag-desfalco"},"yoast_head":"<!-- This site is optimized with the Yoast SEO plugin v24.3 - https:\/\/yoast.com\/wordpress\/plugins\/seo\/ -->\n<title>Fiscal\u00eda General de la Naci\u00f3n<\/title>\n<meta name=\"description\" content=\"P\u00e1gina oficial de la Fiscal\u00eda General de la Naci\u00f3n \u2013 Colombia. Garantizamos el acceso efectivo a la justicia, la verdad y la reparaci\u00f3n de las v\u00edctimas de los delitos.\" \/>\n<meta name=\"robots\" content=\"noindex, follow\" \/>\n<meta property=\"og:locale\" content=\"es_ES\" \/>\n<meta property=\"og:type\" content=\"article\" \/>\n<meta property=\"og:title\" content=\"Fiscal\u00eda General de la Naci\u00f3n\" \/>\n<meta property=\"og:description\" content=\"P\u00e1gina oficial de la Fiscal\u00eda General de la Naci\u00f3n \u2013 Colombia. Garantizamos el acceso efectivo a la justicia, la verdad y la reparaci\u00f3n de las v\u00edctimas de los delitos.\" \/>\n<meta property=\"og:url\" content=\"https:\/\/www.fiscalia.gov.co\/colombia\/noticias\/imputan-cargos-a-funcionarios-de-la-rama-judicial-por-presunto-desfalco-a-corporacion-electrica-de-la-costa-atlantica-corelca\/\" \/>\n<meta property=\"og:site_name\" content=\"Fiscal\u00eda General de la Naci\u00f3n\" \/>\n<meta property=\"article:publisher\" content=\"https:\/\/www.facebook.com\/FiscaliaCol\" \/>\n<meta property=\"article:published_time\" content=\"2013-06-17T01:42:00+00:00\" \/>\n<meta property=\"article:modified_time\" content=\"2013-06-17T03:33:48+00:00\" \/>\n<meta name=\"author\" content=\"dfgordillo\" \/>\n<meta name=\"twitter:card\" content=\"summary_large_image\" \/>\n<meta name=\"twitter:creator\" content=\"@FiscaliaCol\" \/>\n<meta name=\"twitter:site\" content=\"@FiscaliaCol\" \/>\n<meta name=\"twitter:label1\" content=\"Escrito por\" \/>\n\t<meta name=\"twitter:data1\" content=\"dfgordillo\" \/>\n\t<meta name=\"twitter:label2\" content=\"Tiempo de lectura\" \/>\n\t<meta name=\"twitter:data2\" content=\"4 minutos\" \/>\n<script type=\"application\/ld+json\" class=\"yoast-schema-graph\">{\"@context\":\"https:\/\/schema.org\",\"@graph\":[{\"@type\":\"Article\",\"@id\":\"https:\/\/www.fiscalia.gov.co\/colombia\/noticias\/imputan-cargos-a-funcionarios-de-la-rama-judicial-por-presunto-desfalco-a-corporacion-electrica-de-la-costa-atlantica-corelca\/#article\",\"isPartOf\":{\"@id\":\"https:\/\/www.fiscalia.gov.co\/colombia\/noticias\/imputan-cargos-a-funcionarios-de-la-rama-judicial-por-presunto-desfalco-a-corporacion-electrica-de-la-costa-atlantica-corelca\/\"},\"author\":{\"name\":\"dfgordillo\",\"@id\":\"https:\/\/www.fiscalia.gov.co\/colombia\/#\/schema\/person\/3903856a3ce2d54b094c69eb29247895\"},\"headline\":\"Imputan cargos a funcionarios de la Rama Judicial por presunto desfalco a Corporaci\u00f3n El\u00e9ctrica de la Costa Atl\u00e1ntica, Corelca\",\"datePublished\":\"2013-06-17T01:42:00+00:00\",\"dateModified\":\"2013-06-17T03:33:48+00:00\",\"mainEntityOfPage\":{\"@id\":\"https:\/\/www.fiscalia.gov.co\/colombia\/noticias\/imputan-cargos-a-funcionarios-de-la-rama-judicial-por-presunto-desfalco-a-corporacion-electrica-de-la-costa-atlantica-corelca\/\"},\"wordCount\":734,\"publisher\":{\"@id\":\"https:\/\/www.fiscalia.gov.co\/colombia\/#organization\"},\"keywords\":[\"Corelca\",\"Corporaci\u00f3n El\u00e9ctrica de la Costa Atl\u00e1ntica\",\"Desfalco\"],\"articleSection\":[\"Noticias\"],\"inLanguage\":\"es-CO\"},{\"@type\":\"WebPage\",\"@id\":\"https:\/\/www.fiscalia.gov.co\/colombia\/noticias\/imputan-cargos-a-funcionarios-de-la-rama-judicial-por-presunto-desfalco-a-corporacion-electrica-de-la-costa-atlantica-corelca\/\",\"url\":\"https:\/\/www.fiscalia.gov.co\/colombia\/noticias\/imputan-cargos-a-funcionarios-de-la-rama-judicial-por-presunto-desfalco-a-corporacion-electrica-de-la-costa-atlantica-corelca\/\",\"name\":\"Fiscal\u00eda General de la Naci\u00f3n\",\"isPartOf\":{\"@id\":\"https:\/\/www.fiscalia.gov.co\/colombia\/#website\"},\"datePublished\":\"2013-06-17T01:42:00+00:00\",\"dateModified\":\"2013-06-17T03:33:48+00:00\",\"description\":\"P\u00e1gina oficial de la Fiscal\u00eda General de la Naci\u00f3n \u2013 Colombia. Garantizamos el acceso efectivo a la justicia, la verdad y la reparaci\u00f3n de las v\u00edctimas de los delitos.\",\"breadcrumb\":{\"@id\":\"https:\/\/www.fiscalia.gov.co\/colombia\/noticias\/imputan-cargos-a-funcionarios-de-la-rama-judicial-por-presunto-desfalco-a-corporacion-electrica-de-la-costa-atlantica-corelca\/#breadcrumb\"},\"inLanguage\":\"es-CO\",\"potentialAction\":[{\"@type\":\"ReadAction\",\"target\":[\"https:\/\/www.fiscalia.gov.co\/colombia\/noticias\/imputan-cargos-a-funcionarios-de-la-rama-judicial-por-presunto-desfalco-a-corporacion-electrica-de-la-costa-atlantica-corelca\/\"]}]},{\"@type\":\"BreadcrumbList\",\"@id\":\"https:\/\/www.fiscalia.gov.co\/colombia\/noticias\/imputan-cargos-a-funcionarios-de-la-rama-judicial-por-presunto-desfalco-a-corporacion-electrica-de-la-costa-atlantica-corelca\/#breadcrumb\",\"itemListElement\":[{\"@type\":\"ListItem\",\"position\":1,\"name\":\"Home\",\"item\":\"https:\/\/www.fiscalia.gov.co\/colombia\/\"},{\"@type\":\"ListItem\",\"position\":2,\"name\":\"Imputan cargos a funcionarios de la Rama Judicial por presunto desfalco a Corporaci\u00f3n El\u00e9ctrica de la Costa Atl\u00e1ntica, Corelca\"}]},{\"@type\":\"WebSite\",\"@id\":\"https:\/\/www.fiscalia.gov.co\/colombia\/#website\",\"url\":\"https:\/\/www.fiscalia.gov.co\/colombia\/\",\"name\":\"Fiscal\u00eda General de la Naci\u00f3n\",\"description\":\"P\u00e1gina oficial de la Fiscal\u00eda General de la Naci\u00f3n \u2013 Colombia. Garantizamos el acceso efectivo a la justicia, la verdad y la reparaci\u00f3n de las v\u00edctimas de los delitos.\",\"publisher\":{\"@id\":\"https:\/\/www.fiscalia.gov.co\/colombia\/#organization\"},\"potentialAction\":[{\"@type\":\"SearchAction\",\"target\":{\"@type\":\"EntryPoint\",\"urlTemplate\":\"https:\/\/www.fiscalia.gov.co\/colombia\/?s={search_term_string}\"},\"query-input\":{\"@type\":\"PropertyValueSpecification\",\"valueRequired\":true,\"valueName\":\"search_term_string\"}}],\"inLanguage\":\"es-CO\"},{\"@type\":\"Organization\",\"@id\":\"https:\/\/www.fiscalia.gov.co\/colombia\/#organization\",\"name\":\"Fiscal\u00eda General de la Naci\u00f3n\",\"url\":\"https:\/\/www.fiscalia.gov.co\/colombia\/\",\"logo\":{\"@type\":\"ImageObject\",\"inLanguage\":\"es-CO\",\"@id\":\"https:\/\/www.fiscalia.gov.co\/colombia\/#\/schema\/logo\/image\/\",\"url\":\"https:\/\/www.fiscalia.gov.co\/colombia\/wp-content\/uploads\/LogoHorizontal_1.jpg\",\"contentUrl\":\"https:\/\/www.fiscalia.gov.co\/colombia\/wp-content\/uploads\/LogoHorizontal_1.jpg\",\"width\":300,\"height\":90,\"caption\":\"Fiscal\u00eda General de la Naci\u00f3n\"},\"image\":{\"@id\":\"https:\/\/www.fiscalia.gov.co\/colombia\/#\/schema\/logo\/image\/\"},\"sameAs\":[\"https:\/\/www.facebook.com\/FiscaliaCol\",\"https:\/\/x.com\/FiscaliaCol\",\"https:\/\/www.instagram.com\/fiscaliacol\",\"https:\/\/www.linkedin.com\/company\/fiscalia-general-de-la-naci-n\/\",\"https:\/\/youtube.com\/@fiscaliageneraldelanacion-4668?si=6nN79nyQICPU5iTh\"]},{\"@type\":\"Person\",\"@id\":\"https:\/\/www.fiscalia.gov.co\/colombia\/#\/schema\/person\/3903856a3ce2d54b094c69eb29247895\",\"name\":\"dfgordillo\",\"image\":{\"@type\":\"ImageObject\",\"inLanguage\":\"es-CO\",\"@id\":\"https:\/\/www.fiscalia.gov.co\/colombia\/#\/schema\/person\/image\/\",\"url\":\"https:\/\/secure.gravatar.com\/avatar\/b6356e21c5657c60757fe6fb9493e947?s=96&d=mm&r=g\",\"contentUrl\":\"https:\/\/secure.gravatar.com\/avatar\/b6356e21c5657c60757fe6fb9493e947?s=96&d=mm&r=g\",\"caption\":\"dfgordillo\"},\"sameAs\":[\"dfgordillo\"],\"url\":\"https:\/\/www.fiscalia.gov.co\/colombia\/author\/dfgordillo\/\"}]}<\/script>\n<!-- \/ Yoast SEO plugin. -->","yoast_head_json":{"title":"Fiscal\u00eda General de la Naci\u00f3n","description":"P\u00e1gina oficial de la Fiscal\u00eda General de la Naci\u00f3n \u2013 Colombia. Garantizamos el acceso efectivo a la justicia, la verdad y la reparaci\u00f3n de las v\u00edctimas de los delitos.","robots":{"index":"noindex","follow":"follow"},"og_locale":"es_ES","og_type":"article","og_title":"Fiscal\u00eda General de la Naci\u00f3n","og_description":"P\u00e1gina oficial de la Fiscal\u00eda General de la Naci\u00f3n \u2013 Colombia. Garantizamos el acceso efectivo a la justicia, la verdad y la reparaci\u00f3n de las v\u00edctimas de los delitos.","og_url":"https:\/\/www.fiscalia.gov.co\/colombia\/noticias\/imputan-cargos-a-funcionarios-de-la-rama-judicial-por-presunto-desfalco-a-corporacion-electrica-de-la-costa-atlantica-corelca\/","og_site_name":"Fiscal\u00eda General de la Naci\u00f3n","article_publisher":"https:\/\/www.facebook.com\/FiscaliaCol","article_published_time":"2013-06-17T01:42:00+00:00","article_modified_time":"2013-06-17T03:33:48+00:00","author":"dfgordillo","twitter_card":"summary_large_image","twitter_creator":"@FiscaliaCol","twitter_site":"@FiscaliaCol","twitter_misc":{"Escrito por":"dfgordillo","Tiempo de lectura":"4 minutos"},"schema":{"@context":"https:\/\/schema.org","@graph":[{"@type":"Article","@id":"https:\/\/www.fiscalia.gov.co\/colombia\/noticias\/imputan-cargos-a-funcionarios-de-la-rama-judicial-por-presunto-desfalco-a-corporacion-electrica-de-la-costa-atlantica-corelca\/#article","isPartOf":{"@id":"https:\/\/www.fiscalia.gov.co\/colombia\/noticias\/imputan-cargos-a-funcionarios-de-la-rama-judicial-por-presunto-desfalco-a-corporacion-electrica-de-la-costa-atlantica-corelca\/"},"author":{"name":"dfgordillo","@id":"https:\/\/www.fiscalia.gov.co\/colombia\/#\/schema\/person\/3903856a3ce2d54b094c69eb29247895"},"headline":"Imputan cargos a funcionarios de la Rama Judicial por presunto desfalco a Corporaci\u00f3n El\u00e9ctrica de la Costa Atl\u00e1ntica, Corelca","datePublished":"2013-06-17T01:42:00+00:00","dateModified":"2013-06-17T03:33:48+00:00","mainEntityOfPage":{"@id":"https:\/\/www.fiscalia.gov.co\/colombia\/noticias\/imputan-cargos-a-funcionarios-de-la-rama-judicial-por-presunto-desfalco-a-corporacion-electrica-de-la-costa-atlantica-corelca\/"},"wordCount":734,"publisher":{"@id":"https:\/\/www.fiscalia.gov.co\/colombia\/#organization"},"keywords":["Corelca","Corporaci\u00f3n El\u00e9ctrica de la Costa Atl\u00e1ntica","Desfalco"],"articleSection":["Noticias"],"inLanguage":"es-CO"},{"@type":"WebPage","@id":"https:\/\/www.fiscalia.gov.co\/colombia\/noticias\/imputan-cargos-a-funcionarios-de-la-rama-judicial-por-presunto-desfalco-a-corporacion-electrica-de-la-costa-atlantica-corelca\/","url":"https:\/\/www.fiscalia.gov.co\/colombia\/noticias\/imputan-cargos-a-funcionarios-de-la-rama-judicial-por-presunto-desfalco-a-corporacion-electrica-de-la-costa-atlantica-corelca\/","name":"Fiscal\u00eda General de la Naci\u00f3n","isPartOf":{"@id":"https:\/\/www.fiscalia.gov.co\/colombia\/#website"},"datePublished":"2013-06-17T01:42:00+00:00","dateModified":"2013-06-17T03:33:48+00:00","description":"P\u00e1gina oficial de la Fiscal\u00eda General de la Naci\u00f3n \u2013 Colombia. Garantizamos el acceso efectivo a la justicia, la verdad y la reparaci\u00f3n de las v\u00edctimas de los delitos.","breadcrumb":{"@id":"https:\/\/www.fiscalia.gov.co\/colombia\/noticias\/imputan-cargos-a-funcionarios-de-la-rama-judicial-por-presunto-desfalco-a-corporacion-electrica-de-la-costa-atlantica-corelca\/#breadcrumb"},"inLanguage":"es-CO","potentialAction":[{"@type":"ReadAction","target":["https:\/\/www.fiscalia.gov.co\/colombia\/noticias\/imputan-cargos-a-funcionarios-de-la-rama-judicial-por-presunto-desfalco-a-corporacion-electrica-de-la-costa-atlantica-corelca\/"]}]},{"@type":"BreadcrumbList","@id":"https:\/\/www.fiscalia.gov.co\/colombia\/noticias\/imputan-cargos-a-funcionarios-de-la-rama-judicial-por-presunto-desfalco-a-corporacion-electrica-de-la-costa-atlantica-corelca\/#breadcrumb","itemListElement":[{"@type":"ListItem","position":1,"name":"Home","item":"https:\/\/www.fiscalia.gov.co\/colombia\/"},{"@type":"ListItem","position":2,"name":"Imputan cargos a funcionarios de la Rama Judicial por presunto desfalco a Corporaci\u00f3n El\u00e9ctrica de la Costa Atl\u00e1ntica, Corelca"}]},{"@type":"WebSite","@id":"https:\/\/www.fiscalia.gov.co\/colombia\/#website","url":"https:\/\/www.fiscalia.gov.co\/colombia\/","name":"Fiscal\u00eda General de la Naci\u00f3n","description":"P\u00e1gina oficial de la Fiscal\u00eda General de la Naci\u00f3n \u2013 Colombia. Garantizamos el acceso efectivo a la justicia, la verdad y la reparaci\u00f3n de las v\u00edctimas de los delitos.","publisher":{"@id":"https:\/\/www.fiscalia.gov.co\/colombia\/#organization"},"potentialAction":[{"@type":"SearchAction","target":{"@type":"EntryPoint","urlTemplate":"https:\/\/www.fiscalia.gov.co\/colombia\/?s={search_term_string}"},"query-input":{"@type":"PropertyValueSpecification","valueRequired":true,"valueName":"search_term_string"}}],"inLanguage":"es-CO"},{"@type":"Organization","@id":"https:\/\/www.fiscalia.gov.co\/colombia\/#organization","name":"Fiscal\u00eda General de la Naci\u00f3n","url":"https:\/\/www.fiscalia.gov.co\/colombia\/","logo":{"@type":"ImageObject","inLanguage":"es-CO","@id":"https:\/\/www.fiscalia.gov.co\/colombia\/#\/schema\/logo\/image\/","url":"https:\/\/www.fiscalia.gov.co\/colombia\/wp-content\/uploads\/LogoHorizontal_1.jpg","contentUrl":"https:\/\/www.fiscalia.gov.co\/colombia\/wp-content\/uploads\/LogoHorizontal_1.jpg","width":300,"height":90,"caption":"Fiscal\u00eda General de la Naci\u00f3n"},"image":{"@id":"https:\/\/www.fiscalia.gov.co\/colombia\/#\/schema\/logo\/image\/"},"sameAs":["https:\/\/www.facebook.com\/FiscaliaCol","https:\/\/x.com\/FiscaliaCol","https:\/\/www.instagram.com\/fiscaliacol","https:\/\/www.linkedin.com\/company\/fiscalia-general-de-la-naci-n\/","https:\/\/youtube.com\/@fiscaliageneraldelanacion-4668?si=6nN79nyQICPU5iTh"]},{"@type":"Person","@id":"https:\/\/www.fiscalia.gov.co\/colombia\/#\/schema\/person\/3903856a3ce2d54b094c69eb29247895","name":"dfgordillo","image":{"@type":"ImageObject","inLanguage":"es-CO","@id":"https:\/\/www.fiscalia.gov.co\/colombia\/#\/schema\/person\/image\/","url":"https:\/\/secure.gravatar.com\/avatar\/b6356e21c5657c60757fe6fb9493e947?s=96&d=mm&r=g","contentUrl":"https:\/\/secure.gravatar.com\/avatar\/b6356e21c5657c60757fe6fb9493e947?s=96&d=mm&r=g","caption":"dfgordillo"},"sameAs":["dfgordillo"],"url":"https:\/\/www.fiscalia.gov.co\/colombia\/author\/dfgordillo\/"}]}},"_links":{"self":[{"href":"https:\/\/www.fiscalia.gov.co\/colombia\/wp-json\/wp\/v2\/posts\/34434","targetHints":{"allow":["GET"]}}],"collection":[{"href":"https:\/\/www.fiscalia.gov.co\/colombia\/wp-json\/wp\/v2\/posts"}],"about":[{"href":"https:\/\/www.fiscalia.gov.co\/colombia\/wp-json\/wp\/v2\/types\/post"}],"author":[{"embeddable":true,"href":"https:\/\/www.fiscalia.gov.co\/colombia\/wp-json\/wp\/v2\/users\/143"}],"replies":[{"embeddable":true,"href":"https:\/\/www.fiscalia.gov.co\/colombia\/wp-json\/wp\/v2\/comments?post=34434"}],"version-history":[{"count":5,"href":"https:\/\/www.fiscalia.gov.co\/colombia\/wp-json\/wp\/v2\/posts\/34434\/revisions"}],"predecessor-version":[{"id":34441,"href":"https:\/\/www.fiscalia.gov.co\/colombia\/wp-json\/wp\/v2\/posts\/34434\/revisions\/34441"}],"wp:attachment":[{"href":"https:\/\/www.fiscalia.gov.co\/colombia\/wp-json\/wp\/v2\/media?parent=34434"}],"wp:term":[{"taxonomy":"category","embeddable":true,"href":"https:\/\/www.fiscalia.gov.co\/colombia\/wp-json\/wp\/v2\/categories?post=34434"},{"taxonomy":"post_tag","embeddable":true,"href":"https:\/\/www.fiscalia.gov.co\/colombia\/wp-json\/wp\/v2\/tags?post=34434"}],"curies":[{"name":"wp","href":"https:\/\/api.w.org\/{rel}","templated":true}]}}