{"id":333031,"date":"2026-03-17T18:12:21","date_gmt":"2026-03-17T23:12:21","guid":{"rendered":"https:\/\/www.fiscalia.gov.co\/colombia\/?p=333031"},"modified":"2026-03-17T18:12:21","modified_gmt":"2026-03-17T23:12:21","slug":"judicializado-hombre-que-habria-participado-en-el-secuestro-y-tortura-de-dos-testigos-de-un-crimen-en-el-penon-cundinamarca","status":"publish","type":"post","link":"https:\/\/www.fiscalia.gov.co\/colombia\/noticias\/judicializado-hombre-que-habria-participado-en-el-secuestro-y-tortura-de-dos-testigos-de-un-crimen-en-el-penon-cundinamarca\/","title":{"rendered":"Judicializado hombre que habr\u00eda participado en el secuestro y tortura de dos testigos de un crimen en El Pe\u00f1\u00f3n (Cundinamarca)"},"content":{"rendered":"<p>La <strong>Fiscal\u00eda General de la Naci\u00f3n<\/strong> present\u00f3 ante un juez de control de garant\u00edas a Jos\u00e9 Manuel Vera Fern\u00e1ndez por su presunta participaci\u00f3n en el <strong>secuestro<\/strong> y actos de tortura a los que fueron sometidos dos personas que presenciaron un crimen, el pasado 17 de enero en un establecimiento comercial en <strong>El Pe\u00f1\u00f3n (Cundinamarca).<\/strong><\/p>\n<p>Las evidencias dan cuenta de que las v\u00edctimas presenciaron la muerte de un hombre con el que se encontraba departiendo y posteriormente Vera Fern\u00e1ndez en compa\u00f1\u00eda de otras personas los habr\u00eda retenido e intimidado con una escopeta y<strong> armas blancas.<\/strong><\/p>\n<p>Asimismo, se estableci\u00f3 que el <strong>procesado<\/strong>, al parecer, les entreg\u00f3 un lazo y unas bolsas para cubrir, sacar el cuerpo y desaparecerlo.<\/p>\n<p>Por todo lo anterior, un fiscal de la <strong>Seccional Cundinamarca<\/strong> le imput\u00f3 los delitos homicidio en <strong>grado de tentativa; y fabricaci\u00f3n, tr\u00e1fico, porte o tenencia de armas de fuego, accesorios, partes o municiones<\/strong>, ambas conductas agravadas, adem\u00e1s de secuestro simple y tortura.<\/p>\n<p>Durante las audiencias concentradas el procesado no acept\u00f3 los cargos y le fue impuesta <strong>medida privativa de la libertad en centro carcelario.<\/strong><\/p>\n<p>Este hombre fue capturado por uniformados de la Polic\u00eda Nacional, en el barrio La Candelaria, en la<strong> localidad de Ciudad Bol\u00edvar en Bogot\u00e1.<\/strong><\/p>\n<p>Por estos mismos hechos, la <strong>Fiscal\u00eda<\/strong> ha judicializado a los hermanos Juan Gabriel y Andr\u00e9s Ver\u00e1 Hern\u00e1ndez, quienes permanecen privados de la libertad en centro carcelario.<\/p>\n<p>Esta informaci\u00f3n se publica por inter\u00e9s general.<\/p>\n<p>&nbsp;<\/p>\n<p>ALGO\/AMCJ\/AML\/FSC<\/p>\n<p><em>La informaci\u00f3n contenida en este bolet\u00edn de prensa corresponde a la narraci\u00f3n de los hechos noticiosos objetivos, suministrados por los funcionarios encargados de adelantar las investigaciones penales al interior de la Fiscal\u00eda General de la Naci\u00f3n. Para el momento de la divulgaci\u00f3n de este comunicado, la situaci\u00f3n jur\u00eddica de la(s) persona(s) relacionada(s) se encuentra pendiente de resolver por la autoridad judicial competente, siempre bajo los preceptos de la presunci\u00f3n de inocencia, consagrados en el art\u00edculo 29 de la Constituci\u00f3n Pol\u00edtica y el art\u00edculo 7\u00ba de la Ley 906 de 2004.<\/em><\/p>\n\n<div class=\"twitter-share\"><a href=\"https:\/\/twitter.com\/intent\/tweet?via=fiscaliacol\" class=\"twitter-share-button\">Tweet<\/a><\/div>\n","protected":false},"excerpt":{"rendered":"<p>La Fiscal\u00eda General de la Naci\u00f3n present\u00f3 ante un juez de control de garant\u00edas a Jos\u00e9 Manuel Vera Fern\u00e1ndez por su presunta participaci\u00f3n en el secuestro y actos de tortura a los que fueron sometidos dos personas que presenciaron un crimen, el pasado 17 de enero en un establecimiento comercial en El Pe\u00f1\u00f3n (Cundinamarca). Las [&hellip;]<\/p>\n","protected":false},"author":182,"featured_media":0,"comment_status":"closed","ping_status":"open","sticky":false,"template":"","format":"standard","meta":{"_price":"","_stock":"","_tribe_ticket_header":"","_tribe_default_ticket_provider":"","_tribe_ticket_capacity":"0","_ticket_start_date":"","_ticket_end_date":"","_tribe_ticket_show_description":"","_tribe_ticket_show_not_going":false,"_tribe_ticket_use_global_stock":"","_tribe_ticket_global_stock_level":"","_global_stock_mode":"","_global_stock_cap":"","_tribe_rsvp_for_event":"","_tribe_ticket_going_count":"","_tribe_ticket_not_going_count":"","_tribe_tickets_list":"[]","_tribe_ticket_has_attendee_info_fields":false,"tdm_status":"","tdm_grid_status":"","footnotes":""},"categories":[1],"tags":[45851,24602,4017,45849,924,45848,4998,45846,42760,45845,45843,1047,45850,859,25689,42910,45844,25812,45756,558,933,24963,40402,23958,23964,45847,23976,45565],"class_list":{"0":"post-333031","1":"post","2":"type-post","3":"status-publish","4":"format-standard","6":"category-noticias","7":"tag-andres-vera-hernandez","8":"tag-armas-blancas","9":"tag-armas-de-fuego","10":"tag-barrio-la-candelaria","11":"tag-captura","12":"tag-captura-en-bogota","13":"tag-ciudad-bolivar","14":"tag-crimen-en-establecimiento-comercial","15":"tag-delitos-agravados","16":"tag-desaparicion-de-cuerpo","17":"tag-el-penon-cundinamarca","18":"tag-fiscalia-general-de-la-nacion","19":"tag-hermanos-juan-gabriel-vera-hernandez","20":"tag-homicidio-en-grado-de-tentativa","21":"tag-intimidacion","22":"tag-investigacion-fiscalia","23":"tag-jose-manuel-vera-fernandez","24":"tag-judicializacion","25":"tag-medida-de-aseguramiento-en-carcel","26":"tag-policia-nacional","27":"tag-porte-ilegal-de-armas","28":"tag-privados-de-la-libertad","29":"tag-retencion-ilegal","30":"tag-seccional-cundinamarca","31":"tag-secuestro","32":"tag-testigos-de-homicidio","33":"tag-tortura","34":"tag-violencia-criminal"},"yoast_head":"<!-- This site is optimized with the Yoast SEO plugin v24.3 - https:\/\/yoast.com\/wordpress\/plugins\/seo\/ -->\n<title>Fiscal\u00eda General de la Naci\u00f3n<\/title>\n<meta name=\"description\" content=\"P\u00e1gina oficial de la Fiscal\u00eda General de la Naci\u00f3n \u2013 Colombia. Garantizamos el acceso efectivo a la justicia, la verdad y la reparaci\u00f3n de las v\u00edctimas de los delitos.\" \/>\n<meta name=\"robots\" content=\"noindex, follow\" \/>\n<meta property=\"og:locale\" content=\"es_ES\" \/>\n<meta property=\"og:type\" content=\"article\" \/>\n<meta property=\"og:title\" content=\"Fiscal\u00eda General de la Naci\u00f3n\" \/>\n<meta property=\"og:description\" content=\"P\u00e1gina oficial de la Fiscal\u00eda General de la Naci\u00f3n \u2013 Colombia. Garantizamos el acceso efectivo a la justicia, la verdad y la reparaci\u00f3n de las v\u00edctimas de los delitos.\" \/>\n<meta property=\"og:url\" content=\"https:\/\/www.fiscalia.gov.co\/colombia\/noticias\/judicializado-hombre-que-habria-participado-en-el-secuestro-y-tortura-de-dos-testigos-de-un-crimen-en-el-penon-cundinamarca\/\" \/>\n<meta property=\"og:site_name\" content=\"Fiscal\u00eda General de la Naci\u00f3n\" \/>\n<meta property=\"article:publisher\" content=\"https:\/\/www.facebook.com\/FiscaliaCol\" \/>\n<meta property=\"article:published_time\" content=\"2026-03-17T23:12:21+00:00\" \/>\n<meta name=\"author\" content=\"Paula Andrea Castillo Lenis\" \/>\n<meta name=\"twitter:card\" content=\"summary_large_image\" \/>\n<meta name=\"twitter:creator\" content=\"@FiscaliaCol\" \/>\n<meta name=\"twitter:site\" content=\"@FiscaliaCol\" \/>\n<meta name=\"twitter:label1\" content=\"Escrito por\" \/>\n\t<meta name=\"twitter:data1\" content=\"Paula Andrea Castillo Lenis\" \/>\n\t<meta name=\"twitter:label2\" content=\"Tiempo de lectura\" \/>\n\t<meta name=\"twitter:data2\" content=\"2 minutos\" \/>\n<script type=\"application\/ld+json\" class=\"yoast-schema-graph\">{\"@context\":\"https:\/\/schema.org\",\"@graph\":[{\"@type\":\"Article\",\"@id\":\"https:\/\/www.fiscalia.gov.co\/colombia\/noticias\/judicializado-hombre-que-habria-participado-en-el-secuestro-y-tortura-de-dos-testigos-de-un-crimen-en-el-penon-cundinamarca\/#article\",\"isPartOf\":{\"@id\":\"https:\/\/www.fiscalia.gov.co\/colombia\/noticias\/judicializado-hombre-que-habria-participado-en-el-secuestro-y-tortura-de-dos-testigos-de-un-crimen-en-el-penon-cundinamarca\/\"},\"author\":{\"name\":\"Paula Andrea Castillo Lenis\",\"@id\":\"https:\/\/www.fiscalia.gov.co\/colombia\/#\/schema\/person\/66c172905e0492f1de6bbe5f93c4668f\"},\"headline\":\"Judicializado hombre que habr\u00eda participado en el secuestro y tortura de dos testigos de un crimen en El Pe\u00f1\u00f3n (Cundinamarca)\",\"datePublished\":\"2026-03-17T23:12:21+00:00\",\"dateModified\":\"2026-03-17T23:12:21+00:00\",\"mainEntityOfPage\":{\"@id\":\"https:\/\/www.fiscalia.gov.co\/colombia\/noticias\/judicializado-hombre-que-habria-participado-en-el-secuestro-y-tortura-de-dos-testigos-de-un-crimen-en-el-penon-cundinamarca\/\"},\"wordCount\":384,\"publisher\":{\"@id\":\"https:\/\/www.fiscalia.gov.co\/colombia\/#organization\"},\"keywords\":[\"Andr\u00e9s Vera Hern\u00e1ndez\",\"armas blancas\",\"Armas de fuego\",\"barrio La Candelaria\",\"Captura\",\"captura en Bogot\u00e1\",\"Ciudad Bol\u00edvar\",\"crimen en establecimiento comercial\",\"delitos agravados\",\"desaparici\u00f3n de cuerpo\",\"El Pe\u00f1\u00f3n Cundinamarca\",\"Fiscal\u00eda General de la Naci\u00f3n\",\"hermanos Juan Gabriel Vera Hern\u00e1ndez\",\"Homicidio en grado de tentativa\",\"intimidaci\u00f3n.\",\"investigaci\u00f3n Fiscal\u00eda\",\"Jos\u00e9 Manuel Vera Fern\u00e1ndez\",\"Judicializaci\u00f3n\",\"medida de aseguramiento en c\u00e1rcel\",\"Polic\u00eda Nacional\",\"Porte ilegal de armas\",\"privados de la libertad\",\"retenci\u00f3n ilegal\",\"Seccional Cundinamarca\",\"Secuestro\",\"testigos de homicidio\",\"Tortura\",\"violencia criminal\"],\"articleSection\":[\"Noticias\"],\"inLanguage\":\"es-CO\"},{\"@type\":\"WebPage\",\"@id\":\"https:\/\/www.fiscalia.gov.co\/colombia\/noticias\/judicializado-hombre-que-habria-participado-en-el-secuestro-y-tortura-de-dos-testigos-de-un-crimen-en-el-penon-cundinamarca\/\",\"url\":\"https:\/\/www.fiscalia.gov.co\/colombia\/noticias\/judicializado-hombre-que-habria-participado-en-el-secuestro-y-tortura-de-dos-testigos-de-un-crimen-en-el-penon-cundinamarca\/\",\"name\":\"Fiscal\u00eda General de la Naci\u00f3n\",\"isPartOf\":{\"@id\":\"https:\/\/www.fiscalia.gov.co\/colombia\/#website\"},\"datePublished\":\"2026-03-17T23:12:21+00:00\",\"dateModified\":\"2026-03-17T23:12:21+00:00\",\"description\":\"P\u00e1gina oficial de la Fiscal\u00eda General de la Naci\u00f3n \u2013 Colombia. Garantizamos el acceso efectivo a la justicia, la verdad y la reparaci\u00f3n de las v\u00edctimas de los delitos.\",\"breadcrumb\":{\"@id\":\"https:\/\/www.fiscalia.gov.co\/colombia\/noticias\/judicializado-hombre-que-habria-participado-en-el-secuestro-y-tortura-de-dos-testigos-de-un-crimen-en-el-penon-cundinamarca\/#breadcrumb\"},\"inLanguage\":\"es-CO\",\"potentialAction\":[{\"@type\":\"ReadAction\",\"target\":[\"https:\/\/www.fiscalia.gov.co\/colombia\/noticias\/judicializado-hombre-que-habria-participado-en-el-secuestro-y-tortura-de-dos-testigos-de-un-crimen-en-el-penon-cundinamarca\/\"]}]},{\"@type\":\"BreadcrumbList\",\"@id\":\"https:\/\/www.fiscalia.gov.co\/colombia\/noticias\/judicializado-hombre-que-habria-participado-en-el-secuestro-y-tortura-de-dos-testigos-de-un-crimen-en-el-penon-cundinamarca\/#breadcrumb\",\"itemListElement\":[{\"@type\":\"ListItem\",\"position\":1,\"name\":\"Home\",\"item\":\"https:\/\/www.fiscalia.gov.co\/colombia\/\"},{\"@type\":\"ListItem\",\"position\":2,\"name\":\"Judicializado hombre que habr\u00eda participado en el secuestro y tortura de dos testigos de un crimen en El Pe\u00f1\u00f3n (Cundinamarca)\"}]},{\"@type\":\"WebSite\",\"@id\":\"https:\/\/www.fiscalia.gov.co\/colombia\/#website\",\"url\":\"https:\/\/www.fiscalia.gov.co\/colombia\/\",\"name\":\"Fiscal\u00eda General de la Naci\u00f3n\",\"description\":\"P\u00e1gina oficial de la Fiscal\u00eda General de la Naci\u00f3n \u2013 Colombia. Garantizamos el acceso efectivo a la justicia, la verdad y la reparaci\u00f3n de las v\u00edctimas de los delitos.\",\"publisher\":{\"@id\":\"https:\/\/www.fiscalia.gov.co\/colombia\/#organization\"},\"potentialAction\":[{\"@type\":\"SearchAction\",\"target\":{\"@type\":\"EntryPoint\",\"urlTemplate\":\"https:\/\/www.fiscalia.gov.co\/colombia\/?s={search_term_string}\"},\"query-input\":{\"@type\":\"PropertyValueSpecification\",\"valueRequired\":true,\"valueName\":\"search_term_string\"}}],\"inLanguage\":\"es-CO\"},{\"@type\":\"Organization\",\"@id\":\"https:\/\/www.fiscalia.gov.co\/colombia\/#organization\",\"name\":\"Fiscal\u00eda General de la Naci\u00f3n\",\"url\":\"https:\/\/www.fiscalia.gov.co\/colombia\/\",\"logo\":{\"@type\":\"ImageObject\",\"inLanguage\":\"es-CO\",\"@id\":\"https:\/\/www.fiscalia.gov.co\/colombia\/#\/schema\/logo\/image\/\",\"url\":\"https:\/\/www.fiscalia.gov.co\/colombia\/wp-content\/uploads\/LogoHorizontal_1.jpg\",\"contentUrl\":\"https:\/\/www.fiscalia.gov.co\/colombia\/wp-content\/uploads\/LogoHorizontal_1.jpg\",\"width\":300,\"height\":90,\"caption\":\"Fiscal\u00eda General de la Naci\u00f3n\"},\"image\":{\"@id\":\"https:\/\/www.fiscalia.gov.co\/colombia\/#\/schema\/logo\/image\/\"},\"sameAs\":[\"https:\/\/www.facebook.com\/FiscaliaCol\",\"https:\/\/x.com\/FiscaliaCol\",\"https:\/\/www.instagram.com\/fiscaliacol\",\"https:\/\/www.linkedin.com\/company\/fiscalia-general-de-la-naci-n\/\",\"https:\/\/youtube.com\/@fiscaliageneraldelanacion-4668?si=6nN79nyQICPU5iTh\"]},{\"@type\":\"Person\",\"@id\":\"https:\/\/www.fiscalia.gov.co\/colombia\/#\/schema\/person\/66c172905e0492f1de6bbe5f93c4668f\",\"name\":\"Paula Andrea Castillo Lenis\",\"image\":{\"@type\":\"ImageObject\",\"inLanguage\":\"es-CO\",\"@id\":\"https:\/\/www.fiscalia.gov.co\/colombia\/#\/schema\/person\/image\/\",\"url\":\"https:\/\/secure.gravatar.com\/avatar\/cb060d9561f2947c4102d1825739f868?s=96&d=mm&r=g\",\"contentUrl\":\"https:\/\/secure.gravatar.com\/avatar\/cb060d9561f2947c4102d1825739f868?s=96&d=mm&r=g\",\"caption\":\"Paula Andrea Castillo Lenis\"},\"url\":\"https:\/\/www.fiscalia.gov.co\/colombia\/author\/paula-castillo\/\"}]}<\/script>\n<!-- \/ Yoast SEO plugin. -->","yoast_head_json":{"title":"Fiscal\u00eda General de la Naci\u00f3n","description":"P\u00e1gina oficial de la Fiscal\u00eda General de la Naci\u00f3n \u2013 Colombia. Garantizamos el acceso efectivo a la justicia, la verdad y la reparaci\u00f3n de las v\u00edctimas de los delitos.","robots":{"index":"noindex","follow":"follow"},"og_locale":"es_ES","og_type":"article","og_title":"Fiscal\u00eda General de la Naci\u00f3n","og_description":"P\u00e1gina oficial de la Fiscal\u00eda General de la Naci\u00f3n \u2013 Colombia. Garantizamos el acceso efectivo a la justicia, la verdad y la reparaci\u00f3n de las v\u00edctimas de los delitos.","og_url":"https:\/\/www.fiscalia.gov.co\/colombia\/noticias\/judicializado-hombre-que-habria-participado-en-el-secuestro-y-tortura-de-dos-testigos-de-un-crimen-en-el-penon-cundinamarca\/","og_site_name":"Fiscal\u00eda General de la Naci\u00f3n","article_publisher":"https:\/\/www.facebook.com\/FiscaliaCol","article_published_time":"2026-03-17T23:12:21+00:00","author":"Paula Andrea Castillo Lenis","twitter_card":"summary_large_image","twitter_creator":"@FiscaliaCol","twitter_site":"@FiscaliaCol","twitter_misc":{"Escrito por":"Paula Andrea Castillo Lenis","Tiempo de lectura":"2 minutos"},"schema":{"@context":"https:\/\/schema.org","@graph":[{"@type":"Article","@id":"https:\/\/www.fiscalia.gov.co\/colombia\/noticias\/judicializado-hombre-que-habria-participado-en-el-secuestro-y-tortura-de-dos-testigos-de-un-crimen-en-el-penon-cundinamarca\/#article","isPartOf":{"@id":"https:\/\/www.fiscalia.gov.co\/colombia\/noticias\/judicializado-hombre-que-habria-participado-en-el-secuestro-y-tortura-de-dos-testigos-de-un-crimen-en-el-penon-cundinamarca\/"},"author":{"name":"Paula Andrea Castillo Lenis","@id":"https:\/\/www.fiscalia.gov.co\/colombia\/#\/schema\/person\/66c172905e0492f1de6bbe5f93c4668f"},"headline":"Judicializado hombre que habr\u00eda participado en el secuestro y tortura de dos testigos de un crimen en El Pe\u00f1\u00f3n (Cundinamarca)","datePublished":"2026-03-17T23:12:21+00:00","dateModified":"2026-03-17T23:12:21+00:00","mainEntityOfPage":{"@id":"https:\/\/www.fiscalia.gov.co\/colombia\/noticias\/judicializado-hombre-que-habria-participado-en-el-secuestro-y-tortura-de-dos-testigos-de-un-crimen-en-el-penon-cundinamarca\/"},"wordCount":384,"publisher":{"@id":"https:\/\/www.fiscalia.gov.co\/colombia\/#organization"},"keywords":["Andr\u00e9s Vera Hern\u00e1ndez","armas blancas","Armas de fuego","barrio La Candelaria","Captura","captura en Bogot\u00e1","Ciudad Bol\u00edvar","crimen en establecimiento comercial","delitos agravados","desaparici\u00f3n de cuerpo","El Pe\u00f1\u00f3n Cundinamarca","Fiscal\u00eda General de la Naci\u00f3n","hermanos Juan Gabriel Vera Hern\u00e1ndez","Homicidio en grado de tentativa","intimidaci\u00f3n.","investigaci\u00f3n Fiscal\u00eda","Jos\u00e9 Manuel Vera Fern\u00e1ndez","Judicializaci\u00f3n","medida de aseguramiento en c\u00e1rcel","Polic\u00eda Nacional","Porte ilegal de armas","privados de la libertad","retenci\u00f3n ilegal","Seccional Cundinamarca","Secuestro","testigos de homicidio","Tortura","violencia criminal"],"articleSection":["Noticias"],"inLanguage":"es-CO"},{"@type":"WebPage","@id":"https:\/\/www.fiscalia.gov.co\/colombia\/noticias\/judicializado-hombre-que-habria-participado-en-el-secuestro-y-tortura-de-dos-testigos-de-un-crimen-en-el-penon-cundinamarca\/","url":"https:\/\/www.fiscalia.gov.co\/colombia\/noticias\/judicializado-hombre-que-habria-participado-en-el-secuestro-y-tortura-de-dos-testigos-de-un-crimen-en-el-penon-cundinamarca\/","name":"Fiscal\u00eda General de la Naci\u00f3n","isPartOf":{"@id":"https:\/\/www.fiscalia.gov.co\/colombia\/#website"},"datePublished":"2026-03-17T23:12:21+00:00","dateModified":"2026-03-17T23:12:21+00:00","description":"P\u00e1gina oficial de la Fiscal\u00eda General de la Naci\u00f3n \u2013 Colombia. Garantizamos el acceso efectivo a la justicia, la verdad y la reparaci\u00f3n de las v\u00edctimas de los delitos.","breadcrumb":{"@id":"https:\/\/www.fiscalia.gov.co\/colombia\/noticias\/judicializado-hombre-que-habria-participado-en-el-secuestro-y-tortura-de-dos-testigos-de-un-crimen-en-el-penon-cundinamarca\/#breadcrumb"},"inLanguage":"es-CO","potentialAction":[{"@type":"ReadAction","target":["https:\/\/www.fiscalia.gov.co\/colombia\/noticias\/judicializado-hombre-que-habria-participado-en-el-secuestro-y-tortura-de-dos-testigos-de-un-crimen-en-el-penon-cundinamarca\/"]}]},{"@type":"BreadcrumbList","@id":"https:\/\/www.fiscalia.gov.co\/colombia\/noticias\/judicializado-hombre-que-habria-participado-en-el-secuestro-y-tortura-de-dos-testigos-de-un-crimen-en-el-penon-cundinamarca\/#breadcrumb","itemListElement":[{"@type":"ListItem","position":1,"name":"Home","item":"https:\/\/www.fiscalia.gov.co\/colombia\/"},{"@type":"ListItem","position":2,"name":"Judicializado hombre que habr\u00eda participado en el secuestro y tortura de dos testigos de un crimen en El Pe\u00f1\u00f3n (Cundinamarca)"}]},{"@type":"WebSite","@id":"https:\/\/www.fiscalia.gov.co\/colombia\/#website","url":"https:\/\/www.fiscalia.gov.co\/colombia\/","name":"Fiscal\u00eda General de la Naci\u00f3n","description":"P\u00e1gina oficial de la Fiscal\u00eda General de la Naci\u00f3n \u2013 Colombia. Garantizamos el acceso efectivo a la justicia, la verdad y la reparaci\u00f3n de las v\u00edctimas de los delitos.","publisher":{"@id":"https:\/\/www.fiscalia.gov.co\/colombia\/#organization"},"potentialAction":[{"@type":"SearchAction","target":{"@type":"EntryPoint","urlTemplate":"https:\/\/www.fiscalia.gov.co\/colombia\/?s={search_term_string}"},"query-input":{"@type":"PropertyValueSpecification","valueRequired":true,"valueName":"search_term_string"}}],"inLanguage":"es-CO"},{"@type":"Organization","@id":"https:\/\/www.fiscalia.gov.co\/colombia\/#organization","name":"Fiscal\u00eda General de la Naci\u00f3n","url":"https:\/\/www.fiscalia.gov.co\/colombia\/","logo":{"@type":"ImageObject","inLanguage":"es-CO","@id":"https:\/\/www.fiscalia.gov.co\/colombia\/#\/schema\/logo\/image\/","url":"https:\/\/www.fiscalia.gov.co\/colombia\/wp-content\/uploads\/LogoHorizontal_1.jpg","contentUrl":"https:\/\/www.fiscalia.gov.co\/colombia\/wp-content\/uploads\/LogoHorizontal_1.jpg","width":300,"height":90,"caption":"Fiscal\u00eda General de la Naci\u00f3n"},"image":{"@id":"https:\/\/www.fiscalia.gov.co\/colombia\/#\/schema\/logo\/image\/"},"sameAs":["https:\/\/www.facebook.com\/FiscaliaCol","https:\/\/x.com\/FiscaliaCol","https:\/\/www.instagram.com\/fiscaliacol","https:\/\/www.linkedin.com\/company\/fiscalia-general-de-la-naci-n\/","https:\/\/youtube.com\/@fiscaliageneraldelanacion-4668?si=6nN79nyQICPU5iTh"]},{"@type":"Person","@id":"https:\/\/www.fiscalia.gov.co\/colombia\/#\/schema\/person\/66c172905e0492f1de6bbe5f93c4668f","name":"Paula Andrea Castillo Lenis","image":{"@type":"ImageObject","inLanguage":"es-CO","@id":"https:\/\/www.fiscalia.gov.co\/colombia\/#\/schema\/person\/image\/","url":"https:\/\/secure.gravatar.com\/avatar\/cb060d9561f2947c4102d1825739f868?s=96&d=mm&r=g","contentUrl":"https:\/\/secure.gravatar.com\/avatar\/cb060d9561f2947c4102d1825739f868?s=96&d=mm&r=g","caption":"Paula Andrea Castillo Lenis"},"url":"https:\/\/www.fiscalia.gov.co\/colombia\/author\/paula-castillo\/"}]}},"_links":{"self":[{"href":"https:\/\/www.fiscalia.gov.co\/colombia\/wp-json\/wp\/v2\/posts\/333031","targetHints":{"allow":["GET"]}}],"collection":[{"href":"https:\/\/www.fiscalia.gov.co\/colombia\/wp-json\/wp\/v2\/posts"}],"about":[{"href":"https:\/\/www.fiscalia.gov.co\/colombia\/wp-json\/wp\/v2\/types\/post"}],"author":[{"embeddable":true,"href":"https:\/\/www.fiscalia.gov.co\/colombia\/wp-json\/wp\/v2\/users\/182"}],"replies":[{"embeddable":true,"href":"https:\/\/www.fiscalia.gov.co\/colombia\/wp-json\/wp\/v2\/comments?post=333031"}],"version-history":[{"count":1,"href":"https:\/\/www.fiscalia.gov.co\/colombia\/wp-json\/wp\/v2\/posts\/333031\/revisions"}],"predecessor-version":[{"id":333032,"href":"https:\/\/www.fiscalia.gov.co\/colombia\/wp-json\/wp\/v2\/posts\/333031\/revisions\/333032"}],"wp:attachment":[{"href":"https:\/\/www.fiscalia.gov.co\/colombia\/wp-json\/wp\/v2\/media?parent=333031"}],"wp:term":[{"taxonomy":"category","embeddable":true,"href":"https:\/\/www.fiscalia.gov.co\/colombia\/wp-json\/wp\/v2\/categories?post=333031"},{"taxonomy":"post_tag","embeddable":true,"href":"https:\/\/www.fiscalia.gov.co\/colombia\/wp-json\/wp\/v2\/tags?post=333031"}],"curies":[{"name":"wp","href":"https:\/\/api.w.org\/{rel}","templated":true}]}}