{"id":332998,"date":"2026-03-16T18:56:30","date_gmt":"2026-03-16T23:56:30","guid":{"rendered":"https:\/\/www.fiscalia.gov.co\/colombia\/?p=332998"},"modified":"2026-03-16T18:56:30","modified_gmt":"2026-03-16T23:56:30","slug":"condenan-a-27-anos-de-prision-al-responsable-del-asesinato-del-padre-dario-valencia-uribe","status":"publish","type":"post","link":"https:\/\/www.fiscalia.gov.co\/colombia\/noticias\/condenan-a-27-anos-de-prision-al-responsable-del-asesinato-del-padre-dario-valencia-uribe\/","title":{"rendered":"Condenan a 27 a\u00f1os de prisi\u00f3n al responsable del asesinato del padre Dar\u00edo Valencia Uribe"},"content":{"rendered":"<blockquote>\n<h4><em>El sentenciado escap\u00f3 a Francia para evadir las autoridades. Las gestiones de la Fiscal\u00eda General de la Naci\u00f3n permitieron su extradici\u00f3n a Colombia, donde fue judicializado.<\/em><\/h4>\n<\/blockquote>\n<p>El <strong>material probatorio<\/strong> aportado por la <strong>Fiscal\u00eda General de la Naci\u00f3n<\/strong> permiti\u00f3 que de manera libre, voluntaria y asesorado por su abogado Juli\u00e1n Eduardo Cifuentes G\u00f3mez aceptara su responsabilidad en el asesinato del sacerdote Dar\u00edo Valencia Uribe, <strong>p\u00e1rroco de la iglesia Perpetuo Socorro de Pereira (Risaralda),<\/strong> ocurrido el 25 de abril de 2024.<\/p>\n<p>Un<strong> juez penal del circuito<\/strong> de la capital risaraldense aval\u00f3 el preacuerdo suscrito por el ahora sentenciado y el ente acusador, y lo conden\u00f3 a 27 a\u00f1os y 9 d\u00edas de prisi\u00f3n, como responsable de los delitos de homicidio agravado; fabricaci\u00f3n, tr\u00e1fico, porte o tenencia de armas de fuego, accesorios, partes o municiones; y ocultamiento, alteraci\u00f3n o destrucci\u00f3n de elemento material probatorio.<\/p>\n<p>Seg\u00fan la investigaci\u00f3n, el d\u00eda de los hechos, Cifuentes G\u00f3mez se encontr\u00f3 con el sacerdote con quien subi\u00f3 a un veh\u00edculo con el prop\u00f3sito de concertar el pago de 30 millones de pesos, por la compra de una camioneta. En el automotor el hombre le dispar\u00f3 a la v\u00edctima en varias oportunidades, luego arroj\u00f3 su cuerpo en una zona rural de <strong>Belalc\u00e1zar (Caldas),<\/strong> para evitar que fuera localizado por las autoridades.<\/p>\n<p>El veh\u00edculo en que ocurri\u00f3 el homicidio fue lavado en un centro especializado para eliminar evidencias. Posteriormente, el 29 de abril de 2024, el hoy condenado huy\u00f3 a Francia donde fue capturado, tras emitirse una notificaci\u00f3n roja de Interpol. Las actividades desplegadas por <strong>el CTI y del Gaula de la Polic\u00eda Nacional<\/strong> permitieron ubicar el cuerpo del cl\u00e9rigo, en septiembre de 2024.<\/p>\n<p>El sentenciado ha permanecido <strong>privado de la libertad en centro carcelario<\/strong> desde su judicializaci\u00f3n, ocurrida en noviembre de 2025, cuando fue capturado en el aeropuerto El Dorado de Bogot\u00e1 a su llegada de Francia.<\/p>\n<p>Sobre esta decisi\u00f3n proceden los recursos de ley.<\/p>\n<p>&nbsp;<\/p>\n<p>CLCG\/MAGA\/AGT\/CABS\/DSR<\/p>\n<p>&nbsp;<\/p>\n<p><em>La informaci\u00f3n contenida en este bolet\u00edn de prensa corresponde a la narraci\u00f3n de los hechos noticiosos objetivos, suministrados por los funcionarios encargados de adelantar las investigaciones penales al interior de la Fiscal\u00eda General de la Naci\u00f3n. Para el momento de la divulgaci\u00f3n de este comunicado, la situaci\u00f3n jur\u00eddica de la(s) persona(s) relacionada(s) se encuentra pendiente de resolver por la autoridad judicial competente, siempre bajo los preceptos de la presunci\u00f3n de inocencia, consagrados en el art\u00edculo 29 de la Constituci\u00f3n Pol\u00edtica y el art\u00edculo 7\u00ba de la Ley 906 de 2004.<\/em><\/p>\n\n<div class=\"twitter-share\"><a href=\"https:\/\/twitter.com\/intent\/tweet?via=fiscaliacol\" class=\"twitter-share-button\">Tweet<\/a><\/div>\n","protected":false},"excerpt":{"rendered":"<p>El sentenciado escap\u00f3 a Francia para evadir las autoridades. Las gestiones de la Fiscal\u00eda General de la Naci\u00f3n permitieron su extradici\u00f3n a Colombia, donde fue judicializado. El material probatorio aportado por la Fiscal\u00eda General de la Naci\u00f3n permiti\u00f3 que de manera libre, voluntaria y asesorado por su abogado Juli\u00e1n Eduardo Cifuentes G\u00f3mez aceptara su responsabilidad [&hellip;]<\/p>\n","protected":false},"author":182,"featured_media":0,"comment_status":"closed","ping_status":"open","sticky":false,"template":"","format":"standard","meta":{"_price":"","_stock":"","_tribe_ticket_header":"","_tribe_default_ticket_provider":"","_tribe_ticket_capacity":"0","_ticket_start_date":"","_ticket_end_date":"","_tribe_ticket_show_description":"","_tribe_ticket_show_not_going":false,"_tribe_ticket_use_global_stock":"","_tribe_ticket_global_stock_level":"","_global_stock_mode":"","_global_stock_cap":"","_tribe_rsvp_for_event":"","_tribe_ticket_going_count":"","_tribe_ticket_not_going_count":"","_tribe_tickets_list":"[]","_tribe_ticket_has_attendee_info_fields":false,"tdm_status":"","tdm_grid_status":"","footnotes":""},"categories":[1],"tags":[45827,45840,45838,45831,35145,45828,45835,45499,45837,26597,45839,686,45841,45830,45836,45842,45832,37549,45395,45833,45829,23987,41026,45834],"class_list":{"0":"post-332998","1":"post","2":"type-post","3":"status-publish","4":"format-standard","6":"category-noticias","7":"tag-asesinato-de-sacerdote","8":"tag-captura-en-aeropuerto-el-dorado","9":"tag-captura-internacional","10":"tag-condena-a-27-anos-de-prision","11":"tag-cti-de-la-fiscalia","12":"tag-dario-valencia-uribe","13":"tag-destruccion-de-elemento-material-probatorio","14":"tag-disparos-con-arma-de-fuego","15":"tag-fuga-a-francia","16":"tag-gaula-de-la-policia-nacional","17":"tag-hallazgo-del-cuerpo-en-septiembre-de-2024","18":"tag-homicidio-agravado","19":"tag-judicializacion-en-noviembre-de-2025","20":"tag-julian-eduardo-cifuentes-gomez","21":"tag-lavado-de-vehiculo-para-eliminar-evidencias","22":"tag-medida-de-prision-en-centro-carcelario","23":"tag-negocio-de-compra-de-camioneta","24":"tag-notificacion-roja-de-interpol","25":"tag-ocultamiento-de-cadaver","26":"tag-pago-de-30-millones-de-pesos","27":"tag-parroco-del-perpetuo-socorro","28":"tag-pereira-risaralda","29":"tag-preacuerdo-con-la-fiscalia","30":"tag-zona-rural-de-belalcazar-caldas"},"yoast_head":"<!-- This site is optimized with the Yoast SEO plugin v24.3 - https:\/\/yoast.com\/wordpress\/plugins\/seo\/ -->\n<title>Fiscal\u00eda General de la Naci\u00f3n<\/title>\n<meta name=\"description\" content=\"P\u00e1gina oficial de la Fiscal\u00eda General de la Naci\u00f3n \u2013 Colombia. Garantizamos el acceso efectivo a la justicia, la verdad y la reparaci\u00f3n de las v\u00edctimas de los delitos.\" \/>\n<meta name=\"robots\" content=\"noindex, follow\" \/>\n<meta property=\"og:locale\" content=\"es_ES\" \/>\n<meta property=\"og:type\" content=\"article\" \/>\n<meta property=\"og:title\" content=\"Fiscal\u00eda General de la Naci\u00f3n\" \/>\n<meta property=\"og:description\" content=\"P\u00e1gina oficial de la Fiscal\u00eda General de la Naci\u00f3n \u2013 Colombia. Garantizamos el acceso efectivo a la justicia, la verdad y la reparaci\u00f3n de las v\u00edctimas de los delitos.\" \/>\n<meta property=\"og:url\" content=\"https:\/\/www.fiscalia.gov.co\/colombia\/noticias\/condenan-a-27-anos-de-prision-al-responsable-del-asesinato-del-padre-dario-valencia-uribe\/\" \/>\n<meta property=\"og:site_name\" content=\"Fiscal\u00eda General de la Naci\u00f3n\" \/>\n<meta property=\"article:publisher\" content=\"https:\/\/www.facebook.com\/FiscaliaCol\" \/>\n<meta property=\"article:published_time\" content=\"2026-03-16T23:56:30+00:00\" \/>\n<meta name=\"author\" content=\"Paula Andrea Castillo Lenis\" \/>\n<meta name=\"twitter:card\" content=\"summary_large_image\" \/>\n<meta name=\"twitter:creator\" content=\"@FiscaliaCol\" \/>\n<meta name=\"twitter:site\" content=\"@FiscaliaCol\" \/>\n<meta name=\"twitter:label1\" content=\"Escrito por\" \/>\n\t<meta name=\"twitter:data1\" content=\"Paula Andrea Castillo Lenis\" \/>\n\t<meta name=\"twitter:label2\" content=\"Tiempo de lectura\" \/>\n\t<meta name=\"twitter:data2\" content=\"2 minutos\" \/>\n<script type=\"application\/ld+json\" class=\"yoast-schema-graph\">{\"@context\":\"https:\/\/schema.org\",\"@graph\":[{\"@type\":\"Article\",\"@id\":\"https:\/\/www.fiscalia.gov.co\/colombia\/noticias\/condenan-a-27-anos-de-prision-al-responsable-del-asesinato-del-padre-dario-valencia-uribe\/#article\",\"isPartOf\":{\"@id\":\"https:\/\/www.fiscalia.gov.co\/colombia\/noticias\/condenan-a-27-anos-de-prision-al-responsable-del-asesinato-del-padre-dario-valencia-uribe\/\"},\"author\":{\"name\":\"Paula Andrea Castillo Lenis\",\"@id\":\"https:\/\/www.fiscalia.gov.co\/colombia\/#\/schema\/person\/66c172905e0492f1de6bbe5f93c4668f\"},\"headline\":\"Condenan a 27 a\u00f1os de prisi\u00f3n al responsable del asesinato del padre Dar\u00edo Valencia Uribe\",\"datePublished\":\"2026-03-16T23:56:30+00:00\",\"dateModified\":\"2026-03-16T23:56:30+00:00\",\"mainEntityOfPage\":{\"@id\":\"https:\/\/www.fiscalia.gov.co\/colombia\/noticias\/condenan-a-27-anos-de-prision-al-responsable-del-asesinato-del-padre-dario-valencia-uribe\/\"},\"wordCount\":463,\"publisher\":{\"@id\":\"https:\/\/www.fiscalia.gov.co\/colombia\/#organization\"},\"keywords\":[\"asesinato de sacerdote\",\"captura en aeropuerto El Dorado\",\"captura internacional\",\"condena a 27 a\u00f1os de prisi\u00f3n\",\"CTI de la Fiscal\u00eda.\",\"Dar\u00edo Valencia Uribe\",\"destrucci\u00f3n de elemento material probatorio\",\"disparos con arma de fuego\",\"fuga a Francia\",\"GAULA DE LA POLIC\u00cdA NACIONAL\",\"hallazgo del cuerpo en septiembre de 2024\",\"Homicidio agravado\",\"judicializaci\u00f3n en noviembre de 2025\",\"Juli\u00e1n Eduardo Cifuentes G\u00f3mez\",\"lavado de veh\u00edculo para eliminar evidencias\",\"medida de prisi\u00f3n en centro carcelario\",\"negocio de compra de camioneta\",\"notificaci\u00f3n roja de Interpol\",\"ocultamiento de cad\u00e1ver\",\"pago de 30 millones de pesos\",\"p\u00e1rroco del Perpetuo Socorro\",\"Pereira (Risaralda)\",\"preacuerdo con la Fiscal\u00eda\",\"zona rural de Belalc\u00e1zar Caldas\"],\"articleSection\":[\"Noticias\"],\"inLanguage\":\"es-CO\"},{\"@type\":\"WebPage\",\"@id\":\"https:\/\/www.fiscalia.gov.co\/colombia\/noticias\/condenan-a-27-anos-de-prision-al-responsable-del-asesinato-del-padre-dario-valencia-uribe\/\",\"url\":\"https:\/\/www.fiscalia.gov.co\/colombia\/noticias\/condenan-a-27-anos-de-prision-al-responsable-del-asesinato-del-padre-dario-valencia-uribe\/\",\"name\":\"Fiscal\u00eda General de la Naci\u00f3n\",\"isPartOf\":{\"@id\":\"https:\/\/www.fiscalia.gov.co\/colombia\/#website\"},\"datePublished\":\"2026-03-16T23:56:30+00:00\",\"dateModified\":\"2026-03-16T23:56:30+00:00\",\"description\":\"P\u00e1gina oficial de la Fiscal\u00eda General de la Naci\u00f3n \u2013 Colombia. Garantizamos el acceso efectivo a la justicia, la verdad y la reparaci\u00f3n de las v\u00edctimas de los delitos.\",\"breadcrumb\":{\"@id\":\"https:\/\/www.fiscalia.gov.co\/colombia\/noticias\/condenan-a-27-anos-de-prision-al-responsable-del-asesinato-del-padre-dario-valencia-uribe\/#breadcrumb\"},\"inLanguage\":\"es-CO\",\"potentialAction\":[{\"@type\":\"ReadAction\",\"target\":[\"https:\/\/www.fiscalia.gov.co\/colombia\/noticias\/condenan-a-27-anos-de-prision-al-responsable-del-asesinato-del-padre-dario-valencia-uribe\/\"]}]},{\"@type\":\"BreadcrumbList\",\"@id\":\"https:\/\/www.fiscalia.gov.co\/colombia\/noticias\/condenan-a-27-anos-de-prision-al-responsable-del-asesinato-del-padre-dario-valencia-uribe\/#breadcrumb\",\"itemListElement\":[{\"@type\":\"ListItem\",\"position\":1,\"name\":\"Home\",\"item\":\"https:\/\/www.fiscalia.gov.co\/colombia\/\"},{\"@type\":\"ListItem\",\"position\":2,\"name\":\"Condenan a 27 a\u00f1os de prisi\u00f3n al responsable del asesinato del padre Dar\u00edo Valencia Uribe\"}]},{\"@type\":\"WebSite\",\"@id\":\"https:\/\/www.fiscalia.gov.co\/colombia\/#website\",\"url\":\"https:\/\/www.fiscalia.gov.co\/colombia\/\",\"name\":\"Fiscal\u00eda General de la Naci\u00f3n\",\"description\":\"P\u00e1gina oficial de la Fiscal\u00eda General de la Naci\u00f3n \u2013 Colombia. Garantizamos el acceso efectivo a la justicia, la verdad y la reparaci\u00f3n de las v\u00edctimas de los delitos.\",\"publisher\":{\"@id\":\"https:\/\/www.fiscalia.gov.co\/colombia\/#organization\"},\"potentialAction\":[{\"@type\":\"SearchAction\",\"target\":{\"@type\":\"EntryPoint\",\"urlTemplate\":\"https:\/\/www.fiscalia.gov.co\/colombia\/?s={search_term_string}\"},\"query-input\":{\"@type\":\"PropertyValueSpecification\",\"valueRequired\":true,\"valueName\":\"search_term_string\"}}],\"inLanguage\":\"es-CO\"},{\"@type\":\"Organization\",\"@id\":\"https:\/\/www.fiscalia.gov.co\/colombia\/#organization\",\"name\":\"Fiscal\u00eda General de la Naci\u00f3n\",\"url\":\"https:\/\/www.fiscalia.gov.co\/colombia\/\",\"logo\":{\"@type\":\"ImageObject\",\"inLanguage\":\"es-CO\",\"@id\":\"https:\/\/www.fiscalia.gov.co\/colombia\/#\/schema\/logo\/image\/\",\"url\":\"https:\/\/www.fiscalia.gov.co\/colombia\/wp-content\/uploads\/LogoHorizontal_1.jpg\",\"contentUrl\":\"https:\/\/www.fiscalia.gov.co\/colombia\/wp-content\/uploads\/LogoHorizontal_1.jpg\",\"width\":300,\"height\":90,\"caption\":\"Fiscal\u00eda General de la Naci\u00f3n\"},\"image\":{\"@id\":\"https:\/\/www.fiscalia.gov.co\/colombia\/#\/schema\/logo\/image\/\"},\"sameAs\":[\"https:\/\/www.facebook.com\/FiscaliaCol\",\"https:\/\/x.com\/FiscaliaCol\",\"https:\/\/www.instagram.com\/fiscaliacol\",\"https:\/\/www.linkedin.com\/company\/fiscalia-general-de-la-naci-n\/\",\"https:\/\/youtube.com\/@fiscaliageneraldelanacion-4668?si=6nN79nyQICPU5iTh\"]},{\"@type\":\"Person\",\"@id\":\"https:\/\/www.fiscalia.gov.co\/colombia\/#\/schema\/person\/66c172905e0492f1de6bbe5f93c4668f\",\"name\":\"Paula Andrea Castillo Lenis\",\"image\":{\"@type\":\"ImageObject\",\"inLanguage\":\"es-CO\",\"@id\":\"https:\/\/www.fiscalia.gov.co\/colombia\/#\/schema\/person\/image\/\",\"url\":\"https:\/\/secure.gravatar.com\/avatar\/cb060d9561f2947c4102d1825739f868?s=96&d=mm&r=g\",\"contentUrl\":\"https:\/\/secure.gravatar.com\/avatar\/cb060d9561f2947c4102d1825739f868?s=96&d=mm&r=g\",\"caption\":\"Paula Andrea Castillo Lenis\"},\"url\":\"https:\/\/www.fiscalia.gov.co\/colombia\/author\/paula-castillo\/\"}]}<\/script>\n<!-- \/ Yoast SEO plugin. -->","yoast_head_json":{"title":"Fiscal\u00eda General de la Naci\u00f3n","description":"P\u00e1gina oficial de la Fiscal\u00eda General de la Naci\u00f3n \u2013 Colombia. Garantizamos el acceso efectivo a la justicia, la verdad y la reparaci\u00f3n de las v\u00edctimas de los delitos.","robots":{"index":"noindex","follow":"follow"},"og_locale":"es_ES","og_type":"article","og_title":"Fiscal\u00eda General de la Naci\u00f3n","og_description":"P\u00e1gina oficial de la Fiscal\u00eda General de la Naci\u00f3n \u2013 Colombia. Garantizamos el acceso efectivo a la justicia, la verdad y la reparaci\u00f3n de las v\u00edctimas de los delitos.","og_url":"https:\/\/www.fiscalia.gov.co\/colombia\/noticias\/condenan-a-27-anos-de-prision-al-responsable-del-asesinato-del-padre-dario-valencia-uribe\/","og_site_name":"Fiscal\u00eda General de la Naci\u00f3n","article_publisher":"https:\/\/www.facebook.com\/FiscaliaCol","article_published_time":"2026-03-16T23:56:30+00:00","author":"Paula Andrea Castillo Lenis","twitter_card":"summary_large_image","twitter_creator":"@FiscaliaCol","twitter_site":"@FiscaliaCol","twitter_misc":{"Escrito por":"Paula Andrea Castillo Lenis","Tiempo de lectura":"2 minutos"},"schema":{"@context":"https:\/\/schema.org","@graph":[{"@type":"Article","@id":"https:\/\/www.fiscalia.gov.co\/colombia\/noticias\/condenan-a-27-anos-de-prision-al-responsable-del-asesinato-del-padre-dario-valencia-uribe\/#article","isPartOf":{"@id":"https:\/\/www.fiscalia.gov.co\/colombia\/noticias\/condenan-a-27-anos-de-prision-al-responsable-del-asesinato-del-padre-dario-valencia-uribe\/"},"author":{"name":"Paula Andrea Castillo Lenis","@id":"https:\/\/www.fiscalia.gov.co\/colombia\/#\/schema\/person\/66c172905e0492f1de6bbe5f93c4668f"},"headline":"Condenan a 27 a\u00f1os de prisi\u00f3n al responsable del asesinato del padre Dar\u00edo Valencia Uribe","datePublished":"2026-03-16T23:56:30+00:00","dateModified":"2026-03-16T23:56:30+00:00","mainEntityOfPage":{"@id":"https:\/\/www.fiscalia.gov.co\/colombia\/noticias\/condenan-a-27-anos-de-prision-al-responsable-del-asesinato-del-padre-dario-valencia-uribe\/"},"wordCount":463,"publisher":{"@id":"https:\/\/www.fiscalia.gov.co\/colombia\/#organization"},"keywords":["asesinato de sacerdote","captura en aeropuerto El Dorado","captura internacional","condena a 27 a\u00f1os de prisi\u00f3n","CTI de la Fiscal\u00eda.","Dar\u00edo Valencia Uribe","destrucci\u00f3n de elemento material probatorio","disparos con arma de fuego","fuga a Francia","GAULA DE LA POLIC\u00cdA NACIONAL","hallazgo del cuerpo en septiembre de 2024","Homicidio agravado","judicializaci\u00f3n en noviembre de 2025","Juli\u00e1n Eduardo Cifuentes G\u00f3mez","lavado de veh\u00edculo para eliminar evidencias","medida de prisi\u00f3n en centro carcelario","negocio de compra de camioneta","notificaci\u00f3n roja de Interpol","ocultamiento de cad\u00e1ver","pago de 30 millones de pesos","p\u00e1rroco del Perpetuo Socorro","Pereira (Risaralda)","preacuerdo con la Fiscal\u00eda","zona rural de Belalc\u00e1zar Caldas"],"articleSection":["Noticias"],"inLanguage":"es-CO"},{"@type":"WebPage","@id":"https:\/\/www.fiscalia.gov.co\/colombia\/noticias\/condenan-a-27-anos-de-prision-al-responsable-del-asesinato-del-padre-dario-valencia-uribe\/","url":"https:\/\/www.fiscalia.gov.co\/colombia\/noticias\/condenan-a-27-anos-de-prision-al-responsable-del-asesinato-del-padre-dario-valencia-uribe\/","name":"Fiscal\u00eda General de la Naci\u00f3n","isPartOf":{"@id":"https:\/\/www.fiscalia.gov.co\/colombia\/#website"},"datePublished":"2026-03-16T23:56:30+00:00","dateModified":"2026-03-16T23:56:30+00:00","description":"P\u00e1gina oficial de la Fiscal\u00eda General de la Naci\u00f3n \u2013 Colombia. Garantizamos el acceso efectivo a la justicia, la verdad y la reparaci\u00f3n de las v\u00edctimas de los delitos.","breadcrumb":{"@id":"https:\/\/www.fiscalia.gov.co\/colombia\/noticias\/condenan-a-27-anos-de-prision-al-responsable-del-asesinato-del-padre-dario-valencia-uribe\/#breadcrumb"},"inLanguage":"es-CO","potentialAction":[{"@type":"ReadAction","target":["https:\/\/www.fiscalia.gov.co\/colombia\/noticias\/condenan-a-27-anos-de-prision-al-responsable-del-asesinato-del-padre-dario-valencia-uribe\/"]}]},{"@type":"BreadcrumbList","@id":"https:\/\/www.fiscalia.gov.co\/colombia\/noticias\/condenan-a-27-anos-de-prision-al-responsable-del-asesinato-del-padre-dario-valencia-uribe\/#breadcrumb","itemListElement":[{"@type":"ListItem","position":1,"name":"Home","item":"https:\/\/www.fiscalia.gov.co\/colombia\/"},{"@type":"ListItem","position":2,"name":"Condenan a 27 a\u00f1os de prisi\u00f3n al responsable del asesinato del padre Dar\u00edo Valencia Uribe"}]},{"@type":"WebSite","@id":"https:\/\/www.fiscalia.gov.co\/colombia\/#website","url":"https:\/\/www.fiscalia.gov.co\/colombia\/","name":"Fiscal\u00eda General de la Naci\u00f3n","description":"P\u00e1gina oficial de la Fiscal\u00eda General de la Naci\u00f3n \u2013 Colombia. Garantizamos el acceso efectivo a la justicia, la verdad y la reparaci\u00f3n de las v\u00edctimas de los delitos.","publisher":{"@id":"https:\/\/www.fiscalia.gov.co\/colombia\/#organization"},"potentialAction":[{"@type":"SearchAction","target":{"@type":"EntryPoint","urlTemplate":"https:\/\/www.fiscalia.gov.co\/colombia\/?s={search_term_string}"},"query-input":{"@type":"PropertyValueSpecification","valueRequired":true,"valueName":"search_term_string"}}],"inLanguage":"es-CO"},{"@type":"Organization","@id":"https:\/\/www.fiscalia.gov.co\/colombia\/#organization","name":"Fiscal\u00eda General de la Naci\u00f3n","url":"https:\/\/www.fiscalia.gov.co\/colombia\/","logo":{"@type":"ImageObject","inLanguage":"es-CO","@id":"https:\/\/www.fiscalia.gov.co\/colombia\/#\/schema\/logo\/image\/","url":"https:\/\/www.fiscalia.gov.co\/colombia\/wp-content\/uploads\/LogoHorizontal_1.jpg","contentUrl":"https:\/\/www.fiscalia.gov.co\/colombia\/wp-content\/uploads\/LogoHorizontal_1.jpg","width":300,"height":90,"caption":"Fiscal\u00eda General de la Naci\u00f3n"},"image":{"@id":"https:\/\/www.fiscalia.gov.co\/colombia\/#\/schema\/logo\/image\/"},"sameAs":["https:\/\/www.facebook.com\/FiscaliaCol","https:\/\/x.com\/FiscaliaCol","https:\/\/www.instagram.com\/fiscaliacol","https:\/\/www.linkedin.com\/company\/fiscalia-general-de-la-naci-n\/","https:\/\/youtube.com\/@fiscaliageneraldelanacion-4668?si=6nN79nyQICPU5iTh"]},{"@type":"Person","@id":"https:\/\/www.fiscalia.gov.co\/colombia\/#\/schema\/person\/66c172905e0492f1de6bbe5f93c4668f","name":"Paula Andrea Castillo Lenis","image":{"@type":"ImageObject","inLanguage":"es-CO","@id":"https:\/\/www.fiscalia.gov.co\/colombia\/#\/schema\/person\/image\/","url":"https:\/\/secure.gravatar.com\/avatar\/cb060d9561f2947c4102d1825739f868?s=96&d=mm&r=g","contentUrl":"https:\/\/secure.gravatar.com\/avatar\/cb060d9561f2947c4102d1825739f868?s=96&d=mm&r=g","caption":"Paula Andrea Castillo Lenis"},"url":"https:\/\/www.fiscalia.gov.co\/colombia\/author\/paula-castillo\/"}]}},"_links":{"self":[{"href":"https:\/\/www.fiscalia.gov.co\/colombia\/wp-json\/wp\/v2\/posts\/332998","targetHints":{"allow":["GET"]}}],"collection":[{"href":"https:\/\/www.fiscalia.gov.co\/colombia\/wp-json\/wp\/v2\/posts"}],"about":[{"href":"https:\/\/www.fiscalia.gov.co\/colombia\/wp-json\/wp\/v2\/types\/post"}],"author":[{"embeddable":true,"href":"https:\/\/www.fiscalia.gov.co\/colombia\/wp-json\/wp\/v2\/users\/182"}],"replies":[{"embeddable":true,"href":"https:\/\/www.fiscalia.gov.co\/colombia\/wp-json\/wp\/v2\/comments?post=332998"}],"version-history":[{"count":1,"href":"https:\/\/www.fiscalia.gov.co\/colombia\/wp-json\/wp\/v2\/posts\/332998\/revisions"}],"predecessor-version":[{"id":332999,"href":"https:\/\/www.fiscalia.gov.co\/colombia\/wp-json\/wp\/v2\/posts\/332998\/revisions\/332999"}],"wp:attachment":[{"href":"https:\/\/www.fiscalia.gov.co\/colombia\/wp-json\/wp\/v2\/media?parent=332998"}],"wp:term":[{"taxonomy":"category","embeddable":true,"href":"https:\/\/www.fiscalia.gov.co\/colombia\/wp-json\/wp\/v2\/categories?post=332998"},{"taxonomy":"post_tag","embeddable":true,"href":"https:\/\/www.fiscalia.gov.co\/colombia\/wp-json\/wp\/v2\/tags?post=332998"}],"curies":[{"name":"wp","href":"https:\/\/api.w.org\/{rel}","templated":true}]}}