{"id":332994,"date":"2026-03-16T18:13:21","date_gmt":"2026-03-16T23:13:21","guid":{"rendered":"https:\/\/www.fiscalia.gov.co\/colombia\/?p=332994"},"modified":"2026-03-16T18:31:55","modified_gmt":"2026-03-16T23:31:55","slug":"judicializado-presunto-responsable-de-arrollar-a-un-adulto-mayor-y-ocasionarle-la-muerte-en-el-occidente-de-bogota","status":"publish","type":"post","link":"https:\/\/www.fiscalia.gov.co\/colombia\/noticias\/judicializado-presunto-responsable-de-arrollar-a-un-adulto-mayor-y-ocasionarle-la-muerte-en-el-occidente-de-bogota\/","title":{"rendered":"Judicializado presunto responsable de arrollar a un adulto mayor y ocasionarle la muerte en el occidente de Bogot\u00e1"},"content":{"rendered":"<blockquote>\n<h4><em>El procesado que conduc\u00eda en estado de embriaguez una motocicleta habr\u00eda intentado huir del lugar tras ocasionar el accidente.\u00a0 <\/em><\/h4>\n<\/blockquote>\n<p>La <strong>Fiscal\u00eda General de la Naci\u00f3n<\/strong> judicializ\u00f3 a Brayan Gonz\u00e1lez Pacheco quien habr\u00eda arrollado con una motocicleta a un adulto mayor el pasado 14 de marzo en el barrio Sabanas del Dorado, en la localidad de <strong>Engativ\u00e1<\/strong> en el occidente de Bogot\u00e1.<\/p>\n<p>De acuerdo con la investigaci\u00f3n, Gonz\u00e1lez Pacheco, al parecer, conduc\u00eda la motocicleta con exceso de velocidad y cruz\u00f3 el paso peatonal de la v\u00eda por donde transitaba la v\u00edctima embisti\u00e9ndola y caus\u00e1ndole m\u00faltiples heridas que le ocasionaron la muerte en un <strong>centro hospitalario.<\/strong><\/p>\n<p>Tras el accidente, el hombre habr\u00eda tratado de huir del lugar de los hechos dejando al <strong>adulto de la tercera edad<\/strong> lesionado en la v\u00eda.<\/p>\n<p>El conductor fue capturado por la\u00a0polic\u00eda y posteriormente, peritos del<strong>\u00a0Instituto Nacional de Medicina Legal y Ciencias Forenses\u00a0<\/strong>establecieron que se encontraba en estado de embriaguez.<\/p>\n<p>Por lo anterior, un fiscal de la <strong>Unidad de Reacci\u00f3n Inmediata (URI) de Engativ\u00e1<\/strong> le imput\u00f3 el delito de homicidio a t\u00edtulo de dolo eventual. Cargo que no fue aceptado.<\/p>\n<p>En el desarrollo de las audiencias concentradas el procesado no acept\u00f3 el cargo y deber\u00e1 cumplir <strong>medida de aseguramiento en centro carcelario.<\/strong><\/p>\n<p>LMBG\/AMCJ\/MBR\/DSB.<\/p>\n<p>&nbsp;<\/p>\n<p>&nbsp;<\/p>\n<p>&nbsp;<\/p>\n<p><em>La informaci\u00f3n contenida en este bolet\u00edn de prensa corresponde a la narraci\u00f3n de los hechos noticiosos objetivos, suministrados por los funcionarios encargados de adelantar las investigaciones penales al interior de la Fiscal\u00eda General de la Naci\u00f3n. Para el momento de la divulgaci\u00f3n de este comunicado, la situaci\u00f3n jur\u00eddica de la(s) persona(s) relacionada(s) se encuentra pendiente de resolver por la autoridad judicial competente, siempre bajo los preceptos de la presunci\u00f3n de inocencia, consagrados en el art\u00edculo 29 de la Constituci\u00f3n Pol\u00edtica y el art\u00edculo 7\u00ba de la Ley 906 de 2004.<\/em><\/p>\n\n<div class=\"twitter-share\"><a href=\"https:\/\/twitter.com\/intent\/tweet?via=fiscaliacol\" class=\"twitter-share-button\">Tweet<\/a><\/div>\n","protected":false},"excerpt":{"rendered":"<p>El procesado que conduc\u00eda en estado de embriaguez una motocicleta habr\u00eda intentado huir del lugar tras ocasionar el accidente.\u00a0 La Fiscal\u00eda General de la Naci\u00f3n judicializ\u00f3 a Brayan Gonz\u00e1lez Pacheco quien habr\u00eda arrollado con una motocicleta a un adulto mayor el pasado 14 de marzo en el barrio Sabanas del Dorado, en la localidad de [&hellip;]<\/p>\n","protected":false},"author":182,"featured_media":0,"comment_status":"closed","ping_status":"open","sticky":false,"template":"","format":"standard","meta":{"_price":"","_stock":"","_tribe_ticket_header":"","_tribe_default_ticket_provider":"","_tribe_ticket_capacity":"0","_ticket_start_date":"","_ticket_end_date":"","_tribe_ticket_show_description":"","_tribe_ticket_show_not_going":false,"_tribe_ticket_use_global_stock":"","_tribe_ticket_global_stock_level":"","_global_stock_mode":"","_global_stock_cap":"","_tribe_rsvp_for_event":"","_tribe_ticket_going_count":"","_tribe_ticket_not_going_count":"","_tribe_tickets_list":"[]","_tribe_ticket_has_attendee_info_fields":false,"tdm_status":"","tdm_grid_status":"","footnotes":""},"categories":[1],"tags":[45817,45814,45820,45819,45824,45815,45822,45821,43898,1047,36822,15474,45823,27293,45818,45816,45825,45826,25782],"class_list":{"0":"post-332994","1":"post","2":"type-post","3":"status-publish","4":"format-standard","6":"category-noticias","7":"tag-accidente-de-transito-fatal","8":"tag-atropellamiento-mortal","9":"tag-barrio-sabanas-del-dorado","10":"tag-brayan-gonzalez-pacheco","11":"tag-captura-por-la-policia","12":"tag-conductor-en-estado-de-embriaguez","13":"tag-embestida-en-paso-peatonal","14":"tag-engativa-bogota","15":"tag-exceso-de-velocidad","16":"tag-fiscalia-general-de-la-nacion","17":"tag-homicidio-doloso-eventual","18":"tag-imputacion-de-cargos","19":"tag-intento-de-fuga-del-lugar","20":"tag-medida-de-aseguramiento-en-centro-carcelario","21":"tag-motociclista-involucrado","22":"tag-muerte-de-adulto-mayor","23":"tag-peritaje-de-medicina-legal","24":"tag-unidad-de-reaccion-inmediata-uri-engativa","25":"tag-victima-de-la-tercera-edad"},"yoast_head":"<!-- This site is optimized with the Yoast SEO plugin v24.3 - https:\/\/yoast.com\/wordpress\/plugins\/seo\/ -->\n<title>Fiscal\u00eda General de la Naci\u00f3n<\/title>\n<meta name=\"description\" content=\"P\u00e1gina oficial de la Fiscal\u00eda General de la Naci\u00f3n \u2013 Colombia. Garantizamos el acceso efectivo a la justicia, la verdad y la reparaci\u00f3n de las v\u00edctimas de los delitos.\" \/>\n<meta name=\"robots\" content=\"noindex, follow\" \/>\n<meta property=\"og:locale\" content=\"es_ES\" \/>\n<meta property=\"og:type\" content=\"article\" \/>\n<meta property=\"og:title\" content=\"Fiscal\u00eda General de la Naci\u00f3n\" \/>\n<meta property=\"og:description\" content=\"P\u00e1gina oficial de la Fiscal\u00eda General de la Naci\u00f3n \u2013 Colombia. Garantizamos el acceso efectivo a la justicia, la verdad y la reparaci\u00f3n de las v\u00edctimas de los delitos.\" \/>\n<meta property=\"og:url\" content=\"https:\/\/www.fiscalia.gov.co\/colombia\/noticias\/judicializado-presunto-responsable-de-arrollar-a-un-adulto-mayor-y-ocasionarle-la-muerte-en-el-occidente-de-bogota\/\" \/>\n<meta property=\"og:site_name\" content=\"Fiscal\u00eda General de la Naci\u00f3n\" \/>\n<meta property=\"article:publisher\" content=\"https:\/\/www.facebook.com\/FiscaliaCol\" \/>\n<meta property=\"article:published_time\" content=\"2026-03-16T23:13:21+00:00\" \/>\n<meta property=\"article:modified_time\" content=\"2026-03-16T23:31:55+00:00\" \/>\n<meta name=\"author\" content=\"Paula Andrea Castillo Lenis\" \/>\n<meta name=\"twitter:card\" content=\"summary_large_image\" \/>\n<meta name=\"twitter:creator\" content=\"@FiscaliaCol\" \/>\n<meta name=\"twitter:site\" content=\"@FiscaliaCol\" \/>\n<meta name=\"twitter:label1\" content=\"Escrito por\" \/>\n\t<meta name=\"twitter:data1\" content=\"Paula Andrea Castillo Lenis\" \/>\n\t<meta name=\"twitter:label2\" content=\"Tiempo de lectura\" \/>\n\t<meta name=\"twitter:data2\" content=\"2 minutos\" \/>\n<script type=\"application\/ld+json\" class=\"yoast-schema-graph\">{\"@context\":\"https:\/\/schema.org\",\"@graph\":[{\"@type\":\"Article\",\"@id\":\"https:\/\/www.fiscalia.gov.co\/colombia\/noticias\/judicializado-presunto-responsable-de-arrollar-a-un-adulto-mayor-y-ocasionarle-la-muerte-en-el-occidente-de-bogota\/#article\",\"isPartOf\":{\"@id\":\"https:\/\/www.fiscalia.gov.co\/colombia\/noticias\/judicializado-presunto-responsable-de-arrollar-a-un-adulto-mayor-y-ocasionarle-la-muerte-en-el-occidente-de-bogota\/\"},\"author\":{\"name\":\"Paula Andrea Castillo Lenis\",\"@id\":\"https:\/\/www.fiscalia.gov.co\/colombia\/#\/schema\/person\/66c172905e0492f1de6bbe5f93c4668f\"},\"headline\":\"Judicializado presunto responsable de arrollar a un adulto mayor y ocasionarle la muerte en el occidente de Bogot\u00e1\",\"datePublished\":\"2026-03-16T23:13:21+00:00\",\"dateModified\":\"2026-03-16T23:31:55+00:00\",\"mainEntityOfPage\":{\"@id\":\"https:\/\/www.fiscalia.gov.co\/colombia\/noticias\/judicializado-presunto-responsable-de-arrollar-a-un-adulto-mayor-y-ocasionarle-la-muerte-en-el-occidente-de-bogota\/\"},\"wordCount\":353,\"publisher\":{\"@id\":\"https:\/\/www.fiscalia.gov.co\/colombia\/#organization\"},\"keywords\":[\"accidente de tr\u00e1nsito fatal\",\"atropellamiento mortal\",\"barrio Sabanas del Dorado\",\"Brayan Gonz\u00e1lez Pacheco\",\"captura por la Polic\u00eda\",\"conductor en estado de embriaguez\",\"embestida en paso peatonal\",\"Engativ\u00e1 Bogot\u00e1\",\"exceso de velocidad\",\"Fiscal\u00eda General de la Naci\u00f3n\",\"homicidio doloso eventual.\",\"Imputaci\u00f3n de cargos\",\"intento de fuga del lugar\",\"medida de aseguramiento en centro carcelario\",\"motociclista involucrado\",\"muerte de adulto mayor\",\"peritaje de Medicina Legal\",\"Unidad de Reacci\u00f3n Inmediata URI Engativ\u00e1\",\"V\u00cdCTIMA DE LA TERCERA EDAD\"],\"articleSection\":[\"Noticias\"],\"inLanguage\":\"es-CO\"},{\"@type\":\"WebPage\",\"@id\":\"https:\/\/www.fiscalia.gov.co\/colombia\/noticias\/judicializado-presunto-responsable-de-arrollar-a-un-adulto-mayor-y-ocasionarle-la-muerte-en-el-occidente-de-bogota\/\",\"url\":\"https:\/\/www.fiscalia.gov.co\/colombia\/noticias\/judicializado-presunto-responsable-de-arrollar-a-un-adulto-mayor-y-ocasionarle-la-muerte-en-el-occidente-de-bogota\/\",\"name\":\"Fiscal\u00eda General de la Naci\u00f3n\",\"isPartOf\":{\"@id\":\"https:\/\/www.fiscalia.gov.co\/colombia\/#website\"},\"datePublished\":\"2026-03-16T23:13:21+00:00\",\"dateModified\":\"2026-03-16T23:31:55+00:00\",\"description\":\"P\u00e1gina oficial de la Fiscal\u00eda General de la Naci\u00f3n \u2013 Colombia. Garantizamos el acceso efectivo a la justicia, la verdad y la reparaci\u00f3n de las v\u00edctimas de los delitos.\",\"breadcrumb\":{\"@id\":\"https:\/\/www.fiscalia.gov.co\/colombia\/noticias\/judicializado-presunto-responsable-de-arrollar-a-un-adulto-mayor-y-ocasionarle-la-muerte-en-el-occidente-de-bogota\/#breadcrumb\"},\"inLanguage\":\"es-CO\",\"potentialAction\":[{\"@type\":\"ReadAction\",\"target\":[\"https:\/\/www.fiscalia.gov.co\/colombia\/noticias\/judicializado-presunto-responsable-de-arrollar-a-un-adulto-mayor-y-ocasionarle-la-muerte-en-el-occidente-de-bogota\/\"]}]},{\"@type\":\"BreadcrumbList\",\"@id\":\"https:\/\/www.fiscalia.gov.co\/colombia\/noticias\/judicializado-presunto-responsable-de-arrollar-a-un-adulto-mayor-y-ocasionarle-la-muerte-en-el-occidente-de-bogota\/#breadcrumb\",\"itemListElement\":[{\"@type\":\"ListItem\",\"position\":1,\"name\":\"Home\",\"item\":\"https:\/\/www.fiscalia.gov.co\/colombia\/\"},{\"@type\":\"ListItem\",\"position\":2,\"name\":\"Judicializado presunto responsable de arrollar a un adulto mayor y ocasionarle la muerte en el occidente de Bogot\u00e1\"}]},{\"@type\":\"WebSite\",\"@id\":\"https:\/\/www.fiscalia.gov.co\/colombia\/#website\",\"url\":\"https:\/\/www.fiscalia.gov.co\/colombia\/\",\"name\":\"Fiscal\u00eda General de la Naci\u00f3n\",\"description\":\"P\u00e1gina oficial de la Fiscal\u00eda General de la Naci\u00f3n \u2013 Colombia. Garantizamos el acceso efectivo a la justicia, la verdad y la reparaci\u00f3n de las v\u00edctimas de los delitos.\",\"publisher\":{\"@id\":\"https:\/\/www.fiscalia.gov.co\/colombia\/#organization\"},\"potentialAction\":[{\"@type\":\"SearchAction\",\"target\":{\"@type\":\"EntryPoint\",\"urlTemplate\":\"https:\/\/www.fiscalia.gov.co\/colombia\/?s={search_term_string}\"},\"query-input\":{\"@type\":\"PropertyValueSpecification\",\"valueRequired\":true,\"valueName\":\"search_term_string\"}}],\"inLanguage\":\"es-CO\"},{\"@type\":\"Organization\",\"@id\":\"https:\/\/www.fiscalia.gov.co\/colombia\/#organization\",\"name\":\"Fiscal\u00eda General de la Naci\u00f3n\",\"url\":\"https:\/\/www.fiscalia.gov.co\/colombia\/\",\"logo\":{\"@type\":\"ImageObject\",\"inLanguage\":\"es-CO\",\"@id\":\"https:\/\/www.fiscalia.gov.co\/colombia\/#\/schema\/logo\/image\/\",\"url\":\"https:\/\/www.fiscalia.gov.co\/colombia\/wp-content\/uploads\/LogoHorizontal_1.jpg\",\"contentUrl\":\"https:\/\/www.fiscalia.gov.co\/colombia\/wp-content\/uploads\/LogoHorizontal_1.jpg\",\"width\":300,\"height\":90,\"caption\":\"Fiscal\u00eda General de la Naci\u00f3n\"},\"image\":{\"@id\":\"https:\/\/www.fiscalia.gov.co\/colombia\/#\/schema\/logo\/image\/\"},\"sameAs\":[\"https:\/\/www.facebook.com\/FiscaliaCol\",\"https:\/\/x.com\/FiscaliaCol\",\"https:\/\/www.instagram.com\/fiscaliacol\",\"https:\/\/www.linkedin.com\/company\/fiscalia-general-de-la-naci-n\/\",\"https:\/\/youtube.com\/@fiscaliageneraldelanacion-4668?si=6nN79nyQICPU5iTh\"]},{\"@type\":\"Person\",\"@id\":\"https:\/\/www.fiscalia.gov.co\/colombia\/#\/schema\/person\/66c172905e0492f1de6bbe5f93c4668f\",\"name\":\"Paula Andrea Castillo Lenis\",\"image\":{\"@type\":\"ImageObject\",\"inLanguage\":\"es-CO\",\"@id\":\"https:\/\/www.fiscalia.gov.co\/colombia\/#\/schema\/person\/image\/\",\"url\":\"https:\/\/secure.gravatar.com\/avatar\/cb060d9561f2947c4102d1825739f868?s=96&d=mm&r=g\",\"contentUrl\":\"https:\/\/secure.gravatar.com\/avatar\/cb060d9561f2947c4102d1825739f868?s=96&d=mm&r=g\",\"caption\":\"Paula Andrea Castillo Lenis\"},\"url\":\"https:\/\/www.fiscalia.gov.co\/colombia\/author\/paula-castillo\/\"}]}<\/script>\n<!-- \/ Yoast SEO plugin. -->","yoast_head_json":{"title":"Fiscal\u00eda General de la Naci\u00f3n","description":"P\u00e1gina oficial de la Fiscal\u00eda General de la Naci\u00f3n \u2013 Colombia. Garantizamos el acceso efectivo a la justicia, la verdad y la reparaci\u00f3n de las v\u00edctimas de los delitos.","robots":{"index":"noindex","follow":"follow"},"og_locale":"es_ES","og_type":"article","og_title":"Fiscal\u00eda General de la Naci\u00f3n","og_description":"P\u00e1gina oficial de la Fiscal\u00eda General de la Naci\u00f3n \u2013 Colombia. Garantizamos el acceso efectivo a la justicia, la verdad y la reparaci\u00f3n de las v\u00edctimas de los delitos.","og_url":"https:\/\/www.fiscalia.gov.co\/colombia\/noticias\/judicializado-presunto-responsable-de-arrollar-a-un-adulto-mayor-y-ocasionarle-la-muerte-en-el-occidente-de-bogota\/","og_site_name":"Fiscal\u00eda General de la Naci\u00f3n","article_publisher":"https:\/\/www.facebook.com\/FiscaliaCol","article_published_time":"2026-03-16T23:13:21+00:00","article_modified_time":"2026-03-16T23:31:55+00:00","author":"Paula Andrea Castillo Lenis","twitter_card":"summary_large_image","twitter_creator":"@FiscaliaCol","twitter_site":"@FiscaliaCol","twitter_misc":{"Escrito por":"Paula Andrea Castillo Lenis","Tiempo de lectura":"2 minutos"},"schema":{"@context":"https:\/\/schema.org","@graph":[{"@type":"Article","@id":"https:\/\/www.fiscalia.gov.co\/colombia\/noticias\/judicializado-presunto-responsable-de-arrollar-a-un-adulto-mayor-y-ocasionarle-la-muerte-en-el-occidente-de-bogota\/#article","isPartOf":{"@id":"https:\/\/www.fiscalia.gov.co\/colombia\/noticias\/judicializado-presunto-responsable-de-arrollar-a-un-adulto-mayor-y-ocasionarle-la-muerte-en-el-occidente-de-bogota\/"},"author":{"name":"Paula Andrea Castillo Lenis","@id":"https:\/\/www.fiscalia.gov.co\/colombia\/#\/schema\/person\/66c172905e0492f1de6bbe5f93c4668f"},"headline":"Judicializado presunto responsable de arrollar a un adulto mayor y ocasionarle la muerte en el occidente de Bogot\u00e1","datePublished":"2026-03-16T23:13:21+00:00","dateModified":"2026-03-16T23:31:55+00:00","mainEntityOfPage":{"@id":"https:\/\/www.fiscalia.gov.co\/colombia\/noticias\/judicializado-presunto-responsable-de-arrollar-a-un-adulto-mayor-y-ocasionarle-la-muerte-en-el-occidente-de-bogota\/"},"wordCount":353,"publisher":{"@id":"https:\/\/www.fiscalia.gov.co\/colombia\/#organization"},"keywords":["accidente de tr\u00e1nsito fatal","atropellamiento mortal","barrio Sabanas del Dorado","Brayan Gonz\u00e1lez Pacheco","captura por la Polic\u00eda","conductor en estado de embriaguez","embestida en paso peatonal","Engativ\u00e1 Bogot\u00e1","exceso de velocidad","Fiscal\u00eda General de la Naci\u00f3n","homicidio doloso eventual.","Imputaci\u00f3n de cargos","intento de fuga del lugar","medida de aseguramiento en centro carcelario","motociclista involucrado","muerte de adulto mayor","peritaje de Medicina Legal","Unidad de Reacci\u00f3n Inmediata URI Engativ\u00e1","V\u00cdCTIMA DE LA TERCERA EDAD"],"articleSection":["Noticias"],"inLanguage":"es-CO"},{"@type":"WebPage","@id":"https:\/\/www.fiscalia.gov.co\/colombia\/noticias\/judicializado-presunto-responsable-de-arrollar-a-un-adulto-mayor-y-ocasionarle-la-muerte-en-el-occidente-de-bogota\/","url":"https:\/\/www.fiscalia.gov.co\/colombia\/noticias\/judicializado-presunto-responsable-de-arrollar-a-un-adulto-mayor-y-ocasionarle-la-muerte-en-el-occidente-de-bogota\/","name":"Fiscal\u00eda General de la Naci\u00f3n","isPartOf":{"@id":"https:\/\/www.fiscalia.gov.co\/colombia\/#website"},"datePublished":"2026-03-16T23:13:21+00:00","dateModified":"2026-03-16T23:31:55+00:00","description":"P\u00e1gina oficial de la Fiscal\u00eda General de la Naci\u00f3n \u2013 Colombia. Garantizamos el acceso efectivo a la justicia, la verdad y la reparaci\u00f3n de las v\u00edctimas de los delitos.","breadcrumb":{"@id":"https:\/\/www.fiscalia.gov.co\/colombia\/noticias\/judicializado-presunto-responsable-de-arrollar-a-un-adulto-mayor-y-ocasionarle-la-muerte-en-el-occidente-de-bogota\/#breadcrumb"},"inLanguage":"es-CO","potentialAction":[{"@type":"ReadAction","target":["https:\/\/www.fiscalia.gov.co\/colombia\/noticias\/judicializado-presunto-responsable-de-arrollar-a-un-adulto-mayor-y-ocasionarle-la-muerte-en-el-occidente-de-bogota\/"]}]},{"@type":"BreadcrumbList","@id":"https:\/\/www.fiscalia.gov.co\/colombia\/noticias\/judicializado-presunto-responsable-de-arrollar-a-un-adulto-mayor-y-ocasionarle-la-muerte-en-el-occidente-de-bogota\/#breadcrumb","itemListElement":[{"@type":"ListItem","position":1,"name":"Home","item":"https:\/\/www.fiscalia.gov.co\/colombia\/"},{"@type":"ListItem","position":2,"name":"Judicializado presunto responsable de arrollar a un adulto mayor y ocasionarle la muerte en el occidente de Bogot\u00e1"}]},{"@type":"WebSite","@id":"https:\/\/www.fiscalia.gov.co\/colombia\/#website","url":"https:\/\/www.fiscalia.gov.co\/colombia\/","name":"Fiscal\u00eda General de la Naci\u00f3n","description":"P\u00e1gina oficial de la Fiscal\u00eda General de la Naci\u00f3n \u2013 Colombia. Garantizamos el acceso efectivo a la justicia, la verdad y la reparaci\u00f3n de las v\u00edctimas de los delitos.","publisher":{"@id":"https:\/\/www.fiscalia.gov.co\/colombia\/#organization"},"potentialAction":[{"@type":"SearchAction","target":{"@type":"EntryPoint","urlTemplate":"https:\/\/www.fiscalia.gov.co\/colombia\/?s={search_term_string}"},"query-input":{"@type":"PropertyValueSpecification","valueRequired":true,"valueName":"search_term_string"}}],"inLanguage":"es-CO"},{"@type":"Organization","@id":"https:\/\/www.fiscalia.gov.co\/colombia\/#organization","name":"Fiscal\u00eda General de la Naci\u00f3n","url":"https:\/\/www.fiscalia.gov.co\/colombia\/","logo":{"@type":"ImageObject","inLanguage":"es-CO","@id":"https:\/\/www.fiscalia.gov.co\/colombia\/#\/schema\/logo\/image\/","url":"https:\/\/www.fiscalia.gov.co\/colombia\/wp-content\/uploads\/LogoHorizontal_1.jpg","contentUrl":"https:\/\/www.fiscalia.gov.co\/colombia\/wp-content\/uploads\/LogoHorizontal_1.jpg","width":300,"height":90,"caption":"Fiscal\u00eda General de la Naci\u00f3n"},"image":{"@id":"https:\/\/www.fiscalia.gov.co\/colombia\/#\/schema\/logo\/image\/"},"sameAs":["https:\/\/www.facebook.com\/FiscaliaCol","https:\/\/x.com\/FiscaliaCol","https:\/\/www.instagram.com\/fiscaliacol","https:\/\/www.linkedin.com\/company\/fiscalia-general-de-la-naci-n\/","https:\/\/youtube.com\/@fiscaliageneraldelanacion-4668?si=6nN79nyQICPU5iTh"]},{"@type":"Person","@id":"https:\/\/www.fiscalia.gov.co\/colombia\/#\/schema\/person\/66c172905e0492f1de6bbe5f93c4668f","name":"Paula Andrea Castillo Lenis","image":{"@type":"ImageObject","inLanguage":"es-CO","@id":"https:\/\/www.fiscalia.gov.co\/colombia\/#\/schema\/person\/image\/","url":"https:\/\/secure.gravatar.com\/avatar\/cb060d9561f2947c4102d1825739f868?s=96&d=mm&r=g","contentUrl":"https:\/\/secure.gravatar.com\/avatar\/cb060d9561f2947c4102d1825739f868?s=96&d=mm&r=g","caption":"Paula Andrea Castillo Lenis"},"url":"https:\/\/www.fiscalia.gov.co\/colombia\/author\/paula-castillo\/"}]}},"_links":{"self":[{"href":"https:\/\/www.fiscalia.gov.co\/colombia\/wp-json\/wp\/v2\/posts\/332994","targetHints":{"allow":["GET"]}}],"collection":[{"href":"https:\/\/www.fiscalia.gov.co\/colombia\/wp-json\/wp\/v2\/posts"}],"about":[{"href":"https:\/\/www.fiscalia.gov.co\/colombia\/wp-json\/wp\/v2\/types\/post"}],"author":[{"embeddable":true,"href":"https:\/\/www.fiscalia.gov.co\/colombia\/wp-json\/wp\/v2\/users\/182"}],"replies":[{"embeddable":true,"href":"https:\/\/www.fiscalia.gov.co\/colombia\/wp-json\/wp\/v2\/comments?post=332994"}],"version-history":[{"count":3,"href":"https:\/\/www.fiscalia.gov.co\/colombia\/wp-json\/wp\/v2\/posts\/332994\/revisions"}],"predecessor-version":[{"id":332997,"href":"https:\/\/www.fiscalia.gov.co\/colombia\/wp-json\/wp\/v2\/posts\/332994\/revisions\/332997"}],"wp:attachment":[{"href":"https:\/\/www.fiscalia.gov.co\/colombia\/wp-json\/wp\/v2\/media?parent=332994"}],"wp:term":[{"taxonomy":"category","embeddable":true,"href":"https:\/\/www.fiscalia.gov.co\/colombia\/wp-json\/wp\/v2\/categories?post=332994"},{"taxonomy":"post_tag","embeddable":true,"href":"https:\/\/www.fiscalia.gov.co\/colombia\/wp-json\/wp\/v2\/tags?post=332994"}],"curies":[{"name":"wp","href":"https:\/\/api.w.org\/{rel}","templated":true}]}}