{"id":332991,"date":"2026-03-16T17:50:01","date_gmt":"2026-03-16T22:50:01","guid":{"rendered":"https:\/\/www.fiscalia.gov.co\/colombia\/?p=332991"},"modified":"2026-03-16T17:53:15","modified_gmt":"2026-03-16T22:53:15","slug":"adolescente-que-habria-causado-la-muerte-a-otro-menor-de-edad-en-el-colegio-cundinamarca-fue-judicializado","status":"publish","type":"post","link":"https:\/\/www.fiscalia.gov.co\/colombia\/noticias\/adolescente-que-habria-causado-la-muerte-a-otro-menor-de-edad-en-el-colegio-cundinamarca-fue-judicializado\/","title":{"rendered":"Adolescente que habr\u00eda causado la muerte a otro menor de edad en El Colegio (Cundinamarca) fue judicializado"},"content":{"rendered":"<blockquote>\n<h4><em>Poco antes del homicidio los j\u00f3venes se habr\u00edan citado para el intercambio de unas gorras. <\/em><\/h4>\n<\/blockquote>\n<p>La <strong>Fiscal\u00eda General de la Naci\u00f3n<\/strong> judicializ\u00f3 a un adolescente de 17 a\u00f1os, que habr\u00eda causado la muerte a otro menor de edad en v\u00eda p\u00fablica del<strong> barrio El Cafetalito en El Colegio (Cundinamarca).<\/strong><\/p>\n<p>Los hechos investigados ocurrieron el pasado 25 de febrero, cuando al parecer, el procesado atac\u00f3 con <strong>arma blanca<\/strong> al menor de edad de 16 a\u00f1os en medio de una discusi\u00f3n, como producto del intercambio de unas gorras.<\/p>\n<p>La v\u00edctima fue trasladada a un centro m\u00e9dico pero debido a la gravedad de la herida que recibi\u00f3 en el pecho, falleci\u00f3.<\/p>\n<p>En este sentido, un fiscal de la<strong> Seccional Cundinamarca<\/strong> le imput\u00f3 el delito de homicidio agravado. Cargo que no fue aceptado.<\/p>\n<p>Un<strong> juez penal para adolescentes<\/strong> le impuso al menor de edad medida de internamiento preventivo en centro especializado.<\/p>\n<p>&nbsp;<\/p>\n<p>ALGO\/AMCJ\/DSSS\/FSC<\/p>\n<p>&nbsp;<\/p>\n<p>&nbsp;<\/p>\n<p>&nbsp;<\/p>\n<p><em>La informaci\u00f3n contenida en este bolet\u00edn de prensa corresponde a la narraci\u00f3n de los hechos noticiosos objetivos, suministrados por los funcionarios encargados de adelantar las investigaciones penales al interior de la Fiscal\u00eda General de la Naci\u00f3n. Para el momento de la divulgaci\u00f3n de este comunicado, la situaci\u00f3n jur\u00eddica de la(s) persona(s) relacionada(s) se encuentra pendiente de resolver por la autoridad judicial competente, siempre bajo los preceptos de la presunci\u00f3n de inocencia, consagrados en el art\u00edculo 29 de la Constituci\u00f3n Pol\u00edtica y el art\u00edculo 7\u00ba de la Ley 906 de 2004.<\/em><\/p>\n\n<div class=\"twitter-share\"><a href=\"https:\/\/twitter.com\/intent\/tweet?via=fiscaliacol\" class=\"twitter-share-button\">Tweet<\/a><\/div>\n","protected":false},"excerpt":{"rendered":"<p>Poco antes del homicidio los j\u00f3venes se habr\u00edan citado para el intercambio de unas gorras. La Fiscal\u00eda General de la Naci\u00f3n judicializ\u00f3 a un adolescente de 17 a\u00f1os, que habr\u00eda causado la muerte a otro menor de edad en v\u00eda p\u00fablica del barrio El Cafetalito en El Colegio (Cundinamarca). Los hechos investigados ocurrieron el pasado [&hellip;]<\/p>\n","protected":false},"author":182,"featured_media":0,"comment_status":"closed","ping_status":"open","sticky":false,"template":"","format":"standard","meta":{"_price":"","_stock":"","_tribe_ticket_header":"","_tribe_default_ticket_provider":"","_tribe_ticket_capacity":"0","_ticket_start_date":"","_ticket_end_date":"","_tribe_ticket_show_description":"","_tribe_ticket_show_not_going":false,"_tribe_ticket_use_global_stock":"","_tribe_ticket_global_stock_level":"","_global_stock_mode":"","_global_stock_cap":"","_tribe_rsvp_for_event":"","_tribe_ticket_going_count":"","_tribe_ticket_not_going_count":"","_tribe_tickets_list":"[]","_tribe_ticket_has_attendee_info_fields":false,"tdm_status":"","tdm_grid_status":"","footnotes":""},"categories":[1],"tags":[28199,25231,45808,45807,45809,45250,1047,41031,44659,45191,686,15474,45812,45811,45813,45804,45805,25076,45806,45810],"class_list":{"0":"post-332991","1":"post","2":"type-post","3":"status-publish","4":"format-standard","6":"category-noticias","7":"tag-adolescente-de-17-anos","8":"tag-ataque-con-arma-blanca","9":"tag-barrio-el-cafetalito","10":"tag-discusion-por-gorras","11":"tag-el-colegio-cundinamarca","12":"tag-fallecimiento-de-la-victima","13":"tag-fiscalia-general-de-la-nacion","14":"tag-fiscalia-seccional-cundinamarca","15":"tag-hechos-en-via-publica","16":"tag-herida-en-el-pecho","17":"tag-homicidio-agravado","18":"tag-imputacion-de-cargos","19":"tag-internamiento-preventivo-en-centro-especializado","20":"tag-juez-penal-para-adolescentes","21":"tag-justicia-penal-para-adolescentes","22":"tag-menor-de-edad-judicializado","23":"tag-muerte-de-menor-de-16-anos","24":"tag-no-aceptacion-de-cargos","25":"tag-rina-entre-menores","26":"tag-victima-trasladada-a-centro-medico"},"yoast_head":"<!-- This site is optimized with the Yoast SEO plugin v24.3 - https:\/\/yoast.com\/wordpress\/plugins\/seo\/ -->\n<title>Fiscal\u00eda General de la Naci\u00f3n<\/title>\n<meta name=\"description\" content=\"P\u00e1gina oficial de la Fiscal\u00eda General de la Naci\u00f3n \u2013 Colombia. Garantizamos el acceso efectivo a la justicia, la verdad y la reparaci\u00f3n de las v\u00edctimas de los delitos.\" \/>\n<meta name=\"robots\" content=\"noindex, follow\" \/>\n<meta property=\"og:locale\" content=\"es_ES\" \/>\n<meta property=\"og:type\" content=\"article\" \/>\n<meta property=\"og:title\" content=\"Fiscal\u00eda General de la Naci\u00f3n\" \/>\n<meta property=\"og:description\" content=\"P\u00e1gina oficial de la Fiscal\u00eda General de la Naci\u00f3n \u2013 Colombia. Garantizamos el acceso efectivo a la justicia, la verdad y la reparaci\u00f3n de las v\u00edctimas de los delitos.\" \/>\n<meta property=\"og:url\" content=\"https:\/\/www.fiscalia.gov.co\/colombia\/noticias\/adolescente-que-habria-causado-la-muerte-a-otro-menor-de-edad-en-el-colegio-cundinamarca-fue-judicializado\/\" \/>\n<meta property=\"og:site_name\" content=\"Fiscal\u00eda General de la Naci\u00f3n\" \/>\n<meta property=\"article:publisher\" content=\"https:\/\/www.facebook.com\/FiscaliaCol\" \/>\n<meta property=\"article:published_time\" content=\"2026-03-16T22:50:01+00:00\" \/>\n<meta property=\"article:modified_time\" content=\"2026-03-16T22:53:15+00:00\" \/>\n<meta name=\"author\" content=\"Paula Andrea Castillo Lenis\" \/>\n<meta name=\"twitter:card\" content=\"summary_large_image\" \/>\n<meta name=\"twitter:creator\" content=\"@FiscaliaCol\" \/>\n<meta name=\"twitter:site\" content=\"@FiscaliaCol\" \/>\n<meta name=\"twitter:label1\" content=\"Escrito por\" \/>\n\t<meta name=\"twitter:data1\" content=\"Paula Andrea Castillo Lenis\" \/>\n\t<meta name=\"twitter:label2\" content=\"Tiempo de lectura\" \/>\n\t<meta name=\"twitter:data2\" content=\"2 minutos\" \/>\n<script type=\"application\/ld+json\" class=\"yoast-schema-graph\">{\"@context\":\"https:\/\/schema.org\",\"@graph\":[{\"@type\":\"Article\",\"@id\":\"https:\/\/www.fiscalia.gov.co\/colombia\/noticias\/adolescente-que-habria-causado-la-muerte-a-otro-menor-de-edad-en-el-colegio-cundinamarca-fue-judicializado\/#article\",\"isPartOf\":{\"@id\":\"https:\/\/www.fiscalia.gov.co\/colombia\/noticias\/adolescente-que-habria-causado-la-muerte-a-otro-menor-de-edad-en-el-colegio-cundinamarca-fue-judicializado\/\"},\"author\":{\"name\":\"Paula Andrea Castillo Lenis\",\"@id\":\"https:\/\/www.fiscalia.gov.co\/colombia\/#\/schema\/person\/66c172905e0492f1de6bbe5f93c4668f\"},\"headline\":\"Adolescente que habr\u00eda causado la muerte a otro menor de edad en El Colegio (Cundinamarca) fue judicializado\",\"datePublished\":\"2026-03-16T22:50:01+00:00\",\"dateModified\":\"2026-03-16T22:53:15+00:00\",\"mainEntityOfPage\":{\"@id\":\"https:\/\/www.fiscalia.gov.co\/colombia\/noticias\/adolescente-que-habria-causado-la-muerte-a-otro-menor-de-edad-en-el-colegio-cundinamarca-fue-judicializado\/\"},\"wordCount\":284,\"publisher\":{\"@id\":\"https:\/\/www.fiscalia.gov.co\/colombia\/#organization\"},\"keywords\":[\"adolescente de 17 a\u00f1os\",\"ATAQUE CON ARMA BLANCA\",\"barrio El Cafetalito\",\"discusi\u00f3n por gorras\",\"El Colegio Cundinamarca\",\"fallecimiento de la v\u00edctima\",\"Fiscal\u00eda General de la Naci\u00f3n\",\"fiscal\u00eda Seccional Cundinamarca\",\"hechos en v\u00eda p\u00fablica\",\"herida en el pecho\",\"Homicidio agravado\",\"Imputaci\u00f3n de cargos\",\"internamiento preventivo en centro especializado\",\"juez penal para adolescentes\",\"justicia penal para adolescentes\",\"menor de edad judicializado\",\"muerte de menor de 16 a\u00f1os\",\"no aceptaci\u00f3n de cargos\",\"ri\u00f1a entre menores\",\"v\u00edctima trasladada a centro m\u00e9dico\"],\"articleSection\":[\"Noticias\"],\"inLanguage\":\"es-CO\"},{\"@type\":\"WebPage\",\"@id\":\"https:\/\/www.fiscalia.gov.co\/colombia\/noticias\/adolescente-que-habria-causado-la-muerte-a-otro-menor-de-edad-en-el-colegio-cundinamarca-fue-judicializado\/\",\"url\":\"https:\/\/www.fiscalia.gov.co\/colombia\/noticias\/adolescente-que-habria-causado-la-muerte-a-otro-menor-de-edad-en-el-colegio-cundinamarca-fue-judicializado\/\",\"name\":\"Fiscal\u00eda General de la Naci\u00f3n\",\"isPartOf\":{\"@id\":\"https:\/\/www.fiscalia.gov.co\/colombia\/#website\"},\"datePublished\":\"2026-03-16T22:50:01+00:00\",\"dateModified\":\"2026-03-16T22:53:15+00:00\",\"description\":\"P\u00e1gina oficial de la Fiscal\u00eda General de la Naci\u00f3n \u2013 Colombia. Garantizamos el acceso efectivo a la justicia, la verdad y la reparaci\u00f3n de las v\u00edctimas de los delitos.\",\"breadcrumb\":{\"@id\":\"https:\/\/www.fiscalia.gov.co\/colombia\/noticias\/adolescente-que-habria-causado-la-muerte-a-otro-menor-de-edad-en-el-colegio-cundinamarca-fue-judicializado\/#breadcrumb\"},\"inLanguage\":\"es-CO\",\"potentialAction\":[{\"@type\":\"ReadAction\",\"target\":[\"https:\/\/www.fiscalia.gov.co\/colombia\/noticias\/adolescente-que-habria-causado-la-muerte-a-otro-menor-de-edad-en-el-colegio-cundinamarca-fue-judicializado\/\"]}]},{\"@type\":\"BreadcrumbList\",\"@id\":\"https:\/\/www.fiscalia.gov.co\/colombia\/noticias\/adolescente-que-habria-causado-la-muerte-a-otro-menor-de-edad-en-el-colegio-cundinamarca-fue-judicializado\/#breadcrumb\",\"itemListElement\":[{\"@type\":\"ListItem\",\"position\":1,\"name\":\"Home\",\"item\":\"https:\/\/www.fiscalia.gov.co\/colombia\/\"},{\"@type\":\"ListItem\",\"position\":2,\"name\":\"Adolescente que habr\u00eda causado la muerte a otro menor de edad en El Colegio (Cundinamarca) fue judicializado\"}]},{\"@type\":\"WebSite\",\"@id\":\"https:\/\/www.fiscalia.gov.co\/colombia\/#website\",\"url\":\"https:\/\/www.fiscalia.gov.co\/colombia\/\",\"name\":\"Fiscal\u00eda General de la Naci\u00f3n\",\"description\":\"P\u00e1gina oficial de la Fiscal\u00eda General de la Naci\u00f3n \u2013 Colombia. Garantizamos el acceso efectivo a la justicia, la verdad y la reparaci\u00f3n de las v\u00edctimas de los delitos.\",\"publisher\":{\"@id\":\"https:\/\/www.fiscalia.gov.co\/colombia\/#organization\"},\"potentialAction\":[{\"@type\":\"SearchAction\",\"target\":{\"@type\":\"EntryPoint\",\"urlTemplate\":\"https:\/\/www.fiscalia.gov.co\/colombia\/?s={search_term_string}\"},\"query-input\":{\"@type\":\"PropertyValueSpecification\",\"valueRequired\":true,\"valueName\":\"search_term_string\"}}],\"inLanguage\":\"es-CO\"},{\"@type\":\"Organization\",\"@id\":\"https:\/\/www.fiscalia.gov.co\/colombia\/#organization\",\"name\":\"Fiscal\u00eda General de la Naci\u00f3n\",\"url\":\"https:\/\/www.fiscalia.gov.co\/colombia\/\",\"logo\":{\"@type\":\"ImageObject\",\"inLanguage\":\"es-CO\",\"@id\":\"https:\/\/www.fiscalia.gov.co\/colombia\/#\/schema\/logo\/image\/\",\"url\":\"https:\/\/www.fiscalia.gov.co\/colombia\/wp-content\/uploads\/LogoHorizontal_1.jpg\",\"contentUrl\":\"https:\/\/www.fiscalia.gov.co\/colombia\/wp-content\/uploads\/LogoHorizontal_1.jpg\",\"width\":300,\"height\":90,\"caption\":\"Fiscal\u00eda General de la Naci\u00f3n\"},\"image\":{\"@id\":\"https:\/\/www.fiscalia.gov.co\/colombia\/#\/schema\/logo\/image\/\"},\"sameAs\":[\"https:\/\/www.facebook.com\/FiscaliaCol\",\"https:\/\/x.com\/FiscaliaCol\",\"https:\/\/www.instagram.com\/fiscaliacol\",\"https:\/\/www.linkedin.com\/company\/fiscalia-general-de-la-naci-n\/\",\"https:\/\/youtube.com\/@fiscaliageneraldelanacion-4668?si=6nN79nyQICPU5iTh\"]},{\"@type\":\"Person\",\"@id\":\"https:\/\/www.fiscalia.gov.co\/colombia\/#\/schema\/person\/66c172905e0492f1de6bbe5f93c4668f\",\"name\":\"Paula Andrea Castillo Lenis\",\"image\":{\"@type\":\"ImageObject\",\"inLanguage\":\"es-CO\",\"@id\":\"https:\/\/www.fiscalia.gov.co\/colombia\/#\/schema\/person\/image\/\",\"url\":\"https:\/\/secure.gravatar.com\/avatar\/cb060d9561f2947c4102d1825739f868?s=96&d=mm&r=g\",\"contentUrl\":\"https:\/\/secure.gravatar.com\/avatar\/cb060d9561f2947c4102d1825739f868?s=96&d=mm&r=g\",\"caption\":\"Paula Andrea Castillo Lenis\"},\"url\":\"https:\/\/www.fiscalia.gov.co\/colombia\/author\/paula-castillo\/\"}]}<\/script>\n<!-- \/ Yoast SEO plugin. -->","yoast_head_json":{"title":"Fiscal\u00eda General de la Naci\u00f3n","description":"P\u00e1gina oficial de la Fiscal\u00eda General de la Naci\u00f3n \u2013 Colombia. Garantizamos el acceso efectivo a la justicia, la verdad y la reparaci\u00f3n de las v\u00edctimas de los delitos.","robots":{"index":"noindex","follow":"follow"},"og_locale":"es_ES","og_type":"article","og_title":"Fiscal\u00eda General de la Naci\u00f3n","og_description":"P\u00e1gina oficial de la Fiscal\u00eda General de la Naci\u00f3n \u2013 Colombia. Garantizamos el acceso efectivo a la justicia, la verdad y la reparaci\u00f3n de las v\u00edctimas de los delitos.","og_url":"https:\/\/www.fiscalia.gov.co\/colombia\/noticias\/adolescente-que-habria-causado-la-muerte-a-otro-menor-de-edad-en-el-colegio-cundinamarca-fue-judicializado\/","og_site_name":"Fiscal\u00eda General de la Naci\u00f3n","article_publisher":"https:\/\/www.facebook.com\/FiscaliaCol","article_published_time":"2026-03-16T22:50:01+00:00","article_modified_time":"2026-03-16T22:53:15+00:00","author":"Paula Andrea Castillo Lenis","twitter_card":"summary_large_image","twitter_creator":"@FiscaliaCol","twitter_site":"@FiscaliaCol","twitter_misc":{"Escrito por":"Paula Andrea Castillo Lenis","Tiempo de lectura":"2 minutos"},"schema":{"@context":"https:\/\/schema.org","@graph":[{"@type":"Article","@id":"https:\/\/www.fiscalia.gov.co\/colombia\/noticias\/adolescente-que-habria-causado-la-muerte-a-otro-menor-de-edad-en-el-colegio-cundinamarca-fue-judicializado\/#article","isPartOf":{"@id":"https:\/\/www.fiscalia.gov.co\/colombia\/noticias\/adolescente-que-habria-causado-la-muerte-a-otro-menor-de-edad-en-el-colegio-cundinamarca-fue-judicializado\/"},"author":{"name":"Paula Andrea Castillo Lenis","@id":"https:\/\/www.fiscalia.gov.co\/colombia\/#\/schema\/person\/66c172905e0492f1de6bbe5f93c4668f"},"headline":"Adolescente que habr\u00eda causado la muerte a otro menor de edad en El Colegio (Cundinamarca) fue judicializado","datePublished":"2026-03-16T22:50:01+00:00","dateModified":"2026-03-16T22:53:15+00:00","mainEntityOfPage":{"@id":"https:\/\/www.fiscalia.gov.co\/colombia\/noticias\/adolescente-que-habria-causado-la-muerte-a-otro-menor-de-edad-en-el-colegio-cundinamarca-fue-judicializado\/"},"wordCount":284,"publisher":{"@id":"https:\/\/www.fiscalia.gov.co\/colombia\/#organization"},"keywords":["adolescente de 17 a\u00f1os","ATAQUE CON ARMA BLANCA","barrio El Cafetalito","discusi\u00f3n por gorras","El Colegio Cundinamarca","fallecimiento de la v\u00edctima","Fiscal\u00eda General de la Naci\u00f3n","fiscal\u00eda Seccional Cundinamarca","hechos en v\u00eda p\u00fablica","herida en el pecho","Homicidio agravado","Imputaci\u00f3n de cargos","internamiento preventivo en centro especializado","juez penal para adolescentes","justicia penal para adolescentes","menor de edad judicializado","muerte de menor de 16 a\u00f1os","no aceptaci\u00f3n de cargos","ri\u00f1a entre menores","v\u00edctima trasladada a centro m\u00e9dico"],"articleSection":["Noticias"],"inLanguage":"es-CO"},{"@type":"WebPage","@id":"https:\/\/www.fiscalia.gov.co\/colombia\/noticias\/adolescente-que-habria-causado-la-muerte-a-otro-menor-de-edad-en-el-colegio-cundinamarca-fue-judicializado\/","url":"https:\/\/www.fiscalia.gov.co\/colombia\/noticias\/adolescente-que-habria-causado-la-muerte-a-otro-menor-de-edad-en-el-colegio-cundinamarca-fue-judicializado\/","name":"Fiscal\u00eda General de la Naci\u00f3n","isPartOf":{"@id":"https:\/\/www.fiscalia.gov.co\/colombia\/#website"},"datePublished":"2026-03-16T22:50:01+00:00","dateModified":"2026-03-16T22:53:15+00:00","description":"P\u00e1gina oficial de la Fiscal\u00eda General de la Naci\u00f3n \u2013 Colombia. Garantizamos el acceso efectivo a la justicia, la verdad y la reparaci\u00f3n de las v\u00edctimas de los delitos.","breadcrumb":{"@id":"https:\/\/www.fiscalia.gov.co\/colombia\/noticias\/adolescente-que-habria-causado-la-muerte-a-otro-menor-de-edad-en-el-colegio-cundinamarca-fue-judicializado\/#breadcrumb"},"inLanguage":"es-CO","potentialAction":[{"@type":"ReadAction","target":["https:\/\/www.fiscalia.gov.co\/colombia\/noticias\/adolescente-que-habria-causado-la-muerte-a-otro-menor-de-edad-en-el-colegio-cundinamarca-fue-judicializado\/"]}]},{"@type":"BreadcrumbList","@id":"https:\/\/www.fiscalia.gov.co\/colombia\/noticias\/adolescente-que-habria-causado-la-muerte-a-otro-menor-de-edad-en-el-colegio-cundinamarca-fue-judicializado\/#breadcrumb","itemListElement":[{"@type":"ListItem","position":1,"name":"Home","item":"https:\/\/www.fiscalia.gov.co\/colombia\/"},{"@type":"ListItem","position":2,"name":"Adolescente que habr\u00eda causado la muerte a otro menor de edad en El Colegio (Cundinamarca) fue judicializado"}]},{"@type":"WebSite","@id":"https:\/\/www.fiscalia.gov.co\/colombia\/#website","url":"https:\/\/www.fiscalia.gov.co\/colombia\/","name":"Fiscal\u00eda General de la Naci\u00f3n","description":"P\u00e1gina oficial de la Fiscal\u00eda General de la Naci\u00f3n \u2013 Colombia. Garantizamos el acceso efectivo a la justicia, la verdad y la reparaci\u00f3n de las v\u00edctimas de los delitos.","publisher":{"@id":"https:\/\/www.fiscalia.gov.co\/colombia\/#organization"},"potentialAction":[{"@type":"SearchAction","target":{"@type":"EntryPoint","urlTemplate":"https:\/\/www.fiscalia.gov.co\/colombia\/?s={search_term_string}"},"query-input":{"@type":"PropertyValueSpecification","valueRequired":true,"valueName":"search_term_string"}}],"inLanguage":"es-CO"},{"@type":"Organization","@id":"https:\/\/www.fiscalia.gov.co\/colombia\/#organization","name":"Fiscal\u00eda General de la Naci\u00f3n","url":"https:\/\/www.fiscalia.gov.co\/colombia\/","logo":{"@type":"ImageObject","inLanguage":"es-CO","@id":"https:\/\/www.fiscalia.gov.co\/colombia\/#\/schema\/logo\/image\/","url":"https:\/\/www.fiscalia.gov.co\/colombia\/wp-content\/uploads\/LogoHorizontal_1.jpg","contentUrl":"https:\/\/www.fiscalia.gov.co\/colombia\/wp-content\/uploads\/LogoHorizontal_1.jpg","width":300,"height":90,"caption":"Fiscal\u00eda General de la Naci\u00f3n"},"image":{"@id":"https:\/\/www.fiscalia.gov.co\/colombia\/#\/schema\/logo\/image\/"},"sameAs":["https:\/\/www.facebook.com\/FiscaliaCol","https:\/\/x.com\/FiscaliaCol","https:\/\/www.instagram.com\/fiscaliacol","https:\/\/www.linkedin.com\/company\/fiscalia-general-de-la-naci-n\/","https:\/\/youtube.com\/@fiscaliageneraldelanacion-4668?si=6nN79nyQICPU5iTh"]},{"@type":"Person","@id":"https:\/\/www.fiscalia.gov.co\/colombia\/#\/schema\/person\/66c172905e0492f1de6bbe5f93c4668f","name":"Paula Andrea Castillo Lenis","image":{"@type":"ImageObject","inLanguage":"es-CO","@id":"https:\/\/www.fiscalia.gov.co\/colombia\/#\/schema\/person\/image\/","url":"https:\/\/secure.gravatar.com\/avatar\/cb060d9561f2947c4102d1825739f868?s=96&d=mm&r=g","contentUrl":"https:\/\/secure.gravatar.com\/avatar\/cb060d9561f2947c4102d1825739f868?s=96&d=mm&r=g","caption":"Paula Andrea Castillo Lenis"},"url":"https:\/\/www.fiscalia.gov.co\/colombia\/author\/paula-castillo\/"}]}},"_links":{"self":[{"href":"https:\/\/www.fiscalia.gov.co\/colombia\/wp-json\/wp\/v2\/posts\/332991","targetHints":{"allow":["GET"]}}],"collection":[{"href":"https:\/\/www.fiscalia.gov.co\/colombia\/wp-json\/wp\/v2\/posts"}],"about":[{"href":"https:\/\/www.fiscalia.gov.co\/colombia\/wp-json\/wp\/v2\/types\/post"}],"author":[{"embeddable":true,"href":"https:\/\/www.fiscalia.gov.co\/colombia\/wp-json\/wp\/v2\/users\/182"}],"replies":[{"embeddable":true,"href":"https:\/\/www.fiscalia.gov.co\/colombia\/wp-json\/wp\/v2\/comments?post=332991"}],"version-history":[{"count":2,"href":"https:\/\/www.fiscalia.gov.co\/colombia\/wp-json\/wp\/v2\/posts\/332991\/revisions"}],"predecessor-version":[{"id":332993,"href":"https:\/\/www.fiscalia.gov.co\/colombia\/wp-json\/wp\/v2\/posts\/332991\/revisions\/332993"}],"wp:attachment":[{"href":"https:\/\/www.fiscalia.gov.co\/colombia\/wp-json\/wp\/v2\/media?parent=332991"}],"wp:term":[{"taxonomy":"category","embeddable":true,"href":"https:\/\/www.fiscalia.gov.co\/colombia\/wp-json\/wp\/v2\/categories?post=332991"},{"taxonomy":"post_tag","embeddable":true,"href":"https:\/\/www.fiscalia.gov.co\/colombia\/wp-json\/wp\/v2\/tags?post=332991"}],"curies":[{"name":"wp","href":"https:\/\/api.w.org\/{rel}","templated":true}]}}