{"id":332983,"date":"2026-03-16T17:25:19","date_gmt":"2026-03-16T22:25:19","guid":{"rendered":"https:\/\/www.fiscalia.gov.co\/colombia\/?p=332983"},"modified":"2026-03-16T17:25:19","modified_gmt":"2026-03-16T22:25:19","slug":"judicializan-a-posibles-responsables-de-hurtos-ocurridos-en-turbaco-y-cartagena","status":"publish","type":"post","link":"https:\/\/www.fiscalia.gov.co\/colombia\/noticias\/judicializan-a-posibles-responsables-de-hurtos-ocurridos-en-turbaco-y-cartagena\/","title":{"rendered":"Judicializan a posibles responsables de hurtos ocurridos en Turbaco y Cartagena"},"content":{"rendered":"<p>Fiscales de la <strong>Seccional Bol\u00edvar<\/strong> judicializaron en procesos distintos a dos hombres y a un adolescente presuntamente comprometidos en <strong>hurtos violentos<\/strong> ocurridos en Cartagena y Turbaco.<\/p>\n<p>El primer caso ocurri\u00f3 el pasado 22 de febrero cuando Willer Dandy D\u00edaz Anaya, de 18 a\u00f1os, y un joven de 16; solicitaron un servicio de mototaxi para trasladarse al barrio Canapote, donde se cree, le arrebataron al conductor el bolso. La <strong>Polic\u00eda Nacional<\/strong> fue la encargada de capturar al se\u00f1alado agresor, adem\u00e1s de aprehender al menor de edad.<\/p>\n<p>El otro hecho violento se registr\u00f3 el 18 de enero de 2024 en el <strong>barrio La Granja en Turbaco.<\/strong> Yordy Arley Oquendo Parra, habr\u00eda sido quien intimid\u00f3 con un arma de fuego a un ciudadano que depart\u00eda con otras personas. Se presume que el procesado quiso hurtarle una cadena de oro y un reloj avaluados en m\u00e1s de 4 millones de pesos, adem\u00e1s de herirlo con el arma. El hombre se recupera de las lesiones en un centro m\u00e9dico. La polic\u00eda captur\u00f3 al investigado el pasado 25 de febrero.<\/p>\n<p>La<strong> Fiscal\u00eda General<\/strong> imput\u00f3 a los procesados, seg\u00fan sus eventuales responsabilidades individuales, delitos de hurto calificado agravado, tentativa de homicidio y fabricaci\u00f3n, tr\u00e1fico, porte o tenencia de armas de fuego, accesorios, partes o municiones. Cargos que ninguno acept\u00f3.<\/p>\n<p>Los mayores de edad cumplir\u00e1n <strong>medidas de aseguramiento<\/strong> en centros carcelarios; mientras que al adolescente le fue impuesta medida de internamiento preventivo en centro de reclusi\u00f3n para menores.<\/p>\n<p>MEVA\/MAGA\/NA\/KH\/EGM\/DSB<\/p>\n<p>&nbsp;<\/p>\n<p><em>La informaci\u00f3n contenida en este bolet\u00edn de prensa corresponde a la narraci\u00f3n de los hechos noticiosos objetivos, suministrados por los funcionarios encargados de adelantar las investigaciones penales al interior de la Fiscal\u00eda General de la Naci\u00f3n. Para el momento de la divulgaci\u00f3n de este comunicado, la situaci\u00f3n jur\u00eddica de la(s) persona(s) relacionada(s) se encuentra pendiente de resolver por la autoridad judicial competente, siempre bajo los preceptos de la presunci\u00f3n de inocencia, consagrados en el art\u00edculo 29 de la Constituci\u00f3n Pol\u00edtica y el art\u00edculo 7\u00ba de la Ley 906 de 2004.<\/em><\/p>\n\n<div class=\"twitter-share\"><a href=\"https:\/\/twitter.com\/intent\/tweet?via=fiscaliacol\" class=\"twitter-share-button\">Tweet<\/a><\/div>\n","protected":false},"excerpt":{"rendered":"<p>Fiscales de la Seccional Bol\u00edvar judicializaron en procesos distintos a dos hombres y a un adolescente presuntamente comprometidos en hurtos violentos ocurridos en Cartagena y Turbaco. El primer caso ocurri\u00f3 el pasado 22 de febrero cuando Willer Dandy D\u00edaz Anaya, de 18 a\u00f1os, y un joven de 16; solicitaron un servicio de mototaxi para trasladarse [&hellip;]<\/p>\n","protected":false},"author":182,"featured_media":0,"comment_status":"closed","ping_status":"open","sticky":false,"template":"","format":"standard","meta":{"_price":"","_stock":"","_tribe_ticket_header":"","_tribe_default_ticket_provider":"","_tribe_ticket_capacity":"0","_ticket_start_date":"","_ticket_end_date":"","_tribe_ticket_show_description":"","_tribe_ticket_show_not_going":false,"_tribe_ticket_use_global_stock":"","_tribe_ticket_global_stock_level":"","_global_stock_mode":"","_global_stock_cap":"","_tribe_rsvp_for_event":"","_tribe_ticket_going_count":"","_tribe_ticket_not_going_count":"","_tribe_tickets_list":"[]","_tribe_ticket_has_attendee_info_fields":false,"tdm_status":"","tdm_grid_status":"","footnotes":""},"categories":[1],"tags":[12163,9082,23819,31770,4697,24187,1047,22114,23960,558,38618,38867,29369,41915],"class_list":{"0":"post-332983","1":"post","2":"type-post","3":"status-publish","4":"format-standard","6":"category-noticias","7":"tag-arma-de-fuego","8":"tag-bolivar","9":"tag-cartagena","10":"tag-clinica","11":"tag-disparar","12":"tag-fiscalia-colombia","13":"tag-fiscalia-general-de-la-nacion","14":"tag-herido","15":"tag-hurto","16":"tag-policia-nacional","17":"tag-prendas","18":"tag-recuperacion","19":"tag-turbaco","20":"tag-violentos"},"yoast_head":"<!-- This site is optimized with the Yoast SEO plugin v24.3 - https:\/\/yoast.com\/wordpress\/plugins\/seo\/ -->\n<title>Fiscal\u00eda General de la Naci\u00f3n<\/title>\n<meta name=\"description\" content=\"P\u00e1gina oficial de la Fiscal\u00eda General de la Naci\u00f3n \u2013 Colombia. Garantizamos el acceso efectivo a la justicia, la verdad y la reparaci\u00f3n de las v\u00edctimas de los delitos.\" \/>\n<meta name=\"robots\" content=\"noindex, follow\" \/>\n<meta property=\"og:locale\" content=\"es_ES\" \/>\n<meta property=\"og:type\" content=\"article\" \/>\n<meta property=\"og:title\" content=\"Fiscal\u00eda General de la Naci\u00f3n\" \/>\n<meta property=\"og:description\" content=\"P\u00e1gina oficial de la Fiscal\u00eda General de la Naci\u00f3n \u2013 Colombia. Garantizamos el acceso efectivo a la justicia, la verdad y la reparaci\u00f3n de las v\u00edctimas de los delitos.\" \/>\n<meta property=\"og:url\" content=\"https:\/\/www.fiscalia.gov.co\/colombia\/noticias\/judicializan-a-posibles-responsables-de-hurtos-ocurridos-en-turbaco-y-cartagena\/\" \/>\n<meta property=\"og:site_name\" content=\"Fiscal\u00eda General de la Naci\u00f3n\" \/>\n<meta property=\"article:publisher\" content=\"https:\/\/www.facebook.com\/FiscaliaCol\" \/>\n<meta property=\"article:published_time\" content=\"2026-03-16T22:25:19+00:00\" \/>\n<meta name=\"author\" content=\"Paula Andrea Castillo Lenis\" \/>\n<meta name=\"twitter:card\" content=\"summary_large_image\" \/>\n<meta name=\"twitter:creator\" content=\"@FiscaliaCol\" \/>\n<meta name=\"twitter:site\" content=\"@FiscaliaCol\" \/>\n<meta name=\"twitter:label1\" content=\"Escrito por\" \/>\n\t<meta name=\"twitter:data1\" content=\"Paula Andrea Castillo Lenis\" \/>\n\t<meta name=\"twitter:label2\" content=\"Tiempo de lectura\" \/>\n\t<meta name=\"twitter:data2\" content=\"2 minutos\" \/>\n<script type=\"application\/ld+json\" class=\"yoast-schema-graph\">{\"@context\":\"https:\/\/schema.org\",\"@graph\":[{\"@type\":\"Article\",\"@id\":\"https:\/\/www.fiscalia.gov.co\/colombia\/noticias\/judicializan-a-posibles-responsables-de-hurtos-ocurridos-en-turbaco-y-cartagena\/#article\",\"isPartOf\":{\"@id\":\"https:\/\/www.fiscalia.gov.co\/colombia\/noticias\/judicializan-a-posibles-responsables-de-hurtos-ocurridos-en-turbaco-y-cartagena\/\"},\"author\":{\"name\":\"Paula Andrea Castillo Lenis\",\"@id\":\"https:\/\/www.fiscalia.gov.co\/colombia\/#\/schema\/person\/66c172905e0492f1de6bbe5f93c4668f\"},\"headline\":\"Judicializan a posibles responsables de hurtos ocurridos en Turbaco y Cartagena\",\"datePublished\":\"2026-03-16T22:25:19+00:00\",\"dateModified\":\"2026-03-16T22:25:19+00:00\",\"mainEntityOfPage\":{\"@id\":\"https:\/\/www.fiscalia.gov.co\/colombia\/noticias\/judicializan-a-posibles-responsables-de-hurtos-ocurridos-en-turbaco-y-cartagena\/\"},\"wordCount\":371,\"publisher\":{\"@id\":\"https:\/\/www.fiscalia.gov.co\/colombia\/#organization\"},\"keywords\":[\"Arma de fuego\",\"Bol\u00edvar\",\"Cartagena\",\"cl\u00ednica\",\"Disparar\",\"Fiscal\u00eda Colombia\",\"Fiscal\u00eda General de la Naci\u00f3n\",\"Herido\",\"Hurto\",\"Polic\u00eda Nacional\",\"prendas\",\"recuperaci\u00f3n\",\"Turbaco\",\"violentos\"],\"articleSection\":[\"Noticias\"],\"inLanguage\":\"es-CO\"},{\"@type\":\"WebPage\",\"@id\":\"https:\/\/www.fiscalia.gov.co\/colombia\/noticias\/judicializan-a-posibles-responsables-de-hurtos-ocurridos-en-turbaco-y-cartagena\/\",\"url\":\"https:\/\/www.fiscalia.gov.co\/colombia\/noticias\/judicializan-a-posibles-responsables-de-hurtos-ocurridos-en-turbaco-y-cartagena\/\",\"name\":\"Fiscal\u00eda General de la Naci\u00f3n\",\"isPartOf\":{\"@id\":\"https:\/\/www.fiscalia.gov.co\/colombia\/#website\"},\"datePublished\":\"2026-03-16T22:25:19+00:00\",\"dateModified\":\"2026-03-16T22:25:19+00:00\",\"description\":\"P\u00e1gina oficial de la Fiscal\u00eda General de la Naci\u00f3n \u2013 Colombia. Garantizamos el acceso efectivo a la justicia, la verdad y la reparaci\u00f3n de las v\u00edctimas de los delitos.\",\"breadcrumb\":{\"@id\":\"https:\/\/www.fiscalia.gov.co\/colombia\/noticias\/judicializan-a-posibles-responsables-de-hurtos-ocurridos-en-turbaco-y-cartagena\/#breadcrumb\"},\"inLanguage\":\"es-CO\",\"potentialAction\":[{\"@type\":\"ReadAction\",\"target\":[\"https:\/\/www.fiscalia.gov.co\/colombia\/noticias\/judicializan-a-posibles-responsables-de-hurtos-ocurridos-en-turbaco-y-cartagena\/\"]}]},{\"@type\":\"BreadcrumbList\",\"@id\":\"https:\/\/www.fiscalia.gov.co\/colombia\/noticias\/judicializan-a-posibles-responsables-de-hurtos-ocurridos-en-turbaco-y-cartagena\/#breadcrumb\",\"itemListElement\":[{\"@type\":\"ListItem\",\"position\":1,\"name\":\"Home\",\"item\":\"https:\/\/www.fiscalia.gov.co\/colombia\/\"},{\"@type\":\"ListItem\",\"position\":2,\"name\":\"Judicializan a posibles responsables de hurtos ocurridos en Turbaco y Cartagena\"}]},{\"@type\":\"WebSite\",\"@id\":\"https:\/\/www.fiscalia.gov.co\/colombia\/#website\",\"url\":\"https:\/\/www.fiscalia.gov.co\/colombia\/\",\"name\":\"Fiscal\u00eda General de la Naci\u00f3n\",\"description\":\"P\u00e1gina oficial de la Fiscal\u00eda General de la Naci\u00f3n \u2013 Colombia. Garantizamos el acceso efectivo a la justicia, la verdad y la reparaci\u00f3n de las v\u00edctimas de los delitos.\",\"publisher\":{\"@id\":\"https:\/\/www.fiscalia.gov.co\/colombia\/#organization\"},\"potentialAction\":[{\"@type\":\"SearchAction\",\"target\":{\"@type\":\"EntryPoint\",\"urlTemplate\":\"https:\/\/www.fiscalia.gov.co\/colombia\/?s={search_term_string}\"},\"query-input\":{\"@type\":\"PropertyValueSpecification\",\"valueRequired\":true,\"valueName\":\"search_term_string\"}}],\"inLanguage\":\"es-CO\"},{\"@type\":\"Organization\",\"@id\":\"https:\/\/www.fiscalia.gov.co\/colombia\/#organization\",\"name\":\"Fiscal\u00eda General de la Naci\u00f3n\",\"url\":\"https:\/\/www.fiscalia.gov.co\/colombia\/\",\"logo\":{\"@type\":\"ImageObject\",\"inLanguage\":\"es-CO\",\"@id\":\"https:\/\/www.fiscalia.gov.co\/colombia\/#\/schema\/logo\/image\/\",\"url\":\"https:\/\/www.fiscalia.gov.co\/colombia\/wp-content\/uploads\/LogoHorizontal_1.jpg\",\"contentUrl\":\"https:\/\/www.fiscalia.gov.co\/colombia\/wp-content\/uploads\/LogoHorizontal_1.jpg\",\"width\":300,\"height\":90,\"caption\":\"Fiscal\u00eda General de la Naci\u00f3n\"},\"image\":{\"@id\":\"https:\/\/www.fiscalia.gov.co\/colombia\/#\/schema\/logo\/image\/\"},\"sameAs\":[\"https:\/\/www.facebook.com\/FiscaliaCol\",\"https:\/\/x.com\/FiscaliaCol\",\"https:\/\/www.instagram.com\/fiscaliacol\",\"https:\/\/www.linkedin.com\/company\/fiscalia-general-de-la-naci-n\/\",\"https:\/\/youtube.com\/@fiscaliageneraldelanacion-4668?si=6nN79nyQICPU5iTh\"]},{\"@type\":\"Person\",\"@id\":\"https:\/\/www.fiscalia.gov.co\/colombia\/#\/schema\/person\/66c172905e0492f1de6bbe5f93c4668f\",\"name\":\"Paula Andrea Castillo Lenis\",\"image\":{\"@type\":\"ImageObject\",\"inLanguage\":\"es-CO\",\"@id\":\"https:\/\/www.fiscalia.gov.co\/colombia\/#\/schema\/person\/image\/\",\"url\":\"https:\/\/secure.gravatar.com\/avatar\/cb060d9561f2947c4102d1825739f868?s=96&d=mm&r=g\",\"contentUrl\":\"https:\/\/secure.gravatar.com\/avatar\/cb060d9561f2947c4102d1825739f868?s=96&d=mm&r=g\",\"caption\":\"Paula Andrea Castillo Lenis\"},\"url\":\"https:\/\/www.fiscalia.gov.co\/colombia\/author\/paula-castillo\/\"}]}<\/script>\n<!-- \/ Yoast SEO plugin. -->","yoast_head_json":{"title":"Fiscal\u00eda General de la Naci\u00f3n","description":"P\u00e1gina oficial de la Fiscal\u00eda General de la Naci\u00f3n \u2013 Colombia. Garantizamos el acceso efectivo a la justicia, la verdad y la reparaci\u00f3n de las v\u00edctimas de los delitos.","robots":{"index":"noindex","follow":"follow"},"og_locale":"es_ES","og_type":"article","og_title":"Fiscal\u00eda General de la Naci\u00f3n","og_description":"P\u00e1gina oficial de la Fiscal\u00eda General de la Naci\u00f3n \u2013 Colombia. Garantizamos el acceso efectivo a la justicia, la verdad y la reparaci\u00f3n de las v\u00edctimas de los delitos.","og_url":"https:\/\/www.fiscalia.gov.co\/colombia\/noticias\/judicializan-a-posibles-responsables-de-hurtos-ocurridos-en-turbaco-y-cartagena\/","og_site_name":"Fiscal\u00eda General de la Naci\u00f3n","article_publisher":"https:\/\/www.facebook.com\/FiscaliaCol","article_published_time":"2026-03-16T22:25:19+00:00","author":"Paula Andrea Castillo Lenis","twitter_card":"summary_large_image","twitter_creator":"@FiscaliaCol","twitter_site":"@FiscaliaCol","twitter_misc":{"Escrito por":"Paula Andrea Castillo Lenis","Tiempo de lectura":"2 minutos"},"schema":{"@context":"https:\/\/schema.org","@graph":[{"@type":"Article","@id":"https:\/\/www.fiscalia.gov.co\/colombia\/noticias\/judicializan-a-posibles-responsables-de-hurtos-ocurridos-en-turbaco-y-cartagena\/#article","isPartOf":{"@id":"https:\/\/www.fiscalia.gov.co\/colombia\/noticias\/judicializan-a-posibles-responsables-de-hurtos-ocurridos-en-turbaco-y-cartagena\/"},"author":{"name":"Paula Andrea Castillo Lenis","@id":"https:\/\/www.fiscalia.gov.co\/colombia\/#\/schema\/person\/66c172905e0492f1de6bbe5f93c4668f"},"headline":"Judicializan a posibles responsables de hurtos ocurridos en Turbaco y Cartagena","datePublished":"2026-03-16T22:25:19+00:00","dateModified":"2026-03-16T22:25:19+00:00","mainEntityOfPage":{"@id":"https:\/\/www.fiscalia.gov.co\/colombia\/noticias\/judicializan-a-posibles-responsables-de-hurtos-ocurridos-en-turbaco-y-cartagena\/"},"wordCount":371,"publisher":{"@id":"https:\/\/www.fiscalia.gov.co\/colombia\/#organization"},"keywords":["Arma de fuego","Bol\u00edvar","Cartagena","cl\u00ednica","Disparar","Fiscal\u00eda Colombia","Fiscal\u00eda General de la Naci\u00f3n","Herido","Hurto","Polic\u00eda Nacional","prendas","recuperaci\u00f3n","Turbaco","violentos"],"articleSection":["Noticias"],"inLanguage":"es-CO"},{"@type":"WebPage","@id":"https:\/\/www.fiscalia.gov.co\/colombia\/noticias\/judicializan-a-posibles-responsables-de-hurtos-ocurridos-en-turbaco-y-cartagena\/","url":"https:\/\/www.fiscalia.gov.co\/colombia\/noticias\/judicializan-a-posibles-responsables-de-hurtos-ocurridos-en-turbaco-y-cartagena\/","name":"Fiscal\u00eda General de la Naci\u00f3n","isPartOf":{"@id":"https:\/\/www.fiscalia.gov.co\/colombia\/#website"},"datePublished":"2026-03-16T22:25:19+00:00","dateModified":"2026-03-16T22:25:19+00:00","description":"P\u00e1gina oficial de la Fiscal\u00eda General de la Naci\u00f3n \u2013 Colombia. Garantizamos el acceso efectivo a la justicia, la verdad y la reparaci\u00f3n de las v\u00edctimas de los delitos.","breadcrumb":{"@id":"https:\/\/www.fiscalia.gov.co\/colombia\/noticias\/judicializan-a-posibles-responsables-de-hurtos-ocurridos-en-turbaco-y-cartagena\/#breadcrumb"},"inLanguage":"es-CO","potentialAction":[{"@type":"ReadAction","target":["https:\/\/www.fiscalia.gov.co\/colombia\/noticias\/judicializan-a-posibles-responsables-de-hurtos-ocurridos-en-turbaco-y-cartagena\/"]}]},{"@type":"BreadcrumbList","@id":"https:\/\/www.fiscalia.gov.co\/colombia\/noticias\/judicializan-a-posibles-responsables-de-hurtos-ocurridos-en-turbaco-y-cartagena\/#breadcrumb","itemListElement":[{"@type":"ListItem","position":1,"name":"Home","item":"https:\/\/www.fiscalia.gov.co\/colombia\/"},{"@type":"ListItem","position":2,"name":"Judicializan a posibles responsables de hurtos ocurridos en Turbaco y Cartagena"}]},{"@type":"WebSite","@id":"https:\/\/www.fiscalia.gov.co\/colombia\/#website","url":"https:\/\/www.fiscalia.gov.co\/colombia\/","name":"Fiscal\u00eda General de la Naci\u00f3n","description":"P\u00e1gina oficial de la Fiscal\u00eda General de la Naci\u00f3n \u2013 Colombia. Garantizamos el acceso efectivo a la justicia, la verdad y la reparaci\u00f3n de las v\u00edctimas de los delitos.","publisher":{"@id":"https:\/\/www.fiscalia.gov.co\/colombia\/#organization"},"potentialAction":[{"@type":"SearchAction","target":{"@type":"EntryPoint","urlTemplate":"https:\/\/www.fiscalia.gov.co\/colombia\/?s={search_term_string}"},"query-input":{"@type":"PropertyValueSpecification","valueRequired":true,"valueName":"search_term_string"}}],"inLanguage":"es-CO"},{"@type":"Organization","@id":"https:\/\/www.fiscalia.gov.co\/colombia\/#organization","name":"Fiscal\u00eda General de la Naci\u00f3n","url":"https:\/\/www.fiscalia.gov.co\/colombia\/","logo":{"@type":"ImageObject","inLanguage":"es-CO","@id":"https:\/\/www.fiscalia.gov.co\/colombia\/#\/schema\/logo\/image\/","url":"https:\/\/www.fiscalia.gov.co\/colombia\/wp-content\/uploads\/LogoHorizontal_1.jpg","contentUrl":"https:\/\/www.fiscalia.gov.co\/colombia\/wp-content\/uploads\/LogoHorizontal_1.jpg","width":300,"height":90,"caption":"Fiscal\u00eda General de la Naci\u00f3n"},"image":{"@id":"https:\/\/www.fiscalia.gov.co\/colombia\/#\/schema\/logo\/image\/"},"sameAs":["https:\/\/www.facebook.com\/FiscaliaCol","https:\/\/x.com\/FiscaliaCol","https:\/\/www.instagram.com\/fiscaliacol","https:\/\/www.linkedin.com\/company\/fiscalia-general-de-la-naci-n\/","https:\/\/youtube.com\/@fiscaliageneraldelanacion-4668?si=6nN79nyQICPU5iTh"]},{"@type":"Person","@id":"https:\/\/www.fiscalia.gov.co\/colombia\/#\/schema\/person\/66c172905e0492f1de6bbe5f93c4668f","name":"Paula Andrea Castillo Lenis","image":{"@type":"ImageObject","inLanguage":"es-CO","@id":"https:\/\/www.fiscalia.gov.co\/colombia\/#\/schema\/person\/image\/","url":"https:\/\/secure.gravatar.com\/avatar\/cb060d9561f2947c4102d1825739f868?s=96&d=mm&r=g","contentUrl":"https:\/\/secure.gravatar.com\/avatar\/cb060d9561f2947c4102d1825739f868?s=96&d=mm&r=g","caption":"Paula Andrea Castillo Lenis"},"url":"https:\/\/www.fiscalia.gov.co\/colombia\/author\/paula-castillo\/"}]}},"_links":{"self":[{"href":"https:\/\/www.fiscalia.gov.co\/colombia\/wp-json\/wp\/v2\/posts\/332983","targetHints":{"allow":["GET"]}}],"collection":[{"href":"https:\/\/www.fiscalia.gov.co\/colombia\/wp-json\/wp\/v2\/posts"}],"about":[{"href":"https:\/\/www.fiscalia.gov.co\/colombia\/wp-json\/wp\/v2\/types\/post"}],"author":[{"embeddable":true,"href":"https:\/\/www.fiscalia.gov.co\/colombia\/wp-json\/wp\/v2\/users\/182"}],"replies":[{"embeddable":true,"href":"https:\/\/www.fiscalia.gov.co\/colombia\/wp-json\/wp\/v2\/comments?post=332983"}],"version-history":[{"count":1,"href":"https:\/\/www.fiscalia.gov.co\/colombia\/wp-json\/wp\/v2\/posts\/332983\/revisions"}],"predecessor-version":[{"id":332984,"href":"https:\/\/www.fiscalia.gov.co\/colombia\/wp-json\/wp\/v2\/posts\/332983\/revisions\/332984"}],"wp:attachment":[{"href":"https:\/\/www.fiscalia.gov.co\/colombia\/wp-json\/wp\/v2\/media?parent=332983"}],"wp:term":[{"taxonomy":"category","embeddable":true,"href":"https:\/\/www.fiscalia.gov.co\/colombia\/wp-json\/wp\/v2\/categories?post=332983"},{"taxonomy":"post_tag","embeddable":true,"href":"https:\/\/www.fiscalia.gov.co\/colombia\/wp-json\/wp\/v2\/tags?post=332983"}],"curies":[{"name":"wp","href":"https:\/\/api.w.org\/{rel}","templated":true}]}}