{"id":332950,"date":"2026-03-16T09:15:23","date_gmt":"2026-03-16T14:15:23","guid":{"rendered":"https:\/\/www.fiscalia.gov.co\/colombia\/?p=332950"},"modified":"2026-03-16T09:15:23","modified_gmt":"2026-03-16T14:15:23","slug":"fiscalia-lidera-mesa-tecnica-interinstitucional-contra-el-reclutamiento-y-la-instrumentalizacion-de-menores-de-edad-en-atlantico","status":"publish","type":"post","link":"https:\/\/www.fiscalia.gov.co\/colombia\/noticias\/fiscalia-lidera-mesa-tecnica-interinstitucional-contra-el-reclutamiento-y-la-instrumentalizacion-de-menores-de-edad-en-atlantico\/","title":{"rendered":"Fiscal\u00eda lidera mesa t\u00e9cnica interinstitucional contra el reclutamiento y la instrumentalizaci\u00f3n de menores de edad en Atl\u00e1ntico"},"content":{"rendered":"<blockquote>\n<h4><em>La jornada reuni\u00f3 a Fiscal\u00eda, Polic\u00eda, Procuradur\u00eda, Defensor\u00eda, ICBF, Secretar\u00eda de Seguridad y Alcald\u00eda de Barranquilla para analizar situaciones de reclutamiento e instrumentalizaci\u00f3n y fortalecer acciones de prevenci\u00f3n, investigaci\u00f3n y judicializaci\u00f3n.<\/em><\/h4>\n<\/blockquote>\n<figure id=\"attachment_332953\" aria-describedby=\"caption-attachment-332953\" style=\"width: 696px\" class=\"wp-caption aligncenter\"><img loading=\"lazy\" decoding=\"async\" class=\"wp-image-332953 size-large\" src=\"https:\/\/www.fiscalia.gov.co\/colombia\/wp-content\/uploads\/DSCN0016-1024x768.jpeg\" alt=\"Reuni\u00f3n de mesa t\u00e9cnica interinstitucional en una sala de juntas, con la participaci\u00f3n de autoridades y funcionarios sentados alrededor de una mesa. En las im\u00e1genes se observan representantes de la Polic\u00eda, Fiscal\u00eda, Defensor\u00eda del Pueblo, ICBF y otras entidades escuchando y tomando notas durante la discusi\u00f3n. Al fondo se ven las banderas de Colombia y de la Fiscal\u00eda, mientras varios asistentes intervienen y otros siguen atentos la conversaci\u00f3n.\" width=\"696\" height=\"522\" srcset=\"https:\/\/www.fiscalia.gov.co\/colombia\/wp-content\/uploads\/DSCN0016-1024x768.jpeg 1024w, https:\/\/www.fiscalia.gov.co\/colombia\/wp-content\/uploads\/DSCN0016-300x225.jpeg 300w, https:\/\/www.fiscalia.gov.co\/colombia\/wp-content\/uploads\/DSCN0016-768x576.jpeg 768w, https:\/\/www.fiscalia.gov.co\/colombia\/wp-content\/uploads\/DSCN0016-1536x1152.jpeg 1536w, https:\/\/www.fiscalia.gov.co\/colombia\/wp-content\/uploads\/DSCN0016-2048x1536.jpeg 2048w, https:\/\/www.fiscalia.gov.co\/colombia\/wp-content\/uploads\/DSCN0016-560x420.jpeg 560w, https:\/\/www.fiscalia.gov.co\/colombia\/wp-content\/uploads\/DSCN0016-80x60.jpeg 80w, https:\/\/www.fiscalia.gov.co\/colombia\/wp-content\/uploads\/DSCN0016-696x522.jpeg 696w, https:\/\/www.fiscalia.gov.co\/colombia\/wp-content\/uploads\/DSCN0016-1068x801.jpeg 1068w, https:\/\/www.fiscalia.gov.co\/colombia\/wp-content\/uploads\/DSCN0016-1920x1440.jpeg 1920w, https:\/\/www.fiscalia.gov.co\/colombia\/wp-content\/uploads\/DSCN0016-265x198.jpeg 265w\" sizes=\"auto, (max-width: 696px) 100vw, 696px\" \/><figcaption id=\"caption-attachment-332953\" class=\"wp-caption-text\">Participaron autoridades clave: el comandante de la Polic\u00eda Metropolitana de Barranquilla, general Miguel Camelo; la defensora regional del Pueblo en el Atl\u00e1ntico, Carolina G\u00f3mez; el procurador regional Javier Bola\u00f1os; el asesor de seguridad de la Alcald\u00eda, Tahir Rivera; la directora regional del ICBF, Carmen Miranda, y fiscales de URPA, UENNA, CAIVAS y Futuro Colombia.<\/figcaption><\/figure>\n<p>La <strong>Fiscal\u00eda General de la Naci\u00f3n<\/strong>, a trav\u00e9s de la <strong>Direcci\u00f3n Seccional Atl\u00e1ntico<\/strong>, lider\u00f3 una mesa t\u00e9cnica interinstitucional para analizar la situaci\u00f3n del reclutamiento e instrumentalizaci\u00f3n de ni\u00f1os, ni\u00f1as y adolescentes en la comisi\u00f3n de conductas delictivas, como homicidio, extorsi\u00f3n y tr\u00e1fico de estupefacientes, en <strong>Barranquilla Soledad, Malambo y Juan de Acosta (Atl\u00e1ntico).<\/strong><\/p>\n<p>Durante la jornada, autoridades e instituciones del orden nacional y territorial revisaron las acciones que se vienen adelantando frente a esta problem\u00e1tica, con el fin de fortalecer la articulaci\u00f3n institucional en <strong>la protecci\u00f3n de la ni\u00f1ez y la adolescencia<\/strong>. Adem\u00e1s, se discutieron pol\u00edticas de prevenci\u00f3n, la instalaci\u00f3n de la mesa departamental de prevenci\u00f3n, la activaci\u00f3n de comit\u00e9s t\u00e9cnicos municipales y la implementaci\u00f3n de jornadas interinstitucionales en los colegios.<\/p>\n<p>\u201cLas instituciones estamos trabajando de manera articulada para abordar la situaci\u00f3n del <strong>reclutamiento<\/strong> <strong>e instrumentalizaci\u00f3n de menores de edad<\/strong> y fortalecer la prevenci\u00f3n y judicializaci\u00f3n de estas conductas\u201d, se\u00f1al\u00f3 el director seccional de Atl\u00e1ntico, Daniel G\u00f3mez Acu\u00f1a.<\/p>\n<p>La mesa t\u00e9cnica cont\u00f3 con la participaci\u00f3n de autoridades locales como el <strong>comandante de la Polic\u00eda Metropolitana de Barranquilla (MEBAR), el general Miguel Camelo<\/strong>; la defensora regional de la Defensor\u00eda del Pueblo en el Atl\u00e1ntico, Carolina G\u00f3mez; el procurador regional, Javier Bola\u00f1os; el asesor de seguridad de la Alcald\u00eda de Barranquilla, Tahir Rivera; as\u00ed como Carmen Miranda, directora regional del<strong> Instituto Colombiano de Bienestar Familiar (ICBF)<\/strong>, adem\u00e1s de <strong>fiscales de URPA, UENNA, CAIVAS y el programa Futuro Colombia.<\/strong><\/p>\n<p>Las entidades reiteraron su compromiso para continuar fortaleciendo el trabajo conjunto a trav\u00e9s de mesas t\u00e9cnicas y comit\u00e9s municipales, asegurando que la ciudadan\u00eda conozca los esfuerzos coordinados de <strong>Fiscal\u00eda, Procuradur\u00eda, Defensor\u00eda, ICBF, la Gobernaci\u00f3n<\/strong>, entre otras.<\/p>\n<p>La pr\u00f3xima semana se adelantar\u00e1 una mesa t\u00e9cnica con la participaci\u00f3n de autoridades departamentales y locales, con competencias en la<strong> protecci\u00f3n de la ni\u00f1ez y la adolescencia<\/strong>, con el fin de continuar reforzando la articulaci\u00f3n institucional y las estrategias de prevenci\u00f3n frente a esta problem\u00e1tica.<\/p>\n<p>&nbsp;<\/p>\n<p>SKCR\/AMCJ\/DGA\/DSA<\/p>\n<p>&nbsp;<\/p>\n<p><em>La informaci\u00f3n contenida en este bolet\u00edn de prensa corresponde a la narraci\u00f3n de los hechos noticiosos objetivos, suministrados por los funcionarios encargados de adelantar las investigaciones penales al interior de la Fiscal\u00eda General de la Naci\u00f3n. Para el momento de la divulgaci\u00f3n de este comunicado, la situaci\u00f3n jur\u00eddica de la(s) persona(s) relacionada(s) se encuentra pendiente de resolver por la autoridad judicial competente, siempre bajo los preceptos de la presunci\u00f3n de inocencia, consagrados en el art\u00edculo 29 de la Constituci\u00f3n Pol\u00edtica y el art\u00edculo 7\u00ba de la Ley 906 de 2004.<\/em><\/p>\n\n<div class=\"twitter-share\"><a href=\"https:\/\/twitter.com\/intent\/tweet?via=fiscaliacol\" class=\"twitter-share-button\">Tweet<\/a><\/div>\n","protected":false},"excerpt":{"rendered":"<p>La jornada reuni\u00f3 a Fiscal\u00eda, Polic\u00eda, Procuradur\u00eda, Defensor\u00eda, ICBF, Secretar\u00eda de Seguridad y Alcald\u00eda de Barranquilla para analizar situaciones de reclutamiento e instrumentalizaci\u00f3n y fortalecer acciones de prevenci\u00f3n, investigaci\u00f3n y judicializaci\u00f3n. La Fiscal\u00eda General de la Naci\u00f3n, a trav\u00e9s de la Direcci\u00f3n Seccional Atl\u00e1ntico, lider\u00f3 una mesa t\u00e9cnica interinstitucional para analizar la situaci\u00f3n del reclutamiento [&hellip;]<\/p>\n","protected":false},"author":182,"featured_media":0,"comment_status":"closed","ping_status":"open","sticky":false,"template":"","format":"standard","meta":{"_price":"","_stock":"","_tribe_ticket_header":"","_tribe_default_ticket_provider":"","_tribe_ticket_capacity":"0","_ticket_start_date":"","_ticket_end_date":"","_tribe_ticket_show_description":"","_tribe_ticket_show_not_going":false,"_tribe_ticket_use_global_stock":"","_tribe_ticket_global_stock_level":"","_global_stock_mode":"","_global_stock_cap":"","_tribe_rsvp_for_event":"","_tribe_ticket_going_count":"","_tribe_ticket_not_going_count":"","_tribe_tickets_list":"[]","_tribe_ticket_has_attendee_info_fields":false,"tdm_status":"","tdm_grid_status":"","footnotes":""},"categories":[1],"tags":[38848,4614,24994,45772,45773,27199],"class_list":{"0":"post-332950","1":"post","2":"type-post","3":"status-publish","4":"format-standard","6":"category-noticias","7":"tag-autoridades","8":"tag-fiscalia-2","9":"tag-instrumentalizacion-de-menores","10":"tag-mesa-tecnica-interinstitucional","11":"tag-reclutamiento-de-menores-de-edad","12":"tag-seccional-atlantico"},"yoast_head":"<!-- This site is optimized with the Yoast SEO plugin v24.3 - https:\/\/yoast.com\/wordpress\/plugins\/seo\/ -->\n<title>Fiscal\u00eda General de la Naci\u00f3n<\/title>\n<meta name=\"description\" content=\"P\u00e1gina oficial de la Fiscal\u00eda General de la Naci\u00f3n \u2013 Colombia. Garantizamos el acceso efectivo a la justicia, la verdad y la reparaci\u00f3n de las v\u00edctimas de los delitos.\" \/>\n<meta name=\"robots\" content=\"noindex, follow\" \/>\n<meta property=\"og:locale\" content=\"es_ES\" \/>\n<meta property=\"og:type\" content=\"article\" \/>\n<meta property=\"og:title\" content=\"Fiscal\u00eda General de la Naci\u00f3n\" \/>\n<meta property=\"og:description\" content=\"P\u00e1gina oficial de la Fiscal\u00eda General de la Naci\u00f3n \u2013 Colombia. Garantizamos el acceso efectivo a la justicia, la verdad y la reparaci\u00f3n de las v\u00edctimas de los delitos.\" \/>\n<meta property=\"og:url\" content=\"https:\/\/www.fiscalia.gov.co\/colombia\/noticias\/fiscalia-lidera-mesa-tecnica-interinstitucional-contra-el-reclutamiento-y-la-instrumentalizacion-de-menores-de-edad-en-atlantico\/\" \/>\n<meta property=\"og:site_name\" content=\"Fiscal\u00eda General de la Naci\u00f3n\" \/>\n<meta property=\"article:publisher\" content=\"https:\/\/www.facebook.com\/FiscaliaCol\" \/>\n<meta property=\"article:published_time\" content=\"2026-03-16T14:15:23+00:00\" \/>\n<meta property=\"og:image\" content=\"https:\/\/www.fiscalia.gov.co\/colombia\/wp-content\/uploads\/DSCN0016-scaled.jpeg\" \/>\n\t<meta property=\"og:image:width\" content=\"2560\" \/>\n\t<meta property=\"og:image:height\" content=\"1920\" \/>\n\t<meta property=\"og:image:type\" content=\"image\/jpeg\" \/>\n<meta name=\"author\" content=\"Paula Andrea Castillo Lenis\" \/>\n<meta name=\"twitter:card\" content=\"summary_large_image\" \/>\n<meta name=\"twitter:creator\" content=\"@FiscaliaCol\" \/>\n<meta name=\"twitter:site\" content=\"@FiscaliaCol\" \/>\n<meta name=\"twitter:label1\" content=\"Escrito por\" \/>\n\t<meta name=\"twitter:data1\" content=\"Paula Andrea Castillo Lenis\" \/>\n\t<meta name=\"twitter:label2\" content=\"Tiempo de lectura\" \/>\n\t<meta name=\"twitter:data2\" content=\"3 minutos\" \/>\n<script type=\"application\/ld+json\" class=\"yoast-schema-graph\">{\"@context\":\"https:\/\/schema.org\",\"@graph\":[{\"@type\":\"Article\",\"@id\":\"https:\/\/www.fiscalia.gov.co\/colombia\/noticias\/fiscalia-lidera-mesa-tecnica-interinstitucional-contra-el-reclutamiento-y-la-instrumentalizacion-de-menores-de-edad-en-atlantico\/#article\",\"isPartOf\":{\"@id\":\"https:\/\/www.fiscalia.gov.co\/colombia\/noticias\/fiscalia-lidera-mesa-tecnica-interinstitucional-contra-el-reclutamiento-y-la-instrumentalizacion-de-menores-de-edad-en-atlantico\/\"},\"author\":{\"name\":\"Paula Andrea Castillo Lenis\",\"@id\":\"https:\/\/www.fiscalia.gov.co\/colombia\/#\/schema\/person\/66c172905e0492f1de6bbe5f93c4668f\"},\"headline\":\"Fiscal\u00eda lidera mesa t\u00e9cnica interinstitucional contra el reclutamiento y la instrumentalizaci\u00f3n de menores de edad en Atl\u00e1ntico\",\"datePublished\":\"2026-03-16T14:15:23+00:00\",\"dateModified\":\"2026-03-16T14:15:23+00:00\",\"mainEntityOfPage\":{\"@id\":\"https:\/\/www.fiscalia.gov.co\/colombia\/noticias\/fiscalia-lidera-mesa-tecnica-interinstitucional-contra-el-reclutamiento-y-la-instrumentalizacion-de-menores-de-edad-en-atlantico\/\"},\"wordCount\":613,\"publisher\":{\"@id\":\"https:\/\/www.fiscalia.gov.co\/colombia\/#organization\"},\"image\":{\"@id\":\"https:\/\/www.fiscalia.gov.co\/colombia\/noticias\/fiscalia-lidera-mesa-tecnica-interinstitucional-contra-el-reclutamiento-y-la-instrumentalizacion-de-menores-de-edad-en-atlantico\/#primaryimage\"},\"thumbnailUrl\":\"https:\/\/www.fiscalia.gov.co\/colombia\/wp-content\/uploads\/DSCN0016-1024x768.jpeg\",\"keywords\":[\"autoridades.\",\"Fiscal\u00eda\",\"instrumentalizaci\u00f3n de menores\",\"Mesa t\u00e9cnica interinstitucional\",\"reclutamiento de menores de edad\",\"Seccional Atl\u00e1ntico\"],\"articleSection\":[\"Noticias\"],\"inLanguage\":\"es-CO\"},{\"@type\":\"WebPage\",\"@id\":\"https:\/\/www.fiscalia.gov.co\/colombia\/noticias\/fiscalia-lidera-mesa-tecnica-interinstitucional-contra-el-reclutamiento-y-la-instrumentalizacion-de-menores-de-edad-en-atlantico\/\",\"url\":\"https:\/\/www.fiscalia.gov.co\/colombia\/noticias\/fiscalia-lidera-mesa-tecnica-interinstitucional-contra-el-reclutamiento-y-la-instrumentalizacion-de-menores-de-edad-en-atlantico\/\",\"name\":\"Fiscal\u00eda General de la Naci\u00f3n\",\"isPartOf\":{\"@id\":\"https:\/\/www.fiscalia.gov.co\/colombia\/#website\"},\"primaryImageOfPage\":{\"@id\":\"https:\/\/www.fiscalia.gov.co\/colombia\/noticias\/fiscalia-lidera-mesa-tecnica-interinstitucional-contra-el-reclutamiento-y-la-instrumentalizacion-de-menores-de-edad-en-atlantico\/#primaryimage\"},\"image\":{\"@id\":\"https:\/\/www.fiscalia.gov.co\/colombia\/noticias\/fiscalia-lidera-mesa-tecnica-interinstitucional-contra-el-reclutamiento-y-la-instrumentalizacion-de-menores-de-edad-en-atlantico\/#primaryimage\"},\"thumbnailUrl\":\"https:\/\/www.fiscalia.gov.co\/colombia\/wp-content\/uploads\/DSCN0016-1024x768.jpeg\",\"datePublished\":\"2026-03-16T14:15:23+00:00\",\"dateModified\":\"2026-03-16T14:15:23+00:00\",\"description\":\"P\u00e1gina oficial de la Fiscal\u00eda General de la Naci\u00f3n \u2013 Colombia. Garantizamos el acceso efectivo a la justicia, la verdad y la reparaci\u00f3n de las v\u00edctimas de los delitos.\",\"breadcrumb\":{\"@id\":\"https:\/\/www.fiscalia.gov.co\/colombia\/noticias\/fiscalia-lidera-mesa-tecnica-interinstitucional-contra-el-reclutamiento-y-la-instrumentalizacion-de-menores-de-edad-en-atlantico\/#breadcrumb\"},\"inLanguage\":\"es-CO\",\"potentialAction\":[{\"@type\":\"ReadAction\",\"target\":[\"https:\/\/www.fiscalia.gov.co\/colombia\/noticias\/fiscalia-lidera-mesa-tecnica-interinstitucional-contra-el-reclutamiento-y-la-instrumentalizacion-de-menores-de-edad-en-atlantico\/\"]}]},{\"@type\":\"ImageObject\",\"inLanguage\":\"es-CO\",\"@id\":\"https:\/\/www.fiscalia.gov.co\/colombia\/noticias\/fiscalia-lidera-mesa-tecnica-interinstitucional-contra-el-reclutamiento-y-la-instrumentalizacion-de-menores-de-edad-en-atlantico\/#primaryimage\",\"url\":\"https:\/\/www.fiscalia.gov.co\/colombia\/wp-content\/uploads\/DSCN0016-scaled.jpeg\",\"contentUrl\":\"https:\/\/www.fiscalia.gov.co\/colombia\/wp-content\/uploads\/DSCN0016-scaled.jpeg\",\"width\":2560,\"height\":1920,\"caption\":\"Participaron autoridades clave: el comandante de la Polic\u00eda Metropolitana de Barranquilla, general Miguel Camelo; la defensora regional del Pueblo en el Atl\u00e1ntico, Carolina G\u00f3mez; el procurador regional Javier Bola\u00f1os; el asesor de seguridad de la Alcald\u00eda, Tahir Rivera; la directora regional del ICBF, Carmen Miranda, y fiscales de URPA, UENNA, CAIVAS y Futuro Colombia.\"},{\"@type\":\"BreadcrumbList\",\"@id\":\"https:\/\/www.fiscalia.gov.co\/colombia\/noticias\/fiscalia-lidera-mesa-tecnica-interinstitucional-contra-el-reclutamiento-y-la-instrumentalizacion-de-menores-de-edad-en-atlantico\/#breadcrumb\",\"itemListElement\":[{\"@type\":\"ListItem\",\"position\":1,\"name\":\"Home\",\"item\":\"https:\/\/www.fiscalia.gov.co\/colombia\/\"},{\"@type\":\"ListItem\",\"position\":2,\"name\":\"Fiscal\u00eda lidera mesa t\u00e9cnica interinstitucional contra el reclutamiento y la instrumentalizaci\u00f3n de menores de edad en Atl\u00e1ntico\"}]},{\"@type\":\"WebSite\",\"@id\":\"https:\/\/www.fiscalia.gov.co\/colombia\/#website\",\"url\":\"https:\/\/www.fiscalia.gov.co\/colombia\/\",\"name\":\"Fiscal\u00eda General de la Naci\u00f3n\",\"description\":\"P\u00e1gina oficial de la Fiscal\u00eda General de la Naci\u00f3n \u2013 Colombia. Garantizamos el acceso efectivo a la justicia, la verdad y la reparaci\u00f3n de las v\u00edctimas de los delitos.\",\"publisher\":{\"@id\":\"https:\/\/www.fiscalia.gov.co\/colombia\/#organization\"},\"potentialAction\":[{\"@type\":\"SearchAction\",\"target\":{\"@type\":\"EntryPoint\",\"urlTemplate\":\"https:\/\/www.fiscalia.gov.co\/colombia\/?s={search_term_string}\"},\"query-input\":{\"@type\":\"PropertyValueSpecification\",\"valueRequired\":true,\"valueName\":\"search_term_string\"}}],\"inLanguage\":\"es-CO\"},{\"@type\":\"Organization\",\"@id\":\"https:\/\/www.fiscalia.gov.co\/colombia\/#organization\",\"name\":\"Fiscal\u00eda General de la Naci\u00f3n\",\"url\":\"https:\/\/www.fiscalia.gov.co\/colombia\/\",\"logo\":{\"@type\":\"ImageObject\",\"inLanguage\":\"es-CO\",\"@id\":\"https:\/\/www.fiscalia.gov.co\/colombia\/#\/schema\/logo\/image\/\",\"url\":\"https:\/\/www.fiscalia.gov.co\/colombia\/wp-content\/uploads\/LogoHorizontal_1.jpg\",\"contentUrl\":\"https:\/\/www.fiscalia.gov.co\/colombia\/wp-content\/uploads\/LogoHorizontal_1.jpg\",\"width\":300,\"height\":90,\"caption\":\"Fiscal\u00eda General de la Naci\u00f3n\"},\"image\":{\"@id\":\"https:\/\/www.fiscalia.gov.co\/colombia\/#\/schema\/logo\/image\/\"},\"sameAs\":[\"https:\/\/www.facebook.com\/FiscaliaCol\",\"https:\/\/x.com\/FiscaliaCol\",\"https:\/\/www.instagram.com\/fiscaliacol\",\"https:\/\/www.linkedin.com\/company\/fiscalia-general-de-la-naci-n\/\",\"https:\/\/youtube.com\/@fiscaliageneraldelanacion-4668?si=6nN79nyQICPU5iTh\"]},{\"@type\":\"Person\",\"@id\":\"https:\/\/www.fiscalia.gov.co\/colombia\/#\/schema\/person\/66c172905e0492f1de6bbe5f93c4668f\",\"name\":\"Paula Andrea Castillo Lenis\",\"image\":{\"@type\":\"ImageObject\",\"inLanguage\":\"es-CO\",\"@id\":\"https:\/\/www.fiscalia.gov.co\/colombia\/#\/schema\/person\/image\/\",\"url\":\"https:\/\/secure.gravatar.com\/avatar\/cb060d9561f2947c4102d1825739f868?s=96&d=mm&r=g\",\"contentUrl\":\"https:\/\/secure.gravatar.com\/avatar\/cb060d9561f2947c4102d1825739f868?s=96&d=mm&r=g\",\"caption\":\"Paula Andrea Castillo Lenis\"},\"url\":\"https:\/\/www.fiscalia.gov.co\/colombia\/author\/paula-castillo\/\"}]}<\/script>\n<!-- \/ Yoast SEO plugin. -->","yoast_head_json":{"title":"Fiscal\u00eda General de la Naci\u00f3n","description":"P\u00e1gina oficial de la Fiscal\u00eda General de la Naci\u00f3n \u2013 Colombia. Garantizamos el acceso efectivo a la justicia, la verdad y la reparaci\u00f3n de las v\u00edctimas de los delitos.","robots":{"index":"noindex","follow":"follow"},"og_locale":"es_ES","og_type":"article","og_title":"Fiscal\u00eda General de la Naci\u00f3n","og_description":"P\u00e1gina oficial de la Fiscal\u00eda General de la Naci\u00f3n \u2013 Colombia. Garantizamos el acceso efectivo a la justicia, la verdad y la reparaci\u00f3n de las v\u00edctimas de los delitos.","og_url":"https:\/\/www.fiscalia.gov.co\/colombia\/noticias\/fiscalia-lidera-mesa-tecnica-interinstitucional-contra-el-reclutamiento-y-la-instrumentalizacion-de-menores-de-edad-en-atlantico\/","og_site_name":"Fiscal\u00eda General de la Naci\u00f3n","article_publisher":"https:\/\/www.facebook.com\/FiscaliaCol","article_published_time":"2026-03-16T14:15:23+00:00","og_image":[{"width":2560,"height":1920,"url":"https:\/\/www.fiscalia.gov.co\/colombia\/wp-content\/uploads\/DSCN0016-scaled.jpeg","type":"image\/jpeg"}],"author":"Paula Andrea Castillo Lenis","twitter_card":"summary_large_image","twitter_creator":"@FiscaliaCol","twitter_site":"@FiscaliaCol","twitter_misc":{"Escrito por":"Paula Andrea Castillo Lenis","Tiempo de lectura":"3 minutos"},"schema":{"@context":"https:\/\/schema.org","@graph":[{"@type":"Article","@id":"https:\/\/www.fiscalia.gov.co\/colombia\/noticias\/fiscalia-lidera-mesa-tecnica-interinstitucional-contra-el-reclutamiento-y-la-instrumentalizacion-de-menores-de-edad-en-atlantico\/#article","isPartOf":{"@id":"https:\/\/www.fiscalia.gov.co\/colombia\/noticias\/fiscalia-lidera-mesa-tecnica-interinstitucional-contra-el-reclutamiento-y-la-instrumentalizacion-de-menores-de-edad-en-atlantico\/"},"author":{"name":"Paula Andrea Castillo Lenis","@id":"https:\/\/www.fiscalia.gov.co\/colombia\/#\/schema\/person\/66c172905e0492f1de6bbe5f93c4668f"},"headline":"Fiscal\u00eda lidera mesa t\u00e9cnica interinstitucional contra el reclutamiento y la instrumentalizaci\u00f3n de menores de edad en Atl\u00e1ntico","datePublished":"2026-03-16T14:15:23+00:00","dateModified":"2026-03-16T14:15:23+00:00","mainEntityOfPage":{"@id":"https:\/\/www.fiscalia.gov.co\/colombia\/noticias\/fiscalia-lidera-mesa-tecnica-interinstitucional-contra-el-reclutamiento-y-la-instrumentalizacion-de-menores-de-edad-en-atlantico\/"},"wordCount":613,"publisher":{"@id":"https:\/\/www.fiscalia.gov.co\/colombia\/#organization"},"image":{"@id":"https:\/\/www.fiscalia.gov.co\/colombia\/noticias\/fiscalia-lidera-mesa-tecnica-interinstitucional-contra-el-reclutamiento-y-la-instrumentalizacion-de-menores-de-edad-en-atlantico\/#primaryimage"},"thumbnailUrl":"https:\/\/www.fiscalia.gov.co\/colombia\/wp-content\/uploads\/DSCN0016-1024x768.jpeg","keywords":["autoridades.","Fiscal\u00eda","instrumentalizaci\u00f3n de menores","Mesa t\u00e9cnica interinstitucional","reclutamiento de menores de edad","Seccional Atl\u00e1ntico"],"articleSection":["Noticias"],"inLanguage":"es-CO"},{"@type":"WebPage","@id":"https:\/\/www.fiscalia.gov.co\/colombia\/noticias\/fiscalia-lidera-mesa-tecnica-interinstitucional-contra-el-reclutamiento-y-la-instrumentalizacion-de-menores-de-edad-en-atlantico\/","url":"https:\/\/www.fiscalia.gov.co\/colombia\/noticias\/fiscalia-lidera-mesa-tecnica-interinstitucional-contra-el-reclutamiento-y-la-instrumentalizacion-de-menores-de-edad-en-atlantico\/","name":"Fiscal\u00eda General de la Naci\u00f3n","isPartOf":{"@id":"https:\/\/www.fiscalia.gov.co\/colombia\/#website"},"primaryImageOfPage":{"@id":"https:\/\/www.fiscalia.gov.co\/colombia\/noticias\/fiscalia-lidera-mesa-tecnica-interinstitucional-contra-el-reclutamiento-y-la-instrumentalizacion-de-menores-de-edad-en-atlantico\/#primaryimage"},"image":{"@id":"https:\/\/www.fiscalia.gov.co\/colombia\/noticias\/fiscalia-lidera-mesa-tecnica-interinstitucional-contra-el-reclutamiento-y-la-instrumentalizacion-de-menores-de-edad-en-atlantico\/#primaryimage"},"thumbnailUrl":"https:\/\/www.fiscalia.gov.co\/colombia\/wp-content\/uploads\/DSCN0016-1024x768.jpeg","datePublished":"2026-03-16T14:15:23+00:00","dateModified":"2026-03-16T14:15:23+00:00","description":"P\u00e1gina oficial de la Fiscal\u00eda General de la Naci\u00f3n \u2013 Colombia. Garantizamos el acceso efectivo a la justicia, la verdad y la reparaci\u00f3n de las v\u00edctimas de los delitos.","breadcrumb":{"@id":"https:\/\/www.fiscalia.gov.co\/colombia\/noticias\/fiscalia-lidera-mesa-tecnica-interinstitucional-contra-el-reclutamiento-y-la-instrumentalizacion-de-menores-de-edad-en-atlantico\/#breadcrumb"},"inLanguage":"es-CO","potentialAction":[{"@type":"ReadAction","target":["https:\/\/www.fiscalia.gov.co\/colombia\/noticias\/fiscalia-lidera-mesa-tecnica-interinstitucional-contra-el-reclutamiento-y-la-instrumentalizacion-de-menores-de-edad-en-atlantico\/"]}]},{"@type":"ImageObject","inLanguage":"es-CO","@id":"https:\/\/www.fiscalia.gov.co\/colombia\/noticias\/fiscalia-lidera-mesa-tecnica-interinstitucional-contra-el-reclutamiento-y-la-instrumentalizacion-de-menores-de-edad-en-atlantico\/#primaryimage","url":"https:\/\/www.fiscalia.gov.co\/colombia\/wp-content\/uploads\/DSCN0016-scaled.jpeg","contentUrl":"https:\/\/www.fiscalia.gov.co\/colombia\/wp-content\/uploads\/DSCN0016-scaled.jpeg","width":2560,"height":1920,"caption":"Participaron autoridades clave: el comandante de la Polic\u00eda Metropolitana de Barranquilla, general Miguel Camelo; la defensora regional del Pueblo en el Atl\u00e1ntico, Carolina G\u00f3mez; el procurador regional Javier Bola\u00f1os; el asesor de seguridad de la Alcald\u00eda, Tahir Rivera; la directora regional del ICBF, Carmen Miranda, y fiscales de URPA, UENNA, CAIVAS y Futuro Colombia."},{"@type":"BreadcrumbList","@id":"https:\/\/www.fiscalia.gov.co\/colombia\/noticias\/fiscalia-lidera-mesa-tecnica-interinstitucional-contra-el-reclutamiento-y-la-instrumentalizacion-de-menores-de-edad-en-atlantico\/#breadcrumb","itemListElement":[{"@type":"ListItem","position":1,"name":"Home","item":"https:\/\/www.fiscalia.gov.co\/colombia\/"},{"@type":"ListItem","position":2,"name":"Fiscal\u00eda lidera mesa t\u00e9cnica interinstitucional contra el reclutamiento y la instrumentalizaci\u00f3n de menores de edad en Atl\u00e1ntico"}]},{"@type":"WebSite","@id":"https:\/\/www.fiscalia.gov.co\/colombia\/#website","url":"https:\/\/www.fiscalia.gov.co\/colombia\/","name":"Fiscal\u00eda General de la Naci\u00f3n","description":"P\u00e1gina oficial de la Fiscal\u00eda General de la Naci\u00f3n \u2013 Colombia. Garantizamos el acceso efectivo a la justicia, la verdad y la reparaci\u00f3n de las v\u00edctimas de los delitos.","publisher":{"@id":"https:\/\/www.fiscalia.gov.co\/colombia\/#organization"},"potentialAction":[{"@type":"SearchAction","target":{"@type":"EntryPoint","urlTemplate":"https:\/\/www.fiscalia.gov.co\/colombia\/?s={search_term_string}"},"query-input":{"@type":"PropertyValueSpecification","valueRequired":true,"valueName":"search_term_string"}}],"inLanguage":"es-CO"},{"@type":"Organization","@id":"https:\/\/www.fiscalia.gov.co\/colombia\/#organization","name":"Fiscal\u00eda General de la Naci\u00f3n","url":"https:\/\/www.fiscalia.gov.co\/colombia\/","logo":{"@type":"ImageObject","inLanguage":"es-CO","@id":"https:\/\/www.fiscalia.gov.co\/colombia\/#\/schema\/logo\/image\/","url":"https:\/\/www.fiscalia.gov.co\/colombia\/wp-content\/uploads\/LogoHorizontal_1.jpg","contentUrl":"https:\/\/www.fiscalia.gov.co\/colombia\/wp-content\/uploads\/LogoHorizontal_1.jpg","width":300,"height":90,"caption":"Fiscal\u00eda General de la Naci\u00f3n"},"image":{"@id":"https:\/\/www.fiscalia.gov.co\/colombia\/#\/schema\/logo\/image\/"},"sameAs":["https:\/\/www.facebook.com\/FiscaliaCol","https:\/\/x.com\/FiscaliaCol","https:\/\/www.instagram.com\/fiscaliacol","https:\/\/www.linkedin.com\/company\/fiscalia-general-de-la-naci-n\/","https:\/\/youtube.com\/@fiscaliageneraldelanacion-4668?si=6nN79nyQICPU5iTh"]},{"@type":"Person","@id":"https:\/\/www.fiscalia.gov.co\/colombia\/#\/schema\/person\/66c172905e0492f1de6bbe5f93c4668f","name":"Paula Andrea Castillo Lenis","image":{"@type":"ImageObject","inLanguage":"es-CO","@id":"https:\/\/www.fiscalia.gov.co\/colombia\/#\/schema\/person\/image\/","url":"https:\/\/secure.gravatar.com\/avatar\/cb060d9561f2947c4102d1825739f868?s=96&d=mm&r=g","contentUrl":"https:\/\/secure.gravatar.com\/avatar\/cb060d9561f2947c4102d1825739f868?s=96&d=mm&r=g","caption":"Paula Andrea Castillo Lenis"},"url":"https:\/\/www.fiscalia.gov.co\/colombia\/author\/paula-castillo\/"}]}},"_links":{"self":[{"href":"https:\/\/www.fiscalia.gov.co\/colombia\/wp-json\/wp\/v2\/posts\/332950","targetHints":{"allow":["GET"]}}],"collection":[{"href":"https:\/\/www.fiscalia.gov.co\/colombia\/wp-json\/wp\/v2\/posts"}],"about":[{"href":"https:\/\/www.fiscalia.gov.co\/colombia\/wp-json\/wp\/v2\/types\/post"}],"author":[{"embeddable":true,"href":"https:\/\/www.fiscalia.gov.co\/colombia\/wp-json\/wp\/v2\/users\/182"}],"replies":[{"embeddable":true,"href":"https:\/\/www.fiscalia.gov.co\/colombia\/wp-json\/wp\/v2\/comments?post=332950"}],"version-history":[{"count":1,"href":"https:\/\/www.fiscalia.gov.co\/colombia\/wp-json\/wp\/v2\/posts\/332950\/revisions"}],"predecessor-version":[{"id":332954,"href":"https:\/\/www.fiscalia.gov.co\/colombia\/wp-json\/wp\/v2\/posts\/332950\/revisions\/332954"}],"wp:attachment":[{"href":"https:\/\/www.fiscalia.gov.co\/colombia\/wp-json\/wp\/v2\/media?parent=332950"}],"wp:term":[{"taxonomy":"category","embeddable":true,"href":"https:\/\/www.fiscalia.gov.co\/colombia\/wp-json\/wp\/v2\/categories?post=332950"},{"taxonomy":"post_tag","embeddable":true,"href":"https:\/\/www.fiscalia.gov.co\/colombia\/wp-json\/wp\/v2\/tags?post=332950"}],"curies":[{"name":"wp","href":"https:\/\/api.w.org\/{rel}","templated":true}]}}