{"id":332942,"date":"2026-03-16T08:13:25","date_gmt":"2026-03-16T13:13:25","guid":{"rendered":"https:\/\/www.fiscalia.gov.co\/colombia\/?p=332942"},"modified":"2026-03-16T08:13:25","modified_gmt":"2026-03-16T13:13:25","slug":"senalados-articuladores-de-red-delictiva-que-extorsionaba-con-mensajes-de-falsas-encomiendas-fueron-identificados-y-judicializados","status":"publish","type":"post","link":"https:\/\/www.fiscalia.gov.co\/colombia\/noticias\/senalados-articuladores-de-red-delictiva-que-extorsionaba-con-mensajes-de-falsas-encomiendas-fueron-identificados-y-judicializados\/","title":{"rendered":"Se\u00f1alados articuladores de red delictiva que extorsionaba con mensajes de falsas encomiendas fueron identificados y judicializados"},"content":{"rendered":"<blockquote>\n<h4><em>Las llamadas extorsivas se realizaban desde c\u00e1rceles del pa\u00eds, mediante la suplantaci\u00f3n de supuestos funcionarios de aduanas.<\/em><\/h4>\n<\/blockquote>\n<p>V\u00edctor Alfonso Romero D\u00edaz, Jefferson Andr\u00e9s Rengifo Vargas y Miguel Andr\u00e9s Torres Murcia ser\u00edan los integrantes de una <strong>red delictiva<\/strong> se\u00f1alada de realizar extorsiones mediante la modalidad conocida como <strong>falsa encomienda.<\/strong><\/p>\n<p>Los elementos materiales probatorios obtenidos por la <strong>Fiscal\u00eda General de la Naci\u00f3n<\/strong> indican que estas personas, junto a privados de la libertad, se habr\u00edan articulado para contactar a ciudadanos y hacerles creer que recibir\u00edan paquetes enviados desde el exterior. Con este enga\u00f1o exig\u00edan dinero por supuestos pagos de impuestos, sanciones o tr\u00e1mites aduaneros necesarios para las entregas.<\/p>\n<p>Uno de los casos documentados ocurri\u00f3 el 17 de junio de 2025. Una <strong>v\u00edctima<\/strong> recibi\u00f3 mensajes en los que le dec\u00edan que una familiar residente en Estados Unidos le envi\u00f3 una mercanc\u00eda, la cual superaba el peso permitido. En ese sentido, deb\u00eda consignar $4\u2019752.000.<\/p>\n<p>Luego de realizar ese pago, el afectado recibi\u00f3<strong> llamadas intimidantes<\/strong>. En una de ellas, un hombre que se identific\u00f3 como polic\u00eda advirti\u00f3 que podr\u00eda enfrentar problemas judiciales por el contenido de la encomienda, que aparentemente conten\u00eda d\u00f3lares y estupefacientes, y exig\u00eda un giro por 90 millones de pesos.<\/p>\n<p>V\u00edctor Alfonso Romero D\u00edaz presuntamente particip\u00f3 en la recepci\u00f3n y retiro inmediato del dinero consignado. Por su parte, Jefferson Andr\u00e9s Rengifo Vargas habr\u00eda realizado transferencias a otros integrantes de la red ilegal. Entre tanto, Miguel Andr\u00e9s Torres Murcia, al parecer, abr\u00eda <strong>cuentas bancarias<\/strong> para acopiar los dineros.<\/p>\n<p>Por estos hechos, un fiscal Gaula les imput\u00f3 los delitos de concierto para delinquir con fines de extorsi\u00f3n y extorsi\u00f3n agravada. Los cargos no fueron aceptados por los investigados.<\/p>\n<p>Esta informaci\u00f3n se publica por razones de inter\u00e9s general.<\/p>\n<p>JMSV\/ LCHG\/ DMHS \/DECOC\/<\/p>\n<p><em>La informaci\u00f3n contenida en este bolet\u00edn de prensa corresponde a la narraci\u00f3n de los hechos noticiosos objetivos, suministrados por los funcionarios encargados de adelantar las investigaciones penales al interior de la Fiscal\u00eda General de la Naci\u00f3n. Para el momento de la divulgaci\u00f3n de este comunicado, la situaci\u00f3n jur\u00eddica de la(s) persona(s) relacionada(s) se encuentra pendiente de resolver por la autoridad judicial competente, siempre bajo los preceptos de la presunci\u00f3n de inocencia, consagrados en el art\u00edculo 29 de la Constituci\u00f3n Pol\u00edtica y el art\u00edculo 7\u00ba de la Ley 906 de 2004.<\/em><\/p>\n\n<div class=\"twitter-share\"><a href=\"https:\/\/twitter.com\/intent\/tweet?via=fiscaliacol\" class=\"twitter-share-button\">Tweet<\/a><\/div>\n","protected":false},"excerpt":{"rendered":"<p>Las llamadas extorsivas se realizaban desde c\u00e1rceles del pa\u00eds, mediante la suplantaci\u00f3n de supuestos funcionarios de aduanas. V\u00edctor Alfonso Romero D\u00edaz, Jefferson Andr\u00e9s Rengifo Vargas y Miguel Andr\u00e9s Torres Murcia ser\u00edan los integrantes de una red delictiva se\u00f1alada de realizar extorsiones mediante la modalidad conocida como falsa encomienda. Los elementos materiales probatorios obtenidos por la [&hellip;]<\/p>\n","protected":false},"author":182,"featured_media":0,"comment_status":"closed","ping_status":"open","sticky":false,"template":"","format":"standard","meta":{"_price":"","_stock":"","_tribe_ticket_header":"","_tribe_default_ticket_provider":"","_tribe_ticket_capacity":"0","_ticket_start_date":"","_ticket_end_date":"","_tribe_ticket_show_description":"","_tribe_ticket_show_not_going":false,"_tribe_ticket_use_global_stock":"","_tribe_ticket_global_stock_level":"","_global_stock_mode":"","_global_stock_cap":"","_tribe_rsvp_for_event":"","_tribe_ticket_going_count":"","_tribe_ticket_not_going_count":"","_tribe_tickets_list":"[]","_tribe_ticket_has_attendee_info_fields":false,"tdm_status":"","tdm_grid_status":"","footnotes":""},"categories":[1],"tags":[45767,45762,45763,83,45761,12928,45765,45766,45758,653,45771,38176,871,3292,26095,45770,45768,45769,45759,45760,24963,8479,32324,32849,45764,44256],"class_list":{"0":"post-332942","1":"post","2":"type-post","3":"status-publish","4":"format-standard","6":"category-noticias","7":"tag-amenaza-judicial","8":"tag-apertura-de-cuentas-para-delitos","9":"tag-cobros-por-supuestos-impuestos","10":"tag-concierto-para-delinquir","11":"tag-consignaciones-fraudulentas","12":"tag-delito-de-extorsion","13":"tag-encomiendas-desde-el-exterior","14":"tag-engano-con-paquetes-internacionales","15":"tag-engano-telefonico","16":"tag-estafa","17":"tag-estafa-con-encomiendas","18":"tag-exigencias-de-dinero","19":"tag-extorion","20":"tag-extorsion-agravada","21":"tag-falsa-encomienda","22":"tag-fraude-telefonico","23":"tag-gaula-fiscalia","24":"tag-giros-de-dinero","25":"tag-llamadas-intimidantes","26":"tag-modalidad-de-extorsion","27":"tag-privados-de-la-libertad","28":"tag-red-criminal","29":"tag-red-delictiva","30":"tag-suplantacion-de-autoridad","31":"tag-tramites-aduaneros-falsos","32":"tag-transferencias-bancarias"},"yoast_head":"<!-- This site is optimized with the Yoast SEO plugin v24.3 - https:\/\/yoast.com\/wordpress\/plugins\/seo\/ -->\n<title>Fiscal\u00eda General de la Naci\u00f3n<\/title>\n<meta name=\"description\" content=\"P\u00e1gina oficial de la Fiscal\u00eda General de la Naci\u00f3n \u2013 Colombia. Garantizamos el acceso efectivo a la justicia, la verdad y la reparaci\u00f3n de las v\u00edctimas de los delitos.\" \/>\n<meta name=\"robots\" content=\"noindex, follow\" \/>\n<meta property=\"og:locale\" content=\"es_ES\" \/>\n<meta property=\"og:type\" content=\"article\" \/>\n<meta property=\"og:title\" content=\"Fiscal\u00eda General de la Naci\u00f3n\" \/>\n<meta property=\"og:description\" content=\"P\u00e1gina oficial de la Fiscal\u00eda General de la Naci\u00f3n \u2013 Colombia. Garantizamos el acceso efectivo a la justicia, la verdad y la reparaci\u00f3n de las v\u00edctimas de los delitos.\" \/>\n<meta property=\"og:url\" content=\"https:\/\/www.fiscalia.gov.co\/colombia\/noticias\/senalados-articuladores-de-red-delictiva-que-extorsionaba-con-mensajes-de-falsas-encomiendas-fueron-identificados-y-judicializados\/\" \/>\n<meta property=\"og:site_name\" content=\"Fiscal\u00eda General de la Naci\u00f3n\" \/>\n<meta property=\"article:publisher\" content=\"https:\/\/www.facebook.com\/FiscaliaCol\" \/>\n<meta property=\"article:published_time\" content=\"2026-03-16T13:13:25+00:00\" \/>\n<meta name=\"author\" content=\"Paula Andrea Castillo Lenis\" \/>\n<meta name=\"twitter:card\" content=\"summary_large_image\" \/>\n<meta name=\"twitter:creator\" content=\"@FiscaliaCol\" \/>\n<meta name=\"twitter:site\" content=\"@FiscaliaCol\" \/>\n<meta name=\"twitter:label1\" content=\"Escrito por\" \/>\n\t<meta name=\"twitter:data1\" content=\"Paula Andrea Castillo Lenis\" \/>\n\t<meta name=\"twitter:label2\" content=\"Tiempo de lectura\" \/>\n\t<meta name=\"twitter:data2\" content=\"2 minutos\" \/>\n<script type=\"application\/ld+json\" class=\"yoast-schema-graph\">{\"@context\":\"https:\/\/schema.org\",\"@graph\":[{\"@type\":\"Article\",\"@id\":\"https:\/\/www.fiscalia.gov.co\/colombia\/noticias\/senalados-articuladores-de-red-delictiva-que-extorsionaba-con-mensajes-de-falsas-encomiendas-fueron-identificados-y-judicializados\/#article\",\"isPartOf\":{\"@id\":\"https:\/\/www.fiscalia.gov.co\/colombia\/noticias\/senalados-articuladores-de-red-delictiva-que-extorsionaba-con-mensajes-de-falsas-encomiendas-fueron-identificados-y-judicializados\/\"},\"author\":{\"name\":\"Paula Andrea Castillo Lenis\",\"@id\":\"https:\/\/www.fiscalia.gov.co\/colombia\/#\/schema\/person\/66c172905e0492f1de6bbe5f93c4668f\"},\"headline\":\"Se\u00f1alados articuladores de red delictiva que extorsionaba con mensajes de falsas encomiendas fueron identificados y judicializados\",\"datePublished\":\"2026-03-16T13:13:25+00:00\",\"dateModified\":\"2026-03-16T13:13:25+00:00\",\"mainEntityOfPage\":{\"@id\":\"https:\/\/www.fiscalia.gov.co\/colombia\/noticias\/senalados-articuladores-de-red-delictiva-que-extorsionaba-con-mensajes-de-falsas-encomiendas-fueron-identificados-y-judicializados\/\"},\"wordCount\":437,\"publisher\":{\"@id\":\"https:\/\/www.fiscalia.gov.co\/colombia\/#organization\"},\"keywords\":[\"amenaza judicial\",\"apertura de cuentas para delitos\",\"cobros por supuestos impuestos\",\"Concierto para delinquir\",\"consignaciones fraudulentas\",\"delito de extorsi\u00f3n\",\"encomiendas desde el exterior\",\"enga\u00f1o con paquetes internacionales\",\"enga\u00f1o telef\u00f3nico\",\"Estafa\",\"estafa con encomiendas\",\"exigencias de dinero\",\"Extorsi\u00f3n\",\"Extorsi\u00f3n agravada\",\"falsa encomienda\",\"fraude telef\u00f3nico\",\"GAULA Fiscal\u00eda\",\"giros de dinero\",\"llamadas intimidantes\",\"modalidad de extorsi\u00f3n\",\"privados de la libertad\",\"Red criminal\",\"red delictiva\",\"suplantaci\u00f3n de autoridad\",\"tr\u00e1mites aduaneros falsos\",\"transferencias bancarias\"],\"articleSection\":[\"Noticias\"],\"inLanguage\":\"es-CO\"},{\"@type\":\"WebPage\",\"@id\":\"https:\/\/www.fiscalia.gov.co\/colombia\/noticias\/senalados-articuladores-de-red-delictiva-que-extorsionaba-con-mensajes-de-falsas-encomiendas-fueron-identificados-y-judicializados\/\",\"url\":\"https:\/\/www.fiscalia.gov.co\/colombia\/noticias\/senalados-articuladores-de-red-delictiva-que-extorsionaba-con-mensajes-de-falsas-encomiendas-fueron-identificados-y-judicializados\/\",\"name\":\"Fiscal\u00eda General de la Naci\u00f3n\",\"isPartOf\":{\"@id\":\"https:\/\/www.fiscalia.gov.co\/colombia\/#website\"},\"datePublished\":\"2026-03-16T13:13:25+00:00\",\"dateModified\":\"2026-03-16T13:13:25+00:00\",\"description\":\"P\u00e1gina oficial de la Fiscal\u00eda General de la Naci\u00f3n \u2013 Colombia. Garantizamos el acceso efectivo a la justicia, la verdad y la reparaci\u00f3n de las v\u00edctimas de los delitos.\",\"breadcrumb\":{\"@id\":\"https:\/\/www.fiscalia.gov.co\/colombia\/noticias\/senalados-articuladores-de-red-delictiva-que-extorsionaba-con-mensajes-de-falsas-encomiendas-fueron-identificados-y-judicializados\/#breadcrumb\"},\"inLanguage\":\"es-CO\",\"potentialAction\":[{\"@type\":\"ReadAction\",\"target\":[\"https:\/\/www.fiscalia.gov.co\/colombia\/noticias\/senalados-articuladores-de-red-delictiva-que-extorsionaba-con-mensajes-de-falsas-encomiendas-fueron-identificados-y-judicializados\/\"]}]},{\"@type\":\"BreadcrumbList\",\"@id\":\"https:\/\/www.fiscalia.gov.co\/colombia\/noticias\/senalados-articuladores-de-red-delictiva-que-extorsionaba-con-mensajes-de-falsas-encomiendas-fueron-identificados-y-judicializados\/#breadcrumb\",\"itemListElement\":[{\"@type\":\"ListItem\",\"position\":1,\"name\":\"Home\",\"item\":\"https:\/\/www.fiscalia.gov.co\/colombia\/\"},{\"@type\":\"ListItem\",\"position\":2,\"name\":\"Se\u00f1alados articuladores de red delictiva que extorsionaba con mensajes de falsas encomiendas fueron identificados y judicializados\"}]},{\"@type\":\"WebSite\",\"@id\":\"https:\/\/www.fiscalia.gov.co\/colombia\/#website\",\"url\":\"https:\/\/www.fiscalia.gov.co\/colombia\/\",\"name\":\"Fiscal\u00eda General de la Naci\u00f3n\",\"description\":\"P\u00e1gina oficial de la Fiscal\u00eda General de la Naci\u00f3n \u2013 Colombia. Garantizamos el acceso efectivo a la justicia, la verdad y la reparaci\u00f3n de las v\u00edctimas de los delitos.\",\"publisher\":{\"@id\":\"https:\/\/www.fiscalia.gov.co\/colombia\/#organization\"},\"potentialAction\":[{\"@type\":\"SearchAction\",\"target\":{\"@type\":\"EntryPoint\",\"urlTemplate\":\"https:\/\/www.fiscalia.gov.co\/colombia\/?s={search_term_string}\"},\"query-input\":{\"@type\":\"PropertyValueSpecification\",\"valueRequired\":true,\"valueName\":\"search_term_string\"}}],\"inLanguage\":\"es-CO\"},{\"@type\":\"Organization\",\"@id\":\"https:\/\/www.fiscalia.gov.co\/colombia\/#organization\",\"name\":\"Fiscal\u00eda General de la Naci\u00f3n\",\"url\":\"https:\/\/www.fiscalia.gov.co\/colombia\/\",\"logo\":{\"@type\":\"ImageObject\",\"inLanguage\":\"es-CO\",\"@id\":\"https:\/\/www.fiscalia.gov.co\/colombia\/#\/schema\/logo\/image\/\",\"url\":\"https:\/\/www.fiscalia.gov.co\/colombia\/wp-content\/uploads\/LogoHorizontal_1.jpg\",\"contentUrl\":\"https:\/\/www.fiscalia.gov.co\/colombia\/wp-content\/uploads\/LogoHorizontal_1.jpg\",\"width\":300,\"height\":90,\"caption\":\"Fiscal\u00eda General de la Naci\u00f3n\"},\"image\":{\"@id\":\"https:\/\/www.fiscalia.gov.co\/colombia\/#\/schema\/logo\/image\/\"},\"sameAs\":[\"https:\/\/www.facebook.com\/FiscaliaCol\",\"https:\/\/x.com\/FiscaliaCol\",\"https:\/\/www.instagram.com\/fiscaliacol\",\"https:\/\/www.linkedin.com\/company\/fiscalia-general-de-la-naci-n\/\",\"https:\/\/youtube.com\/@fiscaliageneraldelanacion-4668?si=6nN79nyQICPU5iTh\"]},{\"@type\":\"Person\",\"@id\":\"https:\/\/www.fiscalia.gov.co\/colombia\/#\/schema\/person\/66c172905e0492f1de6bbe5f93c4668f\",\"name\":\"Paula Andrea Castillo Lenis\",\"image\":{\"@type\":\"ImageObject\",\"inLanguage\":\"es-CO\",\"@id\":\"https:\/\/www.fiscalia.gov.co\/colombia\/#\/schema\/person\/image\/\",\"url\":\"https:\/\/secure.gravatar.com\/avatar\/cb060d9561f2947c4102d1825739f868?s=96&d=mm&r=g\",\"contentUrl\":\"https:\/\/secure.gravatar.com\/avatar\/cb060d9561f2947c4102d1825739f868?s=96&d=mm&r=g\",\"caption\":\"Paula Andrea Castillo Lenis\"},\"url\":\"https:\/\/www.fiscalia.gov.co\/colombia\/author\/paula-castillo\/\"}]}<\/script>\n<!-- \/ Yoast SEO plugin. -->","yoast_head_json":{"title":"Fiscal\u00eda General de la Naci\u00f3n","description":"P\u00e1gina oficial de la Fiscal\u00eda General de la Naci\u00f3n \u2013 Colombia. Garantizamos el acceso efectivo a la justicia, la verdad y la reparaci\u00f3n de las v\u00edctimas de los delitos.","robots":{"index":"noindex","follow":"follow"},"og_locale":"es_ES","og_type":"article","og_title":"Fiscal\u00eda General de la Naci\u00f3n","og_description":"P\u00e1gina oficial de la Fiscal\u00eda General de la Naci\u00f3n \u2013 Colombia. Garantizamos el acceso efectivo a la justicia, la verdad y la reparaci\u00f3n de las v\u00edctimas de los delitos.","og_url":"https:\/\/www.fiscalia.gov.co\/colombia\/noticias\/senalados-articuladores-de-red-delictiva-que-extorsionaba-con-mensajes-de-falsas-encomiendas-fueron-identificados-y-judicializados\/","og_site_name":"Fiscal\u00eda General de la Naci\u00f3n","article_publisher":"https:\/\/www.facebook.com\/FiscaliaCol","article_published_time":"2026-03-16T13:13:25+00:00","author":"Paula Andrea Castillo Lenis","twitter_card":"summary_large_image","twitter_creator":"@FiscaliaCol","twitter_site":"@FiscaliaCol","twitter_misc":{"Escrito por":"Paula Andrea Castillo Lenis","Tiempo de lectura":"2 minutos"},"schema":{"@context":"https:\/\/schema.org","@graph":[{"@type":"Article","@id":"https:\/\/www.fiscalia.gov.co\/colombia\/noticias\/senalados-articuladores-de-red-delictiva-que-extorsionaba-con-mensajes-de-falsas-encomiendas-fueron-identificados-y-judicializados\/#article","isPartOf":{"@id":"https:\/\/www.fiscalia.gov.co\/colombia\/noticias\/senalados-articuladores-de-red-delictiva-que-extorsionaba-con-mensajes-de-falsas-encomiendas-fueron-identificados-y-judicializados\/"},"author":{"name":"Paula Andrea Castillo Lenis","@id":"https:\/\/www.fiscalia.gov.co\/colombia\/#\/schema\/person\/66c172905e0492f1de6bbe5f93c4668f"},"headline":"Se\u00f1alados articuladores de red delictiva que extorsionaba con mensajes de falsas encomiendas fueron identificados y judicializados","datePublished":"2026-03-16T13:13:25+00:00","dateModified":"2026-03-16T13:13:25+00:00","mainEntityOfPage":{"@id":"https:\/\/www.fiscalia.gov.co\/colombia\/noticias\/senalados-articuladores-de-red-delictiva-que-extorsionaba-con-mensajes-de-falsas-encomiendas-fueron-identificados-y-judicializados\/"},"wordCount":437,"publisher":{"@id":"https:\/\/www.fiscalia.gov.co\/colombia\/#organization"},"keywords":["amenaza judicial","apertura de cuentas para delitos","cobros por supuestos impuestos","Concierto para delinquir","consignaciones fraudulentas","delito de extorsi\u00f3n","encomiendas desde el exterior","enga\u00f1o con paquetes internacionales","enga\u00f1o telef\u00f3nico","Estafa","estafa con encomiendas","exigencias de dinero","Extorsi\u00f3n","Extorsi\u00f3n agravada","falsa encomienda","fraude telef\u00f3nico","GAULA Fiscal\u00eda","giros de dinero","llamadas intimidantes","modalidad de extorsi\u00f3n","privados de la libertad","Red criminal","red delictiva","suplantaci\u00f3n de autoridad","tr\u00e1mites aduaneros falsos","transferencias bancarias"],"articleSection":["Noticias"],"inLanguage":"es-CO"},{"@type":"WebPage","@id":"https:\/\/www.fiscalia.gov.co\/colombia\/noticias\/senalados-articuladores-de-red-delictiva-que-extorsionaba-con-mensajes-de-falsas-encomiendas-fueron-identificados-y-judicializados\/","url":"https:\/\/www.fiscalia.gov.co\/colombia\/noticias\/senalados-articuladores-de-red-delictiva-que-extorsionaba-con-mensajes-de-falsas-encomiendas-fueron-identificados-y-judicializados\/","name":"Fiscal\u00eda General de la Naci\u00f3n","isPartOf":{"@id":"https:\/\/www.fiscalia.gov.co\/colombia\/#website"},"datePublished":"2026-03-16T13:13:25+00:00","dateModified":"2026-03-16T13:13:25+00:00","description":"P\u00e1gina oficial de la Fiscal\u00eda General de la Naci\u00f3n \u2013 Colombia. Garantizamos el acceso efectivo a la justicia, la verdad y la reparaci\u00f3n de las v\u00edctimas de los delitos.","breadcrumb":{"@id":"https:\/\/www.fiscalia.gov.co\/colombia\/noticias\/senalados-articuladores-de-red-delictiva-que-extorsionaba-con-mensajes-de-falsas-encomiendas-fueron-identificados-y-judicializados\/#breadcrumb"},"inLanguage":"es-CO","potentialAction":[{"@type":"ReadAction","target":["https:\/\/www.fiscalia.gov.co\/colombia\/noticias\/senalados-articuladores-de-red-delictiva-que-extorsionaba-con-mensajes-de-falsas-encomiendas-fueron-identificados-y-judicializados\/"]}]},{"@type":"BreadcrumbList","@id":"https:\/\/www.fiscalia.gov.co\/colombia\/noticias\/senalados-articuladores-de-red-delictiva-que-extorsionaba-con-mensajes-de-falsas-encomiendas-fueron-identificados-y-judicializados\/#breadcrumb","itemListElement":[{"@type":"ListItem","position":1,"name":"Home","item":"https:\/\/www.fiscalia.gov.co\/colombia\/"},{"@type":"ListItem","position":2,"name":"Se\u00f1alados articuladores de red delictiva que extorsionaba con mensajes de falsas encomiendas fueron identificados y judicializados"}]},{"@type":"WebSite","@id":"https:\/\/www.fiscalia.gov.co\/colombia\/#website","url":"https:\/\/www.fiscalia.gov.co\/colombia\/","name":"Fiscal\u00eda General de la Naci\u00f3n","description":"P\u00e1gina oficial de la Fiscal\u00eda General de la Naci\u00f3n \u2013 Colombia. Garantizamos el acceso efectivo a la justicia, la verdad y la reparaci\u00f3n de las v\u00edctimas de los delitos.","publisher":{"@id":"https:\/\/www.fiscalia.gov.co\/colombia\/#organization"},"potentialAction":[{"@type":"SearchAction","target":{"@type":"EntryPoint","urlTemplate":"https:\/\/www.fiscalia.gov.co\/colombia\/?s={search_term_string}"},"query-input":{"@type":"PropertyValueSpecification","valueRequired":true,"valueName":"search_term_string"}}],"inLanguage":"es-CO"},{"@type":"Organization","@id":"https:\/\/www.fiscalia.gov.co\/colombia\/#organization","name":"Fiscal\u00eda General de la Naci\u00f3n","url":"https:\/\/www.fiscalia.gov.co\/colombia\/","logo":{"@type":"ImageObject","inLanguage":"es-CO","@id":"https:\/\/www.fiscalia.gov.co\/colombia\/#\/schema\/logo\/image\/","url":"https:\/\/www.fiscalia.gov.co\/colombia\/wp-content\/uploads\/LogoHorizontal_1.jpg","contentUrl":"https:\/\/www.fiscalia.gov.co\/colombia\/wp-content\/uploads\/LogoHorizontal_1.jpg","width":300,"height":90,"caption":"Fiscal\u00eda General de la Naci\u00f3n"},"image":{"@id":"https:\/\/www.fiscalia.gov.co\/colombia\/#\/schema\/logo\/image\/"},"sameAs":["https:\/\/www.facebook.com\/FiscaliaCol","https:\/\/x.com\/FiscaliaCol","https:\/\/www.instagram.com\/fiscaliacol","https:\/\/www.linkedin.com\/company\/fiscalia-general-de-la-naci-n\/","https:\/\/youtube.com\/@fiscaliageneraldelanacion-4668?si=6nN79nyQICPU5iTh"]},{"@type":"Person","@id":"https:\/\/www.fiscalia.gov.co\/colombia\/#\/schema\/person\/66c172905e0492f1de6bbe5f93c4668f","name":"Paula Andrea Castillo Lenis","image":{"@type":"ImageObject","inLanguage":"es-CO","@id":"https:\/\/www.fiscalia.gov.co\/colombia\/#\/schema\/person\/image\/","url":"https:\/\/secure.gravatar.com\/avatar\/cb060d9561f2947c4102d1825739f868?s=96&d=mm&r=g","contentUrl":"https:\/\/secure.gravatar.com\/avatar\/cb060d9561f2947c4102d1825739f868?s=96&d=mm&r=g","caption":"Paula Andrea Castillo Lenis"},"url":"https:\/\/www.fiscalia.gov.co\/colombia\/author\/paula-castillo\/"}]}},"_links":{"self":[{"href":"https:\/\/www.fiscalia.gov.co\/colombia\/wp-json\/wp\/v2\/posts\/332942","targetHints":{"allow":["GET"]}}],"collection":[{"href":"https:\/\/www.fiscalia.gov.co\/colombia\/wp-json\/wp\/v2\/posts"}],"about":[{"href":"https:\/\/www.fiscalia.gov.co\/colombia\/wp-json\/wp\/v2\/types\/post"}],"author":[{"embeddable":true,"href":"https:\/\/www.fiscalia.gov.co\/colombia\/wp-json\/wp\/v2\/users\/182"}],"replies":[{"embeddable":true,"href":"https:\/\/www.fiscalia.gov.co\/colombia\/wp-json\/wp\/v2\/comments?post=332942"}],"version-history":[{"count":1,"href":"https:\/\/www.fiscalia.gov.co\/colombia\/wp-json\/wp\/v2\/posts\/332942\/revisions"}],"predecessor-version":[{"id":332943,"href":"https:\/\/www.fiscalia.gov.co\/colombia\/wp-json\/wp\/v2\/posts\/332942\/revisions\/332943"}],"wp:attachment":[{"href":"https:\/\/www.fiscalia.gov.co\/colombia\/wp-json\/wp\/v2\/media?parent=332942"}],"wp:term":[{"taxonomy":"category","embeddable":true,"href":"https:\/\/www.fiscalia.gov.co\/colombia\/wp-json\/wp\/v2\/categories?post=332942"},{"taxonomy":"post_tag","embeddable":true,"href":"https:\/\/www.fiscalia.gov.co\/colombia\/wp-json\/wp\/v2\/tags?post=332942"}],"curies":[{"name":"wp","href":"https:\/\/api.w.org\/{rel}","templated":true}]}}