{"id":332939,"date":"2026-03-15T09:15:58","date_gmt":"2026-03-15T14:15:58","guid":{"rendered":"https:\/\/www.fiscalia.gov.co\/colombia\/?p=332939"},"modified":"2026-03-15T09:15:58","modified_gmt":"2026-03-15T14:15:58","slug":"asegurado-presunto-responsable-del-hurto-y-el-posterior-homicidio-de-un-profesor-universitario-en-medellin","status":"publish","type":"post","link":"https:\/\/www.fiscalia.gov.co\/colombia\/noticias\/asegurado-presunto-responsable-del-hurto-y-el-posterior-homicidio-de-un-profesor-universitario-en-medellin\/","title":{"rendered":"Asegurado presunto responsable del hurto y el posterior homicidio de un profesor universitario en Medell\u00edn"},"content":{"rendered":"<blockquote>\n<h4><em>Momentos antes del crimen, en el mismo lugar, otro ciudadano fue asaltado y lesionado con arma cortopunzante. <\/em><\/h4>\n<\/blockquote>\n<p>Las actividades investigativas orientadas por la <strong>Fiscal\u00eda General de la Naci\u00f3n<\/strong> con ocasi\u00f3n del crimen del profesor universitario, James Alberto Arboleda Cardona, ocurrido el 3 de octubre de 2024, en <strong>Medell\u00edn (Antioquia)<\/strong>, permitieron identificar y judicializar a Yovanny Gonz\u00e1lez Ulloa, alias Valencia o Valenciano.<\/p>\n<p>De acuerdo con los elementos materiales probatorios, el docente se desplazaba en motocicleta por el occidente de la ciudad cuando fue interceptado por varias personas, entre ellas el hoy procesado, quienes lo llevaron a un sendero peatonal del <strong>cerro El Volador.<\/strong> All\u00ed le arrebataron el celular y las tarjetas bancarias, lo obligaron a entregar sus claves y, en medio de un forcejeo, le causaron varias heridas con arma blanca que le ocasionaron la muerte.<\/p>\n<p>El cuerpo de la<strong> v\u00edctima<\/strong> fue abandonado en el lugar y encontrado dos d\u00edas despu\u00e9s; mientras que los asaltantes realizaron varios transacciones bancarias con sus tarjetas.<\/p>\n<p>Ese mismo d\u00eda, otro hombre fue abordado en el mismo sector por el grupo delictivo, que tambi\u00e9n le quit\u00f3 los objetos de valor que portaba y le caus\u00f3 una herida con <strong>arma cortopunzante.<\/strong><\/p>\n<p>Por todo lo anterior, un fiscal de la <strong>Unidad Especial de Investigaci\u00f3n (UEI)<\/strong> imput\u00f3 a Arboleda Cardona los delitos de homicidio, hurto calificado y lesiones personales, todas las conductas agravadas.<\/p>\n<p>El investigado, de nacionalidad venezolana, no acept\u00f3 cargos y deber\u00e1 cumplir <strong>medida de aseguramiento en centro carcelario.<\/strong><\/p>\n<p>Por su presunta participaci\u00f3n en este hecho, recientemente fue judicializado Jos\u00e9 Luis Rivas Mosquera.<\/p>\n<p>AMCJ\/LCHG\/AMCJ\/<\/p>\n<p>&nbsp;<\/p>\n<p><em>La informaci\u00f3n contenida en este bolet\u00edn de prensa corresponde a la narraci\u00f3n de los hechos noticiosos objetivos, suministrados por los funcionarios encargados de adelantar las investigaciones penales al interior de la Fiscal\u00eda General de la Naci\u00f3n. Para el momento de la divulgaci\u00f3n de este comunicado, la situaci\u00f3n jur\u00eddica de la(s) persona(s) relacionada(s) se encuentra pendiente de resolver por la autoridad judicial competente, siempre bajo los preceptos de la presunci\u00f3n de inocencia, consagrados en el art\u00edculo 29 de la Constituci\u00f3n Pol\u00edtica y el art\u00edculo 7\u00ba de la Ley 906 de 2004.<\/em><\/p>\n\n<div class=\"twitter-share\"><a href=\"https:\/\/twitter.com\/intent\/tweet?via=fiscaliacol\" class=\"twitter-share-button\">Tweet<\/a><\/div>\n","protected":false},"excerpt":{"rendered":"<p>Momentos antes del crimen, en el mismo lugar, otro ciudadano fue asaltado y lesionado con arma cortopunzante. Las actividades investigativas orientadas por la Fiscal\u00eda General de la Naci\u00f3n con ocasi\u00f3n del crimen del profesor universitario, James Alberto Arboleda Cardona, ocurrido el 3 de octubre de 2024, en Medell\u00edn (Antioquia), permitieron identificar y judicializar a Yovanny [&hellip;]<\/p>\n","protected":false},"author":182,"featured_media":0,"comment_status":"closed","ping_status":"open","sticky":false,"template":"","format":"standard","meta":{"tdm_status":"","tdm_grid_status":"","footnotes":""},"categories":[1],"tags":[45747,45748,45745,41424,924,28821,45755,45757,45750,1047,26657,686,45744,2408,45754,3804,45208,45207,25812,13545,45756,45749,45752,45751,28298,45753,45746],"class_list":{"0":"post-332939","1":"post","2":"type-post","3":"status-publish","4":"format-standard","6":"category-noticias","7":"tag-alias-valencia","8":"tag-alias-valenciano","9":"tag-asesinato-de-profesor-universitario","10":"tag-ataque-con-arma-cortopunzante","11":"tag-captura","12":"tag-cerro-el-volador","13":"tag-ciudadano-venezolano-procesado","14":"tag-crimen-contra-docente","15":"tag-delincuencia-en-medellin","16":"tag-fiscalia-general-de-la-nacion","17":"tag-grupo-delictivo","18":"tag-homicidio-agravado","19":"tag-homicidio-en-medellin","20":"tag-hurto-calificado","21":"tag-inseguridad-en-medellin","22":"tag-investigacion-criminal","23":"tag-james-alberto-arboleda-cardona","24":"tag-jose-luis-rivas-mosquera","25":"tag-judicializacion","26":"tag-lesiones-personales-agravadas","27":"tag-medida-de-aseguramiento-en-carcel","28":"tag-robo-con-arma-blanca","29":"tag-robo-de-celular-y-tarjetas","30":"tag-transacciones-bancarias-fraudulentas","31":"tag-unidad-especial-de-investigacion-uei","32":"tag-victima-encontrada-sin-vida","33":"tag-yovanny-gonzalez-ulloa"},"yoast_head":"<!-- This site is optimized with the Yoast SEO plugin v24.3 - https:\/\/yoast.com\/wordpress\/plugins\/seo\/ -->\n<title>Fiscal\u00eda General de la Naci\u00f3n<\/title>\n<meta name=\"description\" content=\"P\u00e1gina oficial de la Fiscal\u00eda General de la Naci\u00f3n \u2013 Colombia. Garantizamos el acceso efectivo a la justicia, la verdad y la reparaci\u00f3n de las v\u00edctimas de los delitos.\" \/>\n<meta name=\"robots\" content=\"noindex, follow\" \/>\n<meta property=\"og:locale\" content=\"es_ES\" \/>\n<meta property=\"og:type\" content=\"article\" \/>\n<meta property=\"og:title\" content=\"Fiscal\u00eda General de la Naci\u00f3n\" \/>\n<meta property=\"og:description\" content=\"P\u00e1gina oficial de la Fiscal\u00eda General de la Naci\u00f3n \u2013 Colombia. Garantizamos el acceso efectivo a la justicia, la verdad y la reparaci\u00f3n de las v\u00edctimas de los delitos.\" \/>\n<meta property=\"og:url\" content=\"https:\/\/www.fiscalia.gov.co\/colombia\/noticias\/asegurado-presunto-responsable-del-hurto-y-el-posterior-homicidio-de-un-profesor-universitario-en-medellin\/\" \/>\n<meta property=\"og:site_name\" content=\"Fiscal\u00eda General de la Naci\u00f3n\" \/>\n<meta property=\"article:publisher\" content=\"https:\/\/www.facebook.com\/FiscaliaCol\" \/>\n<meta property=\"article:published_time\" content=\"2026-03-15T14:15:58+00:00\" \/>\n<meta name=\"author\" content=\"Paula Andrea Castillo Lenis\" \/>\n<meta name=\"twitter:card\" content=\"summary_large_image\" \/>\n<meta name=\"twitter:creator\" content=\"@FiscaliaCol\" \/>\n<meta name=\"twitter:site\" content=\"@FiscaliaCol\" \/>\n<meta name=\"twitter:label1\" content=\"Escrito por\" \/>\n\t<meta name=\"twitter:data1\" content=\"Paula Andrea Castillo Lenis\" \/>\n\t<meta name=\"twitter:label2\" content=\"Tiempo de lectura\" \/>\n\t<meta name=\"twitter:data2\" content=\"2 minutos\" \/>\n<script type=\"application\/ld+json\" class=\"yoast-schema-graph\">{\"@context\":\"https:\/\/schema.org\",\"@graph\":[{\"@type\":\"Article\",\"@id\":\"https:\/\/www.fiscalia.gov.co\/colombia\/noticias\/asegurado-presunto-responsable-del-hurto-y-el-posterior-homicidio-de-un-profesor-universitario-en-medellin\/#article\",\"isPartOf\":{\"@id\":\"https:\/\/www.fiscalia.gov.co\/colombia\/noticias\/asegurado-presunto-responsable-del-hurto-y-el-posterior-homicidio-de-un-profesor-universitario-en-medellin\/\"},\"author\":{\"name\":\"Paula Andrea Castillo Lenis\",\"@id\":\"https:\/\/www.fiscalia.gov.co\/colombia\/#\/schema\/person\/66c172905e0492f1de6bbe5f93c4668f\"},\"headline\":\"Asegurado presunto responsable del hurto y el posterior homicidio de un profesor universitario en Medell\u00edn\",\"datePublished\":\"2026-03-15T14:15:58+00:00\",\"dateModified\":\"2026-03-15T14:15:58+00:00\",\"mainEntityOfPage\":{\"@id\":\"https:\/\/www.fiscalia.gov.co\/colombia\/noticias\/asegurado-presunto-responsable-del-hurto-y-el-posterior-homicidio-de-un-profesor-universitario-en-medellin\/\"},\"wordCount\":387,\"publisher\":{\"@id\":\"https:\/\/www.fiscalia.gov.co\/colombia\/#organization\"},\"keywords\":[\"alias Valencia\",\"alias Valenciano\",\"asesinato de profesor universitario\",\"ataque con arma cortopunzante\",\"Captura\",\"cerro El Volador\",\"ciudadano venezolano procesado\",\"crimen contra docente\",\"delincuencia en Medell\u00edn\",\"Fiscal\u00eda General de la Naci\u00f3n\",\"grupo delictivo\",\"Homicidio agravado\",\"homicidio en Medell\u00edn\",\"Hurto calificado\",\"inseguridad en Medell\u00edn\",\"Investigaci\u00f3n criminal\",\"James Alberto Arboleda Cardona\",\"Jos\u00e9 Luis Rivas Mosquera\",\"Judicializaci\u00f3n\",\"Lesiones personales agravadas\",\"medida de aseguramiento en c\u00e1rcel\",\"robo con arma blanca\",\"robo de celular y tarjetas\",\"transacciones bancarias fraudulentas\",\"Unidad Especial de Investigaci\u00f3n (UEI)\",\"v\u00edctima encontrada sin vida\",\"Yovanny Gonz\u00e1lez Ulloa\"],\"articleSection\":[\"Noticias\"],\"inLanguage\":\"es-CO\"},{\"@type\":\"WebPage\",\"@id\":\"https:\/\/www.fiscalia.gov.co\/colombia\/noticias\/asegurado-presunto-responsable-del-hurto-y-el-posterior-homicidio-de-un-profesor-universitario-en-medellin\/\",\"url\":\"https:\/\/www.fiscalia.gov.co\/colombia\/noticias\/asegurado-presunto-responsable-del-hurto-y-el-posterior-homicidio-de-un-profesor-universitario-en-medellin\/\",\"name\":\"Fiscal\u00eda General de la Naci\u00f3n\",\"isPartOf\":{\"@id\":\"https:\/\/www.fiscalia.gov.co\/colombia\/#website\"},\"datePublished\":\"2026-03-15T14:15:58+00:00\",\"dateModified\":\"2026-03-15T14:15:58+00:00\",\"description\":\"P\u00e1gina oficial de la Fiscal\u00eda General de la Naci\u00f3n \u2013 Colombia. Garantizamos el acceso efectivo a la justicia, la verdad y la reparaci\u00f3n de las v\u00edctimas de los delitos.\",\"breadcrumb\":{\"@id\":\"https:\/\/www.fiscalia.gov.co\/colombia\/noticias\/asegurado-presunto-responsable-del-hurto-y-el-posterior-homicidio-de-un-profesor-universitario-en-medellin\/#breadcrumb\"},\"inLanguage\":\"es-CO\",\"potentialAction\":[{\"@type\":\"ReadAction\",\"target\":[\"https:\/\/www.fiscalia.gov.co\/colombia\/noticias\/asegurado-presunto-responsable-del-hurto-y-el-posterior-homicidio-de-un-profesor-universitario-en-medellin\/\"]}]},{\"@type\":\"BreadcrumbList\",\"@id\":\"https:\/\/www.fiscalia.gov.co\/colombia\/noticias\/asegurado-presunto-responsable-del-hurto-y-el-posterior-homicidio-de-un-profesor-universitario-en-medellin\/#breadcrumb\",\"itemListElement\":[{\"@type\":\"ListItem\",\"position\":1,\"name\":\"Home\",\"item\":\"https:\/\/www.fiscalia.gov.co\/colombia\/\"},{\"@type\":\"ListItem\",\"position\":2,\"name\":\"Asegurado presunto responsable del hurto y el posterior homicidio de un profesor universitario en Medell\u00edn\"}]},{\"@type\":\"WebSite\",\"@id\":\"https:\/\/www.fiscalia.gov.co\/colombia\/#website\",\"url\":\"https:\/\/www.fiscalia.gov.co\/colombia\/\",\"name\":\"Fiscal\u00eda General de la Naci\u00f3n\",\"description\":\"P\u00e1gina oficial de la Fiscal\u00eda General de la Naci\u00f3n \u2013 Colombia. Garantizamos el acceso efectivo a la justicia, la verdad y la reparaci\u00f3n de las v\u00edctimas de los delitos.\",\"publisher\":{\"@id\":\"https:\/\/www.fiscalia.gov.co\/colombia\/#organization\"},\"potentialAction\":[{\"@type\":\"SearchAction\",\"target\":{\"@type\":\"EntryPoint\",\"urlTemplate\":\"https:\/\/www.fiscalia.gov.co\/colombia\/?s={search_term_string}\"},\"query-input\":{\"@type\":\"PropertyValueSpecification\",\"valueRequired\":true,\"valueName\":\"search_term_string\"}}],\"inLanguage\":\"es-CO\"},{\"@type\":\"Organization\",\"@id\":\"https:\/\/www.fiscalia.gov.co\/colombia\/#organization\",\"name\":\"Fiscal\u00eda General de la Naci\u00f3n\",\"url\":\"https:\/\/www.fiscalia.gov.co\/colombia\/\",\"logo\":{\"@type\":\"ImageObject\",\"inLanguage\":\"es-CO\",\"@id\":\"https:\/\/www.fiscalia.gov.co\/colombia\/#\/schema\/logo\/image\/\",\"url\":\"https:\/\/www.fiscalia.gov.co\/colombia\/wp-content\/uploads\/LogoHorizontal_1.jpg\",\"contentUrl\":\"https:\/\/www.fiscalia.gov.co\/colombia\/wp-content\/uploads\/LogoHorizontal_1.jpg\",\"width\":300,\"height\":90,\"caption\":\"Fiscal\u00eda General de la Naci\u00f3n\"},\"image\":{\"@id\":\"https:\/\/www.fiscalia.gov.co\/colombia\/#\/schema\/logo\/image\/\"},\"sameAs\":[\"https:\/\/www.facebook.com\/FiscaliaCol\",\"https:\/\/x.com\/FiscaliaCol\",\"https:\/\/www.instagram.com\/fiscaliacol\",\"https:\/\/www.linkedin.com\/company\/fiscalia-general-de-la-naci-n\/\",\"https:\/\/youtube.com\/@fiscaliageneraldelanacion-4668?si=6nN79nyQICPU5iTh\"]},{\"@type\":\"Person\",\"@id\":\"https:\/\/www.fiscalia.gov.co\/colombia\/#\/schema\/person\/66c172905e0492f1de6bbe5f93c4668f\",\"name\":\"Paula Andrea Castillo Lenis\",\"image\":{\"@type\":\"ImageObject\",\"inLanguage\":\"es-CO\",\"@id\":\"https:\/\/www.fiscalia.gov.co\/colombia\/#\/schema\/person\/image\/\",\"url\":\"https:\/\/secure.gravatar.com\/avatar\/cb060d9561f2947c4102d1825739f868?s=96&d=mm&r=g\",\"contentUrl\":\"https:\/\/secure.gravatar.com\/avatar\/cb060d9561f2947c4102d1825739f868?s=96&d=mm&r=g\",\"caption\":\"Paula Andrea Castillo Lenis\"},\"url\":\"https:\/\/www.fiscalia.gov.co\/colombia\/author\/paula-castillo\/\"}]}<\/script>\n<!-- \/ Yoast SEO plugin. -->","yoast_head_json":{"title":"Fiscal\u00eda General de la Naci\u00f3n","description":"P\u00e1gina oficial de la Fiscal\u00eda General de la Naci\u00f3n \u2013 Colombia. Garantizamos el acceso efectivo a la justicia, la verdad y la reparaci\u00f3n de las v\u00edctimas de los delitos.","robots":{"index":"noindex","follow":"follow"},"og_locale":"es_ES","og_type":"article","og_title":"Fiscal\u00eda General de la Naci\u00f3n","og_description":"P\u00e1gina oficial de la Fiscal\u00eda General de la Naci\u00f3n \u2013 Colombia. Garantizamos el acceso efectivo a la justicia, la verdad y la reparaci\u00f3n de las v\u00edctimas de los delitos.","og_url":"https:\/\/www.fiscalia.gov.co\/colombia\/noticias\/asegurado-presunto-responsable-del-hurto-y-el-posterior-homicidio-de-un-profesor-universitario-en-medellin\/","og_site_name":"Fiscal\u00eda General de la Naci\u00f3n","article_publisher":"https:\/\/www.facebook.com\/FiscaliaCol","article_published_time":"2026-03-15T14:15:58+00:00","author":"Paula Andrea Castillo Lenis","twitter_card":"summary_large_image","twitter_creator":"@FiscaliaCol","twitter_site":"@FiscaliaCol","twitter_misc":{"Escrito por":"Paula Andrea Castillo Lenis","Tiempo de lectura":"2 minutos"},"schema":{"@context":"https:\/\/schema.org","@graph":[{"@type":"Article","@id":"https:\/\/www.fiscalia.gov.co\/colombia\/noticias\/asegurado-presunto-responsable-del-hurto-y-el-posterior-homicidio-de-un-profesor-universitario-en-medellin\/#article","isPartOf":{"@id":"https:\/\/www.fiscalia.gov.co\/colombia\/noticias\/asegurado-presunto-responsable-del-hurto-y-el-posterior-homicidio-de-un-profesor-universitario-en-medellin\/"},"author":{"name":"Paula Andrea Castillo Lenis","@id":"https:\/\/www.fiscalia.gov.co\/colombia\/#\/schema\/person\/66c172905e0492f1de6bbe5f93c4668f"},"headline":"Asegurado presunto responsable del hurto y el posterior homicidio de un profesor universitario en Medell\u00edn","datePublished":"2026-03-15T14:15:58+00:00","dateModified":"2026-03-15T14:15:58+00:00","mainEntityOfPage":{"@id":"https:\/\/www.fiscalia.gov.co\/colombia\/noticias\/asegurado-presunto-responsable-del-hurto-y-el-posterior-homicidio-de-un-profesor-universitario-en-medellin\/"},"wordCount":387,"publisher":{"@id":"https:\/\/www.fiscalia.gov.co\/colombia\/#organization"},"keywords":["alias Valencia","alias Valenciano","asesinato de profesor universitario","ataque con arma cortopunzante","Captura","cerro El Volador","ciudadano venezolano procesado","crimen contra docente","delincuencia en Medell\u00edn","Fiscal\u00eda General de la Naci\u00f3n","grupo delictivo","Homicidio agravado","homicidio en Medell\u00edn","Hurto calificado","inseguridad en Medell\u00edn","Investigaci\u00f3n criminal","James Alberto Arboleda Cardona","Jos\u00e9 Luis Rivas Mosquera","Judicializaci\u00f3n","Lesiones personales agravadas","medida de aseguramiento en c\u00e1rcel","robo con arma blanca","robo de celular y tarjetas","transacciones bancarias fraudulentas","Unidad Especial de Investigaci\u00f3n (UEI)","v\u00edctima encontrada sin vida","Yovanny Gonz\u00e1lez Ulloa"],"articleSection":["Noticias"],"inLanguage":"es-CO"},{"@type":"WebPage","@id":"https:\/\/www.fiscalia.gov.co\/colombia\/noticias\/asegurado-presunto-responsable-del-hurto-y-el-posterior-homicidio-de-un-profesor-universitario-en-medellin\/","url":"https:\/\/www.fiscalia.gov.co\/colombia\/noticias\/asegurado-presunto-responsable-del-hurto-y-el-posterior-homicidio-de-un-profesor-universitario-en-medellin\/","name":"Fiscal\u00eda General de la Naci\u00f3n","isPartOf":{"@id":"https:\/\/www.fiscalia.gov.co\/colombia\/#website"},"datePublished":"2026-03-15T14:15:58+00:00","dateModified":"2026-03-15T14:15:58+00:00","description":"P\u00e1gina oficial de la Fiscal\u00eda General de la Naci\u00f3n \u2013 Colombia. Garantizamos el acceso efectivo a la justicia, la verdad y la reparaci\u00f3n de las v\u00edctimas de los delitos.","breadcrumb":{"@id":"https:\/\/www.fiscalia.gov.co\/colombia\/noticias\/asegurado-presunto-responsable-del-hurto-y-el-posterior-homicidio-de-un-profesor-universitario-en-medellin\/#breadcrumb"},"inLanguage":"es-CO","potentialAction":[{"@type":"ReadAction","target":["https:\/\/www.fiscalia.gov.co\/colombia\/noticias\/asegurado-presunto-responsable-del-hurto-y-el-posterior-homicidio-de-un-profesor-universitario-en-medellin\/"]}]},{"@type":"BreadcrumbList","@id":"https:\/\/www.fiscalia.gov.co\/colombia\/noticias\/asegurado-presunto-responsable-del-hurto-y-el-posterior-homicidio-de-un-profesor-universitario-en-medellin\/#breadcrumb","itemListElement":[{"@type":"ListItem","position":1,"name":"Home","item":"https:\/\/www.fiscalia.gov.co\/colombia\/"},{"@type":"ListItem","position":2,"name":"Asegurado presunto responsable del hurto y el posterior homicidio de un profesor universitario en Medell\u00edn"}]},{"@type":"WebSite","@id":"https:\/\/www.fiscalia.gov.co\/colombia\/#website","url":"https:\/\/www.fiscalia.gov.co\/colombia\/","name":"Fiscal\u00eda General de la Naci\u00f3n","description":"P\u00e1gina oficial de la Fiscal\u00eda General de la Naci\u00f3n \u2013 Colombia. Garantizamos el acceso efectivo a la justicia, la verdad y la reparaci\u00f3n de las v\u00edctimas de los delitos.","publisher":{"@id":"https:\/\/www.fiscalia.gov.co\/colombia\/#organization"},"potentialAction":[{"@type":"SearchAction","target":{"@type":"EntryPoint","urlTemplate":"https:\/\/www.fiscalia.gov.co\/colombia\/?s={search_term_string}"},"query-input":{"@type":"PropertyValueSpecification","valueRequired":true,"valueName":"search_term_string"}}],"inLanguage":"es-CO"},{"@type":"Organization","@id":"https:\/\/www.fiscalia.gov.co\/colombia\/#organization","name":"Fiscal\u00eda General de la Naci\u00f3n","url":"https:\/\/www.fiscalia.gov.co\/colombia\/","logo":{"@type":"ImageObject","inLanguage":"es-CO","@id":"https:\/\/www.fiscalia.gov.co\/colombia\/#\/schema\/logo\/image\/","url":"https:\/\/www.fiscalia.gov.co\/colombia\/wp-content\/uploads\/LogoHorizontal_1.jpg","contentUrl":"https:\/\/www.fiscalia.gov.co\/colombia\/wp-content\/uploads\/LogoHorizontal_1.jpg","width":300,"height":90,"caption":"Fiscal\u00eda General de la Naci\u00f3n"},"image":{"@id":"https:\/\/www.fiscalia.gov.co\/colombia\/#\/schema\/logo\/image\/"},"sameAs":["https:\/\/www.facebook.com\/FiscaliaCol","https:\/\/x.com\/FiscaliaCol","https:\/\/www.instagram.com\/fiscaliacol","https:\/\/www.linkedin.com\/company\/fiscalia-general-de-la-naci-n\/","https:\/\/youtube.com\/@fiscaliageneraldelanacion-4668?si=6nN79nyQICPU5iTh"]},{"@type":"Person","@id":"https:\/\/www.fiscalia.gov.co\/colombia\/#\/schema\/person\/66c172905e0492f1de6bbe5f93c4668f","name":"Paula Andrea Castillo Lenis","image":{"@type":"ImageObject","inLanguage":"es-CO","@id":"https:\/\/www.fiscalia.gov.co\/colombia\/#\/schema\/person\/image\/","url":"https:\/\/secure.gravatar.com\/avatar\/cb060d9561f2947c4102d1825739f868?s=96&d=mm&r=g","contentUrl":"https:\/\/secure.gravatar.com\/avatar\/cb060d9561f2947c4102d1825739f868?s=96&d=mm&r=g","caption":"Paula Andrea Castillo Lenis"},"url":"https:\/\/www.fiscalia.gov.co\/colombia\/author\/paula-castillo\/"}]}},"_links":{"self":[{"href":"https:\/\/www.fiscalia.gov.co\/colombia\/wp-json\/wp\/v2\/posts\/332939","targetHints":{"allow":["GET"]}}],"collection":[{"href":"https:\/\/www.fiscalia.gov.co\/colombia\/wp-json\/wp\/v2\/posts"}],"about":[{"href":"https:\/\/www.fiscalia.gov.co\/colombia\/wp-json\/wp\/v2\/types\/post"}],"author":[{"embeddable":true,"href":"https:\/\/www.fiscalia.gov.co\/colombia\/wp-json\/wp\/v2\/users\/182"}],"replies":[{"embeddable":true,"href":"https:\/\/www.fiscalia.gov.co\/colombia\/wp-json\/wp\/v2\/comments?post=332939"}],"version-history":[{"count":1,"href":"https:\/\/www.fiscalia.gov.co\/colombia\/wp-json\/wp\/v2\/posts\/332939\/revisions"}],"predecessor-version":[{"id":332940,"href":"https:\/\/www.fiscalia.gov.co\/colombia\/wp-json\/wp\/v2\/posts\/332939\/revisions\/332940"}],"wp:attachment":[{"href":"https:\/\/www.fiscalia.gov.co\/colombia\/wp-json\/wp\/v2\/media?parent=332939"}],"wp:term":[{"taxonomy":"category","embeddable":true,"href":"https:\/\/www.fiscalia.gov.co\/colombia\/wp-json\/wp\/v2\/categories?post=332939"},{"taxonomy":"post_tag","embeddable":true,"href":"https:\/\/www.fiscalia.gov.co\/colombia\/wp-json\/wp\/v2\/tags?post=332939"}],"curies":[{"name":"wp","href":"https:\/\/api.w.org\/{rel}","templated":true}]}}