{"id":332936,"date":"2026-03-14T10:15:25","date_gmt":"2026-03-14T15:15:25","guid":{"rendered":"https:\/\/www.fiscalia.gov.co\/colombia\/?p=332936"},"modified":"2026-03-14T10:15:25","modified_gmt":"2026-03-14T15:15:25","slug":"condenado-integrante-del-clan-del-golfo-por-ola-de-homicidios-en-cordoba","status":"publish","type":"post","link":"https:\/\/www.fiscalia.gov.co\/colombia\/noticias\/condenado-integrante-del-clan-del-golfo-por-ola-de-homicidios-en-cordoba\/","title":{"rendered":"Condenado integrante del \u2018Clan del Golfo\u2019 por ola de homicidios en C\u00f3rdoba"},"content":{"rendered":"<blockquote>\n<h4><em>La sentencia de segunda instancia revoc\u00f3 la absoluci\u00f3n de Dairo Jos\u00e9 Clemente Pe\u00f1ata, alias Juli\u00e1n, y lo conden\u00f3 a 38 a\u00f1os y 4 meses de prisi\u00f3n.<\/em><\/h4>\n<\/blockquote>\n<p>En atenci\u00f3n a un recurso de apelaci\u00f3n presentado por la <strong>Fiscal\u00eda General de la Naci\u00f3n<\/strong>, la <strong>Sala Penal del Tribunal Superior de Monter\u00eda (C\u00f3rdoba)<\/strong> conden\u00f3 a 38 a\u00f1os y 4 meses de prisi\u00f3n a Dairo Jos\u00e9 Clemente Pe\u00f1ata, alias Juli\u00e1n, como responsable de una ola de asesinatos selectivos en 2017.<\/p>\n<p>La decisi\u00f3n revoc\u00f3 un fallo absolutorio de primera instancia y sentenci\u00f3 a este integrante del <strong>\u2018Clan del Golfo\u2019<\/strong> por los delitos de homicidio agravado y concierto para delinquir agravado con fines de homicidio. Adem\u00e1s, le impuso una multa equivalente a 2.700 salarios m\u00ednimos legales mensuales vigentes e inhabilidad para el ejercicio de cargos p\u00fablicos por 20 a\u00f1os.<\/p>\n<p>En el curso de la investigaci\u00f3n la <strong>Fiscal\u00eda<\/strong> conoci\u00f3 que Clemente Pe\u00f1ata hizo parte de una estructura sicarial, a la que se le atribuyen tres cr\u00edmenes perpetrados entre febrero y mayo de 2017, en <strong>Monter\u00eda.<\/strong> Las v\u00edctimas habr\u00edan sido se\u00f1aladas por la organizaci\u00f3n criminal como objetivos de los ataques.<\/p>\n<p>Esta persona deber\u00e1 cumplir la pena en el establecimiento carcelario que designe el <strong>Instituto Nacional Penitenciario y Carcelario (INPEC).<\/strong><\/p>\n<p>Esta informaci\u00f3n se publica por razones de inter\u00e9s general.<\/p>\n<p>JMSV\/JARG\/MCDP\/DECOC<\/p>\n<p>&nbsp;<\/p>\n<p><em>La informaci\u00f3n contenida en este bolet\u00edn de prensa corresponde a la narraci\u00f3n de los hechos noticiosos objetivos, suministrados por los funcionarios encargados de adelantar las investigaciones penales al interior de la Fiscal\u00eda General de la Naci\u00f3n. Para el momento de la divulgaci\u00f3n de este comunicado, la situaci\u00f3n jur\u00eddica de la(s) persona(s) relacionada(s) se encuentra pendiente de resolver por la autoridad judicial competente, siempre bajo los preceptos de la presunci\u00f3n de inocencia, consagrados en el art\u00edculo 29 de la Constituci\u00f3n Pol\u00edtica y el art\u00edculo 7\u00ba de la Ley 906 de 2004.<\/em><\/p>\n\n<div class=\"twitter-share\"><a href=\"https:\/\/twitter.com\/intent\/tweet?via=fiscaliacol\" class=\"twitter-share-button\">Tweet<\/a><\/div>\n","protected":false},"excerpt":{"rendered":"<p>La sentencia de segunda instancia revoc\u00f3 la absoluci\u00f3n de Dairo Jos\u00e9 Clemente Pe\u00f1ata, alias Juli\u00e1n, y lo conden\u00f3 a 38 a\u00f1os y 4 meses de prisi\u00f3n. En atenci\u00f3n a un recurso de apelaci\u00f3n presentado por la Fiscal\u00eda General de la Naci\u00f3n, la Sala Penal del Tribunal Superior de Monter\u00eda (C\u00f3rdoba) conden\u00f3 a 38 a\u00f1os y [&hellip;]<\/p>\n","protected":false},"author":182,"featured_media":0,"comment_status":"closed","ping_status":"open","sticky":false,"template":"","format":"standard","meta":{"tdm_status":"","tdm_grid_status":"","footnotes":""},"categories":[1],"tags":[45732,29495,15252,45734,14550,18672,7336,293,45743,13531,45736,45733,45735,1047,686,43943,3034,45738,45741,45742,45737,7329,45739,44019,45740,5448,45731],"class_list":{"0":"post-332936","1":"post","2":"type-post","3":"status-publish","4":"format-standard","6":"category-noticias","7":"tag-38-anos-y-4-meses-de-prision","8":"tag-alias-julian","9":"tag-apelacion","10":"tag-asesinatos-selectivos","11":"tag-carcel","12":"tag-clan-del-golfo","13":"tag-concierto-para-delinquir-agravado","14":"tag-condena","15":"tag-condena-por-homicidio","16":"tag-cordoba","17":"tag-crimenes-en-monteria","18":"tag-dairo-jose-clemente-penata","19":"tag-estructura-sicarial","20":"tag-fiscalia-general-de-la-nacion","21":"tag-homicidio-agravado","22":"tag-inhabilidad-para-cargos-publicos","23":"tag-inpec","24":"tag-investigacion-de-la-fiscalia","25":"tag-justicia-en-colombia","26":"tag-multa-2700-salarios-minimos","27":"tag-ola-de-homicidios-2017","28":"tag-organizacion-criminal","29":"tag-revocatoria-de-fallo-absolutorio","30":"tag-seguridad-y-justicia","31":"tag-sentencia-penal","32":"tag-sicariato","33":"tag-tribunal-superior-de-monteria"},"yoast_head":"<!-- This site is optimized with the Yoast SEO plugin v24.3 - https:\/\/yoast.com\/wordpress\/plugins\/seo\/ -->\n<title>Fiscal\u00eda General de la Naci\u00f3n<\/title>\n<meta name=\"description\" content=\"P\u00e1gina oficial de la Fiscal\u00eda General de la Naci\u00f3n \u2013 Colombia. Garantizamos el acceso efectivo a la justicia, la verdad y la reparaci\u00f3n de las v\u00edctimas de los delitos.\" \/>\n<meta name=\"robots\" content=\"noindex, follow\" \/>\n<meta property=\"og:locale\" content=\"es_ES\" \/>\n<meta property=\"og:type\" content=\"article\" \/>\n<meta property=\"og:title\" content=\"Fiscal\u00eda General de la Naci\u00f3n\" \/>\n<meta property=\"og:description\" content=\"P\u00e1gina oficial de la Fiscal\u00eda General de la Naci\u00f3n \u2013 Colombia. Garantizamos el acceso efectivo a la justicia, la verdad y la reparaci\u00f3n de las v\u00edctimas de los delitos.\" \/>\n<meta property=\"og:url\" content=\"https:\/\/www.fiscalia.gov.co\/colombia\/noticias\/condenado-integrante-del-clan-del-golfo-por-ola-de-homicidios-en-cordoba\/\" \/>\n<meta property=\"og:site_name\" content=\"Fiscal\u00eda General de la Naci\u00f3n\" \/>\n<meta property=\"article:publisher\" content=\"https:\/\/www.facebook.com\/FiscaliaCol\" \/>\n<meta property=\"article:published_time\" content=\"2026-03-14T15:15:25+00:00\" \/>\n<meta name=\"author\" content=\"Paula Andrea Castillo Lenis\" \/>\n<meta name=\"twitter:card\" content=\"summary_large_image\" \/>\n<meta name=\"twitter:creator\" content=\"@FiscaliaCol\" \/>\n<meta name=\"twitter:site\" content=\"@FiscaliaCol\" \/>\n<meta name=\"twitter:label1\" content=\"Escrito por\" \/>\n\t<meta name=\"twitter:data1\" content=\"Paula Andrea Castillo Lenis\" \/>\n\t<meta name=\"twitter:label2\" content=\"Tiempo de lectura\" \/>\n\t<meta name=\"twitter:data2\" content=\"2 minutos\" \/>\n<script type=\"application\/ld+json\" class=\"yoast-schema-graph\">{\"@context\":\"https:\/\/schema.org\",\"@graph\":[{\"@type\":\"Article\",\"@id\":\"https:\/\/www.fiscalia.gov.co\/colombia\/noticias\/condenado-integrante-del-clan-del-golfo-por-ola-de-homicidios-en-cordoba\/#article\",\"isPartOf\":{\"@id\":\"https:\/\/www.fiscalia.gov.co\/colombia\/noticias\/condenado-integrante-del-clan-del-golfo-por-ola-de-homicidios-en-cordoba\/\"},\"author\":{\"name\":\"Paula Andrea Castillo Lenis\",\"@id\":\"https:\/\/www.fiscalia.gov.co\/colombia\/#\/schema\/person\/66c172905e0492f1de6bbe5f93c4668f\"},\"headline\":\"Condenado integrante del \u2018Clan del Golfo\u2019 por ola de homicidios en C\u00f3rdoba\",\"datePublished\":\"2026-03-14T15:15:25+00:00\",\"dateModified\":\"2026-03-14T15:15:25+00:00\",\"mainEntityOfPage\":{\"@id\":\"https:\/\/www.fiscalia.gov.co\/colombia\/noticias\/condenado-integrante-del-clan-del-golfo-por-ola-de-homicidios-en-cordoba\/\"},\"wordCount\":353,\"publisher\":{\"@id\":\"https:\/\/www.fiscalia.gov.co\/colombia\/#organization\"},\"keywords\":[\"38 a\u00f1os y 4 meses de prisi\u00f3n\",\"alias \u2018Juli\u00e1n\u2019\",\"Apelaci\u00f3n\",\"asesinatos selectivos\",\"C\u00e1rcel\",\"Clan del Golfo\",\"Concierto para delinquir agravado\",\"Condena\",\"condena por homicidio\",\"C\u00f3rdoba\",\"cr\u00edmenes en Monter\u00eda\",\"Dairo Jos\u00e9 Clemente Pe\u00f1ata\",\"estructura sicarial\",\"Fiscal\u00eda General de la Naci\u00f3n\",\"Homicidio agravado\",\"inhabilidad para cargos p\u00fablicos\",\"Inpec\",\"investigaci\u00f3n de la Fiscal\u00eda\",\"justicia en Colombia\",\"multa 2700 salarios m\u00ednimos\",\"ola de homicidios 2017\",\"Organizaci\u00f3n Criminal\",\"revocatoria de fallo absolutorio\",\"seguridad y justicia\",\"sentencia penal\",\"Sicariato\",\"Tribunal Superior de Monter\u00eda\"],\"articleSection\":[\"Noticias\"],\"inLanguage\":\"es-CO\"},{\"@type\":\"WebPage\",\"@id\":\"https:\/\/www.fiscalia.gov.co\/colombia\/noticias\/condenado-integrante-del-clan-del-golfo-por-ola-de-homicidios-en-cordoba\/\",\"url\":\"https:\/\/www.fiscalia.gov.co\/colombia\/noticias\/condenado-integrante-del-clan-del-golfo-por-ola-de-homicidios-en-cordoba\/\",\"name\":\"Fiscal\u00eda General de la Naci\u00f3n\",\"isPartOf\":{\"@id\":\"https:\/\/www.fiscalia.gov.co\/colombia\/#website\"},\"datePublished\":\"2026-03-14T15:15:25+00:00\",\"dateModified\":\"2026-03-14T15:15:25+00:00\",\"description\":\"P\u00e1gina oficial de la Fiscal\u00eda General de la Naci\u00f3n \u2013 Colombia. Garantizamos el acceso efectivo a la justicia, la verdad y la reparaci\u00f3n de las v\u00edctimas de los delitos.\",\"breadcrumb\":{\"@id\":\"https:\/\/www.fiscalia.gov.co\/colombia\/noticias\/condenado-integrante-del-clan-del-golfo-por-ola-de-homicidios-en-cordoba\/#breadcrumb\"},\"inLanguage\":\"es-CO\",\"potentialAction\":[{\"@type\":\"ReadAction\",\"target\":[\"https:\/\/www.fiscalia.gov.co\/colombia\/noticias\/condenado-integrante-del-clan-del-golfo-por-ola-de-homicidios-en-cordoba\/\"]}]},{\"@type\":\"BreadcrumbList\",\"@id\":\"https:\/\/www.fiscalia.gov.co\/colombia\/noticias\/condenado-integrante-del-clan-del-golfo-por-ola-de-homicidios-en-cordoba\/#breadcrumb\",\"itemListElement\":[{\"@type\":\"ListItem\",\"position\":1,\"name\":\"Home\",\"item\":\"https:\/\/www.fiscalia.gov.co\/colombia\/\"},{\"@type\":\"ListItem\",\"position\":2,\"name\":\"Condenado integrante del \u2018Clan del Golfo\u2019 por ola de homicidios en C\u00f3rdoba\"}]},{\"@type\":\"WebSite\",\"@id\":\"https:\/\/www.fiscalia.gov.co\/colombia\/#website\",\"url\":\"https:\/\/www.fiscalia.gov.co\/colombia\/\",\"name\":\"Fiscal\u00eda General de la Naci\u00f3n\",\"description\":\"P\u00e1gina oficial de la Fiscal\u00eda General de la Naci\u00f3n \u2013 Colombia. Garantizamos el acceso efectivo a la justicia, la verdad y la reparaci\u00f3n de las v\u00edctimas de los delitos.\",\"publisher\":{\"@id\":\"https:\/\/www.fiscalia.gov.co\/colombia\/#organization\"},\"potentialAction\":[{\"@type\":\"SearchAction\",\"target\":{\"@type\":\"EntryPoint\",\"urlTemplate\":\"https:\/\/www.fiscalia.gov.co\/colombia\/?s={search_term_string}\"},\"query-input\":{\"@type\":\"PropertyValueSpecification\",\"valueRequired\":true,\"valueName\":\"search_term_string\"}}],\"inLanguage\":\"es-CO\"},{\"@type\":\"Organization\",\"@id\":\"https:\/\/www.fiscalia.gov.co\/colombia\/#organization\",\"name\":\"Fiscal\u00eda General de la Naci\u00f3n\",\"url\":\"https:\/\/www.fiscalia.gov.co\/colombia\/\",\"logo\":{\"@type\":\"ImageObject\",\"inLanguage\":\"es-CO\",\"@id\":\"https:\/\/www.fiscalia.gov.co\/colombia\/#\/schema\/logo\/image\/\",\"url\":\"https:\/\/www.fiscalia.gov.co\/colombia\/wp-content\/uploads\/LogoHorizontal_1.jpg\",\"contentUrl\":\"https:\/\/www.fiscalia.gov.co\/colombia\/wp-content\/uploads\/LogoHorizontal_1.jpg\",\"width\":300,\"height\":90,\"caption\":\"Fiscal\u00eda General de la Naci\u00f3n\"},\"image\":{\"@id\":\"https:\/\/www.fiscalia.gov.co\/colombia\/#\/schema\/logo\/image\/\"},\"sameAs\":[\"https:\/\/www.facebook.com\/FiscaliaCol\",\"https:\/\/x.com\/FiscaliaCol\",\"https:\/\/www.instagram.com\/fiscaliacol\",\"https:\/\/www.linkedin.com\/company\/fiscalia-general-de-la-naci-n\/\",\"https:\/\/youtube.com\/@fiscaliageneraldelanacion-4668?si=6nN79nyQICPU5iTh\"]},{\"@type\":\"Person\",\"@id\":\"https:\/\/www.fiscalia.gov.co\/colombia\/#\/schema\/person\/66c172905e0492f1de6bbe5f93c4668f\",\"name\":\"Paula Andrea Castillo Lenis\",\"image\":{\"@type\":\"ImageObject\",\"inLanguage\":\"es-CO\",\"@id\":\"https:\/\/www.fiscalia.gov.co\/colombia\/#\/schema\/person\/image\/\",\"url\":\"https:\/\/secure.gravatar.com\/avatar\/cb060d9561f2947c4102d1825739f868?s=96&d=mm&r=g\",\"contentUrl\":\"https:\/\/secure.gravatar.com\/avatar\/cb060d9561f2947c4102d1825739f868?s=96&d=mm&r=g\",\"caption\":\"Paula Andrea Castillo Lenis\"},\"url\":\"https:\/\/www.fiscalia.gov.co\/colombia\/author\/paula-castillo\/\"}]}<\/script>\n<!-- \/ Yoast SEO plugin. -->","yoast_head_json":{"title":"Fiscal\u00eda General de la Naci\u00f3n","description":"P\u00e1gina oficial de la Fiscal\u00eda General de la Naci\u00f3n \u2013 Colombia. Garantizamos el acceso efectivo a la justicia, la verdad y la reparaci\u00f3n de las v\u00edctimas de los delitos.","robots":{"index":"noindex","follow":"follow"},"og_locale":"es_ES","og_type":"article","og_title":"Fiscal\u00eda General de la Naci\u00f3n","og_description":"P\u00e1gina oficial de la Fiscal\u00eda General de la Naci\u00f3n \u2013 Colombia. Garantizamos el acceso efectivo a la justicia, la verdad y la reparaci\u00f3n de las v\u00edctimas de los delitos.","og_url":"https:\/\/www.fiscalia.gov.co\/colombia\/noticias\/condenado-integrante-del-clan-del-golfo-por-ola-de-homicidios-en-cordoba\/","og_site_name":"Fiscal\u00eda General de la Naci\u00f3n","article_publisher":"https:\/\/www.facebook.com\/FiscaliaCol","article_published_time":"2026-03-14T15:15:25+00:00","author":"Paula Andrea Castillo Lenis","twitter_card":"summary_large_image","twitter_creator":"@FiscaliaCol","twitter_site":"@FiscaliaCol","twitter_misc":{"Escrito por":"Paula Andrea Castillo Lenis","Tiempo de lectura":"2 minutos"},"schema":{"@context":"https:\/\/schema.org","@graph":[{"@type":"Article","@id":"https:\/\/www.fiscalia.gov.co\/colombia\/noticias\/condenado-integrante-del-clan-del-golfo-por-ola-de-homicidios-en-cordoba\/#article","isPartOf":{"@id":"https:\/\/www.fiscalia.gov.co\/colombia\/noticias\/condenado-integrante-del-clan-del-golfo-por-ola-de-homicidios-en-cordoba\/"},"author":{"name":"Paula Andrea Castillo Lenis","@id":"https:\/\/www.fiscalia.gov.co\/colombia\/#\/schema\/person\/66c172905e0492f1de6bbe5f93c4668f"},"headline":"Condenado integrante del \u2018Clan del Golfo\u2019 por ola de homicidios en C\u00f3rdoba","datePublished":"2026-03-14T15:15:25+00:00","dateModified":"2026-03-14T15:15:25+00:00","mainEntityOfPage":{"@id":"https:\/\/www.fiscalia.gov.co\/colombia\/noticias\/condenado-integrante-del-clan-del-golfo-por-ola-de-homicidios-en-cordoba\/"},"wordCount":353,"publisher":{"@id":"https:\/\/www.fiscalia.gov.co\/colombia\/#organization"},"keywords":["38 a\u00f1os y 4 meses de prisi\u00f3n","alias \u2018Juli\u00e1n\u2019","Apelaci\u00f3n","asesinatos selectivos","C\u00e1rcel","Clan del Golfo","Concierto para delinquir agravado","Condena","condena por homicidio","C\u00f3rdoba","cr\u00edmenes en Monter\u00eda","Dairo Jos\u00e9 Clemente Pe\u00f1ata","estructura sicarial","Fiscal\u00eda General de la Naci\u00f3n","Homicidio agravado","inhabilidad para cargos p\u00fablicos","Inpec","investigaci\u00f3n de la Fiscal\u00eda","justicia en Colombia","multa 2700 salarios m\u00ednimos","ola de homicidios 2017","Organizaci\u00f3n Criminal","revocatoria de fallo absolutorio","seguridad y justicia","sentencia penal","Sicariato","Tribunal Superior de Monter\u00eda"],"articleSection":["Noticias"],"inLanguage":"es-CO"},{"@type":"WebPage","@id":"https:\/\/www.fiscalia.gov.co\/colombia\/noticias\/condenado-integrante-del-clan-del-golfo-por-ola-de-homicidios-en-cordoba\/","url":"https:\/\/www.fiscalia.gov.co\/colombia\/noticias\/condenado-integrante-del-clan-del-golfo-por-ola-de-homicidios-en-cordoba\/","name":"Fiscal\u00eda General de la Naci\u00f3n","isPartOf":{"@id":"https:\/\/www.fiscalia.gov.co\/colombia\/#website"},"datePublished":"2026-03-14T15:15:25+00:00","dateModified":"2026-03-14T15:15:25+00:00","description":"P\u00e1gina oficial de la Fiscal\u00eda General de la Naci\u00f3n \u2013 Colombia. Garantizamos el acceso efectivo a la justicia, la verdad y la reparaci\u00f3n de las v\u00edctimas de los delitos.","breadcrumb":{"@id":"https:\/\/www.fiscalia.gov.co\/colombia\/noticias\/condenado-integrante-del-clan-del-golfo-por-ola-de-homicidios-en-cordoba\/#breadcrumb"},"inLanguage":"es-CO","potentialAction":[{"@type":"ReadAction","target":["https:\/\/www.fiscalia.gov.co\/colombia\/noticias\/condenado-integrante-del-clan-del-golfo-por-ola-de-homicidios-en-cordoba\/"]}]},{"@type":"BreadcrumbList","@id":"https:\/\/www.fiscalia.gov.co\/colombia\/noticias\/condenado-integrante-del-clan-del-golfo-por-ola-de-homicidios-en-cordoba\/#breadcrumb","itemListElement":[{"@type":"ListItem","position":1,"name":"Home","item":"https:\/\/www.fiscalia.gov.co\/colombia\/"},{"@type":"ListItem","position":2,"name":"Condenado integrante del \u2018Clan del Golfo\u2019 por ola de homicidios en C\u00f3rdoba"}]},{"@type":"WebSite","@id":"https:\/\/www.fiscalia.gov.co\/colombia\/#website","url":"https:\/\/www.fiscalia.gov.co\/colombia\/","name":"Fiscal\u00eda General de la Naci\u00f3n","description":"P\u00e1gina oficial de la Fiscal\u00eda General de la Naci\u00f3n \u2013 Colombia. Garantizamos el acceso efectivo a la justicia, la verdad y la reparaci\u00f3n de las v\u00edctimas de los delitos.","publisher":{"@id":"https:\/\/www.fiscalia.gov.co\/colombia\/#organization"},"potentialAction":[{"@type":"SearchAction","target":{"@type":"EntryPoint","urlTemplate":"https:\/\/www.fiscalia.gov.co\/colombia\/?s={search_term_string}"},"query-input":{"@type":"PropertyValueSpecification","valueRequired":true,"valueName":"search_term_string"}}],"inLanguage":"es-CO"},{"@type":"Organization","@id":"https:\/\/www.fiscalia.gov.co\/colombia\/#organization","name":"Fiscal\u00eda General de la Naci\u00f3n","url":"https:\/\/www.fiscalia.gov.co\/colombia\/","logo":{"@type":"ImageObject","inLanguage":"es-CO","@id":"https:\/\/www.fiscalia.gov.co\/colombia\/#\/schema\/logo\/image\/","url":"https:\/\/www.fiscalia.gov.co\/colombia\/wp-content\/uploads\/LogoHorizontal_1.jpg","contentUrl":"https:\/\/www.fiscalia.gov.co\/colombia\/wp-content\/uploads\/LogoHorizontal_1.jpg","width":300,"height":90,"caption":"Fiscal\u00eda General de la Naci\u00f3n"},"image":{"@id":"https:\/\/www.fiscalia.gov.co\/colombia\/#\/schema\/logo\/image\/"},"sameAs":["https:\/\/www.facebook.com\/FiscaliaCol","https:\/\/x.com\/FiscaliaCol","https:\/\/www.instagram.com\/fiscaliacol","https:\/\/www.linkedin.com\/company\/fiscalia-general-de-la-naci-n\/","https:\/\/youtube.com\/@fiscaliageneraldelanacion-4668?si=6nN79nyQICPU5iTh"]},{"@type":"Person","@id":"https:\/\/www.fiscalia.gov.co\/colombia\/#\/schema\/person\/66c172905e0492f1de6bbe5f93c4668f","name":"Paula Andrea Castillo Lenis","image":{"@type":"ImageObject","inLanguage":"es-CO","@id":"https:\/\/www.fiscalia.gov.co\/colombia\/#\/schema\/person\/image\/","url":"https:\/\/secure.gravatar.com\/avatar\/cb060d9561f2947c4102d1825739f868?s=96&d=mm&r=g","contentUrl":"https:\/\/secure.gravatar.com\/avatar\/cb060d9561f2947c4102d1825739f868?s=96&d=mm&r=g","caption":"Paula Andrea Castillo Lenis"},"url":"https:\/\/www.fiscalia.gov.co\/colombia\/author\/paula-castillo\/"}]}},"_links":{"self":[{"href":"https:\/\/www.fiscalia.gov.co\/colombia\/wp-json\/wp\/v2\/posts\/332936","targetHints":{"allow":["GET"]}}],"collection":[{"href":"https:\/\/www.fiscalia.gov.co\/colombia\/wp-json\/wp\/v2\/posts"}],"about":[{"href":"https:\/\/www.fiscalia.gov.co\/colombia\/wp-json\/wp\/v2\/types\/post"}],"author":[{"embeddable":true,"href":"https:\/\/www.fiscalia.gov.co\/colombia\/wp-json\/wp\/v2\/users\/182"}],"replies":[{"embeddable":true,"href":"https:\/\/www.fiscalia.gov.co\/colombia\/wp-json\/wp\/v2\/comments?post=332936"}],"version-history":[{"count":1,"href":"https:\/\/www.fiscalia.gov.co\/colombia\/wp-json\/wp\/v2\/posts\/332936\/revisions"}],"predecessor-version":[{"id":332937,"href":"https:\/\/www.fiscalia.gov.co\/colombia\/wp-json\/wp\/v2\/posts\/332936\/revisions\/332937"}],"wp:attachment":[{"href":"https:\/\/www.fiscalia.gov.co\/colombia\/wp-json\/wp\/v2\/media?parent=332936"}],"wp:term":[{"taxonomy":"category","embeddable":true,"href":"https:\/\/www.fiscalia.gov.co\/colombia\/wp-json\/wp\/v2\/categories?post=332936"},{"taxonomy":"post_tag","embeddable":true,"href":"https:\/\/www.fiscalia.gov.co\/colombia\/wp-json\/wp\/v2\/tags?post=332936"}],"curies":[{"name":"wp","href":"https:\/\/api.w.org\/{rel}","templated":true}]}}