{"id":332927,"date":"2026-03-14T08:54:45","date_gmt":"2026-03-14T13:54:45","guid":{"rendered":"https:\/\/www.fiscalia.gov.co\/colombia\/?p=332927"},"modified":"2026-03-14T09:24:15","modified_gmt":"2026-03-14T14:24:15","slug":"presunto-implicado-en-el-crimen-del-director-seccional-de-la-dian-en-tulua-debera-cumplir-medida-de-aseguramiento-en-centro-carcelario","status":"publish","type":"post","link":"https:\/\/www.fiscalia.gov.co\/colombia\/noticias\/presunto-implicado-en-el-crimen-del-director-seccional-de-la-dian-en-tulua-debera-cumplir-medida-de-aseguramiento-en-centro-carcelario\/","title":{"rendered":"Presunto implicado en el crimen del director seccional de la DIAN en Tulu\u00e1 deber\u00e1 cumplir medida de aseguramiento en centro carcelario"},"content":{"rendered":"<blockquote>\n<h4 class=\"p1\"><span class=\"s1\">Esta persona habr\u00eda facilitado la ubicaci\u00f3n de la v\u00edctima y la huida de los atacantes tras el crimen. <\/span><\/h4>\n<\/blockquote>\n<p class=\"p1\">La <strong>Fiscal\u00eda General de la Naci\u00f3n<\/strong> present\u00f3 ante un juez penal de control de garant\u00edas a Cristian Alexis Mu\u00f1oz Londo\u00f1o, quien habr\u00eda participado en el crimen del director seccional de la <strong>Direcci\u00f3n de Impuestos y Aduanas Nacionales (DIAN) <\/strong>en Tulu\u00e1 (Valle del Cauca), perpetrado el 18 de diciembre de 2025.<\/p>\n<p class=\"p1\"><span class=\"s2\">La v\u00edctima, de 64 a\u00f1os, se movilizaba en su veh\u00edculo y en inmediaciones del barrio San Benito fue atacada con arma de fuego caus\u00e1ndole muerte.<\/span><\/p>\n<p class=\"p1\"><span class=\"s2\">Los elementos materiales probatorios obtenidos por servidores del <strong>Cuerpo T\u00e9cnico de Investigaci\u00f3n (CTI)<\/strong> indican que Mu\u00f1oz Londo\u00f1o habr\u00eda viajado de Cali a Tulu\u00e1 para facilitar la ubicaci\u00f3n de la v\u00edctima y alertar sobre el momento en el que deb\u00eda ejecutarse el ataque. Asimismo, al parecer, se encarg\u00f3 de ayudar a los otros implicados a escapar del lugar tras cometer el crimen.<\/span><\/p>\n<p class=\"p1\"><span class=\"s2\">Por estos hechos, un fiscal especializado de la <strong>Seccional Valle del Cauca<\/strong> le imput\u00f3 los delitos de homicidio agravado y fabricaci\u00f3n, tr\u00e1fico, porte o tenencia de armas de fuego, accesorios, partes o municiones, tambi\u00e9n agravado.<\/span><\/p>\n<p class=\"p1\"><span class=\"s2\">El procesado no acept\u00f3 los cargos y, por decisi\u00f3n de un juez de control de garant\u00edas, deber\u00e1 cumplir medida de aseguramiento en centro carcelario. <\/span><\/p>\n<p class=\"p1\"><span class=\"s2\">MAP\/AMCJ\/LCHG\/CAB\/DSV \/<\/span><\/p>\n<p class=\"p1\"><span class=\"s2\">\u00a0<\/span><\/p>\n<p class=\"p1\"><em><span class=\"s3\">La informaci\u00f3n contenida en este bolet\u00edn de prensa corresponde a la narraci\u00f3n de los hechos noticiosos objetivos, suministrados por los funcionarios encargados de adelantar las investigaciones penales al interior de la Fiscal\u00eda General de la Naci\u00f3n. Para el momento de la divulgaci\u00f3n de este comunicado, la situaci\u00f3n jur\u00eddica de la(s) persona(s) relacionada(s) se encuentra pendiente de resolver por la autoridad judicial competente, siempre bajo los preceptos de la presunci\u00f3n de inocencia, consagrados en el art\u00edculo 29 de la Constituci\u00f3n Pol\u00edtica y el art\u00edculo 7\u00ba de la Ley 906 de 2004.<\/span><\/em><\/p>\n\n<div class=\"twitter-share\"><a href=\"https:\/\/twitter.com\/intent\/tweet?via=fiscaliacol\" class=\"twitter-share-button\">Tweet<\/a><\/div>\n","protected":false},"excerpt":{"rendered":"<p>Esta persona habr\u00eda facilitado la ubicaci\u00f3n de la v\u00edctima y la huida de los atacantes tras el crimen. La Fiscal\u00eda General de la Naci\u00f3n present\u00f3 ante un juez penal de control de garant\u00edas a Cristian Alexis Mu\u00f1oz Londo\u00f1o, quien habr\u00eda participado en el crimen del director seccional de la Direcci\u00f3n de Impuestos y Aduanas Nacionales [&hellip;]<\/p>\n","protected":false},"author":182,"featured_media":0,"comment_status":"closed","ping_status":"open","sticky":false,"template":"","format":"standard","meta":{"tdm_status":"","tdm_grid_status":"","footnotes":""},"categories":[1],"tags":[45721,45729,14868,45723,45725,45724,45722,45720,25012,44296,1047,45727,686,45726,39633,45730,45728,28197,27293,24046],"class_list":{"0":"post-332927","1":"post","2":"type-post","3":"status-publish","4":"format-standard","6":"category-noticias","7":"tag-asesinato-director-dian-tulua","8":"tag-asesinato-funcionario-publico","9":"tag-ataque-con-arma-de-fuego","10":"tag-barrio-san-benito-tulua","11":"tag-captura-sospechoso-homicidio","12":"tag-crimen-diciembre-2025","13":"tag-crimen-funcionario-dian","14":"tag-cristian-alexis-munoz-londono","15":"tag-cuerpo-tecnico-de-investigacion","16":"tag-fabricacion-trafico-porte-de-armas-de-fuego","17":"tag-fiscalia-general-de-la-nacion","18":"tag-fuga-de-implicados","19":"tag-homicidio-agravado","20":"tag-imputacion-de-cargos-fiscalia","21":"tag-investigacion-cti","22":"tag-investigacion-criminal-colombia","23":"tag-judicializacion-valle-del-cauca","24":"tag-juez-de-control-de-garantias","25":"tag-medida-de-aseguramiento-en-centro-carcelario","26":"tag-tulua-valle-del-cauca"},"yoast_head":"<!-- This site is optimized with the Yoast SEO plugin v24.3 - https:\/\/yoast.com\/wordpress\/plugins\/seo\/ -->\n<title>Fiscal\u00eda General de la Naci\u00f3n<\/title>\n<meta name=\"description\" content=\"P\u00e1gina oficial de la Fiscal\u00eda General de la Naci\u00f3n \u2013 Colombia. Garantizamos el acceso efectivo a la justicia, la verdad y la reparaci\u00f3n de las v\u00edctimas de los delitos.\" \/>\n<meta name=\"robots\" content=\"noindex, follow\" \/>\n<meta property=\"og:locale\" content=\"es_ES\" \/>\n<meta property=\"og:type\" content=\"article\" \/>\n<meta property=\"og:title\" content=\"Fiscal\u00eda General de la Naci\u00f3n\" \/>\n<meta property=\"og:description\" content=\"P\u00e1gina oficial de la Fiscal\u00eda General de la Naci\u00f3n \u2013 Colombia. Garantizamos el acceso efectivo a la justicia, la verdad y la reparaci\u00f3n de las v\u00edctimas de los delitos.\" \/>\n<meta property=\"og:url\" content=\"https:\/\/www.fiscalia.gov.co\/colombia\/noticias\/presunto-implicado-en-el-crimen-del-director-seccional-de-la-dian-en-tulua-debera-cumplir-medida-de-aseguramiento-en-centro-carcelario\/\" \/>\n<meta property=\"og:site_name\" content=\"Fiscal\u00eda General de la Naci\u00f3n\" \/>\n<meta property=\"article:publisher\" content=\"https:\/\/www.facebook.com\/FiscaliaCol\" \/>\n<meta property=\"article:published_time\" content=\"2026-03-14T13:54:45+00:00\" \/>\n<meta property=\"article:modified_time\" content=\"2026-03-14T14:24:15+00:00\" \/>\n<meta name=\"author\" content=\"Paula Andrea Castillo Lenis\" \/>\n<meta name=\"twitter:card\" content=\"summary_large_image\" \/>\n<meta name=\"twitter:creator\" content=\"@FiscaliaCol\" \/>\n<meta name=\"twitter:site\" content=\"@FiscaliaCol\" \/>\n<meta name=\"twitter:label1\" content=\"Escrito por\" \/>\n\t<meta name=\"twitter:data1\" content=\"Paula Andrea Castillo Lenis\" \/>\n\t<meta name=\"twitter:label2\" content=\"Tiempo de lectura\" \/>\n\t<meta name=\"twitter:data2\" content=\"2 minutos\" \/>\n<script type=\"application\/ld+json\" class=\"yoast-schema-graph\">{\"@context\":\"https:\/\/schema.org\",\"@graph\":[{\"@type\":\"Article\",\"@id\":\"https:\/\/www.fiscalia.gov.co\/colombia\/noticias\/presunto-implicado-en-el-crimen-del-director-seccional-de-la-dian-en-tulua-debera-cumplir-medida-de-aseguramiento-en-centro-carcelario\/#article\",\"isPartOf\":{\"@id\":\"https:\/\/www.fiscalia.gov.co\/colombia\/noticias\/presunto-implicado-en-el-crimen-del-director-seccional-de-la-dian-en-tulua-debera-cumplir-medida-de-aseguramiento-en-centro-carcelario\/\"},\"author\":{\"name\":\"Paula Andrea Castillo Lenis\",\"@id\":\"https:\/\/www.fiscalia.gov.co\/colombia\/#\/schema\/person\/66c172905e0492f1de6bbe5f93c4668f\"},\"headline\":\"Presunto implicado en el crimen del director seccional de la DIAN en Tulu\u00e1 deber\u00e1 cumplir medida de aseguramiento en centro carcelario\",\"datePublished\":\"2026-03-14T13:54:45+00:00\",\"dateModified\":\"2026-03-14T14:24:15+00:00\",\"mainEntityOfPage\":{\"@id\":\"https:\/\/www.fiscalia.gov.co\/colombia\/noticias\/presunto-implicado-en-el-crimen-del-director-seccional-de-la-dian-en-tulua-debera-cumplir-medida-de-aseguramiento-en-centro-carcelario\/\"},\"wordCount\":365,\"publisher\":{\"@id\":\"https:\/\/www.fiscalia.gov.co\/colombia\/#organization\"},\"keywords\":[\"asesinato director DIAN Tulu\u00e1\",\"asesinato funcionario p\u00fablico\",\"ataque con arma de fuego\",\"barrio San Benito Tulu\u00e1\",\"captura sospechoso homicidio\",\"crimen diciembre 2025\",\"crimen funcionario DIAN\",\"Cristian Alexis Mu\u00f1oz Londo\u00f1o\",\"cuerpo t\u00e9cnico de investigaci\u00f3n\",\"fabricaci\u00f3n tr\u00e1fico porte de armas de fuego\",\"Fiscal\u00eda General de la Naci\u00f3n\",\"fuga de implicados\",\"Homicidio agravado\",\"imputaci\u00f3n de cargos Fiscal\u00eda\",\"Investigaci\u00f3n (CTI).\",\"investigaci\u00f3n criminal Colombia\",\"judicializaci\u00f3n Valle del Cauca\",\"juez de control de garant\u00edas\",\"medida de aseguramiento en centro carcelario\",\"Tulu\u00e1 (Valle del Cauca)\"],\"articleSection\":[\"Noticias\"],\"inLanguage\":\"es-CO\"},{\"@type\":\"WebPage\",\"@id\":\"https:\/\/www.fiscalia.gov.co\/colombia\/noticias\/presunto-implicado-en-el-crimen-del-director-seccional-de-la-dian-en-tulua-debera-cumplir-medida-de-aseguramiento-en-centro-carcelario\/\",\"url\":\"https:\/\/www.fiscalia.gov.co\/colombia\/noticias\/presunto-implicado-en-el-crimen-del-director-seccional-de-la-dian-en-tulua-debera-cumplir-medida-de-aseguramiento-en-centro-carcelario\/\",\"name\":\"Fiscal\u00eda General de la Naci\u00f3n\",\"isPartOf\":{\"@id\":\"https:\/\/www.fiscalia.gov.co\/colombia\/#website\"},\"datePublished\":\"2026-03-14T13:54:45+00:00\",\"dateModified\":\"2026-03-14T14:24:15+00:00\",\"description\":\"P\u00e1gina oficial de la Fiscal\u00eda General de la Naci\u00f3n \u2013 Colombia. Garantizamos el acceso efectivo a la justicia, la verdad y la reparaci\u00f3n de las v\u00edctimas de los delitos.\",\"breadcrumb\":{\"@id\":\"https:\/\/www.fiscalia.gov.co\/colombia\/noticias\/presunto-implicado-en-el-crimen-del-director-seccional-de-la-dian-en-tulua-debera-cumplir-medida-de-aseguramiento-en-centro-carcelario\/#breadcrumb\"},\"inLanguage\":\"es-CO\",\"potentialAction\":[{\"@type\":\"ReadAction\",\"target\":[\"https:\/\/www.fiscalia.gov.co\/colombia\/noticias\/presunto-implicado-en-el-crimen-del-director-seccional-de-la-dian-en-tulua-debera-cumplir-medida-de-aseguramiento-en-centro-carcelario\/\"]}]},{\"@type\":\"BreadcrumbList\",\"@id\":\"https:\/\/www.fiscalia.gov.co\/colombia\/noticias\/presunto-implicado-en-el-crimen-del-director-seccional-de-la-dian-en-tulua-debera-cumplir-medida-de-aseguramiento-en-centro-carcelario\/#breadcrumb\",\"itemListElement\":[{\"@type\":\"ListItem\",\"position\":1,\"name\":\"Home\",\"item\":\"https:\/\/www.fiscalia.gov.co\/colombia\/\"},{\"@type\":\"ListItem\",\"position\":2,\"name\":\"Presunto implicado en el crimen del director seccional de la DIAN en Tulu\u00e1 deber\u00e1 cumplir medida de aseguramiento en centro carcelario\"}]},{\"@type\":\"WebSite\",\"@id\":\"https:\/\/www.fiscalia.gov.co\/colombia\/#website\",\"url\":\"https:\/\/www.fiscalia.gov.co\/colombia\/\",\"name\":\"Fiscal\u00eda General de la Naci\u00f3n\",\"description\":\"P\u00e1gina oficial de la Fiscal\u00eda General de la Naci\u00f3n \u2013 Colombia. Garantizamos el acceso efectivo a la justicia, la verdad y la reparaci\u00f3n de las v\u00edctimas de los delitos.\",\"publisher\":{\"@id\":\"https:\/\/www.fiscalia.gov.co\/colombia\/#organization\"},\"potentialAction\":[{\"@type\":\"SearchAction\",\"target\":{\"@type\":\"EntryPoint\",\"urlTemplate\":\"https:\/\/www.fiscalia.gov.co\/colombia\/?s={search_term_string}\"},\"query-input\":{\"@type\":\"PropertyValueSpecification\",\"valueRequired\":true,\"valueName\":\"search_term_string\"}}],\"inLanguage\":\"es-CO\"},{\"@type\":\"Organization\",\"@id\":\"https:\/\/www.fiscalia.gov.co\/colombia\/#organization\",\"name\":\"Fiscal\u00eda General de la Naci\u00f3n\",\"url\":\"https:\/\/www.fiscalia.gov.co\/colombia\/\",\"logo\":{\"@type\":\"ImageObject\",\"inLanguage\":\"es-CO\",\"@id\":\"https:\/\/www.fiscalia.gov.co\/colombia\/#\/schema\/logo\/image\/\",\"url\":\"https:\/\/www.fiscalia.gov.co\/colombia\/wp-content\/uploads\/LogoHorizontal_1.jpg\",\"contentUrl\":\"https:\/\/www.fiscalia.gov.co\/colombia\/wp-content\/uploads\/LogoHorizontal_1.jpg\",\"width\":300,\"height\":90,\"caption\":\"Fiscal\u00eda General de la Naci\u00f3n\"},\"image\":{\"@id\":\"https:\/\/www.fiscalia.gov.co\/colombia\/#\/schema\/logo\/image\/\"},\"sameAs\":[\"https:\/\/www.facebook.com\/FiscaliaCol\",\"https:\/\/x.com\/FiscaliaCol\",\"https:\/\/www.instagram.com\/fiscaliacol\",\"https:\/\/www.linkedin.com\/company\/fiscalia-general-de-la-naci-n\/\",\"https:\/\/youtube.com\/@fiscaliageneraldelanacion-4668?si=6nN79nyQICPU5iTh\"]},{\"@type\":\"Person\",\"@id\":\"https:\/\/www.fiscalia.gov.co\/colombia\/#\/schema\/person\/66c172905e0492f1de6bbe5f93c4668f\",\"name\":\"Paula Andrea Castillo Lenis\",\"image\":{\"@type\":\"ImageObject\",\"inLanguage\":\"es-CO\",\"@id\":\"https:\/\/www.fiscalia.gov.co\/colombia\/#\/schema\/person\/image\/\",\"url\":\"https:\/\/secure.gravatar.com\/avatar\/cb060d9561f2947c4102d1825739f868?s=96&d=mm&r=g\",\"contentUrl\":\"https:\/\/secure.gravatar.com\/avatar\/cb060d9561f2947c4102d1825739f868?s=96&d=mm&r=g\",\"caption\":\"Paula Andrea Castillo Lenis\"},\"url\":\"https:\/\/www.fiscalia.gov.co\/colombia\/author\/paula-castillo\/\"}]}<\/script>\n<!-- \/ Yoast SEO plugin. -->","yoast_head_json":{"title":"Fiscal\u00eda General de la Naci\u00f3n","description":"P\u00e1gina oficial de la Fiscal\u00eda General de la Naci\u00f3n \u2013 Colombia. Garantizamos el acceso efectivo a la justicia, la verdad y la reparaci\u00f3n de las v\u00edctimas de los delitos.","robots":{"index":"noindex","follow":"follow"},"og_locale":"es_ES","og_type":"article","og_title":"Fiscal\u00eda General de la Naci\u00f3n","og_description":"P\u00e1gina oficial de la Fiscal\u00eda General de la Naci\u00f3n \u2013 Colombia. Garantizamos el acceso efectivo a la justicia, la verdad y la reparaci\u00f3n de las v\u00edctimas de los delitos.","og_url":"https:\/\/www.fiscalia.gov.co\/colombia\/noticias\/presunto-implicado-en-el-crimen-del-director-seccional-de-la-dian-en-tulua-debera-cumplir-medida-de-aseguramiento-en-centro-carcelario\/","og_site_name":"Fiscal\u00eda General de la Naci\u00f3n","article_publisher":"https:\/\/www.facebook.com\/FiscaliaCol","article_published_time":"2026-03-14T13:54:45+00:00","article_modified_time":"2026-03-14T14:24:15+00:00","author":"Paula Andrea Castillo Lenis","twitter_card":"summary_large_image","twitter_creator":"@FiscaliaCol","twitter_site":"@FiscaliaCol","twitter_misc":{"Escrito por":"Paula Andrea Castillo Lenis","Tiempo de lectura":"2 minutos"},"schema":{"@context":"https:\/\/schema.org","@graph":[{"@type":"Article","@id":"https:\/\/www.fiscalia.gov.co\/colombia\/noticias\/presunto-implicado-en-el-crimen-del-director-seccional-de-la-dian-en-tulua-debera-cumplir-medida-de-aseguramiento-en-centro-carcelario\/#article","isPartOf":{"@id":"https:\/\/www.fiscalia.gov.co\/colombia\/noticias\/presunto-implicado-en-el-crimen-del-director-seccional-de-la-dian-en-tulua-debera-cumplir-medida-de-aseguramiento-en-centro-carcelario\/"},"author":{"name":"Paula Andrea Castillo Lenis","@id":"https:\/\/www.fiscalia.gov.co\/colombia\/#\/schema\/person\/66c172905e0492f1de6bbe5f93c4668f"},"headline":"Presunto implicado en el crimen del director seccional de la DIAN en Tulu\u00e1 deber\u00e1 cumplir medida de aseguramiento en centro carcelario","datePublished":"2026-03-14T13:54:45+00:00","dateModified":"2026-03-14T14:24:15+00:00","mainEntityOfPage":{"@id":"https:\/\/www.fiscalia.gov.co\/colombia\/noticias\/presunto-implicado-en-el-crimen-del-director-seccional-de-la-dian-en-tulua-debera-cumplir-medida-de-aseguramiento-en-centro-carcelario\/"},"wordCount":365,"publisher":{"@id":"https:\/\/www.fiscalia.gov.co\/colombia\/#organization"},"keywords":["asesinato director DIAN Tulu\u00e1","asesinato funcionario p\u00fablico","ataque con arma de fuego","barrio San Benito Tulu\u00e1","captura sospechoso homicidio","crimen diciembre 2025","crimen funcionario DIAN","Cristian Alexis Mu\u00f1oz Londo\u00f1o","cuerpo t\u00e9cnico de investigaci\u00f3n","fabricaci\u00f3n tr\u00e1fico porte de armas de fuego","Fiscal\u00eda General de la Naci\u00f3n","fuga de implicados","Homicidio agravado","imputaci\u00f3n de cargos Fiscal\u00eda","Investigaci\u00f3n (CTI).","investigaci\u00f3n criminal Colombia","judicializaci\u00f3n Valle del Cauca","juez de control de garant\u00edas","medida de aseguramiento en centro carcelario","Tulu\u00e1 (Valle del Cauca)"],"articleSection":["Noticias"],"inLanguage":"es-CO"},{"@type":"WebPage","@id":"https:\/\/www.fiscalia.gov.co\/colombia\/noticias\/presunto-implicado-en-el-crimen-del-director-seccional-de-la-dian-en-tulua-debera-cumplir-medida-de-aseguramiento-en-centro-carcelario\/","url":"https:\/\/www.fiscalia.gov.co\/colombia\/noticias\/presunto-implicado-en-el-crimen-del-director-seccional-de-la-dian-en-tulua-debera-cumplir-medida-de-aseguramiento-en-centro-carcelario\/","name":"Fiscal\u00eda General de la Naci\u00f3n","isPartOf":{"@id":"https:\/\/www.fiscalia.gov.co\/colombia\/#website"},"datePublished":"2026-03-14T13:54:45+00:00","dateModified":"2026-03-14T14:24:15+00:00","description":"P\u00e1gina oficial de la Fiscal\u00eda General de la Naci\u00f3n \u2013 Colombia. Garantizamos el acceso efectivo a la justicia, la verdad y la reparaci\u00f3n de las v\u00edctimas de los delitos.","breadcrumb":{"@id":"https:\/\/www.fiscalia.gov.co\/colombia\/noticias\/presunto-implicado-en-el-crimen-del-director-seccional-de-la-dian-en-tulua-debera-cumplir-medida-de-aseguramiento-en-centro-carcelario\/#breadcrumb"},"inLanguage":"es-CO","potentialAction":[{"@type":"ReadAction","target":["https:\/\/www.fiscalia.gov.co\/colombia\/noticias\/presunto-implicado-en-el-crimen-del-director-seccional-de-la-dian-en-tulua-debera-cumplir-medida-de-aseguramiento-en-centro-carcelario\/"]}]},{"@type":"BreadcrumbList","@id":"https:\/\/www.fiscalia.gov.co\/colombia\/noticias\/presunto-implicado-en-el-crimen-del-director-seccional-de-la-dian-en-tulua-debera-cumplir-medida-de-aseguramiento-en-centro-carcelario\/#breadcrumb","itemListElement":[{"@type":"ListItem","position":1,"name":"Home","item":"https:\/\/www.fiscalia.gov.co\/colombia\/"},{"@type":"ListItem","position":2,"name":"Presunto implicado en el crimen del director seccional de la DIAN en Tulu\u00e1 deber\u00e1 cumplir medida de aseguramiento en centro carcelario"}]},{"@type":"WebSite","@id":"https:\/\/www.fiscalia.gov.co\/colombia\/#website","url":"https:\/\/www.fiscalia.gov.co\/colombia\/","name":"Fiscal\u00eda General de la Naci\u00f3n","description":"P\u00e1gina oficial de la Fiscal\u00eda General de la Naci\u00f3n \u2013 Colombia. Garantizamos el acceso efectivo a la justicia, la verdad y la reparaci\u00f3n de las v\u00edctimas de los delitos.","publisher":{"@id":"https:\/\/www.fiscalia.gov.co\/colombia\/#organization"},"potentialAction":[{"@type":"SearchAction","target":{"@type":"EntryPoint","urlTemplate":"https:\/\/www.fiscalia.gov.co\/colombia\/?s={search_term_string}"},"query-input":{"@type":"PropertyValueSpecification","valueRequired":true,"valueName":"search_term_string"}}],"inLanguage":"es-CO"},{"@type":"Organization","@id":"https:\/\/www.fiscalia.gov.co\/colombia\/#organization","name":"Fiscal\u00eda General de la Naci\u00f3n","url":"https:\/\/www.fiscalia.gov.co\/colombia\/","logo":{"@type":"ImageObject","inLanguage":"es-CO","@id":"https:\/\/www.fiscalia.gov.co\/colombia\/#\/schema\/logo\/image\/","url":"https:\/\/www.fiscalia.gov.co\/colombia\/wp-content\/uploads\/LogoHorizontal_1.jpg","contentUrl":"https:\/\/www.fiscalia.gov.co\/colombia\/wp-content\/uploads\/LogoHorizontal_1.jpg","width":300,"height":90,"caption":"Fiscal\u00eda General de la Naci\u00f3n"},"image":{"@id":"https:\/\/www.fiscalia.gov.co\/colombia\/#\/schema\/logo\/image\/"},"sameAs":["https:\/\/www.facebook.com\/FiscaliaCol","https:\/\/x.com\/FiscaliaCol","https:\/\/www.instagram.com\/fiscaliacol","https:\/\/www.linkedin.com\/company\/fiscalia-general-de-la-naci-n\/","https:\/\/youtube.com\/@fiscaliageneraldelanacion-4668?si=6nN79nyQICPU5iTh"]},{"@type":"Person","@id":"https:\/\/www.fiscalia.gov.co\/colombia\/#\/schema\/person\/66c172905e0492f1de6bbe5f93c4668f","name":"Paula Andrea Castillo Lenis","image":{"@type":"ImageObject","inLanguage":"es-CO","@id":"https:\/\/www.fiscalia.gov.co\/colombia\/#\/schema\/person\/image\/","url":"https:\/\/secure.gravatar.com\/avatar\/cb060d9561f2947c4102d1825739f868?s=96&d=mm&r=g","contentUrl":"https:\/\/secure.gravatar.com\/avatar\/cb060d9561f2947c4102d1825739f868?s=96&d=mm&r=g","caption":"Paula Andrea Castillo Lenis"},"url":"https:\/\/www.fiscalia.gov.co\/colombia\/author\/paula-castillo\/"}]}},"_links":{"self":[{"href":"https:\/\/www.fiscalia.gov.co\/colombia\/wp-json\/wp\/v2\/posts\/332927","targetHints":{"allow":["GET"]}}],"collection":[{"href":"https:\/\/www.fiscalia.gov.co\/colombia\/wp-json\/wp\/v2\/posts"}],"about":[{"href":"https:\/\/www.fiscalia.gov.co\/colombia\/wp-json\/wp\/v2\/types\/post"}],"author":[{"embeddable":true,"href":"https:\/\/www.fiscalia.gov.co\/colombia\/wp-json\/wp\/v2\/users\/182"}],"replies":[{"embeddable":true,"href":"https:\/\/www.fiscalia.gov.co\/colombia\/wp-json\/wp\/v2\/comments?post=332927"}],"version-history":[{"count":6,"href":"https:\/\/www.fiscalia.gov.co\/colombia\/wp-json\/wp\/v2\/posts\/332927\/revisions"}],"predecessor-version":[{"id":332930,"href":"https:\/\/www.fiscalia.gov.co\/colombia\/wp-json\/wp\/v2\/posts\/332927\/revisions\/332930"}],"wp:attachment":[{"href":"https:\/\/www.fiscalia.gov.co\/colombia\/wp-json\/wp\/v2\/media?parent=332927"}],"wp:term":[{"taxonomy":"category","embeddable":true,"href":"https:\/\/www.fiscalia.gov.co\/colombia\/wp-json\/wp\/v2\/categories?post=332927"},{"taxonomy":"post_tag","embeddable":true,"href":"https:\/\/www.fiscalia.gov.co\/colombia\/wp-json\/wp\/v2\/tags?post=332927"}],"curies":[{"name":"wp","href":"https:\/\/api.w.org\/{rel}","templated":true}]}}